 {"id":94,"date":"2016-11-19T14:40:31","date_gmt":"2016-11-19T13:40:31","guid":{"rendered":"http:\/\/rayuelainfancia.desarrollotrevenque.com\/blog\/?p=94"},"modified":"2016-12-14T10:26:49","modified_gmt":"2016-12-14T09:26:49","slug":"el-contador-de-cuentos","status":"publish","type":"post","link":"https:\/\/www.rayuelainfancia.com\/blog\/el-contador-de-cuentos\/","title":{"rendered":"EL CONTADOR DE CUENTOS"},"content":{"rendered":"<p><img loading=\"lazy\" class=\" size-full wp-image-765\" style=\"display: block; margin-left: auto; margin-right: auto;\" src=\"http:\/\/rayuelainfancia.desarrollotrevenque.com\/blog\/wp-content\/uploads\/2009\/02\/elContador_portada.jpg\" alt=\"elContador portada\" width=\"529\" height=\"300\" srcset=\"https:\/\/www.rayuelainfancia.com\/blog\/wp-content\/uploads\/2009\/02\/elContador_portada.jpg 600w, https:\/\/www.rayuelainfancia.com\/blog\/wp-content\/uploads\/2009\/02\/elContador_portada-300x170.jpg 300w\" sizes=\"(max-width: 529px) 100vw, 529px\" \/><\/p>\n<p>Estamos en un vag\u00f3n de tren en el que todo discurre con naturalidad. En \u00e9l, un se\u00f1or leyendo el peri\u00f3dico viaja solo y frente a \u00e9l, una se\u00f1ora, t\u00eda de dos ni\u00f1as y un ni\u00f1o que no paran de jugar y revolotear por el vag\u00f3n. La t\u00eda, al borde de perder la paciencia<\/p>\n<p>se puso a contarles un cuento con moralina de ni\u00f1as buenas que son recompensadas por su bondad. El cuento les result\u00f3 tan aburrido y de tan bajo inter\u00e9s que hasta el se\u00f1or de al lado sali\u00f3 de detr\u00e1s de su peri\u00f3dico y se atrevi\u00f3 a contarles uno. Empez\u00f3 como empezaban los cuentos de la t\u00eda, con lo que el inter\u00e9s de los ni\u00f1os decreci\u00f3 de momento hasta que pronunci\u00f3 en su relato las palabras que abrieron las puertas de la intriga: la ni\u00f1a del cuento era HORRIBLEMENTE buena&#8230;.<\/p>\n<p>En <strong>El contador de Cuentos<\/strong>, nos sentiremos impresionados por la agudeza del lenguaje y el gusto por lo pol\u00edticamente incorrecto. Es una clara apuesta por derribar la literatura para ni\u00f1os impregnada de didactismo, edulcorada, \u00f1o\u00f1a, a la que, sin duda, su autor considera no literatura y que deriva de la comprensi\u00f3n de que ni\u00f1as y ni\u00f1os son tontos y est\u00e1n inmersos en un mundo inferior, no tan rico como el nuestro.<\/p>\n<p>[issuu width=420 height=113 shareMenuEnabled=false backgroundColor=%23222222 documentId=110810161230-f720440a231b4b9b81fa59608cd39980 name=el_contador username=ekare tag=hojas%20sueltas unit=px id=d57e90d2-91ba-8de2-54fa-cfaf5c79e051 v=2]<\/p>\n<p><strong>Saki <\/strong>, pseud\u00f3nimo del autor de este relato, fue un excelente cuentista, novelista y dramaturgo brit\u00e1nico que vivi\u00f3 a finales del XIX y principios del XX. Sus cuentos se caraterizaron por recrear ir\u00f3nicamente la sociedad y cultura inglesa del momento.<\/p>\n<p>Esta edici\u00f3n de <strong>Ekar\u00e9 <\/strong>es nueva, muy reciente y est\u00e1 bellamente ilustrada&nbsp; Alba Marina Rivera. El formato del libro es rectangular, un aut\u00e9ntico vag\u00f3n de tren de la \u00e9poca de Saki ; lo completa funda con troqueles en las ventanillas del tren para guardar el libro.<\/p>\n<p>Lo recomendamos para todas las edades, para todos los que queramos gozar de buena literatura.<\/p>\n","protected":false},"excerpt":{"rendered":"<p>Estamos en un vag\u00f3n de tren en el que todo discurre con naturalidad. En \u00e9l, un se\u00f1or leyendo el peri\u00f3dico viaja solo y frente a \u00e9l, una se\u00f1ora, t\u00eda de dos ni\u00f1as y un ni\u00f1o que no paran de jugar y revolotear por el vag\u00f3n. La t\u00eda, al borde de perder la paciencia se puso [&hellip;]<\/p>\n","protected":false},"author":3,"featured_media":765,"comment_status":"open","ping_status":"open","sticky":false,"template":"","format":"standard","meta":[],"categories":[18],"tags":[],"yoast_head":"<!-- This site is optimized with the Yoast SEO plugin v18.5.1 - https:\/\/yoast.com\/wordpress\/plugins\/seo\/ -->\n<title>EL CONTADOR DE CUENTOS &#8902; Blog de Rayuelainfancia<\/title>\n<meta name=\"robots\" content=\"index, follow, max-snippet:-1, max-image-preview:large, max-video-preview:-1\" \/>\n<link rel=\"canonical\" href=\"https:\/\/www.rayuelainfancia.com\/blog\/el-contador-de-cuentos\/\" \/>\n<meta property=\"og:locale\" content=\"es_ES\" \/>\n<meta property=\"og:type\" content=\"article\" \/>\n<meta property=\"og:title\" content=\"EL CONTADOR DE CUENTOS &#8902; Blog de Rayuelainfancia\" \/>\n<meta property=\"og:description\" content=\"Estamos en un vag\u00f3n de tren en el que todo discurre con naturalidad. En \u00e9l, un se\u00f1or leyendo el peri\u00f3dico viaja solo y frente a \u00e9l, una se\u00f1ora, t\u00eda de dos ni\u00f1as y un ni\u00f1o que no paran de jugar y revolotear por el vag\u00f3n. La t\u00eda, al borde de perder la paciencia se puso [&hellip;]\" \/>\n<meta property=\"og:url\" content=\"https:\/\/www.rayuelainfancia.com\/blog\/el-contador-de-cuentos\/\" \/>\n<meta property=\"og:site_name\" content=\"Blog de Rayuelainfancia\" \/>\n<meta property=\"article:publisher\" content=\"https:\/\/www.facebook.com\/pages\/Librer\u00eda-Rayuela\/251861686361\" \/>\n<meta property=\"article:published_time\" content=\"2016-11-19T13:40:31+00:00\" \/>\n<meta property=\"article:modified_time\" content=\"2016-12-14T09:26:49+00:00\" \/>\n<meta property=\"og:image\" content=\"https:\/\/www.rayuelainfancia.com\/blog\/wp-content\/uploads\/2009\/02\/elContador_portada.jpg\" \/>\n\t<meta property=\"og:image:width\" content=\"600\" \/>\n\t<meta property=\"og:image:height\" content=\"340\" \/>\n\t<meta property=\"og:image:type\" content=\"image\/jpeg\" \/>\n<meta name=\"twitter:card\" content=\"summary\" \/>\n<meta name=\"twitter:creator\" content=\"@Rayuelainfancia\" \/>\n<meta name=\"twitter:site\" content=\"@Rayuelainfancia\" \/>\n<meta name=\"twitter:label1\" content=\"Written by\" \/>\n\t<meta name=\"twitter:data1\" content=\"Miguel Escalera Nieto\" \/>\n\t<meta name=\"twitter:label2\" content=\"Est. reading time\" \/>\n\t<meta name=\"twitter:data2\" content=\"2 minutos\" \/>\n<script type=\"application\/ld+json\" class=\"yoast-schema-graph\">{\"@context\":\"https:\/\/schema.org\",\"@graph\":[{\"@type\":\"Organization\",\"@id\":\"https:\/\/www.rayuelainfancia.com\/blog\/#organization\",\"name\":\"Rayuelainfancia\",\"url\":\"https:\/\/www.rayuelainfancia.com\/blog\/\",\"sameAs\":[\"https:\/\/www.facebook.com\/pages\/Librer\u00eda-Rayuela\/251861686361\",\"https:\/\/www.youtube.com\/channel\/UCddVaoDjpTp-DexyEVoyazQ\",\"https:\/\/twitter.com\/Rayuelainfancia\"],\"logo\":{\"@type\":\"ImageObject\",\"@id\":\"https:\/\/www.rayuelainfancia.com\/blog\/#logo\",\"inLanguage\":\"es\",\"url\":\"https:\/\/www.rayuelainfancia.com\/blog\/wp-content\/uploads\/2018\/06\/logo-rayuelainfancia-color-corporativo.png\",\"contentUrl\":\"https:\/\/www.rayuelainfancia.com\/blog\/wp-content\/uploads\/2018\/06\/logo-rayuelainfancia-color-corporativo.png\",\"width\":1200,\"height\":680,\"caption\":\"Rayuelainfancia\"},\"image\":{\"@id\":\"https:\/\/www.rayuelainfancia.com\/blog\/#logo\"}},{\"@type\":\"WebSite\",\"@id\":\"https:\/\/www.rayuelainfancia.com\/blog\/#website\",\"url\":\"https:\/\/www.rayuelainfancia.com\/blog\/\",\"name\":\"Blog de Rayuelainfancia\",\"description\":\"Libros infantiles y juegos educaticos respestuosos con la infancia\",\"publisher\":{\"@id\":\"https:\/\/www.rayuelainfancia.com\/blog\/#organization\"},\"potentialAction\":[{\"@type\":\"SearchAction\",\"target\":{\"@type\":\"EntryPoint\",\"urlTemplate\":\"https:\/\/www.rayuelainfancia.com\/blog\/?s={search_term_string}\"},\"query-input\":\"required name=search_term_string\"}],\"inLanguage\":\"es\"},{\"@type\":\"ImageObject\",\"@id\":\"https:\/\/www.rayuelainfancia.com\/blog\/el-contador-de-cuentos\/#primaryimage\",\"inLanguage\":\"es\",\"url\":\"https:\/\/www.rayuelainfancia.com\/blog\/wp-content\/uploads\/2009\/02\/elContador_portada.jpg\",\"contentUrl\":\"https:\/\/www.rayuelainfancia.com\/blog\/wp-content\/uploads\/2009\/02\/elContador_portada.jpg\",\"width\":600,\"height\":340,\"caption\":\"elContador portada\"},{\"@type\":\"WebPage\",\"@id\":\"https:\/\/www.rayuelainfancia.com\/blog\/el-contador-de-cuentos\/#webpage\",\"url\":\"https:\/\/www.rayuelainfancia.com\/blog\/el-contador-de-cuentos\/\",\"name\":\"EL CONTADOR DE CUENTOS &#8902; Blog de Rayuelainfancia\",\"isPartOf\":{\"@id\":\"https:\/\/www.rayuelainfancia.com\/blog\/#website\"},\"primaryImageOfPage\":{\"@id\":\"https:\/\/www.rayuelainfancia.com\/blog\/el-contador-de-cuentos\/#primaryimage\"},\"datePublished\":\"2016-11-19T13:40:31+00:00\",\"dateModified\":\"2016-12-14T09:26:49+00:00\",\"breadcrumb\":{\"@id\":\"https:\/\/www.rayuelainfancia.com\/blog\/el-contador-de-cuentos\/#breadcrumb\"},\"inLanguage\":\"es\",\"potentialAction\":[{\"@type\":\"ReadAction\",\"target\":[\"https:\/\/www.rayuelainfancia.com\/blog\/el-contador-de-cuentos\/\"]}]},{\"@type\":\"BreadcrumbList\",\"@id\":\"https:\/\/www.rayuelainfancia.com\/blog\/el-contador-de-cuentos\/#breadcrumb\",\"itemListElement\":[{\"@type\":\"ListItem\",\"position\":1,\"name\":\"Portada\",\"item\":\"https:\/\/www.rayuelainfancia.com\/blog\/\"},{\"@type\":\"ListItem\",\"position\":2,\"name\":\"EL CONTADOR DE CUENTOS\"}]},{\"@type\":\"Article\",\"@id\":\"https:\/\/www.rayuelainfancia.com\/blog\/el-contador-de-cuentos\/#article\",\"isPartOf\":{\"@id\":\"https:\/\/www.rayuelainfancia.com\/blog\/el-contador-de-cuentos\/#webpage\"},\"author\":{\"@id\":\"https:\/\/www.rayuelainfancia.com\/blog\/#\/schema\/person\/41147ec5e3c2cc1be6e2c4520a099ebb\"},\"headline\":\"EL CONTADOR DE CUENTOS\",\"datePublished\":\"2016-11-19T13:40:31+00:00\",\"dateModified\":\"2016-12-14T09:26:49+00:00\",\"mainEntityOfPage\":{\"@id\":\"https:\/\/www.rayuelainfancia.com\/blog\/el-contador-de-cuentos\/#webpage\"},\"wordCount\":383,\"commentCount\":1,\"publisher\":{\"@id\":\"https:\/\/www.rayuelainfancia.com\/blog\/#organization\"},\"image\":{\"@id\":\"https:\/\/www.rayuelainfancia.com\/blog\/el-contador-de-cuentos\/#primaryimage\"},\"thumbnailUrl\":\"https:\/\/www.rayuelainfancia.com\/blog\/wp-content\/uploads\/2009\/02\/elContador_portada.jpg\",\"articleSection\":[\"Actividades Cuentacuentos\"],\"inLanguage\":\"es\",\"potentialAction\":[{\"@type\":\"CommentAction\",\"name\":\"Comment\",\"target\":[\"https:\/\/www.rayuelainfancia.com\/blog\/el-contador-de-cuentos\/#respond\"]}]},{\"@type\":\"Person\",\"@id\":\"https:\/\/www.rayuelainfancia.com\/blog\/#\/schema\/person\/41147ec5e3c2cc1be6e2c4520a099ebb\",\"name\":\"Miguel Escalera Nieto\",\"image\":{\"@type\":\"ImageObject\",\"@id\":\"https:\/\/www.rayuelainfancia.com\/blog\/#personlogo\",\"inLanguage\":\"es\",\"url\":\"https:\/\/secure.gravatar.com\/avatar\/73bd613c804680e46df318e272f0e837?s=96&d=mm&r=g\",\"contentUrl\":\"https:\/\/secure.gravatar.com\/avatar\/73bd613c804680e46df318e272f0e837?s=96&d=mm&r=g\",\"caption\":\"Miguel Escalera Nieto\"}}]}<\/script>\n<!-- \/ Yoast SEO plugin. -->","yoast_head_json":{"title":"EL CONTADOR DE CUENTOS &#8902; Blog de Rayuelainfancia","robots":{"index":"index","follow":"follow","max-snippet":"max-snippet:-1","max-image-preview":"max-image-preview:large","max-video-preview":"max-video-preview:-1"},"canonical":"https:\/\/www.rayuelainfancia.com\/blog\/el-contador-de-cuentos\/","og_locale":"es_ES","og_type":"article","og_title":"EL CONTADOR DE CUENTOS &#8902; Blog de Rayuelainfancia","og_description":"Estamos en un vag\u00f3n de tren en el que todo discurre con naturalidad. En \u00e9l, un se\u00f1or leyendo el peri\u00f3dico viaja solo y frente a \u00e9l, una se\u00f1ora, t\u00eda de dos ni\u00f1as y un ni\u00f1o que no paran de jugar y revolotear por el vag\u00f3n. La t\u00eda, al borde de perder la paciencia se puso [&hellip;]","og_url":"https:\/\/www.rayuelainfancia.com\/blog\/el-contador-de-cuentos\/","og_site_name":"Blog de Rayuelainfancia","article_publisher":"https:\/\/www.facebook.com\/pages\/Librer\u00eda-Rayuela\/251861686361","article_published_time":"2016-11-19T13:40:31+00:00","article_modified_time":"2016-12-14T09:26:49+00:00","og_image":[{"width":600,"height":340,"url":"https:\/\/www.rayuelainfancia.com\/blog\/wp-content\/uploads\/2009\/02\/elContador_portada.jpg","type":"image\/jpeg"}],"twitter_card":"summary","twitter_creator":"@Rayuelainfancia","twitter_site":"@Rayuelainfancia","twitter_misc":{"Written by":"Miguel Escalera Nieto","Est. reading time":"2 minutos"},"schema":{"@context":"https:\/\/schema.org","@graph":[{"@type":"Organization","@id":"https:\/\/www.rayuelainfancia.com\/blog\/#organization","name":"Rayuelainfancia","url":"https:\/\/www.rayuelainfancia.com\/blog\/","sameAs":["https:\/\/www.facebook.com\/pages\/Librer\u00eda-Rayuela\/251861686361","https:\/\/www.youtube.com\/channel\/UCddVaoDjpTp-DexyEVoyazQ","https:\/\/twitter.com\/Rayuelainfancia"],"logo":{"@type":"ImageObject","@id":"https:\/\/www.rayuelainfancia.com\/blog\/#logo","inLanguage":"es","url":"https:\/\/www.rayuelainfancia.com\/blog\/wp-content\/uploads\/2018\/06\/logo-rayuelainfancia-color-corporativo.png","contentUrl":"https:\/\/www.rayuelainfancia.com\/blog\/wp-content\/uploads\/2018\/06\/logo-rayuelainfancia-color-corporativo.png","width":1200,"height":680,"caption":"Rayuelainfancia"},"image":{"@id":"https:\/\/www.rayuelainfancia.com\/blog\/#logo"}},{"@type":"WebSite","@id":"https:\/\/www.rayuelainfancia.com\/blog\/#website","url":"https:\/\/www.rayuelainfancia.com\/blog\/","name":"Blog de Rayuelainfancia","description":"Libros infantiles y juegos educaticos respestuosos con la infancia","publisher":{"@id":"https:\/\/www.rayuelainfancia.com\/blog\/#organization"},"potentialAction":[{"@type":"SearchAction","target":{"@type":"EntryPoint","urlTemplate":"https:\/\/www.rayuelainfancia.com\/blog\/?s={search_term_string}"},"query-input":"required name=search_term_string"}],"inLanguage":"es"},{"@type":"ImageObject","@id":"https:\/\/www.rayuelainfancia.com\/blog\/el-contador-de-cuentos\/#primaryimage","inLanguage":"es","url":"https:\/\/www.rayuelainfancia.com\/blog\/wp-content\/uploads\/2009\/02\/elContador_portada.jpg","contentUrl":"https:\/\/www.rayuelainfancia.com\/blog\/wp-content\/uploads\/2009\/02\/elContador_portada.jpg","width":600,"height":340,"caption":"elContador portada"},{"@type":"WebPage","@id":"https:\/\/www.rayuelainfancia.com\/blog\/el-contador-de-cuentos\/#webpage","url":"https:\/\/www.rayuelainfancia.com\/blog\/el-contador-de-cuentos\/","name":"EL CONTADOR DE CUENTOS &#8902; Blog de Rayuelainfancia","isPartOf":{"@id":"https:\/\/www.rayuelainfancia.com\/blog\/#website"},"primaryImageOfPage":{"@id":"https:\/\/www.rayuelainfancia.com\/blog\/el-contador-de-cuentos\/#primaryimage"},"datePublished":"2016-11-19T13:40:31+00:00","dateModified":"2016-12-14T09:26:49+00:00","breadcrumb":{"@id":"https:\/\/www.rayuelainfancia.com\/blog\/el-contador-de-cuentos\/#breadcrumb"},"inLanguage":"es","potentialAction":[{"@type":"ReadAction","target":["https:\/\/www.rayuelainfancia.com\/blog\/el-contador-de-cuentos\/"]}]},{"@type":"BreadcrumbList","@id":"https:\/\/www.rayuelainfancia.com\/blog\/el-contador-de-cuentos\/#breadcrumb","itemListElement":[{"@type":"ListItem","position":1,"name":"Portada","item":"https:\/\/www.rayuelainfancia.com\/blog\/"},{"@type":"ListItem","position":2,"name":"EL CONTADOR DE CUENTOS"}]},{"@type":"Article","@id":"https:\/\/www.rayuelainfancia.com\/blog\/el-contador-de-cuentos\/#article","isPartOf":{"@id":"https:\/\/www.rayuelainfancia.com\/blog\/el-contador-de-cuentos\/#webpage"},"author":{"@id":"https:\/\/www.rayuelainfancia.com\/blog\/#\/schema\/person\/41147ec5e3c2cc1be6e2c4520a099ebb"},"headline":"EL CONTADOR DE CUENTOS","datePublished":"2016-11-19T13:40:31+00:00","dateModified":"2016-12-14T09:26:49+00:00","mainEntityOfPage":{"@id":"https:\/\/www.rayuelainfancia.com\/blog\/el-contador-de-cuentos\/#webpage"},"wordCount":383,"commentCount":1,"publisher":{"@id":"https:\/\/www.rayuelainfancia.com\/blog\/#organization"},"image":{"@id":"https:\/\/www.rayuelainfancia.com\/blog\/el-contador-de-cuentos\/#primaryimage"},"thumbnailUrl":"https:\/\/www.rayuelainfancia.com\/blog\/wp-content\/uploads\/2009\/02\/elContador_portada.jpg","articleSection":["Actividades Cuentacuentos"],"inLanguage":"es","potentialAction":[{"@type":"CommentAction","name":"Comment","target":["https:\/\/www.rayuelainfancia.com\/blog\/el-contador-de-cuentos\/#respond"]}]},{"@type":"Person","@id":"https:\/\/www.rayuelainfancia.com\/blog\/#\/schema\/person\/41147ec5e3c2cc1be6e2c4520a099ebb","name":"Miguel Escalera Nieto","image":{"@type":"ImageObject","@id":"https:\/\/www.rayuelainfancia.com\/blog\/#personlogo","inLanguage":"es","url":"https:\/\/secure.gravatar.com\/avatar\/73bd613c804680e46df318e272f0e837?s=96&d=mm&r=g","contentUrl":"https:\/\/secure.gravatar.com\/avatar\/73bd613c804680e46df318e272f0e837?s=96&d=mm&r=g","caption":"Miguel Escalera Nieto"}}]}},"_links":{"self":[{"href":"https:\/\/www.rayuelainfancia.com\/blog\/wp-json\/wp\/v2\/posts\/94"}],"collection":[{"href":"https:\/\/www.rayuelainfancia.com\/blog\/wp-json\/wp\/v2\/posts"}],"about":[{"href":"https:\/\/www.rayuelainfancia.com\/blog\/wp-json\/wp\/v2\/types\/post"}],"author":[{"embeddable":true,"href":"https:\/\/www.rayuelainfancia.com\/blog\/wp-json\/wp\/v2\/users\/3"}],"replies":[{"embeddable":true,"href":"https:\/\/www.rayuelainfancia.com\/blog\/wp-json\/wp\/v2\/comments?post=94"}],"version-history":[{"count":1,"href":"https:\/\/www.rayuelainfancia.com\/blog\/wp-json\/wp\/v2\/posts\/94\/revisions"}],"predecessor-version":[{"id":1161,"href":"https:\/\/www.rayuelainfancia.com\/blog\/wp-json\/wp\/v2\/posts\/94\/revisions\/1161"}],"wp:featuredmedia":[{"embeddable":true,"href":"https:\/\/www.rayuelainfancia.com\/blog\/wp-json\/wp\/v2\/media\/765"}],"wp:attachment":[{"href":"https:\/\/www.rayuelainfancia.com\/blog\/wp-json\/wp\/v2\/media?parent=94"}],"wp:term":[{"taxonomy":"category","embeddable":true,"href":"https:\/\/www.rayuelainfancia.com\/blog\/wp-json\/wp\/v2\/categories?post=94"},{"taxonomy":"post_tag","embeddable":true,"href":"https:\/\/www.rayuelainfancia.com\/blog\/wp-json\/wp\/v2\/tags?post=94"}],"curies":[{"name":"wp","href":"https:\/\/api.w.org\/{rel}","templated":true}]}}