 {"id":82,"date":"2016-11-19T14:44:34","date_gmt":"2016-11-19T13:44:34","guid":{"rendered":"http:\/\/rayuelainfancia.desarrollotrevenque.com\/blog\/?p=82"},"modified":"2016-12-14T10:26:47","modified_gmt":"2016-12-14T09:26:47","slug":"garbancito","status":"publish","type":"post","link":"https:\/\/www.rayuelainfancia.com\/blog\/garbancito\/","title":{"rendered":"GARBANCITO"},"content":{"rendered":"<p style=\"text-align: center;\"><img loading=\"lazy\" class=\" size-full wp-image-752\" src=\"http:\/\/rayuelainfancia.desarrollotrevenque.com\/blog\/wp-content\/uploads\/2008\/12\/garbancito-ES.jpg\" width=\"300\" height=\"300\" alt=\"garbancito-ES\" style=\"border-image: initial; border: 1px solid #000000;\" srcset=\"https:\/\/www.rayuelainfancia.com\/blog\/wp-content\/uploads\/2008\/12\/garbancito-ES.jpg 400w, https:\/\/www.rayuelainfancia.com\/blog\/wp-content\/uploads\/2008\/12\/garbancito-ES-150x150.jpg 150w, https:\/\/www.rayuelainfancia.com\/blog\/wp-content\/uploads\/2008\/12\/garbancito-ES-300x300.jpg 300w, https:\/\/www.rayuelainfancia.com\/blog\/wp-content\/uploads\/2008\/12\/garbancito-ES-60x60.jpg 60w\" sizes=\"(max-width: 300px) 100vw, 300px\" \/><\/p>\n<p><span style=\"font-size: 10pt; font-family: verdana, geneva;\"><em>Pach\u00edn, Pach\u00e1n, Pach\u00f3n, a Garbancito no pis\u00e9is&#8230; Pach\u00edn, pach\u00e1n, pach\u00f3n, mucho cuidado con lo que hac\u00e9is.<\/em><\/span><\/p>\n<p><span style=\"font-size: 10pt; font-family: verdana, geneva;\"><strong><em>Garbancito<\/em><\/strong>, aquel ni\u00f1o tan peque\u00f1o, tan requetepeque\u00f1o que no abultaba m\u00e1s que un garbanzo, &nbsp;se atrev\u00eda a salir solo, a hacer recados, siempre iba alegre y contento, con ganas de explorar, como todos los ni\u00f1os de este mundo, hasta que un d\u00eda, por aquellos naturales riesgos de andar por la vida&#8230;. termin\u00f3 en la barriga de un buey.<\/span><\/p>\n<p><span style=\"font-size: 10pt; font-family: verdana, geneva;\">Un cuento cl\u00e1sico recogido de la tradici\u00f3n oral por varios autores recopiladores que han hecho su propia adaptaci\u00f3n. Uno de los m\u00e1s populares relatos que permanece vigente y actual y que les sigue encantando a nuestros ni\u00f1os porque con Garbancito pueden sentirse tan peque\u00f1os como \u00e9l, tan valientes como \u00e9l y con la protecci\u00f3n familiar que les corresponde, igual que a nuestro protagonista.<\/span><\/p>\n<p><span style=\"font-size: 10pt; font-family: verdana, geneva;\">Esta edici\u00f3n de <strong><em>Garbancito r<\/em><\/strong>eci\u00e9n salida al mercado est\u00e1 adaptada por <strong>Olalla Gonz\u00e1lez<\/strong>, una gallega dedicada por entero a los cuentos y un ilustrador excepcional, <strong>Marc Taeger<\/strong>, un suizo con residencia en Galicia que ha recibido, entre otros, el Premio Daniel Gil de ilustraci\u00f3n.<\/span><\/p>\n<p><span style=\"font-size: 10pt; font-family: verdana, geneva;\">Un garbancito de trazos modernos, como coloreado por ni\u00f1os, muy innovador es el que nos presenta <strong>Kalandraka Andaluc\u00eda Ediciones<\/strong> para que se lo contemos a nuestras ni\u00f1as y ni\u00f1os desde los 3&nbsp; a\u00f1os de edad.<\/span><\/p>\n","protected":false},"excerpt":{"rendered":"<p>Pach\u00edn, Pach\u00e1n, Pach\u00f3n, a Garbancito no pis\u00e9is&#8230; Pach\u00edn, pach\u00e1n, pach\u00f3n, mucho cuidado con lo que hac\u00e9is. Garbancito, aquel ni\u00f1o tan peque\u00f1o, tan requetepeque\u00f1o que no abultaba m\u00e1s que un garbanzo, &nbsp;se atrev\u00eda a salir solo, a hacer recados, siempre iba alegre y contento, con ganas de explorar, como todos los ni\u00f1os de este mundo, hasta [&hellip;]<\/p>\n","protected":false},"author":3,"featured_media":752,"comment_status":"open","ping_status":"open","sticky":false,"template":"","format":"standard","meta":[],"categories":[18],"tags":[],"yoast_head":"<!-- This site is optimized with the Yoast SEO plugin v18.5.1 - https:\/\/yoast.com\/wordpress\/plugins\/seo\/ -->\n<title>GARBANCITO &#8902; Blog de Rayuelainfancia<\/title>\n<meta name=\"robots\" content=\"index, follow, max-snippet:-1, max-image-preview:large, max-video-preview:-1\" \/>\n<link rel=\"canonical\" href=\"https:\/\/www.rayuelainfancia.com\/blog\/garbancito\/\" \/>\n<meta property=\"og:locale\" content=\"es_ES\" \/>\n<meta property=\"og:type\" content=\"article\" \/>\n<meta property=\"og:title\" content=\"GARBANCITO &#8902; Blog de Rayuelainfancia\" \/>\n<meta property=\"og:description\" content=\"Pach\u00edn, Pach\u00e1n, Pach\u00f3n, a Garbancito no pis\u00e9is&#8230; Pach\u00edn, pach\u00e1n, pach\u00f3n, mucho cuidado con lo que hac\u00e9is. Garbancito, aquel ni\u00f1o tan peque\u00f1o, tan requetepeque\u00f1o que no abultaba m\u00e1s que un garbanzo, &nbsp;se atrev\u00eda a salir solo, a hacer recados, siempre iba alegre y contento, con ganas de explorar, como todos los ni\u00f1os de este mundo, hasta [&hellip;]\" \/>\n<meta property=\"og:url\" content=\"https:\/\/www.rayuelainfancia.com\/blog\/garbancito\/\" \/>\n<meta property=\"og:site_name\" content=\"Blog de Rayuelainfancia\" \/>\n<meta property=\"article:publisher\" content=\"https:\/\/www.facebook.com\/pages\/Librer\u00eda-Rayuela\/251861686361\" \/>\n<meta property=\"article:published_time\" content=\"2016-11-19T13:44:34+00:00\" \/>\n<meta property=\"article:modified_time\" content=\"2016-12-14T09:26:47+00:00\" \/>\n<meta property=\"og:image\" content=\"https:\/\/www.rayuelainfancia.com\/blog\/wp-content\/uploads\/2008\/12\/garbancito-ES.jpg\" \/>\n\t<meta property=\"og:image:width\" content=\"400\" \/>\n\t<meta property=\"og:image:height\" content=\"400\" \/>\n\t<meta property=\"og:image:type\" content=\"image\/jpeg\" \/>\n<meta name=\"twitter:card\" content=\"summary\" \/>\n<meta name=\"twitter:creator\" content=\"@Rayuelainfancia\" \/>\n<meta name=\"twitter:site\" content=\"@Rayuelainfancia\" \/>\n<meta name=\"twitter:label1\" content=\"Written by\" \/>\n\t<meta name=\"twitter:data1\" content=\"Miguel Escalera Nieto\" \/>\n\t<meta name=\"twitter:label2\" content=\"Est. reading time\" \/>\n\t<meta name=\"twitter:data2\" content=\"1 minuto\" \/>\n<script type=\"application\/ld+json\" class=\"yoast-schema-graph\">{\"@context\":\"https:\/\/schema.org\",\"@graph\":[{\"@type\":\"Organization\",\"@id\":\"https:\/\/www.rayuelainfancia.com\/blog\/#organization\",\"name\":\"Rayuelainfancia\",\"url\":\"https:\/\/www.rayuelainfancia.com\/blog\/\",\"sameAs\":[\"https:\/\/www.facebook.com\/pages\/Librer\u00eda-Rayuela\/251861686361\",\"https:\/\/www.youtube.com\/channel\/UCddVaoDjpTp-DexyEVoyazQ\",\"https:\/\/twitter.com\/Rayuelainfancia\"],\"logo\":{\"@type\":\"ImageObject\",\"@id\":\"https:\/\/www.rayuelainfancia.com\/blog\/#logo\",\"inLanguage\":\"es\",\"url\":\"https:\/\/www.rayuelainfancia.com\/blog\/wp-content\/uploads\/2018\/06\/logo-rayuelainfancia-color-corporativo.png\",\"contentUrl\":\"https:\/\/www.rayuelainfancia.com\/blog\/wp-content\/uploads\/2018\/06\/logo-rayuelainfancia-color-corporativo.png\",\"width\":1200,\"height\":680,\"caption\":\"Rayuelainfancia\"},\"image\":{\"@id\":\"https:\/\/www.rayuelainfancia.com\/blog\/#logo\"}},{\"@type\":\"WebSite\",\"@id\":\"https:\/\/www.rayuelainfancia.com\/blog\/#website\",\"url\":\"https:\/\/www.rayuelainfancia.com\/blog\/\",\"name\":\"Blog de Rayuelainfancia\",\"description\":\"Libros infantiles y juegos educaticos respestuosos con la infancia\",\"publisher\":{\"@id\":\"https:\/\/www.rayuelainfancia.com\/blog\/#organization\"},\"potentialAction\":[{\"@type\":\"SearchAction\",\"target\":{\"@type\":\"EntryPoint\",\"urlTemplate\":\"https:\/\/www.rayuelainfancia.com\/blog\/?s={search_term_string}\"},\"query-input\":\"required name=search_term_string\"}],\"inLanguage\":\"es\"},{\"@type\":\"ImageObject\",\"@id\":\"https:\/\/www.rayuelainfancia.com\/blog\/garbancito\/#primaryimage\",\"inLanguage\":\"es\",\"url\":\"https:\/\/www.rayuelainfancia.com\/blog\/wp-content\/uploads\/2008\/12\/garbancito-ES.jpg\",\"contentUrl\":\"https:\/\/www.rayuelainfancia.com\/blog\/wp-content\/uploads\/2008\/12\/garbancito-ES.jpg\",\"width\":400,\"height\":400,\"caption\":\"garbancito-ES\"},{\"@type\":\"WebPage\",\"@id\":\"https:\/\/www.rayuelainfancia.com\/blog\/garbancito\/#webpage\",\"url\":\"https:\/\/www.rayuelainfancia.com\/blog\/garbancito\/\",\"name\":\"GARBANCITO &#8902; Blog de Rayuelainfancia\",\"isPartOf\":{\"@id\":\"https:\/\/www.rayuelainfancia.com\/blog\/#website\"},\"primaryImageOfPage\":{\"@id\":\"https:\/\/www.rayuelainfancia.com\/blog\/garbancito\/#primaryimage\"},\"datePublished\":\"2016-11-19T13:44:34+00:00\",\"dateModified\":\"2016-12-14T09:26:47+00:00\",\"breadcrumb\":{\"@id\":\"https:\/\/www.rayuelainfancia.com\/blog\/garbancito\/#breadcrumb\"},\"inLanguage\":\"es\",\"potentialAction\":[{\"@type\":\"ReadAction\",\"target\":[\"https:\/\/www.rayuelainfancia.com\/blog\/garbancito\/\"]}]},{\"@type\":\"BreadcrumbList\",\"@id\":\"https:\/\/www.rayuelainfancia.com\/blog\/garbancito\/#breadcrumb\",\"itemListElement\":[{\"@type\":\"ListItem\",\"position\":1,\"name\":\"Portada\",\"item\":\"https:\/\/www.rayuelainfancia.com\/blog\/\"},{\"@type\":\"ListItem\",\"position\":2,\"name\":\"GARBANCITO\"}]},{\"@type\":\"Article\",\"@id\":\"https:\/\/www.rayuelainfancia.com\/blog\/garbancito\/#article\",\"isPartOf\":{\"@id\":\"https:\/\/www.rayuelainfancia.com\/blog\/garbancito\/#webpage\"},\"author\":{\"@id\":\"https:\/\/www.rayuelainfancia.com\/blog\/#\/schema\/person\/41147ec5e3c2cc1be6e2c4520a099ebb\"},\"headline\":\"GARBANCITO\",\"datePublished\":\"2016-11-19T13:44:34+00:00\",\"dateModified\":\"2016-12-14T09:26:47+00:00\",\"mainEntityOfPage\":{\"@id\":\"https:\/\/www.rayuelainfancia.com\/blog\/garbancito\/#webpage\"},\"wordCount\":249,\"commentCount\":0,\"publisher\":{\"@id\":\"https:\/\/www.rayuelainfancia.com\/blog\/#organization\"},\"image\":{\"@id\":\"https:\/\/www.rayuelainfancia.com\/blog\/garbancito\/#primaryimage\"},\"thumbnailUrl\":\"https:\/\/www.rayuelainfancia.com\/blog\/wp-content\/uploads\/2008\/12\/garbancito-ES.jpg\",\"articleSection\":[\"Actividades Cuentacuentos\"],\"inLanguage\":\"es\",\"potentialAction\":[{\"@type\":\"CommentAction\",\"name\":\"Comment\",\"target\":[\"https:\/\/www.rayuelainfancia.com\/blog\/garbancito\/#respond\"]}]},{\"@type\":\"Person\",\"@id\":\"https:\/\/www.rayuelainfancia.com\/blog\/#\/schema\/person\/41147ec5e3c2cc1be6e2c4520a099ebb\",\"name\":\"Miguel Escalera Nieto\",\"image\":{\"@type\":\"ImageObject\",\"@id\":\"https:\/\/www.rayuelainfancia.com\/blog\/#personlogo\",\"inLanguage\":\"es\",\"url\":\"https:\/\/secure.gravatar.com\/avatar\/73bd613c804680e46df318e272f0e837?s=96&d=mm&r=g\",\"contentUrl\":\"https:\/\/secure.gravatar.com\/avatar\/73bd613c804680e46df318e272f0e837?s=96&d=mm&r=g\",\"caption\":\"Miguel Escalera Nieto\"}}]}<\/script>\n<!-- \/ Yoast SEO plugin. -->","yoast_head_json":{"title":"GARBANCITO &#8902; Blog de Rayuelainfancia","robots":{"index":"index","follow":"follow","max-snippet":"max-snippet:-1","max-image-preview":"max-image-preview:large","max-video-preview":"max-video-preview:-1"},"canonical":"https:\/\/www.rayuelainfancia.com\/blog\/garbancito\/","og_locale":"es_ES","og_type":"article","og_title":"GARBANCITO &#8902; Blog de Rayuelainfancia","og_description":"Pach\u00edn, Pach\u00e1n, Pach\u00f3n, a Garbancito no pis\u00e9is&#8230; Pach\u00edn, pach\u00e1n, pach\u00f3n, mucho cuidado con lo que hac\u00e9is. Garbancito, aquel ni\u00f1o tan peque\u00f1o, tan requetepeque\u00f1o que no abultaba m\u00e1s que un garbanzo, &nbsp;se atrev\u00eda a salir solo, a hacer recados, siempre iba alegre y contento, con ganas de explorar, como todos los ni\u00f1os de este mundo, hasta [&hellip;]","og_url":"https:\/\/www.rayuelainfancia.com\/blog\/garbancito\/","og_site_name":"Blog de Rayuelainfancia","article_publisher":"https:\/\/www.facebook.com\/pages\/Librer\u00eda-Rayuela\/251861686361","article_published_time":"2016-11-19T13:44:34+00:00","article_modified_time":"2016-12-14T09:26:47+00:00","og_image":[{"width":400,"height":400,"url":"https:\/\/www.rayuelainfancia.com\/blog\/wp-content\/uploads\/2008\/12\/garbancito-ES.jpg","type":"image\/jpeg"}],"twitter_card":"summary","twitter_creator":"@Rayuelainfancia","twitter_site":"@Rayuelainfancia","twitter_misc":{"Written by":"Miguel Escalera Nieto","Est. reading time":"1 minuto"},"schema":{"@context":"https:\/\/schema.org","@graph":[{"@type":"Organization","@id":"https:\/\/www.rayuelainfancia.com\/blog\/#organization","name":"Rayuelainfancia","url":"https:\/\/www.rayuelainfancia.com\/blog\/","sameAs":["https:\/\/www.facebook.com\/pages\/Librer\u00eda-Rayuela\/251861686361","https:\/\/www.youtube.com\/channel\/UCddVaoDjpTp-DexyEVoyazQ","https:\/\/twitter.com\/Rayuelainfancia"],"logo":{"@type":"ImageObject","@id":"https:\/\/www.rayuelainfancia.com\/blog\/#logo","inLanguage":"es","url":"https:\/\/www.rayuelainfancia.com\/blog\/wp-content\/uploads\/2018\/06\/logo-rayuelainfancia-color-corporativo.png","contentUrl":"https:\/\/www.rayuelainfancia.com\/blog\/wp-content\/uploads\/2018\/06\/logo-rayuelainfancia-color-corporativo.png","width":1200,"height":680,"caption":"Rayuelainfancia"},"image":{"@id":"https:\/\/www.rayuelainfancia.com\/blog\/#logo"}},{"@type":"WebSite","@id":"https:\/\/www.rayuelainfancia.com\/blog\/#website","url":"https:\/\/www.rayuelainfancia.com\/blog\/","name":"Blog de Rayuelainfancia","description":"Libros infantiles y juegos educaticos respestuosos con la infancia","publisher":{"@id":"https:\/\/www.rayuelainfancia.com\/blog\/#organization"},"potentialAction":[{"@type":"SearchAction","target":{"@type":"EntryPoint","urlTemplate":"https:\/\/www.rayuelainfancia.com\/blog\/?s={search_term_string}"},"query-input":"required name=search_term_string"}],"inLanguage":"es"},{"@type":"ImageObject","@id":"https:\/\/www.rayuelainfancia.com\/blog\/garbancito\/#primaryimage","inLanguage":"es","url":"https:\/\/www.rayuelainfancia.com\/blog\/wp-content\/uploads\/2008\/12\/garbancito-ES.jpg","contentUrl":"https:\/\/www.rayuelainfancia.com\/blog\/wp-content\/uploads\/2008\/12\/garbancito-ES.jpg","width":400,"height":400,"caption":"garbancito-ES"},{"@type":"WebPage","@id":"https:\/\/www.rayuelainfancia.com\/blog\/garbancito\/#webpage","url":"https:\/\/www.rayuelainfancia.com\/blog\/garbancito\/","name":"GARBANCITO &#8902; Blog de Rayuelainfancia","isPartOf":{"@id":"https:\/\/www.rayuelainfancia.com\/blog\/#website"},"primaryImageOfPage":{"@id":"https:\/\/www.rayuelainfancia.com\/blog\/garbancito\/#primaryimage"},"datePublished":"2016-11-19T13:44:34+00:00","dateModified":"2016-12-14T09:26:47+00:00","breadcrumb":{"@id":"https:\/\/www.rayuelainfancia.com\/blog\/garbancito\/#breadcrumb"},"inLanguage":"es","potentialAction":[{"@type":"ReadAction","target":["https:\/\/www.rayuelainfancia.com\/blog\/garbancito\/"]}]},{"@type":"BreadcrumbList","@id":"https:\/\/www.rayuelainfancia.com\/blog\/garbancito\/#breadcrumb","itemListElement":[{"@type":"ListItem","position":1,"name":"Portada","item":"https:\/\/www.rayuelainfancia.com\/blog\/"},{"@type":"ListItem","position":2,"name":"GARBANCITO"}]},{"@type":"Article","@id":"https:\/\/www.rayuelainfancia.com\/blog\/garbancito\/#article","isPartOf":{"@id":"https:\/\/www.rayuelainfancia.com\/blog\/garbancito\/#webpage"},"author":{"@id":"https:\/\/www.rayuelainfancia.com\/blog\/#\/schema\/person\/41147ec5e3c2cc1be6e2c4520a099ebb"},"headline":"GARBANCITO","datePublished":"2016-11-19T13:44:34+00:00","dateModified":"2016-12-14T09:26:47+00:00","mainEntityOfPage":{"@id":"https:\/\/www.rayuelainfancia.com\/blog\/garbancito\/#webpage"},"wordCount":249,"commentCount":0,"publisher":{"@id":"https:\/\/www.rayuelainfancia.com\/blog\/#organization"},"image":{"@id":"https:\/\/www.rayuelainfancia.com\/blog\/garbancito\/#primaryimage"},"thumbnailUrl":"https:\/\/www.rayuelainfancia.com\/blog\/wp-content\/uploads\/2008\/12\/garbancito-ES.jpg","articleSection":["Actividades Cuentacuentos"],"inLanguage":"es","potentialAction":[{"@type":"CommentAction","name":"Comment","target":["https:\/\/www.rayuelainfancia.com\/blog\/garbancito\/#respond"]}]},{"@type":"Person","@id":"https:\/\/www.rayuelainfancia.com\/blog\/#\/schema\/person\/41147ec5e3c2cc1be6e2c4520a099ebb","name":"Miguel Escalera Nieto","image":{"@type":"ImageObject","@id":"https:\/\/www.rayuelainfancia.com\/blog\/#personlogo","inLanguage":"es","url":"https:\/\/secure.gravatar.com\/avatar\/73bd613c804680e46df318e272f0e837?s=96&d=mm&r=g","contentUrl":"https:\/\/secure.gravatar.com\/avatar\/73bd613c804680e46df318e272f0e837?s=96&d=mm&r=g","caption":"Miguel Escalera Nieto"}}]}},"_links":{"self":[{"href":"https:\/\/www.rayuelainfancia.com\/blog\/wp-json\/wp\/v2\/posts\/82"}],"collection":[{"href":"https:\/\/www.rayuelainfancia.com\/blog\/wp-json\/wp\/v2\/posts"}],"about":[{"href":"https:\/\/www.rayuelainfancia.com\/blog\/wp-json\/wp\/v2\/types\/post"}],"author":[{"embeddable":true,"href":"https:\/\/www.rayuelainfancia.com\/blog\/wp-json\/wp\/v2\/users\/3"}],"replies":[{"embeddable":true,"href":"https:\/\/www.rayuelainfancia.com\/blog\/wp-json\/wp\/v2\/comments?post=82"}],"version-history":[{"count":1,"href":"https:\/\/www.rayuelainfancia.com\/blog\/wp-json\/wp\/v2\/posts\/82\/revisions"}],"predecessor-version":[{"id":1170,"href":"https:\/\/www.rayuelainfancia.com\/blog\/wp-json\/wp\/v2\/posts\/82\/revisions\/1170"}],"wp:featuredmedia":[{"embeddable":true,"href":"https:\/\/www.rayuelainfancia.com\/blog\/wp-json\/wp\/v2\/media\/752"}],"wp:attachment":[{"href":"https:\/\/www.rayuelainfancia.com\/blog\/wp-json\/wp\/v2\/media?parent=82"}],"wp:term":[{"taxonomy":"category","embeddable":true,"href":"https:\/\/www.rayuelainfancia.com\/blog\/wp-json\/wp\/v2\/categories?post=82"},{"taxonomy":"post_tag","embeddable":true,"href":"https:\/\/www.rayuelainfancia.com\/blog\/wp-json\/wp\/v2\/tags?post=82"}],"curies":[{"name":"wp","href":"https:\/\/api.w.org\/{rel}","templated":true}]}}