 {"id":624,"date":"2016-05-06T10:12:02","date_gmt":"2016-05-06T08:12:02","guid":{"rendered":"http:\/\/rayuelainfancia.desarrollotrevenque.com\/blog\/fin-de-semana-fin-de-feria-del-libro\/"},"modified":"2016-05-06T10:12:02","modified_gmt":"2016-05-06T08:12:02","slug":"fin-de-semana-fin-de-feria-del-libro","status":"publish","type":"post","link":"https:\/\/www.rayuelainfancia.com\/blog\/fin-de-semana-fin-de-feria-del-libro\/","title":{"rendered":"FIN DE SEMANA, FIN DE FERIA DEL LIBRO"},"content":{"rendered":"<p>Ll\u00e9vate un libro firmado por su autor, por su autora, y reg\u00e1latelo o reg\u00e1laselo a tu hija, a tu sobrino, a tu nieta, a&#8230;<\/p>\n<p>Adem\u00e1s de un hermoso recuerdo, toda una experiencia ponerle cara y voz a tanta y tanta aventura vivida a trav\u00e9s de sus historias.<\/p>\n<p>\u00a1Una bonita oportunidad!<\/p>\n<p><strong>Viernes 6 de Mayo<\/strong>, a las 19:00, en la P\u00e9rgola: Di\u00e1logos sobre literatura juvenil: \u00abLa aventura de las palabras\u00bb, a cargo de Eliacer Cansino y Manuel Garrido, organizada por nosotros y moderada por Sonia Dominguez (<a href=\"http:\/\/letrasanfibias.com\/\">blog letras anfibias<\/a>). Un amen\u00edsimo y sugerente di\u00e1logo.<\/p>\n<p><strong>S\u00e1bado 7 de Mayo<\/strong>, a las 12:00 <br \/>Jos\u00e9 Antonio Ram\u00edrez Lozano, autor de narrativa infantil y juvenil y de poes\u00eda. Un escritor con numerosos premios en su haber (el \u00faltimo, Premio Lazarillo por \u00abLengua de Gato\u00bb) y autor de la tierra, firmar\u00e1 sus libros en la Caseta de Rayuela n\u00ba33<\/p>\n<p><img loading=\"lazy\" class=\" size-full wp-image-1042\" alt=\"lozano\" src=\"http:\/\/rayuelainfancia.desarrollotrevenque.com\/blog\/wp-content\/uploads\/2016\/05\/lozano.jpg\" height=\"326\" width=\"450\" srcset=\"https:\/\/www.rayuelainfancia.com\/blog\/wp-content\/uploads\/2016\/05\/lozano.jpg 630w, https:\/\/www.rayuelainfancia.com\/blog\/wp-content\/uploads\/2016\/05\/lozano-300x217.jpg 300w\" sizes=\"(max-width: 450px) 100vw, 450px\" \/><\/p>\n<p><strong>S\u00e1bado 7 de Mayo<\/strong>, a las 13:00<br \/>Antonio Rodriguez Almod\u00f3var. Premio Nacional de Literatura infantil y juvenil, entre otros muchos, y tambi\u00e9n autor de la tierra, firmar\u00e1 el conjunto de su obra en la Caseta de Rayuela, n\u00aa33.<\/p>\n<p>&nbsp;<img loading=\"lazy\" class=\" size-full wp-image-1043\" alt=\"bosque-suenos\" src=\"http:\/\/rayuelainfancia.desarrollotrevenque.com\/blog\/wp-content\/uploads\/2016\/05\/bosque-suenos.jpg\" height=\"624\" width=\"450\" srcset=\"https:\/\/www.rayuelainfancia.com\/blog\/wp-content\/uploads\/2016\/05\/bosque-suenos.jpg 1000w, https:\/\/www.rayuelainfancia.com\/blog\/wp-content\/uploads\/2016\/05\/bosque-suenos-216x300.jpg 216w, https:\/\/www.rayuelainfancia.com\/blog\/wp-content\/uploads\/2016\/05\/bosque-suenos-768x1064.jpg 768w, https:\/\/www.rayuelainfancia.com\/blog\/wp-content\/uploads\/2016\/05\/bosque-suenos-739x1024.jpg 739w\" sizes=\"(max-width: 450px) 100vw, 450px\" \/><\/p>\n<p><strong>S\u00e1bado a las 13:30<\/strong>, en la P\u00e9rgola: Mesa redonda sobre literatura infantil: \u00abLa imaginaci\u00f3n es el lugar\u00bb, organizada y moderada por Sonia Dominguez (<a href=\"http:\/\/letrasanfibias.com\/\">blog letras anfibias<\/a>). All\u00ed estaremos (Lola Gallardo), junto a Raquel D\u00edaz Reguera, Juan Arjona y Aicia Bulul\u00fa, en la intenci\u00f3n de reabrir debate sobre este tema.<\/p>\n<p><strong>Domingo 8 de Mayo<\/strong>, a las 12:00<br \/>Julia Sanandr\u00e9s, autora de la tierra, firmar\u00e1 su primer relato \u00abSecretos de Az\u00facar\u00bb.<\/p>\n<p><img loading=\"lazy\" class=\" size-full wp-image-1044\" alt=\"secretos de azucar cubierta\" src=\"http:\/\/rayuelainfancia.desarrollotrevenque.com\/blog\/wp-content\/uploads\/2016\/05\/secretos_de_azucar_cubierta.jpg\" height=\"245\" width=\"160\" \/><\/p>\n<p><img loading=\"lazy\" class=\" size-full wp-image-1035\" alt=\"feria-libro-sevilla-2016-cartel\" src=\"http:\/\/rayuelainfancia.desarrollotrevenque.com\/blog\/wp-content\/uploads\/2016\/04\/feria-libro-sevilla-2016-cartel.jpg\" height=\"1133\" width=\"630\" \/><\/p>\n","protected":false},"excerpt":{"rendered":"<p>Ll\u00e9vate un libro firmado por su autor, por su autora, y reg\u00e1latelo o reg\u00e1laselo a tu hija, a tu sobrino, a tu nieta, a&#8230; Adem\u00e1s de un hermoso recuerdo, toda una experiencia ponerle cara y voz a tanta y tanta aventura vivida a trav\u00e9s de sus historias. \u00a1Una bonita oportunidad! Viernes 6 de Mayo, a [&hellip;]<\/p>\n","protected":false},"author":3,"featured_media":1042,"comment_status":"open","ping_status":"open","sticky":false,"template":"","format":"standard","meta":[],"categories":[18],"tags":[],"yoast_head":"<!-- This site is optimized with the Yoast SEO plugin v18.5.1 - https:\/\/yoast.com\/wordpress\/plugins\/seo\/ -->\n<title>FIN DE SEMANA, FIN DE FERIA DEL LIBRO &#8902; Blog de Rayuelainfancia<\/title>\n<meta name=\"robots\" content=\"index, follow, max-snippet:-1, max-image-preview:large, max-video-preview:-1\" \/>\n<link rel=\"canonical\" href=\"https:\/\/www.rayuelainfancia.com\/blog\/fin-de-semana-fin-de-feria-del-libro\/\" \/>\n<meta property=\"og:locale\" content=\"es_ES\" \/>\n<meta property=\"og:type\" content=\"article\" \/>\n<meta property=\"og:title\" content=\"FIN DE SEMANA, FIN DE FERIA DEL LIBRO &#8902; Blog de Rayuelainfancia\" \/>\n<meta property=\"og:description\" content=\"Ll\u00e9vate un libro firmado por su autor, por su autora, y reg\u00e1latelo o reg\u00e1laselo a tu hija, a tu sobrino, a tu nieta, a&#8230; Adem\u00e1s de un hermoso recuerdo, toda una experiencia ponerle cara y voz a tanta y tanta aventura vivida a trav\u00e9s de sus historias. \u00a1Una bonita oportunidad! Viernes 6 de Mayo, a [&hellip;]\" \/>\n<meta property=\"og:url\" content=\"https:\/\/www.rayuelainfancia.com\/blog\/fin-de-semana-fin-de-feria-del-libro\/\" \/>\n<meta property=\"og:site_name\" content=\"Blog de Rayuelainfancia\" \/>\n<meta property=\"article:publisher\" content=\"https:\/\/www.facebook.com\/pages\/Librer\u00eda-Rayuela\/251861686361\" \/>\n<meta property=\"article:published_time\" content=\"2016-05-06T08:12:02+00:00\" \/>\n<meta property=\"og:image\" content=\"https:\/\/www.rayuelainfancia.com\/blog\/wp-content\/uploads\/2016\/05\/lozano.jpg\" \/>\n\t<meta property=\"og:image:width\" content=\"630\" \/>\n\t<meta property=\"og:image:height\" content=\"455\" \/>\n\t<meta property=\"og:image:type\" content=\"image\/jpeg\" \/>\n<meta name=\"twitter:card\" content=\"summary\" \/>\n<meta name=\"twitter:creator\" content=\"@Rayuelainfancia\" \/>\n<meta name=\"twitter:site\" content=\"@Rayuelainfancia\" \/>\n<meta name=\"twitter:label1\" content=\"Written by\" \/>\n\t<meta name=\"twitter:data1\" content=\"Miguel Escalera Nieto\" \/>\n\t<meta name=\"twitter:label2\" content=\"Est. reading time\" \/>\n\t<meta name=\"twitter:data2\" content=\"1 minuto\" \/>\n<script type=\"application\/ld+json\" class=\"yoast-schema-graph\">{\"@context\":\"https:\/\/schema.org\",\"@graph\":[{\"@type\":\"Organization\",\"@id\":\"https:\/\/www.rayuelainfancia.com\/blog\/#organization\",\"name\":\"Rayuelainfancia\",\"url\":\"https:\/\/www.rayuelainfancia.com\/blog\/\",\"sameAs\":[\"https:\/\/www.facebook.com\/pages\/Librer\u00eda-Rayuela\/251861686361\",\"https:\/\/www.youtube.com\/channel\/UCddVaoDjpTp-DexyEVoyazQ\",\"https:\/\/twitter.com\/Rayuelainfancia\"],\"logo\":{\"@type\":\"ImageObject\",\"@id\":\"https:\/\/www.rayuelainfancia.com\/blog\/#logo\",\"inLanguage\":\"es\",\"url\":\"https:\/\/www.rayuelainfancia.com\/blog\/wp-content\/uploads\/2018\/06\/logo-rayuelainfancia-color-corporativo.png\",\"contentUrl\":\"https:\/\/www.rayuelainfancia.com\/blog\/wp-content\/uploads\/2018\/06\/logo-rayuelainfancia-color-corporativo.png\",\"width\":1200,\"height\":680,\"caption\":\"Rayuelainfancia\"},\"image\":{\"@id\":\"https:\/\/www.rayuelainfancia.com\/blog\/#logo\"}},{\"@type\":\"WebSite\",\"@id\":\"https:\/\/www.rayuelainfancia.com\/blog\/#website\",\"url\":\"https:\/\/www.rayuelainfancia.com\/blog\/\",\"name\":\"Blog de Rayuelainfancia\",\"description\":\"Libros infantiles y juegos educaticos respestuosos con la infancia\",\"publisher\":{\"@id\":\"https:\/\/www.rayuelainfancia.com\/blog\/#organization\"},\"potentialAction\":[{\"@type\":\"SearchAction\",\"target\":{\"@type\":\"EntryPoint\",\"urlTemplate\":\"https:\/\/www.rayuelainfancia.com\/blog\/?s={search_term_string}\"},\"query-input\":\"required name=search_term_string\"}],\"inLanguage\":\"es\"},{\"@type\":\"ImageObject\",\"@id\":\"https:\/\/www.rayuelainfancia.com\/blog\/fin-de-semana-fin-de-feria-del-libro\/#primaryimage\",\"inLanguage\":\"es\",\"url\":\"https:\/\/www.rayuelainfancia.com\/blog\/wp-content\/uploads\/2016\/05\/lozano.jpg\",\"contentUrl\":\"https:\/\/www.rayuelainfancia.com\/blog\/wp-content\/uploads\/2016\/05\/lozano.jpg\",\"width\":630,\"height\":455,\"caption\":\"lozano\"},{\"@type\":\"WebPage\",\"@id\":\"https:\/\/www.rayuelainfancia.com\/blog\/fin-de-semana-fin-de-feria-del-libro\/#webpage\",\"url\":\"https:\/\/www.rayuelainfancia.com\/blog\/fin-de-semana-fin-de-feria-del-libro\/\",\"name\":\"FIN DE SEMANA, FIN DE FERIA DEL LIBRO &#8902; Blog de Rayuelainfancia\",\"isPartOf\":{\"@id\":\"https:\/\/www.rayuelainfancia.com\/blog\/#website\"},\"primaryImageOfPage\":{\"@id\":\"https:\/\/www.rayuelainfancia.com\/blog\/fin-de-semana-fin-de-feria-del-libro\/#primaryimage\"},\"datePublished\":\"2016-05-06T08:12:02+00:00\",\"dateModified\":\"2016-05-06T08:12:02+00:00\",\"breadcrumb\":{\"@id\":\"https:\/\/www.rayuelainfancia.com\/blog\/fin-de-semana-fin-de-feria-del-libro\/#breadcrumb\"},\"inLanguage\":\"es\",\"potentialAction\":[{\"@type\":\"ReadAction\",\"target\":[\"https:\/\/www.rayuelainfancia.com\/blog\/fin-de-semana-fin-de-feria-del-libro\/\"]}]},{\"@type\":\"BreadcrumbList\",\"@id\":\"https:\/\/www.rayuelainfancia.com\/blog\/fin-de-semana-fin-de-feria-del-libro\/#breadcrumb\",\"itemListElement\":[{\"@type\":\"ListItem\",\"position\":1,\"name\":\"Portada\",\"item\":\"https:\/\/www.rayuelainfancia.com\/blog\/\"},{\"@type\":\"ListItem\",\"position\":2,\"name\":\"FIN DE SEMANA, FIN DE FERIA DEL LIBRO\"}]},{\"@type\":\"Article\",\"@id\":\"https:\/\/www.rayuelainfancia.com\/blog\/fin-de-semana-fin-de-feria-del-libro\/#article\",\"isPartOf\":{\"@id\":\"https:\/\/www.rayuelainfancia.com\/blog\/fin-de-semana-fin-de-feria-del-libro\/#webpage\"},\"author\":{\"@id\":\"https:\/\/www.rayuelainfancia.com\/blog\/#\/schema\/person\/41147ec5e3c2cc1be6e2c4520a099ebb\"},\"headline\":\"FIN DE SEMANA, FIN DE FERIA DEL LIBRO\",\"datePublished\":\"2016-05-06T08:12:02+00:00\",\"dateModified\":\"2016-05-06T08:12:02+00:00\",\"mainEntityOfPage\":{\"@id\":\"https:\/\/www.rayuelainfancia.com\/blog\/fin-de-semana-fin-de-feria-del-libro\/#webpage\"},\"wordCount\":272,\"commentCount\":0,\"publisher\":{\"@id\":\"https:\/\/www.rayuelainfancia.com\/blog\/#organization\"},\"image\":{\"@id\":\"https:\/\/www.rayuelainfancia.com\/blog\/fin-de-semana-fin-de-feria-del-libro\/#primaryimage\"},\"thumbnailUrl\":\"https:\/\/www.rayuelainfancia.com\/blog\/wp-content\/uploads\/2016\/05\/lozano.jpg\",\"articleSection\":[\"Actividades Cuentacuentos\"],\"inLanguage\":\"es\",\"potentialAction\":[{\"@type\":\"CommentAction\",\"name\":\"Comment\",\"target\":[\"https:\/\/www.rayuelainfancia.com\/blog\/fin-de-semana-fin-de-feria-del-libro\/#respond\"]}]},{\"@type\":\"Person\",\"@id\":\"https:\/\/www.rayuelainfancia.com\/blog\/#\/schema\/person\/41147ec5e3c2cc1be6e2c4520a099ebb\",\"name\":\"Miguel Escalera Nieto\",\"image\":{\"@type\":\"ImageObject\",\"@id\":\"https:\/\/www.rayuelainfancia.com\/blog\/#personlogo\",\"inLanguage\":\"es\",\"url\":\"https:\/\/secure.gravatar.com\/avatar\/73bd613c804680e46df318e272f0e837?s=96&d=mm&r=g\",\"contentUrl\":\"https:\/\/secure.gravatar.com\/avatar\/73bd613c804680e46df318e272f0e837?s=96&d=mm&r=g\",\"caption\":\"Miguel Escalera Nieto\"}}]}<\/script>\n<!-- \/ Yoast SEO plugin. -->","yoast_head_json":{"title":"FIN DE SEMANA, FIN DE FERIA DEL LIBRO &#8902; Blog de Rayuelainfancia","robots":{"index":"index","follow":"follow","max-snippet":"max-snippet:-1","max-image-preview":"max-image-preview:large","max-video-preview":"max-video-preview:-1"},"canonical":"https:\/\/www.rayuelainfancia.com\/blog\/fin-de-semana-fin-de-feria-del-libro\/","og_locale":"es_ES","og_type":"article","og_title":"FIN DE SEMANA, FIN DE FERIA DEL LIBRO &#8902; Blog de Rayuelainfancia","og_description":"Ll\u00e9vate un libro firmado por su autor, por su autora, y reg\u00e1latelo o reg\u00e1laselo a tu hija, a tu sobrino, a tu nieta, a&#8230; Adem\u00e1s de un hermoso recuerdo, toda una experiencia ponerle cara y voz a tanta y tanta aventura vivida a trav\u00e9s de sus historias. \u00a1Una bonita oportunidad! Viernes 6 de Mayo, a [&hellip;]","og_url":"https:\/\/www.rayuelainfancia.com\/blog\/fin-de-semana-fin-de-feria-del-libro\/","og_site_name":"Blog de Rayuelainfancia","article_publisher":"https:\/\/www.facebook.com\/pages\/Librer\u00eda-Rayuela\/251861686361","article_published_time":"2016-05-06T08:12:02+00:00","og_image":[{"width":630,"height":455,"url":"https:\/\/www.rayuelainfancia.com\/blog\/wp-content\/uploads\/2016\/05\/lozano.jpg","type":"image\/jpeg"}],"twitter_card":"summary","twitter_creator":"@Rayuelainfancia","twitter_site":"@Rayuelainfancia","twitter_misc":{"Written by":"Miguel Escalera Nieto","Est. reading time":"1 minuto"},"schema":{"@context":"https:\/\/schema.org","@graph":[{"@type":"Organization","@id":"https:\/\/www.rayuelainfancia.com\/blog\/#organization","name":"Rayuelainfancia","url":"https:\/\/www.rayuelainfancia.com\/blog\/","sameAs":["https:\/\/www.facebook.com\/pages\/Librer\u00eda-Rayuela\/251861686361","https:\/\/www.youtube.com\/channel\/UCddVaoDjpTp-DexyEVoyazQ","https:\/\/twitter.com\/Rayuelainfancia"],"logo":{"@type":"ImageObject","@id":"https:\/\/www.rayuelainfancia.com\/blog\/#logo","inLanguage":"es","url":"https:\/\/www.rayuelainfancia.com\/blog\/wp-content\/uploads\/2018\/06\/logo-rayuelainfancia-color-corporativo.png","contentUrl":"https:\/\/www.rayuelainfancia.com\/blog\/wp-content\/uploads\/2018\/06\/logo-rayuelainfancia-color-corporativo.png","width":1200,"height":680,"caption":"Rayuelainfancia"},"image":{"@id":"https:\/\/www.rayuelainfancia.com\/blog\/#logo"}},{"@type":"WebSite","@id":"https:\/\/www.rayuelainfancia.com\/blog\/#website","url":"https:\/\/www.rayuelainfancia.com\/blog\/","name":"Blog de Rayuelainfancia","description":"Libros infantiles y juegos educaticos respestuosos con la infancia","publisher":{"@id":"https:\/\/www.rayuelainfancia.com\/blog\/#organization"},"potentialAction":[{"@type":"SearchAction","target":{"@type":"EntryPoint","urlTemplate":"https:\/\/www.rayuelainfancia.com\/blog\/?s={search_term_string}"},"query-input":"required name=search_term_string"}],"inLanguage":"es"},{"@type":"ImageObject","@id":"https:\/\/www.rayuelainfancia.com\/blog\/fin-de-semana-fin-de-feria-del-libro\/#primaryimage","inLanguage":"es","url":"https:\/\/www.rayuelainfancia.com\/blog\/wp-content\/uploads\/2016\/05\/lozano.jpg","contentUrl":"https:\/\/www.rayuelainfancia.com\/blog\/wp-content\/uploads\/2016\/05\/lozano.jpg","width":630,"height":455,"caption":"lozano"},{"@type":"WebPage","@id":"https:\/\/www.rayuelainfancia.com\/blog\/fin-de-semana-fin-de-feria-del-libro\/#webpage","url":"https:\/\/www.rayuelainfancia.com\/blog\/fin-de-semana-fin-de-feria-del-libro\/","name":"FIN DE SEMANA, FIN DE FERIA DEL LIBRO &#8902; Blog de Rayuelainfancia","isPartOf":{"@id":"https:\/\/www.rayuelainfancia.com\/blog\/#website"},"primaryImageOfPage":{"@id":"https:\/\/www.rayuelainfancia.com\/blog\/fin-de-semana-fin-de-feria-del-libro\/#primaryimage"},"datePublished":"2016-05-06T08:12:02+00:00","dateModified":"2016-05-06T08:12:02+00:00","breadcrumb":{"@id":"https:\/\/www.rayuelainfancia.com\/blog\/fin-de-semana-fin-de-feria-del-libro\/#breadcrumb"},"inLanguage":"es","potentialAction":[{"@type":"ReadAction","target":["https:\/\/www.rayuelainfancia.com\/blog\/fin-de-semana-fin-de-feria-del-libro\/"]}]},{"@type":"BreadcrumbList","@id":"https:\/\/www.rayuelainfancia.com\/blog\/fin-de-semana-fin-de-feria-del-libro\/#breadcrumb","itemListElement":[{"@type":"ListItem","position":1,"name":"Portada","item":"https:\/\/www.rayuelainfancia.com\/blog\/"},{"@type":"ListItem","position":2,"name":"FIN DE SEMANA, FIN DE FERIA DEL LIBRO"}]},{"@type":"Article","@id":"https:\/\/www.rayuelainfancia.com\/blog\/fin-de-semana-fin-de-feria-del-libro\/#article","isPartOf":{"@id":"https:\/\/www.rayuelainfancia.com\/blog\/fin-de-semana-fin-de-feria-del-libro\/#webpage"},"author":{"@id":"https:\/\/www.rayuelainfancia.com\/blog\/#\/schema\/person\/41147ec5e3c2cc1be6e2c4520a099ebb"},"headline":"FIN DE SEMANA, FIN DE FERIA DEL LIBRO","datePublished":"2016-05-06T08:12:02+00:00","dateModified":"2016-05-06T08:12:02+00:00","mainEntityOfPage":{"@id":"https:\/\/www.rayuelainfancia.com\/blog\/fin-de-semana-fin-de-feria-del-libro\/#webpage"},"wordCount":272,"commentCount":0,"publisher":{"@id":"https:\/\/www.rayuelainfancia.com\/blog\/#organization"},"image":{"@id":"https:\/\/www.rayuelainfancia.com\/blog\/fin-de-semana-fin-de-feria-del-libro\/#primaryimage"},"thumbnailUrl":"https:\/\/www.rayuelainfancia.com\/blog\/wp-content\/uploads\/2016\/05\/lozano.jpg","articleSection":["Actividades Cuentacuentos"],"inLanguage":"es","potentialAction":[{"@type":"CommentAction","name":"Comment","target":["https:\/\/www.rayuelainfancia.com\/blog\/fin-de-semana-fin-de-feria-del-libro\/#respond"]}]},{"@type":"Person","@id":"https:\/\/www.rayuelainfancia.com\/blog\/#\/schema\/person\/41147ec5e3c2cc1be6e2c4520a099ebb","name":"Miguel Escalera Nieto","image":{"@type":"ImageObject","@id":"https:\/\/www.rayuelainfancia.com\/blog\/#personlogo","inLanguage":"es","url":"https:\/\/secure.gravatar.com\/avatar\/73bd613c804680e46df318e272f0e837?s=96&d=mm&r=g","contentUrl":"https:\/\/secure.gravatar.com\/avatar\/73bd613c804680e46df318e272f0e837?s=96&d=mm&r=g","caption":"Miguel Escalera Nieto"}}]}},"_links":{"self":[{"href":"https:\/\/www.rayuelainfancia.com\/blog\/wp-json\/wp\/v2\/posts\/624"}],"collection":[{"href":"https:\/\/www.rayuelainfancia.com\/blog\/wp-json\/wp\/v2\/posts"}],"about":[{"href":"https:\/\/www.rayuelainfancia.com\/blog\/wp-json\/wp\/v2\/types\/post"}],"author":[{"embeddable":true,"href":"https:\/\/www.rayuelainfancia.com\/blog\/wp-json\/wp\/v2\/users\/3"}],"replies":[{"embeddable":true,"href":"https:\/\/www.rayuelainfancia.com\/blog\/wp-json\/wp\/v2\/comments?post=624"}],"version-history":[{"count":0,"href":"https:\/\/www.rayuelainfancia.com\/blog\/wp-json\/wp\/v2\/posts\/624\/revisions"}],"wp:featuredmedia":[{"embeddable":true,"href":"https:\/\/www.rayuelainfancia.com\/blog\/wp-json\/wp\/v2\/media\/1042"}],"wp:attachment":[{"href":"https:\/\/www.rayuelainfancia.com\/blog\/wp-json\/wp\/v2\/media?parent=624"}],"wp:term":[{"taxonomy":"category","embeddable":true,"href":"https:\/\/www.rayuelainfancia.com\/blog\/wp-json\/wp\/v2\/categories?post=624"},{"taxonomy":"post_tag","embeddable":true,"href":"https:\/\/www.rayuelainfancia.com\/blog\/wp-json\/wp\/v2\/tags?post=624"}],"curies":[{"name":"wp","href":"https:\/\/api.w.org\/{rel}","templated":true}]}}