 {"id":622,"date":"2016-04-29T12:46:42","date_gmt":"2016-04-29T10:46:42","guid":{"rendered":"http:\/\/rayuelainfancia.desarrollotrevenque.com\/blog\/fin-de-semana-en-la-feria-del-libro\/"},"modified":"2016-04-29T12:46:42","modified_gmt":"2016-04-29T10:46:42","slug":"fin-de-semana-en-la-feria-del-libro","status":"publish","type":"post","link":"https:\/\/www.rayuelainfancia.com\/blog\/fin-de-semana-en-la-feria-del-libro\/","title":{"rendered":"FIN DE SEMANA (en la Feria del Libro)"},"content":{"rendered":"<p>Ll\u00e9vate un libro firmado por su autor, por su autora, y reg\u00e1latelo o reg\u00e1laselo a tu hija, a tu sobrino, a tu nieta, a&#8230; <\/p>\n<p>Adem\u00e1s de un hermoso recuerdo, toda una experiencia ponerle cara y voz a tanta y tanta aventura vivida a trav\u00e9s de sus historias.<\/p>\n<p>\u00a1Una estupenda oportunidad te espera!<\/p>\n<p> S\u00e1bado 30, a las 12:30<br \/> Miguel Cerro, autor-ilustrador de \u00abDespu\u00e9s de la lluvia\u00bb, Premio Compostela de \u00c1lbum ilustrado y autor de la tierra, cordob\u00e9s para m\u00e1s se\u00f1as, firmar\u00e1 sus libros en la Caseta de Kalandraka, n\u00ba34.<\/p>\n<p><img loading=\"lazy\" src=\"http:\/\/www.rayuelatiendaonline.com\/images_tiny\/despues-de-lluvia-kalandraka-miguel-cerro.jpg\" height=\"275\" width=\"206\" \/> <img loading=\"lazy\" src=\"http:\/\/www.rayuelatiendaonline.com\/images_tiny\/despues-de-lluvia-kalandraka.jpg\" height=\"275\" width=\"350\" \/><\/p>\n<p> S\u00e1bado 30, a las 13:00<br \/> Eliacer Cansino, prestigioso autor de novela juvenil. Premio Nacional de Literatura infantil y juvenil y tambi\u00e9n autor de la tierra, firmar\u00e1 el conjunto de su obra en la Caseta de Rayuela, n\u00aa33.<\/p>\n<p> <img loading=\"lazy\" class=\" size-full wp-image-1037\" alt=\"Una-habitaci\u00f3n-en-Babel.-Eliacer-Cansino\" src=\"http:\/\/rayuelainfancia.desarrollotrevenque.com\/blog\/wp-content\/uploads\/2016\/04\/Una-habitaci%C3%B3n-en-Babel.-Eliacer-Cansino.jpg\" height=\"275\" width=\"183\" \/> <img loading=\"lazy\" class=\" size-full wp-image-1038\" alt=\"9788469601105\" src=\"http:\/\/rayuelainfancia.desarrollotrevenque.com\/blog\/wp-content\/uploads\/2016\/04\/9788469601105.jpg\" height=\"275\" width=\"177\" srcset=\"https:\/\/www.rayuelainfancia.com\/blog\/wp-content\/uploads\/2016\/04\/9788469601105.jpg 285w, https:\/\/www.rayuelainfancia.com\/blog\/wp-content\/uploads\/2016\/04\/9788469601105-193x300.jpg 193w\" sizes=\"(max-width: 177px) 100vw, 177px\" \/> <img loading=\"lazy\" class=\" size-full wp-image-1039\" alt=\"el misterio velazquez\" src=\"http:\/\/rayuelainfancia.desarrollotrevenque.com\/blog\/wp-content\/uploads\/2016\/04\/el_misterio_velazquez.jpg\" height=\"275\" width=\"168\" srcset=\"https:\/\/www.rayuelainfancia.com\/blog\/wp-content\/uploads\/2016\/04\/el_misterio_velazquez.jpg 306w, https:\/\/www.rayuelainfancia.com\/blog\/wp-content\/uploads\/2016\/04\/el_misterio_velazquez-184x300.jpg 184w\" sizes=\"(max-width: 168px) 100vw, 168px\" \/><\/p>\n<p> Domingo 1 de Mayo,&nbsp; a las 12:30<br \/> P\u00e9peperez contar\u00e1 en la P\u00e9rgola \u00abCuentos de la abuela Dolores\u00bb, una sesi\u00f3n de historias que nos har\u00e1 recordar al famoso escritor Roald Dahl, como homenaje en el centenario de su nacimiento. Cuentos de animales parlantes, de gigantes, de poderes m\u00e1gicos&#8230; pero sobretodo de brujas, de brujas de las de verdad.<span style=\"color: #ff0000;\" color=\"#ff0000\"> <br \/><\/span><\/p>\n<p><span style=\"color: #ff0000;\" color=\"#ff0000\"><img loading=\"lazy\" class=\" size-full wp-image-1040\" alt=\"penguin random house 2014 logo detail white\" src=\"http:\/\/rayuelainfancia.desarrollotrevenque.com\/blog\/wp-content\/uploads\/2016\/04\/penguin_random_house_2014_logo_detail_white.png\" height=\"135\" width=\"250\" srcset=\"https:\/\/www.rayuelainfancia.com\/blog\/wp-content\/uploads\/2016\/04\/penguin_random_house_2014_logo_detail_white.png 1000w, https:\/\/www.rayuelainfancia.com\/blog\/wp-content\/uploads\/2016\/04\/penguin_random_house_2014_logo_detail_white-300x161.png 300w, https:\/\/www.rayuelainfancia.com\/blog\/wp-content\/uploads\/2016\/04\/penguin_random_house_2014_logo_detail_white-768x413.png 768w\" sizes=\"(max-width: 250px) 100vw, 250px\" \/> &nbsp; <img loading=\"lazy\" class=\" size-full wp-image-1041\" alt=\"logo rayuela\" src=\"http:\/\/rayuelainfancia.desarrollotrevenque.com\/blog\/wp-content\/uploads\/2016\/04\/logo_rayuela.jpg\" height=\"79\" width=\"250\" srcset=\"https:\/\/www.rayuelainfancia.com\/blog\/wp-content\/uploads\/2016\/04\/logo_rayuela.jpg 500w, https:\/\/www.rayuelainfancia.com\/blog\/wp-content\/uploads\/2016\/04\/logo_rayuela-300x94.jpg 300w\" sizes=\"(max-width: 250px) 100vw, 250px\" \/><br \/><\/span><\/p>\n","protected":false},"excerpt":{"rendered":"<p>Ll\u00e9vate un libro firmado por su autor, por su autora, y reg\u00e1latelo o reg\u00e1laselo a tu hija, a tu sobrino, a tu nieta, a&#8230; Adem\u00e1s de un hermoso recuerdo, toda una experiencia ponerle cara y voz a tanta y tanta aventura vivida a trav\u00e9s de sus historias. \u00a1Una estupenda oportunidad te espera! S\u00e1bado 30, a [&hellip;]<\/p>\n","protected":false},"author":3,"featured_media":0,"comment_status":"open","ping_status":"open","sticky":false,"template":"","format":"standard","meta":[],"categories":[18],"tags":[],"yoast_head":"<!-- This site is optimized with the Yoast SEO plugin v18.5.1 - https:\/\/yoast.com\/wordpress\/plugins\/seo\/ -->\n<title>FIN DE SEMANA (en la Feria del Libro) &#8902; Blog de Rayuelainfancia<\/title>\n<meta name=\"robots\" content=\"index, follow, max-snippet:-1, max-image-preview:large, max-video-preview:-1\" \/>\n<link rel=\"canonical\" href=\"https:\/\/www.rayuelainfancia.com\/blog\/fin-de-semana-en-la-feria-del-libro\/\" \/>\n<meta property=\"og:locale\" content=\"es_ES\" \/>\n<meta property=\"og:type\" content=\"article\" \/>\n<meta property=\"og:title\" content=\"FIN DE SEMANA (en la Feria del Libro) &#8902; Blog de Rayuelainfancia\" \/>\n<meta property=\"og:description\" content=\"Ll\u00e9vate un libro firmado por su autor, por su autora, y reg\u00e1latelo o reg\u00e1laselo a tu hija, a tu sobrino, a tu nieta, a&#8230; Adem\u00e1s de un hermoso recuerdo, toda una experiencia ponerle cara y voz a tanta y tanta aventura vivida a trav\u00e9s de sus historias. \u00a1Una estupenda oportunidad te espera! S\u00e1bado 30, a [&hellip;]\" \/>\n<meta property=\"og:url\" content=\"https:\/\/www.rayuelainfancia.com\/blog\/fin-de-semana-en-la-feria-del-libro\/\" \/>\n<meta property=\"og:site_name\" content=\"Blog de Rayuelainfancia\" \/>\n<meta property=\"article:publisher\" content=\"https:\/\/www.facebook.com\/pages\/Librer\u00eda-Rayuela\/251861686361\" \/>\n<meta property=\"article:published_time\" content=\"2016-04-29T10:46:42+00:00\" \/>\n<meta property=\"og:image\" content=\"http:\/\/www.rayuelatiendaonline.com\/images_tiny\/despues-de-lluvia-kalandraka-miguel-cerro.jpg\" \/>\n<meta name=\"twitter:card\" content=\"summary\" \/>\n<meta name=\"twitter:creator\" content=\"@Rayuelainfancia\" \/>\n<meta name=\"twitter:site\" content=\"@Rayuelainfancia\" \/>\n<meta name=\"twitter:label1\" content=\"Written by\" \/>\n\t<meta name=\"twitter:data1\" content=\"Miguel Escalera Nieto\" \/>\n\t<meta name=\"twitter:label2\" content=\"Est. reading time\" \/>\n\t<meta name=\"twitter:data2\" content=\"1 minuto\" \/>\n<script type=\"application\/ld+json\" class=\"yoast-schema-graph\">{\"@context\":\"https:\/\/schema.org\",\"@graph\":[{\"@type\":\"Organization\",\"@id\":\"https:\/\/www.rayuelainfancia.com\/blog\/#organization\",\"name\":\"Rayuelainfancia\",\"url\":\"https:\/\/www.rayuelainfancia.com\/blog\/\",\"sameAs\":[\"https:\/\/www.facebook.com\/pages\/Librer\u00eda-Rayuela\/251861686361\",\"https:\/\/www.youtube.com\/channel\/UCddVaoDjpTp-DexyEVoyazQ\",\"https:\/\/twitter.com\/Rayuelainfancia\"],\"logo\":{\"@type\":\"ImageObject\",\"@id\":\"https:\/\/www.rayuelainfancia.com\/blog\/#logo\",\"inLanguage\":\"es\",\"url\":\"https:\/\/www.rayuelainfancia.com\/blog\/wp-content\/uploads\/2018\/06\/logo-rayuelainfancia-color-corporativo.png\",\"contentUrl\":\"https:\/\/www.rayuelainfancia.com\/blog\/wp-content\/uploads\/2018\/06\/logo-rayuelainfancia-color-corporativo.png\",\"width\":1200,\"height\":680,\"caption\":\"Rayuelainfancia\"},\"image\":{\"@id\":\"https:\/\/www.rayuelainfancia.com\/blog\/#logo\"}},{\"@type\":\"WebSite\",\"@id\":\"https:\/\/www.rayuelainfancia.com\/blog\/#website\",\"url\":\"https:\/\/www.rayuelainfancia.com\/blog\/\",\"name\":\"Blog de Rayuelainfancia\",\"description\":\"Libros infantiles y juegos educaticos respestuosos con la infancia\",\"publisher\":{\"@id\":\"https:\/\/www.rayuelainfancia.com\/blog\/#organization\"},\"potentialAction\":[{\"@type\":\"SearchAction\",\"target\":{\"@type\":\"EntryPoint\",\"urlTemplate\":\"https:\/\/www.rayuelainfancia.com\/blog\/?s={search_term_string}\"},\"query-input\":\"required name=search_term_string\"}],\"inLanguage\":\"es\"},{\"@type\":\"ImageObject\",\"@id\":\"https:\/\/www.rayuelainfancia.com\/blog\/fin-de-semana-en-la-feria-del-libro\/#primaryimage\",\"inLanguage\":\"es\",\"url\":\"http:\/\/www.rayuelatiendaonline.com\/images_tiny\/despues-de-lluvia-kalandraka-miguel-cerro.jpg\",\"contentUrl\":\"http:\/\/www.rayuelatiendaonline.com\/images_tiny\/despues-de-lluvia-kalandraka-miguel-cerro.jpg\"},{\"@type\":\"WebPage\",\"@id\":\"https:\/\/www.rayuelainfancia.com\/blog\/fin-de-semana-en-la-feria-del-libro\/#webpage\",\"url\":\"https:\/\/www.rayuelainfancia.com\/blog\/fin-de-semana-en-la-feria-del-libro\/\",\"name\":\"FIN DE SEMANA (en la Feria del Libro) &#8902; Blog de Rayuelainfancia\",\"isPartOf\":{\"@id\":\"https:\/\/www.rayuelainfancia.com\/blog\/#website\"},\"primaryImageOfPage\":{\"@id\":\"https:\/\/www.rayuelainfancia.com\/blog\/fin-de-semana-en-la-feria-del-libro\/#primaryimage\"},\"datePublished\":\"2016-04-29T10:46:42+00:00\",\"dateModified\":\"2016-04-29T10:46:42+00:00\",\"breadcrumb\":{\"@id\":\"https:\/\/www.rayuelainfancia.com\/blog\/fin-de-semana-en-la-feria-del-libro\/#breadcrumb\"},\"inLanguage\":\"es\",\"potentialAction\":[{\"@type\":\"ReadAction\",\"target\":[\"https:\/\/www.rayuelainfancia.com\/blog\/fin-de-semana-en-la-feria-del-libro\/\"]}]},{\"@type\":\"BreadcrumbList\",\"@id\":\"https:\/\/www.rayuelainfancia.com\/blog\/fin-de-semana-en-la-feria-del-libro\/#breadcrumb\",\"itemListElement\":[{\"@type\":\"ListItem\",\"position\":1,\"name\":\"Portada\",\"item\":\"https:\/\/www.rayuelainfancia.com\/blog\/\"},{\"@type\":\"ListItem\",\"position\":2,\"name\":\"FIN DE SEMANA (en la Feria del Libro)\"}]},{\"@type\":\"Article\",\"@id\":\"https:\/\/www.rayuelainfancia.com\/blog\/fin-de-semana-en-la-feria-del-libro\/#article\",\"isPartOf\":{\"@id\":\"https:\/\/www.rayuelainfancia.com\/blog\/fin-de-semana-en-la-feria-del-libro\/#webpage\"},\"author\":{\"@id\":\"https:\/\/www.rayuelainfancia.com\/blog\/#\/schema\/person\/41147ec5e3c2cc1be6e2c4520a099ebb\"},\"headline\":\"FIN DE SEMANA (en la Feria del Libro)\",\"datePublished\":\"2016-04-29T10:46:42+00:00\",\"dateModified\":\"2016-04-29T10:46:42+00:00\",\"mainEntityOfPage\":{\"@id\":\"https:\/\/www.rayuelainfancia.com\/blog\/fin-de-semana-en-la-feria-del-libro\/#webpage\"},\"wordCount\":202,\"commentCount\":0,\"publisher\":{\"@id\":\"https:\/\/www.rayuelainfancia.com\/blog\/#organization\"},\"image\":{\"@id\":\"https:\/\/www.rayuelainfancia.com\/blog\/fin-de-semana-en-la-feria-del-libro\/#primaryimage\"},\"thumbnailUrl\":\"http:\/\/www.rayuelatiendaonline.com\/images_tiny\/despues-de-lluvia-kalandraka-miguel-cerro.jpg\",\"articleSection\":[\"Actividades Cuentacuentos\"],\"inLanguage\":\"es\",\"potentialAction\":[{\"@type\":\"CommentAction\",\"name\":\"Comment\",\"target\":[\"https:\/\/www.rayuelainfancia.com\/blog\/fin-de-semana-en-la-feria-del-libro\/#respond\"]}]},{\"@type\":\"Person\",\"@id\":\"https:\/\/www.rayuelainfancia.com\/blog\/#\/schema\/person\/41147ec5e3c2cc1be6e2c4520a099ebb\",\"name\":\"Miguel Escalera Nieto\",\"image\":{\"@type\":\"ImageObject\",\"@id\":\"https:\/\/www.rayuelainfancia.com\/blog\/#personlogo\",\"inLanguage\":\"es\",\"url\":\"https:\/\/secure.gravatar.com\/avatar\/73bd613c804680e46df318e272f0e837?s=96&d=mm&r=g\",\"contentUrl\":\"https:\/\/secure.gravatar.com\/avatar\/73bd613c804680e46df318e272f0e837?s=96&d=mm&r=g\",\"caption\":\"Miguel Escalera Nieto\"}}]}<\/script>\n<!-- \/ Yoast SEO plugin. -->","yoast_head_json":{"title":"FIN DE SEMANA (en la Feria del Libro) &#8902; Blog de Rayuelainfancia","robots":{"index":"index","follow":"follow","max-snippet":"max-snippet:-1","max-image-preview":"max-image-preview:large","max-video-preview":"max-video-preview:-1"},"canonical":"https:\/\/www.rayuelainfancia.com\/blog\/fin-de-semana-en-la-feria-del-libro\/","og_locale":"es_ES","og_type":"article","og_title":"FIN DE SEMANA (en la Feria del Libro) &#8902; Blog de Rayuelainfancia","og_description":"Ll\u00e9vate un libro firmado por su autor, por su autora, y reg\u00e1latelo o reg\u00e1laselo a tu hija, a tu sobrino, a tu nieta, a&#8230; Adem\u00e1s de un hermoso recuerdo, toda una experiencia ponerle cara y voz a tanta y tanta aventura vivida a trav\u00e9s de sus historias. \u00a1Una estupenda oportunidad te espera! S\u00e1bado 30, a [&hellip;]","og_url":"https:\/\/www.rayuelainfancia.com\/blog\/fin-de-semana-en-la-feria-del-libro\/","og_site_name":"Blog de Rayuelainfancia","article_publisher":"https:\/\/www.facebook.com\/pages\/Librer\u00eda-Rayuela\/251861686361","article_published_time":"2016-04-29T10:46:42+00:00","og_image":[{"url":"http:\/\/www.rayuelatiendaonline.com\/images_tiny\/despues-de-lluvia-kalandraka-miguel-cerro.jpg"}],"twitter_card":"summary","twitter_creator":"@Rayuelainfancia","twitter_site":"@Rayuelainfancia","twitter_misc":{"Written by":"Miguel Escalera Nieto","Est. reading time":"1 minuto"},"schema":{"@context":"https:\/\/schema.org","@graph":[{"@type":"Organization","@id":"https:\/\/www.rayuelainfancia.com\/blog\/#organization","name":"Rayuelainfancia","url":"https:\/\/www.rayuelainfancia.com\/blog\/","sameAs":["https:\/\/www.facebook.com\/pages\/Librer\u00eda-Rayuela\/251861686361","https:\/\/www.youtube.com\/channel\/UCddVaoDjpTp-DexyEVoyazQ","https:\/\/twitter.com\/Rayuelainfancia"],"logo":{"@type":"ImageObject","@id":"https:\/\/www.rayuelainfancia.com\/blog\/#logo","inLanguage":"es","url":"https:\/\/www.rayuelainfancia.com\/blog\/wp-content\/uploads\/2018\/06\/logo-rayuelainfancia-color-corporativo.png","contentUrl":"https:\/\/www.rayuelainfancia.com\/blog\/wp-content\/uploads\/2018\/06\/logo-rayuelainfancia-color-corporativo.png","width":1200,"height":680,"caption":"Rayuelainfancia"},"image":{"@id":"https:\/\/www.rayuelainfancia.com\/blog\/#logo"}},{"@type":"WebSite","@id":"https:\/\/www.rayuelainfancia.com\/blog\/#website","url":"https:\/\/www.rayuelainfancia.com\/blog\/","name":"Blog de Rayuelainfancia","description":"Libros infantiles y juegos educaticos respestuosos con la infancia","publisher":{"@id":"https:\/\/www.rayuelainfancia.com\/blog\/#organization"},"potentialAction":[{"@type":"SearchAction","target":{"@type":"EntryPoint","urlTemplate":"https:\/\/www.rayuelainfancia.com\/blog\/?s={search_term_string}"},"query-input":"required name=search_term_string"}],"inLanguage":"es"},{"@type":"ImageObject","@id":"https:\/\/www.rayuelainfancia.com\/blog\/fin-de-semana-en-la-feria-del-libro\/#primaryimage","inLanguage":"es","url":"http:\/\/www.rayuelatiendaonline.com\/images_tiny\/despues-de-lluvia-kalandraka-miguel-cerro.jpg","contentUrl":"http:\/\/www.rayuelatiendaonline.com\/images_tiny\/despues-de-lluvia-kalandraka-miguel-cerro.jpg"},{"@type":"WebPage","@id":"https:\/\/www.rayuelainfancia.com\/blog\/fin-de-semana-en-la-feria-del-libro\/#webpage","url":"https:\/\/www.rayuelainfancia.com\/blog\/fin-de-semana-en-la-feria-del-libro\/","name":"FIN DE SEMANA (en la Feria del Libro) &#8902; Blog de Rayuelainfancia","isPartOf":{"@id":"https:\/\/www.rayuelainfancia.com\/blog\/#website"},"primaryImageOfPage":{"@id":"https:\/\/www.rayuelainfancia.com\/blog\/fin-de-semana-en-la-feria-del-libro\/#primaryimage"},"datePublished":"2016-04-29T10:46:42+00:00","dateModified":"2016-04-29T10:46:42+00:00","breadcrumb":{"@id":"https:\/\/www.rayuelainfancia.com\/blog\/fin-de-semana-en-la-feria-del-libro\/#breadcrumb"},"inLanguage":"es","potentialAction":[{"@type":"ReadAction","target":["https:\/\/www.rayuelainfancia.com\/blog\/fin-de-semana-en-la-feria-del-libro\/"]}]},{"@type":"BreadcrumbList","@id":"https:\/\/www.rayuelainfancia.com\/blog\/fin-de-semana-en-la-feria-del-libro\/#breadcrumb","itemListElement":[{"@type":"ListItem","position":1,"name":"Portada","item":"https:\/\/www.rayuelainfancia.com\/blog\/"},{"@type":"ListItem","position":2,"name":"FIN DE SEMANA (en la Feria del Libro)"}]},{"@type":"Article","@id":"https:\/\/www.rayuelainfancia.com\/blog\/fin-de-semana-en-la-feria-del-libro\/#article","isPartOf":{"@id":"https:\/\/www.rayuelainfancia.com\/blog\/fin-de-semana-en-la-feria-del-libro\/#webpage"},"author":{"@id":"https:\/\/www.rayuelainfancia.com\/blog\/#\/schema\/person\/41147ec5e3c2cc1be6e2c4520a099ebb"},"headline":"FIN DE SEMANA (en la Feria del Libro)","datePublished":"2016-04-29T10:46:42+00:00","dateModified":"2016-04-29T10:46:42+00:00","mainEntityOfPage":{"@id":"https:\/\/www.rayuelainfancia.com\/blog\/fin-de-semana-en-la-feria-del-libro\/#webpage"},"wordCount":202,"commentCount":0,"publisher":{"@id":"https:\/\/www.rayuelainfancia.com\/blog\/#organization"},"image":{"@id":"https:\/\/www.rayuelainfancia.com\/blog\/fin-de-semana-en-la-feria-del-libro\/#primaryimage"},"thumbnailUrl":"http:\/\/www.rayuelatiendaonline.com\/images_tiny\/despues-de-lluvia-kalandraka-miguel-cerro.jpg","articleSection":["Actividades Cuentacuentos"],"inLanguage":"es","potentialAction":[{"@type":"CommentAction","name":"Comment","target":["https:\/\/www.rayuelainfancia.com\/blog\/fin-de-semana-en-la-feria-del-libro\/#respond"]}]},{"@type":"Person","@id":"https:\/\/www.rayuelainfancia.com\/blog\/#\/schema\/person\/41147ec5e3c2cc1be6e2c4520a099ebb","name":"Miguel Escalera Nieto","image":{"@type":"ImageObject","@id":"https:\/\/www.rayuelainfancia.com\/blog\/#personlogo","inLanguage":"es","url":"https:\/\/secure.gravatar.com\/avatar\/73bd613c804680e46df318e272f0e837?s=96&d=mm&r=g","contentUrl":"https:\/\/secure.gravatar.com\/avatar\/73bd613c804680e46df318e272f0e837?s=96&d=mm&r=g","caption":"Miguel Escalera Nieto"}}]}},"_links":{"self":[{"href":"https:\/\/www.rayuelainfancia.com\/blog\/wp-json\/wp\/v2\/posts\/622"}],"collection":[{"href":"https:\/\/www.rayuelainfancia.com\/blog\/wp-json\/wp\/v2\/posts"}],"about":[{"href":"https:\/\/www.rayuelainfancia.com\/blog\/wp-json\/wp\/v2\/types\/post"}],"author":[{"embeddable":true,"href":"https:\/\/www.rayuelainfancia.com\/blog\/wp-json\/wp\/v2\/users\/3"}],"replies":[{"embeddable":true,"href":"https:\/\/www.rayuelainfancia.com\/blog\/wp-json\/wp\/v2\/comments?post=622"}],"version-history":[{"count":0,"href":"https:\/\/www.rayuelainfancia.com\/blog\/wp-json\/wp\/v2\/posts\/622\/revisions"}],"wp:attachment":[{"href":"https:\/\/www.rayuelainfancia.com\/blog\/wp-json\/wp\/v2\/media?parent=622"}],"wp:term":[{"taxonomy":"category","embeddable":true,"href":"https:\/\/www.rayuelainfancia.com\/blog\/wp-json\/wp\/v2\/categories?post=622"},{"taxonomy":"post_tag","embeddable":true,"href":"https:\/\/www.rayuelainfancia.com\/blog\/wp-json\/wp\/v2\/tags?post=622"}],"curies":[{"name":"wp","href":"https:\/\/api.w.org\/{rel}","templated":true}]}}