 {"id":620,"date":"2016-04-27T11:32:50","date_gmt":"2016-04-27T09:32:50","guid":{"rendered":"http:\/\/rayuelainfancia.desarrollotrevenque.com\/blog\/ya-vieneee-la-feria-del-libro\/"},"modified":"2016-04-27T11:32:50","modified_gmt":"2016-04-27T09:32:50","slug":"ya-vieneee-la-feria-del-libro","status":"publish","type":"post","link":"https:\/\/www.rayuelainfancia.com\/blog\/ya-vieneee-la-feria-del-libro\/","title":{"rendered":"YA VIENEEE&#8230; LA FERIA (DEL LIBRO)"},"content":{"rendered":"<p>El jueves, 28 de Abril, se inaugura la Feria del Libro y all\u00ed estaremos, un a\u00f1o m\u00e1s.<\/p>\n<p>Aqu\u00ed te dejamos el cartel de este a\u00f1o, dise\u00f1o de la autora-ilustradora sevillana Raquel D\u00edaz.<\/p>\n<p><img loading=\"lazy\" class=\" size-full wp-image-1035\" alt=\"feria-libro-sevilla-2016-cartel\" src=\"http:\/\/rayuelainfancia.desarrollotrevenque.com\/blog\/wp-content\/uploads\/2016\/04\/feria-libro-sevilla-2016-cartel.jpg\" height=\"1131\" width=\"630\" \/><\/p>\n","protected":false},"excerpt":{"rendered":"<p>El jueves, 28 de Abril, se inaugura la Feria del Libro y all\u00ed estaremos, un a\u00f1o m\u00e1s. Aqu\u00ed te dejamos el cartel de este a\u00f1o, dise\u00f1o de la autora-ilustradora sevillana Raquel D\u00edaz.<\/p>\n","protected":false},"author":3,"featured_media":1035,"comment_status":"open","ping_status":"open","sticky":false,"template":"","format":"standard","meta":[],"categories":[18],"tags":[],"yoast_head":"<!-- This site is optimized with the Yoast SEO plugin v18.5.1 - https:\/\/yoast.com\/wordpress\/plugins\/seo\/ -->\n<title>YA VIENEEE... LA FERIA (DEL LIBRO) &#8902; Blog de Rayuelainfancia<\/title>\n<meta name=\"robots\" content=\"index, follow, max-snippet:-1, max-image-preview:large, max-video-preview:-1\" \/>\n<link rel=\"canonical\" href=\"https:\/\/www.rayuelainfancia.com\/blog\/ya-vieneee-la-feria-del-libro\/\" \/>\n<meta property=\"og:locale\" content=\"es_ES\" \/>\n<meta property=\"og:type\" content=\"article\" \/>\n<meta property=\"og:title\" content=\"YA VIENEEE... LA FERIA (DEL LIBRO) &#8902; Blog de Rayuelainfancia\" \/>\n<meta property=\"og:description\" content=\"El jueves, 28 de Abril, se inaugura la Feria del Libro y all\u00ed estaremos, un a\u00f1o m\u00e1s. Aqu\u00ed te dejamos el cartel de este a\u00f1o, dise\u00f1o de la autora-ilustradora sevillana Raquel D\u00edaz.\" \/>\n<meta property=\"og:url\" content=\"https:\/\/www.rayuelainfancia.com\/blog\/ya-vieneee-la-feria-del-libro\/\" \/>\n<meta property=\"og:site_name\" content=\"Blog de Rayuelainfancia\" \/>\n<meta property=\"article:publisher\" content=\"https:\/\/www.facebook.com\/pages\/Librer\u00eda-Rayuela\/251861686361\" \/>\n<meta property=\"article:published_time\" content=\"2016-04-27T09:32:50+00:00\" \/>\n<meta property=\"og:image\" content=\"https:\/\/www.rayuelainfancia.com\/blog\/wp-content\/uploads\/2016\/04\/feria-libro-sevilla-2016-cartel.jpg\" \/>\n\t<meta property=\"og:image:width\" content=\"891\" \/>\n\t<meta property=\"og:image:height\" content=\"1600\" \/>\n\t<meta property=\"og:image:type\" content=\"image\/jpeg\" \/>\n<meta name=\"twitter:card\" content=\"summary\" \/>\n<meta name=\"twitter:creator\" content=\"@Rayuelainfancia\" \/>\n<meta name=\"twitter:site\" content=\"@Rayuelainfancia\" \/>\n<meta name=\"twitter:label1\" content=\"Written by\" \/>\n\t<meta name=\"twitter:data1\" content=\"Miguel Escalera Nieto\" \/>\n<script type=\"application\/ld+json\" class=\"yoast-schema-graph\">{\"@context\":\"https:\/\/schema.org\",\"@graph\":[{\"@type\":\"Organization\",\"@id\":\"https:\/\/www.rayuelainfancia.com\/blog\/#organization\",\"name\":\"Rayuelainfancia\",\"url\":\"https:\/\/www.rayuelainfancia.com\/blog\/\",\"sameAs\":[\"https:\/\/www.facebook.com\/pages\/Librer\u00eda-Rayuela\/251861686361\",\"https:\/\/www.youtube.com\/channel\/UCddVaoDjpTp-DexyEVoyazQ\",\"https:\/\/twitter.com\/Rayuelainfancia\"],\"logo\":{\"@type\":\"ImageObject\",\"@id\":\"https:\/\/www.rayuelainfancia.com\/blog\/#logo\",\"inLanguage\":\"es\",\"url\":\"https:\/\/www.rayuelainfancia.com\/blog\/wp-content\/uploads\/2018\/06\/logo-rayuelainfancia-color-corporativo.png\",\"contentUrl\":\"https:\/\/www.rayuelainfancia.com\/blog\/wp-content\/uploads\/2018\/06\/logo-rayuelainfancia-color-corporativo.png\",\"width\":1200,\"height\":680,\"caption\":\"Rayuelainfancia\"},\"image\":{\"@id\":\"https:\/\/www.rayuelainfancia.com\/blog\/#logo\"}},{\"@type\":\"WebSite\",\"@id\":\"https:\/\/www.rayuelainfancia.com\/blog\/#website\",\"url\":\"https:\/\/www.rayuelainfancia.com\/blog\/\",\"name\":\"Blog de Rayuelainfancia\",\"description\":\"Libros infantiles y juegos educaticos respestuosos con la infancia\",\"publisher\":{\"@id\":\"https:\/\/www.rayuelainfancia.com\/blog\/#organization\"},\"potentialAction\":[{\"@type\":\"SearchAction\",\"target\":{\"@type\":\"EntryPoint\",\"urlTemplate\":\"https:\/\/www.rayuelainfancia.com\/blog\/?s={search_term_string}\"},\"query-input\":\"required name=search_term_string\"}],\"inLanguage\":\"es\"},{\"@type\":\"ImageObject\",\"@id\":\"https:\/\/www.rayuelainfancia.com\/blog\/ya-vieneee-la-feria-del-libro\/#primaryimage\",\"inLanguage\":\"es\",\"url\":\"https:\/\/www.rayuelainfancia.com\/blog\/wp-content\/uploads\/2016\/04\/feria-libro-sevilla-2016-cartel.jpg\",\"contentUrl\":\"https:\/\/www.rayuelainfancia.com\/blog\/wp-content\/uploads\/2016\/04\/feria-libro-sevilla-2016-cartel.jpg\",\"width\":891,\"height\":1600,\"caption\":\"feria-libro-sevilla-2016-cartel\"},{\"@type\":\"WebPage\",\"@id\":\"https:\/\/www.rayuelainfancia.com\/blog\/ya-vieneee-la-feria-del-libro\/#webpage\",\"url\":\"https:\/\/www.rayuelainfancia.com\/blog\/ya-vieneee-la-feria-del-libro\/\",\"name\":\"YA VIENEEE... LA FERIA (DEL LIBRO) &#8902; Blog de Rayuelainfancia\",\"isPartOf\":{\"@id\":\"https:\/\/www.rayuelainfancia.com\/blog\/#website\"},\"primaryImageOfPage\":{\"@id\":\"https:\/\/www.rayuelainfancia.com\/blog\/ya-vieneee-la-feria-del-libro\/#primaryimage\"},\"datePublished\":\"2016-04-27T09:32:50+00:00\",\"dateModified\":\"2016-04-27T09:32:50+00:00\",\"breadcrumb\":{\"@id\":\"https:\/\/www.rayuelainfancia.com\/blog\/ya-vieneee-la-feria-del-libro\/#breadcrumb\"},\"inLanguage\":\"es\",\"potentialAction\":[{\"@type\":\"ReadAction\",\"target\":[\"https:\/\/www.rayuelainfancia.com\/blog\/ya-vieneee-la-feria-del-libro\/\"]}]},{\"@type\":\"BreadcrumbList\",\"@id\":\"https:\/\/www.rayuelainfancia.com\/blog\/ya-vieneee-la-feria-del-libro\/#breadcrumb\",\"itemListElement\":[{\"@type\":\"ListItem\",\"position\":1,\"name\":\"Portada\",\"item\":\"https:\/\/www.rayuelainfancia.com\/blog\/\"},{\"@type\":\"ListItem\",\"position\":2,\"name\":\"YA VIENEEE&#8230; LA FERIA (DEL LIBRO)\"}]},{\"@type\":\"Article\",\"@id\":\"https:\/\/www.rayuelainfancia.com\/blog\/ya-vieneee-la-feria-del-libro\/#article\",\"isPartOf\":{\"@id\":\"https:\/\/www.rayuelainfancia.com\/blog\/ya-vieneee-la-feria-del-libro\/#webpage\"},\"author\":{\"@id\":\"https:\/\/www.rayuelainfancia.com\/blog\/#\/schema\/person\/41147ec5e3c2cc1be6e2c4520a099ebb\"},\"headline\":\"YA VIENEEE&#8230; LA FERIA (DEL LIBRO)\",\"datePublished\":\"2016-04-27T09:32:50+00:00\",\"dateModified\":\"2016-04-27T09:32:50+00:00\",\"mainEntityOfPage\":{\"@id\":\"https:\/\/www.rayuelainfancia.com\/blog\/ya-vieneee-la-feria-del-libro\/#webpage\"},\"wordCount\":42,\"commentCount\":0,\"publisher\":{\"@id\":\"https:\/\/www.rayuelainfancia.com\/blog\/#organization\"},\"image\":{\"@id\":\"https:\/\/www.rayuelainfancia.com\/blog\/ya-vieneee-la-feria-del-libro\/#primaryimage\"},\"thumbnailUrl\":\"https:\/\/www.rayuelainfancia.com\/blog\/wp-content\/uploads\/2016\/04\/feria-libro-sevilla-2016-cartel.jpg\",\"articleSection\":[\"Actividades Cuentacuentos\"],\"inLanguage\":\"es\",\"potentialAction\":[{\"@type\":\"CommentAction\",\"name\":\"Comment\",\"target\":[\"https:\/\/www.rayuelainfancia.com\/blog\/ya-vieneee-la-feria-del-libro\/#respond\"]}]},{\"@type\":\"Person\",\"@id\":\"https:\/\/www.rayuelainfancia.com\/blog\/#\/schema\/person\/41147ec5e3c2cc1be6e2c4520a099ebb\",\"name\":\"Miguel Escalera Nieto\",\"image\":{\"@type\":\"ImageObject\",\"@id\":\"https:\/\/www.rayuelainfancia.com\/blog\/#personlogo\",\"inLanguage\":\"es\",\"url\":\"https:\/\/secure.gravatar.com\/avatar\/73bd613c804680e46df318e272f0e837?s=96&d=mm&r=g\",\"contentUrl\":\"https:\/\/secure.gravatar.com\/avatar\/73bd613c804680e46df318e272f0e837?s=96&d=mm&r=g\",\"caption\":\"Miguel Escalera Nieto\"}}]}<\/script>\n<!-- \/ Yoast SEO plugin. -->","yoast_head_json":{"title":"YA VIENEEE... LA FERIA (DEL LIBRO) &#8902; Blog de Rayuelainfancia","robots":{"index":"index","follow":"follow","max-snippet":"max-snippet:-1","max-image-preview":"max-image-preview:large","max-video-preview":"max-video-preview:-1"},"canonical":"https:\/\/www.rayuelainfancia.com\/blog\/ya-vieneee-la-feria-del-libro\/","og_locale":"es_ES","og_type":"article","og_title":"YA VIENEEE... LA FERIA (DEL LIBRO) &#8902; Blog de Rayuelainfancia","og_description":"El jueves, 28 de Abril, se inaugura la Feria del Libro y all\u00ed estaremos, un a\u00f1o m\u00e1s. Aqu\u00ed te dejamos el cartel de este a\u00f1o, dise\u00f1o de la autora-ilustradora sevillana Raquel D\u00edaz.","og_url":"https:\/\/www.rayuelainfancia.com\/blog\/ya-vieneee-la-feria-del-libro\/","og_site_name":"Blog de Rayuelainfancia","article_publisher":"https:\/\/www.facebook.com\/pages\/Librer\u00eda-Rayuela\/251861686361","article_published_time":"2016-04-27T09:32:50+00:00","og_image":[{"width":891,"height":1600,"url":"https:\/\/www.rayuelainfancia.com\/blog\/wp-content\/uploads\/2016\/04\/feria-libro-sevilla-2016-cartel.jpg","type":"image\/jpeg"}],"twitter_card":"summary","twitter_creator":"@Rayuelainfancia","twitter_site":"@Rayuelainfancia","twitter_misc":{"Written by":"Miguel Escalera Nieto"},"schema":{"@context":"https:\/\/schema.org","@graph":[{"@type":"Organization","@id":"https:\/\/www.rayuelainfancia.com\/blog\/#organization","name":"Rayuelainfancia","url":"https:\/\/www.rayuelainfancia.com\/blog\/","sameAs":["https:\/\/www.facebook.com\/pages\/Librer\u00eda-Rayuela\/251861686361","https:\/\/www.youtube.com\/channel\/UCddVaoDjpTp-DexyEVoyazQ","https:\/\/twitter.com\/Rayuelainfancia"],"logo":{"@type":"ImageObject","@id":"https:\/\/www.rayuelainfancia.com\/blog\/#logo","inLanguage":"es","url":"https:\/\/www.rayuelainfancia.com\/blog\/wp-content\/uploads\/2018\/06\/logo-rayuelainfancia-color-corporativo.png","contentUrl":"https:\/\/www.rayuelainfancia.com\/blog\/wp-content\/uploads\/2018\/06\/logo-rayuelainfancia-color-corporativo.png","width":1200,"height":680,"caption":"Rayuelainfancia"},"image":{"@id":"https:\/\/www.rayuelainfancia.com\/blog\/#logo"}},{"@type":"WebSite","@id":"https:\/\/www.rayuelainfancia.com\/blog\/#website","url":"https:\/\/www.rayuelainfancia.com\/blog\/","name":"Blog de Rayuelainfancia","description":"Libros infantiles y juegos educaticos respestuosos con la infancia","publisher":{"@id":"https:\/\/www.rayuelainfancia.com\/blog\/#organization"},"potentialAction":[{"@type":"SearchAction","target":{"@type":"EntryPoint","urlTemplate":"https:\/\/www.rayuelainfancia.com\/blog\/?s={search_term_string}"},"query-input":"required name=search_term_string"}],"inLanguage":"es"},{"@type":"ImageObject","@id":"https:\/\/www.rayuelainfancia.com\/blog\/ya-vieneee-la-feria-del-libro\/#primaryimage","inLanguage":"es","url":"https:\/\/www.rayuelainfancia.com\/blog\/wp-content\/uploads\/2016\/04\/feria-libro-sevilla-2016-cartel.jpg","contentUrl":"https:\/\/www.rayuelainfancia.com\/blog\/wp-content\/uploads\/2016\/04\/feria-libro-sevilla-2016-cartel.jpg","width":891,"height":1600,"caption":"feria-libro-sevilla-2016-cartel"},{"@type":"WebPage","@id":"https:\/\/www.rayuelainfancia.com\/blog\/ya-vieneee-la-feria-del-libro\/#webpage","url":"https:\/\/www.rayuelainfancia.com\/blog\/ya-vieneee-la-feria-del-libro\/","name":"YA VIENEEE... LA FERIA (DEL LIBRO) &#8902; Blog de Rayuelainfancia","isPartOf":{"@id":"https:\/\/www.rayuelainfancia.com\/blog\/#website"},"primaryImageOfPage":{"@id":"https:\/\/www.rayuelainfancia.com\/blog\/ya-vieneee-la-feria-del-libro\/#primaryimage"},"datePublished":"2016-04-27T09:32:50+00:00","dateModified":"2016-04-27T09:32:50+00:00","breadcrumb":{"@id":"https:\/\/www.rayuelainfancia.com\/blog\/ya-vieneee-la-feria-del-libro\/#breadcrumb"},"inLanguage":"es","potentialAction":[{"@type":"ReadAction","target":["https:\/\/www.rayuelainfancia.com\/blog\/ya-vieneee-la-feria-del-libro\/"]}]},{"@type":"BreadcrumbList","@id":"https:\/\/www.rayuelainfancia.com\/blog\/ya-vieneee-la-feria-del-libro\/#breadcrumb","itemListElement":[{"@type":"ListItem","position":1,"name":"Portada","item":"https:\/\/www.rayuelainfancia.com\/blog\/"},{"@type":"ListItem","position":2,"name":"YA VIENEEE&#8230; LA FERIA (DEL LIBRO)"}]},{"@type":"Article","@id":"https:\/\/www.rayuelainfancia.com\/blog\/ya-vieneee-la-feria-del-libro\/#article","isPartOf":{"@id":"https:\/\/www.rayuelainfancia.com\/blog\/ya-vieneee-la-feria-del-libro\/#webpage"},"author":{"@id":"https:\/\/www.rayuelainfancia.com\/blog\/#\/schema\/person\/41147ec5e3c2cc1be6e2c4520a099ebb"},"headline":"YA VIENEEE&#8230; LA FERIA (DEL LIBRO)","datePublished":"2016-04-27T09:32:50+00:00","dateModified":"2016-04-27T09:32:50+00:00","mainEntityOfPage":{"@id":"https:\/\/www.rayuelainfancia.com\/blog\/ya-vieneee-la-feria-del-libro\/#webpage"},"wordCount":42,"commentCount":0,"publisher":{"@id":"https:\/\/www.rayuelainfancia.com\/blog\/#organization"},"image":{"@id":"https:\/\/www.rayuelainfancia.com\/blog\/ya-vieneee-la-feria-del-libro\/#primaryimage"},"thumbnailUrl":"https:\/\/www.rayuelainfancia.com\/blog\/wp-content\/uploads\/2016\/04\/feria-libro-sevilla-2016-cartel.jpg","articleSection":["Actividades Cuentacuentos"],"inLanguage":"es","potentialAction":[{"@type":"CommentAction","name":"Comment","target":["https:\/\/www.rayuelainfancia.com\/blog\/ya-vieneee-la-feria-del-libro\/#respond"]}]},{"@type":"Person","@id":"https:\/\/www.rayuelainfancia.com\/blog\/#\/schema\/person\/41147ec5e3c2cc1be6e2c4520a099ebb","name":"Miguel Escalera Nieto","image":{"@type":"ImageObject","@id":"https:\/\/www.rayuelainfancia.com\/blog\/#personlogo","inLanguage":"es","url":"https:\/\/secure.gravatar.com\/avatar\/73bd613c804680e46df318e272f0e837?s=96&d=mm&r=g","contentUrl":"https:\/\/secure.gravatar.com\/avatar\/73bd613c804680e46df318e272f0e837?s=96&d=mm&r=g","caption":"Miguel Escalera Nieto"}}]}},"_links":{"self":[{"href":"https:\/\/www.rayuelainfancia.com\/blog\/wp-json\/wp\/v2\/posts\/620"}],"collection":[{"href":"https:\/\/www.rayuelainfancia.com\/blog\/wp-json\/wp\/v2\/posts"}],"about":[{"href":"https:\/\/www.rayuelainfancia.com\/blog\/wp-json\/wp\/v2\/types\/post"}],"author":[{"embeddable":true,"href":"https:\/\/www.rayuelainfancia.com\/blog\/wp-json\/wp\/v2\/users\/3"}],"replies":[{"embeddable":true,"href":"https:\/\/www.rayuelainfancia.com\/blog\/wp-json\/wp\/v2\/comments?post=620"}],"version-history":[{"count":0,"href":"https:\/\/www.rayuelainfancia.com\/blog\/wp-json\/wp\/v2\/posts\/620\/revisions"}],"wp:featuredmedia":[{"embeddable":true,"href":"https:\/\/www.rayuelainfancia.com\/blog\/wp-json\/wp\/v2\/media\/1035"}],"wp:attachment":[{"href":"https:\/\/www.rayuelainfancia.com\/blog\/wp-json\/wp\/v2\/media?parent=620"}],"wp:term":[{"taxonomy":"category","embeddable":true,"href":"https:\/\/www.rayuelainfancia.com\/blog\/wp-json\/wp\/v2\/categories?post=620"},{"taxonomy":"post_tag","embeddable":true,"href":"https:\/\/www.rayuelainfancia.com\/blog\/wp-json\/wp\/v2\/tags?post=620"}],"curies":[{"name":"wp","href":"https:\/\/api.w.org\/{rel}","templated":true}]}}