 {"id":619,"date":"2016-04-19T16:18:12","date_gmt":"2016-04-19T14:18:12","guid":{"rendered":"http:\/\/rayuelainfancia.desarrollotrevenque.com\/blog\/en-un-barquito-de-papel\/"},"modified":"2016-04-19T16:18:12","modified_gmt":"2016-04-19T14:18:12","slug":"en-un-barquito-de-papel","status":"publish","type":"post","link":"https:\/\/www.rayuelainfancia.com\/blog\/en-un-barquito-de-papel\/","title":{"rendered":"EN UN BARQUITO DE PAPEL"},"content":{"rendered":"<p>\u00a1Ven el pr\u00f3ximo s\u00e1bado 23 de Abril a Rayuela a celebrar EL D\u00cdA INTERNACIONAL DEL LIBRO!<\/p>\n<p>Tendr\u00e1s un <strong>10% de descuento en libros<\/strong> y podr\u00e1s disfrutar de la actividad que tendr\u00e1 lugar a las 12 horas: EN UN BARQUITO DE PAPEL<strong>.<\/strong><\/p>\n<p>Viaja con Ismael y con El\u00edas hasta Marruecos en un barquito de papel y ll\u00e9vate uno a tu casa, para seguir viajando. Ven a escuchar este cuento, escrito por Nanen, que pone en valor un universo cultural diferente y pr\u00f3ximo a la vez, con el que compartimos tantas cosas, muchas veces sin saberlo. Desde 4 a\u00f1os.<\/p>\n<p><img loading=\"lazy\" class=\" size-full wp-image-1034\" alt=\"barquito-papel-web\" src=\"http:\/\/rayuelainfancia.desarrollotrevenque.com\/blog\/wp-content\/uploads\/2016\/04\/barquito-papel-web.jpg\" height=\"445\" width=\"630\" srcset=\"https:\/\/www.rayuelainfancia.com\/blog\/wp-content\/uploads\/2016\/04\/barquito-papel-web.jpg 1000w, https:\/\/www.rayuelainfancia.com\/blog\/wp-content\/uploads\/2016\/04\/barquito-papel-web-300x212.jpg 300w, https:\/\/www.rayuelainfancia.com\/blog\/wp-content\/uploads\/2016\/04\/barquito-papel-web-768x543.jpg 768w\" sizes=\"(max-width: 630px) 100vw, 630px\" \/><\/p>\n","protected":false},"excerpt":{"rendered":"<p>\u00a1Ven el pr\u00f3ximo s\u00e1bado 23 de Abril a Rayuela a celebrar EL D\u00cdA INTERNACIONAL DEL LIBRO! Tendr\u00e1s un 10% de descuento en libros y podr\u00e1s disfrutar de la actividad que tendr\u00e1 lugar a las 12 horas: EN UN BARQUITO DE PAPEL. Viaja con Ismael y con El\u00edas hasta Marruecos en un barquito de papel y [&hellip;]<\/p>\n","protected":false},"author":3,"featured_media":1034,"comment_status":"open","ping_status":"open","sticky":false,"template":"","format":"standard","meta":[],"categories":[18],"tags":[],"yoast_head":"<!-- This site is optimized with the Yoast SEO plugin v18.5.1 - https:\/\/yoast.com\/wordpress\/plugins\/seo\/ -->\n<title>EN UN BARQUITO DE PAPEL &#8902; Blog de Rayuelainfancia<\/title>\n<meta name=\"robots\" content=\"index, follow, max-snippet:-1, max-image-preview:large, max-video-preview:-1\" \/>\n<link rel=\"canonical\" href=\"http:\/\/www.rayuelainfancia.com\/blog\/en-un-barquito-de-papel\/\" \/>\n<meta property=\"og:locale\" content=\"es_ES\" \/>\n<meta property=\"og:type\" content=\"article\" \/>\n<meta property=\"og:title\" content=\"EN UN BARQUITO DE PAPEL &#8902; Blog de Rayuelainfancia\" \/>\n<meta property=\"og:description\" content=\"\u00a1Ven el pr\u00f3ximo s\u00e1bado 23 de Abril a Rayuela a celebrar EL D\u00cdA INTERNACIONAL DEL LIBRO! Tendr\u00e1s un 10% de descuento en libros y podr\u00e1s disfrutar de la actividad que tendr\u00e1 lugar a las 12 horas: EN UN BARQUITO DE PAPEL. Viaja con Ismael y con El\u00edas hasta Marruecos en un barquito de papel y [&hellip;]\" \/>\n<meta property=\"og:url\" content=\"http:\/\/www.rayuelainfancia.com\/blog\/en-un-barquito-de-papel\/\" \/>\n<meta property=\"og:site_name\" content=\"Blog de Rayuelainfancia\" \/>\n<meta property=\"article:publisher\" content=\"https:\/\/www.facebook.com\/pages\/Librer\u00eda-Rayuela\/251861686361\" \/>\n<meta property=\"article:published_time\" content=\"2016-04-19T14:18:12+00:00\" \/>\n<meta property=\"og:image\" content=\"http:\/\/www.rayuelainfancia.com\/blog\/wp-content\/uploads\/2016\/04\/barquito-papel-web.jpg\" \/>\n\t<meta property=\"og:image:width\" content=\"1000\" \/>\n\t<meta property=\"og:image:height\" content=\"707\" \/>\n\t<meta property=\"og:image:type\" content=\"image\/jpeg\" \/>\n<meta name=\"twitter:card\" content=\"summary\" \/>\n<meta name=\"twitter:creator\" content=\"@Rayuelainfancia\" \/>\n<meta name=\"twitter:site\" content=\"@Rayuelainfancia\" \/>\n<meta name=\"twitter:label1\" content=\"Written by\" \/>\n\t<meta name=\"twitter:data1\" content=\"Miguel Escalera Nieto\" \/>\n\t<meta name=\"twitter:label2\" content=\"Est. reading time\" \/>\n\t<meta name=\"twitter:data2\" content=\"1 minuto\" \/>\n<script type=\"application\/ld+json\" class=\"yoast-schema-graph\">{\"@context\":\"https:\/\/schema.org\",\"@graph\":[{\"@type\":\"Organization\",\"@id\":\"https:\/\/www.rayuelainfancia.com\/blog\/#organization\",\"name\":\"Rayuelainfancia\",\"url\":\"https:\/\/www.rayuelainfancia.com\/blog\/\",\"sameAs\":[\"https:\/\/www.facebook.com\/pages\/Librer\u00eda-Rayuela\/251861686361\",\"https:\/\/www.youtube.com\/channel\/UCddVaoDjpTp-DexyEVoyazQ\",\"https:\/\/twitter.com\/Rayuelainfancia\"],\"logo\":{\"@type\":\"ImageObject\",\"@id\":\"https:\/\/www.rayuelainfancia.com\/blog\/#logo\",\"inLanguage\":\"es\",\"url\":\"https:\/\/www.rayuelainfancia.com\/blog\/wp-content\/uploads\/2018\/06\/logo-rayuelainfancia-color-corporativo.png\",\"contentUrl\":\"https:\/\/www.rayuelainfancia.com\/blog\/wp-content\/uploads\/2018\/06\/logo-rayuelainfancia-color-corporativo.png\",\"width\":1200,\"height\":680,\"caption\":\"Rayuelainfancia\"},\"image\":{\"@id\":\"https:\/\/www.rayuelainfancia.com\/blog\/#logo\"}},{\"@type\":\"WebSite\",\"@id\":\"https:\/\/www.rayuelainfancia.com\/blog\/#website\",\"url\":\"https:\/\/www.rayuelainfancia.com\/blog\/\",\"name\":\"Blog de Rayuelainfancia\",\"description\":\"Libros infantiles y juegos educaticos respestuosos con la infancia\",\"publisher\":{\"@id\":\"https:\/\/www.rayuelainfancia.com\/blog\/#organization\"},\"potentialAction\":[{\"@type\":\"SearchAction\",\"target\":{\"@type\":\"EntryPoint\",\"urlTemplate\":\"https:\/\/www.rayuelainfancia.com\/blog\/?s={search_term_string}\"},\"query-input\":\"required name=search_term_string\"}],\"inLanguage\":\"es\"},{\"@type\":\"ImageObject\",\"@id\":\"http:\/\/www.rayuelainfancia.com\/blog\/en-un-barquito-de-papel\/#primaryimage\",\"inLanguage\":\"es\",\"url\":\"https:\/\/www.rayuelainfancia.com\/blog\/wp-content\/uploads\/2016\/04\/barquito-papel-web.jpg\",\"contentUrl\":\"https:\/\/www.rayuelainfancia.com\/blog\/wp-content\/uploads\/2016\/04\/barquito-papel-web.jpg\",\"width\":1000,\"height\":707,\"caption\":\"barquito-papel-web\"},{\"@type\":\"WebPage\",\"@id\":\"http:\/\/www.rayuelainfancia.com\/blog\/en-un-barquito-de-papel\/#webpage\",\"url\":\"http:\/\/www.rayuelainfancia.com\/blog\/en-un-barquito-de-papel\/\",\"name\":\"EN UN BARQUITO DE PAPEL &#8902; Blog de Rayuelainfancia\",\"isPartOf\":{\"@id\":\"https:\/\/www.rayuelainfancia.com\/blog\/#website\"},\"primaryImageOfPage\":{\"@id\":\"http:\/\/www.rayuelainfancia.com\/blog\/en-un-barquito-de-papel\/#primaryimage\"},\"datePublished\":\"2016-04-19T14:18:12+00:00\",\"dateModified\":\"2016-04-19T14:18:12+00:00\",\"breadcrumb\":{\"@id\":\"http:\/\/www.rayuelainfancia.com\/blog\/en-un-barquito-de-papel\/#breadcrumb\"},\"inLanguage\":\"es\",\"potentialAction\":[{\"@type\":\"ReadAction\",\"target\":[\"http:\/\/www.rayuelainfancia.com\/blog\/en-un-barquito-de-papel\/\"]}]},{\"@type\":\"BreadcrumbList\",\"@id\":\"http:\/\/www.rayuelainfancia.com\/blog\/en-un-barquito-de-papel\/#breadcrumb\",\"itemListElement\":[{\"@type\":\"ListItem\",\"position\":1,\"name\":\"Portada\",\"item\":\"https:\/\/www.rayuelainfancia.com\/blog\/\"},{\"@type\":\"ListItem\",\"position\":2,\"name\":\"EN UN BARQUITO DE PAPEL\"}]},{\"@type\":\"Article\",\"@id\":\"http:\/\/www.rayuelainfancia.com\/blog\/en-un-barquito-de-papel\/#article\",\"isPartOf\":{\"@id\":\"http:\/\/www.rayuelainfancia.com\/blog\/en-un-barquito-de-papel\/#webpage\"},\"author\":{\"@id\":\"https:\/\/www.rayuelainfancia.com\/blog\/#\/schema\/person\/41147ec5e3c2cc1be6e2c4520a099ebb\"},\"headline\":\"EN UN BARQUITO DE PAPEL\",\"datePublished\":\"2016-04-19T14:18:12+00:00\",\"dateModified\":\"2016-04-19T14:18:12+00:00\",\"mainEntityOfPage\":{\"@id\":\"http:\/\/www.rayuelainfancia.com\/blog\/en-un-barquito-de-papel\/#webpage\"},\"wordCount\":107,\"commentCount\":0,\"publisher\":{\"@id\":\"https:\/\/www.rayuelainfancia.com\/blog\/#organization\"},\"image\":{\"@id\":\"http:\/\/www.rayuelainfancia.com\/blog\/en-un-barquito-de-papel\/#primaryimage\"},\"thumbnailUrl\":\"https:\/\/www.rayuelainfancia.com\/blog\/wp-content\/uploads\/2016\/04\/barquito-papel-web.jpg\",\"articleSection\":[\"Actividades Cuentacuentos\"],\"inLanguage\":\"es\",\"potentialAction\":[{\"@type\":\"CommentAction\",\"name\":\"Comment\",\"target\":[\"http:\/\/www.rayuelainfancia.com\/blog\/en-un-barquito-de-papel\/#respond\"]}]},{\"@type\":\"Person\",\"@id\":\"https:\/\/www.rayuelainfancia.com\/blog\/#\/schema\/person\/41147ec5e3c2cc1be6e2c4520a099ebb\",\"name\":\"Miguel Escalera Nieto\",\"image\":{\"@type\":\"ImageObject\",\"@id\":\"https:\/\/www.rayuelainfancia.com\/blog\/#personlogo\",\"inLanguage\":\"es\",\"url\":\"https:\/\/secure.gravatar.com\/avatar\/73bd613c804680e46df318e272f0e837?s=96&d=mm&r=g\",\"contentUrl\":\"https:\/\/secure.gravatar.com\/avatar\/73bd613c804680e46df318e272f0e837?s=96&d=mm&r=g\",\"caption\":\"Miguel Escalera Nieto\"}}]}<\/script>\n<!-- \/ Yoast SEO plugin. -->","yoast_head_json":{"title":"EN UN BARQUITO DE PAPEL &#8902; Blog de Rayuelainfancia","robots":{"index":"index","follow":"follow","max-snippet":"max-snippet:-1","max-image-preview":"max-image-preview:large","max-video-preview":"max-video-preview:-1"},"canonical":"http:\/\/www.rayuelainfancia.com\/blog\/en-un-barquito-de-papel\/","og_locale":"es_ES","og_type":"article","og_title":"EN UN BARQUITO DE PAPEL &#8902; Blog de Rayuelainfancia","og_description":"\u00a1Ven el pr\u00f3ximo s\u00e1bado 23 de Abril a Rayuela a celebrar EL D\u00cdA INTERNACIONAL DEL LIBRO! Tendr\u00e1s un 10% de descuento en libros y podr\u00e1s disfrutar de la actividad que tendr\u00e1 lugar a las 12 horas: EN UN BARQUITO DE PAPEL. Viaja con Ismael y con El\u00edas hasta Marruecos en un barquito de papel y [&hellip;]","og_url":"http:\/\/www.rayuelainfancia.com\/blog\/en-un-barquito-de-papel\/","og_site_name":"Blog de Rayuelainfancia","article_publisher":"https:\/\/www.facebook.com\/pages\/Librer\u00eda-Rayuela\/251861686361","article_published_time":"2016-04-19T14:18:12+00:00","og_image":[{"width":1000,"height":707,"url":"http:\/\/www.rayuelainfancia.com\/blog\/wp-content\/uploads\/2016\/04\/barquito-papel-web.jpg","type":"image\/jpeg"}],"twitter_card":"summary","twitter_creator":"@Rayuelainfancia","twitter_site":"@Rayuelainfancia","twitter_misc":{"Written by":"Miguel Escalera Nieto","Est. reading time":"1 minuto"},"schema":{"@context":"https:\/\/schema.org","@graph":[{"@type":"Organization","@id":"https:\/\/www.rayuelainfancia.com\/blog\/#organization","name":"Rayuelainfancia","url":"https:\/\/www.rayuelainfancia.com\/blog\/","sameAs":["https:\/\/www.facebook.com\/pages\/Librer\u00eda-Rayuela\/251861686361","https:\/\/www.youtube.com\/channel\/UCddVaoDjpTp-DexyEVoyazQ","https:\/\/twitter.com\/Rayuelainfancia"],"logo":{"@type":"ImageObject","@id":"https:\/\/www.rayuelainfancia.com\/blog\/#logo","inLanguage":"es","url":"https:\/\/www.rayuelainfancia.com\/blog\/wp-content\/uploads\/2018\/06\/logo-rayuelainfancia-color-corporativo.png","contentUrl":"https:\/\/www.rayuelainfancia.com\/blog\/wp-content\/uploads\/2018\/06\/logo-rayuelainfancia-color-corporativo.png","width":1200,"height":680,"caption":"Rayuelainfancia"},"image":{"@id":"https:\/\/www.rayuelainfancia.com\/blog\/#logo"}},{"@type":"WebSite","@id":"https:\/\/www.rayuelainfancia.com\/blog\/#website","url":"https:\/\/www.rayuelainfancia.com\/blog\/","name":"Blog de Rayuelainfancia","description":"Libros infantiles y juegos educaticos respestuosos con la infancia","publisher":{"@id":"https:\/\/www.rayuelainfancia.com\/blog\/#organization"},"potentialAction":[{"@type":"SearchAction","target":{"@type":"EntryPoint","urlTemplate":"https:\/\/www.rayuelainfancia.com\/blog\/?s={search_term_string}"},"query-input":"required name=search_term_string"}],"inLanguage":"es"},{"@type":"ImageObject","@id":"http:\/\/www.rayuelainfancia.com\/blog\/en-un-barquito-de-papel\/#primaryimage","inLanguage":"es","url":"https:\/\/www.rayuelainfancia.com\/blog\/wp-content\/uploads\/2016\/04\/barquito-papel-web.jpg","contentUrl":"https:\/\/www.rayuelainfancia.com\/blog\/wp-content\/uploads\/2016\/04\/barquito-papel-web.jpg","width":1000,"height":707,"caption":"barquito-papel-web"},{"@type":"WebPage","@id":"http:\/\/www.rayuelainfancia.com\/blog\/en-un-barquito-de-papel\/#webpage","url":"http:\/\/www.rayuelainfancia.com\/blog\/en-un-barquito-de-papel\/","name":"EN UN BARQUITO DE PAPEL &#8902; Blog de Rayuelainfancia","isPartOf":{"@id":"https:\/\/www.rayuelainfancia.com\/blog\/#website"},"primaryImageOfPage":{"@id":"http:\/\/www.rayuelainfancia.com\/blog\/en-un-barquito-de-papel\/#primaryimage"},"datePublished":"2016-04-19T14:18:12+00:00","dateModified":"2016-04-19T14:18:12+00:00","breadcrumb":{"@id":"http:\/\/www.rayuelainfancia.com\/blog\/en-un-barquito-de-papel\/#breadcrumb"},"inLanguage":"es","potentialAction":[{"@type":"ReadAction","target":["http:\/\/www.rayuelainfancia.com\/blog\/en-un-barquito-de-papel\/"]}]},{"@type":"BreadcrumbList","@id":"http:\/\/www.rayuelainfancia.com\/blog\/en-un-barquito-de-papel\/#breadcrumb","itemListElement":[{"@type":"ListItem","position":1,"name":"Portada","item":"https:\/\/www.rayuelainfancia.com\/blog\/"},{"@type":"ListItem","position":2,"name":"EN UN BARQUITO DE PAPEL"}]},{"@type":"Article","@id":"http:\/\/www.rayuelainfancia.com\/blog\/en-un-barquito-de-papel\/#article","isPartOf":{"@id":"http:\/\/www.rayuelainfancia.com\/blog\/en-un-barquito-de-papel\/#webpage"},"author":{"@id":"https:\/\/www.rayuelainfancia.com\/blog\/#\/schema\/person\/41147ec5e3c2cc1be6e2c4520a099ebb"},"headline":"EN UN BARQUITO DE PAPEL","datePublished":"2016-04-19T14:18:12+00:00","dateModified":"2016-04-19T14:18:12+00:00","mainEntityOfPage":{"@id":"http:\/\/www.rayuelainfancia.com\/blog\/en-un-barquito-de-papel\/#webpage"},"wordCount":107,"commentCount":0,"publisher":{"@id":"https:\/\/www.rayuelainfancia.com\/blog\/#organization"},"image":{"@id":"http:\/\/www.rayuelainfancia.com\/blog\/en-un-barquito-de-papel\/#primaryimage"},"thumbnailUrl":"https:\/\/www.rayuelainfancia.com\/blog\/wp-content\/uploads\/2016\/04\/barquito-papel-web.jpg","articleSection":["Actividades Cuentacuentos"],"inLanguage":"es","potentialAction":[{"@type":"CommentAction","name":"Comment","target":["http:\/\/www.rayuelainfancia.com\/blog\/en-un-barquito-de-papel\/#respond"]}]},{"@type":"Person","@id":"https:\/\/www.rayuelainfancia.com\/blog\/#\/schema\/person\/41147ec5e3c2cc1be6e2c4520a099ebb","name":"Miguel Escalera Nieto","image":{"@type":"ImageObject","@id":"https:\/\/www.rayuelainfancia.com\/blog\/#personlogo","inLanguage":"es","url":"https:\/\/secure.gravatar.com\/avatar\/73bd613c804680e46df318e272f0e837?s=96&d=mm&r=g","contentUrl":"https:\/\/secure.gravatar.com\/avatar\/73bd613c804680e46df318e272f0e837?s=96&d=mm&r=g","caption":"Miguel Escalera Nieto"}}]}},"_links":{"self":[{"href":"https:\/\/www.rayuelainfancia.com\/blog\/wp-json\/wp\/v2\/posts\/619"}],"collection":[{"href":"https:\/\/www.rayuelainfancia.com\/blog\/wp-json\/wp\/v2\/posts"}],"about":[{"href":"https:\/\/www.rayuelainfancia.com\/blog\/wp-json\/wp\/v2\/types\/post"}],"author":[{"embeddable":true,"href":"https:\/\/www.rayuelainfancia.com\/blog\/wp-json\/wp\/v2\/users\/3"}],"replies":[{"embeddable":true,"href":"https:\/\/www.rayuelainfancia.com\/blog\/wp-json\/wp\/v2\/comments?post=619"}],"version-history":[{"count":0,"href":"https:\/\/www.rayuelainfancia.com\/blog\/wp-json\/wp\/v2\/posts\/619\/revisions"}],"wp:featuredmedia":[{"embeddable":true,"href":"https:\/\/www.rayuelainfancia.com\/blog\/wp-json\/wp\/v2\/media\/1034"}],"wp:attachment":[{"href":"https:\/\/www.rayuelainfancia.com\/blog\/wp-json\/wp\/v2\/media?parent=619"}],"wp:term":[{"taxonomy":"category","embeddable":true,"href":"https:\/\/www.rayuelainfancia.com\/blog\/wp-json\/wp\/v2\/categories?post=619"},{"taxonomy":"post_tag","embeddable":true,"href":"https:\/\/www.rayuelainfancia.com\/blog\/wp-json\/wp\/v2\/tags?post=619"}],"curies":[{"name":"wp","href":"https:\/\/api.w.org\/{rel}","templated":true}]}}