 {"id":618,"date":"2016-04-12T11:24:29","date_gmt":"2016-04-12T09:24:29","guid":{"rendered":"http:\/\/rayuelainfancia.desarrollotrevenque.com\/blog\/video-ix-edicion-de-las-ninas-y-los-ninos-cuentan\/"},"modified":"2016-04-12T11:24:29","modified_gmt":"2016-04-12T09:24:29","slug":"video-ix-edicion-de-las-ninas-y-los-ninos-cuentan","status":"publish","type":"post","link":"https:\/\/www.rayuelainfancia.com\/blog\/video-ix-edicion-de-las-ninas-y-los-ninos-cuentan\/","title":{"rendered":"V\u00cdDEO IX EDICI\u00d3N DE LAS NI\u00d1AS Y LOS NI\u00d1OS CUENTAN"},"content":{"rendered":"<p style=\"margin: 0px 0px 6px; color: #141823; font-family: helvetica, arial, sans-serif; font-size: 14px; line-height: 19.32px;\">As\u00ed de bien nos lo pasamos el 2 de Abril (d\u00eda internacional del libro infantil y juvenil) con \u00abLAS NI\u00d1AS Y LOS NI\u00d1OS CUENTAN\u00bb.<\/p>\n<p style=\"margin: 6px 0px 0px; display: inline; color: #141823; font-family: helvetica, arial, sans-serif; font-size: 14px; line-height: 19.32px;\">Si no te quieres perder ninguna de nuestras actividades, reg\u00edstrate en nuestro NEWSLETTER<\/p>\n<p style=\"margin: 6px 0px 0px; display: inline; color: #141823; font-family: helvetica, arial, sans-serif; font-size: 14px; line-height: 19.32px;\">&nbsp;<\/p>\n<p style=\"margin: 6px 0px 0px; display: inline; color: #141823; font-family: helvetica, arial, sans-serif; font-size: 14px; line-height: 19.32px;\">&nbsp;<\/p>\n<p style=\"margin: 6px 0px 0px; display: inline; color: #141823; font-family: helvetica, arial, sans-serif; font-size: 14px; line-height: 19.32px;\">&nbsp;<\/p>\n<p style=\"margin: 6px 0px 0px; display: inline; color: #141823; font-family: helvetica, arial, sans-serif; font-size: 14px; line-height: 19.32px;\">&nbsp;<\/p>\n<p> <iframe loading=\"lazy\" width=\"630\" height=\"354\" src=\"https:\/\/www.youtube.com\/embed\/-FTYXTCBBtI?rel=0&amp;showinfo=0\" frameborder=\"0\" allowfullscreen><\/iframe><\/p>\n","protected":false},"excerpt":{"rendered":"<p>As\u00ed de bien nos lo pasamos el 2 de Abril (d\u00eda internacional del libro infantil y juvenil) con \u00abLAS NI\u00d1AS Y LOS NI\u00d1OS CUENTAN\u00bb. Si no te quieres perder ninguna de nuestras actividades, reg\u00edstrate en nuestro NEWSLETTER &nbsp; &nbsp; &nbsp; &nbsp;<\/p>\n","protected":false},"author":3,"featured_media":0,"comment_status":"open","ping_status":"open","sticky":false,"template":"","format":"standard","meta":[],"categories":[18],"tags":[],"yoast_head":"<!-- This site is optimized with the Yoast SEO plugin v18.5.1 - https:\/\/yoast.com\/wordpress\/plugins\/seo\/ -->\n<title>V\u00cdDEO IX EDICI\u00d3N DE LAS NI\u00d1AS Y LOS NI\u00d1OS CUENTAN &#8902; Blog de Rayuelainfancia<\/title>\n<meta name=\"robots\" content=\"index, follow, max-snippet:-1, max-image-preview:large, max-video-preview:-1\" \/>\n<link rel=\"canonical\" href=\"http:\/\/www.rayuelainfancia.com\/blog\/video-ix-edicion-de-las-ninas-y-los-ninos-cuentan\/\" \/>\n<meta property=\"og:locale\" content=\"es_ES\" \/>\n<meta property=\"og:type\" content=\"article\" \/>\n<meta property=\"og:title\" content=\"V\u00cdDEO IX EDICI\u00d3N DE LAS NI\u00d1AS Y LOS NI\u00d1OS CUENTAN &#8902; Blog de Rayuelainfancia\" \/>\n<meta property=\"og:description\" content=\"As\u00ed de bien nos lo pasamos el 2 de Abril (d\u00eda internacional del libro infantil y juvenil) con \u00abLAS NI\u00d1AS Y LOS NI\u00d1OS CUENTAN\u00bb. Si no te quieres perder ninguna de nuestras actividades, reg\u00edstrate en nuestro NEWSLETTER &nbsp; &nbsp; &nbsp; &nbsp;\" \/>\n<meta property=\"og:url\" content=\"http:\/\/www.rayuelainfancia.com\/blog\/video-ix-edicion-de-las-ninas-y-los-ninos-cuentan\/\" \/>\n<meta property=\"og:site_name\" content=\"Blog de Rayuelainfancia\" \/>\n<meta property=\"article:publisher\" content=\"https:\/\/www.facebook.com\/pages\/Librer\u00eda-Rayuela\/251861686361\" \/>\n<meta property=\"article:published_time\" content=\"2016-04-12T09:24:29+00:00\" \/>\n<meta name=\"twitter:card\" content=\"summary\" \/>\n<meta name=\"twitter:creator\" content=\"@Rayuelainfancia\" \/>\n<meta name=\"twitter:site\" content=\"@Rayuelainfancia\" \/>\n<meta name=\"twitter:label1\" content=\"Written by\" \/>\n\t<meta name=\"twitter:data1\" content=\"Miguel Escalera Nieto\" \/>\n<script type=\"application\/ld+json\" class=\"yoast-schema-graph\">{\"@context\":\"https:\/\/schema.org\",\"@graph\":[{\"@type\":\"Organization\",\"@id\":\"https:\/\/www.rayuelainfancia.com\/blog\/#organization\",\"name\":\"Rayuelainfancia\",\"url\":\"https:\/\/www.rayuelainfancia.com\/blog\/\",\"sameAs\":[\"https:\/\/www.facebook.com\/pages\/Librer\u00eda-Rayuela\/251861686361\",\"https:\/\/www.youtube.com\/channel\/UCddVaoDjpTp-DexyEVoyazQ\",\"https:\/\/twitter.com\/Rayuelainfancia\"],\"logo\":{\"@type\":\"ImageObject\",\"@id\":\"https:\/\/www.rayuelainfancia.com\/blog\/#logo\",\"inLanguage\":\"es\",\"url\":\"https:\/\/www.rayuelainfancia.com\/blog\/wp-content\/uploads\/2018\/06\/logo-rayuelainfancia-color-corporativo.png\",\"contentUrl\":\"https:\/\/www.rayuelainfancia.com\/blog\/wp-content\/uploads\/2018\/06\/logo-rayuelainfancia-color-corporativo.png\",\"width\":1200,\"height\":680,\"caption\":\"Rayuelainfancia\"},\"image\":{\"@id\":\"https:\/\/www.rayuelainfancia.com\/blog\/#logo\"}},{\"@type\":\"WebSite\",\"@id\":\"https:\/\/www.rayuelainfancia.com\/blog\/#website\",\"url\":\"https:\/\/www.rayuelainfancia.com\/blog\/\",\"name\":\"Blog de Rayuelainfancia\",\"description\":\"Libros infantiles y juegos educaticos respestuosos con la infancia\",\"publisher\":{\"@id\":\"https:\/\/www.rayuelainfancia.com\/blog\/#organization\"},\"potentialAction\":[{\"@type\":\"SearchAction\",\"target\":{\"@type\":\"EntryPoint\",\"urlTemplate\":\"https:\/\/www.rayuelainfancia.com\/blog\/?s={search_term_string}\"},\"query-input\":\"required name=search_term_string\"}],\"inLanguage\":\"es\"},{\"@type\":\"WebPage\",\"@id\":\"http:\/\/www.rayuelainfancia.com\/blog\/video-ix-edicion-de-las-ninas-y-los-ninos-cuentan\/#webpage\",\"url\":\"http:\/\/www.rayuelainfancia.com\/blog\/video-ix-edicion-de-las-ninas-y-los-ninos-cuentan\/\",\"name\":\"V\u00cdDEO IX EDICI\u00d3N DE LAS NI\u00d1AS Y LOS NI\u00d1OS CUENTAN &#8902; Blog de Rayuelainfancia\",\"isPartOf\":{\"@id\":\"https:\/\/www.rayuelainfancia.com\/blog\/#website\"},\"datePublished\":\"2016-04-12T09:24:29+00:00\",\"dateModified\":\"2016-04-12T09:24:29+00:00\",\"breadcrumb\":{\"@id\":\"http:\/\/www.rayuelainfancia.com\/blog\/video-ix-edicion-de-las-ninas-y-los-ninos-cuentan\/#breadcrumb\"},\"inLanguage\":\"es\",\"potentialAction\":[{\"@type\":\"ReadAction\",\"target\":[\"http:\/\/www.rayuelainfancia.com\/blog\/video-ix-edicion-de-las-ninas-y-los-ninos-cuentan\/\"]}]},{\"@type\":\"BreadcrumbList\",\"@id\":\"http:\/\/www.rayuelainfancia.com\/blog\/video-ix-edicion-de-las-ninas-y-los-ninos-cuentan\/#breadcrumb\",\"itemListElement\":[{\"@type\":\"ListItem\",\"position\":1,\"name\":\"Portada\",\"item\":\"https:\/\/www.rayuelainfancia.com\/blog\/\"},{\"@type\":\"ListItem\",\"position\":2,\"name\":\"V\u00cdDEO IX EDICI\u00d3N DE LAS NI\u00d1AS Y LOS NI\u00d1OS CUENTAN\"}]},{\"@type\":\"Article\",\"@id\":\"http:\/\/www.rayuelainfancia.com\/blog\/video-ix-edicion-de-las-ninas-y-los-ninos-cuentan\/#article\",\"isPartOf\":{\"@id\":\"http:\/\/www.rayuelainfancia.com\/blog\/video-ix-edicion-de-las-ninas-y-los-ninos-cuentan\/#webpage\"},\"author\":{\"@id\":\"https:\/\/www.rayuelainfancia.com\/blog\/#\/schema\/person\/41147ec5e3c2cc1be6e2c4520a099ebb\"},\"headline\":\"V\u00cdDEO IX EDICI\u00d3N DE LAS NI\u00d1AS Y LOS NI\u00d1OS CUENTAN\",\"datePublished\":\"2016-04-12T09:24:29+00:00\",\"dateModified\":\"2016-04-12T09:24:29+00:00\",\"mainEntityOfPage\":{\"@id\":\"http:\/\/www.rayuelainfancia.com\/blog\/video-ix-edicion-de-las-ninas-y-los-ninos-cuentan\/#webpage\"},\"wordCount\":58,\"commentCount\":0,\"publisher\":{\"@id\":\"https:\/\/www.rayuelainfancia.com\/blog\/#organization\"},\"articleSection\":[\"Actividades Cuentacuentos\"],\"inLanguage\":\"es\",\"potentialAction\":[{\"@type\":\"CommentAction\",\"name\":\"Comment\",\"target\":[\"http:\/\/www.rayuelainfancia.com\/blog\/video-ix-edicion-de-las-ninas-y-los-ninos-cuentan\/#respond\"]}]},{\"@type\":\"Person\",\"@id\":\"https:\/\/www.rayuelainfancia.com\/blog\/#\/schema\/person\/41147ec5e3c2cc1be6e2c4520a099ebb\",\"name\":\"Miguel Escalera Nieto\",\"image\":{\"@type\":\"ImageObject\",\"@id\":\"https:\/\/www.rayuelainfancia.com\/blog\/#personlogo\",\"inLanguage\":\"es\",\"url\":\"https:\/\/secure.gravatar.com\/avatar\/73bd613c804680e46df318e272f0e837?s=96&d=mm&r=g\",\"contentUrl\":\"https:\/\/secure.gravatar.com\/avatar\/73bd613c804680e46df318e272f0e837?s=96&d=mm&r=g\",\"caption\":\"Miguel Escalera Nieto\"}}]}<\/script>\n<!-- \/ Yoast SEO plugin. -->","yoast_head_json":{"title":"V\u00cdDEO IX EDICI\u00d3N DE LAS NI\u00d1AS Y LOS NI\u00d1OS CUENTAN &#8902; Blog de Rayuelainfancia","robots":{"index":"index","follow":"follow","max-snippet":"max-snippet:-1","max-image-preview":"max-image-preview:large","max-video-preview":"max-video-preview:-1"},"canonical":"http:\/\/www.rayuelainfancia.com\/blog\/video-ix-edicion-de-las-ninas-y-los-ninos-cuentan\/","og_locale":"es_ES","og_type":"article","og_title":"V\u00cdDEO IX EDICI\u00d3N DE LAS NI\u00d1AS Y LOS NI\u00d1OS CUENTAN &#8902; Blog de Rayuelainfancia","og_description":"As\u00ed de bien nos lo pasamos el 2 de Abril (d\u00eda internacional del libro infantil y juvenil) con \u00abLAS NI\u00d1AS Y LOS NI\u00d1OS CUENTAN\u00bb. Si no te quieres perder ninguna de nuestras actividades, reg\u00edstrate en nuestro NEWSLETTER &nbsp; &nbsp; &nbsp; &nbsp;","og_url":"http:\/\/www.rayuelainfancia.com\/blog\/video-ix-edicion-de-las-ninas-y-los-ninos-cuentan\/","og_site_name":"Blog de Rayuelainfancia","article_publisher":"https:\/\/www.facebook.com\/pages\/Librer\u00eda-Rayuela\/251861686361","article_published_time":"2016-04-12T09:24:29+00:00","twitter_card":"summary","twitter_creator":"@Rayuelainfancia","twitter_site":"@Rayuelainfancia","twitter_misc":{"Written by":"Miguel Escalera Nieto"},"schema":{"@context":"https:\/\/schema.org","@graph":[{"@type":"Organization","@id":"https:\/\/www.rayuelainfancia.com\/blog\/#organization","name":"Rayuelainfancia","url":"https:\/\/www.rayuelainfancia.com\/blog\/","sameAs":["https:\/\/www.facebook.com\/pages\/Librer\u00eda-Rayuela\/251861686361","https:\/\/www.youtube.com\/channel\/UCddVaoDjpTp-DexyEVoyazQ","https:\/\/twitter.com\/Rayuelainfancia"],"logo":{"@type":"ImageObject","@id":"https:\/\/www.rayuelainfancia.com\/blog\/#logo","inLanguage":"es","url":"https:\/\/www.rayuelainfancia.com\/blog\/wp-content\/uploads\/2018\/06\/logo-rayuelainfancia-color-corporativo.png","contentUrl":"https:\/\/www.rayuelainfancia.com\/blog\/wp-content\/uploads\/2018\/06\/logo-rayuelainfancia-color-corporativo.png","width":1200,"height":680,"caption":"Rayuelainfancia"},"image":{"@id":"https:\/\/www.rayuelainfancia.com\/blog\/#logo"}},{"@type":"WebSite","@id":"https:\/\/www.rayuelainfancia.com\/blog\/#website","url":"https:\/\/www.rayuelainfancia.com\/blog\/","name":"Blog de Rayuelainfancia","description":"Libros infantiles y juegos educaticos respestuosos con la infancia","publisher":{"@id":"https:\/\/www.rayuelainfancia.com\/blog\/#organization"},"potentialAction":[{"@type":"SearchAction","target":{"@type":"EntryPoint","urlTemplate":"https:\/\/www.rayuelainfancia.com\/blog\/?s={search_term_string}"},"query-input":"required name=search_term_string"}],"inLanguage":"es"},{"@type":"WebPage","@id":"http:\/\/www.rayuelainfancia.com\/blog\/video-ix-edicion-de-las-ninas-y-los-ninos-cuentan\/#webpage","url":"http:\/\/www.rayuelainfancia.com\/blog\/video-ix-edicion-de-las-ninas-y-los-ninos-cuentan\/","name":"V\u00cdDEO IX EDICI\u00d3N DE LAS NI\u00d1AS Y LOS NI\u00d1OS CUENTAN &#8902; Blog de Rayuelainfancia","isPartOf":{"@id":"https:\/\/www.rayuelainfancia.com\/blog\/#website"},"datePublished":"2016-04-12T09:24:29+00:00","dateModified":"2016-04-12T09:24:29+00:00","breadcrumb":{"@id":"http:\/\/www.rayuelainfancia.com\/blog\/video-ix-edicion-de-las-ninas-y-los-ninos-cuentan\/#breadcrumb"},"inLanguage":"es","potentialAction":[{"@type":"ReadAction","target":["http:\/\/www.rayuelainfancia.com\/blog\/video-ix-edicion-de-las-ninas-y-los-ninos-cuentan\/"]}]},{"@type":"BreadcrumbList","@id":"http:\/\/www.rayuelainfancia.com\/blog\/video-ix-edicion-de-las-ninas-y-los-ninos-cuentan\/#breadcrumb","itemListElement":[{"@type":"ListItem","position":1,"name":"Portada","item":"https:\/\/www.rayuelainfancia.com\/blog\/"},{"@type":"ListItem","position":2,"name":"V\u00cdDEO IX EDICI\u00d3N DE LAS NI\u00d1AS Y LOS NI\u00d1OS CUENTAN"}]},{"@type":"Article","@id":"http:\/\/www.rayuelainfancia.com\/blog\/video-ix-edicion-de-las-ninas-y-los-ninos-cuentan\/#article","isPartOf":{"@id":"http:\/\/www.rayuelainfancia.com\/blog\/video-ix-edicion-de-las-ninas-y-los-ninos-cuentan\/#webpage"},"author":{"@id":"https:\/\/www.rayuelainfancia.com\/blog\/#\/schema\/person\/41147ec5e3c2cc1be6e2c4520a099ebb"},"headline":"V\u00cdDEO IX EDICI\u00d3N DE LAS NI\u00d1AS Y LOS NI\u00d1OS CUENTAN","datePublished":"2016-04-12T09:24:29+00:00","dateModified":"2016-04-12T09:24:29+00:00","mainEntityOfPage":{"@id":"http:\/\/www.rayuelainfancia.com\/blog\/video-ix-edicion-de-las-ninas-y-los-ninos-cuentan\/#webpage"},"wordCount":58,"commentCount":0,"publisher":{"@id":"https:\/\/www.rayuelainfancia.com\/blog\/#organization"},"articleSection":["Actividades Cuentacuentos"],"inLanguage":"es","potentialAction":[{"@type":"CommentAction","name":"Comment","target":["http:\/\/www.rayuelainfancia.com\/blog\/video-ix-edicion-de-las-ninas-y-los-ninos-cuentan\/#respond"]}]},{"@type":"Person","@id":"https:\/\/www.rayuelainfancia.com\/blog\/#\/schema\/person\/41147ec5e3c2cc1be6e2c4520a099ebb","name":"Miguel Escalera Nieto","image":{"@type":"ImageObject","@id":"https:\/\/www.rayuelainfancia.com\/blog\/#personlogo","inLanguage":"es","url":"https:\/\/secure.gravatar.com\/avatar\/73bd613c804680e46df318e272f0e837?s=96&d=mm&r=g","contentUrl":"https:\/\/secure.gravatar.com\/avatar\/73bd613c804680e46df318e272f0e837?s=96&d=mm&r=g","caption":"Miguel Escalera Nieto"}}]}},"_links":{"self":[{"href":"https:\/\/www.rayuelainfancia.com\/blog\/wp-json\/wp\/v2\/posts\/618"}],"collection":[{"href":"https:\/\/www.rayuelainfancia.com\/blog\/wp-json\/wp\/v2\/posts"}],"about":[{"href":"https:\/\/www.rayuelainfancia.com\/blog\/wp-json\/wp\/v2\/types\/post"}],"author":[{"embeddable":true,"href":"https:\/\/www.rayuelainfancia.com\/blog\/wp-json\/wp\/v2\/users\/3"}],"replies":[{"embeddable":true,"href":"https:\/\/www.rayuelainfancia.com\/blog\/wp-json\/wp\/v2\/comments?post=618"}],"version-history":[{"count":0,"href":"https:\/\/www.rayuelainfancia.com\/blog\/wp-json\/wp\/v2\/posts\/618\/revisions"}],"wp:attachment":[{"href":"https:\/\/www.rayuelainfancia.com\/blog\/wp-json\/wp\/v2\/media?parent=618"}],"wp:term":[{"taxonomy":"category","embeddable":true,"href":"https:\/\/www.rayuelainfancia.com\/blog\/wp-json\/wp\/v2\/categories?post=618"},{"taxonomy":"post_tag","embeddable":true,"href":"https:\/\/www.rayuelainfancia.com\/blog\/wp-json\/wp\/v2\/tags?post=618"}],"curies":[{"name":"wp","href":"https:\/\/api.w.org\/{rel}","templated":true}]}}