 {"id":615,"date":"2016-03-21T13:20:48","date_gmt":"2016-03-21T12:20:48","guid":{"rendered":"http:\/\/rayuelainfancia.desarrollotrevenque.com\/blog\/semana-especial-de-eventos-para-celebrar-el-dia-del-libro-infantil-y-juvenil\/"},"modified":"2016-03-21T13:20:48","modified_gmt":"2016-03-21T12:20:48","slug":"semana-especial-de-eventos-para-celebrar-el-dia-del-libro-infantil-y-juvenil","status":"publish","type":"post","link":"https:\/\/www.rayuelainfancia.com\/blog\/semana-especial-de-eventos-para-celebrar-el-dia-del-libro-infantil-y-juvenil\/","title":{"rendered":"SEMANA ESPECIAL PARA CELEBRAR EL D\u00cdA DEL LIBRO INFANTIL Y JUVENIL"},"content":{"rendered":"<p>C\u00f3mo sab\u00e9is, un a\u00f1o m\u00e1s celebraremos nuestro d\u00eda m\u00e1s especial: El d\u00eda internacional del libro infantil y juvenil que se conmemora el 2 de abril coincidiendo con el nacimiento del escritor dan\u00e9s Hans Christian Andersen. Esperando compartirlas con vosotras y vosotros&#8230; ah\u00ed van:<\/p>\n<p>&nbsp;<\/p>\n<p><strong><img loading=\"lazy\" class=\" size-full wp-image-1031\" src=\"http:\/\/rayuelainfancia.desarrollotrevenque.com\/blog\/wp-content\/uploads\/2016\/03\/al-sur-alameda.jpg\" alt=\"al-sur-alameda\" height=\"355\" width=\"630\" srcset=\"https:\/\/www.rayuelainfancia.com\/blog\/wp-content\/uploads\/2016\/03\/al-sur-alameda.jpg 630w, https:\/\/www.rayuelainfancia.com\/blog\/wp-content\/uploads\/2016\/03\/al-sur-alameda-300x169.jpg 300w\" sizes=\"(max-width: 630px) 100vw, 630px\" \/><\/strong><\/p>\n<p>Martes 29 de Marzo, a las 19,30<br \/><strong>AL SUR DE LA ALAMEDA<\/strong><br \/>Un encuentro muy especial con Lola Larra, una escritora chilena que ha recibido varios premios nacionales e internacionales por su novela juvenil \u00abAl sur de la Alameda\u00bb. Una novela que se desarrolla en torno a un hecho real, una movilizaci\u00f3n estudiantil a la que se denomin\u00f3 \u00abla revoluci\u00f3n ping\u00fcina\u00bb. Una novela de adolescentes y j\u00f3venes para todas y todos los que queramos leerla. Una oportunidad&#8230; \u00a1No te la pierdas!<\/p>\n<p><strong style=\"font-size: 12.16px; line-height: 15.808px;\">&nbsp;<\/strong><\/p>\n<p><strong style=\"font-size: 12.16px; line-height: 15.808px;\"><img loading=\"lazy\" class=\" size-full wp-image-1032\" src=\"http:\/\/rayuelainfancia.desarrollotrevenque.com\/blog\/wp-content\/uploads\/2016\/03\/CARTEL-SONANDO-CUENTOS.jpg\" alt=\"CARTEL-SONANDO-CUENTOS\" height=\"891\" width=\"630\" srcset=\"https:\/\/www.rayuelainfancia.com\/blog\/wp-content\/uploads\/2016\/03\/CARTEL-SONANDO-CUENTOS.jpg 630w, https:\/\/www.rayuelainfancia.com\/blog\/wp-content\/uploads\/2016\/03\/CARTEL-SONANDO-CUENTOS-212x300.jpg 212w\" sizes=\"(max-width: 630px) 100vw, 630px\" \/><\/strong><\/p>\n<p>Viernes 1 de Abril, a las 19:30<br \/><strong>INAUGURACI\u00d3N DE EXPOSICI\u00d3N FOTOGR\u00c1FICA<\/strong><br \/>Una exposici\u00f3n de fotograf\u00edas que han participado en el \u00abI Concurso de fotograf\u00eda So\u00f1ando Cuentos\u00bb Im\u00e1genes que nos transportan a mundos imaginarios, algunas tiernas, otras originales, de ensue\u00f1o, sencillas, que crean v\u00ednculos, todas ellas relacionadas con el mundo del cuento, de los libros y de la lectura. Inauguramos la exposici\u00f3n con Jos\u00e9 Carlos Rom\u00e1n, como uno de los principales organizadores de este concurso, nos contar\u00e1 como se fragu\u00f3 todo.&nbsp;\u00a1Te esperamos!<\/p>\n<p>&nbsp;<\/p>\n<p><a href=\"index.php?option=com_content&amp;view=article&amp;layout=edit&amp;id=614\"><strong style=\"font-size: 12.16px; line-height: 15.808px;\"><img loading=\"lazy\" class=\" size-full wp-image-1030\" src=\"http:\/\/rayuelainfancia.desarrollotrevenque.com\/blog\/wp-content\/uploads\/2016\/03\/web-ninos-ninas-cuentan.jpg\" alt=\"web-ninos-ninas-cuentan\" height=\"596\" width=\"630\" srcset=\"https:\/\/www.rayuelainfancia.com\/blog\/wp-content\/uploads\/2016\/03\/web-ninos-ninas-cuentan.jpg 1000w, https:\/\/www.rayuelainfancia.com\/blog\/wp-content\/uploads\/2016\/03\/web-ninos-ninas-cuentan-300x284.jpg 300w, https:\/\/www.rayuelainfancia.com\/blog\/wp-content\/uploads\/2016\/03\/web-ninos-ninas-cuentan-768x727.jpg 768w\" sizes=\"(max-width: 630px) 100vw, 630px\" \/><\/strong><\/a><\/p>\n<p>S\u00e1bado 2 de Abril a las 12:00, en Rayuela<br \/><strong>LAS NI\u00d1AS Y LOS NI\u00d1OS CUENTAN<\/strong><br \/>Cu\u00e9ntanos un cuento, por favoooor&#8230; T\u00fa tienes la palabra ese d\u00eda y t\u00fa eres el\/la protagonista.Un cl\u00e1sico rayuelero en conmemoraci\u00f3n de \u00abEl d\u00eda internacional del libro infantil y juvenil\u00bb, que se celebra el 2 de Abril, el d\u00eda en que naci\u00f3 Andersen.&nbsp;<a href=\"index.php?option=com_content&amp;view=article&amp;layout=edit&amp;id=614\"><strong style=\"font-size: 12.16px; line-height: 15.808px;\">VER M\u00c1S<\/strong><\/a><\/p>\n<p>&nbsp;<\/p>\n<p><strong><img loading=\"lazy\" class=\" size-full wp-image-864\" src=\"http:\/\/rayuelainfancia.desarrollotrevenque.com\/blog\/wp-content\/uploads\/2015\/02\/noche_magica_rayuela_libreria.jpg\" alt=\"noche magica rayuela libreria\" height=\"891\" width=\"630\" \/><\/strong><\/p>\n<p>S\u00e1bado 2 de Abril, a partir de las 21 horas en Rayuela:<br \/><strong>NOCHE M\u00c1GICA: VIAJE EN EL TIEMPO<\/strong><br \/>Una nueva aventura nocturna, viajando entre el presente y el pasado, en la que encontraremos personajes misteriosos y relatos m\u00e1gicos que est\u00e1n escondidos en los pliegues del tiempo.<br \/>Pasa una noche enterita con nosotros y con los personajes que habitan en los libros. Una noche misteriosa, diferente, acompa\u00f1ados de Adriano (Asociaci\u00f3n Cultural La Voz que Escucha), Miguel y una persona del equipo rayuelero. Puedes venir con alg\u00fan amigo o amiga, por si te da la friolera, pero no con muchos, pues as\u00ed har\u00e1s amistades nuevas en esta noche tan especial. <a href=\"index.php?option=com_content&amp;view=article&amp;layout=edit&amp;id=616\"><strong>VER M\u00c1S<\/strong><\/a><\/p>\n","protected":false},"excerpt":{"rendered":"<p>C\u00f3mo sab\u00e9is, un a\u00f1o m\u00e1s celebraremos nuestro d\u00eda m\u00e1s especial: El d\u00eda internacional del libro infantil y juvenil que se conmemora el 2 de abril coincidiendo con el nacimiento del escritor dan\u00e9s Hans Christian Andersen. Esperando compartirlas con vosotras y vosotros&#8230; ah\u00ed van: &nbsp; Martes 29 de Marzo, a las 19,30AL SUR DE LA ALAMEDAUn [&hellip;]<\/p>\n","protected":false},"author":3,"featured_media":1031,"comment_status":"open","ping_status":"open","sticky":false,"template":"","format":"standard","meta":[],"categories":[18],"tags":[],"yoast_head":"<!-- This site is optimized with the Yoast SEO plugin v18.5.1 - https:\/\/yoast.com\/wordpress\/plugins\/seo\/ -->\n<title>SEMANA ESPECIAL PARA CELEBRAR EL D\u00cdA DEL LIBRO INFANTIL Y JUVENIL &#8902; Blog de Rayuelainfancia<\/title>\n<meta name=\"robots\" content=\"index, follow, max-snippet:-1, max-image-preview:large, max-video-preview:-1\" \/>\n<link rel=\"canonical\" href=\"https:\/\/www.rayuelainfancia.com\/blog\/semana-especial-de-eventos-para-celebrar-el-dia-del-libro-infantil-y-juvenil\/\" \/>\n<meta property=\"og:locale\" content=\"es_ES\" \/>\n<meta property=\"og:type\" content=\"article\" \/>\n<meta property=\"og:title\" content=\"SEMANA ESPECIAL PARA CELEBRAR EL D\u00cdA DEL LIBRO INFANTIL Y JUVENIL &#8902; Blog de Rayuelainfancia\" \/>\n<meta property=\"og:description\" content=\"C\u00f3mo sab\u00e9is, un a\u00f1o m\u00e1s celebraremos nuestro d\u00eda m\u00e1s especial: El d\u00eda internacional del libro infantil y juvenil que se conmemora el 2 de abril coincidiendo con el nacimiento del escritor dan\u00e9s Hans Christian Andersen. Esperando compartirlas con vosotras y vosotros&#8230; ah\u00ed van: &nbsp; Martes 29 de Marzo, a las 19,30AL SUR DE LA ALAMEDAUn [&hellip;]\" \/>\n<meta property=\"og:url\" content=\"https:\/\/www.rayuelainfancia.com\/blog\/semana-especial-de-eventos-para-celebrar-el-dia-del-libro-infantil-y-juvenil\/\" \/>\n<meta property=\"og:site_name\" content=\"Blog de Rayuelainfancia\" \/>\n<meta property=\"article:publisher\" content=\"https:\/\/www.facebook.com\/pages\/Librer\u00eda-Rayuela\/251861686361\" \/>\n<meta property=\"article:published_time\" content=\"2016-03-21T12:20:48+00:00\" \/>\n<meta property=\"og:image\" content=\"https:\/\/www.rayuelainfancia.com\/blog\/wp-content\/uploads\/2016\/03\/al-sur-alameda.jpg\" \/>\n\t<meta property=\"og:image:width\" content=\"630\" \/>\n\t<meta property=\"og:image:height\" content=\"355\" \/>\n\t<meta property=\"og:image:type\" content=\"image\/jpeg\" \/>\n<meta name=\"twitter:card\" content=\"summary\" \/>\n<meta name=\"twitter:creator\" content=\"@Rayuelainfancia\" \/>\n<meta name=\"twitter:site\" content=\"@Rayuelainfancia\" \/>\n<meta name=\"twitter:label1\" content=\"Written by\" \/>\n\t<meta name=\"twitter:data1\" content=\"Miguel Escalera Nieto\" \/>\n\t<meta name=\"twitter:label2\" content=\"Est. reading time\" \/>\n\t<meta name=\"twitter:data2\" content=\"2 minutos\" \/>\n<script type=\"application\/ld+json\" class=\"yoast-schema-graph\">{\"@context\":\"https:\/\/schema.org\",\"@graph\":[{\"@type\":\"Organization\",\"@id\":\"https:\/\/www.rayuelainfancia.com\/blog\/#organization\",\"name\":\"Rayuelainfancia\",\"url\":\"https:\/\/www.rayuelainfancia.com\/blog\/\",\"sameAs\":[\"https:\/\/www.facebook.com\/pages\/Librer\u00eda-Rayuela\/251861686361\",\"https:\/\/www.youtube.com\/channel\/UCddVaoDjpTp-DexyEVoyazQ\",\"https:\/\/twitter.com\/Rayuelainfancia\"],\"logo\":{\"@type\":\"ImageObject\",\"@id\":\"https:\/\/www.rayuelainfancia.com\/blog\/#logo\",\"inLanguage\":\"es\",\"url\":\"https:\/\/www.rayuelainfancia.com\/blog\/wp-content\/uploads\/2018\/06\/logo-rayuelainfancia-color-corporativo.png\",\"contentUrl\":\"https:\/\/www.rayuelainfancia.com\/blog\/wp-content\/uploads\/2018\/06\/logo-rayuelainfancia-color-corporativo.png\",\"width\":1200,\"height\":680,\"caption\":\"Rayuelainfancia\"},\"image\":{\"@id\":\"https:\/\/www.rayuelainfancia.com\/blog\/#logo\"}},{\"@type\":\"WebSite\",\"@id\":\"https:\/\/www.rayuelainfancia.com\/blog\/#website\",\"url\":\"https:\/\/www.rayuelainfancia.com\/blog\/\",\"name\":\"Blog de Rayuelainfancia\",\"description\":\"Libros infantiles y juegos educaticos respestuosos con la infancia\",\"publisher\":{\"@id\":\"https:\/\/www.rayuelainfancia.com\/blog\/#organization\"},\"potentialAction\":[{\"@type\":\"SearchAction\",\"target\":{\"@type\":\"EntryPoint\",\"urlTemplate\":\"https:\/\/www.rayuelainfancia.com\/blog\/?s={search_term_string}\"},\"query-input\":\"required name=search_term_string\"}],\"inLanguage\":\"es\"},{\"@type\":\"ImageObject\",\"@id\":\"https:\/\/www.rayuelainfancia.com\/blog\/semana-especial-de-eventos-para-celebrar-el-dia-del-libro-infantil-y-juvenil\/#primaryimage\",\"inLanguage\":\"es\",\"url\":\"https:\/\/www.rayuelainfancia.com\/blog\/wp-content\/uploads\/2016\/03\/al-sur-alameda.jpg\",\"contentUrl\":\"https:\/\/www.rayuelainfancia.com\/blog\/wp-content\/uploads\/2016\/03\/al-sur-alameda.jpg\",\"width\":630,\"height\":355,\"caption\":\"al-sur-alameda\"},{\"@type\":\"WebPage\",\"@id\":\"https:\/\/www.rayuelainfancia.com\/blog\/semana-especial-de-eventos-para-celebrar-el-dia-del-libro-infantil-y-juvenil\/#webpage\",\"url\":\"https:\/\/www.rayuelainfancia.com\/blog\/semana-especial-de-eventos-para-celebrar-el-dia-del-libro-infantil-y-juvenil\/\",\"name\":\"SEMANA ESPECIAL PARA CELEBRAR EL D\u00cdA DEL LIBRO INFANTIL Y JUVENIL &#8902; Blog de Rayuelainfancia\",\"isPartOf\":{\"@id\":\"https:\/\/www.rayuelainfancia.com\/blog\/#website\"},\"primaryImageOfPage\":{\"@id\":\"https:\/\/www.rayuelainfancia.com\/blog\/semana-especial-de-eventos-para-celebrar-el-dia-del-libro-infantil-y-juvenil\/#primaryimage\"},\"datePublished\":\"2016-03-21T12:20:48+00:00\",\"dateModified\":\"2016-03-21T12:20:48+00:00\",\"breadcrumb\":{\"@id\":\"https:\/\/www.rayuelainfancia.com\/blog\/semana-especial-de-eventos-para-celebrar-el-dia-del-libro-infantil-y-juvenil\/#breadcrumb\"},\"inLanguage\":\"es\",\"potentialAction\":[{\"@type\":\"ReadAction\",\"target\":[\"https:\/\/www.rayuelainfancia.com\/blog\/semana-especial-de-eventos-para-celebrar-el-dia-del-libro-infantil-y-juvenil\/\"]}]},{\"@type\":\"BreadcrumbList\",\"@id\":\"https:\/\/www.rayuelainfancia.com\/blog\/semana-especial-de-eventos-para-celebrar-el-dia-del-libro-infantil-y-juvenil\/#breadcrumb\",\"itemListElement\":[{\"@type\":\"ListItem\",\"position\":1,\"name\":\"Portada\",\"item\":\"https:\/\/www.rayuelainfancia.com\/blog\/\"},{\"@type\":\"ListItem\",\"position\":2,\"name\":\"SEMANA ESPECIAL PARA CELEBRAR EL D\u00cdA DEL LIBRO INFANTIL Y JUVENIL\"}]},{\"@type\":\"Article\",\"@id\":\"https:\/\/www.rayuelainfancia.com\/blog\/semana-especial-de-eventos-para-celebrar-el-dia-del-libro-infantil-y-juvenil\/#article\",\"isPartOf\":{\"@id\":\"https:\/\/www.rayuelainfancia.com\/blog\/semana-especial-de-eventos-para-celebrar-el-dia-del-libro-infantil-y-juvenil\/#webpage\"},\"author\":{\"@id\":\"https:\/\/www.rayuelainfancia.com\/blog\/#\/schema\/person\/41147ec5e3c2cc1be6e2c4520a099ebb\"},\"headline\":\"SEMANA ESPECIAL PARA CELEBRAR EL D\u00cdA DEL LIBRO INFANTIL Y JUVENIL\",\"datePublished\":\"2016-03-21T12:20:48+00:00\",\"dateModified\":\"2016-03-21T12:20:48+00:00\",\"mainEntityOfPage\":{\"@id\":\"https:\/\/www.rayuelainfancia.com\/blog\/semana-especial-de-eventos-para-celebrar-el-dia-del-libro-infantil-y-juvenil\/#webpage\"},\"wordCount\":423,\"commentCount\":0,\"publisher\":{\"@id\":\"https:\/\/www.rayuelainfancia.com\/blog\/#organization\"},\"image\":{\"@id\":\"https:\/\/www.rayuelainfancia.com\/blog\/semana-especial-de-eventos-para-celebrar-el-dia-del-libro-infantil-y-juvenil\/#primaryimage\"},\"thumbnailUrl\":\"https:\/\/www.rayuelainfancia.com\/blog\/wp-content\/uploads\/2016\/03\/al-sur-alameda.jpg\",\"articleSection\":[\"Actividades Cuentacuentos\"],\"inLanguage\":\"es\",\"potentialAction\":[{\"@type\":\"CommentAction\",\"name\":\"Comment\",\"target\":[\"https:\/\/www.rayuelainfancia.com\/blog\/semana-especial-de-eventos-para-celebrar-el-dia-del-libro-infantil-y-juvenil\/#respond\"]}]},{\"@type\":\"Person\",\"@id\":\"https:\/\/www.rayuelainfancia.com\/blog\/#\/schema\/person\/41147ec5e3c2cc1be6e2c4520a099ebb\",\"name\":\"Miguel Escalera Nieto\",\"image\":{\"@type\":\"ImageObject\",\"@id\":\"https:\/\/www.rayuelainfancia.com\/blog\/#personlogo\",\"inLanguage\":\"es\",\"url\":\"https:\/\/secure.gravatar.com\/avatar\/73bd613c804680e46df318e272f0e837?s=96&d=mm&r=g\",\"contentUrl\":\"https:\/\/secure.gravatar.com\/avatar\/73bd613c804680e46df318e272f0e837?s=96&d=mm&r=g\",\"caption\":\"Miguel Escalera Nieto\"}}]}<\/script>\n<!-- \/ Yoast SEO plugin. -->","yoast_head_json":{"title":"SEMANA ESPECIAL PARA CELEBRAR EL D\u00cdA DEL LIBRO INFANTIL Y JUVENIL &#8902; Blog de Rayuelainfancia","robots":{"index":"index","follow":"follow","max-snippet":"max-snippet:-1","max-image-preview":"max-image-preview:large","max-video-preview":"max-video-preview:-1"},"canonical":"https:\/\/www.rayuelainfancia.com\/blog\/semana-especial-de-eventos-para-celebrar-el-dia-del-libro-infantil-y-juvenil\/","og_locale":"es_ES","og_type":"article","og_title":"SEMANA ESPECIAL PARA CELEBRAR EL D\u00cdA DEL LIBRO INFANTIL Y JUVENIL &#8902; Blog de Rayuelainfancia","og_description":"C\u00f3mo sab\u00e9is, un a\u00f1o m\u00e1s celebraremos nuestro d\u00eda m\u00e1s especial: El d\u00eda internacional del libro infantil y juvenil que se conmemora el 2 de abril coincidiendo con el nacimiento del escritor dan\u00e9s Hans Christian Andersen. Esperando compartirlas con vosotras y vosotros&#8230; ah\u00ed van: &nbsp; Martes 29 de Marzo, a las 19,30AL SUR DE LA ALAMEDAUn [&hellip;]","og_url":"https:\/\/www.rayuelainfancia.com\/blog\/semana-especial-de-eventos-para-celebrar-el-dia-del-libro-infantil-y-juvenil\/","og_site_name":"Blog de Rayuelainfancia","article_publisher":"https:\/\/www.facebook.com\/pages\/Librer\u00eda-Rayuela\/251861686361","article_published_time":"2016-03-21T12:20:48+00:00","og_image":[{"width":630,"height":355,"url":"https:\/\/www.rayuelainfancia.com\/blog\/wp-content\/uploads\/2016\/03\/al-sur-alameda.jpg","type":"image\/jpeg"}],"twitter_card":"summary","twitter_creator":"@Rayuelainfancia","twitter_site":"@Rayuelainfancia","twitter_misc":{"Written by":"Miguel Escalera Nieto","Est. reading time":"2 minutos"},"schema":{"@context":"https:\/\/schema.org","@graph":[{"@type":"Organization","@id":"https:\/\/www.rayuelainfancia.com\/blog\/#organization","name":"Rayuelainfancia","url":"https:\/\/www.rayuelainfancia.com\/blog\/","sameAs":["https:\/\/www.facebook.com\/pages\/Librer\u00eda-Rayuela\/251861686361","https:\/\/www.youtube.com\/channel\/UCddVaoDjpTp-DexyEVoyazQ","https:\/\/twitter.com\/Rayuelainfancia"],"logo":{"@type":"ImageObject","@id":"https:\/\/www.rayuelainfancia.com\/blog\/#logo","inLanguage":"es","url":"https:\/\/www.rayuelainfancia.com\/blog\/wp-content\/uploads\/2018\/06\/logo-rayuelainfancia-color-corporativo.png","contentUrl":"https:\/\/www.rayuelainfancia.com\/blog\/wp-content\/uploads\/2018\/06\/logo-rayuelainfancia-color-corporativo.png","width":1200,"height":680,"caption":"Rayuelainfancia"},"image":{"@id":"https:\/\/www.rayuelainfancia.com\/blog\/#logo"}},{"@type":"WebSite","@id":"https:\/\/www.rayuelainfancia.com\/blog\/#website","url":"https:\/\/www.rayuelainfancia.com\/blog\/","name":"Blog de Rayuelainfancia","description":"Libros infantiles y juegos educaticos respestuosos con la infancia","publisher":{"@id":"https:\/\/www.rayuelainfancia.com\/blog\/#organization"},"potentialAction":[{"@type":"SearchAction","target":{"@type":"EntryPoint","urlTemplate":"https:\/\/www.rayuelainfancia.com\/blog\/?s={search_term_string}"},"query-input":"required name=search_term_string"}],"inLanguage":"es"},{"@type":"ImageObject","@id":"https:\/\/www.rayuelainfancia.com\/blog\/semana-especial-de-eventos-para-celebrar-el-dia-del-libro-infantil-y-juvenil\/#primaryimage","inLanguage":"es","url":"https:\/\/www.rayuelainfancia.com\/blog\/wp-content\/uploads\/2016\/03\/al-sur-alameda.jpg","contentUrl":"https:\/\/www.rayuelainfancia.com\/blog\/wp-content\/uploads\/2016\/03\/al-sur-alameda.jpg","width":630,"height":355,"caption":"al-sur-alameda"},{"@type":"WebPage","@id":"https:\/\/www.rayuelainfancia.com\/blog\/semana-especial-de-eventos-para-celebrar-el-dia-del-libro-infantil-y-juvenil\/#webpage","url":"https:\/\/www.rayuelainfancia.com\/blog\/semana-especial-de-eventos-para-celebrar-el-dia-del-libro-infantil-y-juvenil\/","name":"SEMANA ESPECIAL PARA CELEBRAR EL D\u00cdA DEL LIBRO INFANTIL Y JUVENIL &#8902; Blog de Rayuelainfancia","isPartOf":{"@id":"https:\/\/www.rayuelainfancia.com\/blog\/#website"},"primaryImageOfPage":{"@id":"https:\/\/www.rayuelainfancia.com\/blog\/semana-especial-de-eventos-para-celebrar-el-dia-del-libro-infantil-y-juvenil\/#primaryimage"},"datePublished":"2016-03-21T12:20:48+00:00","dateModified":"2016-03-21T12:20:48+00:00","breadcrumb":{"@id":"https:\/\/www.rayuelainfancia.com\/blog\/semana-especial-de-eventos-para-celebrar-el-dia-del-libro-infantil-y-juvenil\/#breadcrumb"},"inLanguage":"es","potentialAction":[{"@type":"ReadAction","target":["https:\/\/www.rayuelainfancia.com\/blog\/semana-especial-de-eventos-para-celebrar-el-dia-del-libro-infantil-y-juvenil\/"]}]},{"@type":"BreadcrumbList","@id":"https:\/\/www.rayuelainfancia.com\/blog\/semana-especial-de-eventos-para-celebrar-el-dia-del-libro-infantil-y-juvenil\/#breadcrumb","itemListElement":[{"@type":"ListItem","position":1,"name":"Portada","item":"https:\/\/www.rayuelainfancia.com\/blog\/"},{"@type":"ListItem","position":2,"name":"SEMANA ESPECIAL PARA CELEBRAR EL D\u00cdA DEL LIBRO INFANTIL Y JUVENIL"}]},{"@type":"Article","@id":"https:\/\/www.rayuelainfancia.com\/blog\/semana-especial-de-eventos-para-celebrar-el-dia-del-libro-infantil-y-juvenil\/#article","isPartOf":{"@id":"https:\/\/www.rayuelainfancia.com\/blog\/semana-especial-de-eventos-para-celebrar-el-dia-del-libro-infantil-y-juvenil\/#webpage"},"author":{"@id":"https:\/\/www.rayuelainfancia.com\/blog\/#\/schema\/person\/41147ec5e3c2cc1be6e2c4520a099ebb"},"headline":"SEMANA ESPECIAL PARA CELEBRAR EL D\u00cdA DEL LIBRO INFANTIL Y JUVENIL","datePublished":"2016-03-21T12:20:48+00:00","dateModified":"2016-03-21T12:20:48+00:00","mainEntityOfPage":{"@id":"https:\/\/www.rayuelainfancia.com\/blog\/semana-especial-de-eventos-para-celebrar-el-dia-del-libro-infantil-y-juvenil\/#webpage"},"wordCount":423,"commentCount":0,"publisher":{"@id":"https:\/\/www.rayuelainfancia.com\/blog\/#organization"},"image":{"@id":"https:\/\/www.rayuelainfancia.com\/blog\/semana-especial-de-eventos-para-celebrar-el-dia-del-libro-infantil-y-juvenil\/#primaryimage"},"thumbnailUrl":"https:\/\/www.rayuelainfancia.com\/blog\/wp-content\/uploads\/2016\/03\/al-sur-alameda.jpg","articleSection":["Actividades Cuentacuentos"],"inLanguage":"es","potentialAction":[{"@type":"CommentAction","name":"Comment","target":["https:\/\/www.rayuelainfancia.com\/blog\/semana-especial-de-eventos-para-celebrar-el-dia-del-libro-infantil-y-juvenil\/#respond"]}]},{"@type":"Person","@id":"https:\/\/www.rayuelainfancia.com\/blog\/#\/schema\/person\/41147ec5e3c2cc1be6e2c4520a099ebb","name":"Miguel Escalera Nieto","image":{"@type":"ImageObject","@id":"https:\/\/www.rayuelainfancia.com\/blog\/#personlogo","inLanguage":"es","url":"https:\/\/secure.gravatar.com\/avatar\/73bd613c804680e46df318e272f0e837?s=96&d=mm&r=g","contentUrl":"https:\/\/secure.gravatar.com\/avatar\/73bd613c804680e46df318e272f0e837?s=96&d=mm&r=g","caption":"Miguel Escalera Nieto"}}]}},"_links":{"self":[{"href":"https:\/\/www.rayuelainfancia.com\/blog\/wp-json\/wp\/v2\/posts\/615"}],"collection":[{"href":"https:\/\/www.rayuelainfancia.com\/blog\/wp-json\/wp\/v2\/posts"}],"about":[{"href":"https:\/\/www.rayuelainfancia.com\/blog\/wp-json\/wp\/v2\/types\/post"}],"author":[{"embeddable":true,"href":"https:\/\/www.rayuelainfancia.com\/blog\/wp-json\/wp\/v2\/users\/3"}],"replies":[{"embeddable":true,"href":"https:\/\/www.rayuelainfancia.com\/blog\/wp-json\/wp\/v2\/comments?post=615"}],"version-history":[{"count":0,"href":"https:\/\/www.rayuelainfancia.com\/blog\/wp-json\/wp\/v2\/posts\/615\/revisions"}],"wp:featuredmedia":[{"embeddable":true,"href":"https:\/\/www.rayuelainfancia.com\/blog\/wp-json\/wp\/v2\/media\/1031"}],"wp:attachment":[{"href":"https:\/\/www.rayuelainfancia.com\/blog\/wp-json\/wp\/v2\/media?parent=615"}],"wp:term":[{"taxonomy":"category","embeddable":true,"href":"https:\/\/www.rayuelainfancia.com\/blog\/wp-json\/wp\/v2\/categories?post=615"},{"taxonomy":"post_tag","embeddable":true,"href":"https:\/\/www.rayuelainfancia.com\/blog\/wp-json\/wp\/v2\/tags?post=615"}],"curies":[{"name":"wp","href":"https:\/\/api.w.org\/{rel}","templated":true}]}}