 {"id":613,"date":"2016-03-14T12:59:33","date_gmt":"2016-03-14T11:59:33","guid":{"rendered":"http:\/\/rayuelainfancia.desarrollotrevenque.com\/blog\/19-de-marzo-papaito-querido-cuentame-un-cuento-por-favoooor\/"},"modified":"2016-12-14T10:26:46","modified_gmt":"2016-12-14T09:26:46","slug":"19-de-marzo-papaito-querido-cuentame-un-cuento-por-favoooor","status":"publish","type":"post","link":"https:\/\/www.rayuelainfancia.com\/blog\/19-de-marzo-papaito-querido-cuentame-un-cuento-por-favoooor\/","title":{"rendered":"19 DE MARZO: PAPAITO QUERIDO, CU\u00c9NTAME UN CUENTO, POR FAVOOOOR"},"content":{"rendered":"<p><a href=\"http:\/\/www.rayuelatiendaonline.com\/especial\/dia-del-padre\/92\/\" style=\"font-family: Verdana, Arial, Helvetica, sans-serif; font-size: 11px; line-height: normal; text-align: center; background-color: #fbfbf7;\"><img loading=\"lazy\" class=\" size-full wp-image-1029\" src=\"http:\/\/rayuelainfancia.desarrollotrevenque.com\/blog\/wp-content\/uploads\/2016\/03\/deia-del-padre.jpg\" width=\"630\" height=\"374\" alt=\"deia-del-padre\" srcset=\"https:\/\/www.rayuelainfancia.com\/blog\/wp-content\/uploads\/2016\/03\/deia-del-padre.jpg 2000w, https:\/\/www.rayuelainfancia.com\/blog\/wp-content\/uploads\/2016\/03\/deia-del-padre-300x178.jpg 300w, https:\/\/www.rayuelainfancia.com\/blog\/wp-content\/uploads\/2016\/03\/deia-del-padre-768x456.jpg 768w, https:\/\/www.rayuelainfancia.com\/blog\/wp-content\/uploads\/2016\/03\/deia-del-padre-1024x608.jpg 1024w\" sizes=\"(max-width: 630px) 100vw, 630px\" \/><\/a><\/p>\n<div style=\"color: #000000; font-family: Verdana, Arial, Helvetica, sans-serif; font-size: 11px; line-height: normal; background-color: #fbfbf7;\">&nbsp;<\/div>\n<div style=\"color: #000000; font-family: Verdana, Arial, Helvetica, sans-serif; font-size: 11px; line-height: normal; background-color: #fbfbf7;\"><a href=\"http:\/\/www.rayuelatiendaonline.com\/especial\/dia-del-padre\/92\/\">Un pu\u00f1adito de libros<\/a>&nbsp;para que disfrutes con tu ni\u00f1a, con tu ni\u00f1o.<\/div>\n","protected":false},"excerpt":{"rendered":"<p>&nbsp; Un pu\u00f1adito de libros&nbsp;para que disfrutes con tu ni\u00f1a, con tu ni\u00f1o.<\/p>\n","protected":false},"author":3,"featured_media":1029,"comment_status":"open","ping_status":"open","sticky":false,"template":"","format":"standard","meta":[],"categories":[18],"tags":[],"yoast_head":"<!-- This site is optimized with the Yoast SEO plugin v18.5.1 - https:\/\/yoast.com\/wordpress\/plugins\/seo\/ -->\n<title>19 DE MARZO: PAPAITO QUERIDO, CU\u00c9NTAME UN CUENTO, POR FAVOOOOR &#8902; Blog de Rayuelainfancia<\/title>\n<meta name=\"robots\" content=\"index, follow, max-snippet:-1, max-image-preview:large, max-video-preview:-1\" \/>\n<link rel=\"canonical\" href=\"http:\/\/www.rayuelainfancia.com\/blog\/19-de-marzo-papaito-querido-cuentame-un-cuento-por-favoooor\/\" \/>\n<meta property=\"og:locale\" content=\"es_ES\" \/>\n<meta property=\"og:type\" content=\"article\" \/>\n<meta property=\"og:title\" content=\"19 DE MARZO: PAPAITO QUERIDO, CU\u00c9NTAME UN CUENTO, POR FAVOOOOR &#8902; Blog de Rayuelainfancia\" \/>\n<meta property=\"og:description\" content=\"&nbsp; Un pu\u00f1adito de libros&nbsp;para que disfrutes con tu ni\u00f1a, con tu ni\u00f1o.\" \/>\n<meta property=\"og:url\" content=\"http:\/\/www.rayuelainfancia.com\/blog\/19-de-marzo-papaito-querido-cuentame-un-cuento-por-favoooor\/\" \/>\n<meta property=\"og:site_name\" content=\"Blog de Rayuelainfancia\" \/>\n<meta property=\"article:publisher\" content=\"https:\/\/www.facebook.com\/pages\/Librer\u00eda-Rayuela\/251861686361\" \/>\n<meta property=\"article:published_time\" content=\"2016-03-14T11:59:33+00:00\" \/>\n<meta property=\"article:modified_time\" content=\"2016-12-14T09:26:46+00:00\" \/>\n<meta property=\"og:image\" content=\"http:\/\/www.rayuelainfancia.com\/blog\/wp-content\/uploads\/2016\/03\/deia-del-padre.jpg\" \/>\n\t<meta property=\"og:image:width\" content=\"2000\" \/>\n\t<meta property=\"og:image:height\" content=\"1187\" \/>\n\t<meta property=\"og:image:type\" content=\"image\/jpeg\" \/>\n<meta name=\"twitter:card\" content=\"summary\" \/>\n<meta name=\"twitter:creator\" content=\"@Rayuelainfancia\" \/>\n<meta name=\"twitter:site\" content=\"@Rayuelainfancia\" \/>\n<meta name=\"twitter:label1\" content=\"Written by\" \/>\n\t<meta name=\"twitter:data1\" content=\"Miguel Escalera Nieto\" \/>\n<script type=\"application\/ld+json\" class=\"yoast-schema-graph\">{\"@context\":\"https:\/\/schema.org\",\"@graph\":[{\"@type\":\"Organization\",\"@id\":\"https:\/\/www.rayuelainfancia.com\/blog\/#organization\",\"name\":\"Rayuelainfancia\",\"url\":\"https:\/\/www.rayuelainfancia.com\/blog\/\",\"sameAs\":[\"https:\/\/www.facebook.com\/pages\/Librer\u00eda-Rayuela\/251861686361\",\"https:\/\/www.youtube.com\/channel\/UCddVaoDjpTp-DexyEVoyazQ\",\"https:\/\/twitter.com\/Rayuelainfancia\"],\"logo\":{\"@type\":\"ImageObject\",\"@id\":\"https:\/\/www.rayuelainfancia.com\/blog\/#logo\",\"inLanguage\":\"es\",\"url\":\"https:\/\/www.rayuelainfancia.com\/blog\/wp-content\/uploads\/2018\/06\/logo-rayuelainfancia-color-corporativo.png\",\"contentUrl\":\"https:\/\/www.rayuelainfancia.com\/blog\/wp-content\/uploads\/2018\/06\/logo-rayuelainfancia-color-corporativo.png\",\"width\":1200,\"height\":680,\"caption\":\"Rayuelainfancia\"},\"image\":{\"@id\":\"https:\/\/www.rayuelainfancia.com\/blog\/#logo\"}},{\"@type\":\"WebSite\",\"@id\":\"https:\/\/www.rayuelainfancia.com\/blog\/#website\",\"url\":\"https:\/\/www.rayuelainfancia.com\/blog\/\",\"name\":\"Blog de Rayuelainfancia\",\"description\":\"Libros infantiles y juegos educaticos respestuosos con la infancia\",\"publisher\":{\"@id\":\"https:\/\/www.rayuelainfancia.com\/blog\/#organization\"},\"potentialAction\":[{\"@type\":\"SearchAction\",\"target\":{\"@type\":\"EntryPoint\",\"urlTemplate\":\"https:\/\/www.rayuelainfancia.com\/blog\/?s={search_term_string}\"},\"query-input\":\"required name=search_term_string\"}],\"inLanguage\":\"es\"},{\"@type\":\"ImageObject\",\"@id\":\"http:\/\/www.rayuelainfancia.com\/blog\/19-de-marzo-papaito-querido-cuentame-un-cuento-por-favoooor\/#primaryimage\",\"inLanguage\":\"es\",\"url\":\"https:\/\/www.rayuelainfancia.com\/blog\/wp-content\/uploads\/2016\/03\/deia-del-padre.jpg\",\"contentUrl\":\"https:\/\/www.rayuelainfancia.com\/blog\/wp-content\/uploads\/2016\/03\/deia-del-padre.jpg\",\"width\":2000,\"height\":1187,\"caption\":\"deia-del-padre\"},{\"@type\":\"WebPage\",\"@id\":\"http:\/\/www.rayuelainfancia.com\/blog\/19-de-marzo-papaito-querido-cuentame-un-cuento-por-favoooor\/#webpage\",\"url\":\"http:\/\/www.rayuelainfancia.com\/blog\/19-de-marzo-papaito-querido-cuentame-un-cuento-por-favoooor\/\",\"name\":\"19 DE MARZO: PAPAITO QUERIDO, CU\u00c9NTAME UN CUENTO, POR FAVOOOOR &#8902; Blog de Rayuelainfancia\",\"isPartOf\":{\"@id\":\"https:\/\/www.rayuelainfancia.com\/blog\/#website\"},\"primaryImageOfPage\":{\"@id\":\"http:\/\/www.rayuelainfancia.com\/blog\/19-de-marzo-papaito-querido-cuentame-un-cuento-por-favoooor\/#primaryimage\"},\"datePublished\":\"2016-03-14T11:59:33+00:00\",\"dateModified\":\"2016-12-14T09:26:46+00:00\",\"breadcrumb\":{\"@id\":\"http:\/\/www.rayuelainfancia.com\/blog\/19-de-marzo-papaito-querido-cuentame-un-cuento-por-favoooor\/#breadcrumb\"},\"inLanguage\":\"es\",\"potentialAction\":[{\"@type\":\"ReadAction\",\"target\":[\"http:\/\/www.rayuelainfancia.com\/blog\/19-de-marzo-papaito-querido-cuentame-un-cuento-por-favoooor\/\"]}]},{\"@type\":\"BreadcrumbList\",\"@id\":\"http:\/\/www.rayuelainfancia.com\/blog\/19-de-marzo-papaito-querido-cuentame-un-cuento-por-favoooor\/#breadcrumb\",\"itemListElement\":[{\"@type\":\"ListItem\",\"position\":1,\"name\":\"Portada\",\"item\":\"https:\/\/www.rayuelainfancia.com\/blog\/\"},{\"@type\":\"ListItem\",\"position\":2,\"name\":\"19 DE MARZO: PAPAITO QUERIDO, CU\u00c9NTAME UN CUENTO, POR FAVOOOOR\"}]},{\"@type\":\"Article\",\"@id\":\"http:\/\/www.rayuelainfancia.com\/blog\/19-de-marzo-papaito-querido-cuentame-un-cuento-por-favoooor\/#article\",\"isPartOf\":{\"@id\":\"http:\/\/www.rayuelainfancia.com\/blog\/19-de-marzo-papaito-querido-cuentame-un-cuento-por-favoooor\/#webpage\"},\"author\":{\"@id\":\"https:\/\/www.rayuelainfancia.com\/blog\/#\/schema\/person\/41147ec5e3c2cc1be6e2c4520a099ebb\"},\"headline\":\"19 DE MARZO: PAPAITO QUERIDO, CU\u00c9NTAME UN CUENTO, POR FAVOOOOR\",\"datePublished\":\"2016-03-14T11:59:33+00:00\",\"dateModified\":\"2016-12-14T09:26:46+00:00\",\"mainEntityOfPage\":{\"@id\":\"http:\/\/www.rayuelainfancia.com\/blog\/19-de-marzo-papaito-querido-cuentame-un-cuento-por-favoooor\/#webpage\"},\"wordCount\":28,\"commentCount\":0,\"publisher\":{\"@id\":\"https:\/\/www.rayuelainfancia.com\/blog\/#organization\"},\"image\":{\"@id\":\"http:\/\/www.rayuelainfancia.com\/blog\/19-de-marzo-papaito-querido-cuentame-un-cuento-por-favoooor\/#primaryimage\"},\"thumbnailUrl\":\"https:\/\/www.rayuelainfancia.com\/blog\/wp-content\/uploads\/2016\/03\/deia-del-padre.jpg\",\"articleSection\":[\"Actividades Cuentacuentos\"],\"inLanguage\":\"es\",\"potentialAction\":[{\"@type\":\"CommentAction\",\"name\":\"Comment\",\"target\":[\"http:\/\/www.rayuelainfancia.com\/blog\/19-de-marzo-papaito-querido-cuentame-un-cuento-por-favoooor\/#respond\"]}]},{\"@type\":\"Person\",\"@id\":\"https:\/\/www.rayuelainfancia.com\/blog\/#\/schema\/person\/41147ec5e3c2cc1be6e2c4520a099ebb\",\"name\":\"Miguel Escalera Nieto\",\"image\":{\"@type\":\"ImageObject\",\"@id\":\"https:\/\/www.rayuelainfancia.com\/blog\/#personlogo\",\"inLanguage\":\"es\",\"url\":\"https:\/\/secure.gravatar.com\/avatar\/73bd613c804680e46df318e272f0e837?s=96&d=mm&r=g\",\"contentUrl\":\"https:\/\/secure.gravatar.com\/avatar\/73bd613c804680e46df318e272f0e837?s=96&d=mm&r=g\",\"caption\":\"Miguel Escalera Nieto\"}}]}<\/script>\n<!-- \/ Yoast SEO plugin. -->","yoast_head_json":{"title":"19 DE MARZO: PAPAITO QUERIDO, CU\u00c9NTAME UN CUENTO, POR FAVOOOOR &#8902; Blog de Rayuelainfancia","robots":{"index":"index","follow":"follow","max-snippet":"max-snippet:-1","max-image-preview":"max-image-preview:large","max-video-preview":"max-video-preview:-1"},"canonical":"http:\/\/www.rayuelainfancia.com\/blog\/19-de-marzo-papaito-querido-cuentame-un-cuento-por-favoooor\/","og_locale":"es_ES","og_type":"article","og_title":"19 DE MARZO: PAPAITO QUERIDO, CU\u00c9NTAME UN CUENTO, POR FAVOOOOR &#8902; Blog de Rayuelainfancia","og_description":"&nbsp; Un pu\u00f1adito de libros&nbsp;para que disfrutes con tu ni\u00f1a, con tu ni\u00f1o.","og_url":"http:\/\/www.rayuelainfancia.com\/blog\/19-de-marzo-papaito-querido-cuentame-un-cuento-por-favoooor\/","og_site_name":"Blog de Rayuelainfancia","article_publisher":"https:\/\/www.facebook.com\/pages\/Librer\u00eda-Rayuela\/251861686361","article_published_time":"2016-03-14T11:59:33+00:00","article_modified_time":"2016-12-14T09:26:46+00:00","og_image":[{"width":2000,"height":1187,"url":"http:\/\/www.rayuelainfancia.com\/blog\/wp-content\/uploads\/2016\/03\/deia-del-padre.jpg","type":"image\/jpeg"}],"twitter_card":"summary","twitter_creator":"@Rayuelainfancia","twitter_site":"@Rayuelainfancia","twitter_misc":{"Written by":"Miguel Escalera Nieto"},"schema":{"@context":"https:\/\/schema.org","@graph":[{"@type":"Organization","@id":"https:\/\/www.rayuelainfancia.com\/blog\/#organization","name":"Rayuelainfancia","url":"https:\/\/www.rayuelainfancia.com\/blog\/","sameAs":["https:\/\/www.facebook.com\/pages\/Librer\u00eda-Rayuela\/251861686361","https:\/\/www.youtube.com\/channel\/UCddVaoDjpTp-DexyEVoyazQ","https:\/\/twitter.com\/Rayuelainfancia"],"logo":{"@type":"ImageObject","@id":"https:\/\/www.rayuelainfancia.com\/blog\/#logo","inLanguage":"es","url":"https:\/\/www.rayuelainfancia.com\/blog\/wp-content\/uploads\/2018\/06\/logo-rayuelainfancia-color-corporativo.png","contentUrl":"https:\/\/www.rayuelainfancia.com\/blog\/wp-content\/uploads\/2018\/06\/logo-rayuelainfancia-color-corporativo.png","width":1200,"height":680,"caption":"Rayuelainfancia"},"image":{"@id":"https:\/\/www.rayuelainfancia.com\/blog\/#logo"}},{"@type":"WebSite","@id":"https:\/\/www.rayuelainfancia.com\/blog\/#website","url":"https:\/\/www.rayuelainfancia.com\/blog\/","name":"Blog de Rayuelainfancia","description":"Libros infantiles y juegos educaticos respestuosos con la infancia","publisher":{"@id":"https:\/\/www.rayuelainfancia.com\/blog\/#organization"},"potentialAction":[{"@type":"SearchAction","target":{"@type":"EntryPoint","urlTemplate":"https:\/\/www.rayuelainfancia.com\/blog\/?s={search_term_string}"},"query-input":"required name=search_term_string"}],"inLanguage":"es"},{"@type":"ImageObject","@id":"http:\/\/www.rayuelainfancia.com\/blog\/19-de-marzo-papaito-querido-cuentame-un-cuento-por-favoooor\/#primaryimage","inLanguage":"es","url":"https:\/\/www.rayuelainfancia.com\/blog\/wp-content\/uploads\/2016\/03\/deia-del-padre.jpg","contentUrl":"https:\/\/www.rayuelainfancia.com\/blog\/wp-content\/uploads\/2016\/03\/deia-del-padre.jpg","width":2000,"height":1187,"caption":"deia-del-padre"},{"@type":"WebPage","@id":"http:\/\/www.rayuelainfancia.com\/blog\/19-de-marzo-papaito-querido-cuentame-un-cuento-por-favoooor\/#webpage","url":"http:\/\/www.rayuelainfancia.com\/blog\/19-de-marzo-papaito-querido-cuentame-un-cuento-por-favoooor\/","name":"19 DE MARZO: PAPAITO QUERIDO, CU\u00c9NTAME UN CUENTO, POR FAVOOOOR &#8902; Blog de Rayuelainfancia","isPartOf":{"@id":"https:\/\/www.rayuelainfancia.com\/blog\/#website"},"primaryImageOfPage":{"@id":"http:\/\/www.rayuelainfancia.com\/blog\/19-de-marzo-papaito-querido-cuentame-un-cuento-por-favoooor\/#primaryimage"},"datePublished":"2016-03-14T11:59:33+00:00","dateModified":"2016-12-14T09:26:46+00:00","breadcrumb":{"@id":"http:\/\/www.rayuelainfancia.com\/blog\/19-de-marzo-papaito-querido-cuentame-un-cuento-por-favoooor\/#breadcrumb"},"inLanguage":"es","potentialAction":[{"@type":"ReadAction","target":["http:\/\/www.rayuelainfancia.com\/blog\/19-de-marzo-papaito-querido-cuentame-un-cuento-por-favoooor\/"]}]},{"@type":"BreadcrumbList","@id":"http:\/\/www.rayuelainfancia.com\/blog\/19-de-marzo-papaito-querido-cuentame-un-cuento-por-favoooor\/#breadcrumb","itemListElement":[{"@type":"ListItem","position":1,"name":"Portada","item":"https:\/\/www.rayuelainfancia.com\/blog\/"},{"@type":"ListItem","position":2,"name":"19 DE MARZO: PAPAITO QUERIDO, CU\u00c9NTAME UN CUENTO, POR FAVOOOOR"}]},{"@type":"Article","@id":"http:\/\/www.rayuelainfancia.com\/blog\/19-de-marzo-papaito-querido-cuentame-un-cuento-por-favoooor\/#article","isPartOf":{"@id":"http:\/\/www.rayuelainfancia.com\/blog\/19-de-marzo-papaito-querido-cuentame-un-cuento-por-favoooor\/#webpage"},"author":{"@id":"https:\/\/www.rayuelainfancia.com\/blog\/#\/schema\/person\/41147ec5e3c2cc1be6e2c4520a099ebb"},"headline":"19 DE MARZO: PAPAITO QUERIDO, CU\u00c9NTAME UN CUENTO, POR FAVOOOOR","datePublished":"2016-03-14T11:59:33+00:00","dateModified":"2016-12-14T09:26:46+00:00","mainEntityOfPage":{"@id":"http:\/\/www.rayuelainfancia.com\/blog\/19-de-marzo-papaito-querido-cuentame-un-cuento-por-favoooor\/#webpage"},"wordCount":28,"commentCount":0,"publisher":{"@id":"https:\/\/www.rayuelainfancia.com\/blog\/#organization"},"image":{"@id":"http:\/\/www.rayuelainfancia.com\/blog\/19-de-marzo-papaito-querido-cuentame-un-cuento-por-favoooor\/#primaryimage"},"thumbnailUrl":"https:\/\/www.rayuelainfancia.com\/blog\/wp-content\/uploads\/2016\/03\/deia-del-padre.jpg","articleSection":["Actividades Cuentacuentos"],"inLanguage":"es","potentialAction":[{"@type":"CommentAction","name":"Comment","target":["http:\/\/www.rayuelainfancia.com\/blog\/19-de-marzo-papaito-querido-cuentame-un-cuento-por-favoooor\/#respond"]}]},{"@type":"Person","@id":"https:\/\/www.rayuelainfancia.com\/blog\/#\/schema\/person\/41147ec5e3c2cc1be6e2c4520a099ebb","name":"Miguel Escalera Nieto","image":{"@type":"ImageObject","@id":"https:\/\/www.rayuelainfancia.com\/blog\/#personlogo","inLanguage":"es","url":"https:\/\/secure.gravatar.com\/avatar\/73bd613c804680e46df318e272f0e837?s=96&d=mm&r=g","contentUrl":"https:\/\/secure.gravatar.com\/avatar\/73bd613c804680e46df318e272f0e837?s=96&d=mm&r=g","caption":"Miguel Escalera Nieto"}}]}},"_links":{"self":[{"href":"https:\/\/www.rayuelainfancia.com\/blog\/wp-json\/wp\/v2\/posts\/613"}],"collection":[{"href":"https:\/\/www.rayuelainfancia.com\/blog\/wp-json\/wp\/v2\/posts"}],"about":[{"href":"https:\/\/www.rayuelainfancia.com\/blog\/wp-json\/wp\/v2\/types\/post"}],"author":[{"embeddable":true,"href":"https:\/\/www.rayuelainfancia.com\/blog\/wp-json\/wp\/v2\/users\/3"}],"replies":[{"embeddable":true,"href":"https:\/\/www.rayuelainfancia.com\/blog\/wp-json\/wp\/v2\/comments?post=613"}],"version-history":[{"count":1,"href":"https:\/\/www.rayuelainfancia.com\/blog\/wp-json\/wp\/v2\/posts\/613\/revisions"}],"predecessor-version":[{"id":1321,"href":"https:\/\/www.rayuelainfancia.com\/blog\/wp-json\/wp\/v2\/posts\/613\/revisions\/1321"}],"wp:featuredmedia":[{"embeddable":true,"href":"https:\/\/www.rayuelainfancia.com\/blog\/wp-json\/wp\/v2\/media\/1029"}],"wp:attachment":[{"href":"https:\/\/www.rayuelainfancia.com\/blog\/wp-json\/wp\/v2\/media?parent=613"}],"wp:term":[{"taxonomy":"category","embeddable":true,"href":"https:\/\/www.rayuelainfancia.com\/blog\/wp-json\/wp\/v2\/categories?post=613"},{"taxonomy":"post_tag","embeddable":true,"href":"https:\/\/www.rayuelainfancia.com\/blog\/wp-json\/wp\/v2\/tags?post=613"}],"curies":[{"name":"wp","href":"https:\/\/api.w.org\/{rel}","templated":true}]}}