 {"id":610,"date":"2016-02-18T13:02:46","date_gmt":"2016-02-18T12:02:46","guid":{"rendered":"http:\/\/rayuelainfancia.desarrollotrevenque.com\/blog\/28f-autoras-y-autores-andaluces\/"},"modified":"2016-12-14T10:26:46","modified_gmt":"2016-12-14T09:26:46","slug":"28f-autoras-y-autores-andaluces","status":"publish","type":"post","link":"https:\/\/www.rayuelainfancia.com\/blog\/28f-autoras-y-autores-andaluces\/","title":{"rendered":"28F: AUTORAS Y AUTORES ANDALUCES"},"content":{"rendered":"<p><a href=\"http:\/\/www.rayuelatiendaonline.com\/especial\/autoras-y-autores-andaluces\/58\/\"><img loading=\"lazy\" class=\" size-full wp-image-1026\" alt=\"autoras-autores-andaluces\" src=\"http:\/\/rayuelainfancia.desarrollotrevenque.com\/blog\/wp-content\/uploads\/2016\/02\/autoras-autores-andaluces.jpg\" height=\"229\" width=\"630\" srcset=\"https:\/\/www.rayuelainfancia.com\/blog\/wp-content\/uploads\/2016\/02\/autoras-autores-andaluces.jpg 630w, https:\/\/www.rayuelainfancia.com\/blog\/wp-content\/uploads\/2016\/02\/autoras-autores-andaluces-300x109.jpg 300w\" sizes=\"(max-width: 630px) 100vw, 630px\" \/><\/a><\/p>\n<p>Como granos de arena, van acumul\u00e1ndose un sinf\u00edn de autoras y autores, editoriales, ilustradores e ilustradoras&#8230; m\u00e1s locales, m\u00e1s de la tierra cercana.<\/p>\n<p>Aqu\u00ed te dejamos una peque\u00f1a pila de libros como representaci\u00f3n. Esperamos que te gusten y&#8230;ya sabes, muchos m\u00e1s t\u00edtulos encontrar\u00e1s derramados por nuestra librer\u00eda y tambi\u00e9n por nuestra <a href=\"http:\/\/www.rayuelatiendaonline.com\">www.rayuelatiendaonline.com<\/a>.<\/p>\n<p>\u00a1Que disfrutes!<\/p>\n","protected":false},"excerpt":{"rendered":"<p>Como granos de arena, van acumul\u00e1ndose un sinf\u00edn de autoras y autores, editoriales, ilustradores e ilustradoras&#8230; m\u00e1s locales, m\u00e1s de la tierra cercana. Aqu\u00ed te dejamos una peque\u00f1a pila de libros como representaci\u00f3n. Esperamos que te gusten y&#8230;ya sabes, muchos m\u00e1s t\u00edtulos encontrar\u00e1s derramados por nuestra librer\u00eda y tambi\u00e9n por nuestra www.rayuelatiendaonline.com. \u00a1Que disfrutes!<\/p>\n","protected":false},"author":3,"featured_media":1026,"comment_status":"open","ping_status":"open","sticky":false,"template":"","format":"standard","meta":[],"categories":[18],"tags":[],"yoast_head":"<!-- This site is optimized with the Yoast SEO plugin v18.5.1 - https:\/\/yoast.com\/wordpress\/plugins\/seo\/ -->\n<title>28F: AUTORAS Y AUTORES ANDALUCES &#8902; Blog de Rayuelainfancia<\/title>\n<meta name=\"robots\" content=\"index, follow, max-snippet:-1, max-image-preview:large, max-video-preview:-1\" \/>\n<link rel=\"canonical\" href=\"https:\/\/www.rayuelainfancia.com\/blog\/28f-autoras-y-autores-andaluces\/\" \/>\n<meta property=\"og:locale\" content=\"es_ES\" \/>\n<meta property=\"og:type\" content=\"article\" \/>\n<meta property=\"og:title\" content=\"28F: AUTORAS Y AUTORES ANDALUCES &#8902; Blog de Rayuelainfancia\" \/>\n<meta property=\"og:description\" content=\"Como granos de arena, van acumul\u00e1ndose un sinf\u00edn de autoras y autores, editoriales, ilustradores e ilustradoras&#8230; m\u00e1s locales, m\u00e1s de la tierra cercana. Aqu\u00ed te dejamos una peque\u00f1a pila de libros como representaci\u00f3n. Esperamos que te gusten y&#8230;ya sabes, muchos m\u00e1s t\u00edtulos encontrar\u00e1s derramados por nuestra librer\u00eda y tambi\u00e9n por nuestra www.rayuelatiendaonline.com. \u00a1Que disfrutes!\" \/>\n<meta property=\"og:url\" content=\"https:\/\/www.rayuelainfancia.com\/blog\/28f-autoras-y-autores-andaluces\/\" \/>\n<meta property=\"og:site_name\" content=\"Blog de Rayuelainfancia\" \/>\n<meta property=\"article:publisher\" content=\"https:\/\/www.facebook.com\/pages\/Librer\u00eda-Rayuela\/251861686361\" \/>\n<meta property=\"article:published_time\" content=\"2016-02-18T12:02:46+00:00\" \/>\n<meta property=\"article:modified_time\" content=\"2016-12-14T09:26:46+00:00\" \/>\n<meta property=\"og:image\" content=\"https:\/\/www.rayuelainfancia.com\/blog\/wp-content\/uploads\/2016\/02\/autoras-autores-andaluces.jpg\" \/>\n\t<meta property=\"og:image:width\" content=\"630\" \/>\n\t<meta property=\"og:image:height\" content=\"229\" \/>\n\t<meta property=\"og:image:type\" content=\"image\/jpeg\" \/>\n<meta name=\"twitter:card\" content=\"summary\" \/>\n<meta name=\"twitter:creator\" content=\"@Rayuelainfancia\" \/>\n<meta name=\"twitter:site\" content=\"@Rayuelainfancia\" \/>\n<meta name=\"twitter:label1\" content=\"Written by\" \/>\n\t<meta name=\"twitter:data1\" content=\"Miguel Escalera Nieto\" \/>\n<script type=\"application\/ld+json\" class=\"yoast-schema-graph\">{\"@context\":\"https:\/\/schema.org\",\"@graph\":[{\"@type\":\"Organization\",\"@id\":\"https:\/\/www.rayuelainfancia.com\/blog\/#organization\",\"name\":\"Rayuelainfancia\",\"url\":\"https:\/\/www.rayuelainfancia.com\/blog\/\",\"sameAs\":[\"https:\/\/www.facebook.com\/pages\/Librer\u00eda-Rayuela\/251861686361\",\"https:\/\/www.youtube.com\/channel\/UCddVaoDjpTp-DexyEVoyazQ\",\"https:\/\/twitter.com\/Rayuelainfancia\"],\"logo\":{\"@type\":\"ImageObject\",\"@id\":\"https:\/\/www.rayuelainfancia.com\/blog\/#logo\",\"inLanguage\":\"es\",\"url\":\"https:\/\/www.rayuelainfancia.com\/blog\/wp-content\/uploads\/2018\/06\/logo-rayuelainfancia-color-corporativo.png\",\"contentUrl\":\"https:\/\/www.rayuelainfancia.com\/blog\/wp-content\/uploads\/2018\/06\/logo-rayuelainfancia-color-corporativo.png\",\"width\":1200,\"height\":680,\"caption\":\"Rayuelainfancia\"},\"image\":{\"@id\":\"https:\/\/www.rayuelainfancia.com\/blog\/#logo\"}},{\"@type\":\"WebSite\",\"@id\":\"https:\/\/www.rayuelainfancia.com\/blog\/#website\",\"url\":\"https:\/\/www.rayuelainfancia.com\/blog\/\",\"name\":\"Blog de Rayuelainfancia\",\"description\":\"Libros infantiles y juegos educaticos respestuosos con la infancia\",\"publisher\":{\"@id\":\"https:\/\/www.rayuelainfancia.com\/blog\/#organization\"},\"potentialAction\":[{\"@type\":\"SearchAction\",\"target\":{\"@type\":\"EntryPoint\",\"urlTemplate\":\"https:\/\/www.rayuelainfancia.com\/blog\/?s={search_term_string}\"},\"query-input\":\"required name=search_term_string\"}],\"inLanguage\":\"es\"},{\"@type\":\"ImageObject\",\"@id\":\"https:\/\/www.rayuelainfancia.com\/blog\/28f-autoras-y-autores-andaluces\/#primaryimage\",\"inLanguage\":\"es\",\"url\":\"https:\/\/www.rayuelainfancia.com\/blog\/wp-content\/uploads\/2016\/02\/autoras-autores-andaluces.jpg\",\"contentUrl\":\"https:\/\/www.rayuelainfancia.com\/blog\/wp-content\/uploads\/2016\/02\/autoras-autores-andaluces.jpg\",\"width\":630,\"height\":229,\"caption\":\"autoras-autores-andaluces\"},{\"@type\":\"WebPage\",\"@id\":\"https:\/\/www.rayuelainfancia.com\/blog\/28f-autoras-y-autores-andaluces\/#webpage\",\"url\":\"https:\/\/www.rayuelainfancia.com\/blog\/28f-autoras-y-autores-andaluces\/\",\"name\":\"28F: AUTORAS Y AUTORES ANDALUCES &#8902; Blog de Rayuelainfancia\",\"isPartOf\":{\"@id\":\"https:\/\/www.rayuelainfancia.com\/blog\/#website\"},\"primaryImageOfPage\":{\"@id\":\"https:\/\/www.rayuelainfancia.com\/blog\/28f-autoras-y-autores-andaluces\/#primaryimage\"},\"datePublished\":\"2016-02-18T12:02:46+00:00\",\"dateModified\":\"2016-12-14T09:26:46+00:00\",\"breadcrumb\":{\"@id\":\"https:\/\/www.rayuelainfancia.com\/blog\/28f-autoras-y-autores-andaluces\/#breadcrumb\"},\"inLanguage\":\"es\",\"potentialAction\":[{\"@type\":\"ReadAction\",\"target\":[\"https:\/\/www.rayuelainfancia.com\/blog\/28f-autoras-y-autores-andaluces\/\"]}]},{\"@type\":\"BreadcrumbList\",\"@id\":\"https:\/\/www.rayuelainfancia.com\/blog\/28f-autoras-y-autores-andaluces\/#breadcrumb\",\"itemListElement\":[{\"@type\":\"ListItem\",\"position\":1,\"name\":\"Portada\",\"item\":\"https:\/\/www.rayuelainfancia.com\/blog\/\"},{\"@type\":\"ListItem\",\"position\":2,\"name\":\"28F: AUTORAS Y AUTORES ANDALUCES\"}]},{\"@type\":\"Article\",\"@id\":\"https:\/\/www.rayuelainfancia.com\/blog\/28f-autoras-y-autores-andaluces\/#article\",\"isPartOf\":{\"@id\":\"https:\/\/www.rayuelainfancia.com\/blog\/28f-autoras-y-autores-andaluces\/#webpage\"},\"author\":{\"@id\":\"https:\/\/www.rayuelainfancia.com\/blog\/#\/schema\/person\/41147ec5e3c2cc1be6e2c4520a099ebb\"},\"headline\":\"28F: AUTORAS Y AUTORES ANDALUCES\",\"datePublished\":\"2016-02-18T12:02:46+00:00\",\"dateModified\":\"2016-12-14T09:26:46+00:00\",\"mainEntityOfPage\":{\"@id\":\"https:\/\/www.rayuelainfancia.com\/blog\/28f-autoras-y-autores-andaluces\/#webpage\"},\"wordCount\":73,\"commentCount\":0,\"publisher\":{\"@id\":\"https:\/\/www.rayuelainfancia.com\/blog\/#organization\"},\"image\":{\"@id\":\"https:\/\/www.rayuelainfancia.com\/blog\/28f-autoras-y-autores-andaluces\/#primaryimage\"},\"thumbnailUrl\":\"https:\/\/www.rayuelainfancia.com\/blog\/wp-content\/uploads\/2016\/02\/autoras-autores-andaluces.jpg\",\"articleSection\":[\"Actividades Cuentacuentos\"],\"inLanguage\":\"es\",\"potentialAction\":[{\"@type\":\"CommentAction\",\"name\":\"Comment\",\"target\":[\"https:\/\/www.rayuelainfancia.com\/blog\/28f-autoras-y-autores-andaluces\/#respond\"]}]},{\"@type\":\"Person\",\"@id\":\"https:\/\/www.rayuelainfancia.com\/blog\/#\/schema\/person\/41147ec5e3c2cc1be6e2c4520a099ebb\",\"name\":\"Miguel Escalera Nieto\",\"image\":{\"@type\":\"ImageObject\",\"@id\":\"https:\/\/www.rayuelainfancia.com\/blog\/#personlogo\",\"inLanguage\":\"es\",\"url\":\"https:\/\/secure.gravatar.com\/avatar\/73bd613c804680e46df318e272f0e837?s=96&d=mm&r=g\",\"contentUrl\":\"https:\/\/secure.gravatar.com\/avatar\/73bd613c804680e46df318e272f0e837?s=96&d=mm&r=g\",\"caption\":\"Miguel Escalera Nieto\"}}]}<\/script>\n<!-- \/ Yoast SEO plugin. -->","yoast_head_json":{"title":"28F: AUTORAS Y AUTORES ANDALUCES &#8902; Blog de Rayuelainfancia","robots":{"index":"index","follow":"follow","max-snippet":"max-snippet:-1","max-image-preview":"max-image-preview:large","max-video-preview":"max-video-preview:-1"},"canonical":"https:\/\/www.rayuelainfancia.com\/blog\/28f-autoras-y-autores-andaluces\/","og_locale":"es_ES","og_type":"article","og_title":"28F: AUTORAS Y AUTORES ANDALUCES &#8902; Blog de Rayuelainfancia","og_description":"Como granos de arena, van acumul\u00e1ndose un sinf\u00edn de autoras y autores, editoriales, ilustradores e ilustradoras&#8230; m\u00e1s locales, m\u00e1s de la tierra cercana. Aqu\u00ed te dejamos una peque\u00f1a pila de libros como representaci\u00f3n. Esperamos que te gusten y&#8230;ya sabes, muchos m\u00e1s t\u00edtulos encontrar\u00e1s derramados por nuestra librer\u00eda y tambi\u00e9n por nuestra www.rayuelatiendaonline.com. \u00a1Que disfrutes!","og_url":"https:\/\/www.rayuelainfancia.com\/blog\/28f-autoras-y-autores-andaluces\/","og_site_name":"Blog de Rayuelainfancia","article_publisher":"https:\/\/www.facebook.com\/pages\/Librer\u00eda-Rayuela\/251861686361","article_published_time":"2016-02-18T12:02:46+00:00","article_modified_time":"2016-12-14T09:26:46+00:00","og_image":[{"width":630,"height":229,"url":"https:\/\/www.rayuelainfancia.com\/blog\/wp-content\/uploads\/2016\/02\/autoras-autores-andaluces.jpg","type":"image\/jpeg"}],"twitter_card":"summary","twitter_creator":"@Rayuelainfancia","twitter_site":"@Rayuelainfancia","twitter_misc":{"Written by":"Miguel Escalera Nieto"},"schema":{"@context":"https:\/\/schema.org","@graph":[{"@type":"Organization","@id":"https:\/\/www.rayuelainfancia.com\/blog\/#organization","name":"Rayuelainfancia","url":"https:\/\/www.rayuelainfancia.com\/blog\/","sameAs":["https:\/\/www.facebook.com\/pages\/Librer\u00eda-Rayuela\/251861686361","https:\/\/www.youtube.com\/channel\/UCddVaoDjpTp-DexyEVoyazQ","https:\/\/twitter.com\/Rayuelainfancia"],"logo":{"@type":"ImageObject","@id":"https:\/\/www.rayuelainfancia.com\/blog\/#logo","inLanguage":"es","url":"https:\/\/www.rayuelainfancia.com\/blog\/wp-content\/uploads\/2018\/06\/logo-rayuelainfancia-color-corporativo.png","contentUrl":"https:\/\/www.rayuelainfancia.com\/blog\/wp-content\/uploads\/2018\/06\/logo-rayuelainfancia-color-corporativo.png","width":1200,"height":680,"caption":"Rayuelainfancia"},"image":{"@id":"https:\/\/www.rayuelainfancia.com\/blog\/#logo"}},{"@type":"WebSite","@id":"https:\/\/www.rayuelainfancia.com\/blog\/#website","url":"https:\/\/www.rayuelainfancia.com\/blog\/","name":"Blog de Rayuelainfancia","description":"Libros infantiles y juegos educaticos respestuosos con la infancia","publisher":{"@id":"https:\/\/www.rayuelainfancia.com\/blog\/#organization"},"potentialAction":[{"@type":"SearchAction","target":{"@type":"EntryPoint","urlTemplate":"https:\/\/www.rayuelainfancia.com\/blog\/?s={search_term_string}"},"query-input":"required name=search_term_string"}],"inLanguage":"es"},{"@type":"ImageObject","@id":"https:\/\/www.rayuelainfancia.com\/blog\/28f-autoras-y-autores-andaluces\/#primaryimage","inLanguage":"es","url":"https:\/\/www.rayuelainfancia.com\/blog\/wp-content\/uploads\/2016\/02\/autoras-autores-andaluces.jpg","contentUrl":"https:\/\/www.rayuelainfancia.com\/blog\/wp-content\/uploads\/2016\/02\/autoras-autores-andaluces.jpg","width":630,"height":229,"caption":"autoras-autores-andaluces"},{"@type":"WebPage","@id":"https:\/\/www.rayuelainfancia.com\/blog\/28f-autoras-y-autores-andaluces\/#webpage","url":"https:\/\/www.rayuelainfancia.com\/blog\/28f-autoras-y-autores-andaluces\/","name":"28F: AUTORAS Y AUTORES ANDALUCES &#8902; Blog de Rayuelainfancia","isPartOf":{"@id":"https:\/\/www.rayuelainfancia.com\/blog\/#website"},"primaryImageOfPage":{"@id":"https:\/\/www.rayuelainfancia.com\/blog\/28f-autoras-y-autores-andaluces\/#primaryimage"},"datePublished":"2016-02-18T12:02:46+00:00","dateModified":"2016-12-14T09:26:46+00:00","breadcrumb":{"@id":"https:\/\/www.rayuelainfancia.com\/blog\/28f-autoras-y-autores-andaluces\/#breadcrumb"},"inLanguage":"es","potentialAction":[{"@type":"ReadAction","target":["https:\/\/www.rayuelainfancia.com\/blog\/28f-autoras-y-autores-andaluces\/"]}]},{"@type":"BreadcrumbList","@id":"https:\/\/www.rayuelainfancia.com\/blog\/28f-autoras-y-autores-andaluces\/#breadcrumb","itemListElement":[{"@type":"ListItem","position":1,"name":"Portada","item":"https:\/\/www.rayuelainfancia.com\/blog\/"},{"@type":"ListItem","position":2,"name":"28F: AUTORAS Y AUTORES ANDALUCES"}]},{"@type":"Article","@id":"https:\/\/www.rayuelainfancia.com\/blog\/28f-autoras-y-autores-andaluces\/#article","isPartOf":{"@id":"https:\/\/www.rayuelainfancia.com\/blog\/28f-autoras-y-autores-andaluces\/#webpage"},"author":{"@id":"https:\/\/www.rayuelainfancia.com\/blog\/#\/schema\/person\/41147ec5e3c2cc1be6e2c4520a099ebb"},"headline":"28F: AUTORAS Y AUTORES ANDALUCES","datePublished":"2016-02-18T12:02:46+00:00","dateModified":"2016-12-14T09:26:46+00:00","mainEntityOfPage":{"@id":"https:\/\/www.rayuelainfancia.com\/blog\/28f-autoras-y-autores-andaluces\/#webpage"},"wordCount":73,"commentCount":0,"publisher":{"@id":"https:\/\/www.rayuelainfancia.com\/blog\/#organization"},"image":{"@id":"https:\/\/www.rayuelainfancia.com\/blog\/28f-autoras-y-autores-andaluces\/#primaryimage"},"thumbnailUrl":"https:\/\/www.rayuelainfancia.com\/blog\/wp-content\/uploads\/2016\/02\/autoras-autores-andaluces.jpg","articleSection":["Actividades Cuentacuentos"],"inLanguage":"es","potentialAction":[{"@type":"CommentAction","name":"Comment","target":["https:\/\/www.rayuelainfancia.com\/blog\/28f-autoras-y-autores-andaluces\/#respond"]}]},{"@type":"Person","@id":"https:\/\/www.rayuelainfancia.com\/blog\/#\/schema\/person\/41147ec5e3c2cc1be6e2c4520a099ebb","name":"Miguel Escalera Nieto","image":{"@type":"ImageObject","@id":"https:\/\/www.rayuelainfancia.com\/blog\/#personlogo","inLanguage":"es","url":"https:\/\/secure.gravatar.com\/avatar\/73bd613c804680e46df318e272f0e837?s=96&d=mm&r=g","contentUrl":"https:\/\/secure.gravatar.com\/avatar\/73bd613c804680e46df318e272f0e837?s=96&d=mm&r=g","caption":"Miguel Escalera Nieto"}}]}},"_links":{"self":[{"href":"https:\/\/www.rayuelainfancia.com\/blog\/wp-json\/wp\/v2\/posts\/610"}],"collection":[{"href":"https:\/\/www.rayuelainfancia.com\/blog\/wp-json\/wp\/v2\/posts"}],"about":[{"href":"https:\/\/www.rayuelainfancia.com\/blog\/wp-json\/wp\/v2\/types\/post"}],"author":[{"embeddable":true,"href":"https:\/\/www.rayuelainfancia.com\/blog\/wp-json\/wp\/v2\/users\/3"}],"replies":[{"embeddable":true,"href":"https:\/\/www.rayuelainfancia.com\/blog\/wp-json\/wp\/v2\/comments?post=610"}],"version-history":[{"count":1,"href":"https:\/\/www.rayuelainfancia.com\/blog\/wp-json\/wp\/v2\/posts\/610\/revisions"}],"predecessor-version":[{"id":1322,"href":"https:\/\/www.rayuelainfancia.com\/blog\/wp-json\/wp\/v2\/posts\/610\/revisions\/1322"}],"wp:featuredmedia":[{"embeddable":true,"href":"https:\/\/www.rayuelainfancia.com\/blog\/wp-json\/wp\/v2\/media\/1026"}],"wp:attachment":[{"href":"https:\/\/www.rayuelainfancia.com\/blog\/wp-json\/wp\/v2\/media?parent=610"}],"wp:term":[{"taxonomy":"category","embeddable":true,"href":"https:\/\/www.rayuelainfancia.com\/blog\/wp-json\/wp\/v2\/categories?post=610"},{"taxonomy":"post_tag","embeddable":true,"href":"https:\/\/www.rayuelainfancia.com\/blog\/wp-json\/wp\/v2\/tags?post=610"}],"curies":[{"name":"wp","href":"https:\/\/api.w.org\/{rel}","templated":true}]}}