 {"id":594,"date":"2015-11-10T10:35:53","date_gmt":"2015-11-10T09:35:53","guid":{"rendered":"http:\/\/rayuelainfancia.desarrollotrevenque.com\/blog\/cuando-elmer-salio-de-un-libro-2\/"},"modified":"2015-11-10T10:35:53","modified_gmt":"2015-11-10T09:35:53","slug":"cuando-elmer-salio-de-un-libro-2","status":"publish","type":"post","link":"https:\/\/www.rayuelainfancia.com\/blog\/cuando-elmer-salio-de-un-libro-2\/","title":{"rendered":"CU\u00c1NDO ELMER SALI\u00d3 DE UN LIBRO"},"content":{"rendered":"<p>S\u00e1bado 14 Noviembre, a las 12:00, en Rayuela:&nbsp;CU\u00c1NDO ELMER SALI\u00d3 DE UN LIBRO.&nbsp;Esta vez, no llover\u00e1.<\/p>\n<p>ELMER, el elefante m\u00e1s famoso de la literatura infantil, editado por Beascoa, est\u00e1 en Rayuela. Creado hace m\u00e1s de 25 a\u00f1os por David Mckee para representar de forma tan natural y hermosa, el valor y la riqueza de ser diferente, desea salir de las p\u00e1ginas de los libros y pasear por la ciudad de Sevilla y as\u00ed nos lo ha comunicado.<\/p>\n<p>No sab\u00edamos qu\u00e9 hacer y hemos pedido ayuda. Manuel Garrido ha querido apoyar con su voz de narrador y M\u00aa del Mar C.Muriel, prestar\u00e1 sus pinceles y sus h\u00e1biles dedos de ilustradora, y ahora&#8230;\u00a1NOS FALTAS T\u00da!.<\/p>\n<p>Ponte tu delantal de Elmer y \u00a1VEN A RAYUELA!. Tienes que ayudarnos a transformar las losetas grises de la Plaza de Encarnaci\u00f3n en losetas multicolores, descubriendo a Elmer en ellas.<\/p>\n<p>Una actividad de narraci\u00f3n y artes pl\u00e1sticas para ni\u00f1as y ni\u00f1os desde los 4 a\u00f1os.<\/p>\n<p><img loading=\"lazy\" class=\" size-full wp-image-1008\" src=\"http:\/\/rayuelainfancia.desarrollotrevenque.com\/blog\/wp-content\/uploads\/2015\/10\/actividad-elmer-rayuela2.jpg\" alt=\"actividad-elmer-rayuela2\" height=\"492\" width=\"630\" style=\"font-size: 12.16px; line-height: 15.808px;\" \/><\/p>\n<p>Algunas medidas log\u00edsticas para asegurarnos de que todo funcione.<\/p>\n<p>El objetivo de la actividad: Que ni\u00f1as y ni\u00f1os disfruten escuchando el cuento de Elmer y pint\u00e1ndolo de colores en la plaza, por lo que los adultos tomaremos posiciones alejadas que les dejen un poquito de aire.<\/p>\n<p>&#8211; La edad recomendada m\u00ednima es de 4 o 5 a\u00f1os.<br \/>&#8211; Repartiremos un m\u00e1ximo de 50 delantales \u00abelmerianos\u00bb y las tizas para pintar. (no disponemos de m\u00e1s)<br \/>&#8211; Empezaremos a repartir los delantales unos 15 minutos antes de las 12,00 hasta que se acaben, o sea, completar aforo se llama.<br \/>&#8211; Aconsejamos ropa de los participantes c\u00f3moda y apta para manchas.<br \/>&#8211; Si nos vemos atascadillos, pediremos voluntarios de entre madres y padres presentes.<\/p>\n","protected":false},"excerpt":{"rendered":"<p>S\u00e1bado 14 Noviembre, a las 12:00, en Rayuela:&nbsp;CU\u00c1NDO ELMER SALI\u00d3 DE UN LIBRO.&nbsp;Esta vez, no llover\u00e1. ELMER, el elefante m\u00e1s famoso de la literatura infantil, editado por Beascoa, est\u00e1 en Rayuela. Creado hace m\u00e1s de 25 a\u00f1os por David Mckee para representar de forma tan natural y hermosa, el valor y la riqueza de ser [&hellip;]<\/p>\n","protected":false},"author":3,"featured_media":1008,"comment_status":"open","ping_status":"open","sticky":false,"template":"","format":"standard","meta":[],"categories":[18],"tags":[],"yoast_head":"<!-- This site is optimized with the Yoast SEO plugin v18.5.1 - https:\/\/yoast.com\/wordpress\/plugins\/seo\/ -->\n<title>CU\u00c1NDO ELMER SALI\u00d3 DE UN LIBRO &#8902; Blog de Rayuelainfancia<\/title>\n<meta name=\"robots\" content=\"index, follow, max-snippet:-1, max-image-preview:large, max-video-preview:-1\" \/>\n<link rel=\"canonical\" href=\"http:\/\/www.rayuelainfancia.com\/blog\/cuando-elmer-salio-de-un-libro-2\/\" \/>\n<meta property=\"og:locale\" content=\"es_ES\" \/>\n<meta property=\"og:type\" content=\"article\" \/>\n<meta property=\"og:title\" content=\"CU\u00c1NDO ELMER SALI\u00d3 DE UN LIBRO &#8902; Blog de Rayuelainfancia\" \/>\n<meta property=\"og:description\" content=\"S\u00e1bado 14 Noviembre, a las 12:00, en Rayuela:&nbsp;CU\u00c1NDO ELMER SALI\u00d3 DE UN LIBRO.&nbsp;Esta vez, no llover\u00e1. ELMER, el elefante m\u00e1s famoso de la literatura infantil, editado por Beascoa, est\u00e1 en Rayuela. Creado hace m\u00e1s de 25 a\u00f1os por David Mckee para representar de forma tan natural y hermosa, el valor y la riqueza de ser [&hellip;]\" \/>\n<meta property=\"og:url\" content=\"http:\/\/www.rayuelainfancia.com\/blog\/cuando-elmer-salio-de-un-libro-2\/\" \/>\n<meta property=\"og:site_name\" content=\"Blog de Rayuelainfancia\" \/>\n<meta property=\"article:publisher\" content=\"https:\/\/www.facebook.com\/pages\/Librer\u00eda-Rayuela\/251861686361\" \/>\n<meta property=\"article:published_time\" content=\"2015-11-10T09:35:53+00:00\" \/>\n<meta property=\"og:image\" content=\"http:\/\/www.rayuelainfancia.com\/blog\/wp-content\/uploads\/2015\/10\/actividad-elmer-rayuela2.jpg\" \/>\n\t<meta property=\"og:image:width\" content=\"2480\" \/>\n\t<meta property=\"og:image:height\" content=\"1936\" \/>\n\t<meta property=\"og:image:type\" content=\"image\/jpeg\" \/>\n<meta name=\"twitter:card\" content=\"summary\" \/>\n<meta name=\"twitter:creator\" content=\"@Rayuelainfancia\" \/>\n<meta name=\"twitter:site\" content=\"@Rayuelainfancia\" \/>\n<meta name=\"twitter:label1\" content=\"Written by\" \/>\n\t<meta name=\"twitter:data1\" content=\"Miguel Escalera Nieto\" \/>\n\t<meta name=\"twitter:label2\" content=\"Est. reading time\" \/>\n\t<meta name=\"twitter:data2\" content=\"1 minuto\" \/>\n<script type=\"application\/ld+json\" class=\"yoast-schema-graph\">{\"@context\":\"https:\/\/schema.org\",\"@graph\":[{\"@type\":\"Organization\",\"@id\":\"https:\/\/www.rayuelainfancia.com\/blog\/#organization\",\"name\":\"Rayuelainfancia\",\"url\":\"https:\/\/www.rayuelainfancia.com\/blog\/\",\"sameAs\":[\"https:\/\/www.facebook.com\/pages\/Librer\u00eda-Rayuela\/251861686361\",\"https:\/\/www.youtube.com\/channel\/UCddVaoDjpTp-DexyEVoyazQ\",\"https:\/\/twitter.com\/Rayuelainfancia\"],\"logo\":{\"@type\":\"ImageObject\",\"@id\":\"https:\/\/www.rayuelainfancia.com\/blog\/#logo\",\"inLanguage\":\"es\",\"url\":\"https:\/\/www.rayuelainfancia.com\/blog\/wp-content\/uploads\/2018\/06\/logo-rayuelainfancia-color-corporativo.png\",\"contentUrl\":\"https:\/\/www.rayuelainfancia.com\/blog\/wp-content\/uploads\/2018\/06\/logo-rayuelainfancia-color-corporativo.png\",\"width\":1200,\"height\":680,\"caption\":\"Rayuelainfancia\"},\"image\":{\"@id\":\"https:\/\/www.rayuelainfancia.com\/blog\/#logo\"}},{\"@type\":\"WebSite\",\"@id\":\"https:\/\/www.rayuelainfancia.com\/blog\/#website\",\"url\":\"https:\/\/www.rayuelainfancia.com\/blog\/\",\"name\":\"Blog de Rayuelainfancia\",\"description\":\"Libros infantiles y juegos educaticos respestuosos con la infancia\",\"publisher\":{\"@id\":\"https:\/\/www.rayuelainfancia.com\/blog\/#organization\"},\"potentialAction\":[{\"@type\":\"SearchAction\",\"target\":{\"@type\":\"EntryPoint\",\"urlTemplate\":\"https:\/\/www.rayuelainfancia.com\/blog\/?s={search_term_string}\"},\"query-input\":\"required name=search_term_string\"}],\"inLanguage\":\"es\"},{\"@type\":\"ImageObject\",\"@id\":\"http:\/\/www.rayuelainfancia.com\/blog\/cuando-elmer-salio-de-un-libro-2\/#primaryimage\",\"inLanguage\":\"es\",\"url\":\"https:\/\/www.rayuelainfancia.com\/blog\/wp-content\/uploads\/2015\/10\/actividad-elmer-rayuela2.jpg\",\"contentUrl\":\"https:\/\/www.rayuelainfancia.com\/blog\/wp-content\/uploads\/2015\/10\/actividad-elmer-rayuela2.jpg\",\"width\":2480,\"height\":1936,\"caption\":\"actividad-elmer-rayuela2\"},{\"@type\":\"WebPage\",\"@id\":\"http:\/\/www.rayuelainfancia.com\/blog\/cuando-elmer-salio-de-un-libro-2\/#webpage\",\"url\":\"http:\/\/www.rayuelainfancia.com\/blog\/cuando-elmer-salio-de-un-libro-2\/\",\"name\":\"CU\u00c1NDO ELMER SALI\u00d3 DE UN LIBRO &#8902; Blog de Rayuelainfancia\",\"isPartOf\":{\"@id\":\"https:\/\/www.rayuelainfancia.com\/blog\/#website\"},\"primaryImageOfPage\":{\"@id\":\"http:\/\/www.rayuelainfancia.com\/blog\/cuando-elmer-salio-de-un-libro-2\/#primaryimage\"},\"datePublished\":\"2015-11-10T09:35:53+00:00\",\"dateModified\":\"2015-11-10T09:35:53+00:00\",\"breadcrumb\":{\"@id\":\"http:\/\/www.rayuelainfancia.com\/blog\/cuando-elmer-salio-de-un-libro-2\/#breadcrumb\"},\"inLanguage\":\"es\",\"potentialAction\":[{\"@type\":\"ReadAction\",\"target\":[\"http:\/\/www.rayuelainfancia.com\/blog\/cuando-elmer-salio-de-un-libro-2\/\"]}]},{\"@type\":\"BreadcrumbList\",\"@id\":\"http:\/\/www.rayuelainfancia.com\/blog\/cuando-elmer-salio-de-un-libro-2\/#breadcrumb\",\"itemListElement\":[{\"@type\":\"ListItem\",\"position\":1,\"name\":\"Portada\",\"item\":\"https:\/\/www.rayuelainfancia.com\/blog\/\"},{\"@type\":\"ListItem\",\"position\":2,\"name\":\"CU\u00c1NDO ELMER SALI\u00d3 DE UN LIBRO\"}]},{\"@type\":\"Article\",\"@id\":\"http:\/\/www.rayuelainfancia.com\/blog\/cuando-elmer-salio-de-un-libro-2\/#article\",\"isPartOf\":{\"@id\":\"http:\/\/www.rayuelainfancia.com\/blog\/cuando-elmer-salio-de-un-libro-2\/#webpage\"},\"author\":{\"@id\":\"https:\/\/www.rayuelainfancia.com\/blog\/#\/schema\/person\/41147ec5e3c2cc1be6e2c4520a099ebb\"},\"headline\":\"CU\u00c1NDO ELMER SALI\u00d3 DE UN LIBRO\",\"datePublished\":\"2015-11-10T09:35:53+00:00\",\"dateModified\":\"2015-11-10T09:35:53+00:00\",\"mainEntityOfPage\":{\"@id\":\"http:\/\/www.rayuelainfancia.com\/blog\/cuando-elmer-salio-de-un-libro-2\/#webpage\"},\"wordCount\":306,\"commentCount\":0,\"publisher\":{\"@id\":\"https:\/\/www.rayuelainfancia.com\/blog\/#organization\"},\"image\":{\"@id\":\"http:\/\/www.rayuelainfancia.com\/blog\/cuando-elmer-salio-de-un-libro-2\/#primaryimage\"},\"thumbnailUrl\":\"https:\/\/www.rayuelainfancia.com\/blog\/wp-content\/uploads\/2015\/10\/actividad-elmer-rayuela2.jpg\",\"articleSection\":[\"Actividades Cuentacuentos\"],\"inLanguage\":\"es\",\"potentialAction\":[{\"@type\":\"CommentAction\",\"name\":\"Comment\",\"target\":[\"http:\/\/www.rayuelainfancia.com\/blog\/cuando-elmer-salio-de-un-libro-2\/#respond\"]}]},{\"@type\":\"Person\",\"@id\":\"https:\/\/www.rayuelainfancia.com\/blog\/#\/schema\/person\/41147ec5e3c2cc1be6e2c4520a099ebb\",\"name\":\"Miguel Escalera Nieto\",\"image\":{\"@type\":\"ImageObject\",\"@id\":\"https:\/\/www.rayuelainfancia.com\/blog\/#personlogo\",\"inLanguage\":\"es\",\"url\":\"https:\/\/secure.gravatar.com\/avatar\/73bd613c804680e46df318e272f0e837?s=96&d=mm&r=g\",\"contentUrl\":\"https:\/\/secure.gravatar.com\/avatar\/73bd613c804680e46df318e272f0e837?s=96&d=mm&r=g\",\"caption\":\"Miguel Escalera Nieto\"}}]}<\/script>\n<!-- \/ Yoast SEO plugin. -->","yoast_head_json":{"title":"CU\u00c1NDO ELMER SALI\u00d3 DE UN LIBRO &#8902; Blog de Rayuelainfancia","robots":{"index":"index","follow":"follow","max-snippet":"max-snippet:-1","max-image-preview":"max-image-preview:large","max-video-preview":"max-video-preview:-1"},"canonical":"http:\/\/www.rayuelainfancia.com\/blog\/cuando-elmer-salio-de-un-libro-2\/","og_locale":"es_ES","og_type":"article","og_title":"CU\u00c1NDO ELMER SALI\u00d3 DE UN LIBRO &#8902; Blog de Rayuelainfancia","og_description":"S\u00e1bado 14 Noviembre, a las 12:00, en Rayuela:&nbsp;CU\u00c1NDO ELMER SALI\u00d3 DE UN LIBRO.&nbsp;Esta vez, no llover\u00e1. ELMER, el elefante m\u00e1s famoso de la literatura infantil, editado por Beascoa, est\u00e1 en Rayuela. Creado hace m\u00e1s de 25 a\u00f1os por David Mckee para representar de forma tan natural y hermosa, el valor y la riqueza de ser [&hellip;]","og_url":"http:\/\/www.rayuelainfancia.com\/blog\/cuando-elmer-salio-de-un-libro-2\/","og_site_name":"Blog de Rayuelainfancia","article_publisher":"https:\/\/www.facebook.com\/pages\/Librer\u00eda-Rayuela\/251861686361","article_published_time":"2015-11-10T09:35:53+00:00","og_image":[{"width":2480,"height":1936,"url":"http:\/\/www.rayuelainfancia.com\/blog\/wp-content\/uploads\/2015\/10\/actividad-elmer-rayuela2.jpg","type":"image\/jpeg"}],"twitter_card":"summary","twitter_creator":"@Rayuelainfancia","twitter_site":"@Rayuelainfancia","twitter_misc":{"Written by":"Miguel Escalera Nieto","Est. reading time":"1 minuto"},"schema":{"@context":"https:\/\/schema.org","@graph":[{"@type":"Organization","@id":"https:\/\/www.rayuelainfancia.com\/blog\/#organization","name":"Rayuelainfancia","url":"https:\/\/www.rayuelainfancia.com\/blog\/","sameAs":["https:\/\/www.facebook.com\/pages\/Librer\u00eda-Rayuela\/251861686361","https:\/\/www.youtube.com\/channel\/UCddVaoDjpTp-DexyEVoyazQ","https:\/\/twitter.com\/Rayuelainfancia"],"logo":{"@type":"ImageObject","@id":"https:\/\/www.rayuelainfancia.com\/blog\/#logo","inLanguage":"es","url":"https:\/\/www.rayuelainfancia.com\/blog\/wp-content\/uploads\/2018\/06\/logo-rayuelainfancia-color-corporativo.png","contentUrl":"https:\/\/www.rayuelainfancia.com\/blog\/wp-content\/uploads\/2018\/06\/logo-rayuelainfancia-color-corporativo.png","width":1200,"height":680,"caption":"Rayuelainfancia"},"image":{"@id":"https:\/\/www.rayuelainfancia.com\/blog\/#logo"}},{"@type":"WebSite","@id":"https:\/\/www.rayuelainfancia.com\/blog\/#website","url":"https:\/\/www.rayuelainfancia.com\/blog\/","name":"Blog de Rayuelainfancia","description":"Libros infantiles y juegos educaticos respestuosos con la infancia","publisher":{"@id":"https:\/\/www.rayuelainfancia.com\/blog\/#organization"},"potentialAction":[{"@type":"SearchAction","target":{"@type":"EntryPoint","urlTemplate":"https:\/\/www.rayuelainfancia.com\/blog\/?s={search_term_string}"},"query-input":"required name=search_term_string"}],"inLanguage":"es"},{"@type":"ImageObject","@id":"http:\/\/www.rayuelainfancia.com\/blog\/cuando-elmer-salio-de-un-libro-2\/#primaryimage","inLanguage":"es","url":"https:\/\/www.rayuelainfancia.com\/blog\/wp-content\/uploads\/2015\/10\/actividad-elmer-rayuela2.jpg","contentUrl":"https:\/\/www.rayuelainfancia.com\/blog\/wp-content\/uploads\/2015\/10\/actividad-elmer-rayuela2.jpg","width":2480,"height":1936,"caption":"actividad-elmer-rayuela2"},{"@type":"WebPage","@id":"http:\/\/www.rayuelainfancia.com\/blog\/cuando-elmer-salio-de-un-libro-2\/#webpage","url":"http:\/\/www.rayuelainfancia.com\/blog\/cuando-elmer-salio-de-un-libro-2\/","name":"CU\u00c1NDO ELMER SALI\u00d3 DE UN LIBRO &#8902; Blog de Rayuelainfancia","isPartOf":{"@id":"https:\/\/www.rayuelainfancia.com\/blog\/#website"},"primaryImageOfPage":{"@id":"http:\/\/www.rayuelainfancia.com\/blog\/cuando-elmer-salio-de-un-libro-2\/#primaryimage"},"datePublished":"2015-11-10T09:35:53+00:00","dateModified":"2015-11-10T09:35:53+00:00","breadcrumb":{"@id":"http:\/\/www.rayuelainfancia.com\/blog\/cuando-elmer-salio-de-un-libro-2\/#breadcrumb"},"inLanguage":"es","potentialAction":[{"@type":"ReadAction","target":["http:\/\/www.rayuelainfancia.com\/blog\/cuando-elmer-salio-de-un-libro-2\/"]}]},{"@type":"BreadcrumbList","@id":"http:\/\/www.rayuelainfancia.com\/blog\/cuando-elmer-salio-de-un-libro-2\/#breadcrumb","itemListElement":[{"@type":"ListItem","position":1,"name":"Portada","item":"https:\/\/www.rayuelainfancia.com\/blog\/"},{"@type":"ListItem","position":2,"name":"CU\u00c1NDO ELMER SALI\u00d3 DE UN LIBRO"}]},{"@type":"Article","@id":"http:\/\/www.rayuelainfancia.com\/blog\/cuando-elmer-salio-de-un-libro-2\/#article","isPartOf":{"@id":"http:\/\/www.rayuelainfancia.com\/blog\/cuando-elmer-salio-de-un-libro-2\/#webpage"},"author":{"@id":"https:\/\/www.rayuelainfancia.com\/blog\/#\/schema\/person\/41147ec5e3c2cc1be6e2c4520a099ebb"},"headline":"CU\u00c1NDO ELMER SALI\u00d3 DE UN LIBRO","datePublished":"2015-11-10T09:35:53+00:00","dateModified":"2015-11-10T09:35:53+00:00","mainEntityOfPage":{"@id":"http:\/\/www.rayuelainfancia.com\/blog\/cuando-elmer-salio-de-un-libro-2\/#webpage"},"wordCount":306,"commentCount":0,"publisher":{"@id":"https:\/\/www.rayuelainfancia.com\/blog\/#organization"},"image":{"@id":"http:\/\/www.rayuelainfancia.com\/blog\/cuando-elmer-salio-de-un-libro-2\/#primaryimage"},"thumbnailUrl":"https:\/\/www.rayuelainfancia.com\/blog\/wp-content\/uploads\/2015\/10\/actividad-elmer-rayuela2.jpg","articleSection":["Actividades Cuentacuentos"],"inLanguage":"es","potentialAction":[{"@type":"CommentAction","name":"Comment","target":["http:\/\/www.rayuelainfancia.com\/blog\/cuando-elmer-salio-de-un-libro-2\/#respond"]}]},{"@type":"Person","@id":"https:\/\/www.rayuelainfancia.com\/blog\/#\/schema\/person\/41147ec5e3c2cc1be6e2c4520a099ebb","name":"Miguel Escalera Nieto","image":{"@type":"ImageObject","@id":"https:\/\/www.rayuelainfancia.com\/blog\/#personlogo","inLanguage":"es","url":"https:\/\/secure.gravatar.com\/avatar\/73bd613c804680e46df318e272f0e837?s=96&d=mm&r=g","contentUrl":"https:\/\/secure.gravatar.com\/avatar\/73bd613c804680e46df318e272f0e837?s=96&d=mm&r=g","caption":"Miguel Escalera Nieto"}}]}},"_links":{"self":[{"href":"https:\/\/www.rayuelainfancia.com\/blog\/wp-json\/wp\/v2\/posts\/594"}],"collection":[{"href":"https:\/\/www.rayuelainfancia.com\/blog\/wp-json\/wp\/v2\/posts"}],"about":[{"href":"https:\/\/www.rayuelainfancia.com\/blog\/wp-json\/wp\/v2\/types\/post"}],"author":[{"embeddable":true,"href":"https:\/\/www.rayuelainfancia.com\/blog\/wp-json\/wp\/v2\/users\/3"}],"replies":[{"embeddable":true,"href":"https:\/\/www.rayuelainfancia.com\/blog\/wp-json\/wp\/v2\/comments?post=594"}],"version-history":[{"count":0,"href":"https:\/\/www.rayuelainfancia.com\/blog\/wp-json\/wp\/v2\/posts\/594\/revisions"}],"wp:featuredmedia":[{"embeddable":true,"href":"https:\/\/www.rayuelainfancia.com\/blog\/wp-json\/wp\/v2\/media\/1008"}],"wp:attachment":[{"href":"https:\/\/www.rayuelainfancia.com\/blog\/wp-json\/wp\/v2\/media?parent=594"}],"wp:term":[{"taxonomy":"category","embeddable":true,"href":"https:\/\/www.rayuelainfancia.com\/blog\/wp-json\/wp\/v2\/categories?post=594"},{"taxonomy":"post_tag","embeddable":true,"href":"https:\/\/www.rayuelainfancia.com\/blog\/wp-json\/wp\/v2\/tags?post=594"}],"curies":[{"name":"wp","href":"https:\/\/api.w.org\/{rel}","templated":true}]}}