 {"id":593,"date":"2015-11-03T18:29:22","date_gmt":"2015-11-03T17:29:22","guid":{"rendered":"http:\/\/rayuelainfancia.desarrollotrevenque.com\/blog\/taller-con-guridi\/"},"modified":"2015-11-03T18:29:22","modified_gmt":"2015-11-03T17:29:22","slug":"taller-con-guridi","status":"publish","type":"post","link":"https:\/\/www.rayuelainfancia.com\/blog\/taller-con-guridi\/","title":{"rendered":"TALLER CON GURIDI"},"content":{"rendered":"<p><img loading=\"lazy\" class=\" size-full wp-image-1012\" src=\"http:\/\/rayuelainfancia.desarrollotrevenque.com\/blog\/wp-content\/uploads\/2015\/11\/guridi-web-dos.jpg\" width=\"630\" height=\"891\" alt=\"guridi-web-dos\" srcset=\"https:\/\/www.rayuelainfancia.com\/blog\/wp-content\/uploads\/2015\/11\/guridi-web-dos.jpg 630w, https:\/\/www.rayuelainfancia.com\/blog\/wp-content\/uploads\/2015\/11\/guridi-web-dos-212x300.jpg 212w\" sizes=\"(max-width: 630px) 100vw, 630px\" \/><\/p>\n<div style=\"color: #000000; font-family: Verdana, Arial, Helvetica, sans-serif; font-size: 11px; line-height: normal; background-color: #fbfbf7;\">S\u00c1BADO 7 DE NOVIEMBRE A LAS 12:00:<\/div>\n<div style=\"color: #000000; font-family: Verdana, Arial, Helvetica, sans-serif; font-size: 11px; line-height: normal; background-color: #fbfbf7;\">&nbsp;<\/div>\n<div style=\"color: #000000; font-family: Verdana, Arial, Helvetica, sans-serif; font-size: 11px; line-height: normal; background-color: #fbfbf7;\">Encuentro con tu ilustrador: GURIDI<\/div>\n<div style=\"color: #000000; font-family: Verdana, Arial, Helvetica, sans-serif; font-size: 11px; line-height: normal; background-color: #fbfbf7;\">TALLER: EL SE\u00d1OR DEL CASTILLO<\/div>\n<div style=\"color: #000000; font-family: Verdana, Arial, Helvetica, sans-serif; font-size: 11px; line-height: normal; background-color: #fbfbf7;\">Ven a Rayuela y construye un castillo con nosotros si tienes m\u00e1s de 6 a\u00f1os. \u00a1Te esperan incre\u00edbles aventuras!<\/div>\n<div style=\"color: #000000; font-family: Verdana, Arial, Helvetica, sans-serif; font-size: 11px; line-height: normal; background-color: #fbfbf7;\">Un encuentro muy especial con Guridi, el ilustrador de \u00abEl se\u00f1or del castillo\u00bb, un \u00e1lbum en el que un singular\u00edsimo caballero sin nombre est\u00e1 dispuesto a construir un maravilloso castillo. Muy her\u00e1ldico \u00e9l, recubierto de pociones invencibles, armado con la fuerza de cien dragones y la sabidur\u00eda de los magos.<\/div>\n<div style=\"color: #000000; font-family: Verdana, Arial, Helvetica, sans-serif; font-size: 11px; line-height: normal; background-color: #fbfbf7;\">&nbsp;<\/div>\n<div style=\"color: #000000; font-family: Verdana, Arial, Helvetica, sans-serif; font-size: 11px; line-height: normal; background-color: #fbfbf7;\">Reserva ya tu plaza en&nbsp;<a href=\"mailto:actividades@rayuelainfancia.com\"><\/a><a href=\"mailto:actividades@rayuelainfancia.com\">actividades@rayuelainfancia.com<\/a><\/div>\n","protected":false},"excerpt":{"rendered":"<p>S\u00c1BADO 7 DE NOVIEMBRE A LAS 12:00: &nbsp; Encuentro con tu ilustrador: GURIDI TALLER: EL SE\u00d1OR DEL CASTILLO Ven a Rayuela y construye un castillo con nosotros si tienes m\u00e1s de 6 a\u00f1os. \u00a1Te esperan incre\u00edbles aventuras! Un encuentro muy especial con Guridi, el ilustrador de \u00abEl se\u00f1or del castillo\u00bb, un \u00e1lbum en el que [&hellip;]<\/p>\n","protected":false},"author":3,"featured_media":1012,"comment_status":"open","ping_status":"open","sticky":false,"template":"","format":"standard","meta":[],"categories":[18],"tags":[],"yoast_head":"<!-- This site is optimized with the Yoast SEO plugin v18.5.1 - https:\/\/yoast.com\/wordpress\/plugins\/seo\/ -->\n<title>TALLER CON GURIDI &#8902; Blog de Rayuelainfancia<\/title>\n<meta name=\"robots\" content=\"index, follow, max-snippet:-1, max-image-preview:large, max-video-preview:-1\" \/>\n<link rel=\"canonical\" href=\"https:\/\/www.rayuelainfancia.com\/blog\/taller-con-guridi\/\" \/>\n<meta property=\"og:locale\" content=\"es_ES\" \/>\n<meta property=\"og:type\" content=\"article\" \/>\n<meta property=\"og:title\" content=\"TALLER CON GURIDI &#8902; Blog de Rayuelainfancia\" \/>\n<meta property=\"og:description\" content=\"S\u00c1BADO 7 DE NOVIEMBRE A LAS 12:00: &nbsp; Encuentro con tu ilustrador: GURIDI TALLER: EL SE\u00d1OR DEL CASTILLO Ven a Rayuela y construye un castillo con nosotros si tienes m\u00e1s de 6 a\u00f1os. \u00a1Te esperan incre\u00edbles aventuras! Un encuentro muy especial con Guridi, el ilustrador de \u00abEl se\u00f1or del castillo\u00bb, un \u00e1lbum en el que [&hellip;]\" \/>\n<meta property=\"og:url\" content=\"https:\/\/www.rayuelainfancia.com\/blog\/taller-con-guridi\/\" \/>\n<meta property=\"og:site_name\" content=\"Blog de Rayuelainfancia\" \/>\n<meta property=\"article:publisher\" content=\"https:\/\/www.facebook.com\/pages\/Librer\u00eda-Rayuela\/251861686361\" \/>\n<meta property=\"article:published_time\" content=\"2015-11-03T17:29:22+00:00\" \/>\n<meta property=\"og:image\" content=\"https:\/\/www.rayuelainfancia.com\/blog\/wp-content\/uploads\/2015\/11\/guridi-web-dos.jpg\" \/>\n\t<meta property=\"og:image:width\" content=\"630\" \/>\n\t<meta property=\"og:image:height\" content=\"891\" \/>\n\t<meta property=\"og:image:type\" content=\"image\/jpeg\" \/>\n<meta name=\"twitter:card\" content=\"summary\" \/>\n<meta name=\"twitter:creator\" content=\"@Rayuelainfancia\" \/>\n<meta name=\"twitter:site\" content=\"@Rayuelainfancia\" \/>\n<meta name=\"twitter:label1\" content=\"Written by\" \/>\n\t<meta name=\"twitter:data1\" content=\"Miguel Escalera Nieto\" \/>\n\t<meta name=\"twitter:label2\" content=\"Est. reading time\" \/>\n\t<meta name=\"twitter:data2\" content=\"1 minuto\" \/>\n<script type=\"application\/ld+json\" class=\"yoast-schema-graph\">{\"@context\":\"https:\/\/schema.org\",\"@graph\":[{\"@type\":\"Organization\",\"@id\":\"https:\/\/www.rayuelainfancia.com\/blog\/#organization\",\"name\":\"Rayuelainfancia\",\"url\":\"https:\/\/www.rayuelainfancia.com\/blog\/\",\"sameAs\":[\"https:\/\/www.facebook.com\/pages\/Librer\u00eda-Rayuela\/251861686361\",\"https:\/\/www.youtube.com\/channel\/UCddVaoDjpTp-DexyEVoyazQ\",\"https:\/\/twitter.com\/Rayuelainfancia\"],\"logo\":{\"@type\":\"ImageObject\",\"@id\":\"https:\/\/www.rayuelainfancia.com\/blog\/#logo\",\"inLanguage\":\"es\",\"url\":\"https:\/\/www.rayuelainfancia.com\/blog\/wp-content\/uploads\/2018\/06\/logo-rayuelainfancia-color-corporativo.png\",\"contentUrl\":\"https:\/\/www.rayuelainfancia.com\/blog\/wp-content\/uploads\/2018\/06\/logo-rayuelainfancia-color-corporativo.png\",\"width\":1200,\"height\":680,\"caption\":\"Rayuelainfancia\"},\"image\":{\"@id\":\"https:\/\/www.rayuelainfancia.com\/blog\/#logo\"}},{\"@type\":\"WebSite\",\"@id\":\"https:\/\/www.rayuelainfancia.com\/blog\/#website\",\"url\":\"https:\/\/www.rayuelainfancia.com\/blog\/\",\"name\":\"Blog de Rayuelainfancia\",\"description\":\"Libros infantiles y juegos educaticos respestuosos con la infancia\",\"publisher\":{\"@id\":\"https:\/\/www.rayuelainfancia.com\/blog\/#organization\"},\"potentialAction\":[{\"@type\":\"SearchAction\",\"target\":{\"@type\":\"EntryPoint\",\"urlTemplate\":\"https:\/\/www.rayuelainfancia.com\/blog\/?s={search_term_string}\"},\"query-input\":\"required name=search_term_string\"}],\"inLanguage\":\"es\"},{\"@type\":\"ImageObject\",\"@id\":\"https:\/\/www.rayuelainfancia.com\/blog\/taller-con-guridi\/#primaryimage\",\"inLanguage\":\"es\",\"url\":\"https:\/\/www.rayuelainfancia.com\/blog\/wp-content\/uploads\/2015\/11\/guridi-web-dos.jpg\",\"contentUrl\":\"https:\/\/www.rayuelainfancia.com\/blog\/wp-content\/uploads\/2015\/11\/guridi-web-dos.jpg\",\"width\":630,\"height\":891,\"caption\":\"guridi-web-dos\"},{\"@type\":\"WebPage\",\"@id\":\"https:\/\/www.rayuelainfancia.com\/blog\/taller-con-guridi\/#webpage\",\"url\":\"https:\/\/www.rayuelainfancia.com\/blog\/taller-con-guridi\/\",\"name\":\"TALLER CON GURIDI &#8902; Blog de Rayuelainfancia\",\"isPartOf\":{\"@id\":\"https:\/\/www.rayuelainfancia.com\/blog\/#website\"},\"primaryImageOfPage\":{\"@id\":\"https:\/\/www.rayuelainfancia.com\/blog\/taller-con-guridi\/#primaryimage\"},\"datePublished\":\"2015-11-03T17:29:22+00:00\",\"dateModified\":\"2015-11-03T17:29:22+00:00\",\"breadcrumb\":{\"@id\":\"https:\/\/www.rayuelainfancia.com\/blog\/taller-con-guridi\/#breadcrumb\"},\"inLanguage\":\"es\",\"potentialAction\":[{\"@type\":\"ReadAction\",\"target\":[\"https:\/\/www.rayuelainfancia.com\/blog\/taller-con-guridi\/\"]}]},{\"@type\":\"BreadcrumbList\",\"@id\":\"https:\/\/www.rayuelainfancia.com\/blog\/taller-con-guridi\/#breadcrumb\",\"itemListElement\":[{\"@type\":\"ListItem\",\"position\":1,\"name\":\"Portada\",\"item\":\"https:\/\/www.rayuelainfancia.com\/blog\/\"},{\"@type\":\"ListItem\",\"position\":2,\"name\":\"TALLER CON GURIDI\"}]},{\"@type\":\"Article\",\"@id\":\"https:\/\/www.rayuelainfancia.com\/blog\/taller-con-guridi\/#article\",\"isPartOf\":{\"@id\":\"https:\/\/www.rayuelainfancia.com\/blog\/taller-con-guridi\/#webpage\"},\"author\":{\"@id\":\"https:\/\/www.rayuelainfancia.com\/blog\/#\/schema\/person\/41147ec5e3c2cc1be6e2c4520a099ebb\"},\"headline\":\"TALLER CON GURIDI\",\"datePublished\":\"2015-11-03T17:29:22+00:00\",\"dateModified\":\"2015-11-03T17:29:22+00:00\",\"mainEntityOfPage\":{\"@id\":\"https:\/\/www.rayuelainfancia.com\/blog\/taller-con-guridi\/#webpage\"},\"wordCount\":106,\"commentCount\":0,\"publisher\":{\"@id\":\"https:\/\/www.rayuelainfancia.com\/blog\/#organization\"},\"image\":{\"@id\":\"https:\/\/www.rayuelainfancia.com\/blog\/taller-con-guridi\/#primaryimage\"},\"thumbnailUrl\":\"https:\/\/www.rayuelainfancia.com\/blog\/wp-content\/uploads\/2015\/11\/guridi-web-dos.jpg\",\"articleSection\":[\"Actividades Cuentacuentos\"],\"inLanguage\":\"es\",\"potentialAction\":[{\"@type\":\"CommentAction\",\"name\":\"Comment\",\"target\":[\"https:\/\/www.rayuelainfancia.com\/blog\/taller-con-guridi\/#respond\"]}]},{\"@type\":\"Person\",\"@id\":\"https:\/\/www.rayuelainfancia.com\/blog\/#\/schema\/person\/41147ec5e3c2cc1be6e2c4520a099ebb\",\"name\":\"Miguel Escalera Nieto\",\"image\":{\"@type\":\"ImageObject\",\"@id\":\"https:\/\/www.rayuelainfancia.com\/blog\/#personlogo\",\"inLanguage\":\"es\",\"url\":\"https:\/\/secure.gravatar.com\/avatar\/73bd613c804680e46df318e272f0e837?s=96&d=mm&r=g\",\"contentUrl\":\"https:\/\/secure.gravatar.com\/avatar\/73bd613c804680e46df318e272f0e837?s=96&d=mm&r=g\",\"caption\":\"Miguel Escalera Nieto\"}}]}<\/script>\n<!-- \/ Yoast SEO plugin. -->","yoast_head_json":{"title":"TALLER CON GURIDI &#8902; Blog de Rayuelainfancia","robots":{"index":"index","follow":"follow","max-snippet":"max-snippet:-1","max-image-preview":"max-image-preview:large","max-video-preview":"max-video-preview:-1"},"canonical":"https:\/\/www.rayuelainfancia.com\/blog\/taller-con-guridi\/","og_locale":"es_ES","og_type":"article","og_title":"TALLER CON GURIDI &#8902; Blog de Rayuelainfancia","og_description":"S\u00c1BADO 7 DE NOVIEMBRE A LAS 12:00: &nbsp; Encuentro con tu ilustrador: GURIDI TALLER: EL SE\u00d1OR DEL CASTILLO Ven a Rayuela y construye un castillo con nosotros si tienes m\u00e1s de 6 a\u00f1os. \u00a1Te esperan incre\u00edbles aventuras! Un encuentro muy especial con Guridi, el ilustrador de \u00abEl se\u00f1or del castillo\u00bb, un \u00e1lbum en el que [&hellip;]","og_url":"https:\/\/www.rayuelainfancia.com\/blog\/taller-con-guridi\/","og_site_name":"Blog de Rayuelainfancia","article_publisher":"https:\/\/www.facebook.com\/pages\/Librer\u00eda-Rayuela\/251861686361","article_published_time":"2015-11-03T17:29:22+00:00","og_image":[{"width":630,"height":891,"url":"https:\/\/www.rayuelainfancia.com\/blog\/wp-content\/uploads\/2015\/11\/guridi-web-dos.jpg","type":"image\/jpeg"}],"twitter_card":"summary","twitter_creator":"@Rayuelainfancia","twitter_site":"@Rayuelainfancia","twitter_misc":{"Written by":"Miguel Escalera Nieto","Est. reading time":"1 minuto"},"schema":{"@context":"https:\/\/schema.org","@graph":[{"@type":"Organization","@id":"https:\/\/www.rayuelainfancia.com\/blog\/#organization","name":"Rayuelainfancia","url":"https:\/\/www.rayuelainfancia.com\/blog\/","sameAs":["https:\/\/www.facebook.com\/pages\/Librer\u00eda-Rayuela\/251861686361","https:\/\/www.youtube.com\/channel\/UCddVaoDjpTp-DexyEVoyazQ","https:\/\/twitter.com\/Rayuelainfancia"],"logo":{"@type":"ImageObject","@id":"https:\/\/www.rayuelainfancia.com\/blog\/#logo","inLanguage":"es","url":"https:\/\/www.rayuelainfancia.com\/blog\/wp-content\/uploads\/2018\/06\/logo-rayuelainfancia-color-corporativo.png","contentUrl":"https:\/\/www.rayuelainfancia.com\/blog\/wp-content\/uploads\/2018\/06\/logo-rayuelainfancia-color-corporativo.png","width":1200,"height":680,"caption":"Rayuelainfancia"},"image":{"@id":"https:\/\/www.rayuelainfancia.com\/blog\/#logo"}},{"@type":"WebSite","@id":"https:\/\/www.rayuelainfancia.com\/blog\/#website","url":"https:\/\/www.rayuelainfancia.com\/blog\/","name":"Blog de Rayuelainfancia","description":"Libros infantiles y juegos educaticos respestuosos con la infancia","publisher":{"@id":"https:\/\/www.rayuelainfancia.com\/blog\/#organization"},"potentialAction":[{"@type":"SearchAction","target":{"@type":"EntryPoint","urlTemplate":"https:\/\/www.rayuelainfancia.com\/blog\/?s={search_term_string}"},"query-input":"required name=search_term_string"}],"inLanguage":"es"},{"@type":"ImageObject","@id":"https:\/\/www.rayuelainfancia.com\/blog\/taller-con-guridi\/#primaryimage","inLanguage":"es","url":"https:\/\/www.rayuelainfancia.com\/blog\/wp-content\/uploads\/2015\/11\/guridi-web-dos.jpg","contentUrl":"https:\/\/www.rayuelainfancia.com\/blog\/wp-content\/uploads\/2015\/11\/guridi-web-dos.jpg","width":630,"height":891,"caption":"guridi-web-dos"},{"@type":"WebPage","@id":"https:\/\/www.rayuelainfancia.com\/blog\/taller-con-guridi\/#webpage","url":"https:\/\/www.rayuelainfancia.com\/blog\/taller-con-guridi\/","name":"TALLER CON GURIDI &#8902; Blog de Rayuelainfancia","isPartOf":{"@id":"https:\/\/www.rayuelainfancia.com\/blog\/#website"},"primaryImageOfPage":{"@id":"https:\/\/www.rayuelainfancia.com\/blog\/taller-con-guridi\/#primaryimage"},"datePublished":"2015-11-03T17:29:22+00:00","dateModified":"2015-11-03T17:29:22+00:00","breadcrumb":{"@id":"https:\/\/www.rayuelainfancia.com\/blog\/taller-con-guridi\/#breadcrumb"},"inLanguage":"es","potentialAction":[{"@type":"ReadAction","target":["https:\/\/www.rayuelainfancia.com\/blog\/taller-con-guridi\/"]}]},{"@type":"BreadcrumbList","@id":"https:\/\/www.rayuelainfancia.com\/blog\/taller-con-guridi\/#breadcrumb","itemListElement":[{"@type":"ListItem","position":1,"name":"Portada","item":"https:\/\/www.rayuelainfancia.com\/blog\/"},{"@type":"ListItem","position":2,"name":"TALLER CON GURIDI"}]},{"@type":"Article","@id":"https:\/\/www.rayuelainfancia.com\/blog\/taller-con-guridi\/#article","isPartOf":{"@id":"https:\/\/www.rayuelainfancia.com\/blog\/taller-con-guridi\/#webpage"},"author":{"@id":"https:\/\/www.rayuelainfancia.com\/blog\/#\/schema\/person\/41147ec5e3c2cc1be6e2c4520a099ebb"},"headline":"TALLER CON GURIDI","datePublished":"2015-11-03T17:29:22+00:00","dateModified":"2015-11-03T17:29:22+00:00","mainEntityOfPage":{"@id":"https:\/\/www.rayuelainfancia.com\/blog\/taller-con-guridi\/#webpage"},"wordCount":106,"commentCount":0,"publisher":{"@id":"https:\/\/www.rayuelainfancia.com\/blog\/#organization"},"image":{"@id":"https:\/\/www.rayuelainfancia.com\/blog\/taller-con-guridi\/#primaryimage"},"thumbnailUrl":"https:\/\/www.rayuelainfancia.com\/blog\/wp-content\/uploads\/2015\/11\/guridi-web-dos.jpg","articleSection":["Actividades Cuentacuentos"],"inLanguage":"es","potentialAction":[{"@type":"CommentAction","name":"Comment","target":["https:\/\/www.rayuelainfancia.com\/blog\/taller-con-guridi\/#respond"]}]},{"@type":"Person","@id":"https:\/\/www.rayuelainfancia.com\/blog\/#\/schema\/person\/41147ec5e3c2cc1be6e2c4520a099ebb","name":"Miguel Escalera Nieto","image":{"@type":"ImageObject","@id":"https:\/\/www.rayuelainfancia.com\/blog\/#personlogo","inLanguage":"es","url":"https:\/\/secure.gravatar.com\/avatar\/73bd613c804680e46df318e272f0e837?s=96&d=mm&r=g","contentUrl":"https:\/\/secure.gravatar.com\/avatar\/73bd613c804680e46df318e272f0e837?s=96&d=mm&r=g","caption":"Miguel Escalera Nieto"}}]}},"_links":{"self":[{"href":"https:\/\/www.rayuelainfancia.com\/blog\/wp-json\/wp\/v2\/posts\/593"}],"collection":[{"href":"https:\/\/www.rayuelainfancia.com\/blog\/wp-json\/wp\/v2\/posts"}],"about":[{"href":"https:\/\/www.rayuelainfancia.com\/blog\/wp-json\/wp\/v2\/types\/post"}],"author":[{"embeddable":true,"href":"https:\/\/www.rayuelainfancia.com\/blog\/wp-json\/wp\/v2\/users\/3"}],"replies":[{"embeddable":true,"href":"https:\/\/www.rayuelainfancia.com\/blog\/wp-json\/wp\/v2\/comments?post=593"}],"version-history":[{"count":0,"href":"https:\/\/www.rayuelainfancia.com\/blog\/wp-json\/wp\/v2\/posts\/593\/revisions"}],"wp:featuredmedia":[{"embeddable":true,"href":"https:\/\/www.rayuelainfancia.com\/blog\/wp-json\/wp\/v2\/media\/1012"}],"wp:attachment":[{"href":"https:\/\/www.rayuelainfancia.com\/blog\/wp-json\/wp\/v2\/media?parent=593"}],"wp:term":[{"taxonomy":"category","embeddable":true,"href":"https:\/\/www.rayuelainfancia.com\/blog\/wp-json\/wp\/v2\/categories?post=593"},{"taxonomy":"post_tag","embeddable":true,"href":"https:\/\/www.rayuelainfancia.com\/blog\/wp-json\/wp\/v2\/tags?post=593"}],"curies":[{"name":"wp","href":"https:\/\/api.w.org\/{rel}","templated":true}]}}