 {"id":592,"date":"2015-10-29T18:13:08","date_gmt":"2015-10-29T17:13:08","guid":{"rendered":"http:\/\/rayuelainfancia.desarrollotrevenque.com\/blog\/13-de-noviembre-dia-de-las-librerias\/"},"modified":"2015-10-29T18:13:08","modified_gmt":"2015-10-29T17:13:08","slug":"13-de-noviembre-dia-de-las-librerias","status":"publish","type":"post","link":"https:\/\/www.rayuelainfancia.com\/blog\/13-de-noviembre-dia-de-las-librerias\/","title":{"rendered":"13 DE NOVIEMBRE: D\u00cdA DE LAS LIBRER\u00cdAS"},"content":{"rendered":"<div style=\"text-align: justify;\"><img loading=\"lazy\" class=\" size-full wp-image-1011\" src=\"http:\/\/rayuelainfancia.desarrollotrevenque.com\/blog\/wp-content\/uploads\/2015\/10\/D%C3%ADa_de_las_librerias_2015_FACEBOOK_Castellano.png\" width=\"630\" height=\"629\" alt=\"D\u00eda de las librerias 2015 FACEBOOK Castellano\" \/><\/div>\n<p>An\u00edmate y celebra con nosotros este D\u00cdA DE LAS LIBRER\u00cdAS. Coge un par de libros queridos bajo del brazo y VENTE A RAYUELA<\/p>\n<p>Cu\u00e9ntanos aqu\u00ed, en la librer\u00eda, l\u00e9enos por favor, que estamos deseando escucharte.<\/p>\n<p>Para tus ni\u00f1as, para tus nietos, para tus sobrinos, para tu pareja. Te acogeremos con cari\u00f1o, en un sitito c\u00f3modo y te aseguramos oyentes atentos y cari\u00f1osos.<\/p>\n<p>Escr\u00edbenos a actividades@rayuelainfancia.com con tu nombre, tel\u00e9fono de contacto y los 2 libros que deseas contar.<\/p>\n","protected":false},"excerpt":{"rendered":"<p>An\u00edmate y celebra con nosotros este D\u00cdA DE LAS LIBRER\u00cdAS. Coge un par de libros queridos bajo del brazo y VENTE A RAYUELA Cu\u00e9ntanos aqu\u00ed, en la librer\u00eda, l\u00e9enos por favor, que estamos deseando escucharte. Para tus ni\u00f1as, para tus nietos, para tus sobrinos, para tu pareja. Te acogeremos con cari\u00f1o, en un sitito c\u00f3modo [&hellip;]<\/p>\n","protected":false},"author":3,"featured_media":1011,"comment_status":"open","ping_status":"open","sticky":false,"template":"","format":"standard","meta":[],"categories":[18],"tags":[],"yoast_head":"<!-- This site is optimized with the Yoast SEO plugin v18.5.1 - https:\/\/yoast.com\/wordpress\/plugins\/seo\/ -->\n<title>13 DE NOVIEMBRE: D\u00cdA DE LAS LIBRER\u00cdAS &#8902; Blog de Rayuelainfancia<\/title>\n<meta name=\"robots\" content=\"index, follow, max-snippet:-1, max-image-preview:large, max-video-preview:-1\" \/>\n<link rel=\"canonical\" href=\"https:\/\/www.rayuelainfancia.com\/blog\/13-de-noviembre-dia-de-las-librerias\/\" \/>\n<meta property=\"og:locale\" content=\"es_ES\" \/>\n<meta property=\"og:type\" content=\"article\" \/>\n<meta property=\"og:title\" content=\"13 DE NOVIEMBRE: D\u00cdA DE LAS LIBRER\u00cdAS &#8902; Blog de Rayuelainfancia\" \/>\n<meta property=\"og:description\" content=\"An\u00edmate y celebra con nosotros este D\u00cdA DE LAS LIBRER\u00cdAS. Coge un par de libros queridos bajo del brazo y VENTE A RAYUELA Cu\u00e9ntanos aqu\u00ed, en la librer\u00eda, l\u00e9enos por favor, que estamos deseando escucharte. Para tus ni\u00f1as, para tus nietos, para tus sobrinos, para tu pareja. Te acogeremos con cari\u00f1o, en un sitito c\u00f3modo [&hellip;]\" \/>\n<meta property=\"og:url\" content=\"https:\/\/www.rayuelainfancia.com\/blog\/13-de-noviembre-dia-de-las-librerias\/\" \/>\n<meta property=\"og:site_name\" content=\"Blog de Rayuelainfancia\" \/>\n<meta property=\"article:publisher\" content=\"https:\/\/www.facebook.com\/pages\/Librer\u00eda-Rayuela\/251861686361\" \/>\n<meta property=\"article:published_time\" content=\"2015-10-29T17:13:08+00:00\" \/>\n<meta property=\"og:image\" content=\"https:\/\/www.rayuelainfancia.com\/blog\/wp-content\/uploads\/2015\/10\/D\u00eda_de_las_librerias_2015_FACEBOOK_Castellano.png\" \/>\n\t<meta property=\"og:image:width\" content=\"1201\" \/>\n\t<meta property=\"og:image:height\" content=\"1200\" \/>\n\t<meta property=\"og:image:type\" content=\"image\/png\" \/>\n<meta name=\"twitter:card\" content=\"summary\" \/>\n<meta name=\"twitter:creator\" content=\"@Rayuelainfancia\" \/>\n<meta name=\"twitter:site\" content=\"@Rayuelainfancia\" \/>\n<meta name=\"twitter:label1\" content=\"Written by\" \/>\n\t<meta name=\"twitter:data1\" content=\"Miguel Escalera Nieto\" \/>\n<script type=\"application\/ld+json\" class=\"yoast-schema-graph\">{\"@context\":\"https:\/\/schema.org\",\"@graph\":[{\"@type\":\"Organization\",\"@id\":\"https:\/\/www.rayuelainfancia.com\/blog\/#organization\",\"name\":\"Rayuelainfancia\",\"url\":\"https:\/\/www.rayuelainfancia.com\/blog\/\",\"sameAs\":[\"https:\/\/www.facebook.com\/pages\/Librer\u00eda-Rayuela\/251861686361\",\"https:\/\/www.youtube.com\/channel\/UCddVaoDjpTp-DexyEVoyazQ\",\"https:\/\/twitter.com\/Rayuelainfancia\"],\"logo\":{\"@type\":\"ImageObject\",\"@id\":\"https:\/\/www.rayuelainfancia.com\/blog\/#logo\",\"inLanguage\":\"es\",\"url\":\"https:\/\/www.rayuelainfancia.com\/blog\/wp-content\/uploads\/2018\/06\/logo-rayuelainfancia-color-corporativo.png\",\"contentUrl\":\"https:\/\/www.rayuelainfancia.com\/blog\/wp-content\/uploads\/2018\/06\/logo-rayuelainfancia-color-corporativo.png\",\"width\":1200,\"height\":680,\"caption\":\"Rayuelainfancia\"},\"image\":{\"@id\":\"https:\/\/www.rayuelainfancia.com\/blog\/#logo\"}},{\"@type\":\"WebSite\",\"@id\":\"https:\/\/www.rayuelainfancia.com\/blog\/#website\",\"url\":\"https:\/\/www.rayuelainfancia.com\/blog\/\",\"name\":\"Blog de Rayuelainfancia\",\"description\":\"Libros infantiles y juegos educaticos respestuosos con la infancia\",\"publisher\":{\"@id\":\"https:\/\/www.rayuelainfancia.com\/blog\/#organization\"},\"potentialAction\":[{\"@type\":\"SearchAction\",\"target\":{\"@type\":\"EntryPoint\",\"urlTemplate\":\"https:\/\/www.rayuelainfancia.com\/blog\/?s={search_term_string}\"},\"query-input\":\"required name=search_term_string\"}],\"inLanguage\":\"es\"},{\"@type\":\"ImageObject\",\"@id\":\"https:\/\/www.rayuelainfancia.com\/blog\/13-de-noviembre-dia-de-las-librerias\/#primaryimage\",\"inLanguage\":\"es\",\"url\":\"https:\/\/www.rayuelainfancia.com\/blog\/wp-content\/uploads\/2015\/10\/D\u00eda_de_las_librerias_2015_FACEBOOK_Castellano.png\",\"contentUrl\":\"https:\/\/www.rayuelainfancia.com\/blog\/wp-content\/uploads\/2015\/10\/D\u00eda_de_las_librerias_2015_FACEBOOK_Castellano.png\",\"width\":1201,\"height\":1200,\"caption\":\"D\u00eda de las librerias 2015 FACEBOOK Castellano\"},{\"@type\":\"WebPage\",\"@id\":\"https:\/\/www.rayuelainfancia.com\/blog\/13-de-noviembre-dia-de-las-librerias\/#webpage\",\"url\":\"https:\/\/www.rayuelainfancia.com\/blog\/13-de-noviembre-dia-de-las-librerias\/\",\"name\":\"13 DE NOVIEMBRE: D\u00cdA DE LAS LIBRER\u00cdAS &#8902; Blog de Rayuelainfancia\",\"isPartOf\":{\"@id\":\"https:\/\/www.rayuelainfancia.com\/blog\/#website\"},\"primaryImageOfPage\":{\"@id\":\"https:\/\/www.rayuelainfancia.com\/blog\/13-de-noviembre-dia-de-las-librerias\/#primaryimage\"},\"datePublished\":\"2015-10-29T17:13:08+00:00\",\"dateModified\":\"2015-10-29T17:13:08+00:00\",\"breadcrumb\":{\"@id\":\"https:\/\/www.rayuelainfancia.com\/blog\/13-de-noviembre-dia-de-las-librerias\/#breadcrumb\"},\"inLanguage\":\"es\",\"potentialAction\":[{\"@type\":\"ReadAction\",\"target\":[\"https:\/\/www.rayuelainfancia.com\/blog\/13-de-noviembre-dia-de-las-librerias\/\"]}]},{\"@type\":\"BreadcrumbList\",\"@id\":\"https:\/\/www.rayuelainfancia.com\/blog\/13-de-noviembre-dia-de-las-librerias\/#breadcrumb\",\"itemListElement\":[{\"@type\":\"ListItem\",\"position\":1,\"name\":\"Portada\",\"item\":\"https:\/\/www.rayuelainfancia.com\/blog\/\"},{\"@type\":\"ListItem\",\"position\":2,\"name\":\"13 DE NOVIEMBRE: D\u00cdA DE LAS LIBRER\u00cdAS\"}]},{\"@type\":\"Article\",\"@id\":\"https:\/\/www.rayuelainfancia.com\/blog\/13-de-noviembre-dia-de-las-librerias\/#article\",\"isPartOf\":{\"@id\":\"https:\/\/www.rayuelainfancia.com\/blog\/13-de-noviembre-dia-de-las-librerias\/#webpage\"},\"author\":{\"@id\":\"https:\/\/www.rayuelainfancia.com\/blog\/#\/schema\/person\/41147ec5e3c2cc1be6e2c4520a099ebb\"},\"headline\":\"13 DE NOVIEMBRE: D\u00cdA DE LAS LIBRER\u00cdAS\",\"datePublished\":\"2015-10-29T17:13:08+00:00\",\"dateModified\":\"2015-10-29T17:13:08+00:00\",\"mainEntityOfPage\":{\"@id\":\"https:\/\/www.rayuelainfancia.com\/blog\/13-de-noviembre-dia-de-las-librerias\/#webpage\"},\"wordCount\":99,\"commentCount\":0,\"publisher\":{\"@id\":\"https:\/\/www.rayuelainfancia.com\/blog\/#organization\"},\"image\":{\"@id\":\"https:\/\/www.rayuelainfancia.com\/blog\/13-de-noviembre-dia-de-las-librerias\/#primaryimage\"},\"thumbnailUrl\":\"https:\/\/www.rayuelainfancia.com\/blog\/wp-content\/uploads\/2015\/10\/D\u00eda_de_las_librerias_2015_FACEBOOK_Castellano.png\",\"articleSection\":[\"Actividades Cuentacuentos\"],\"inLanguage\":\"es\",\"potentialAction\":[{\"@type\":\"CommentAction\",\"name\":\"Comment\",\"target\":[\"https:\/\/www.rayuelainfancia.com\/blog\/13-de-noviembre-dia-de-las-librerias\/#respond\"]}]},{\"@type\":\"Person\",\"@id\":\"https:\/\/www.rayuelainfancia.com\/blog\/#\/schema\/person\/41147ec5e3c2cc1be6e2c4520a099ebb\",\"name\":\"Miguel Escalera Nieto\",\"image\":{\"@type\":\"ImageObject\",\"@id\":\"https:\/\/www.rayuelainfancia.com\/blog\/#personlogo\",\"inLanguage\":\"es\",\"url\":\"https:\/\/secure.gravatar.com\/avatar\/73bd613c804680e46df318e272f0e837?s=96&d=mm&r=g\",\"contentUrl\":\"https:\/\/secure.gravatar.com\/avatar\/73bd613c804680e46df318e272f0e837?s=96&d=mm&r=g\",\"caption\":\"Miguel Escalera Nieto\"}}]}<\/script>\n<!-- \/ Yoast SEO plugin. -->","yoast_head_json":{"title":"13 DE NOVIEMBRE: D\u00cdA DE LAS LIBRER\u00cdAS &#8902; Blog de Rayuelainfancia","robots":{"index":"index","follow":"follow","max-snippet":"max-snippet:-1","max-image-preview":"max-image-preview:large","max-video-preview":"max-video-preview:-1"},"canonical":"https:\/\/www.rayuelainfancia.com\/blog\/13-de-noviembre-dia-de-las-librerias\/","og_locale":"es_ES","og_type":"article","og_title":"13 DE NOVIEMBRE: D\u00cdA DE LAS LIBRER\u00cdAS &#8902; Blog de Rayuelainfancia","og_description":"An\u00edmate y celebra con nosotros este D\u00cdA DE LAS LIBRER\u00cdAS. Coge un par de libros queridos bajo del brazo y VENTE A RAYUELA Cu\u00e9ntanos aqu\u00ed, en la librer\u00eda, l\u00e9enos por favor, que estamos deseando escucharte. Para tus ni\u00f1as, para tus nietos, para tus sobrinos, para tu pareja. Te acogeremos con cari\u00f1o, en un sitito c\u00f3modo [&hellip;]","og_url":"https:\/\/www.rayuelainfancia.com\/blog\/13-de-noviembre-dia-de-las-librerias\/","og_site_name":"Blog de Rayuelainfancia","article_publisher":"https:\/\/www.facebook.com\/pages\/Librer\u00eda-Rayuela\/251861686361","article_published_time":"2015-10-29T17:13:08+00:00","og_image":[{"width":1201,"height":1200,"url":"https:\/\/www.rayuelainfancia.com\/blog\/wp-content\/uploads\/2015\/10\/D\u00eda_de_las_librerias_2015_FACEBOOK_Castellano.png","type":"image\/png"}],"twitter_card":"summary","twitter_creator":"@Rayuelainfancia","twitter_site":"@Rayuelainfancia","twitter_misc":{"Written by":"Miguel Escalera Nieto"},"schema":{"@context":"https:\/\/schema.org","@graph":[{"@type":"Organization","@id":"https:\/\/www.rayuelainfancia.com\/blog\/#organization","name":"Rayuelainfancia","url":"https:\/\/www.rayuelainfancia.com\/blog\/","sameAs":["https:\/\/www.facebook.com\/pages\/Librer\u00eda-Rayuela\/251861686361","https:\/\/www.youtube.com\/channel\/UCddVaoDjpTp-DexyEVoyazQ","https:\/\/twitter.com\/Rayuelainfancia"],"logo":{"@type":"ImageObject","@id":"https:\/\/www.rayuelainfancia.com\/blog\/#logo","inLanguage":"es","url":"https:\/\/www.rayuelainfancia.com\/blog\/wp-content\/uploads\/2018\/06\/logo-rayuelainfancia-color-corporativo.png","contentUrl":"https:\/\/www.rayuelainfancia.com\/blog\/wp-content\/uploads\/2018\/06\/logo-rayuelainfancia-color-corporativo.png","width":1200,"height":680,"caption":"Rayuelainfancia"},"image":{"@id":"https:\/\/www.rayuelainfancia.com\/blog\/#logo"}},{"@type":"WebSite","@id":"https:\/\/www.rayuelainfancia.com\/blog\/#website","url":"https:\/\/www.rayuelainfancia.com\/blog\/","name":"Blog de Rayuelainfancia","description":"Libros infantiles y juegos educaticos respestuosos con la infancia","publisher":{"@id":"https:\/\/www.rayuelainfancia.com\/blog\/#organization"},"potentialAction":[{"@type":"SearchAction","target":{"@type":"EntryPoint","urlTemplate":"https:\/\/www.rayuelainfancia.com\/blog\/?s={search_term_string}"},"query-input":"required name=search_term_string"}],"inLanguage":"es"},{"@type":"ImageObject","@id":"https:\/\/www.rayuelainfancia.com\/blog\/13-de-noviembre-dia-de-las-librerias\/#primaryimage","inLanguage":"es","url":"https:\/\/www.rayuelainfancia.com\/blog\/wp-content\/uploads\/2015\/10\/D\u00eda_de_las_librerias_2015_FACEBOOK_Castellano.png","contentUrl":"https:\/\/www.rayuelainfancia.com\/blog\/wp-content\/uploads\/2015\/10\/D\u00eda_de_las_librerias_2015_FACEBOOK_Castellano.png","width":1201,"height":1200,"caption":"D\u00eda de las librerias 2015 FACEBOOK Castellano"},{"@type":"WebPage","@id":"https:\/\/www.rayuelainfancia.com\/blog\/13-de-noviembre-dia-de-las-librerias\/#webpage","url":"https:\/\/www.rayuelainfancia.com\/blog\/13-de-noviembre-dia-de-las-librerias\/","name":"13 DE NOVIEMBRE: D\u00cdA DE LAS LIBRER\u00cdAS &#8902; Blog de Rayuelainfancia","isPartOf":{"@id":"https:\/\/www.rayuelainfancia.com\/blog\/#website"},"primaryImageOfPage":{"@id":"https:\/\/www.rayuelainfancia.com\/blog\/13-de-noviembre-dia-de-las-librerias\/#primaryimage"},"datePublished":"2015-10-29T17:13:08+00:00","dateModified":"2015-10-29T17:13:08+00:00","breadcrumb":{"@id":"https:\/\/www.rayuelainfancia.com\/blog\/13-de-noviembre-dia-de-las-librerias\/#breadcrumb"},"inLanguage":"es","potentialAction":[{"@type":"ReadAction","target":["https:\/\/www.rayuelainfancia.com\/blog\/13-de-noviembre-dia-de-las-librerias\/"]}]},{"@type":"BreadcrumbList","@id":"https:\/\/www.rayuelainfancia.com\/blog\/13-de-noviembre-dia-de-las-librerias\/#breadcrumb","itemListElement":[{"@type":"ListItem","position":1,"name":"Portada","item":"https:\/\/www.rayuelainfancia.com\/blog\/"},{"@type":"ListItem","position":2,"name":"13 DE NOVIEMBRE: D\u00cdA DE LAS LIBRER\u00cdAS"}]},{"@type":"Article","@id":"https:\/\/www.rayuelainfancia.com\/blog\/13-de-noviembre-dia-de-las-librerias\/#article","isPartOf":{"@id":"https:\/\/www.rayuelainfancia.com\/blog\/13-de-noviembre-dia-de-las-librerias\/#webpage"},"author":{"@id":"https:\/\/www.rayuelainfancia.com\/blog\/#\/schema\/person\/41147ec5e3c2cc1be6e2c4520a099ebb"},"headline":"13 DE NOVIEMBRE: D\u00cdA DE LAS LIBRER\u00cdAS","datePublished":"2015-10-29T17:13:08+00:00","dateModified":"2015-10-29T17:13:08+00:00","mainEntityOfPage":{"@id":"https:\/\/www.rayuelainfancia.com\/blog\/13-de-noviembre-dia-de-las-librerias\/#webpage"},"wordCount":99,"commentCount":0,"publisher":{"@id":"https:\/\/www.rayuelainfancia.com\/blog\/#organization"},"image":{"@id":"https:\/\/www.rayuelainfancia.com\/blog\/13-de-noviembre-dia-de-las-librerias\/#primaryimage"},"thumbnailUrl":"https:\/\/www.rayuelainfancia.com\/blog\/wp-content\/uploads\/2015\/10\/D\u00eda_de_las_librerias_2015_FACEBOOK_Castellano.png","articleSection":["Actividades Cuentacuentos"],"inLanguage":"es","potentialAction":[{"@type":"CommentAction","name":"Comment","target":["https:\/\/www.rayuelainfancia.com\/blog\/13-de-noviembre-dia-de-las-librerias\/#respond"]}]},{"@type":"Person","@id":"https:\/\/www.rayuelainfancia.com\/blog\/#\/schema\/person\/41147ec5e3c2cc1be6e2c4520a099ebb","name":"Miguel Escalera Nieto","image":{"@type":"ImageObject","@id":"https:\/\/www.rayuelainfancia.com\/blog\/#personlogo","inLanguage":"es","url":"https:\/\/secure.gravatar.com\/avatar\/73bd613c804680e46df318e272f0e837?s=96&d=mm&r=g","contentUrl":"https:\/\/secure.gravatar.com\/avatar\/73bd613c804680e46df318e272f0e837?s=96&d=mm&r=g","caption":"Miguel Escalera Nieto"}}]}},"_links":{"self":[{"href":"https:\/\/www.rayuelainfancia.com\/blog\/wp-json\/wp\/v2\/posts\/592"}],"collection":[{"href":"https:\/\/www.rayuelainfancia.com\/blog\/wp-json\/wp\/v2\/posts"}],"about":[{"href":"https:\/\/www.rayuelainfancia.com\/blog\/wp-json\/wp\/v2\/types\/post"}],"author":[{"embeddable":true,"href":"https:\/\/www.rayuelainfancia.com\/blog\/wp-json\/wp\/v2\/users\/3"}],"replies":[{"embeddable":true,"href":"https:\/\/www.rayuelainfancia.com\/blog\/wp-json\/wp\/v2\/comments?post=592"}],"version-history":[{"count":0,"href":"https:\/\/www.rayuelainfancia.com\/blog\/wp-json\/wp\/v2\/posts\/592\/revisions"}],"wp:featuredmedia":[{"embeddable":true,"href":"https:\/\/www.rayuelainfancia.com\/blog\/wp-json\/wp\/v2\/media\/1011"}],"wp:attachment":[{"href":"https:\/\/www.rayuelainfancia.com\/blog\/wp-json\/wp\/v2\/media?parent=592"}],"wp:term":[{"taxonomy":"category","embeddable":true,"href":"https:\/\/www.rayuelainfancia.com\/blog\/wp-json\/wp\/v2\/categories?post=592"},{"taxonomy":"post_tag","embeddable":true,"href":"https:\/\/www.rayuelainfancia.com\/blog\/wp-json\/wp\/v2\/tags?post=592"}],"curies":[{"name":"wp","href":"https:\/\/api.w.org\/{rel}","templated":true}]}}