 {"id":589,"date":"2015-10-15T16:26:33","date_gmt":"2015-10-15T14:26:33","guid":{"rendered":"http:\/\/rayuelainfancia.desarrollotrevenque.com\/blog\/noches-magicas-noche-magica-2\/"},"modified":"2016-11-19T14:20:07","modified_gmt":"2016-11-19T13:20:07","slug":"noches-magicas-noche-magica-2","status":"publish","type":"post","link":"https:\/\/www.rayuelainfancia.com\/blog\/noches-magicas-noche-magica-2\/","title":{"rendered":"NOCHE M\u00c1GICA: LA PRUEBA DEL MAGO DE LAS ILUSIONES"},"content":{"rendered":"<p><img loading=\"lazy\" class=\" size-full wp-image-864\" style=\"margin: 20px auto; display: block;\" alt=\"noche magica rayuela libreria\" src=\"http:\/\/rayuelainfancia.desarrollotrevenque.com\/blog\/wp-content\/uploads\/2015\/02\/noche_magica_rayuela_libreria.jpg\" height=\"495\" width=\"350\" \/><\/p>\n<p>S\u00c1BADO 21 DE NOVIEMBRE, EN RAYUELA<br \/>NOCHE M\u00c1GICA<\/p>\n<p>Repetimos noche m\u00e1gica, porque sabemos que te quedaste con las ganas de venir en la anterior.<\/p>\n<p>\u00abLA PRUEBA DEL MAGO DE LAS ILUSIONES\u00bb<br \/>Cuentos asombrosos se encuentran muy bien guardados entre las p\u00e1ginas de los libros. Un mago misterioso procura que las cosas se vuelvan m\u00e1s complicadas&#8230;\u00a1\u00a1\u00a1Ya no todo es lo que parece!!!<\/p>\n<p>Pasa una noche enterita con nosotros y con los personajes que habitan en los libros. Una noche misteriosa, diferente, acompa\u00f1ados de Adriano,Andrea (Asociaci\u00f3n Cultural La Voz que Escucha y una persona del equipo rayuelero. Puedes venir con alg\u00fan amigo o amiga, por si te da friolera, pero no con muchos, pues as\u00ed har\u00e1s amistades nuevas en esta noche tan especial.<\/p>\n<p>Puedes vivir una noche m\u00e1gica si tienes entre 7 y 11 a\u00f1os. Eso s\u00ed, tu madre y tu padre no podr\u00e1n venir, aunque ellos tambi\u00e9n podr\u00e1n vivir su noche m\u00e1gica en otros lugares. Un proyecto<br \/>de animaci\u00f3n lectora a trav\u00e9s de juegos, canciones, cuentos y libros para compartir. Una aut\u00e9ntica experiencia de convivencia envuelta en la magia de las historias.<\/p>\n<p>Idea y realizaci\u00f3n: Asociaci\u00f3n cultural \u00abLa voz que escucha\u00bb.<br \/>Aportaci\u00f3n: 25\u20ac (40 \u20ac para hermanos)<\/p>\n<p>Reserva ya tu plaza en actividades@rayuelainfancia.com, aportando el nombre del ni\u00f1o-a, un tel\u00e9fono y una persona de contacto. Tu reserva se confirmar\u00e1 en un plazo m\u00e1ximo de 48 horas tras recibir tu aportaci\u00f3n a trav\u00e9s de transferencia o pago en efectivo en Rayuela.<\/p>\n","protected":false},"excerpt":{"rendered":"<p>S\u00c1BADO 21 DE NOVIEMBRE, EN RAYUELANOCHE M\u00c1GICA Repetimos noche m\u00e1gica, porque sabemos que te quedaste con las ganas de venir en la anterior. \u00abLA PRUEBA DEL MAGO DE LAS ILUSIONES\u00bbCuentos asombrosos se encuentran muy bien guardados entre las p\u00e1ginas de los libros. Un mago misterioso procura que las cosas se vuelvan m\u00e1s complicadas&#8230;\u00a1\u00a1\u00a1Ya no todo [&hellip;]<\/p>\n","protected":false},"author":3,"featured_media":864,"comment_status":"open","ping_status":"open","sticky":false,"template":"","format":"standard","meta":[],"categories":[18],"tags":[],"yoast_head":"<!-- This site is optimized with the Yoast SEO plugin v18.5.1 - https:\/\/yoast.com\/wordpress\/plugins\/seo\/ -->\n<title>NOCHE M\u00c1GICA: LA PRUEBA DEL MAGO DE LAS ILUSIONES &#8902; Blog de Rayuelainfancia<\/title>\n<meta name=\"description\" content=\"Pasa una noche enterita en Rayuela con nosotros y con los personajes que habitan en los libros. Una noche misteriosa, diferente, acompa\u00f1ados de Adriano, Andrea (Asociaci\u00f3n Cultural La Voz que Escucha) y una persona del equipo rayuelero.\" \/>\n<meta name=\"robots\" content=\"index, follow, max-snippet:-1, max-image-preview:large, max-video-preview:-1\" \/>\n<link rel=\"canonical\" href=\"https:\/\/www.rayuelainfancia.com\/blog\/noches-magicas-noche-magica-2\/\" \/>\n<meta property=\"og:locale\" content=\"es_ES\" \/>\n<meta property=\"og:type\" content=\"article\" \/>\n<meta property=\"og:title\" content=\"NOCHE M\u00c1GICA: LA PRUEBA DEL MAGO DE LAS ILUSIONES &#8902; Blog de Rayuelainfancia\" \/>\n<meta property=\"og:description\" content=\"Pasa una noche enterita en Rayuela con nosotros y con los personajes que habitan en los libros. Una noche misteriosa, diferente, acompa\u00f1ados de Adriano, Andrea (Asociaci\u00f3n Cultural La Voz que Escucha) y una persona del equipo rayuelero.\" \/>\n<meta property=\"og:url\" content=\"https:\/\/www.rayuelainfancia.com\/blog\/noches-magicas-noche-magica-2\/\" \/>\n<meta property=\"og:site_name\" content=\"Blog de Rayuelainfancia\" \/>\n<meta property=\"article:publisher\" content=\"https:\/\/www.facebook.com\/pages\/Librer\u00eda-Rayuela\/251861686361\" \/>\n<meta property=\"article:published_time\" content=\"2015-10-15T14:26:33+00:00\" \/>\n<meta property=\"article:modified_time\" content=\"2016-11-19T13:20:07+00:00\" \/>\n<meta property=\"og:image\" content=\"https:\/\/www.rayuelainfancia.com\/blog\/wp-content\/uploads\/2015\/02\/noche_magica_rayuela_libreria.jpg\" \/>\n\t<meta property=\"og:image:width\" content=\"700\" \/>\n\t<meta property=\"og:image:height\" content=\"990\" \/>\n\t<meta property=\"og:image:type\" content=\"image\/jpeg\" \/>\n<meta name=\"twitter:card\" content=\"summary\" \/>\n<meta name=\"twitter:creator\" content=\"@Rayuelainfancia\" \/>\n<meta name=\"twitter:site\" content=\"@Rayuelainfancia\" \/>\n<meta name=\"twitter:label1\" content=\"Written by\" \/>\n\t<meta name=\"twitter:data1\" content=\"Miguel Escalera Nieto\" \/>\n\t<meta name=\"twitter:label2\" content=\"Est. reading time\" \/>\n\t<meta name=\"twitter:data2\" content=\"1 minuto\" \/>\n<script type=\"application\/ld+json\" class=\"yoast-schema-graph\">{\"@context\":\"https:\/\/schema.org\",\"@graph\":[{\"@type\":\"Organization\",\"@id\":\"https:\/\/www.rayuelainfancia.com\/blog\/#organization\",\"name\":\"Rayuelainfancia\",\"url\":\"https:\/\/www.rayuelainfancia.com\/blog\/\",\"sameAs\":[\"https:\/\/www.facebook.com\/pages\/Librer\u00eda-Rayuela\/251861686361\",\"https:\/\/www.youtube.com\/channel\/UCddVaoDjpTp-DexyEVoyazQ\",\"https:\/\/twitter.com\/Rayuelainfancia\"],\"logo\":{\"@type\":\"ImageObject\",\"@id\":\"https:\/\/www.rayuelainfancia.com\/blog\/#logo\",\"inLanguage\":\"es\",\"url\":\"https:\/\/www.rayuelainfancia.com\/blog\/wp-content\/uploads\/2018\/06\/logo-rayuelainfancia-color-corporativo.png\",\"contentUrl\":\"https:\/\/www.rayuelainfancia.com\/blog\/wp-content\/uploads\/2018\/06\/logo-rayuelainfancia-color-corporativo.png\",\"width\":1200,\"height\":680,\"caption\":\"Rayuelainfancia\"},\"image\":{\"@id\":\"https:\/\/www.rayuelainfancia.com\/blog\/#logo\"}},{\"@type\":\"WebSite\",\"@id\":\"https:\/\/www.rayuelainfancia.com\/blog\/#website\",\"url\":\"https:\/\/www.rayuelainfancia.com\/blog\/\",\"name\":\"Blog de Rayuelainfancia\",\"description\":\"Libros infantiles y juegos educaticos respestuosos con la infancia\",\"publisher\":{\"@id\":\"https:\/\/www.rayuelainfancia.com\/blog\/#organization\"},\"potentialAction\":[{\"@type\":\"SearchAction\",\"target\":{\"@type\":\"EntryPoint\",\"urlTemplate\":\"https:\/\/www.rayuelainfancia.com\/blog\/?s={search_term_string}\"},\"query-input\":\"required name=search_term_string\"}],\"inLanguage\":\"es\"},{\"@type\":\"ImageObject\",\"@id\":\"https:\/\/www.rayuelainfancia.com\/blog\/noches-magicas-noche-magica-2\/#primaryimage\",\"inLanguage\":\"es\",\"url\":\"https:\/\/www.rayuelainfancia.com\/blog\/wp-content\/uploads\/2015\/02\/noche_magica_rayuela_libreria.jpg\",\"contentUrl\":\"https:\/\/www.rayuelainfancia.com\/blog\/wp-content\/uploads\/2015\/02\/noche_magica_rayuela_libreria.jpg\",\"width\":700,\"height\":990,\"caption\":\"noche magica rayuela libreria\"},{\"@type\":\"WebPage\",\"@id\":\"https:\/\/www.rayuelainfancia.com\/blog\/noches-magicas-noche-magica-2\/#webpage\",\"url\":\"https:\/\/www.rayuelainfancia.com\/blog\/noches-magicas-noche-magica-2\/\",\"name\":\"NOCHE M\u00c1GICA: LA PRUEBA DEL MAGO DE LAS ILUSIONES &#8902; Blog de Rayuelainfancia\",\"isPartOf\":{\"@id\":\"https:\/\/www.rayuelainfancia.com\/blog\/#website\"},\"primaryImageOfPage\":{\"@id\":\"https:\/\/www.rayuelainfancia.com\/blog\/noches-magicas-noche-magica-2\/#primaryimage\"},\"datePublished\":\"2015-10-15T14:26:33+00:00\",\"dateModified\":\"2016-11-19T13:20:07+00:00\",\"description\":\"Pasa una noche enterita en Rayuela con nosotros y con los personajes que habitan en los libros. Una noche misteriosa, diferente, acompa\u00f1ados de Adriano, Andrea (Asociaci\u00f3n Cultural La Voz que Escucha) y una persona del equipo rayuelero.\",\"breadcrumb\":{\"@id\":\"https:\/\/www.rayuelainfancia.com\/blog\/noches-magicas-noche-magica-2\/#breadcrumb\"},\"inLanguage\":\"es\",\"potentialAction\":[{\"@type\":\"ReadAction\",\"target\":[\"https:\/\/www.rayuelainfancia.com\/blog\/noches-magicas-noche-magica-2\/\"]}]},{\"@type\":\"BreadcrumbList\",\"@id\":\"https:\/\/www.rayuelainfancia.com\/blog\/noches-magicas-noche-magica-2\/#breadcrumb\",\"itemListElement\":[{\"@type\":\"ListItem\",\"position\":1,\"name\":\"Portada\",\"item\":\"https:\/\/www.rayuelainfancia.com\/blog\/\"},{\"@type\":\"ListItem\",\"position\":2,\"name\":\"NOCHE M\u00c1GICA: LA PRUEBA DEL MAGO DE LAS ILUSIONES\"}]},{\"@type\":\"Article\",\"@id\":\"https:\/\/www.rayuelainfancia.com\/blog\/noches-magicas-noche-magica-2\/#article\",\"isPartOf\":{\"@id\":\"https:\/\/www.rayuelainfancia.com\/blog\/noches-magicas-noche-magica-2\/#webpage\"},\"author\":{\"@id\":\"https:\/\/www.rayuelainfancia.com\/blog\/#\/schema\/person\/41147ec5e3c2cc1be6e2c4520a099ebb\"},\"headline\":\"NOCHE M\u00c1GICA: LA PRUEBA DEL MAGO DE LAS ILUSIONES\",\"datePublished\":\"2015-10-15T14:26:33+00:00\",\"dateModified\":\"2016-11-19T13:20:07+00:00\",\"mainEntityOfPage\":{\"@id\":\"https:\/\/www.rayuelainfancia.com\/blog\/noches-magicas-noche-magica-2\/#webpage\"},\"wordCount\":270,\"commentCount\":0,\"publisher\":{\"@id\":\"https:\/\/www.rayuelainfancia.com\/blog\/#organization\"},\"image\":{\"@id\":\"https:\/\/www.rayuelainfancia.com\/blog\/noches-magicas-noche-magica-2\/#primaryimage\"},\"thumbnailUrl\":\"https:\/\/www.rayuelainfancia.com\/blog\/wp-content\/uploads\/2015\/02\/noche_magica_rayuela_libreria.jpg\",\"articleSection\":[\"Actividades Cuentacuentos\"],\"inLanguage\":\"es\",\"potentialAction\":[{\"@type\":\"CommentAction\",\"name\":\"Comment\",\"target\":[\"https:\/\/www.rayuelainfancia.com\/blog\/noches-magicas-noche-magica-2\/#respond\"]}]},{\"@type\":\"Person\",\"@id\":\"https:\/\/www.rayuelainfancia.com\/blog\/#\/schema\/person\/41147ec5e3c2cc1be6e2c4520a099ebb\",\"name\":\"Miguel Escalera Nieto\",\"image\":{\"@type\":\"ImageObject\",\"@id\":\"https:\/\/www.rayuelainfancia.com\/blog\/#personlogo\",\"inLanguage\":\"es\",\"url\":\"https:\/\/secure.gravatar.com\/avatar\/73bd613c804680e46df318e272f0e837?s=96&d=mm&r=g\",\"contentUrl\":\"https:\/\/secure.gravatar.com\/avatar\/73bd613c804680e46df318e272f0e837?s=96&d=mm&r=g\",\"caption\":\"Miguel Escalera Nieto\"}}]}<\/script>\n<!-- \/ Yoast SEO plugin. -->","yoast_head_json":{"title":"NOCHE M\u00c1GICA: LA PRUEBA DEL MAGO DE LAS ILUSIONES &#8902; Blog de Rayuelainfancia","description":"Pasa una noche enterita en Rayuela con nosotros y con los personajes que habitan en los libros. Una noche misteriosa, diferente, acompa\u00f1ados de Adriano, Andrea (Asociaci\u00f3n Cultural La Voz que Escucha) y una persona del equipo rayuelero.","robots":{"index":"index","follow":"follow","max-snippet":"max-snippet:-1","max-image-preview":"max-image-preview:large","max-video-preview":"max-video-preview:-1"},"canonical":"https:\/\/www.rayuelainfancia.com\/blog\/noches-magicas-noche-magica-2\/","og_locale":"es_ES","og_type":"article","og_title":"NOCHE M\u00c1GICA: LA PRUEBA DEL MAGO DE LAS ILUSIONES &#8902; Blog de Rayuelainfancia","og_description":"Pasa una noche enterita en Rayuela con nosotros y con los personajes que habitan en los libros. Una noche misteriosa, diferente, acompa\u00f1ados de Adriano, Andrea (Asociaci\u00f3n Cultural La Voz que Escucha) y una persona del equipo rayuelero.","og_url":"https:\/\/www.rayuelainfancia.com\/blog\/noches-magicas-noche-magica-2\/","og_site_name":"Blog de Rayuelainfancia","article_publisher":"https:\/\/www.facebook.com\/pages\/Librer\u00eda-Rayuela\/251861686361","article_published_time":"2015-10-15T14:26:33+00:00","article_modified_time":"2016-11-19T13:20:07+00:00","og_image":[{"width":700,"height":990,"url":"https:\/\/www.rayuelainfancia.com\/blog\/wp-content\/uploads\/2015\/02\/noche_magica_rayuela_libreria.jpg","type":"image\/jpeg"}],"twitter_card":"summary","twitter_creator":"@Rayuelainfancia","twitter_site":"@Rayuelainfancia","twitter_misc":{"Written by":"Miguel Escalera Nieto","Est. reading time":"1 minuto"},"schema":{"@context":"https:\/\/schema.org","@graph":[{"@type":"Organization","@id":"https:\/\/www.rayuelainfancia.com\/blog\/#organization","name":"Rayuelainfancia","url":"https:\/\/www.rayuelainfancia.com\/blog\/","sameAs":["https:\/\/www.facebook.com\/pages\/Librer\u00eda-Rayuela\/251861686361","https:\/\/www.youtube.com\/channel\/UCddVaoDjpTp-DexyEVoyazQ","https:\/\/twitter.com\/Rayuelainfancia"],"logo":{"@type":"ImageObject","@id":"https:\/\/www.rayuelainfancia.com\/blog\/#logo","inLanguage":"es","url":"https:\/\/www.rayuelainfancia.com\/blog\/wp-content\/uploads\/2018\/06\/logo-rayuelainfancia-color-corporativo.png","contentUrl":"https:\/\/www.rayuelainfancia.com\/blog\/wp-content\/uploads\/2018\/06\/logo-rayuelainfancia-color-corporativo.png","width":1200,"height":680,"caption":"Rayuelainfancia"},"image":{"@id":"https:\/\/www.rayuelainfancia.com\/blog\/#logo"}},{"@type":"WebSite","@id":"https:\/\/www.rayuelainfancia.com\/blog\/#website","url":"https:\/\/www.rayuelainfancia.com\/blog\/","name":"Blog de Rayuelainfancia","description":"Libros infantiles y juegos educaticos respestuosos con la infancia","publisher":{"@id":"https:\/\/www.rayuelainfancia.com\/blog\/#organization"},"potentialAction":[{"@type":"SearchAction","target":{"@type":"EntryPoint","urlTemplate":"https:\/\/www.rayuelainfancia.com\/blog\/?s={search_term_string}"},"query-input":"required name=search_term_string"}],"inLanguage":"es"},{"@type":"ImageObject","@id":"https:\/\/www.rayuelainfancia.com\/blog\/noches-magicas-noche-magica-2\/#primaryimage","inLanguage":"es","url":"https:\/\/www.rayuelainfancia.com\/blog\/wp-content\/uploads\/2015\/02\/noche_magica_rayuela_libreria.jpg","contentUrl":"https:\/\/www.rayuelainfancia.com\/blog\/wp-content\/uploads\/2015\/02\/noche_magica_rayuela_libreria.jpg","width":700,"height":990,"caption":"noche magica rayuela libreria"},{"@type":"WebPage","@id":"https:\/\/www.rayuelainfancia.com\/blog\/noches-magicas-noche-magica-2\/#webpage","url":"https:\/\/www.rayuelainfancia.com\/blog\/noches-magicas-noche-magica-2\/","name":"NOCHE M\u00c1GICA: LA PRUEBA DEL MAGO DE LAS ILUSIONES &#8902; Blog de Rayuelainfancia","isPartOf":{"@id":"https:\/\/www.rayuelainfancia.com\/blog\/#website"},"primaryImageOfPage":{"@id":"https:\/\/www.rayuelainfancia.com\/blog\/noches-magicas-noche-magica-2\/#primaryimage"},"datePublished":"2015-10-15T14:26:33+00:00","dateModified":"2016-11-19T13:20:07+00:00","description":"Pasa una noche enterita en Rayuela con nosotros y con los personajes que habitan en los libros. Una noche misteriosa, diferente, acompa\u00f1ados de Adriano, Andrea (Asociaci\u00f3n Cultural La Voz que Escucha) y una persona del equipo rayuelero.","breadcrumb":{"@id":"https:\/\/www.rayuelainfancia.com\/blog\/noches-magicas-noche-magica-2\/#breadcrumb"},"inLanguage":"es","potentialAction":[{"@type":"ReadAction","target":["https:\/\/www.rayuelainfancia.com\/blog\/noches-magicas-noche-magica-2\/"]}]},{"@type":"BreadcrumbList","@id":"https:\/\/www.rayuelainfancia.com\/blog\/noches-magicas-noche-magica-2\/#breadcrumb","itemListElement":[{"@type":"ListItem","position":1,"name":"Portada","item":"https:\/\/www.rayuelainfancia.com\/blog\/"},{"@type":"ListItem","position":2,"name":"NOCHE M\u00c1GICA: LA PRUEBA DEL MAGO DE LAS ILUSIONES"}]},{"@type":"Article","@id":"https:\/\/www.rayuelainfancia.com\/blog\/noches-magicas-noche-magica-2\/#article","isPartOf":{"@id":"https:\/\/www.rayuelainfancia.com\/blog\/noches-magicas-noche-magica-2\/#webpage"},"author":{"@id":"https:\/\/www.rayuelainfancia.com\/blog\/#\/schema\/person\/41147ec5e3c2cc1be6e2c4520a099ebb"},"headline":"NOCHE M\u00c1GICA: LA PRUEBA DEL MAGO DE LAS ILUSIONES","datePublished":"2015-10-15T14:26:33+00:00","dateModified":"2016-11-19T13:20:07+00:00","mainEntityOfPage":{"@id":"https:\/\/www.rayuelainfancia.com\/blog\/noches-magicas-noche-magica-2\/#webpage"},"wordCount":270,"commentCount":0,"publisher":{"@id":"https:\/\/www.rayuelainfancia.com\/blog\/#organization"},"image":{"@id":"https:\/\/www.rayuelainfancia.com\/blog\/noches-magicas-noche-magica-2\/#primaryimage"},"thumbnailUrl":"https:\/\/www.rayuelainfancia.com\/blog\/wp-content\/uploads\/2015\/02\/noche_magica_rayuela_libreria.jpg","articleSection":["Actividades Cuentacuentos"],"inLanguage":"es","potentialAction":[{"@type":"CommentAction","name":"Comment","target":["https:\/\/www.rayuelainfancia.com\/blog\/noches-magicas-noche-magica-2\/#respond"]}]},{"@type":"Person","@id":"https:\/\/www.rayuelainfancia.com\/blog\/#\/schema\/person\/41147ec5e3c2cc1be6e2c4520a099ebb","name":"Miguel Escalera Nieto","image":{"@type":"ImageObject","@id":"https:\/\/www.rayuelainfancia.com\/blog\/#personlogo","inLanguage":"es","url":"https:\/\/secure.gravatar.com\/avatar\/73bd613c804680e46df318e272f0e837?s=96&d=mm&r=g","contentUrl":"https:\/\/secure.gravatar.com\/avatar\/73bd613c804680e46df318e272f0e837?s=96&d=mm&r=g","caption":"Miguel Escalera Nieto"}}]}},"_links":{"self":[{"href":"https:\/\/www.rayuelainfancia.com\/blog\/wp-json\/wp\/v2\/posts\/589"}],"collection":[{"href":"https:\/\/www.rayuelainfancia.com\/blog\/wp-json\/wp\/v2\/posts"}],"about":[{"href":"https:\/\/www.rayuelainfancia.com\/blog\/wp-json\/wp\/v2\/types\/post"}],"author":[{"embeddable":true,"href":"https:\/\/www.rayuelainfancia.com\/blog\/wp-json\/wp\/v2\/users\/3"}],"replies":[{"embeddable":true,"href":"https:\/\/www.rayuelainfancia.com\/blog\/wp-json\/wp\/v2\/comments?post=589"}],"version-history":[{"count":1,"href":"https:\/\/www.rayuelainfancia.com\/blog\/wp-json\/wp\/v2\/posts\/589\/revisions"}],"predecessor-version":[{"id":1081,"href":"https:\/\/www.rayuelainfancia.com\/blog\/wp-json\/wp\/v2\/posts\/589\/revisions\/1081"}],"wp:featuredmedia":[{"embeddable":true,"href":"https:\/\/www.rayuelainfancia.com\/blog\/wp-json\/wp\/v2\/media\/864"}],"wp:attachment":[{"href":"https:\/\/www.rayuelainfancia.com\/blog\/wp-json\/wp\/v2\/media?parent=589"}],"wp:term":[{"taxonomy":"category","embeddable":true,"href":"https:\/\/www.rayuelainfancia.com\/blog\/wp-json\/wp\/v2\/categories?post=589"},{"taxonomy":"post_tag","embeddable":true,"href":"https:\/\/www.rayuelainfancia.com\/blog\/wp-json\/wp\/v2\/tags?post=589"}],"curies":[{"name":"wp","href":"https:\/\/api.w.org\/{rel}","templated":true}]}}