 {"id":584,"date":"2015-09-03T16:02:50","date_gmt":"2015-09-03T14:02:50","guid":{"rendered":"http:\/\/rayuelainfancia.desarrollotrevenque.com\/blog\/el-oro-de-la-liebre\/"},"modified":"2016-12-14T10:26:45","modified_gmt":"2016-12-14T09:26:45","slug":"el-oro-de-la-liebre","status":"publish","type":"post","link":"https:\/\/www.rayuelainfancia.com\/blog\/el-oro-de-la-liebre\/","title":{"rendered":"EL ORO DE LA LIEBRE"},"content":{"rendered":"<p>&nbsp;<\/p>\n<table  class=\" table table-hover\" style=\"width: 633px; height: 265px;\">\n<tbody>\n<tr>\n<td valign=\"top\"><img loading=\"lazy\" class=\" size-full wp-image-1003\" style=\"margin-left: 0px; margin-right: 20px;\" alt=\"oro-liebre\" src=\"http:\/\/rayuelainfancia.desarrollotrevenque.com\/blog\/wp-content\/uploads\/2015\/09\/oro-liebre.jpg\" height=\"250\" width=\"250\" srcset=\"https:\/\/www.rayuelainfancia.com\/blog\/wp-content\/uploads\/2015\/09\/oro-liebre.jpg 3119w, https:\/\/www.rayuelainfancia.com\/blog\/wp-content\/uploads\/2015\/09\/oro-liebre-150x150.jpg 150w, https:\/\/www.rayuelainfancia.com\/blog\/wp-content\/uploads\/2015\/09\/oro-liebre-300x300.jpg 300w, https:\/\/www.rayuelainfancia.com\/blog\/wp-content\/uploads\/2015\/09\/oro-liebre-768x767.jpg 768w, https:\/\/www.rayuelainfancia.com\/blog\/wp-content\/uploads\/2015\/09\/oro-liebre-1024x1024.jpg 1024w, https:\/\/www.rayuelainfancia.com\/blog\/wp-content\/uploads\/2015\/09\/oro-liebre-60x60.jpg 60w\" sizes=\"(max-width: 250px) 100vw, 250px\" \/><\/td>\n<td valign=\"top\">\n<p style=\"text-align: justify;\">Esta es la historia de unos animales del bosque que viven, juegan y sue\u00f1an al mismo nivel que la sociedad humana. La liebre es la protagonista y vive encerrada en su casa, aislada, cuidando su gran arc\u00f3n lleno de oro.<\/p>\n<p style=\"text-align: justify;\">&nbsp;<\/p>\n<p><a target=\"_blank\" href=\"http:\/\/www.rayuelatiendaonline.com\/libro\/el-oro-de-la-liebre_71175\"><img loading=\"lazy\" class=\"decoded size-full wp-image-777\" alt=\"http:\/\/rayuelainfancia.com\/http:\/\/rayuelainfancia.desarrollotrevenque.com\/blog\/wp-content\/uploads\/2009\/11\/comprar.png\" src=\"images\/comprar.png\" width=\"200\" height=\"62\" \/><\/a><\/p>\n<p>&nbsp;<\/p>\n<\/td>\n<\/tr>\n<\/tbody>\n<\/table>\n<p style=\"font-size: 12.16px; line-height: 15.808px; text-align: justify;\"><span style=\"font-size: 10pt; font-family: arial, helvetica, sans-serif;\">Mientras m\u00e1s atesora, m\u00e1s miedo siente, m\u00e1s insociable se torna y m\u00e1s aburrida se vuelve. Temerosa de todo y de todos, la liebre muere un buen d\u00eda en su casa, sentada sobre su arc\u00f3n, dejando escrita su \u00faltima voluntad: legar su casa y su oro al animal m\u00e1s miedoso del bosque.&nbsp;Curiosamente, los animales que siempre hab\u00edan advertido a la liebre como un personaje nocivo y antisocial, se empiezan a disculpar ante los dem\u00e1s exponiendo sus miedos y hasta invent\u00e1ndolos, con tal de conseguir su casa y su oro. Resulta llamativo tambi\u00e9n como la liebre quiere y desea dejar este legado de infelicidad a otros.<\/span><\/p>\n<p style=\"font-size: 12.16px; line-height: 15.808px; text-align: justify;\"><img loading=\"lazy\" class=\" size-full wp-image-1004\" src=\"http:\/\/rayuelainfancia.desarrollotrevenque.com\/blog\/wp-content\/uploads\/2015\/09\/oro-liebre-loguez.jpg\" alt=\"oro-liebre-loguez\" width=\"550\" height=\"497\" srcset=\"https:\/\/www.rayuelainfancia.com\/blog\/wp-content\/uploads\/2015\/09\/oro-liebre-loguez.jpg 550w, https:\/\/www.rayuelainfancia.com\/blog\/wp-content\/uploads\/2015\/09\/oro-liebre-loguez-300x271.jpg 300w\" sizes=\"(max-width: 550px) 100vw, 550px\" \/><\/p>\n<p style=\"font-size: 12.1599998474121px; line-height: 15.8079996109009px;\"><span style=\"font-size: 10pt;\">Con un interesante final, esta f\u00e1bula pone a grandes y peque\u00f1os ante una profunda reflexi\u00f3n: Vivir en el mundo o poseerlo.<\/span><\/p>\n<p style=\"font-size: 12.1599998474121px; line-height: 15.8079996109009px;\"><span style=\"font-size: 10pt;\">Dos alemanes, Martin Baltscheit y Christine Schwarz escriben e ilustran este hermoso \u00e1lbum ilustrado, editado por L\u00f3guez.<\/span><\/p>\n<p>&nbsp;<\/p>\n","protected":false},"excerpt":{"rendered":"<p>&nbsp; Esta es la historia de unos animales del bosque que viven, juegan y sue\u00f1an al mismo nivel que la sociedad humana. La liebre es la protagonista y vive encerrada en su casa, aislada, cuidando su gran arc\u00f3n lleno de oro. &nbsp; &nbsp; Mientras m\u00e1s atesora, m\u00e1s miedo siente, m\u00e1s insociable se torna y m\u00e1s [&hellip;]<\/p>\n","protected":false},"author":3,"featured_media":1003,"comment_status":"open","ping_status":"open","sticky":false,"template":"","format":"standard","meta":[],"categories":[18],"tags":[],"yoast_head":"<!-- This site is optimized with the Yoast SEO plugin v18.5.1 - https:\/\/yoast.com\/wordpress\/plugins\/seo\/ -->\n<title>EL ORO DE LA LIEBRE &#8902; Blog de Rayuelainfancia<\/title>\n<meta name=\"description\" content=\"Aprender a vivir juntos. Editado por Blume, es un libro que encantar\u00e1 a ni\u00f1as y a ni\u00f1os desde los 4 a\u00f1os. Un libro para que los adultos compartan la lectura con los peques de la casa.\" \/>\n<meta name=\"robots\" content=\"index, follow, max-snippet:-1, max-image-preview:large, max-video-preview:-1\" \/>\n<link rel=\"canonical\" href=\"https:\/\/www.rayuelainfancia.com\/blog\/el-oro-de-la-liebre\/\" \/>\n<meta property=\"og:locale\" content=\"es_ES\" \/>\n<meta property=\"og:type\" content=\"article\" \/>\n<meta property=\"og:title\" content=\"EL ORO DE LA LIEBRE &#8902; Blog de Rayuelainfancia\" \/>\n<meta property=\"og:description\" content=\"Aprender a vivir juntos. Editado por Blume, es un libro que encantar\u00e1 a ni\u00f1as y a ni\u00f1os desde los 4 a\u00f1os. Un libro para que los adultos compartan la lectura con los peques de la casa.\" \/>\n<meta property=\"og:url\" content=\"https:\/\/www.rayuelainfancia.com\/blog\/el-oro-de-la-liebre\/\" \/>\n<meta property=\"og:site_name\" content=\"Blog de Rayuelainfancia\" \/>\n<meta property=\"article:publisher\" content=\"https:\/\/www.facebook.com\/pages\/Librer\u00eda-Rayuela\/251861686361\" \/>\n<meta property=\"article:published_time\" content=\"2015-09-03T14:02:50+00:00\" \/>\n<meta property=\"article:modified_time\" content=\"2016-12-14T09:26:45+00:00\" \/>\n<meta property=\"og:image\" content=\"https:\/\/www.rayuelainfancia.com\/blog\/wp-content\/uploads\/2015\/09\/oro-liebre.jpg\" \/>\n\t<meta property=\"og:image:width\" content=\"3119\" \/>\n\t<meta property=\"og:image:height\" content=\"3116\" \/>\n\t<meta property=\"og:image:type\" content=\"image\/jpeg\" \/>\n<meta name=\"twitter:card\" content=\"summary\" \/>\n<meta name=\"twitter:creator\" content=\"@Rayuelainfancia\" \/>\n<meta name=\"twitter:site\" content=\"@Rayuelainfancia\" \/>\n<meta name=\"twitter:label1\" content=\"Written by\" \/>\n\t<meta name=\"twitter:data1\" content=\"Miguel Escalera Nieto\" \/>\n\t<meta name=\"twitter:label2\" content=\"Est. reading time\" \/>\n\t<meta name=\"twitter:data2\" content=\"1 minuto\" \/>\n<script type=\"application\/ld+json\" class=\"yoast-schema-graph\">{\"@context\":\"https:\/\/schema.org\",\"@graph\":[{\"@type\":\"Organization\",\"@id\":\"https:\/\/www.rayuelainfancia.com\/blog\/#organization\",\"name\":\"Rayuelainfancia\",\"url\":\"https:\/\/www.rayuelainfancia.com\/blog\/\",\"sameAs\":[\"https:\/\/www.facebook.com\/pages\/Librer\u00eda-Rayuela\/251861686361\",\"https:\/\/www.youtube.com\/channel\/UCddVaoDjpTp-DexyEVoyazQ\",\"https:\/\/twitter.com\/Rayuelainfancia\"],\"logo\":{\"@type\":\"ImageObject\",\"@id\":\"https:\/\/www.rayuelainfancia.com\/blog\/#logo\",\"inLanguage\":\"es\",\"url\":\"https:\/\/www.rayuelainfancia.com\/blog\/wp-content\/uploads\/2018\/06\/logo-rayuelainfancia-color-corporativo.png\",\"contentUrl\":\"https:\/\/www.rayuelainfancia.com\/blog\/wp-content\/uploads\/2018\/06\/logo-rayuelainfancia-color-corporativo.png\",\"width\":1200,\"height\":680,\"caption\":\"Rayuelainfancia\"},\"image\":{\"@id\":\"https:\/\/www.rayuelainfancia.com\/blog\/#logo\"}},{\"@type\":\"WebSite\",\"@id\":\"https:\/\/www.rayuelainfancia.com\/blog\/#website\",\"url\":\"https:\/\/www.rayuelainfancia.com\/blog\/\",\"name\":\"Blog de Rayuelainfancia\",\"description\":\"Libros infantiles y juegos educaticos respestuosos con la infancia\",\"publisher\":{\"@id\":\"https:\/\/www.rayuelainfancia.com\/blog\/#organization\"},\"potentialAction\":[{\"@type\":\"SearchAction\",\"target\":{\"@type\":\"EntryPoint\",\"urlTemplate\":\"https:\/\/www.rayuelainfancia.com\/blog\/?s={search_term_string}\"},\"query-input\":\"required name=search_term_string\"}],\"inLanguage\":\"es\"},{\"@type\":\"ImageObject\",\"@id\":\"https:\/\/www.rayuelainfancia.com\/blog\/el-oro-de-la-liebre\/#primaryimage\",\"inLanguage\":\"es\",\"url\":\"https:\/\/www.rayuelainfancia.com\/blog\/wp-content\/uploads\/2015\/09\/oro-liebre.jpg\",\"contentUrl\":\"https:\/\/www.rayuelainfancia.com\/blog\/wp-content\/uploads\/2015\/09\/oro-liebre.jpg\",\"width\":3119,\"height\":3116,\"caption\":\"oro-liebre\"},{\"@type\":\"WebPage\",\"@id\":\"https:\/\/www.rayuelainfancia.com\/blog\/el-oro-de-la-liebre\/#webpage\",\"url\":\"https:\/\/www.rayuelainfancia.com\/blog\/el-oro-de-la-liebre\/\",\"name\":\"EL ORO DE LA LIEBRE &#8902; Blog de Rayuelainfancia\",\"isPartOf\":{\"@id\":\"https:\/\/www.rayuelainfancia.com\/blog\/#website\"},\"primaryImageOfPage\":{\"@id\":\"https:\/\/www.rayuelainfancia.com\/blog\/el-oro-de-la-liebre\/#primaryimage\"},\"datePublished\":\"2015-09-03T14:02:50+00:00\",\"dateModified\":\"2016-12-14T09:26:45+00:00\",\"description\":\"Aprender a vivir juntos. Editado por Blume, es un libro que encantar\u00e1 a ni\u00f1as y a ni\u00f1os desde los 4 a\u00f1os. Un libro para que los adultos compartan la lectura con los peques de la casa.\",\"breadcrumb\":{\"@id\":\"https:\/\/www.rayuelainfancia.com\/blog\/el-oro-de-la-liebre\/#breadcrumb\"},\"inLanguage\":\"es\",\"potentialAction\":[{\"@type\":\"ReadAction\",\"target\":[\"https:\/\/www.rayuelainfancia.com\/blog\/el-oro-de-la-liebre\/\"]}]},{\"@type\":\"BreadcrumbList\",\"@id\":\"https:\/\/www.rayuelainfancia.com\/blog\/el-oro-de-la-liebre\/#breadcrumb\",\"itemListElement\":[{\"@type\":\"ListItem\",\"position\":1,\"name\":\"Portada\",\"item\":\"https:\/\/www.rayuelainfancia.com\/blog\/\"},{\"@type\":\"ListItem\",\"position\":2,\"name\":\"EL ORO DE LA LIEBRE\"}]},{\"@type\":\"Article\",\"@id\":\"https:\/\/www.rayuelainfancia.com\/blog\/el-oro-de-la-liebre\/#article\",\"isPartOf\":{\"@id\":\"https:\/\/www.rayuelainfancia.com\/blog\/el-oro-de-la-liebre\/#webpage\"},\"author\":{\"@id\":\"https:\/\/www.rayuelainfancia.com\/blog\/#\/schema\/person\/41147ec5e3c2cc1be6e2c4520a099ebb\"},\"headline\":\"EL ORO DE LA LIEBRE\",\"datePublished\":\"2015-09-03T14:02:50+00:00\",\"dateModified\":\"2016-12-14T09:26:45+00:00\",\"mainEntityOfPage\":{\"@id\":\"https:\/\/www.rayuelainfancia.com\/blog\/el-oro-de-la-liebre\/#webpage\"},\"wordCount\":210,\"commentCount\":0,\"publisher\":{\"@id\":\"https:\/\/www.rayuelainfancia.com\/blog\/#organization\"},\"image\":{\"@id\":\"https:\/\/www.rayuelainfancia.com\/blog\/el-oro-de-la-liebre\/#primaryimage\"},\"thumbnailUrl\":\"https:\/\/www.rayuelainfancia.com\/blog\/wp-content\/uploads\/2015\/09\/oro-liebre.jpg\",\"articleSection\":[\"Actividades Cuentacuentos\"],\"inLanguage\":\"es\",\"potentialAction\":[{\"@type\":\"CommentAction\",\"name\":\"Comment\",\"target\":[\"https:\/\/www.rayuelainfancia.com\/blog\/el-oro-de-la-liebre\/#respond\"]}]},{\"@type\":\"Person\",\"@id\":\"https:\/\/www.rayuelainfancia.com\/blog\/#\/schema\/person\/41147ec5e3c2cc1be6e2c4520a099ebb\",\"name\":\"Miguel Escalera Nieto\",\"image\":{\"@type\":\"ImageObject\",\"@id\":\"https:\/\/www.rayuelainfancia.com\/blog\/#personlogo\",\"inLanguage\":\"es\",\"url\":\"https:\/\/secure.gravatar.com\/avatar\/73bd613c804680e46df318e272f0e837?s=96&d=mm&r=g\",\"contentUrl\":\"https:\/\/secure.gravatar.com\/avatar\/73bd613c804680e46df318e272f0e837?s=96&d=mm&r=g\",\"caption\":\"Miguel Escalera Nieto\"}}]}<\/script>\n<!-- \/ Yoast SEO plugin. -->","yoast_head_json":{"title":"EL ORO DE LA LIEBRE &#8902; Blog de Rayuelainfancia","description":"Aprender a vivir juntos. Editado por Blume, es un libro que encantar\u00e1 a ni\u00f1as y a ni\u00f1os desde los 4 a\u00f1os. Un libro para que los adultos compartan la lectura con los peques de la casa.","robots":{"index":"index","follow":"follow","max-snippet":"max-snippet:-1","max-image-preview":"max-image-preview:large","max-video-preview":"max-video-preview:-1"},"canonical":"https:\/\/www.rayuelainfancia.com\/blog\/el-oro-de-la-liebre\/","og_locale":"es_ES","og_type":"article","og_title":"EL ORO DE LA LIEBRE &#8902; Blog de Rayuelainfancia","og_description":"Aprender a vivir juntos. Editado por Blume, es un libro que encantar\u00e1 a ni\u00f1as y a ni\u00f1os desde los 4 a\u00f1os. Un libro para que los adultos compartan la lectura con los peques de la casa.","og_url":"https:\/\/www.rayuelainfancia.com\/blog\/el-oro-de-la-liebre\/","og_site_name":"Blog de Rayuelainfancia","article_publisher":"https:\/\/www.facebook.com\/pages\/Librer\u00eda-Rayuela\/251861686361","article_published_time":"2015-09-03T14:02:50+00:00","article_modified_time":"2016-12-14T09:26:45+00:00","og_image":[{"width":3119,"height":3116,"url":"https:\/\/www.rayuelainfancia.com\/blog\/wp-content\/uploads\/2015\/09\/oro-liebre.jpg","type":"image\/jpeg"}],"twitter_card":"summary","twitter_creator":"@Rayuelainfancia","twitter_site":"@Rayuelainfancia","twitter_misc":{"Written by":"Miguel Escalera Nieto","Est. reading time":"1 minuto"},"schema":{"@context":"https:\/\/schema.org","@graph":[{"@type":"Organization","@id":"https:\/\/www.rayuelainfancia.com\/blog\/#organization","name":"Rayuelainfancia","url":"https:\/\/www.rayuelainfancia.com\/blog\/","sameAs":["https:\/\/www.facebook.com\/pages\/Librer\u00eda-Rayuela\/251861686361","https:\/\/www.youtube.com\/channel\/UCddVaoDjpTp-DexyEVoyazQ","https:\/\/twitter.com\/Rayuelainfancia"],"logo":{"@type":"ImageObject","@id":"https:\/\/www.rayuelainfancia.com\/blog\/#logo","inLanguage":"es","url":"https:\/\/www.rayuelainfancia.com\/blog\/wp-content\/uploads\/2018\/06\/logo-rayuelainfancia-color-corporativo.png","contentUrl":"https:\/\/www.rayuelainfancia.com\/blog\/wp-content\/uploads\/2018\/06\/logo-rayuelainfancia-color-corporativo.png","width":1200,"height":680,"caption":"Rayuelainfancia"},"image":{"@id":"https:\/\/www.rayuelainfancia.com\/blog\/#logo"}},{"@type":"WebSite","@id":"https:\/\/www.rayuelainfancia.com\/blog\/#website","url":"https:\/\/www.rayuelainfancia.com\/blog\/","name":"Blog de Rayuelainfancia","description":"Libros infantiles y juegos educaticos respestuosos con la infancia","publisher":{"@id":"https:\/\/www.rayuelainfancia.com\/blog\/#organization"},"potentialAction":[{"@type":"SearchAction","target":{"@type":"EntryPoint","urlTemplate":"https:\/\/www.rayuelainfancia.com\/blog\/?s={search_term_string}"},"query-input":"required name=search_term_string"}],"inLanguage":"es"},{"@type":"ImageObject","@id":"https:\/\/www.rayuelainfancia.com\/blog\/el-oro-de-la-liebre\/#primaryimage","inLanguage":"es","url":"https:\/\/www.rayuelainfancia.com\/blog\/wp-content\/uploads\/2015\/09\/oro-liebre.jpg","contentUrl":"https:\/\/www.rayuelainfancia.com\/blog\/wp-content\/uploads\/2015\/09\/oro-liebre.jpg","width":3119,"height":3116,"caption":"oro-liebre"},{"@type":"WebPage","@id":"https:\/\/www.rayuelainfancia.com\/blog\/el-oro-de-la-liebre\/#webpage","url":"https:\/\/www.rayuelainfancia.com\/blog\/el-oro-de-la-liebre\/","name":"EL ORO DE LA LIEBRE &#8902; Blog de Rayuelainfancia","isPartOf":{"@id":"https:\/\/www.rayuelainfancia.com\/blog\/#website"},"primaryImageOfPage":{"@id":"https:\/\/www.rayuelainfancia.com\/blog\/el-oro-de-la-liebre\/#primaryimage"},"datePublished":"2015-09-03T14:02:50+00:00","dateModified":"2016-12-14T09:26:45+00:00","description":"Aprender a vivir juntos. Editado por Blume, es un libro que encantar\u00e1 a ni\u00f1as y a ni\u00f1os desde los 4 a\u00f1os. Un libro para que los adultos compartan la lectura con los peques de la casa.","breadcrumb":{"@id":"https:\/\/www.rayuelainfancia.com\/blog\/el-oro-de-la-liebre\/#breadcrumb"},"inLanguage":"es","potentialAction":[{"@type":"ReadAction","target":["https:\/\/www.rayuelainfancia.com\/blog\/el-oro-de-la-liebre\/"]}]},{"@type":"BreadcrumbList","@id":"https:\/\/www.rayuelainfancia.com\/blog\/el-oro-de-la-liebre\/#breadcrumb","itemListElement":[{"@type":"ListItem","position":1,"name":"Portada","item":"https:\/\/www.rayuelainfancia.com\/blog\/"},{"@type":"ListItem","position":2,"name":"EL ORO DE LA LIEBRE"}]},{"@type":"Article","@id":"https:\/\/www.rayuelainfancia.com\/blog\/el-oro-de-la-liebre\/#article","isPartOf":{"@id":"https:\/\/www.rayuelainfancia.com\/blog\/el-oro-de-la-liebre\/#webpage"},"author":{"@id":"https:\/\/www.rayuelainfancia.com\/blog\/#\/schema\/person\/41147ec5e3c2cc1be6e2c4520a099ebb"},"headline":"EL ORO DE LA LIEBRE","datePublished":"2015-09-03T14:02:50+00:00","dateModified":"2016-12-14T09:26:45+00:00","mainEntityOfPage":{"@id":"https:\/\/www.rayuelainfancia.com\/blog\/el-oro-de-la-liebre\/#webpage"},"wordCount":210,"commentCount":0,"publisher":{"@id":"https:\/\/www.rayuelainfancia.com\/blog\/#organization"},"image":{"@id":"https:\/\/www.rayuelainfancia.com\/blog\/el-oro-de-la-liebre\/#primaryimage"},"thumbnailUrl":"https:\/\/www.rayuelainfancia.com\/blog\/wp-content\/uploads\/2015\/09\/oro-liebre.jpg","articleSection":["Actividades Cuentacuentos"],"inLanguage":"es","potentialAction":[{"@type":"CommentAction","name":"Comment","target":["https:\/\/www.rayuelainfancia.com\/blog\/el-oro-de-la-liebre\/#respond"]}]},{"@type":"Person","@id":"https:\/\/www.rayuelainfancia.com\/blog\/#\/schema\/person\/41147ec5e3c2cc1be6e2c4520a099ebb","name":"Miguel Escalera Nieto","image":{"@type":"ImageObject","@id":"https:\/\/www.rayuelainfancia.com\/blog\/#personlogo","inLanguage":"es","url":"https:\/\/secure.gravatar.com\/avatar\/73bd613c804680e46df318e272f0e837?s=96&d=mm&r=g","contentUrl":"https:\/\/secure.gravatar.com\/avatar\/73bd613c804680e46df318e272f0e837?s=96&d=mm&r=g","caption":"Miguel Escalera Nieto"}}]}},"_links":{"self":[{"href":"https:\/\/www.rayuelainfancia.com\/blog\/wp-json\/wp\/v2\/posts\/584"}],"collection":[{"href":"https:\/\/www.rayuelainfancia.com\/blog\/wp-json\/wp\/v2\/posts"}],"about":[{"href":"https:\/\/www.rayuelainfancia.com\/blog\/wp-json\/wp\/v2\/types\/post"}],"author":[{"embeddable":true,"href":"https:\/\/www.rayuelainfancia.com\/blog\/wp-json\/wp\/v2\/users\/3"}],"replies":[{"embeddable":true,"href":"https:\/\/www.rayuelainfancia.com\/blog\/wp-json\/wp\/v2\/comments?post=584"}],"version-history":[{"count":1,"href":"https:\/\/www.rayuelainfancia.com\/blog\/wp-json\/wp\/v2\/posts\/584\/revisions"}],"predecessor-version":[{"id":1328,"href":"https:\/\/www.rayuelainfancia.com\/blog\/wp-json\/wp\/v2\/posts\/584\/revisions\/1328"}],"wp:featuredmedia":[{"embeddable":true,"href":"https:\/\/www.rayuelainfancia.com\/blog\/wp-json\/wp\/v2\/media\/1003"}],"wp:attachment":[{"href":"https:\/\/www.rayuelainfancia.com\/blog\/wp-json\/wp\/v2\/media?parent=584"}],"wp:term":[{"taxonomy":"category","embeddable":true,"href":"https:\/\/www.rayuelainfancia.com\/blog\/wp-json\/wp\/v2\/categories?post=584"},{"taxonomy":"post_tag","embeddable":true,"href":"https:\/\/www.rayuelainfancia.com\/blog\/wp-json\/wp\/v2\/tags?post=584"}],"curies":[{"name":"wp","href":"https:\/\/api.w.org\/{rel}","templated":true}]}}