 {"id":583,"date":"2015-08-06T17:29:59","date_gmt":"2015-08-06T15:29:59","guid":{"rendered":"http:\/\/rayuelainfancia.desarrollotrevenque.com\/blog\/comic-novela-grafica-para-ninos\/"},"modified":"2016-12-14T10:26:44","modified_gmt":"2016-12-14T09:26:44","slug":"comic-novela-grafica-para-ninos","status":"publish","type":"post","link":"https:\/\/www.rayuelainfancia.com\/blog\/comic-novela-grafica-para-ninos\/","title":{"rendered":"NADANDO ENTRE LIBROS. C\u00d3MIC"},"content":{"rendered":"<p><span style=\"font-size: 12pt; line-height: 15.8079996109009px;\">Os proponemos una selecci\u00f3n de c\u00f3mics para llenar el verano de aventuras, porque&#8230; estamos NADANDO ENTRE LIBROS<\/span><\/p>\n<table  class=\" table table-hover\" style=\"border-color: #ebebeb; border-width: 0px; border-style: solid; width: 940px; height: 1045px;\" border=\"0\">\n<tbody>\n<tr>\n<td>\n<p style=\"text-align: justify;\"><img loading=\"lazy\" class=\" size-full wp-image-993\" style=\"border: 1px solid #000000;\" alt=\"20000-leguas-viaje-submarino\" src=\"http:\/\/rayuelainfancia.desarrollotrevenque.com\/blog\/wp-content\/uploads\/2015\/08\/20000-leguas-viaje-submarino.jpg\" height=\"400\" width=\"335\" srcset=\"https:\/\/www.rayuelainfancia.com\/blog\/wp-content\/uploads\/2015\/08\/20000-leguas-viaje-submarino.jpg 550w, https:\/\/www.rayuelainfancia.com\/blog\/wp-content\/uploads\/2015\/08\/20000-leguas-viaje-submarino-251x300.jpg 251w\" sizes=\"(max-width: 335px) 100vw, 335px\" \/><\/p>\n<p style=\"text-align: justify;\"><a target=\"_blank\" href=\"http:\/\/www.rayuelatiendaonline.com\/libro\/20-000-leguas-de-viaje-submarino_53895\"><img loading=\"lazy\" class=\"decoded size-full wp-image-777\" alt=\"http:\/\/rayuelainfancia.com\/http:\/\/rayuelainfancia.desarrollotrevenque.com\/blog\/wp-content\/uploads\/2009\/11\/comprar.png\" src=\"images\/comprar.png\" height=\"31\" width=\"100\" \/><\/a><\/p>\n<p style=\"text-align: justify;\"><span style=\"font-size: 10pt;\"><strong>\u00ab20.000 LEGUAS DE VIAJE SUBMARINO\u00bb<\/strong> <br \/><\/span><\/p>\n<p style=\"text-align: justify;\"><span style=\"font-size: 10pt;\">&nbsp; &nbsp;El capit\u00e1n Nemo y su tripulaci\u00f3n nos sumergen en una historia llena de inventos extraordinarios y lugares sorprendentes. \u00bfQu\u00e9 aventuras correr\u00e1 el Nautilus, el m\u00e1s famoso de los submarinos, y su tripulaci\u00f3n? Una adaptaci\u00f3n del libro de Julio Verne, con espectaculares ilustraciones en formato de c\u00f3mic y en tres dimensiones, que nos har\u00e1 so\u00f1ar con viajes incre\u00edbles.<br \/><\/span><\/p>\n<\/td>\n<td style=\"width: 100px;\">\n<p style=\"text-align: justify;\"><span style=\"font-size: 10pt;\"><strong>&nbsp;<\/strong><\/span><\/p>\n<\/td>\n<td style=\"text-align: justify;\">\n<p><img loading=\"lazy\" class=\" size-full wp-image-994\" alt=\"aventuras-tom-sawyer-sm-comic\" src=\"http:\/\/rayuelainfancia.desarrollotrevenque.com\/blog\/wp-content\/uploads\/2015\/08\/aventuras-tom-sawyer-sm-comic.jpg\" height=\"400\" width=\"284\" srcset=\"https:\/\/www.rayuelainfancia.com\/blog\/wp-content\/uploads\/2015\/08\/aventuras-tom-sawyer-sm-comic.jpg 550w, https:\/\/www.rayuelainfancia.com\/blog\/wp-content\/uploads\/2015\/08\/aventuras-tom-sawyer-sm-comic-213x300.jpg 213w\" sizes=\"(max-width: 284px) 100vw, 284px\" \/><\/p>\n<p style=\"text-align: justify;\"><a target=\"_blank\" href=\"http:\/\/www.rayuelatiendaonline.com\/libro\/las-aventuras-de-tom-sawyer_65684\"><img loading=\"lazy\" class=\"decoded size-full wp-image-777\" alt=\"http:\/\/rayuelainfancia.com\/http:\/\/rayuelainfancia.desarrollotrevenque.com\/blog\/wp-content\/uploads\/2009\/11\/comprar.png\" src=\"images\/comprar.png\" height=\"31\" width=\"100\" \/><\/a><\/p>\n<p style=\"text-align: justify;\"><span style=\"font-size: 10pt;\"><span style=\"font-size: 10pt;\"><strong>\u00abLAS AVENTURAS DE TOM SAWYER\u00bb<\/strong><\/span>&nbsp;<br \/><\/span><\/p>\n<p style=\"text-align: justify;\"><span style=\"font-size: 10pt;\">&nbsp;&nbsp; Tom Sawyer es un joven hu\u00e9rfano que vive, con su hermano menor Sid, en casa de su t\u00eda Polly. Rematadamente mal estudiante, es al\u00e9rgico al esfuerzo, salvo cuando se trata de seducir a la hermosa Becky. Junto a su colega Huck, Tom no hace m\u00e1s que trastadas, recibe mil palizas, hasta el d\u00eda en que ambos son testigos de un crimen&#8230;<br \/><\/span><\/p>\n<\/td>\n<\/tr>\n<tr>\n<td><\/td>\n<td><\/td>\n<td><\/td>\n<\/tr>\n<tr>\n<td>\n<p>&nbsp;<img loading=\"lazy\" class=\" size-full wp-image-995\" src=\"http:\/\/rayuelainfancia.desarrollotrevenque.com\/blog\/wp-content\/uploads\/2015\/08\/isla-tesoro-comic-sm.jpg\" width=\"300\" height=\"400\" alt=\"isla-tesoro-comic-sm\" style=\"color: #000000; font-family: Verdana, Arial, Helvetica, sans-serif; font-size: 11px; line-height: normal;\" srcset=\"https:\/\/www.rayuelainfancia.com\/blog\/wp-content\/uploads\/2015\/08\/isla-tesoro-comic-sm.jpg 450w, https:\/\/www.rayuelainfancia.com\/blog\/wp-content\/uploads\/2015\/08\/isla-tesoro-comic-sm-225x300.jpg 225w\" sizes=\"(max-width: 300px) 100vw, 300px\" \/><\/p>\n<p style=\"text-align: justify;\"><a href=\"http:\/\/www.rayuelatiendaonline.com\/libro\/la-isla-del-tesoro_65683\" target=\"_blank\"><img loading=\"lazy\" class=\"decoded size-full wp-image-777\" alt=\"http:\/\/rayuelainfancia.com\/http:\/\/rayuelainfancia.desarrollotrevenque.com\/blog\/wp-content\/uploads\/2009\/11\/comprar.png\" src=\"images\/comprar.png\" height=\"31\" width=\"100\" \/><\/a><\/p>\n<p style=\"text-align: justify;\"><strong><span style=\"font-size: 10pt;\">\u00abLA ISLA DEL TESORO\u00bb<\/span><\/strong><\/p>\n<p style=\"text-align: justify;\"><span style=\"font-size: 10pt;\">La vida de Jim Hawkins da un vuelco el d\u00eda que un viejo pirata iracundo se instala en la posada de su padre. Ambos se hacen amigos, pero el viejo lobo de mar muere poco despu\u00e9s. Jim descubre en su cofre el mapa de un tesoro, el del famoso capit\u00e1n Flint. Comienza as\u00ed la b\u00fasqueda del tesoro&#8230;<\/span><\/p>\n<\/td>\n<td>\n<p>&nbsp;<\/p>\n<\/td>\n<td>\n<p><img loading=\"lazy\" class=\" size-full wp-image-996\" style=\"border: 1px solid #000000;\" alt=\"hobbit-comic-norma-editorial\" src=\"http:\/\/rayuelainfancia.desarrollotrevenque.com\/blog\/wp-content\/uploads\/2015\/08\/hobbit-comic-norma-editorial.jpg\" height=\"400\" width=\"284\" srcset=\"https:\/\/www.rayuelainfancia.com\/blog\/wp-content\/uploads\/2015\/08\/hobbit-comic-norma-editorial.jpg 550w, https:\/\/www.rayuelainfancia.com\/blog\/wp-content\/uploads\/2015\/08\/hobbit-comic-norma-editorial-213x300.jpg 213w\" sizes=\"(max-width: 284px) 100vw, 284px\" \/><\/p>\n<p style=\"text-align: justify;\"><a target=\"_blank\" href=\"http:\/\/www.rayuelatiendaonline.com\/libro\/el-hobbit_65443\"><img loading=\"lazy\" class=\"decoded size-full wp-image-777\" alt=\"http:\/\/rayuelainfancia.com\/http:\/\/rayuelainfancia.desarrollotrevenque.com\/blog\/wp-content\/uploads\/2009\/11\/comprar.png\" src=\"images\/comprar.png\" height=\"31\" width=\"100\" \/><\/a><\/p>\n<p style=\"text-align: justify;\"><span style=\"font-size: 10pt;\"><strong>\u00abEL HOBBIT\u00bb<\/strong><\/span><\/p>\n<p><span style=\"font-size: 10pt;\">Una adaptaci\u00f3n a novela gr\u00e1fica en edici\u00f3n de lujo.<br \/>El d\u00eda en que Bilbo Bols\u00f3n recibe la visita del mago Gandalf y de un grupo de enanos, su pl\u00e1cida existencia de hobbit cambia radicalmente. Elfos, dragones y un anillo m\u00e1gico se cruzar\u00e1n en la aventura m\u00e1s fant\u00e1stica de toda su vida&#8230; Chuck Dixon y David Wenzel adaptan al c\u00f3mic el preludio de \u00abEl se\u00f1or de los anillos\u00bb , la obra maestra de J.R.R. Tolkien.<\/span><\/p>\n<\/td>\n<\/tr>\n<tr>\n<td><\/td>\n<td><\/td>\n<td><\/td>\n<\/tr>\n<tr>\n<td>\n<p><img loading=\"lazy\" class=\" size-full wp-image-997\" alt=\"los-ninos-del-otro-lado-otro-mundo\" src=\"http:\/\/rayuelainfancia.desarrollotrevenque.com\/blog\/wp-content\/uploads\/2015\/08\/los-ninos-del-otro-lado-otro-mundo.jpg\" height=\"400\" width=\"282\" srcset=\"https:\/\/www.rayuelainfancia.com\/blog\/wp-content\/uploads\/2015\/08\/los-ninos-del-otro-lado-otro-mundo.jpg 550w, https:\/\/www.rayuelainfancia.com\/blog\/wp-content\/uploads\/2015\/08\/los-ninos-del-otro-lado-otro-mundo-211x300.jpg 211w\" sizes=\"(max-width: 282px) 100vw, 282px\" \/><\/p>\n<p><a target=\"_blank\" href=\"http:\/\/www.rayuelatiendaonline.com\/libro\/los-ninos-del-otro-lado-el-otro-mundo_63765\"><strong><span style=\"font-size: 10pt;\"><img loading=\"lazy\" class=\"decoded size-full wp-image-777\" alt=\"http:\/\/rayuelainfancia.com\/http:\/\/rayuelainfancia.desarrollotrevenque.com\/blog\/wp-content\/uploads\/2009\/11\/comprar.png\" src=\"images\/comprar.png\" height=\"31\" width=\"100\" \/><\/span><\/strong><\/a><\/p>\n<p><strong><span style=\"font-size: 10pt;\">\u00abLOS NI\u00d1OS DEL OTRO LADO\u00bb<\/span><\/strong><\/p>\n<p><span style=\"font-size: 10pt;\">Noe, Teo y M\u00e1ximo son tres amigos inseparables reunidos para un triste acontecimiento: el entierro del Padre Gab. All\u00ed conocen a Rebeca, la nieta adoptiva del difunto. Encantados por la joven Rebeca, los tres amigos la siguen hasta la casa del abuelo. Pero all\u00ed descubren un lugar abandonado, donde s\u00f3lo permanecen un viejo gato y un p\u00e1jaro.<\/span><\/p>\n<p>&nbsp;<br alt=\"chico manos azules\" src=\"images\/chico_manos_azules.jpg\" height=\"400\" width=\"257\" \/><\/p>\n<\/td>\n<td>\n<p>&nbsp;<\/p>\n<\/td>\n<td>\n<p><img loading=\"lazy\" class=\" size-full wp-image-998\" alt=\"vuelta-mundo-80-dias-comic\" src=\"http:\/\/rayuelainfancia.desarrollotrevenque.com\/blog\/wp-content\/uploads\/2015\/08\/vuelta-mundo-80-dias-comic.jpg\" height=\"400\" width=\"305\" srcset=\"https:\/\/www.rayuelainfancia.com\/blog\/wp-content\/uploads\/2015\/08\/vuelta-mundo-80-dias-comic.jpg 550w, https:\/\/www.rayuelainfancia.com\/blog\/wp-content\/uploads\/2015\/08\/vuelta-mundo-80-dias-comic-229x300.jpg 229w\" sizes=\"(max-width: 305px) 100vw, 305px\" \/>&nbsp;<\/p>\n<p style=\"text-align: justify;\"><a target=\"_blank\" href=\"http:\/\/www.rayuelatiendaonline.com\/libro\/la-vuelta-al-mundo-en-80-dias_64076\"><img loading=\"lazy\" class=\"decoded size-full wp-image-777\" alt=\"http:\/\/rayuelainfancia.com\/http:\/\/rayuelainfancia.desarrollotrevenque.com\/blog\/wp-content\/uploads\/2009\/11\/comprar.png\" src=\"images\/comprar.png\" height=\"31\" width=\"100\" \/><\/a><\/p>\n<p style=\"text-align: justify;\"><span style=\"font-size: 10pt;\"><strong>\u00abLA VUELTA AL MUNDO EN 80 D\u00cdAS\u00bb<\/strong><\/span><\/p>\n<p style=\"text-align: justify;\"><span style=\"font-size: 10pt;\">Londres, 1872. El mayordomo Passepartout entra al servicio del severo y puntilloso Phileas Fogg. Como este \u00faltimo se ha apostado con sus amigos que ser\u00eda capaz de dar la vuelta al mundo en ochenta d\u00edas, ambos se embarcan al d\u00eda siguiente en un viaje sembrado de obst\u00e1culos. Lo que no saben es que los sigue un detective pertinaz, convencido de que Fogg es el responsable de un robo en el Banco de Inglaterra&#8230;<\/span><\/p>\n<\/td>\n<\/tr>\n<tr>\n<td>\n<p>&nbsp;<\/p>\n<p><img loading=\"lazy\" class=\" size-full wp-image-999\" alt=\"zits-carretera-manta\" src=\"http:\/\/rayuelainfancia.desarrollotrevenque.com\/blog\/wp-content\/uploads\/2015\/08\/zits-carretera-manta.jpg\" height=\"400\" width=\"381\" srcset=\"https:\/\/www.rayuelainfancia.com\/blog\/wp-content\/uploads\/2015\/08\/zits-carretera-manta.jpg 550w, https:\/\/www.rayuelainfancia.com\/blog\/wp-content\/uploads\/2015\/08\/zits-carretera-manta-285x300.jpg 285w\" sizes=\"(max-width: 381px) 100vw, 381px\" \/><\/p>\n<p style=\"text-align: justify;\"><a target=\"_blank\" href=\"http:\/\/www.rayuelatiendaonline.com\/libro\/zits-carretera-y-manta_50122\"><img loading=\"lazy\" class=\"decoded size-full wp-image-777\" alt=\"http:\/\/rayuelainfancia.com\/http:\/\/rayuelainfancia.desarrollotrevenque.com\/blog\/wp-content\/uploads\/2009\/11\/comprar.png\" src=\"images\/comprar.png\" height=\"31\" width=\"100\" \/><\/a><\/p>\n<p style=\"text-align: justify;\"><span style=\"font-size: 10pt;\"><strong>\u00abZITS. CARRETERA Y MANTA\u00bb<\/strong><\/span><\/p>\n<p style=\"text-align: justify;\"><span style=\"font-size: 10pt;\">Atrapado en un mundo que le inunda de deberes, atado a una novia obsesionada por los peinados y los zapatos, viviendo en casa de unos padres carrozas, para Jeremy Duncan ha llegado el momento de buscar su primer empleo, de tomarse en serio su grupo de rock,arreglar la furgoneta destartalada o enamorarse de verdad&#8230;aunque sea de una actriz de televisi\u00f3n.&nbsp;<br \/><\/span><\/p>\n<\/td>\n<td>\n<p>&nbsp;<\/p>\n<\/td>\n<td>\n<p><img loading=\"lazy\" class=\" size-full wp-image-1000\" style=\"border: 1px solid #000000;\" alt=\"simbad-dib-buks-comic\" src=\"http:\/\/rayuelainfancia.desarrollotrevenque.com\/blog\/wp-content\/uploads\/2015\/08\/simbad-dib-buks-comic.jpg\" height=\"400\" width=\"298\" srcset=\"https:\/\/www.rayuelainfancia.com\/blog\/wp-content\/uploads\/2015\/08\/simbad-dib-buks-comic.jpg 550w, https:\/\/www.rayuelainfancia.com\/blog\/wp-content\/uploads\/2015\/08\/simbad-dib-buks-comic-223x300.jpg 223w\" sizes=\"(max-width: 298px) 100vw, 298px\" \/>&nbsp;<\/p>\n<p><a target=\"_blank\" href=\"http:\/\/www.rayuelatiendaonline.com\/libro\/no-duermes-osito_70096\"><img loading=\"lazy\" class=\"decoded size-full wp-image-777\" alt=\"http:\/\/rayuelainfancia.com\/http:\/\/rayuelainfancia.desarrollotrevenque.com\/blog\/wp-content\/uploads\/2009\/11\/comprar.png\" src=\"images\/comprar.png\" height=\"31\" width=\"100\" \/><\/a><\/p>\n<p><strong><span style=\"font-size: 10pt;\">\u00abSIMBAD\u00bb<\/span><\/strong><\/p>\n<p><span style=\"font-size: 10pt;\">&nbsp;Gracias al poder de un genio sombr\u00edo, Al-a-din se hizo finalmente Califa de Bagdad. Pero una predicci\u00f3n le revela que encontrar\u00e1 la muerte de la mano de su propio hijo. Sin embargo en su har\u00e9n, los hijos, se cuentan a decenas&#8230; Su \u00fanica posibilidad de supervivencia: \u00a1eliminarlos a todos! Pero uno de los ni\u00f1os es salvado por su madre.<br \/><\/span><\/p>\n<\/td>\n<\/tr>\n<tr>\n<td>\n<p>&nbsp;<\/p>\n<\/td>\n<td>\n<p>&nbsp;<\/p>\n<\/td>\n<td>\n<p>&nbsp;<\/p>\n<\/td>\n<\/tr>\n<tr>\n<td>\n<p>&nbsp;<img loading=\"lazy\" class=\" size-full wp-image-1001\" src=\"http:\/\/rayuelainfancia.desarrollotrevenque.com\/blog\/wp-content\/uploads\/2015\/08\/isla-de-las-piedras-dib-buks-comic.jpg\" width=\"276\" height=\"400\" alt=\"isla-de-las-piedras-dib-buks-comic\" srcset=\"https:\/\/www.rayuelainfancia.com\/blog\/wp-content\/uploads\/2015\/08\/isla-de-las-piedras-dib-buks-comic.jpg 815w, https:\/\/www.rayuelainfancia.com\/blog\/wp-content\/uploads\/2015\/08\/isla-de-las-piedras-dib-buks-comic-207x300.jpg 207w, https:\/\/www.rayuelainfancia.com\/blog\/wp-content\/uploads\/2015\/08\/isla-de-las-piedras-dib-buks-comic-768x1113.jpg 768w, https:\/\/www.rayuelainfancia.com\/blog\/wp-content\/uploads\/2015\/08\/isla-de-las-piedras-dib-buks-comic-707x1024.jpg 707w\" sizes=\"(max-width: 276px) 100vw, 276px\" \/><\/p>\n<p><a target=\"_blank\" href=\"http:\/\/www.rayuelatiendaonline.com\/libro\/la-isla-de-las-piedras_69654\"><img loading=\"lazy\" class=\"decoded size-full wp-image-777\" alt=\"http:\/\/rayuelainfancia.com\/http:\/\/rayuelainfancia.desarrollotrevenque.com\/blog\/wp-content\/uploads\/2009\/11\/comprar.png\" src=\"images\/comprar.png\" height=\"31\" width=\"100\" \/><\/a><\/p>\n<p><span style=\"font-size: 10pt;\"><strong>\u00abLA ISLA DE LAS PIEDRAS\u00bb<\/strong><\/span><\/p>\n<p><span style=\"font-size: 10pt;\">Arqueolog\u00eda y c\u00f3mic se dan la mano.<\/span><\/p>\n<p><span style=\"font-size: 10pt;\">Una extra\u00f1a enfermedad est\u00e1 diezmando el ganado del poblado. El \u00fanico remedio est\u00e1 e las peligrosas monta\u00f1as boscosas de Tramuntana, por lo que Nor y su madre se ver\u00e1n obligados a realizar un viaje del que depender\u00e1 la supervivencia de su gente&#8230;<\/span><\/p>\n<p><span style=\"font-size: 10pt;\">Varias historias nos dibujan la vida de este pacifico pueblo que vivi\u00f3 hace tres mil a\u00f1os en el coraz\u00f3n de Mallorca<\/span><\/p>\n<\/td>\n<td>\n<p>&nbsp;<\/p>\n<\/td>\n<td>\n<p><img loading=\"lazy\" class=\" size-full wp-image-1002\" style=\"border: 1px solid #000000;\" alt=\"superpandilla-mi-padre-agente\" src=\"http:\/\/rayuelainfancia.desarrollotrevenque.com\/blog\/wp-content\/uploads\/2015\/08\/superpandilla-mi-padre-agente.jpg\" height=\"400\" width=\"272\" srcset=\"https:\/\/www.rayuelainfancia.com\/blog\/wp-content\/uploads\/2015\/08\/superpandilla-mi-padre-agente.jpg 491w, https:\/\/www.rayuelainfancia.com\/blog\/wp-content\/uploads\/2015\/08\/superpandilla-mi-padre-agente-204x300.jpg 204w\" sizes=\"(max-width: 272px) 100vw, 272px\" \/><\/p>\n<p><a target=\"_blank\" href=\"http:\/\/www.rayuelatiendaonline.com\/libro\/la-superpandilla-mi-padre-es-un-agente-super-top-secreto_63756\"><img loading=\"lazy\" class=\"decoded size-full wp-image-777\" alt=\"http:\/\/rayuelainfancia.com\/http:\/\/rayuelainfancia.desarrollotrevenque.com\/blog\/wp-content\/uploads\/2009\/11\/comprar.png\" src=\"images\/comprar.png\" height=\"31\" width=\"100\" \/><\/a><\/p>\n<p style=\"text-align: justify;\"><span style=\"font-size: 10pt;\"><strong>\u00abLA SUPER PANDILLA\u00bb<\/strong><\/span><\/p>\n<p><span style=\"font-size: 10pt;\">Lul\u00fa es una ni\u00f1a como las dem\u00e1s, salvo por un peque\u00f1o detalle: su padre, Robert Casta\u00f1oclaro, es James Bonb\u00f3n, un agente top-secret. Es tan top-secret, que ni \u00e9l mismo lo sabe, o al menos eso es lo que nos hace creer. En Villamable, s\u00f3lo hay gente amable, excepto el malvado Max Simome y sus secuaces Zero + Zero, quienes han secuestrado a los padres de Lul\u00fa. Lul\u00fa deber\u00e1 convertirse en Super-Lul\u00fa para tratar de salvar a su familia con la ayuda de su dinosaurio Super-James y de su gato Salchicha. Un tut\u00fa, una capa, un l\u00e1piz, una goma de borrar, y \u00a1a la aventura! Un \u00e1lbum donde, con peque\u00f1as cosas, los m\u00e1s peque\u00f1os salvan a sus padres, en un universo donde todo el mundo puede convertirse en superh\u00e9roe.<\/span><\/p>\n<\/td>\n<\/tr>\n<\/tbody>\n<\/table>\n","protected":false},"excerpt":{"rendered":"<p>Os proponemos una selecci\u00f3n de c\u00f3mics para llenar el verano de aventuras, porque&#8230; estamos NADANDO ENTRE LIBROS \u00ab20.000 LEGUAS DE VIAJE SUBMARINO\u00bb &nbsp; &nbsp;El capit\u00e1n Nemo y su tripulaci\u00f3n nos sumergen en una historia llena de inventos extraordinarios y lugares sorprendentes. \u00bfQu\u00e9 aventuras correr\u00e1 el Nautilus, el m\u00e1s famoso de los submarinos, y su tripulaci\u00f3n? [&hellip;]<\/p>\n","protected":false},"author":3,"featured_media":993,"comment_status":"open","ping_status":"open","sticky":false,"template":"","format":"standard","meta":[],"categories":[18],"tags":[],"yoast_head":"<!-- This site is optimized with the Yoast SEO plugin v18.5.1 - https:\/\/yoast.com\/wordpress\/plugins\/seo\/ -->\n<title>NADANDO ENTRE LIBROS. C\u00d3MIC &#8902; Blog de Rayuelainfancia<\/title>\n<meta name=\"robots\" content=\"index, follow, max-snippet:-1, max-image-preview:large, max-video-preview:-1\" \/>\n<link rel=\"canonical\" href=\"https:\/\/www.rayuelainfancia.com\/blog\/comic-novela-grafica-para-ninos\/\" \/>\n<meta property=\"og:locale\" content=\"es_ES\" \/>\n<meta property=\"og:type\" content=\"article\" \/>\n<meta property=\"og:title\" content=\"NADANDO ENTRE LIBROS. C\u00d3MIC &#8902; Blog de Rayuelainfancia\" \/>\n<meta property=\"og:description\" content=\"Os proponemos una selecci\u00f3n de c\u00f3mics para llenar el verano de aventuras, porque&#8230; estamos NADANDO ENTRE LIBROS \u00ab20.000 LEGUAS DE VIAJE SUBMARINO\u00bb &nbsp; &nbsp;El capit\u00e1n Nemo y su tripulaci\u00f3n nos sumergen en una historia llena de inventos extraordinarios y lugares sorprendentes. \u00bfQu\u00e9 aventuras correr\u00e1 el Nautilus, el m\u00e1s famoso de los submarinos, y su tripulaci\u00f3n? [&hellip;]\" \/>\n<meta property=\"og:url\" content=\"https:\/\/www.rayuelainfancia.com\/blog\/comic-novela-grafica-para-ninos\/\" \/>\n<meta property=\"og:site_name\" content=\"Blog de Rayuelainfancia\" \/>\n<meta property=\"article:publisher\" content=\"https:\/\/www.facebook.com\/pages\/Librer\u00eda-Rayuela\/251861686361\" \/>\n<meta property=\"article:published_time\" content=\"2015-08-06T15:29:59+00:00\" \/>\n<meta property=\"article:modified_time\" content=\"2016-12-14T09:26:44+00:00\" \/>\n<meta property=\"og:image\" content=\"https:\/\/www.rayuelainfancia.com\/blog\/wp-content\/uploads\/2015\/08\/20000-leguas-viaje-submarino.jpg\" \/>\n\t<meta property=\"og:image:width\" content=\"550\" \/>\n\t<meta property=\"og:image:height\" content=\"657\" \/>\n\t<meta property=\"og:image:type\" content=\"image\/jpeg\" \/>\n<meta name=\"twitter:card\" content=\"summary\" \/>\n<meta name=\"twitter:creator\" content=\"@Rayuelainfancia\" \/>\n<meta name=\"twitter:site\" content=\"@Rayuelainfancia\" \/>\n<meta name=\"twitter:label1\" content=\"Written by\" \/>\n\t<meta name=\"twitter:data1\" content=\"Miguel Escalera Nieto\" \/>\n\t<meta name=\"twitter:label2\" content=\"Est. reading time\" \/>\n\t<meta name=\"twitter:data2\" content=\"4 minutos\" \/>\n<script type=\"application\/ld+json\" class=\"yoast-schema-graph\">{\"@context\":\"https:\/\/schema.org\",\"@graph\":[{\"@type\":\"Organization\",\"@id\":\"https:\/\/www.rayuelainfancia.com\/blog\/#organization\",\"name\":\"Rayuelainfancia\",\"url\":\"https:\/\/www.rayuelainfancia.com\/blog\/\",\"sameAs\":[\"https:\/\/www.facebook.com\/pages\/Librer\u00eda-Rayuela\/251861686361\",\"https:\/\/www.youtube.com\/channel\/UCddVaoDjpTp-DexyEVoyazQ\",\"https:\/\/twitter.com\/Rayuelainfancia\"],\"logo\":{\"@type\":\"ImageObject\",\"@id\":\"https:\/\/www.rayuelainfancia.com\/blog\/#logo\",\"inLanguage\":\"es\",\"url\":\"https:\/\/www.rayuelainfancia.com\/blog\/wp-content\/uploads\/2018\/06\/logo-rayuelainfancia-color-corporativo.png\",\"contentUrl\":\"https:\/\/www.rayuelainfancia.com\/blog\/wp-content\/uploads\/2018\/06\/logo-rayuelainfancia-color-corporativo.png\",\"width\":1200,\"height\":680,\"caption\":\"Rayuelainfancia\"},\"image\":{\"@id\":\"https:\/\/www.rayuelainfancia.com\/blog\/#logo\"}},{\"@type\":\"WebSite\",\"@id\":\"https:\/\/www.rayuelainfancia.com\/blog\/#website\",\"url\":\"https:\/\/www.rayuelainfancia.com\/blog\/\",\"name\":\"Blog de Rayuelainfancia\",\"description\":\"Libros infantiles y juegos educaticos respestuosos con la infancia\",\"publisher\":{\"@id\":\"https:\/\/www.rayuelainfancia.com\/blog\/#organization\"},\"potentialAction\":[{\"@type\":\"SearchAction\",\"target\":{\"@type\":\"EntryPoint\",\"urlTemplate\":\"https:\/\/www.rayuelainfancia.com\/blog\/?s={search_term_string}\"},\"query-input\":\"required name=search_term_string\"}],\"inLanguage\":\"es\"},{\"@type\":\"ImageObject\",\"@id\":\"https:\/\/www.rayuelainfancia.com\/blog\/comic-novela-grafica-para-ninos\/#primaryimage\",\"inLanguage\":\"es\",\"url\":\"https:\/\/www.rayuelainfancia.com\/blog\/wp-content\/uploads\/2015\/08\/20000-leguas-viaje-submarino.jpg\",\"contentUrl\":\"https:\/\/www.rayuelainfancia.com\/blog\/wp-content\/uploads\/2015\/08\/20000-leguas-viaje-submarino.jpg\",\"width\":550,\"height\":657,\"caption\":\"20000-leguas-viaje-submarino\"},{\"@type\":\"WebPage\",\"@id\":\"https:\/\/www.rayuelainfancia.com\/blog\/comic-novela-grafica-para-ninos\/#webpage\",\"url\":\"https:\/\/www.rayuelainfancia.com\/blog\/comic-novela-grafica-para-ninos\/\",\"name\":\"NADANDO ENTRE LIBROS. C\u00d3MIC &#8902; Blog de Rayuelainfancia\",\"isPartOf\":{\"@id\":\"https:\/\/www.rayuelainfancia.com\/blog\/#website\"},\"primaryImageOfPage\":{\"@id\":\"https:\/\/www.rayuelainfancia.com\/blog\/comic-novela-grafica-para-ninos\/#primaryimage\"},\"datePublished\":\"2015-08-06T15:29:59+00:00\",\"dateModified\":\"2016-12-14T09:26:44+00:00\",\"breadcrumb\":{\"@id\":\"https:\/\/www.rayuelainfancia.com\/blog\/comic-novela-grafica-para-ninos\/#breadcrumb\"},\"inLanguage\":\"es\",\"potentialAction\":[{\"@type\":\"ReadAction\",\"target\":[\"https:\/\/www.rayuelainfancia.com\/blog\/comic-novela-grafica-para-ninos\/\"]}]},{\"@type\":\"BreadcrumbList\",\"@id\":\"https:\/\/www.rayuelainfancia.com\/blog\/comic-novela-grafica-para-ninos\/#breadcrumb\",\"itemListElement\":[{\"@type\":\"ListItem\",\"position\":1,\"name\":\"Portada\",\"item\":\"https:\/\/www.rayuelainfancia.com\/blog\/\"},{\"@type\":\"ListItem\",\"position\":2,\"name\":\"NADANDO ENTRE LIBROS. C\u00d3MIC\"}]},{\"@type\":\"Article\",\"@id\":\"https:\/\/www.rayuelainfancia.com\/blog\/comic-novela-grafica-para-ninos\/#article\",\"isPartOf\":{\"@id\":\"https:\/\/www.rayuelainfancia.com\/blog\/comic-novela-grafica-para-ninos\/#webpage\"},\"author\":{\"@id\":\"https:\/\/www.rayuelainfancia.com\/blog\/#\/schema\/person\/41147ec5e3c2cc1be6e2c4520a099ebb\"},\"headline\":\"NADANDO ENTRE LIBROS. C\u00d3MIC\",\"datePublished\":\"2015-08-06T15:29:59+00:00\",\"dateModified\":\"2016-12-14T09:26:44+00:00\",\"mainEntityOfPage\":{\"@id\":\"https:\/\/www.rayuelainfancia.com\/blog\/comic-novela-grafica-para-ninos\/#webpage\"},\"wordCount\":842,\"commentCount\":0,\"publisher\":{\"@id\":\"https:\/\/www.rayuelainfancia.com\/blog\/#organization\"},\"image\":{\"@id\":\"https:\/\/www.rayuelainfancia.com\/blog\/comic-novela-grafica-para-ninos\/#primaryimage\"},\"thumbnailUrl\":\"https:\/\/www.rayuelainfancia.com\/blog\/wp-content\/uploads\/2015\/08\/20000-leguas-viaje-submarino.jpg\",\"articleSection\":[\"Actividades Cuentacuentos\"],\"inLanguage\":\"es\",\"potentialAction\":[{\"@type\":\"CommentAction\",\"name\":\"Comment\",\"target\":[\"https:\/\/www.rayuelainfancia.com\/blog\/comic-novela-grafica-para-ninos\/#respond\"]}]},{\"@type\":\"Person\",\"@id\":\"https:\/\/www.rayuelainfancia.com\/blog\/#\/schema\/person\/41147ec5e3c2cc1be6e2c4520a099ebb\",\"name\":\"Miguel Escalera Nieto\",\"image\":{\"@type\":\"ImageObject\",\"@id\":\"https:\/\/www.rayuelainfancia.com\/blog\/#personlogo\",\"inLanguage\":\"es\",\"url\":\"https:\/\/secure.gravatar.com\/avatar\/73bd613c804680e46df318e272f0e837?s=96&d=mm&r=g\",\"contentUrl\":\"https:\/\/secure.gravatar.com\/avatar\/73bd613c804680e46df318e272f0e837?s=96&d=mm&r=g\",\"caption\":\"Miguel Escalera Nieto\"}}]}<\/script>\n<!-- \/ Yoast SEO plugin. -->","yoast_head_json":{"title":"NADANDO ENTRE LIBROS. C\u00d3MIC &#8902; Blog de Rayuelainfancia","robots":{"index":"index","follow":"follow","max-snippet":"max-snippet:-1","max-image-preview":"max-image-preview:large","max-video-preview":"max-video-preview:-1"},"canonical":"https:\/\/www.rayuelainfancia.com\/blog\/comic-novela-grafica-para-ninos\/","og_locale":"es_ES","og_type":"article","og_title":"NADANDO ENTRE LIBROS. C\u00d3MIC &#8902; Blog de Rayuelainfancia","og_description":"Os proponemos una selecci\u00f3n de c\u00f3mics para llenar el verano de aventuras, porque&#8230; estamos NADANDO ENTRE LIBROS \u00ab20.000 LEGUAS DE VIAJE SUBMARINO\u00bb &nbsp; &nbsp;El capit\u00e1n Nemo y su tripulaci\u00f3n nos sumergen en una historia llena de inventos extraordinarios y lugares sorprendentes. \u00bfQu\u00e9 aventuras correr\u00e1 el Nautilus, el m\u00e1s famoso de los submarinos, y su tripulaci\u00f3n? [&hellip;]","og_url":"https:\/\/www.rayuelainfancia.com\/blog\/comic-novela-grafica-para-ninos\/","og_site_name":"Blog de Rayuelainfancia","article_publisher":"https:\/\/www.facebook.com\/pages\/Librer\u00eda-Rayuela\/251861686361","article_published_time":"2015-08-06T15:29:59+00:00","article_modified_time":"2016-12-14T09:26:44+00:00","og_image":[{"width":550,"height":657,"url":"https:\/\/www.rayuelainfancia.com\/blog\/wp-content\/uploads\/2015\/08\/20000-leguas-viaje-submarino.jpg","type":"image\/jpeg"}],"twitter_card":"summary","twitter_creator":"@Rayuelainfancia","twitter_site":"@Rayuelainfancia","twitter_misc":{"Written by":"Miguel Escalera Nieto","Est. reading time":"4 minutos"},"schema":{"@context":"https:\/\/schema.org","@graph":[{"@type":"Organization","@id":"https:\/\/www.rayuelainfancia.com\/blog\/#organization","name":"Rayuelainfancia","url":"https:\/\/www.rayuelainfancia.com\/blog\/","sameAs":["https:\/\/www.facebook.com\/pages\/Librer\u00eda-Rayuela\/251861686361","https:\/\/www.youtube.com\/channel\/UCddVaoDjpTp-DexyEVoyazQ","https:\/\/twitter.com\/Rayuelainfancia"],"logo":{"@type":"ImageObject","@id":"https:\/\/www.rayuelainfancia.com\/blog\/#logo","inLanguage":"es","url":"https:\/\/www.rayuelainfancia.com\/blog\/wp-content\/uploads\/2018\/06\/logo-rayuelainfancia-color-corporativo.png","contentUrl":"https:\/\/www.rayuelainfancia.com\/blog\/wp-content\/uploads\/2018\/06\/logo-rayuelainfancia-color-corporativo.png","width":1200,"height":680,"caption":"Rayuelainfancia"},"image":{"@id":"https:\/\/www.rayuelainfancia.com\/blog\/#logo"}},{"@type":"WebSite","@id":"https:\/\/www.rayuelainfancia.com\/blog\/#website","url":"https:\/\/www.rayuelainfancia.com\/blog\/","name":"Blog de Rayuelainfancia","description":"Libros infantiles y juegos educaticos respestuosos con la infancia","publisher":{"@id":"https:\/\/www.rayuelainfancia.com\/blog\/#organization"},"potentialAction":[{"@type":"SearchAction","target":{"@type":"EntryPoint","urlTemplate":"https:\/\/www.rayuelainfancia.com\/blog\/?s={search_term_string}"},"query-input":"required name=search_term_string"}],"inLanguage":"es"},{"@type":"ImageObject","@id":"https:\/\/www.rayuelainfancia.com\/blog\/comic-novela-grafica-para-ninos\/#primaryimage","inLanguage":"es","url":"https:\/\/www.rayuelainfancia.com\/blog\/wp-content\/uploads\/2015\/08\/20000-leguas-viaje-submarino.jpg","contentUrl":"https:\/\/www.rayuelainfancia.com\/blog\/wp-content\/uploads\/2015\/08\/20000-leguas-viaje-submarino.jpg","width":550,"height":657,"caption":"20000-leguas-viaje-submarino"},{"@type":"WebPage","@id":"https:\/\/www.rayuelainfancia.com\/blog\/comic-novela-grafica-para-ninos\/#webpage","url":"https:\/\/www.rayuelainfancia.com\/blog\/comic-novela-grafica-para-ninos\/","name":"NADANDO ENTRE LIBROS. C\u00d3MIC &#8902; Blog de Rayuelainfancia","isPartOf":{"@id":"https:\/\/www.rayuelainfancia.com\/blog\/#website"},"primaryImageOfPage":{"@id":"https:\/\/www.rayuelainfancia.com\/blog\/comic-novela-grafica-para-ninos\/#primaryimage"},"datePublished":"2015-08-06T15:29:59+00:00","dateModified":"2016-12-14T09:26:44+00:00","breadcrumb":{"@id":"https:\/\/www.rayuelainfancia.com\/blog\/comic-novela-grafica-para-ninos\/#breadcrumb"},"inLanguage":"es","potentialAction":[{"@type":"ReadAction","target":["https:\/\/www.rayuelainfancia.com\/blog\/comic-novela-grafica-para-ninos\/"]}]},{"@type":"BreadcrumbList","@id":"https:\/\/www.rayuelainfancia.com\/blog\/comic-novela-grafica-para-ninos\/#breadcrumb","itemListElement":[{"@type":"ListItem","position":1,"name":"Portada","item":"https:\/\/www.rayuelainfancia.com\/blog\/"},{"@type":"ListItem","position":2,"name":"NADANDO ENTRE LIBROS. C\u00d3MIC"}]},{"@type":"Article","@id":"https:\/\/www.rayuelainfancia.com\/blog\/comic-novela-grafica-para-ninos\/#article","isPartOf":{"@id":"https:\/\/www.rayuelainfancia.com\/blog\/comic-novela-grafica-para-ninos\/#webpage"},"author":{"@id":"https:\/\/www.rayuelainfancia.com\/blog\/#\/schema\/person\/41147ec5e3c2cc1be6e2c4520a099ebb"},"headline":"NADANDO ENTRE LIBROS. C\u00d3MIC","datePublished":"2015-08-06T15:29:59+00:00","dateModified":"2016-12-14T09:26:44+00:00","mainEntityOfPage":{"@id":"https:\/\/www.rayuelainfancia.com\/blog\/comic-novela-grafica-para-ninos\/#webpage"},"wordCount":842,"commentCount":0,"publisher":{"@id":"https:\/\/www.rayuelainfancia.com\/blog\/#organization"},"image":{"@id":"https:\/\/www.rayuelainfancia.com\/blog\/comic-novela-grafica-para-ninos\/#primaryimage"},"thumbnailUrl":"https:\/\/www.rayuelainfancia.com\/blog\/wp-content\/uploads\/2015\/08\/20000-leguas-viaje-submarino.jpg","articleSection":["Actividades Cuentacuentos"],"inLanguage":"es","potentialAction":[{"@type":"CommentAction","name":"Comment","target":["https:\/\/www.rayuelainfancia.com\/blog\/comic-novela-grafica-para-ninos\/#respond"]}]},{"@type":"Person","@id":"https:\/\/www.rayuelainfancia.com\/blog\/#\/schema\/person\/41147ec5e3c2cc1be6e2c4520a099ebb","name":"Miguel Escalera Nieto","image":{"@type":"ImageObject","@id":"https:\/\/www.rayuelainfancia.com\/blog\/#personlogo","inLanguage":"es","url":"https:\/\/secure.gravatar.com\/avatar\/73bd613c804680e46df318e272f0e837?s=96&d=mm&r=g","contentUrl":"https:\/\/secure.gravatar.com\/avatar\/73bd613c804680e46df318e272f0e837?s=96&d=mm&r=g","caption":"Miguel Escalera Nieto"}}]}},"_links":{"self":[{"href":"https:\/\/www.rayuelainfancia.com\/blog\/wp-json\/wp\/v2\/posts\/583"}],"collection":[{"href":"https:\/\/www.rayuelainfancia.com\/blog\/wp-json\/wp\/v2\/posts"}],"about":[{"href":"https:\/\/www.rayuelainfancia.com\/blog\/wp-json\/wp\/v2\/types\/post"}],"author":[{"embeddable":true,"href":"https:\/\/www.rayuelainfancia.com\/blog\/wp-json\/wp\/v2\/users\/3"}],"replies":[{"embeddable":true,"href":"https:\/\/www.rayuelainfancia.com\/blog\/wp-json\/wp\/v2\/comments?post=583"}],"version-history":[{"count":1,"href":"https:\/\/www.rayuelainfancia.com\/blog\/wp-json\/wp\/v2\/posts\/583\/revisions"}],"predecessor-version":[{"id":1082,"href":"https:\/\/www.rayuelainfancia.com\/blog\/wp-json\/wp\/v2\/posts\/583\/revisions\/1082"}],"wp:featuredmedia":[{"embeddable":true,"href":"https:\/\/www.rayuelainfancia.com\/blog\/wp-json\/wp\/v2\/media\/993"}],"wp:attachment":[{"href":"https:\/\/www.rayuelainfancia.com\/blog\/wp-json\/wp\/v2\/media?parent=583"}],"wp:term":[{"taxonomy":"category","embeddable":true,"href":"https:\/\/www.rayuelainfancia.com\/blog\/wp-json\/wp\/v2\/categories?post=583"},{"taxonomy":"post_tag","embeddable":true,"href":"https:\/\/www.rayuelainfancia.com\/blog\/wp-json\/wp\/v2\/tags?post=583"}],"curies":[{"name":"wp","href":"https:\/\/api.w.org\/{rel}","templated":true}]}}