 {"id":582,"date":"2015-06-25T08:35:29","date_gmt":"2015-06-25T06:35:29","guid":{"rendered":"http:\/\/rayuelainfancia.desarrollotrevenque.com\/blog\/nacido-del-corazon-kokinos\/"},"modified":"2016-11-22T13:53:28","modified_gmt":"2016-11-22T12:53:28","slug":"nacido-del-corazon-kokinos","status":"publish","type":"post","link":"https:\/\/www.rayuelainfancia.com\/blog\/nacido-del-corazon-kokinos\/","title":{"rendered":"NACIDO DEL CORAZ\u00d3N"},"content":{"rendered":"<p>Este es un \u00e1lbum ilustrado sobre adopci\u00f3n, un relato muy bien contado, que nos habla de lucecitas que se encienden en el coraz\u00f3n de las madres cuando esperan un beb\u00e9, de corazones llenos de sue\u00f1os que crecen tanto, tanto, que hay que comprarse vestidos especiales que lo contengan hasta que llega el nacimiento.<\/p>\n<p><!--more--><\/p>\n<p>Una hermosa historia de ni\u00f1os que nacen del coraz\u00f3n de sus madres. Y nacen, porque padres y madres se disponen con todo su ser a llenarse de amor, entusiasmo y paciencia para ser adoptados como padres por estos ni\u00f1os.<\/p>\n<p>Berta Serrano es la autora del texto y madre de un ni\u00f1o nacido de su coraz\u00f3n y Alfonso Serrano, es el ilustrador que consigue un \u00e1lbum muy colorido con figuras muy divertidas y una mam\u00e1 con un coraz\u00f3n que le crece y le crece tanto como el vientre a otras mam\u00e1s.<br \/>\nEditado por K\u00f3kinos, Nacido del Coraz\u00f3n es un libro para todos, para padres y madres que quieren adoptar o que adoptaron en alg\u00fan momento y para aquellas ni\u00f1as y ni\u00f1os que adoptaron a pap\u00e1s y mam\u00e1s y que nacieron de su coraz\u00f3n.<\/p>\n<div id=\"product_list\" class=\"row\"><div class=\"col-xs-6 col-sm-6 col-md-6 col-lg-4 item-product\">\n            <div class=\"product-list text-center\">\n                <p>\n                    <a class=\"product-blog-link\" href=\"https:\/\/www.rayuelainfancia.com\/album-ilustrado\/469-nacido-del-corazon.html?utm_campaign=productBlogPost\" title=\"NACIDO DEL CORAZ  N\">\n                        <img src=\"\/\/www.rayuelainfancia.com\/2502-home_default\/nacido-del-corazon.jpg\" alt=\"NACIDO DEL CORAZ  N\" class=\"img-responsive\"><span>NACIDO DEL CORAZ\u00d3N<\/span><\/a>\n                <\/p>\n            <\/div>\n\n            <div class=\"acciones text-center\">\n                \n                <p class=\"price\">13,00 \u20ac<\/p>\n            <\/div>\n        <\/div><\/div>\n","protected":false},"excerpt":{"rendered":"<p>Este es un \u00e1lbum ilustrado sobre adopci\u00f3n, un relato muy bien contado, que nos habla de lucecitas que se encienden en el coraz\u00f3n de las madres cuando esperan un beb\u00e9, de corazones llenos de sue\u00f1os que crecen tanto, tanto, que hay que comprarse vestidos especiales que lo contengan hasta que llega el nacimiento.<\/p>\n","protected":false},"author":3,"featured_media":1281,"comment_status":"open","ping_status":"open","sticky":false,"template":"","format":"standard","meta":[],"categories":[18],"tags":[],"yoast_head":"<!-- This site is optimized with the Yoast SEO plugin v18.5.1 - https:\/\/yoast.com\/wordpress\/plugins\/seo\/ -->\n<title>NACIDO DEL CORAZ\u00d3N &#8902; Blog de Rayuelainfancia<\/title>\n<meta name=\"description\" content=\"Nacido del coraz\u00f3n. Berta Serrano es la autora del texto y madre de un ni\u00f1o nacido de su coraz\u00f3n y Alfonso Serrano, es el ilustrador que consigue un \u00e1lbum muy colorido con figuras muy divertidas y una mam\u00e1 con un coraz\u00f3n que le crece y le crece tanto como el vientre a otras mam\u00e1s. Editado por K\u00f3kinos, Nacido del Coraz\u00f3n es un libro para todos, para padres y madres que quieren adoptar o que adoptaron en alg\u00fan momento y para aquellas ni\u00f1as y ni\u00f1os que adoptaron a pap\u00e1s y mam\u00e1s y que nacieron de su coraz\u00f3n.\" \/>\n<meta name=\"robots\" content=\"index, follow, max-snippet:-1, max-image-preview:large, max-video-preview:-1\" \/>\n<link rel=\"canonical\" href=\"https:\/\/www.rayuelainfancia.com\/blog\/nacido-del-corazon-kokinos\/\" \/>\n<meta property=\"og:locale\" content=\"es_ES\" \/>\n<meta property=\"og:type\" content=\"article\" \/>\n<meta property=\"og:title\" content=\"NACIDO DEL CORAZ\u00d3N &#8902; Blog de Rayuelainfancia\" \/>\n<meta property=\"og:description\" content=\"Nacido del coraz\u00f3n. Berta Serrano es la autora del texto y madre de un ni\u00f1o nacido de su coraz\u00f3n y Alfonso Serrano, es el ilustrador que consigue un \u00e1lbum muy colorido con figuras muy divertidas y una mam\u00e1 con un coraz\u00f3n que le crece y le crece tanto como el vientre a otras mam\u00e1s. Editado por K\u00f3kinos, Nacido del Coraz\u00f3n es un libro para todos, para padres y madres que quieren adoptar o que adoptaron en alg\u00fan momento y para aquellas ni\u00f1as y ni\u00f1os que adoptaron a pap\u00e1s y mam\u00e1s y que nacieron de su coraz\u00f3n.\" \/>\n<meta property=\"og:url\" content=\"https:\/\/www.rayuelainfancia.com\/blog\/nacido-del-corazon-kokinos\/\" \/>\n<meta property=\"og:site_name\" content=\"Blog de Rayuelainfancia\" \/>\n<meta property=\"article:publisher\" content=\"https:\/\/www.facebook.com\/pages\/Librer\u00eda-Rayuela\/251861686361\" \/>\n<meta property=\"article:published_time\" content=\"2015-06-25T06:35:29+00:00\" \/>\n<meta property=\"article:modified_time\" content=\"2016-11-22T12:53:28+00:00\" \/>\n<meta property=\"og:image\" content=\"https:\/\/www.rayuelainfancia.com\/blog\/wp-content\/uploads\/2015\/06\/nacido-del-corazon.jpeg\" \/>\n\t<meta property=\"og:image:width\" content=\"800\" \/>\n\t<meta property=\"og:image:height\" content=\"800\" \/>\n\t<meta property=\"og:image:type\" content=\"image\/jpeg\" \/>\n<meta name=\"twitter:card\" content=\"summary\" \/>\n<meta name=\"twitter:creator\" content=\"@Rayuelainfancia\" \/>\n<meta name=\"twitter:site\" content=\"@Rayuelainfancia\" \/>\n<meta name=\"twitter:label1\" content=\"Written by\" \/>\n\t<meta name=\"twitter:data1\" content=\"Miguel Escalera Nieto\" \/>\n\t<meta name=\"twitter:label2\" content=\"Est. reading time\" \/>\n\t<meta name=\"twitter:data2\" content=\"1 minuto\" \/>\n<script type=\"application\/ld+json\" class=\"yoast-schema-graph\">{\"@context\":\"https:\/\/schema.org\",\"@graph\":[{\"@type\":\"Organization\",\"@id\":\"https:\/\/www.rayuelainfancia.com\/blog\/#organization\",\"name\":\"Rayuelainfancia\",\"url\":\"https:\/\/www.rayuelainfancia.com\/blog\/\",\"sameAs\":[\"https:\/\/www.facebook.com\/pages\/Librer\u00eda-Rayuela\/251861686361\",\"https:\/\/www.youtube.com\/channel\/UCddVaoDjpTp-DexyEVoyazQ\",\"https:\/\/twitter.com\/Rayuelainfancia\"],\"logo\":{\"@type\":\"ImageObject\",\"@id\":\"https:\/\/www.rayuelainfancia.com\/blog\/#logo\",\"inLanguage\":\"es\",\"url\":\"https:\/\/www.rayuelainfancia.com\/blog\/wp-content\/uploads\/2018\/06\/logo-rayuelainfancia-color-corporativo.png\",\"contentUrl\":\"https:\/\/www.rayuelainfancia.com\/blog\/wp-content\/uploads\/2018\/06\/logo-rayuelainfancia-color-corporativo.png\",\"width\":1200,\"height\":680,\"caption\":\"Rayuelainfancia\"},\"image\":{\"@id\":\"https:\/\/www.rayuelainfancia.com\/blog\/#logo\"}},{\"@type\":\"WebSite\",\"@id\":\"https:\/\/www.rayuelainfancia.com\/blog\/#website\",\"url\":\"https:\/\/www.rayuelainfancia.com\/blog\/\",\"name\":\"Blog de Rayuelainfancia\",\"description\":\"Libros infantiles y juegos educaticos respestuosos con la infancia\",\"publisher\":{\"@id\":\"https:\/\/www.rayuelainfancia.com\/blog\/#organization\"},\"potentialAction\":[{\"@type\":\"SearchAction\",\"target\":{\"@type\":\"EntryPoint\",\"urlTemplate\":\"https:\/\/www.rayuelainfancia.com\/blog\/?s={search_term_string}\"},\"query-input\":\"required name=search_term_string\"}],\"inLanguage\":\"es\"},{\"@type\":\"ImageObject\",\"@id\":\"https:\/\/www.rayuelainfancia.com\/blog\/nacido-del-corazon-kokinos\/#primaryimage\",\"inLanguage\":\"es\",\"url\":\"https:\/\/www.rayuelainfancia.com\/blog\/wp-content\/uploads\/2015\/06\/nacido-del-corazon.jpeg\",\"contentUrl\":\"https:\/\/www.rayuelainfancia.com\/blog\/wp-content\/uploads\/2015\/06\/nacido-del-corazon.jpeg\",\"width\":800,\"height\":800},{\"@type\":\"WebPage\",\"@id\":\"https:\/\/www.rayuelainfancia.com\/blog\/nacido-del-corazon-kokinos\/#webpage\",\"url\":\"https:\/\/www.rayuelainfancia.com\/blog\/nacido-del-corazon-kokinos\/\",\"name\":\"NACIDO DEL CORAZ\u00d3N &#8902; Blog de Rayuelainfancia\",\"isPartOf\":{\"@id\":\"https:\/\/www.rayuelainfancia.com\/blog\/#website\"},\"primaryImageOfPage\":{\"@id\":\"https:\/\/www.rayuelainfancia.com\/blog\/nacido-del-corazon-kokinos\/#primaryimage\"},\"datePublished\":\"2015-06-25T06:35:29+00:00\",\"dateModified\":\"2016-11-22T12:53:28+00:00\",\"description\":\"Nacido del coraz\u00f3n. Berta Serrano es la autora del texto y madre de un ni\u00f1o nacido de su coraz\u00f3n y Alfonso Serrano, es el ilustrador que consigue un \u00e1lbum muy colorido con figuras muy divertidas y una mam\u00e1 con un coraz\u00f3n que le crece y le crece tanto como el vientre a otras mam\u00e1s. Editado por K\u00f3kinos, Nacido del Coraz\u00f3n es un libro para todos, para padres y madres que quieren adoptar o que adoptaron en alg\u00fan momento y para aquellas ni\u00f1as y ni\u00f1os que adoptaron a pap\u00e1s y mam\u00e1s y que nacieron de su coraz\u00f3n.\",\"breadcrumb\":{\"@id\":\"https:\/\/www.rayuelainfancia.com\/blog\/nacido-del-corazon-kokinos\/#breadcrumb\"},\"inLanguage\":\"es\",\"potentialAction\":[{\"@type\":\"ReadAction\",\"target\":[\"https:\/\/www.rayuelainfancia.com\/blog\/nacido-del-corazon-kokinos\/\"]}]},{\"@type\":\"BreadcrumbList\",\"@id\":\"https:\/\/www.rayuelainfancia.com\/blog\/nacido-del-corazon-kokinos\/#breadcrumb\",\"itemListElement\":[{\"@type\":\"ListItem\",\"position\":1,\"name\":\"Portada\",\"item\":\"https:\/\/www.rayuelainfancia.com\/blog\/\"},{\"@type\":\"ListItem\",\"position\":2,\"name\":\"NACIDO DEL CORAZ\u00d3N\"}]},{\"@type\":\"Article\",\"@id\":\"https:\/\/www.rayuelainfancia.com\/blog\/nacido-del-corazon-kokinos\/#article\",\"isPartOf\":{\"@id\":\"https:\/\/www.rayuelainfancia.com\/blog\/nacido-del-corazon-kokinos\/#webpage\"},\"author\":{\"@id\":\"https:\/\/www.rayuelainfancia.com\/blog\/#\/schema\/person\/41147ec5e3c2cc1be6e2c4520a099ebb\"},\"headline\":\"NACIDO DEL CORAZ\u00d3N\",\"datePublished\":\"2015-06-25T06:35:29+00:00\",\"dateModified\":\"2016-11-22T12:53:28+00:00\",\"mainEntityOfPage\":{\"@id\":\"https:\/\/www.rayuelainfancia.com\/blog\/nacido-del-corazon-kokinos\/#webpage\"},\"wordCount\":210,\"commentCount\":0,\"publisher\":{\"@id\":\"https:\/\/www.rayuelainfancia.com\/blog\/#organization\"},\"image\":{\"@id\":\"https:\/\/www.rayuelainfancia.com\/blog\/nacido-del-corazon-kokinos\/#primaryimage\"},\"thumbnailUrl\":\"https:\/\/www.rayuelainfancia.com\/blog\/wp-content\/uploads\/2015\/06\/nacido-del-corazon.jpeg\",\"articleSection\":[\"Actividades Cuentacuentos\"],\"inLanguage\":\"es\",\"potentialAction\":[{\"@type\":\"CommentAction\",\"name\":\"Comment\",\"target\":[\"https:\/\/www.rayuelainfancia.com\/blog\/nacido-del-corazon-kokinos\/#respond\"]}]},{\"@type\":\"Person\",\"@id\":\"https:\/\/www.rayuelainfancia.com\/blog\/#\/schema\/person\/41147ec5e3c2cc1be6e2c4520a099ebb\",\"name\":\"Miguel Escalera Nieto\",\"image\":{\"@type\":\"ImageObject\",\"@id\":\"https:\/\/www.rayuelainfancia.com\/blog\/#personlogo\",\"inLanguage\":\"es\",\"url\":\"https:\/\/secure.gravatar.com\/avatar\/73bd613c804680e46df318e272f0e837?s=96&d=mm&r=g\",\"contentUrl\":\"https:\/\/secure.gravatar.com\/avatar\/73bd613c804680e46df318e272f0e837?s=96&d=mm&r=g\",\"caption\":\"Miguel Escalera Nieto\"}}]}<\/script>\n<!-- \/ Yoast SEO plugin. -->","yoast_head_json":{"title":"NACIDO DEL CORAZ\u00d3N &#8902; Blog de Rayuelainfancia","description":"Nacido del coraz\u00f3n. Berta Serrano es la autora del texto y madre de un ni\u00f1o nacido de su coraz\u00f3n y Alfonso Serrano, es el ilustrador que consigue un \u00e1lbum muy colorido con figuras muy divertidas y una mam\u00e1 con un coraz\u00f3n que le crece y le crece tanto como el vientre a otras mam\u00e1s. Editado por K\u00f3kinos, Nacido del Coraz\u00f3n es un libro para todos, para padres y madres que quieren adoptar o que adoptaron en alg\u00fan momento y para aquellas ni\u00f1as y ni\u00f1os que adoptaron a pap\u00e1s y mam\u00e1s y que nacieron de su coraz\u00f3n.","robots":{"index":"index","follow":"follow","max-snippet":"max-snippet:-1","max-image-preview":"max-image-preview:large","max-video-preview":"max-video-preview:-1"},"canonical":"https:\/\/www.rayuelainfancia.com\/blog\/nacido-del-corazon-kokinos\/","og_locale":"es_ES","og_type":"article","og_title":"NACIDO DEL CORAZ\u00d3N &#8902; Blog de Rayuelainfancia","og_description":"Nacido del coraz\u00f3n. Berta Serrano es la autora del texto y madre de un ni\u00f1o nacido de su coraz\u00f3n y Alfonso Serrano, es el ilustrador que consigue un \u00e1lbum muy colorido con figuras muy divertidas y una mam\u00e1 con un coraz\u00f3n que le crece y le crece tanto como el vientre a otras mam\u00e1s. Editado por K\u00f3kinos, Nacido del Coraz\u00f3n es un libro para todos, para padres y madres que quieren adoptar o que adoptaron en alg\u00fan momento y para aquellas ni\u00f1as y ni\u00f1os que adoptaron a pap\u00e1s y mam\u00e1s y que nacieron de su coraz\u00f3n.","og_url":"https:\/\/www.rayuelainfancia.com\/blog\/nacido-del-corazon-kokinos\/","og_site_name":"Blog de Rayuelainfancia","article_publisher":"https:\/\/www.facebook.com\/pages\/Librer\u00eda-Rayuela\/251861686361","article_published_time":"2015-06-25T06:35:29+00:00","article_modified_time":"2016-11-22T12:53:28+00:00","og_image":[{"width":800,"height":800,"url":"https:\/\/www.rayuelainfancia.com\/blog\/wp-content\/uploads\/2015\/06\/nacido-del-corazon.jpeg","type":"image\/jpeg"}],"twitter_card":"summary","twitter_creator":"@Rayuelainfancia","twitter_site":"@Rayuelainfancia","twitter_misc":{"Written by":"Miguel Escalera Nieto","Est. reading time":"1 minuto"},"schema":{"@context":"https:\/\/schema.org","@graph":[{"@type":"Organization","@id":"https:\/\/www.rayuelainfancia.com\/blog\/#organization","name":"Rayuelainfancia","url":"https:\/\/www.rayuelainfancia.com\/blog\/","sameAs":["https:\/\/www.facebook.com\/pages\/Librer\u00eda-Rayuela\/251861686361","https:\/\/www.youtube.com\/channel\/UCddVaoDjpTp-DexyEVoyazQ","https:\/\/twitter.com\/Rayuelainfancia"],"logo":{"@type":"ImageObject","@id":"https:\/\/www.rayuelainfancia.com\/blog\/#logo","inLanguage":"es","url":"https:\/\/www.rayuelainfancia.com\/blog\/wp-content\/uploads\/2018\/06\/logo-rayuelainfancia-color-corporativo.png","contentUrl":"https:\/\/www.rayuelainfancia.com\/blog\/wp-content\/uploads\/2018\/06\/logo-rayuelainfancia-color-corporativo.png","width":1200,"height":680,"caption":"Rayuelainfancia"},"image":{"@id":"https:\/\/www.rayuelainfancia.com\/blog\/#logo"}},{"@type":"WebSite","@id":"https:\/\/www.rayuelainfancia.com\/blog\/#website","url":"https:\/\/www.rayuelainfancia.com\/blog\/","name":"Blog de Rayuelainfancia","description":"Libros infantiles y juegos educaticos respestuosos con la infancia","publisher":{"@id":"https:\/\/www.rayuelainfancia.com\/blog\/#organization"},"potentialAction":[{"@type":"SearchAction","target":{"@type":"EntryPoint","urlTemplate":"https:\/\/www.rayuelainfancia.com\/blog\/?s={search_term_string}"},"query-input":"required name=search_term_string"}],"inLanguage":"es"},{"@type":"ImageObject","@id":"https:\/\/www.rayuelainfancia.com\/blog\/nacido-del-corazon-kokinos\/#primaryimage","inLanguage":"es","url":"https:\/\/www.rayuelainfancia.com\/blog\/wp-content\/uploads\/2015\/06\/nacido-del-corazon.jpeg","contentUrl":"https:\/\/www.rayuelainfancia.com\/blog\/wp-content\/uploads\/2015\/06\/nacido-del-corazon.jpeg","width":800,"height":800},{"@type":"WebPage","@id":"https:\/\/www.rayuelainfancia.com\/blog\/nacido-del-corazon-kokinos\/#webpage","url":"https:\/\/www.rayuelainfancia.com\/blog\/nacido-del-corazon-kokinos\/","name":"NACIDO DEL CORAZ\u00d3N &#8902; Blog de Rayuelainfancia","isPartOf":{"@id":"https:\/\/www.rayuelainfancia.com\/blog\/#website"},"primaryImageOfPage":{"@id":"https:\/\/www.rayuelainfancia.com\/blog\/nacido-del-corazon-kokinos\/#primaryimage"},"datePublished":"2015-06-25T06:35:29+00:00","dateModified":"2016-11-22T12:53:28+00:00","description":"Nacido del coraz\u00f3n. Berta Serrano es la autora del texto y madre de un ni\u00f1o nacido de su coraz\u00f3n y Alfonso Serrano, es el ilustrador que consigue un \u00e1lbum muy colorido con figuras muy divertidas y una mam\u00e1 con un coraz\u00f3n que le crece y le crece tanto como el vientre a otras mam\u00e1s. Editado por K\u00f3kinos, Nacido del Coraz\u00f3n es un libro para todos, para padres y madres que quieren adoptar o que adoptaron en alg\u00fan momento y para aquellas ni\u00f1as y ni\u00f1os que adoptaron a pap\u00e1s y mam\u00e1s y que nacieron de su coraz\u00f3n.","breadcrumb":{"@id":"https:\/\/www.rayuelainfancia.com\/blog\/nacido-del-corazon-kokinos\/#breadcrumb"},"inLanguage":"es","potentialAction":[{"@type":"ReadAction","target":["https:\/\/www.rayuelainfancia.com\/blog\/nacido-del-corazon-kokinos\/"]}]},{"@type":"BreadcrumbList","@id":"https:\/\/www.rayuelainfancia.com\/blog\/nacido-del-corazon-kokinos\/#breadcrumb","itemListElement":[{"@type":"ListItem","position":1,"name":"Portada","item":"https:\/\/www.rayuelainfancia.com\/blog\/"},{"@type":"ListItem","position":2,"name":"NACIDO DEL CORAZ\u00d3N"}]},{"@type":"Article","@id":"https:\/\/www.rayuelainfancia.com\/blog\/nacido-del-corazon-kokinos\/#article","isPartOf":{"@id":"https:\/\/www.rayuelainfancia.com\/blog\/nacido-del-corazon-kokinos\/#webpage"},"author":{"@id":"https:\/\/www.rayuelainfancia.com\/blog\/#\/schema\/person\/41147ec5e3c2cc1be6e2c4520a099ebb"},"headline":"NACIDO DEL CORAZ\u00d3N","datePublished":"2015-06-25T06:35:29+00:00","dateModified":"2016-11-22T12:53:28+00:00","mainEntityOfPage":{"@id":"https:\/\/www.rayuelainfancia.com\/blog\/nacido-del-corazon-kokinos\/#webpage"},"wordCount":210,"commentCount":0,"publisher":{"@id":"https:\/\/www.rayuelainfancia.com\/blog\/#organization"},"image":{"@id":"https:\/\/www.rayuelainfancia.com\/blog\/nacido-del-corazon-kokinos\/#primaryimage"},"thumbnailUrl":"https:\/\/www.rayuelainfancia.com\/blog\/wp-content\/uploads\/2015\/06\/nacido-del-corazon.jpeg","articleSection":["Actividades Cuentacuentos"],"inLanguage":"es","potentialAction":[{"@type":"CommentAction","name":"Comment","target":["https:\/\/www.rayuelainfancia.com\/blog\/nacido-del-corazon-kokinos\/#respond"]}]},{"@type":"Person","@id":"https:\/\/www.rayuelainfancia.com\/blog\/#\/schema\/person\/41147ec5e3c2cc1be6e2c4520a099ebb","name":"Miguel Escalera Nieto","image":{"@type":"ImageObject","@id":"https:\/\/www.rayuelainfancia.com\/blog\/#personlogo","inLanguage":"es","url":"https:\/\/secure.gravatar.com\/avatar\/73bd613c804680e46df318e272f0e837?s=96&d=mm&r=g","contentUrl":"https:\/\/secure.gravatar.com\/avatar\/73bd613c804680e46df318e272f0e837?s=96&d=mm&r=g","caption":"Miguel Escalera Nieto"}}]}},"_links":{"self":[{"href":"https:\/\/www.rayuelainfancia.com\/blog\/wp-json\/wp\/v2\/posts\/582"}],"collection":[{"href":"https:\/\/www.rayuelainfancia.com\/blog\/wp-json\/wp\/v2\/posts"}],"about":[{"href":"https:\/\/www.rayuelainfancia.com\/blog\/wp-json\/wp\/v2\/types\/post"}],"author":[{"embeddable":true,"href":"https:\/\/www.rayuelainfancia.com\/blog\/wp-json\/wp\/v2\/users\/3"}],"replies":[{"embeddable":true,"href":"https:\/\/www.rayuelainfancia.com\/blog\/wp-json\/wp\/v2\/comments?post=582"}],"version-history":[{"count":2,"href":"https:\/\/www.rayuelainfancia.com\/blog\/wp-json\/wp\/v2\/posts\/582\/revisions"}],"predecessor-version":[{"id":1280,"href":"https:\/\/www.rayuelainfancia.com\/blog\/wp-json\/wp\/v2\/posts\/582\/revisions\/1280"}],"wp:featuredmedia":[{"embeddable":true,"href":"https:\/\/www.rayuelainfancia.com\/blog\/wp-json\/wp\/v2\/media\/1281"}],"wp:attachment":[{"href":"https:\/\/www.rayuelainfancia.com\/blog\/wp-json\/wp\/v2\/media?parent=582"}],"wp:term":[{"taxonomy":"category","embeddable":true,"href":"https:\/\/www.rayuelainfancia.com\/blog\/wp-json\/wp\/v2\/categories?post=582"},{"taxonomy":"post_tag","embeddable":true,"href":"https:\/\/www.rayuelainfancia.com\/blog\/wp-json\/wp\/v2\/tags?post=582"}],"curies":[{"name":"wp","href":"https:\/\/api.w.org\/{rel}","templated":true}]}}