 {"id":581,"date":"2015-06-23T08:05:06","date_gmt":"2015-06-23T06:05:06","guid":{"rendered":"http:\/\/rayuelainfancia.desarrollotrevenque.com\/blog\/lecturas-verano-infantil-juvenil-libros-ninos\/"},"modified":"2016-12-14T10:26:44","modified_gmt":"2016-12-14T09:26:44","slug":"lecturas-verano-infantil-juvenil-libros-ninos","status":"publish","type":"post","link":"https:\/\/www.rayuelainfancia.com\/blog\/lecturas-verano-infantil-juvenil-libros-ninos\/","title":{"rendered":"NADANDO ENTRE LIBROS. LECTURAS"},"content":{"rendered":"<p><span style=\"font-size: 10pt;\"><span style=\"font-size: 12pt;\"><span style=\"font-size: 10pt;\"><img loading=\"lazy\" class=\" size-full wp-image-978\" alt=\"banner nadando entre libros2\" src=\"http:\/\/rayuelainfancia.desarrollotrevenque.com\/blog\/wp-content\/uploads\/2015\/06\/banner_nadando_entre_libros2.jpg\" height=\"226\" width=\"950\" srcset=\"https:\/\/www.rayuelainfancia.com\/blog\/wp-content\/uploads\/2015\/06\/banner_nadando_entre_libros2.jpg 950w, https:\/\/www.rayuelainfancia.com\/blog\/wp-content\/uploads\/2015\/06\/banner_nadando_entre_libros2-300x71.jpg 300w, https:\/\/www.rayuelainfancia.com\/blog\/wp-content\/uploads\/2015\/06\/banner_nadando_entre_libros2-768x183.jpg 768w\" sizes=\"(max-width: 950px) 100vw, 950px\" \/><\/span><\/span><\/span><\/p>\n<p><span style=\"font-size: 10pt;\"><span style=\"font-size: 12pt;\"><span style=\"font-size: 10pt;\"><\/span><\/span>En este primer env\u00edo queremos compartir contigo estas veinte lecturas para todas las edades, fresquitas, relajantes, porque estamos NADANDO ENTRE LIBROS.<br \/><\/span><\/p>\n<table  class=\" table table-hover\" style=\"border-color: #ebebeb; border-width: 0px; border-style: solid; width: 940px; height: 1045px;\" border=\"0\">\n<tbody>\n<tr>\n<td>\n<p style=\"text-align: justify;\"><a target=\"_blank\" href=\"http:\/\/www.rayuelatiendaonline.com\/libro\/buenas-noches-puntillas_63578\"><img loading=\"lazy\" class=\" size-full wp-image-979\" alt=\"buenas-noches-puntillas\" src=\"http:\/\/rayuelainfancia.desarrollotrevenque.com\/blog\/wp-content\/uploads\/2015\/06\/buenas-noches-puntillas.png\" height=\"400\" width=\"326\" srcset=\"https:\/\/www.rayuelainfancia.com\/blog\/wp-content\/uploads\/2015\/06\/buenas-noches-puntillas.png 326w, https:\/\/www.rayuelainfancia.com\/blog\/wp-content\/uploads\/2015\/06\/buenas-noches-puntillas-245x300.png 245w\" sizes=\"(max-width: 326px) 100vw, 326px\" \/><\/a><\/p>\n<p style=\"text-align: justify;\"><a target=\"_blank\" href=\"http:\/\/www.rayuelatiendaonline.com\/libro\/buenas-noches-puntillas_63578\"><img loading=\"lazy\" class=\"decoded size-full wp-image-777\" alt=\"http:\/\/rayuelainfancia.com\/http:\/\/rayuelainfancia.desarrollotrevenque.com\/blog\/wp-content\/uploads\/2009\/11\/comprar.png\" src=\"images\/comprar.png\" height=\"31\" width=\"100\" \/><\/a><\/p>\n<p style=\"text-align: justify;\"><span style=\"font-size: 10pt;\"><strong>\u00abBuenas noches, Puntillas\u00bb<\/strong> <br \/><\/span><\/p>\n<p><span style=\"font-size: 10pt;\">&nbsp;<\/span><span style=\"font-size: 10pt;\">&nbsp; Todos est\u00e1n bostezando y curruc\u00e1ndose en la cama, pero Puntillas est\u00e1 completamente despierto. \u00bfC\u00f3mo har\u00e1 Tilly para que se duerma? Seis personajes entra\u00f1ables y una sola casita amarilla conforman un mundo con el cual los ni\u00f1os m\u00e1s peque\u00f1os, exigentes lectores \u00abde regazo\u00bb se sentir\u00e1n plenamente identificados.<\/span><\/p>\n<p style=\"text-align: justify;\"><span style=\"font-size: 10pt;\">&nbsp;<\/span><\/p>\n<\/td>\n<td style=\"width: 100px;\">\n<p style=\"text-align: justify;\"><span style=\"font-size: 10pt;\"><strong>&nbsp;<\/strong><\/span><\/p>\n<\/td>\n<td style=\"text-align: justify;\">\n<p><a target=\"_blank\" href=\"http:\/\/www.rayuelatiendaonline.com\/libro\/le-pondremos-un-bigote_70940\"><img loading=\"lazy\" class=\" size-full wp-image-980\" alt=\"pondremos-bigote\" src=\"http:\/\/rayuelainfancia.desarrollotrevenque.com\/blog\/wp-content\/uploads\/2015\/06\/pondremos-bigote.png\" height=\"400\" width=\"399\" srcset=\"https:\/\/www.rayuelainfancia.com\/blog\/wp-content\/uploads\/2015\/06\/pondremos-bigote.png 399w, https:\/\/www.rayuelainfancia.com\/blog\/wp-content\/uploads\/2015\/06\/pondremos-bigote-150x150.png 150w, https:\/\/www.rayuelainfancia.com\/blog\/wp-content\/uploads\/2015\/06\/pondremos-bigote-300x300.png 300w, https:\/\/www.rayuelainfancia.com\/blog\/wp-content\/uploads\/2015\/06\/pondremos-bigote-60x60.png 60w\" sizes=\"(max-width: 399px) 100vw, 399px\" \/><\/a><\/p>\n<p style=\"text-align: justify;\"><a target=\"_blank\" href=\"http:\/\/www.rayuelatiendaonline.com\/libro\/le-pondremos-un-bigote_70940\"><img loading=\"lazy\" class=\"decoded size-full wp-image-777\" alt=\"http:\/\/rayuelainfancia.com\/http:\/\/rayuelainfancia.desarrollotrevenque.com\/blog\/wp-content\/uploads\/2009\/11\/comprar.png\" src=\"images\/comprar.png\" height=\"31\" width=\"100\" \/><\/a><\/p>\n<p style=\"text-align: justify;\"><span style=\"font-size: 10pt;\"><strong>\u00ab\u00bfLe pondremos un bigote?\u00bb<\/strong><\/span><\/p>\n<p><span style=\"font-size: 10pt;\">La cereza es una colecci\u00f3n de libros para cantar, contar, mirar y jugar con los m\u00e1s peque\u00f1os. Cada uno es especial, todos dulces y juguetones como las cerezas, pensados para los que a\u00fan no han aprendido a leer. Las partes del cuerpo es el tema de este t\u00edtulo que, al terminar el cuento, se puede escuchar con m\u00fasica.<\/span><\/p>\n<\/td>\n<\/tr>\n<tr>\n<td><\/td>\n<td><\/td>\n<td><\/td>\n<\/tr>\n<tr>\n<td>\n<p>&nbsp;<\/p>\n<p><a target=\"_blank\" href=\"http:\/\/www.rayuelatiendaonline.com\/libro\/quien-es-ese-bicho_69907\"><img loading=\"lazy\" class=\" size-full wp-image-981\" alt=\"quien-es-ese-bicho-kalandraka\" src=\"http:\/\/rayuelainfancia.desarrollotrevenque.com\/blog\/wp-content\/uploads\/2015\/06\/quien-es-ese-bicho-kalandraka.jpg\" height=\"400\" width=\"314\" srcset=\"https:\/\/www.rayuelainfancia.com\/blog\/wp-content\/uploads\/2015\/06\/quien-es-ese-bicho-kalandraka.jpg 314w, https:\/\/www.rayuelainfancia.com\/blog\/wp-content\/uploads\/2015\/06\/quien-es-ese-bicho-kalandraka-236x300.jpg 236w\" sizes=\"(max-width: 314px) 100vw, 314px\" \/><\/a><\/p>\n<p><a target=\"_blank\" href=\"http:\/\/www.rayuelatiendaonline.com\/libro\/quien-es-ese-bicho_69907\"><strong><span style=\"font-size: 10pt;\"><img loading=\"lazy\" class=\"decoded size-full wp-image-777\" alt=\"http:\/\/rayuelainfancia.com\/http:\/\/rayuelainfancia.desarrollotrevenque.com\/blog\/wp-content\/uploads\/2009\/11\/comprar.png\" src=\"images\/comprar.png\" height=\"31\" width=\"100\" \/><\/span><\/strong><\/a><\/p>\n<p><strong><span style=\"font-size: 10pt;\">\u00ab\u00bfQUI\u00c9N ES ESE BICHO?\u00bb<\/span><\/strong><\/p>\n<p> <span style=\"font-size: 10pt;\">\u00ab\u00bfQui\u00e9n es ese bicho?\u00bb es un libro de cart\u00f3n duro para pre-lectores y primeros lectores, a quienes se les presenta una fauna diminuta que habita en nuestro entorno pr\u00f3ximo, pese a que no reparemos en ella.<\/span> <span style=\"font-size: 10pt;\">Sin embargo, los protagonistas de este cuento son criaturas simp\u00e1ticas y curiosas que vale la pena conocer. Lejos de generalizar sobre el aspecto de los bichos, los lectores descubrir\u00e1n que tienen tama\u00f1os, formas y apariencias muy diversas.<\/span><br alt=\"Las cartas de Felix el explorador\" src=\"images\/catalogos_especiales\/nadando-entre-libros\/Las_cartas_de_Felix_el_explorador.jpg\" height=\"400\" width=\"383\" \/><\/td>\n<td>\n<p>&nbsp;<\/p>\n<\/td>\n<td>\n<p><a target=\"_blank\" href=\"http:\/\/www.rayuelatiendaonline.com\/libro\/pomelo-viaja_53601\"><img loading=\"lazy\" class=\" size-full wp-image-982\" alt=\"pomelo-viaja\" src=\"http:\/\/rayuelainfancia.desarrollotrevenque.com\/blog\/wp-content\/uploads\/2015\/06\/pomelo-viaja.jpg\" height=\"400\" width=\"284\" srcset=\"https:\/\/www.rayuelainfancia.com\/blog\/wp-content\/uploads\/2015\/06\/pomelo-viaja.jpg 284w, https:\/\/www.rayuelainfancia.com\/blog\/wp-content\/uploads\/2015\/06\/pomelo-viaja-213x300.jpg 213w\" sizes=\"(max-width: 284px) 100vw, 284px\" \/><\/a><br \/>&nbsp;<\/p>\n<p style=\"text-align: justify;\"><a target=\"_blank\" href=\"http:\/\/www.rayuelatiendaonline.com\/libro\/pomelo-viaja_53601\"><img loading=\"lazy\" class=\"decoded size-full wp-image-777\" alt=\"http:\/\/rayuelainfancia.com\/http:\/\/rayuelainfancia.desarrollotrevenque.com\/blog\/wp-content\/uploads\/2009\/11\/comprar.png\" src=\"images\/comprar.png\" height=\"31\" width=\"100\" \/><\/a><\/p>\n<p style=\"text-align: justify;\"><span style=\"font-size: 10pt;\"><strong>\u00abPomelo viaja\u00bb<\/strong><\/span><\/p>\n<p> <span style=\"font-size: 10pt;\">Pomelo decide emprender un viaje hacia los desconocido. En esta aventura pasar\u00e1 por muchas situaciones sorprendentes, divertidas y bastante vertiginosas. Y como Pomelo es un elefantito fil\u00f3sofo tendr\u00e1 que hacerse preguntas fundamentales. <br \/><\/span><\/td>\n<\/tr>\n<tr>\n<td>\n<p>&nbsp;<\/p>\n<\/td>\n<td>\n<p>&nbsp;<\/p>\n<\/td>\n<td>\n<p>&nbsp;<\/p>\n<\/td>\n<\/tr>\n<tr>\n<td>\n<p alt=\"Las-maletas-encantadas\" src=\"images\/catalogos_especiales\/nadando-entre-libros\/Las-maletas-encantadas.jpg\" height=\"404\" width=\"298\">&nbsp;<\/p>\n<p><a target=\"_blank\" href=\"http:\/\/www.rayuelatiendaonline.com\/libro\/las-cartas-de-felix-el-explorador_63327\"><img loading=\"lazy\" class=\" size-full wp-image-983\" alt=\"Las cartas de Felix el explorador\" src=\"http:\/\/rayuelainfancia.desarrollotrevenque.com\/blog\/wp-content\/uploads\/2015\/06\/Las_cartas_de_Felix_el_explorador.jpg\" height=\"400\" width=\"383\" srcset=\"https:\/\/www.rayuelainfancia.com\/blog\/wp-content\/uploads\/2015\/06\/Las_cartas_de_Felix_el_explorador.jpg 383w, https:\/\/www.rayuelainfancia.com\/blog\/wp-content\/uploads\/2015\/06\/Las_cartas_de_Felix_el_explorador-287x300.jpg 287w\" sizes=\"(max-width: 383px) 100vw, 383px\" \/><\/a><\/p>\n<p style=\"text-align: justify;\"><a target=\"_blank\" href=\"http:\/\/www.rayuelatiendaonline.com\/libro\/las-cartas-de-felix-el-explorador_63327\"><img loading=\"lazy\" class=\"decoded size-full wp-image-777\" alt=\"http:\/\/rayuelainfancia.com\/http:\/\/rayuelainfancia.desarrollotrevenque.com\/blog\/wp-content\/uploads\/2009\/11\/comprar.png\" src=\"images\/comprar.png\" height=\"31\" width=\"100\" \/><\/a><\/p>\n<p style=\"text-align: justify;\"><span style=\"font-size: 10pt;\"><strong>\u00abLAS CARTAS DE F\u00c9LIX EL EXPLORADOR\u00bb<\/strong><\/span><\/p>\n<p style=\"text-align: justify;\"><span style=\"font-size: 10pt;\">La emocionante aventura de F\u00e9lix, la liebre de peluche que cuenta muchas cosas de nuestro mundo en un lenguaje comprensible para los ni\u00f1os. Llegan cartas y m\u00e1s cartas, que F\u00e9lix env\u00eda desde el espacio, el \u00e1rtico, los siete mares, la selva y el continente australiano. Sus apasionantes descripciones de la naturaleza y el mundo, introducidas en seis sobres aut\u00e9nticos, son a la vez divertidas y formativas. La peque\u00f1a liebre regresa a casa de su querida Sof\u00eda con un paquete sorpresa.<\/span><\/p>\n<\/td>\n<td>\n<p>&nbsp;<\/p>\n<\/td>\n<td>\n<p><a target=\"_blank\" href=\"http:\/\/www.rayuelatiendaonline.com\/libro\/vamos-a-buscar-un-tesoro_66544\"><img loading=\"lazy\" class=\" size-full wp-image-984\" style=\"border: 1px solid #000000;\" alt=\"vamos a buscar un tesoro\" src=\"http:\/\/rayuelainfancia.desarrollotrevenque.com\/blog\/wp-content\/uploads\/2015\/06\/vamos_a_buscar_un_tesoro.jpg\" height=\"320\" width=\"221\" srcset=\"https:\/\/www.rayuelainfancia.com\/blog\/wp-content\/uploads\/2015\/06\/vamos_a_buscar_un_tesoro.jpg 221w, https:\/\/www.rayuelainfancia.com\/blog\/wp-content\/uploads\/2015\/06\/vamos_a_buscar_un_tesoro-207x300.jpg 207w\" sizes=\"(max-width: 221px) 100vw, 221px\" \/><\/a><\/p>\n<p><a target=\"_blank\" href=\"http:\/\/www.rayuelatiendaonline.com\/libro\/vamos-a-buscar-un-tesoro_66544\"><img loading=\"lazy\" class=\"decoded size-full wp-image-777\" alt=\"http:\/\/rayuelainfancia.com\/http:\/\/rayuelainfancia.desarrollotrevenque.com\/blog\/wp-content\/uploads\/2009\/11\/comprar.png\" src=\"images\/comprar.png\" height=\"31\" width=\"100\" \/><\/a><\/p>\n<p style=\"text-align: justify;\"><span style=\"font-size: 10pt;\"><strong>\u00abVamos a buscar un tesoro\u00bb<\/strong><\/span><\/p>\n<p><span style=\"font-size: 10pt;\">\u00abCasi nunca las cosas son como uno piensa. O mejor dicho, casi siempre son justo al rev\u00e9s\u00bb, les dijo el b\u00faho anciano a peque\u00f1o oso y a peque\u00f1o tigre cuando se empe\u00f1aron en conseguir \u00ablo mejor del mundo\u00bb. Se cansaron de hacer agujeros en la tierra y de buscar incluso bajo el agua, aunque all\u00ed solo encontraron algas, peces y basura.<\/span><\/p>\n<\/td>\n<\/tr>\n<tr>\n<td>\n<p>&nbsp;<\/p>\n<\/td>\n<td>\n<p>&nbsp;<\/p>\n<\/td>\n<td>\n<p>&nbsp;<\/p>\n<\/td>\n<\/tr>\n<tr>\n<td>\n<p>&nbsp;<a target=\"_blank\" href=\"http:\/\/www.rayuelatiendaonline.com\/libro\/una-terrible-palabra-de-nueve-letras_65772\"><img loading=\"lazy\" class=\" size-full wp-image-985\" alt=\"terrible-palabra-nueve-letras\" src=\"http:\/\/rayuelainfancia.desarrollotrevenque.com\/blog\/wp-content\/uploads\/2015\/06\/terrible-palabra-nueve-letras.jpg\" height=\"400\" width=\"255\" srcset=\"https:\/\/www.rayuelainfancia.com\/blog\/wp-content\/uploads\/2015\/06\/terrible-palabra-nueve-letras.jpg 400w, https:\/\/www.rayuelainfancia.com\/blog\/wp-content\/uploads\/2015\/06\/terrible-palabra-nueve-letras-191x300.jpg 191w\" sizes=\"(max-width: 255px) 100vw, 255px\" \/><\/a><\/p>\n<p><a target=\"_blank\" href=\"http:\/\/www.rayuelatiendaonline.com\/libro\/una-terrible-palabra-de-nueve-letras_65772\"><img loading=\"lazy\" class=\"decoded size-full wp-image-777\" alt=\"http:\/\/rayuelainfancia.com\/http:\/\/rayuelainfancia.desarrollotrevenque.com\/blog\/wp-content\/uploads\/2009\/11\/comprar.png\" src=\"images\/comprar.png\" height=\"31\" width=\"100\" \/><\/a><\/p>\n<p><strong><span style=\"font-size: 10pt;\">\u00abUna terrible palabra de nueve letras\u00bb<\/span><\/strong><\/p>\n<p><span style=\"font-size: 10pt;\">Amanda se ha metido en un buen l\u00edo por decir una palabra que lleg\u00f3 a sus o\u00eddos por casualidad. \u00bfPor qu\u00e9 los mayores se enfadan con ella solo por eso? Bueno, por eso, y por vender palabrotas a sus compa\u00f1eros. Tras ser descubierta, acabar\u00e1 en la clase para alumnos con conductas peligrosas. All\u00ed conocer\u00e1 un poco mejor a Billy, el mat\u00f3n del colegio, reflexionar\u00e1 sobre lo ocurrido y entender\u00e1 que quien tiene las palabras tiene el poder.<\/span><\/p>\n<\/td>\n<td>\n<p>&nbsp;<\/p>\n<\/td>\n<td>\n<p>&nbsp;<a target=\"_blank\" href=\"http:\/\/www.rayuelatiendaonline.com\/libro\/estas-en-la-luna_54988\"><img loading=\"lazy\" class=\" size-full wp-image-986\" alt=\"estas-en-la-luna\" src=\"http:\/\/rayuelainfancia.desarrollotrevenque.com\/blog\/wp-content\/uploads\/2015\/06\/estas-en-la-luna.jpg\" height=\"400\" width=\"262\" srcset=\"https:\/\/www.rayuelainfancia.com\/blog\/wp-content\/uploads\/2015\/06\/estas-en-la-luna.jpg 262w, https:\/\/www.rayuelainfancia.com\/blog\/wp-content\/uploads\/2015\/06\/estas-en-la-luna-197x300.jpg 197w\" sizes=\"(max-width: 262px) 100vw, 262px\" \/><\/a><\/p>\n<p><a target=\"_blank\" href=\"http:\/\/www.rayuelatiendaonline.com\/libro\/estas-en-la-luna_54988\"><img loading=\"lazy\" class=\"decoded size-full wp-image-777\" alt=\"http:\/\/rayuelainfancia.com\/http:\/\/rayuelainfancia.desarrollotrevenque.com\/blog\/wp-content\/uploads\/2009\/11\/comprar.png\" src=\"images\/comprar.png\" height=\"31\" width=\"100\" \/><\/a><\/p>\n<p><span style=\"font-size: 10pt;\"><strong>\u00abEst\u00e1s en la luna\u00bb<\/strong><\/span><\/p>\n<p><span style=\"font-size: 10pt;\">Baraka pertenece a un pueblo desterrado cuyos mayores preservan la memoria colectiva; pero a su abuela se le desvanecen los recuerdos, como las huellas borradas de la arena por el viento del desierto.<\/span><\/p>\n<\/td>\n<\/tr>\n<tr>\n<td>\n<p>&nbsp;<\/p>\n<\/td>\n<td>\n<p>&nbsp;<\/p>\n<\/td>\n<td>\n<p style=\"text-align: justify;\">&nbsp;<\/p>\n<\/td>\n<\/tr>\n<tr>\n<td>\n<p>&nbsp;<\/p>\n<p><a target=\"_blank\" href=\"http:\/\/www.rayuelatiendaonline.com\/libro\/matti-y-sami-y-los-tres-errores-mas-grandes-del-universo_68973\"><img loading=\"lazy\" class=\" size-full wp-image-987\" alt=\"matti-sami-tres-errores-mas-grandes\" src=\"http:\/\/rayuelainfancia.desarrollotrevenque.com\/blog\/wp-content\/uploads\/2015\/06\/matti-sami-tres-errores-mas-grandes.jpg\" height=\"400\" width=\"285\" srcset=\"https:\/\/www.rayuelainfancia.com\/blog\/wp-content\/uploads\/2015\/06\/matti-sami-tres-errores-mas-grandes.jpg 285w, https:\/\/www.rayuelainfancia.com\/blog\/wp-content\/uploads\/2015\/06\/matti-sami-tres-errores-mas-grandes-214x300.jpg 214w\" sizes=\"(max-width: 285px) 100vw, 285px\" \/><\/a><\/p>\n<p style=\"text-align: justify;\"><a target=\"_blank\" href=\"http:\/\/www.rayuelatiendaonline.com\/libro\/matti-y-sami-y-los-tres-errores-mas-grandes-del-universo_68973\"><img loading=\"lazy\" class=\"decoded size-full wp-image-777\" alt=\"http:\/\/rayuelainfancia.com\/http:\/\/rayuelainfancia.desarrollotrevenque.com\/blog\/wp-content\/uploads\/2009\/11\/comprar.png\" src=\"images\/comprar.png\" height=\"31\" width=\"100\" \/><\/a><\/p>\n<p style=\"text-align: justify;\"><strong><span style=\"font-size: 10pt;\">\u00abMatti y Sami y los tres errores m\u00e1s grandes del Universo\u00bb<\/span><\/strong><\/p>\n<p><span style=\"font-size: 10pt;\">Matti vive en Alemania con su padre, su madre y su hermano Sami. Su padre es Finland\u00e9s, un hombre de pocas palabras. Matti siempre ha so\u00f1ado con viajar a Finlandia. Un d\u00eda, inesperadamente, viene a visitarles el hermano de su padre, un fornido le\u00f1ador. A partir de ese momento empezaran a enlazarse un mont\u00f3n de mentiras y malentendidos que llevar\u00e1n a Matti y a su familia a dejarlo todo en Alemania y ha encontrarse, con solo tres maletas a orillas de un lago en Finlandia.<\/span><\/p>\n<p style=\"text-align: justify;\"><span style=\"font-size: 10pt;\">&nbsp;<\/span><\/p>\n<\/td>\n<td>\n<p>&nbsp;<\/p>\n<\/td>\n<td>\n<p style=\"text-align: justify;\">&nbsp;<a target=\"_blank\" href=\"http:\/\/www.rayuelatiendaonline.com\/libro\/prohibido-leer-a-lewis-carroll_69659\"><img loading=\"lazy\" class=\" size-full wp-image-988\" alt=\"prohibido-leer-lewis-carrol\" src=\"http:\/\/rayuelainfancia.desarrollotrevenque.com\/blog\/wp-content\/uploads\/2015\/06\/prohibido-leer-lewis-carrol.jpg\" height=\"400\" width=\"265\" srcset=\"https:\/\/www.rayuelainfancia.com\/blog\/wp-content\/uploads\/2015\/06\/prohibido-leer-lewis-carrol.jpg 400w, https:\/\/www.rayuelainfancia.com\/blog\/wp-content\/uploads\/2015\/06\/prohibido-leer-lewis-carrol-199x300.jpg 199w\" sizes=\"(max-width: 265px) 100vw, 265px\" \/><\/a><\/p>\n<p><a target=\"_blank\" href=\"http:\/\/www.rayuelatiendaonline.com\/libro\/prohibido-leer-a-lewis-carroll_69659\"><img loading=\"lazy\" class=\"decoded size-full wp-image-777\" alt=\"http:\/\/rayuelainfancia.com\/http:\/\/rayuelainfancia.desarrollotrevenque.com\/blog\/wp-content\/uploads\/2009\/11\/comprar.png\" src=\"images\/comprar.png\" height=\"31\" width=\"100\" \/><\/a><\/p>\n<p style=\"text-align: justify;\"><span style=\"font-size: 10pt;\"><strong>\u00abProhibido leer a Lewis Carroll\u00bb<\/strong><\/span><\/p>\n<p><span style=\"font-size: 10pt;\">Una buena ma\u00f1ana de 1932, el destino y alg\u00fan que otro traspi\u00e9s, hizo que una institutriz francesa decidiera viajar hasta Manhattan para cuidar de la hija de una familia neoyorquina un tanto peculiar. Alice, se llamaba la ni\u00f1a de 10 a\u00f1os que adoraba al personaje de \u00abAlicia en el pa\u00eds de las Maravillas\u00bb. Ten\u00eda una imaginaci\u00f3n desbordante y esta obra de Lewis Carroll, llena de fantas\u00eda y mundos imprevistos, le hac\u00eda verdaderamente feliz. Sin embargo, sus padres estaban preocupad\u00edsimos por este tema, hasta el punto de prohibirle leer este libro y nombrar nada que tuviera que ver con \u00e9l.<\/span><\/p>\n<\/td>\n<\/tr>\n<tr>\n<td>\n<p>&nbsp;<\/p>\n<\/td>\n<td>\n<p>&nbsp;<\/p>\n<\/td>\n<td>\n<p style=\"text-align: justify;\">&nbsp;<\/p>\n<\/td>\n<\/tr>\n<tr>\n<td>\n<p><a target=\"_blank\" href=\"http:\/\/www.rayuelatiendaonline.com\/libro\/interworld_68800\"><img loading=\"lazy\" class=\" size-full wp-image-989\" alt=\"interworld\" src=\"http:\/\/rayuelainfancia.desarrollotrevenque.com\/blog\/wp-content\/uploads\/2015\/06\/interworld.jpg\" height=\"400\" width=\"275\" srcset=\"https:\/\/www.rayuelainfancia.com\/blog\/wp-content\/uploads\/2015\/06\/interworld.jpg 275w, https:\/\/www.rayuelainfancia.com\/blog\/wp-content\/uploads\/2015\/06\/interworld-206x300.jpg 206w\" sizes=\"(max-width: 275px) 100vw, 275px\" \/><\/a><\/p>\n<p style=\"text-align: justify;\"><a target=\"_blank\" href=\"http:\/\/www.rayuelatiendaonline.com\/libro\/interworld_68800\"><img loading=\"lazy\" class=\"decoded size-full wp-image-777\" alt=\"http:\/\/rayuelainfancia.com\/http:\/\/rayuelainfancia.desarrollotrevenque.com\/blog\/wp-content\/uploads\/2009\/11\/comprar.png\" src=\"images\/comprar.png\" height=\"31\" width=\"100\" \/><\/a><\/p>\n<p style=\"text-align: justify;\"><strong><span style=\"font-size: 10pt;\">\u00abMatti y Sami y los tres errores m\u00e1s grandes del Universo\u00bb<\/span><\/strong><\/p>\n<p><span style=\"font-size: 10pt;\">Joly Harker no es un h\u00e9roe. De hecho es el tipo de chico que es capaz de perderse en su propia casa. Pero un d\u00eda, Joey s\u00ed que se pierde; en serio. Sale de este mundo para meterse de lleno en otra dimensi\u00f3n.<\/span><\/p>\n<p><span style=\"font-size: 10pt;\">El paseo que Joey se da entre dos mundos no es habitual y su extra\u00f1a habilidad hace que dos fuerzas enemigas mortales se enfrenten para hacerse con ese poder. Los ej\u00e9rcitos de la ciencia y de la magia quieren aprender c\u00f3mo trasladarse entre realidades de la misma manera en que \u00e9l lo hace y parece que sus \u00fanicas opciones son unirse a los unos o a los otros.<\/span><\/p>\n<p><span style=\"font-size: 10pt;\">&nbsp;<\/span><\/p>\n<\/td>\n<td>\n<p>&nbsp;<\/p>\n<\/td>\n<td>\n<p style=\"text-align: justify;\"><a target=\"_blank\" href=\"http:\/\/www.rayuelatiendaonline.com\/libro\/los-incursores_71648\"><img loading=\"lazy\" class=\" size-full wp-image-990\" alt=\"los-incursores\" src=\"http:\/\/rayuelainfancia.desarrollotrevenque.com\/blog\/wp-content\/uploads\/2015\/06\/los-incursores.jpg\" height=\"400\" width=\"270\" srcset=\"https:\/\/www.rayuelainfancia.com\/blog\/wp-content\/uploads\/2015\/06\/los-incursores.jpg 270w, https:\/\/www.rayuelainfancia.com\/blog\/wp-content\/uploads\/2015\/06\/los-incursores-203x300.jpg 203w\" sizes=\"(max-width: 270px) 100vw, 270px\" \/><\/a><\/p>\n<p style=\"text-align: justify;\"><a target=\"_blank\" href=\"http:\/\/www.rayuelatiendaonline.com\/libro\/los-incursores_71648\"><img loading=\"lazy\" class=\"decoded size-full wp-image-777\" alt=\"http:\/\/rayuelainfancia.com\/http:\/\/rayuelainfancia.desarrollotrevenque.com\/blog\/wp-content\/uploads\/2009\/11\/comprar.png\" src=\"images\/comprar.png\" height=\"31\" width=\"100\" \/><\/a><\/p>\n<p style=\"text-align: justify;\"><strong><span style=\"font-size: 10pt;\">\u00abLos incursores\u00bb<\/span><\/strong><\/p>\n<p><span style=\"font-size: 10pt;\">Arrietty es m\u00e1s diminuta que un terr\u00f3n de az\u00facar. Y sin embargo es muy valiente, porque con una aguja como espada deber\u00e1 salvar a toda su familia, con la que vive bajo el suelo de un viejo caser\u00f3n.<\/span><\/p>\n<p><span style=\"font-size: 10pt;\">Ellos son LOS INCURSORES. No poseen nada y por eso deben vivir peligrosas aventuras cada vez que quieren \u00abtomar prestada\u00bb alguna de las pertenencias de los due\u00f1os de la casa: los enormes \u00abserumanos\u00bb. As\u00ed, con mil heroicidades, incursionan en el caser\u00f3n para conseguir los carretes de hilo que usan como taburetes, las cajitas lacadas que convierten en sus camas, y tambi\u00e9n los sellos que cuelgan de sus paredes como si fueran obras de arte.<\/span><\/p>\n<p><span style=\"font-size: 10pt;\">&nbsp;<\/span><\/p>\n<\/td>\n<\/tr>\n<tr>\n<td>\n<p>&nbsp;<\/p>\n<\/td>\n<td>\n<p>&nbsp;<\/p>\n<\/td>\n<td>\n<p style=\"text-align: justify;\">&nbsp;<\/p>\n<\/td>\n<\/tr>\n<tr>\n<td>\n<p><a target=\"_blank\" href=\"http:\/\/www.rayuelatiendaonline.com\/libro\/historia-de-sara-odio-el-rosa-i_69040\"><img loading=\"lazy\" class=\" size-full wp-image-991\" alt=\"odio-rosa-historia-sara\" src=\"http:\/\/rayuelainfancia.desarrollotrevenque.com\/blog\/wp-content\/uploads\/2015\/06\/odio-rosa-historia-sara.jpg\" height=\"400\" width=\"299\" srcset=\"https:\/\/www.rayuelainfancia.com\/blog\/wp-content\/uploads\/2015\/06\/odio-rosa-historia-sara.jpg 299w, https:\/\/www.rayuelainfancia.com\/blog\/wp-content\/uploads\/2015\/06\/odio-rosa-historia-sara-224x300.jpg 224w\" sizes=\"(max-width: 299px) 100vw, 299px\" \/><\/a><\/p>\n<p style=\"text-align: justify;\"><a target=\"_blank\" href=\"http:\/\/www.rayuelatiendaonline.com\/libro\/historia-de-sara-odio-el-rosa-i_69040\"><img loading=\"lazy\" class=\"decoded size-full wp-image-777\" alt=\"http:\/\/rayuelainfancia.com\/http:\/\/rayuelainfancia.desarrollotrevenque.com\/blog\/wp-content\/uploads\/2009\/11\/comprar.png\" src=\"images\/comprar.png\" height=\"31\" width=\"100\" \/><\/a><\/p>\n<p style=\"text-align: justify;\"><strong><span style=\"font-size: 10pt;\">\u00abHISTORIA DE SARA ODIO EL ROSA I\u00bb<\/span><\/strong><\/p>\n<p style=\"text-align: justify;\"><span style=\"font-size: 10pt;\">Odio el Rosa es una colecci\u00f3n de narrativa juvenil del g\u00e9nero de ciencia ficci\u00f3n. Las dos novelas que existen hasta el momento son \u00abHistoria de Sara\u00bb e \u00abHistoria de Dani\u00bb. En un futuro posible, hacia 2055, nuestra sociedad actual est\u00e1 en manos de un n\u00famero reducido de empresas multinacionales. La educaci\u00f3n de las ni\u00f1as y los ni\u00f1os en este mundo global est\u00e1 modelada para convertir a los ciudadanos en consumidores ideales. Consumidores de marcas de ropa, de cosm\u00e9tica; consumidores de alimentos especiales, de deporte, de ocio programado&#8230;<\/span><\/p>\n<\/td>\n<td>\n<p>&nbsp;<\/p>\n<\/td>\n<td>\n<p style=\"text-align: justify;\"><a target=\"_blank\" href=\"http:\/\/www.rayuelatiendaonline.com\/libro\/momo_71456\"><img loading=\"lazy\" class=\" size-full wp-image-992\" alt=\"momo-michael-ende\" src=\"http:\/\/rayuelainfancia.desarrollotrevenque.com\/blog\/wp-content\/uploads\/2015\/06\/momo-michael-ende.jpg\" height=\"400\" width=\"286\" srcset=\"https:\/\/www.rayuelainfancia.com\/blog\/wp-content\/uploads\/2015\/06\/momo-michael-ende.jpg 286w, https:\/\/www.rayuelainfancia.com\/blog\/wp-content\/uploads\/2015\/06\/momo-michael-ende-215x300.jpg 215w\" sizes=\"(max-width: 286px) 100vw, 286px\" \/><\/a><\/p>\n<p style=\"text-align: justify;\"><a target=\"_blank\" href=\"http:\/\/www.rayuelatiendaonline.com\/libro\/momo_71456\"><img loading=\"lazy\" class=\"decoded size-full wp-image-777\" alt=\"http:\/\/rayuelainfancia.com\/http:\/\/rayuelainfancia.desarrollotrevenque.com\/blog\/wp-content\/uploads\/2009\/11\/comprar.png\" src=\"images\/comprar.png\" height=\"31\" width=\"100\" \/><\/a><\/p>\n<p style=\"text-align: justify;\"><strong><span style=\"font-size: 10pt;\">\u00abMomo\u00bb<\/span><\/strong><\/p>\n<p><span style=\"font-size: 10pt;\">Momo es una ni\u00f1a con un don muy especial: s\u00f3lo con escuchar consigue que los que est\u00e1n tristes se sientan mejor, los que est\u00e1n enfadados solucionen sus problemas o que a los que est\u00e1n aburridos se les ocurran cosas divertidas. De repente, la llegada de los hombres grises va a cambiar su vida. Porque prometen que ahorrar tiempo es lo mejor que se puede hacer, y pronto nadie va a tener tiempo para nada. <br \/><\/span><\/p>\n<\/td>\n<\/tr>\n<tr>\n<td><\/td>\n<td><\/td>\n<td><\/td>\n<\/tr>\n<tr>\n<td><\/td>\n<td><\/td>\n<td><\/td>\n<\/tr>\n<\/tbody>\n<\/table>\n","protected":false},"excerpt":{"rendered":"<p>En este primer env\u00edo queremos compartir contigo estas veinte lecturas para todas las edades, fresquitas, relajantes, porque estamos NADANDO ENTRE LIBROS. \u00abBuenas noches, Puntillas\u00bb &nbsp;&nbsp; Todos est\u00e1n bostezando y curruc\u00e1ndose en la cama, pero Puntillas est\u00e1 completamente despierto. \u00bfC\u00f3mo har\u00e1 Tilly para que se duerma? Seis personajes entra\u00f1ables y una sola casita amarilla conforman un [&hellip;]<\/p>\n","protected":false},"author":3,"featured_media":978,"comment_status":"open","ping_status":"open","sticky":false,"template":"","format":"standard","meta":[],"categories":[18],"tags":[],"yoast_head":"<!-- This site is optimized with the Yoast SEO plugin v18.5.1 - https:\/\/yoast.com\/wordpress\/plugins\/seo\/ -->\n<title>NADANDO ENTRE LIBROS. LECTURAS &#8902; Blog de Rayuelainfancia<\/title>\n<meta name=\"description\" content=\"Lecturas infantiles y juveniles para el verano.\" \/>\n<meta name=\"robots\" content=\"index, follow, max-snippet:-1, max-image-preview:large, max-video-preview:-1\" \/>\n<link rel=\"canonical\" href=\"https:\/\/www.rayuelainfancia.com\/blog\/lecturas-verano-infantil-juvenil-libros-ninos\/\" \/>\n<meta property=\"og:locale\" content=\"es_ES\" \/>\n<meta property=\"og:type\" content=\"article\" \/>\n<meta property=\"og:title\" content=\"NADANDO ENTRE LIBROS. LECTURAS &#8902; Blog de Rayuelainfancia\" \/>\n<meta property=\"og:description\" content=\"Lecturas infantiles y juveniles para el verano.\" \/>\n<meta property=\"og:url\" content=\"https:\/\/www.rayuelainfancia.com\/blog\/lecturas-verano-infantil-juvenil-libros-ninos\/\" \/>\n<meta property=\"og:site_name\" content=\"Blog de Rayuelainfancia\" \/>\n<meta property=\"article:publisher\" content=\"https:\/\/www.facebook.com\/pages\/Librer\u00eda-Rayuela\/251861686361\" \/>\n<meta property=\"article:published_time\" content=\"2015-06-23T06:05:06+00:00\" \/>\n<meta property=\"article:modified_time\" content=\"2016-12-14T09:26:44+00:00\" \/>\n<meta property=\"og:image\" content=\"https:\/\/www.rayuelainfancia.com\/blog\/wp-content\/uploads\/2015\/06\/banner_nadando_entre_libros2.jpg\" \/>\n\t<meta property=\"og:image:width\" content=\"950\" \/>\n\t<meta property=\"og:image:height\" content=\"226\" \/>\n\t<meta property=\"og:image:type\" content=\"image\/jpeg\" \/>\n<meta name=\"twitter:card\" content=\"summary\" \/>\n<meta name=\"twitter:creator\" content=\"@Rayuelainfancia\" \/>\n<meta name=\"twitter:site\" content=\"@Rayuelainfancia\" \/>\n<meta name=\"twitter:label1\" content=\"Written by\" \/>\n\t<meta name=\"twitter:data1\" content=\"Miguel Escalera Nieto\" \/>\n\t<meta name=\"twitter:label2\" content=\"Est. reading time\" \/>\n\t<meta name=\"twitter:data2\" content=\"6 minutos\" \/>\n<script type=\"application\/ld+json\" class=\"yoast-schema-graph\">{\"@context\":\"https:\/\/schema.org\",\"@graph\":[{\"@type\":\"Organization\",\"@id\":\"https:\/\/www.rayuelainfancia.com\/blog\/#organization\",\"name\":\"Rayuelainfancia\",\"url\":\"https:\/\/www.rayuelainfancia.com\/blog\/\",\"sameAs\":[\"https:\/\/www.facebook.com\/pages\/Librer\u00eda-Rayuela\/251861686361\",\"https:\/\/www.youtube.com\/channel\/UCddVaoDjpTp-DexyEVoyazQ\",\"https:\/\/twitter.com\/Rayuelainfancia\"],\"logo\":{\"@type\":\"ImageObject\",\"@id\":\"https:\/\/www.rayuelainfancia.com\/blog\/#logo\",\"inLanguage\":\"es\",\"url\":\"https:\/\/www.rayuelainfancia.com\/blog\/wp-content\/uploads\/2018\/06\/logo-rayuelainfancia-color-corporativo.png\",\"contentUrl\":\"https:\/\/www.rayuelainfancia.com\/blog\/wp-content\/uploads\/2018\/06\/logo-rayuelainfancia-color-corporativo.png\",\"width\":1200,\"height\":680,\"caption\":\"Rayuelainfancia\"},\"image\":{\"@id\":\"https:\/\/www.rayuelainfancia.com\/blog\/#logo\"}},{\"@type\":\"WebSite\",\"@id\":\"https:\/\/www.rayuelainfancia.com\/blog\/#website\",\"url\":\"https:\/\/www.rayuelainfancia.com\/blog\/\",\"name\":\"Blog de Rayuelainfancia\",\"description\":\"Libros infantiles y juegos educaticos respestuosos con la infancia\",\"publisher\":{\"@id\":\"https:\/\/www.rayuelainfancia.com\/blog\/#organization\"},\"potentialAction\":[{\"@type\":\"SearchAction\",\"target\":{\"@type\":\"EntryPoint\",\"urlTemplate\":\"https:\/\/www.rayuelainfancia.com\/blog\/?s={search_term_string}\"},\"query-input\":\"required name=search_term_string\"}],\"inLanguage\":\"es\"},{\"@type\":\"ImageObject\",\"@id\":\"https:\/\/www.rayuelainfancia.com\/blog\/lecturas-verano-infantil-juvenil-libros-ninos\/#primaryimage\",\"inLanguage\":\"es\",\"url\":\"https:\/\/www.rayuelainfancia.com\/blog\/wp-content\/uploads\/2015\/06\/banner_nadando_entre_libros2.jpg\",\"contentUrl\":\"https:\/\/www.rayuelainfancia.com\/blog\/wp-content\/uploads\/2015\/06\/banner_nadando_entre_libros2.jpg\",\"width\":950,\"height\":226,\"caption\":\"banner nadando entre libros2\"},{\"@type\":\"WebPage\",\"@id\":\"https:\/\/www.rayuelainfancia.com\/blog\/lecturas-verano-infantil-juvenil-libros-ninos\/#webpage\",\"url\":\"https:\/\/www.rayuelainfancia.com\/blog\/lecturas-verano-infantil-juvenil-libros-ninos\/\",\"name\":\"NADANDO ENTRE LIBROS. LECTURAS &#8902; Blog de Rayuelainfancia\",\"isPartOf\":{\"@id\":\"https:\/\/www.rayuelainfancia.com\/blog\/#website\"},\"primaryImageOfPage\":{\"@id\":\"https:\/\/www.rayuelainfancia.com\/blog\/lecturas-verano-infantil-juvenil-libros-ninos\/#primaryimage\"},\"datePublished\":\"2015-06-23T06:05:06+00:00\",\"dateModified\":\"2016-12-14T09:26:44+00:00\",\"description\":\"Lecturas infantiles y juveniles para el verano.\",\"breadcrumb\":{\"@id\":\"https:\/\/www.rayuelainfancia.com\/blog\/lecturas-verano-infantil-juvenil-libros-ninos\/#breadcrumb\"},\"inLanguage\":\"es\",\"potentialAction\":[{\"@type\":\"ReadAction\",\"target\":[\"https:\/\/www.rayuelainfancia.com\/blog\/lecturas-verano-infantil-juvenil-libros-ninos\/\"]}]},{\"@type\":\"BreadcrumbList\",\"@id\":\"https:\/\/www.rayuelainfancia.com\/blog\/lecturas-verano-infantil-juvenil-libros-ninos\/#breadcrumb\",\"itemListElement\":[{\"@type\":\"ListItem\",\"position\":1,\"name\":\"Portada\",\"item\":\"https:\/\/www.rayuelainfancia.com\/blog\/\"},{\"@type\":\"ListItem\",\"position\":2,\"name\":\"NADANDO ENTRE LIBROS. LECTURAS\"}]},{\"@type\":\"Article\",\"@id\":\"https:\/\/www.rayuelainfancia.com\/blog\/lecturas-verano-infantil-juvenil-libros-ninos\/#article\",\"isPartOf\":{\"@id\":\"https:\/\/www.rayuelainfancia.com\/blog\/lecturas-verano-infantil-juvenil-libros-ninos\/#webpage\"},\"author\":{\"@id\":\"https:\/\/www.rayuelainfancia.com\/blog\/#\/schema\/person\/41147ec5e3c2cc1be6e2c4520a099ebb\"},\"headline\":\"NADANDO ENTRE LIBROS. LECTURAS\",\"datePublished\":\"2015-06-23T06:05:06+00:00\",\"dateModified\":\"2016-12-14T09:26:44+00:00\",\"mainEntityOfPage\":{\"@id\":\"https:\/\/www.rayuelainfancia.com\/blog\/lecturas-verano-infantil-juvenil-libros-ninos\/#webpage\"},\"wordCount\":1243,\"commentCount\":0,\"publisher\":{\"@id\":\"https:\/\/www.rayuelainfancia.com\/blog\/#organization\"},\"image\":{\"@id\":\"https:\/\/www.rayuelainfancia.com\/blog\/lecturas-verano-infantil-juvenil-libros-ninos\/#primaryimage\"},\"thumbnailUrl\":\"https:\/\/www.rayuelainfancia.com\/blog\/wp-content\/uploads\/2015\/06\/banner_nadando_entre_libros2.jpg\",\"articleSection\":[\"Actividades Cuentacuentos\"],\"inLanguage\":\"es\",\"potentialAction\":[{\"@type\":\"CommentAction\",\"name\":\"Comment\",\"target\":[\"https:\/\/www.rayuelainfancia.com\/blog\/lecturas-verano-infantil-juvenil-libros-ninos\/#respond\"]}]},{\"@type\":\"Person\",\"@id\":\"https:\/\/www.rayuelainfancia.com\/blog\/#\/schema\/person\/41147ec5e3c2cc1be6e2c4520a099ebb\",\"name\":\"Miguel Escalera Nieto\",\"image\":{\"@type\":\"ImageObject\",\"@id\":\"https:\/\/www.rayuelainfancia.com\/blog\/#personlogo\",\"inLanguage\":\"es\",\"url\":\"https:\/\/secure.gravatar.com\/avatar\/73bd613c804680e46df318e272f0e837?s=96&d=mm&r=g\",\"contentUrl\":\"https:\/\/secure.gravatar.com\/avatar\/73bd613c804680e46df318e272f0e837?s=96&d=mm&r=g\",\"caption\":\"Miguel Escalera Nieto\"}}]}<\/script>\n<!-- \/ Yoast SEO plugin. -->","yoast_head_json":{"title":"NADANDO ENTRE LIBROS. LECTURAS &#8902; Blog de Rayuelainfancia","description":"Lecturas infantiles y juveniles para el verano.","robots":{"index":"index","follow":"follow","max-snippet":"max-snippet:-1","max-image-preview":"max-image-preview:large","max-video-preview":"max-video-preview:-1"},"canonical":"https:\/\/www.rayuelainfancia.com\/blog\/lecturas-verano-infantil-juvenil-libros-ninos\/","og_locale":"es_ES","og_type":"article","og_title":"NADANDO ENTRE LIBROS. LECTURAS &#8902; Blog de Rayuelainfancia","og_description":"Lecturas infantiles y juveniles para el verano.","og_url":"https:\/\/www.rayuelainfancia.com\/blog\/lecturas-verano-infantil-juvenil-libros-ninos\/","og_site_name":"Blog de Rayuelainfancia","article_publisher":"https:\/\/www.facebook.com\/pages\/Librer\u00eda-Rayuela\/251861686361","article_published_time":"2015-06-23T06:05:06+00:00","article_modified_time":"2016-12-14T09:26:44+00:00","og_image":[{"width":950,"height":226,"url":"https:\/\/www.rayuelainfancia.com\/blog\/wp-content\/uploads\/2015\/06\/banner_nadando_entre_libros2.jpg","type":"image\/jpeg"}],"twitter_card":"summary","twitter_creator":"@Rayuelainfancia","twitter_site":"@Rayuelainfancia","twitter_misc":{"Written by":"Miguel Escalera Nieto","Est. reading time":"6 minutos"},"schema":{"@context":"https:\/\/schema.org","@graph":[{"@type":"Organization","@id":"https:\/\/www.rayuelainfancia.com\/blog\/#organization","name":"Rayuelainfancia","url":"https:\/\/www.rayuelainfancia.com\/blog\/","sameAs":["https:\/\/www.facebook.com\/pages\/Librer\u00eda-Rayuela\/251861686361","https:\/\/www.youtube.com\/channel\/UCddVaoDjpTp-DexyEVoyazQ","https:\/\/twitter.com\/Rayuelainfancia"],"logo":{"@type":"ImageObject","@id":"https:\/\/www.rayuelainfancia.com\/blog\/#logo","inLanguage":"es","url":"https:\/\/www.rayuelainfancia.com\/blog\/wp-content\/uploads\/2018\/06\/logo-rayuelainfancia-color-corporativo.png","contentUrl":"https:\/\/www.rayuelainfancia.com\/blog\/wp-content\/uploads\/2018\/06\/logo-rayuelainfancia-color-corporativo.png","width":1200,"height":680,"caption":"Rayuelainfancia"},"image":{"@id":"https:\/\/www.rayuelainfancia.com\/blog\/#logo"}},{"@type":"WebSite","@id":"https:\/\/www.rayuelainfancia.com\/blog\/#website","url":"https:\/\/www.rayuelainfancia.com\/blog\/","name":"Blog de Rayuelainfancia","description":"Libros infantiles y juegos educaticos respestuosos con la infancia","publisher":{"@id":"https:\/\/www.rayuelainfancia.com\/blog\/#organization"},"potentialAction":[{"@type":"SearchAction","target":{"@type":"EntryPoint","urlTemplate":"https:\/\/www.rayuelainfancia.com\/blog\/?s={search_term_string}"},"query-input":"required name=search_term_string"}],"inLanguage":"es"},{"@type":"ImageObject","@id":"https:\/\/www.rayuelainfancia.com\/blog\/lecturas-verano-infantil-juvenil-libros-ninos\/#primaryimage","inLanguage":"es","url":"https:\/\/www.rayuelainfancia.com\/blog\/wp-content\/uploads\/2015\/06\/banner_nadando_entre_libros2.jpg","contentUrl":"https:\/\/www.rayuelainfancia.com\/blog\/wp-content\/uploads\/2015\/06\/banner_nadando_entre_libros2.jpg","width":950,"height":226,"caption":"banner nadando entre libros2"},{"@type":"WebPage","@id":"https:\/\/www.rayuelainfancia.com\/blog\/lecturas-verano-infantil-juvenil-libros-ninos\/#webpage","url":"https:\/\/www.rayuelainfancia.com\/blog\/lecturas-verano-infantil-juvenil-libros-ninos\/","name":"NADANDO ENTRE LIBROS. LECTURAS &#8902; Blog de Rayuelainfancia","isPartOf":{"@id":"https:\/\/www.rayuelainfancia.com\/blog\/#website"},"primaryImageOfPage":{"@id":"https:\/\/www.rayuelainfancia.com\/blog\/lecturas-verano-infantil-juvenil-libros-ninos\/#primaryimage"},"datePublished":"2015-06-23T06:05:06+00:00","dateModified":"2016-12-14T09:26:44+00:00","description":"Lecturas infantiles y juveniles para el verano.","breadcrumb":{"@id":"https:\/\/www.rayuelainfancia.com\/blog\/lecturas-verano-infantil-juvenil-libros-ninos\/#breadcrumb"},"inLanguage":"es","potentialAction":[{"@type":"ReadAction","target":["https:\/\/www.rayuelainfancia.com\/blog\/lecturas-verano-infantil-juvenil-libros-ninos\/"]}]},{"@type":"BreadcrumbList","@id":"https:\/\/www.rayuelainfancia.com\/blog\/lecturas-verano-infantil-juvenil-libros-ninos\/#breadcrumb","itemListElement":[{"@type":"ListItem","position":1,"name":"Portada","item":"https:\/\/www.rayuelainfancia.com\/blog\/"},{"@type":"ListItem","position":2,"name":"NADANDO ENTRE LIBROS. LECTURAS"}]},{"@type":"Article","@id":"https:\/\/www.rayuelainfancia.com\/blog\/lecturas-verano-infantil-juvenil-libros-ninos\/#article","isPartOf":{"@id":"https:\/\/www.rayuelainfancia.com\/blog\/lecturas-verano-infantil-juvenil-libros-ninos\/#webpage"},"author":{"@id":"https:\/\/www.rayuelainfancia.com\/blog\/#\/schema\/person\/41147ec5e3c2cc1be6e2c4520a099ebb"},"headline":"NADANDO ENTRE LIBROS. LECTURAS","datePublished":"2015-06-23T06:05:06+00:00","dateModified":"2016-12-14T09:26:44+00:00","mainEntityOfPage":{"@id":"https:\/\/www.rayuelainfancia.com\/blog\/lecturas-verano-infantil-juvenil-libros-ninos\/#webpage"},"wordCount":1243,"commentCount":0,"publisher":{"@id":"https:\/\/www.rayuelainfancia.com\/blog\/#organization"},"image":{"@id":"https:\/\/www.rayuelainfancia.com\/blog\/lecturas-verano-infantil-juvenil-libros-ninos\/#primaryimage"},"thumbnailUrl":"https:\/\/www.rayuelainfancia.com\/blog\/wp-content\/uploads\/2015\/06\/banner_nadando_entre_libros2.jpg","articleSection":["Actividades Cuentacuentos"],"inLanguage":"es","potentialAction":[{"@type":"CommentAction","name":"Comment","target":["https:\/\/www.rayuelainfancia.com\/blog\/lecturas-verano-infantil-juvenil-libros-ninos\/#respond"]}]},{"@type":"Person","@id":"https:\/\/www.rayuelainfancia.com\/blog\/#\/schema\/person\/41147ec5e3c2cc1be6e2c4520a099ebb","name":"Miguel Escalera Nieto","image":{"@type":"ImageObject","@id":"https:\/\/www.rayuelainfancia.com\/blog\/#personlogo","inLanguage":"es","url":"https:\/\/secure.gravatar.com\/avatar\/73bd613c804680e46df318e272f0e837?s=96&d=mm&r=g","contentUrl":"https:\/\/secure.gravatar.com\/avatar\/73bd613c804680e46df318e272f0e837?s=96&d=mm&r=g","caption":"Miguel Escalera Nieto"}}]}},"_links":{"self":[{"href":"https:\/\/www.rayuelainfancia.com\/blog\/wp-json\/wp\/v2\/posts\/581"}],"collection":[{"href":"https:\/\/www.rayuelainfancia.com\/blog\/wp-json\/wp\/v2\/posts"}],"about":[{"href":"https:\/\/www.rayuelainfancia.com\/blog\/wp-json\/wp\/v2\/types\/post"}],"author":[{"embeddable":true,"href":"https:\/\/www.rayuelainfancia.com\/blog\/wp-json\/wp\/v2\/users\/3"}],"replies":[{"embeddable":true,"href":"https:\/\/www.rayuelainfancia.com\/blog\/wp-json\/wp\/v2\/comments?post=581"}],"version-history":[{"count":1,"href":"https:\/\/www.rayuelainfancia.com\/blog\/wp-json\/wp\/v2\/posts\/581\/revisions"}],"predecessor-version":[{"id":1083,"href":"https:\/\/www.rayuelainfancia.com\/blog\/wp-json\/wp\/v2\/posts\/581\/revisions\/1083"}],"wp:featuredmedia":[{"embeddable":true,"href":"https:\/\/www.rayuelainfancia.com\/blog\/wp-json\/wp\/v2\/media\/978"}],"wp:attachment":[{"href":"https:\/\/www.rayuelainfancia.com\/blog\/wp-json\/wp\/v2\/media?parent=581"}],"wp:term":[{"taxonomy":"category","embeddable":true,"href":"https:\/\/www.rayuelainfancia.com\/blog\/wp-json\/wp\/v2\/categories?post=581"},{"taxonomy":"post_tag","embeddable":true,"href":"https:\/\/www.rayuelainfancia.com\/blog\/wp-json\/wp\/v2\/tags?post=581"}],"curies":[{"name":"wp","href":"https:\/\/api.w.org\/{rel}","templated":true}]}}