 {"id":580,"date":"2015-06-11T14:44:58","date_gmt":"2015-06-11T12:44:58","guid":{"rendered":"http:\/\/rayuelainfancia.desarrollotrevenque.com\/blog\/aprender-a-vivir-juntos-blume\/"},"modified":"2016-12-14T10:26:44","modified_gmt":"2016-12-14T09:26:44","slug":"aprender-a-vivir-juntos-blume","status":"publish","type":"post","link":"https:\/\/www.rayuelainfancia.com\/blog\/aprender-a-vivir-juntos-blume\/","title":{"rendered":"APRENDER A VIVIR JUNTOS"},"content":{"rendered":"<p> <\/p>\n<table  class=\" table table-hover\" style=\"width: 633px; height: 265px;\">\n<tbody>\n<tr>\n<td valign=\"top\"><img loading=\"lazy\" class=\" size-full wp-image-976\" style=\"margin-left: 0px; margin-right: 20px;\" alt=\"aprender vivir juntos\" src=\"http:\/\/rayuelainfancia.desarrollotrevenque.com\/blog\/wp-content\/uploads\/2015\/06\/aprender_vivir_juntos.png\" height=\"380\" width=\"250\" srcset=\"https:\/\/www.rayuelainfancia.com\/blog\/wp-content\/uploads\/2015\/06\/aprender_vivir_juntos.png 302w, https:\/\/www.rayuelainfancia.com\/blog\/wp-content\/uploads\/2015\/06\/aprender_vivir_juntos-197x300.png 197w\" sizes=\"(max-width: 250px) 100vw, 250px\" \/><\/td>\n<td valign=\"top\">\n<p><span style=\"font-size: 10pt;\">Este es un libro que cuenta tantas historias como personajes aparecen: Un ciervo preocupado por su conejito; un conejito que quiere hacerse mayor; un soldado enmascarado en son de guerra; un gato que vive miedoso de su sue\u00f1o; un libro curioso que quiere saberlo todo y una sombra misteriosa.<\/span><\/p>\n<p><span style=\"font-size: 10pt;\">&nbsp;<\/span><\/p>\n<p><a target=\"_blank\" href=\"http:\/\/www.rayuelatiendaonline.com\/libro\/aprender-a-vivir-juntos_70486\"><span style=\"font-size: 10pt;\"><img loading=\"lazy\" class=\" alignleft size-full wp-image-777\" style=\"float: left;\" class=\"decoded\" alt=\"http:\/\/rayuelainfancia.com\/http:\/\/rayuelainfancia.desarrollotrevenque.com\/blog\/wp-content\/uploads\/2009\/11\/comprar.png\" src=\"images\/comprar.png\" width=\"200\" height=\"62\" \/><\/span><\/a><\/p>\n<p>&nbsp;<\/p>\n<\/td>\n<\/tr>\n<\/tbody>\n<\/table>\n<p>En la historia del conejo y el ciervo hay una tierna relaci\u00f3n de adopci\u00f3n y acogimiento del pap\u00e1 ciervo y una preocupaci\u00f3n posterior al ver que su conejito quiere vivir aventuras por si mismo y hacerse mayor. El relato del soldado guerrero resulta ser una historia muy com\u00fan, la historia de un enfado con el mundo porque sus padres se han separado y tiene que vivir en dos casas. El gato tiene miedo, no se siente nunca capaz de cruzar la puerta de su sue\u00f1o. Se siente peque\u00f1o. El libro se sent\u00eda inseguro cada vez que no sab\u00eda una respuesta, pues pensaba que era su deber saberlo todo. Y por \u00faltimo, la sombra, es la historia de una osa, la gran osa del bosque que protege a todos como lo har\u00eda una gran mam\u00e1.<\/p>\n<p>En \u00abAprender a vivir juntos\u00bb, todos maduran, todos se hacen mayores gracias a la relaci\u00f3n que se establece entre ellos, una relaci\u00f3n de amistad y tolerancia.<\/p>\n<p>&nbsp;<img loading=\"lazy\" class=\" size-full wp-image-977\" alt=\"aprender vivir juntos zorro rojo\" src=\"http:\/\/rayuelainfancia.desarrollotrevenque.com\/blog\/wp-content\/uploads\/2015\/06\/aprender_vivir_juntos_zorro_rojo.png\" height=\"410\" width=\"630\" srcset=\"https:\/\/www.rayuelainfancia.com\/blog\/wp-content\/uploads\/2015\/06\/aprender_vivir_juntos_zorro_rojo.png 630w, https:\/\/www.rayuelainfancia.com\/blog\/wp-content\/uploads\/2015\/06\/aprender_vivir_juntos_zorro_rojo-300x195.png 300w\" sizes=\"(max-width: 630px) 100vw, 630px\" \/><\/p>\n<p>Este libro que tan bien muestra el proceso de crecimiento, lo ha escrito e ilustrado la belga Mel\u00e1nie Rutten. Verdaderamente ha hilado un texto muy especial, muy acogedor, lleno de matices y de sorpresas, lleno de peque\u00f1os detalles que muestran la verdadera naturaleza de un ni\u00f1o, de una ni\u00f1a ante el reto de la vida: crecer y madurar. Las ilustraciones con acuarelas resultan entra\u00f1ables y el modo de disponerlas a lo largo de las p\u00e1ginas nos recuerda a un libro antiguo de cuentos ilustrados.<\/p>\n<p>Editado por Blume, es un libro que encantar\u00e1 a ni\u00f1as y a ni\u00f1os desde los 4 a\u00f1os. Un libro para que los adultos compartan la lectura con los peques de la casa.<\/p>\n","protected":false},"excerpt":{"rendered":"<p>Este es un libro que cuenta tantas historias como personajes aparecen: Un ciervo preocupado por su conejito; un conejito que quiere hacerse mayor; un soldado enmascarado en son de guerra; un gato que vive miedoso de su sue\u00f1o; un libro curioso que quiere saberlo todo y una sombra misteriosa. &nbsp; &nbsp; En la historia del [&hellip;]<\/p>\n","protected":false},"author":3,"featured_media":976,"comment_status":"open","ping_status":"open","sticky":false,"template":"","format":"standard","meta":[],"categories":[18],"tags":[],"yoast_head":"<!-- This site is optimized with the Yoast SEO plugin v18.5.1 - https:\/\/yoast.com\/wordpress\/plugins\/seo\/ -->\n<title>APRENDER A VIVIR JUNTOS &#8902; Blog de Rayuelainfancia<\/title>\n<meta name=\"description\" content=\"Aprender a vivir juntos. Editado por Blume, es un libro que encantar\u00e1 a ni\u00f1as y a ni\u00f1os desde los 4 a\u00f1os. Un libro para que los adultos compartan la lectura con los peques de la casa.\" \/>\n<meta name=\"robots\" content=\"index, follow, max-snippet:-1, max-image-preview:large, max-video-preview:-1\" \/>\n<link rel=\"canonical\" href=\"https:\/\/www.rayuelainfancia.com\/blog\/aprender-a-vivir-juntos-blume\/\" \/>\n<meta property=\"og:locale\" content=\"es_ES\" \/>\n<meta property=\"og:type\" content=\"article\" \/>\n<meta property=\"og:title\" content=\"APRENDER A VIVIR JUNTOS &#8902; Blog de Rayuelainfancia\" \/>\n<meta property=\"og:description\" content=\"Aprender a vivir juntos. Editado por Blume, es un libro que encantar\u00e1 a ni\u00f1as y a ni\u00f1os desde los 4 a\u00f1os. Un libro para que los adultos compartan la lectura con los peques de la casa.\" \/>\n<meta property=\"og:url\" content=\"https:\/\/www.rayuelainfancia.com\/blog\/aprender-a-vivir-juntos-blume\/\" \/>\n<meta property=\"og:site_name\" content=\"Blog de Rayuelainfancia\" \/>\n<meta property=\"article:publisher\" content=\"https:\/\/www.facebook.com\/pages\/Librer\u00eda-Rayuela\/251861686361\" \/>\n<meta property=\"article:published_time\" content=\"2015-06-11T12:44:58+00:00\" \/>\n<meta property=\"article:modified_time\" content=\"2016-12-14T09:26:44+00:00\" \/>\n<meta property=\"og:image\" content=\"https:\/\/www.rayuelainfancia.com\/blog\/wp-content\/uploads\/2015\/06\/aprender_vivir_juntos.png\" \/>\n\t<meta property=\"og:image:width\" content=\"302\" \/>\n\t<meta property=\"og:image:height\" content=\"459\" \/>\n\t<meta property=\"og:image:type\" content=\"image\/png\" \/>\n<meta name=\"twitter:card\" content=\"summary\" \/>\n<meta name=\"twitter:creator\" content=\"@Rayuelainfancia\" \/>\n<meta name=\"twitter:site\" content=\"@Rayuelainfancia\" \/>\n<meta name=\"twitter:label1\" content=\"Written by\" \/>\n\t<meta name=\"twitter:data1\" content=\"Miguel Escalera Nieto\" \/>\n\t<meta name=\"twitter:label2\" content=\"Est. reading time\" \/>\n\t<meta name=\"twitter:data2\" content=\"2 minutos\" \/>\n<script type=\"application\/ld+json\" class=\"yoast-schema-graph\">{\"@context\":\"https:\/\/schema.org\",\"@graph\":[{\"@type\":\"Organization\",\"@id\":\"https:\/\/www.rayuelainfancia.com\/blog\/#organization\",\"name\":\"Rayuelainfancia\",\"url\":\"https:\/\/www.rayuelainfancia.com\/blog\/\",\"sameAs\":[\"https:\/\/www.facebook.com\/pages\/Librer\u00eda-Rayuela\/251861686361\",\"https:\/\/www.youtube.com\/channel\/UCddVaoDjpTp-DexyEVoyazQ\",\"https:\/\/twitter.com\/Rayuelainfancia\"],\"logo\":{\"@type\":\"ImageObject\",\"@id\":\"https:\/\/www.rayuelainfancia.com\/blog\/#logo\",\"inLanguage\":\"es\",\"url\":\"https:\/\/www.rayuelainfancia.com\/blog\/wp-content\/uploads\/2018\/06\/logo-rayuelainfancia-color-corporativo.png\",\"contentUrl\":\"https:\/\/www.rayuelainfancia.com\/blog\/wp-content\/uploads\/2018\/06\/logo-rayuelainfancia-color-corporativo.png\",\"width\":1200,\"height\":680,\"caption\":\"Rayuelainfancia\"},\"image\":{\"@id\":\"https:\/\/www.rayuelainfancia.com\/blog\/#logo\"}},{\"@type\":\"WebSite\",\"@id\":\"https:\/\/www.rayuelainfancia.com\/blog\/#website\",\"url\":\"https:\/\/www.rayuelainfancia.com\/blog\/\",\"name\":\"Blog de Rayuelainfancia\",\"description\":\"Libros infantiles y juegos educaticos respestuosos con la infancia\",\"publisher\":{\"@id\":\"https:\/\/www.rayuelainfancia.com\/blog\/#organization\"},\"potentialAction\":[{\"@type\":\"SearchAction\",\"target\":{\"@type\":\"EntryPoint\",\"urlTemplate\":\"https:\/\/www.rayuelainfancia.com\/blog\/?s={search_term_string}\"},\"query-input\":\"required name=search_term_string\"}],\"inLanguage\":\"es\"},{\"@type\":\"ImageObject\",\"@id\":\"https:\/\/www.rayuelainfancia.com\/blog\/aprender-a-vivir-juntos-blume\/#primaryimage\",\"inLanguage\":\"es\",\"url\":\"https:\/\/www.rayuelainfancia.com\/blog\/wp-content\/uploads\/2015\/06\/aprender_vivir_juntos.png\",\"contentUrl\":\"https:\/\/www.rayuelainfancia.com\/blog\/wp-content\/uploads\/2015\/06\/aprender_vivir_juntos.png\",\"width\":302,\"height\":459,\"caption\":\"aprender vivir juntos\"},{\"@type\":\"WebPage\",\"@id\":\"https:\/\/www.rayuelainfancia.com\/blog\/aprender-a-vivir-juntos-blume\/#webpage\",\"url\":\"https:\/\/www.rayuelainfancia.com\/blog\/aprender-a-vivir-juntos-blume\/\",\"name\":\"APRENDER A VIVIR JUNTOS &#8902; Blog de Rayuelainfancia\",\"isPartOf\":{\"@id\":\"https:\/\/www.rayuelainfancia.com\/blog\/#website\"},\"primaryImageOfPage\":{\"@id\":\"https:\/\/www.rayuelainfancia.com\/blog\/aprender-a-vivir-juntos-blume\/#primaryimage\"},\"datePublished\":\"2015-06-11T12:44:58+00:00\",\"dateModified\":\"2016-12-14T09:26:44+00:00\",\"description\":\"Aprender a vivir juntos. Editado por Blume, es un libro que encantar\u00e1 a ni\u00f1as y a ni\u00f1os desde los 4 a\u00f1os. Un libro para que los adultos compartan la lectura con los peques de la casa.\",\"breadcrumb\":{\"@id\":\"https:\/\/www.rayuelainfancia.com\/blog\/aprender-a-vivir-juntos-blume\/#breadcrumb\"},\"inLanguage\":\"es\",\"potentialAction\":[{\"@type\":\"ReadAction\",\"target\":[\"https:\/\/www.rayuelainfancia.com\/blog\/aprender-a-vivir-juntos-blume\/\"]}]},{\"@type\":\"BreadcrumbList\",\"@id\":\"https:\/\/www.rayuelainfancia.com\/blog\/aprender-a-vivir-juntos-blume\/#breadcrumb\",\"itemListElement\":[{\"@type\":\"ListItem\",\"position\":1,\"name\":\"Portada\",\"item\":\"https:\/\/www.rayuelainfancia.com\/blog\/\"},{\"@type\":\"ListItem\",\"position\":2,\"name\":\"APRENDER A VIVIR JUNTOS\"}]},{\"@type\":\"Article\",\"@id\":\"https:\/\/www.rayuelainfancia.com\/blog\/aprender-a-vivir-juntos-blume\/#article\",\"isPartOf\":{\"@id\":\"https:\/\/www.rayuelainfancia.com\/blog\/aprender-a-vivir-juntos-blume\/#webpage\"},\"author\":{\"@id\":\"https:\/\/www.rayuelainfancia.com\/blog\/#\/schema\/person\/41147ec5e3c2cc1be6e2c4520a099ebb\"},\"headline\":\"APRENDER A VIVIR JUNTOS\",\"datePublished\":\"2015-06-11T12:44:58+00:00\",\"dateModified\":\"2016-12-14T09:26:44+00:00\",\"mainEntityOfPage\":{\"@id\":\"https:\/\/www.rayuelainfancia.com\/blog\/aprender-a-vivir-juntos-blume\/#webpage\"},\"wordCount\":352,\"commentCount\":0,\"publisher\":{\"@id\":\"https:\/\/www.rayuelainfancia.com\/blog\/#organization\"},\"image\":{\"@id\":\"https:\/\/www.rayuelainfancia.com\/blog\/aprender-a-vivir-juntos-blume\/#primaryimage\"},\"thumbnailUrl\":\"https:\/\/www.rayuelainfancia.com\/blog\/wp-content\/uploads\/2015\/06\/aprender_vivir_juntos.png\",\"articleSection\":[\"Actividades Cuentacuentos\"],\"inLanguage\":\"es\",\"potentialAction\":[{\"@type\":\"CommentAction\",\"name\":\"Comment\",\"target\":[\"https:\/\/www.rayuelainfancia.com\/blog\/aprender-a-vivir-juntos-blume\/#respond\"]}]},{\"@type\":\"Person\",\"@id\":\"https:\/\/www.rayuelainfancia.com\/blog\/#\/schema\/person\/41147ec5e3c2cc1be6e2c4520a099ebb\",\"name\":\"Miguel Escalera Nieto\",\"image\":{\"@type\":\"ImageObject\",\"@id\":\"https:\/\/www.rayuelainfancia.com\/blog\/#personlogo\",\"inLanguage\":\"es\",\"url\":\"https:\/\/secure.gravatar.com\/avatar\/73bd613c804680e46df318e272f0e837?s=96&d=mm&r=g\",\"contentUrl\":\"https:\/\/secure.gravatar.com\/avatar\/73bd613c804680e46df318e272f0e837?s=96&d=mm&r=g\",\"caption\":\"Miguel Escalera Nieto\"}}]}<\/script>\n<!-- \/ Yoast SEO plugin. -->","yoast_head_json":{"title":"APRENDER A VIVIR JUNTOS &#8902; Blog de Rayuelainfancia","description":"Aprender a vivir juntos. Editado por Blume, es un libro que encantar\u00e1 a ni\u00f1as y a ni\u00f1os desde los 4 a\u00f1os. Un libro para que los adultos compartan la lectura con los peques de la casa.","robots":{"index":"index","follow":"follow","max-snippet":"max-snippet:-1","max-image-preview":"max-image-preview:large","max-video-preview":"max-video-preview:-1"},"canonical":"https:\/\/www.rayuelainfancia.com\/blog\/aprender-a-vivir-juntos-blume\/","og_locale":"es_ES","og_type":"article","og_title":"APRENDER A VIVIR JUNTOS &#8902; Blog de Rayuelainfancia","og_description":"Aprender a vivir juntos. Editado por Blume, es un libro que encantar\u00e1 a ni\u00f1as y a ni\u00f1os desde los 4 a\u00f1os. Un libro para que los adultos compartan la lectura con los peques de la casa.","og_url":"https:\/\/www.rayuelainfancia.com\/blog\/aprender-a-vivir-juntos-blume\/","og_site_name":"Blog de Rayuelainfancia","article_publisher":"https:\/\/www.facebook.com\/pages\/Librer\u00eda-Rayuela\/251861686361","article_published_time":"2015-06-11T12:44:58+00:00","article_modified_time":"2016-12-14T09:26:44+00:00","og_image":[{"width":302,"height":459,"url":"https:\/\/www.rayuelainfancia.com\/blog\/wp-content\/uploads\/2015\/06\/aprender_vivir_juntos.png","type":"image\/png"}],"twitter_card":"summary","twitter_creator":"@Rayuelainfancia","twitter_site":"@Rayuelainfancia","twitter_misc":{"Written by":"Miguel Escalera Nieto","Est. reading time":"2 minutos"},"schema":{"@context":"https:\/\/schema.org","@graph":[{"@type":"Organization","@id":"https:\/\/www.rayuelainfancia.com\/blog\/#organization","name":"Rayuelainfancia","url":"https:\/\/www.rayuelainfancia.com\/blog\/","sameAs":["https:\/\/www.facebook.com\/pages\/Librer\u00eda-Rayuela\/251861686361","https:\/\/www.youtube.com\/channel\/UCddVaoDjpTp-DexyEVoyazQ","https:\/\/twitter.com\/Rayuelainfancia"],"logo":{"@type":"ImageObject","@id":"https:\/\/www.rayuelainfancia.com\/blog\/#logo","inLanguage":"es","url":"https:\/\/www.rayuelainfancia.com\/blog\/wp-content\/uploads\/2018\/06\/logo-rayuelainfancia-color-corporativo.png","contentUrl":"https:\/\/www.rayuelainfancia.com\/blog\/wp-content\/uploads\/2018\/06\/logo-rayuelainfancia-color-corporativo.png","width":1200,"height":680,"caption":"Rayuelainfancia"},"image":{"@id":"https:\/\/www.rayuelainfancia.com\/blog\/#logo"}},{"@type":"WebSite","@id":"https:\/\/www.rayuelainfancia.com\/blog\/#website","url":"https:\/\/www.rayuelainfancia.com\/blog\/","name":"Blog de Rayuelainfancia","description":"Libros infantiles y juegos educaticos respestuosos con la infancia","publisher":{"@id":"https:\/\/www.rayuelainfancia.com\/blog\/#organization"},"potentialAction":[{"@type":"SearchAction","target":{"@type":"EntryPoint","urlTemplate":"https:\/\/www.rayuelainfancia.com\/blog\/?s={search_term_string}"},"query-input":"required name=search_term_string"}],"inLanguage":"es"},{"@type":"ImageObject","@id":"https:\/\/www.rayuelainfancia.com\/blog\/aprender-a-vivir-juntos-blume\/#primaryimage","inLanguage":"es","url":"https:\/\/www.rayuelainfancia.com\/blog\/wp-content\/uploads\/2015\/06\/aprender_vivir_juntos.png","contentUrl":"https:\/\/www.rayuelainfancia.com\/blog\/wp-content\/uploads\/2015\/06\/aprender_vivir_juntos.png","width":302,"height":459,"caption":"aprender vivir juntos"},{"@type":"WebPage","@id":"https:\/\/www.rayuelainfancia.com\/blog\/aprender-a-vivir-juntos-blume\/#webpage","url":"https:\/\/www.rayuelainfancia.com\/blog\/aprender-a-vivir-juntos-blume\/","name":"APRENDER A VIVIR JUNTOS &#8902; Blog de Rayuelainfancia","isPartOf":{"@id":"https:\/\/www.rayuelainfancia.com\/blog\/#website"},"primaryImageOfPage":{"@id":"https:\/\/www.rayuelainfancia.com\/blog\/aprender-a-vivir-juntos-blume\/#primaryimage"},"datePublished":"2015-06-11T12:44:58+00:00","dateModified":"2016-12-14T09:26:44+00:00","description":"Aprender a vivir juntos. Editado por Blume, es un libro que encantar\u00e1 a ni\u00f1as y a ni\u00f1os desde los 4 a\u00f1os. Un libro para que los adultos compartan la lectura con los peques de la casa.","breadcrumb":{"@id":"https:\/\/www.rayuelainfancia.com\/blog\/aprender-a-vivir-juntos-blume\/#breadcrumb"},"inLanguage":"es","potentialAction":[{"@type":"ReadAction","target":["https:\/\/www.rayuelainfancia.com\/blog\/aprender-a-vivir-juntos-blume\/"]}]},{"@type":"BreadcrumbList","@id":"https:\/\/www.rayuelainfancia.com\/blog\/aprender-a-vivir-juntos-blume\/#breadcrumb","itemListElement":[{"@type":"ListItem","position":1,"name":"Portada","item":"https:\/\/www.rayuelainfancia.com\/blog\/"},{"@type":"ListItem","position":2,"name":"APRENDER A VIVIR JUNTOS"}]},{"@type":"Article","@id":"https:\/\/www.rayuelainfancia.com\/blog\/aprender-a-vivir-juntos-blume\/#article","isPartOf":{"@id":"https:\/\/www.rayuelainfancia.com\/blog\/aprender-a-vivir-juntos-blume\/#webpage"},"author":{"@id":"https:\/\/www.rayuelainfancia.com\/blog\/#\/schema\/person\/41147ec5e3c2cc1be6e2c4520a099ebb"},"headline":"APRENDER A VIVIR JUNTOS","datePublished":"2015-06-11T12:44:58+00:00","dateModified":"2016-12-14T09:26:44+00:00","mainEntityOfPage":{"@id":"https:\/\/www.rayuelainfancia.com\/blog\/aprender-a-vivir-juntos-blume\/#webpage"},"wordCount":352,"commentCount":0,"publisher":{"@id":"https:\/\/www.rayuelainfancia.com\/blog\/#organization"},"image":{"@id":"https:\/\/www.rayuelainfancia.com\/blog\/aprender-a-vivir-juntos-blume\/#primaryimage"},"thumbnailUrl":"https:\/\/www.rayuelainfancia.com\/blog\/wp-content\/uploads\/2015\/06\/aprender_vivir_juntos.png","articleSection":["Actividades Cuentacuentos"],"inLanguage":"es","potentialAction":[{"@type":"CommentAction","name":"Comment","target":["https:\/\/www.rayuelainfancia.com\/blog\/aprender-a-vivir-juntos-blume\/#respond"]}]},{"@type":"Person","@id":"https:\/\/www.rayuelainfancia.com\/blog\/#\/schema\/person\/41147ec5e3c2cc1be6e2c4520a099ebb","name":"Miguel Escalera Nieto","image":{"@type":"ImageObject","@id":"https:\/\/www.rayuelainfancia.com\/blog\/#personlogo","inLanguage":"es","url":"https:\/\/secure.gravatar.com\/avatar\/73bd613c804680e46df318e272f0e837?s=96&d=mm&r=g","contentUrl":"https:\/\/secure.gravatar.com\/avatar\/73bd613c804680e46df318e272f0e837?s=96&d=mm&r=g","caption":"Miguel Escalera Nieto"}}]}},"_links":{"self":[{"href":"https:\/\/www.rayuelainfancia.com\/blog\/wp-json\/wp\/v2\/posts\/580"}],"collection":[{"href":"https:\/\/www.rayuelainfancia.com\/blog\/wp-json\/wp\/v2\/posts"}],"about":[{"href":"https:\/\/www.rayuelainfancia.com\/blog\/wp-json\/wp\/v2\/types\/post"}],"author":[{"embeddable":true,"href":"https:\/\/www.rayuelainfancia.com\/blog\/wp-json\/wp\/v2\/users\/3"}],"replies":[{"embeddable":true,"href":"https:\/\/www.rayuelainfancia.com\/blog\/wp-json\/wp\/v2\/comments?post=580"}],"version-history":[{"count":1,"href":"https:\/\/www.rayuelainfancia.com\/blog\/wp-json\/wp\/v2\/posts\/580\/revisions"}],"predecessor-version":[{"id":1329,"href":"https:\/\/www.rayuelainfancia.com\/blog\/wp-json\/wp\/v2\/posts\/580\/revisions\/1329"}],"wp:featuredmedia":[{"embeddable":true,"href":"https:\/\/www.rayuelainfancia.com\/blog\/wp-json\/wp\/v2\/media\/976"}],"wp:attachment":[{"href":"https:\/\/www.rayuelainfancia.com\/blog\/wp-json\/wp\/v2\/media?parent=580"}],"wp:term":[{"taxonomy":"category","embeddable":true,"href":"https:\/\/www.rayuelainfancia.com\/blog\/wp-json\/wp\/v2\/categories?post=580"},{"taxonomy":"post_tag","embeddable":true,"href":"https:\/\/www.rayuelainfancia.com\/blog\/wp-json\/wp\/v2\/tags?post=580"}],"curies":[{"name":"wp","href":"https:\/\/api.w.org\/{rel}","templated":true}]}}