 {"id":578,"date":"2015-05-27T10:43:49","date_gmt":"2015-05-27T08:43:49","guid":{"rendered":"http:\/\/rayuelainfancia.desarrollotrevenque.com\/blog\/musica-y-cuentos-medievales\/"},"modified":"2015-05-27T10:43:49","modified_gmt":"2015-05-27T08:43:49","slug":"musica-y-cuentos-medievales","status":"publish","type":"post","link":"https:\/\/www.rayuelainfancia.com\/blog\/musica-y-cuentos-medievales\/","title":{"rendered":"MUSICA Y CUENTOS MEDIEVALES"},"content":{"rendered":"<p><span style=\"font-size: 18pt;\" data-mce-mark=\"1\">S\u00c1BADO 30 DE MAYO A LAS 12:00 EN RAYUELA:&nbsp;<\/span><\/p>\n<p><span style=\"font-size: 18pt;\" data-mce-mark=\"1\">MUSICA Y CUENTOS MEDIEVALES<\/span><\/p>\n<p><img loading=\"lazy\" class=\" size-full wp-image-974\" src=\"http:\/\/rayuelainfancia.desarrollotrevenque.com\/blog\/wp-content\/uploads\/2015\/05\/concierto-medieval2.jpg\" width=\"630\" height=\"891\" alt=\"concierto-medieval2\" srcset=\"https:\/\/www.rayuelainfancia.com\/blog\/wp-content\/uploads\/2015\/05\/concierto-medieval2.jpg 630w, https:\/\/www.rayuelainfancia.com\/blog\/wp-content\/uploads\/2015\/05\/concierto-medieval2-212x300.jpg 212w\" sizes=\"(max-width: 630px) 100vw, 630px\" \/><\/p>\n<p>Emilio Villalba y Sara Marina, enamorados de la m\u00fasica antigua, de las viejas leyendas y cuentos, presentar\u00e1n en Rayuela su nuevo CD \u00abM\u00fasica Para Princesas, Dragones y Caballeros\u00bb, un concierto did\u00e1ctico para todas y todos lleno de m\u00fasica y cuentos medievales. Vendr\u00e1n acompa\u00f1ados con sus instrumentos: violas, laud, zanfona, arpa&#8230; y muchas sorpresas.<\/p>\n<p>\u00a1TE ESPERAMOS!<\/p>\n","protected":false},"excerpt":{"rendered":"<p>S\u00c1BADO 30 DE MAYO A LAS 12:00 EN RAYUELA:&nbsp; MUSICA Y CUENTOS MEDIEVALES Emilio Villalba y Sara Marina, enamorados de la m\u00fasica antigua, de las viejas leyendas y cuentos, presentar\u00e1n en Rayuela su nuevo CD \u00abM\u00fasica Para Princesas, Dragones y Caballeros\u00bb, un concierto did\u00e1ctico para todas y todos lleno de m\u00fasica y cuentos medievales. Vendr\u00e1n [&hellip;]<\/p>\n","protected":false},"author":3,"featured_media":974,"comment_status":"open","ping_status":"open","sticky":false,"template":"","format":"standard","meta":[],"categories":[18],"tags":[],"yoast_head":"<!-- This site is optimized with the Yoast SEO plugin v18.5.1 - https:\/\/yoast.com\/wordpress\/plugins\/seo\/ -->\n<title>MUSICA Y CUENTOS MEDIEVALES &#8902; Blog de Rayuelainfancia<\/title>\n<meta name=\"robots\" content=\"index, follow, max-snippet:-1, max-image-preview:large, max-video-preview:-1\" \/>\n<link rel=\"canonical\" href=\"https:\/\/www.rayuelainfancia.com\/blog\/musica-y-cuentos-medievales\/\" \/>\n<meta property=\"og:locale\" content=\"es_ES\" \/>\n<meta property=\"og:type\" content=\"article\" \/>\n<meta property=\"og:title\" content=\"MUSICA Y CUENTOS MEDIEVALES &#8902; Blog de Rayuelainfancia\" \/>\n<meta property=\"og:description\" content=\"S\u00c1BADO 30 DE MAYO A LAS 12:00 EN RAYUELA:&nbsp; MUSICA Y CUENTOS MEDIEVALES Emilio Villalba y Sara Marina, enamorados de la m\u00fasica antigua, de las viejas leyendas y cuentos, presentar\u00e1n en Rayuela su nuevo CD \u00abM\u00fasica Para Princesas, Dragones y Caballeros\u00bb, un concierto did\u00e1ctico para todas y todos lleno de m\u00fasica y cuentos medievales. Vendr\u00e1n [&hellip;]\" \/>\n<meta property=\"og:url\" content=\"https:\/\/www.rayuelainfancia.com\/blog\/musica-y-cuentos-medievales\/\" \/>\n<meta property=\"og:site_name\" content=\"Blog de Rayuelainfancia\" \/>\n<meta property=\"article:publisher\" content=\"https:\/\/www.facebook.com\/pages\/Librer\u00eda-Rayuela\/251861686361\" \/>\n<meta property=\"article:published_time\" content=\"2015-05-27T08:43:49+00:00\" \/>\n<meta property=\"og:image\" content=\"https:\/\/www.rayuelainfancia.com\/blog\/wp-content\/uploads\/2015\/05\/concierto-medieval2.jpg\" \/>\n\t<meta property=\"og:image:width\" content=\"630\" \/>\n\t<meta property=\"og:image:height\" content=\"891\" \/>\n\t<meta property=\"og:image:type\" content=\"image\/jpeg\" \/>\n<meta name=\"twitter:card\" content=\"summary\" \/>\n<meta name=\"twitter:creator\" content=\"@Rayuelainfancia\" \/>\n<meta name=\"twitter:site\" content=\"@Rayuelainfancia\" \/>\n<meta name=\"twitter:label1\" content=\"Written by\" \/>\n\t<meta name=\"twitter:data1\" content=\"Miguel Escalera Nieto\" \/>\n<script type=\"application\/ld+json\" class=\"yoast-schema-graph\">{\"@context\":\"https:\/\/schema.org\",\"@graph\":[{\"@type\":\"Organization\",\"@id\":\"https:\/\/www.rayuelainfancia.com\/blog\/#organization\",\"name\":\"Rayuelainfancia\",\"url\":\"https:\/\/www.rayuelainfancia.com\/blog\/\",\"sameAs\":[\"https:\/\/www.facebook.com\/pages\/Librer\u00eda-Rayuela\/251861686361\",\"https:\/\/www.youtube.com\/channel\/UCddVaoDjpTp-DexyEVoyazQ\",\"https:\/\/twitter.com\/Rayuelainfancia\"],\"logo\":{\"@type\":\"ImageObject\",\"@id\":\"https:\/\/www.rayuelainfancia.com\/blog\/#logo\",\"inLanguage\":\"es\",\"url\":\"https:\/\/www.rayuelainfancia.com\/blog\/wp-content\/uploads\/2018\/06\/logo-rayuelainfancia-color-corporativo.png\",\"contentUrl\":\"https:\/\/www.rayuelainfancia.com\/blog\/wp-content\/uploads\/2018\/06\/logo-rayuelainfancia-color-corporativo.png\",\"width\":1200,\"height\":680,\"caption\":\"Rayuelainfancia\"},\"image\":{\"@id\":\"https:\/\/www.rayuelainfancia.com\/blog\/#logo\"}},{\"@type\":\"WebSite\",\"@id\":\"https:\/\/www.rayuelainfancia.com\/blog\/#website\",\"url\":\"https:\/\/www.rayuelainfancia.com\/blog\/\",\"name\":\"Blog de Rayuelainfancia\",\"description\":\"Libros infantiles y juegos educaticos respestuosos con la infancia\",\"publisher\":{\"@id\":\"https:\/\/www.rayuelainfancia.com\/blog\/#organization\"},\"potentialAction\":[{\"@type\":\"SearchAction\",\"target\":{\"@type\":\"EntryPoint\",\"urlTemplate\":\"https:\/\/www.rayuelainfancia.com\/blog\/?s={search_term_string}\"},\"query-input\":\"required name=search_term_string\"}],\"inLanguage\":\"es\"},{\"@type\":\"ImageObject\",\"@id\":\"https:\/\/www.rayuelainfancia.com\/blog\/musica-y-cuentos-medievales\/#primaryimage\",\"inLanguage\":\"es\",\"url\":\"https:\/\/www.rayuelainfancia.com\/blog\/wp-content\/uploads\/2015\/05\/concierto-medieval2.jpg\",\"contentUrl\":\"https:\/\/www.rayuelainfancia.com\/blog\/wp-content\/uploads\/2015\/05\/concierto-medieval2.jpg\",\"width\":630,\"height\":891,\"caption\":\"concierto-medieval2\"},{\"@type\":\"WebPage\",\"@id\":\"https:\/\/www.rayuelainfancia.com\/blog\/musica-y-cuentos-medievales\/#webpage\",\"url\":\"https:\/\/www.rayuelainfancia.com\/blog\/musica-y-cuentos-medievales\/\",\"name\":\"MUSICA Y CUENTOS MEDIEVALES &#8902; Blog de Rayuelainfancia\",\"isPartOf\":{\"@id\":\"https:\/\/www.rayuelainfancia.com\/blog\/#website\"},\"primaryImageOfPage\":{\"@id\":\"https:\/\/www.rayuelainfancia.com\/blog\/musica-y-cuentos-medievales\/#primaryimage\"},\"datePublished\":\"2015-05-27T08:43:49+00:00\",\"dateModified\":\"2015-05-27T08:43:49+00:00\",\"breadcrumb\":{\"@id\":\"https:\/\/www.rayuelainfancia.com\/blog\/musica-y-cuentos-medievales\/#breadcrumb\"},\"inLanguage\":\"es\",\"potentialAction\":[{\"@type\":\"ReadAction\",\"target\":[\"https:\/\/www.rayuelainfancia.com\/blog\/musica-y-cuentos-medievales\/\"]}]},{\"@type\":\"BreadcrumbList\",\"@id\":\"https:\/\/www.rayuelainfancia.com\/blog\/musica-y-cuentos-medievales\/#breadcrumb\",\"itemListElement\":[{\"@type\":\"ListItem\",\"position\":1,\"name\":\"Portada\",\"item\":\"https:\/\/www.rayuelainfancia.com\/blog\/\"},{\"@type\":\"ListItem\",\"position\":2,\"name\":\"MUSICA Y CUENTOS MEDIEVALES\"}]},{\"@type\":\"Article\",\"@id\":\"https:\/\/www.rayuelainfancia.com\/blog\/musica-y-cuentos-medievales\/#article\",\"isPartOf\":{\"@id\":\"https:\/\/www.rayuelainfancia.com\/blog\/musica-y-cuentos-medievales\/#webpage\"},\"author\":{\"@id\":\"https:\/\/www.rayuelainfancia.com\/blog\/#\/schema\/person\/41147ec5e3c2cc1be6e2c4520a099ebb\"},\"headline\":\"MUSICA Y CUENTOS MEDIEVALES\",\"datePublished\":\"2015-05-27T08:43:49+00:00\",\"dateModified\":\"2015-05-27T08:43:49+00:00\",\"mainEntityOfPage\":{\"@id\":\"https:\/\/www.rayuelainfancia.com\/blog\/musica-y-cuentos-medievales\/#webpage\"},\"wordCount\":79,\"commentCount\":0,\"publisher\":{\"@id\":\"https:\/\/www.rayuelainfancia.com\/blog\/#organization\"},\"image\":{\"@id\":\"https:\/\/www.rayuelainfancia.com\/blog\/musica-y-cuentos-medievales\/#primaryimage\"},\"thumbnailUrl\":\"https:\/\/www.rayuelainfancia.com\/blog\/wp-content\/uploads\/2015\/05\/concierto-medieval2.jpg\",\"articleSection\":[\"Actividades Cuentacuentos\"],\"inLanguage\":\"es\",\"potentialAction\":[{\"@type\":\"CommentAction\",\"name\":\"Comment\",\"target\":[\"https:\/\/www.rayuelainfancia.com\/blog\/musica-y-cuentos-medievales\/#respond\"]}]},{\"@type\":\"Person\",\"@id\":\"https:\/\/www.rayuelainfancia.com\/blog\/#\/schema\/person\/41147ec5e3c2cc1be6e2c4520a099ebb\",\"name\":\"Miguel Escalera Nieto\",\"image\":{\"@type\":\"ImageObject\",\"@id\":\"https:\/\/www.rayuelainfancia.com\/blog\/#personlogo\",\"inLanguage\":\"es\",\"url\":\"https:\/\/secure.gravatar.com\/avatar\/73bd613c804680e46df318e272f0e837?s=96&d=mm&r=g\",\"contentUrl\":\"https:\/\/secure.gravatar.com\/avatar\/73bd613c804680e46df318e272f0e837?s=96&d=mm&r=g\",\"caption\":\"Miguel Escalera Nieto\"}}]}<\/script>\n<!-- \/ Yoast SEO plugin. -->","yoast_head_json":{"title":"MUSICA Y CUENTOS MEDIEVALES &#8902; Blog de Rayuelainfancia","robots":{"index":"index","follow":"follow","max-snippet":"max-snippet:-1","max-image-preview":"max-image-preview:large","max-video-preview":"max-video-preview:-1"},"canonical":"https:\/\/www.rayuelainfancia.com\/blog\/musica-y-cuentos-medievales\/","og_locale":"es_ES","og_type":"article","og_title":"MUSICA Y CUENTOS MEDIEVALES &#8902; Blog de Rayuelainfancia","og_description":"S\u00c1BADO 30 DE MAYO A LAS 12:00 EN RAYUELA:&nbsp; MUSICA Y CUENTOS MEDIEVALES Emilio Villalba y Sara Marina, enamorados de la m\u00fasica antigua, de las viejas leyendas y cuentos, presentar\u00e1n en Rayuela su nuevo CD \u00abM\u00fasica Para Princesas, Dragones y Caballeros\u00bb, un concierto did\u00e1ctico para todas y todos lleno de m\u00fasica y cuentos medievales. Vendr\u00e1n [&hellip;]","og_url":"https:\/\/www.rayuelainfancia.com\/blog\/musica-y-cuentos-medievales\/","og_site_name":"Blog de Rayuelainfancia","article_publisher":"https:\/\/www.facebook.com\/pages\/Librer\u00eda-Rayuela\/251861686361","article_published_time":"2015-05-27T08:43:49+00:00","og_image":[{"width":630,"height":891,"url":"https:\/\/www.rayuelainfancia.com\/blog\/wp-content\/uploads\/2015\/05\/concierto-medieval2.jpg","type":"image\/jpeg"}],"twitter_card":"summary","twitter_creator":"@Rayuelainfancia","twitter_site":"@Rayuelainfancia","twitter_misc":{"Written by":"Miguel Escalera Nieto"},"schema":{"@context":"https:\/\/schema.org","@graph":[{"@type":"Organization","@id":"https:\/\/www.rayuelainfancia.com\/blog\/#organization","name":"Rayuelainfancia","url":"https:\/\/www.rayuelainfancia.com\/blog\/","sameAs":["https:\/\/www.facebook.com\/pages\/Librer\u00eda-Rayuela\/251861686361","https:\/\/www.youtube.com\/channel\/UCddVaoDjpTp-DexyEVoyazQ","https:\/\/twitter.com\/Rayuelainfancia"],"logo":{"@type":"ImageObject","@id":"https:\/\/www.rayuelainfancia.com\/blog\/#logo","inLanguage":"es","url":"https:\/\/www.rayuelainfancia.com\/blog\/wp-content\/uploads\/2018\/06\/logo-rayuelainfancia-color-corporativo.png","contentUrl":"https:\/\/www.rayuelainfancia.com\/blog\/wp-content\/uploads\/2018\/06\/logo-rayuelainfancia-color-corporativo.png","width":1200,"height":680,"caption":"Rayuelainfancia"},"image":{"@id":"https:\/\/www.rayuelainfancia.com\/blog\/#logo"}},{"@type":"WebSite","@id":"https:\/\/www.rayuelainfancia.com\/blog\/#website","url":"https:\/\/www.rayuelainfancia.com\/blog\/","name":"Blog de Rayuelainfancia","description":"Libros infantiles y juegos educaticos respestuosos con la infancia","publisher":{"@id":"https:\/\/www.rayuelainfancia.com\/blog\/#organization"},"potentialAction":[{"@type":"SearchAction","target":{"@type":"EntryPoint","urlTemplate":"https:\/\/www.rayuelainfancia.com\/blog\/?s={search_term_string}"},"query-input":"required name=search_term_string"}],"inLanguage":"es"},{"@type":"ImageObject","@id":"https:\/\/www.rayuelainfancia.com\/blog\/musica-y-cuentos-medievales\/#primaryimage","inLanguage":"es","url":"https:\/\/www.rayuelainfancia.com\/blog\/wp-content\/uploads\/2015\/05\/concierto-medieval2.jpg","contentUrl":"https:\/\/www.rayuelainfancia.com\/blog\/wp-content\/uploads\/2015\/05\/concierto-medieval2.jpg","width":630,"height":891,"caption":"concierto-medieval2"},{"@type":"WebPage","@id":"https:\/\/www.rayuelainfancia.com\/blog\/musica-y-cuentos-medievales\/#webpage","url":"https:\/\/www.rayuelainfancia.com\/blog\/musica-y-cuentos-medievales\/","name":"MUSICA Y CUENTOS MEDIEVALES &#8902; Blog de Rayuelainfancia","isPartOf":{"@id":"https:\/\/www.rayuelainfancia.com\/blog\/#website"},"primaryImageOfPage":{"@id":"https:\/\/www.rayuelainfancia.com\/blog\/musica-y-cuentos-medievales\/#primaryimage"},"datePublished":"2015-05-27T08:43:49+00:00","dateModified":"2015-05-27T08:43:49+00:00","breadcrumb":{"@id":"https:\/\/www.rayuelainfancia.com\/blog\/musica-y-cuentos-medievales\/#breadcrumb"},"inLanguage":"es","potentialAction":[{"@type":"ReadAction","target":["https:\/\/www.rayuelainfancia.com\/blog\/musica-y-cuentos-medievales\/"]}]},{"@type":"BreadcrumbList","@id":"https:\/\/www.rayuelainfancia.com\/blog\/musica-y-cuentos-medievales\/#breadcrumb","itemListElement":[{"@type":"ListItem","position":1,"name":"Portada","item":"https:\/\/www.rayuelainfancia.com\/blog\/"},{"@type":"ListItem","position":2,"name":"MUSICA Y CUENTOS MEDIEVALES"}]},{"@type":"Article","@id":"https:\/\/www.rayuelainfancia.com\/blog\/musica-y-cuentos-medievales\/#article","isPartOf":{"@id":"https:\/\/www.rayuelainfancia.com\/blog\/musica-y-cuentos-medievales\/#webpage"},"author":{"@id":"https:\/\/www.rayuelainfancia.com\/blog\/#\/schema\/person\/41147ec5e3c2cc1be6e2c4520a099ebb"},"headline":"MUSICA Y CUENTOS MEDIEVALES","datePublished":"2015-05-27T08:43:49+00:00","dateModified":"2015-05-27T08:43:49+00:00","mainEntityOfPage":{"@id":"https:\/\/www.rayuelainfancia.com\/blog\/musica-y-cuentos-medievales\/#webpage"},"wordCount":79,"commentCount":0,"publisher":{"@id":"https:\/\/www.rayuelainfancia.com\/blog\/#organization"},"image":{"@id":"https:\/\/www.rayuelainfancia.com\/blog\/musica-y-cuentos-medievales\/#primaryimage"},"thumbnailUrl":"https:\/\/www.rayuelainfancia.com\/blog\/wp-content\/uploads\/2015\/05\/concierto-medieval2.jpg","articleSection":["Actividades Cuentacuentos"],"inLanguage":"es","potentialAction":[{"@type":"CommentAction","name":"Comment","target":["https:\/\/www.rayuelainfancia.com\/blog\/musica-y-cuentos-medievales\/#respond"]}]},{"@type":"Person","@id":"https:\/\/www.rayuelainfancia.com\/blog\/#\/schema\/person\/41147ec5e3c2cc1be6e2c4520a099ebb","name":"Miguel Escalera Nieto","image":{"@type":"ImageObject","@id":"https:\/\/www.rayuelainfancia.com\/blog\/#personlogo","inLanguage":"es","url":"https:\/\/secure.gravatar.com\/avatar\/73bd613c804680e46df318e272f0e837?s=96&d=mm&r=g","contentUrl":"https:\/\/secure.gravatar.com\/avatar\/73bd613c804680e46df318e272f0e837?s=96&d=mm&r=g","caption":"Miguel Escalera Nieto"}}]}},"_links":{"self":[{"href":"https:\/\/www.rayuelainfancia.com\/blog\/wp-json\/wp\/v2\/posts\/578"}],"collection":[{"href":"https:\/\/www.rayuelainfancia.com\/blog\/wp-json\/wp\/v2\/posts"}],"about":[{"href":"https:\/\/www.rayuelainfancia.com\/blog\/wp-json\/wp\/v2\/types\/post"}],"author":[{"embeddable":true,"href":"https:\/\/www.rayuelainfancia.com\/blog\/wp-json\/wp\/v2\/users\/3"}],"replies":[{"embeddable":true,"href":"https:\/\/www.rayuelainfancia.com\/blog\/wp-json\/wp\/v2\/comments?post=578"}],"version-history":[{"count":0,"href":"https:\/\/www.rayuelainfancia.com\/blog\/wp-json\/wp\/v2\/posts\/578\/revisions"}],"wp:featuredmedia":[{"embeddable":true,"href":"https:\/\/www.rayuelainfancia.com\/blog\/wp-json\/wp\/v2\/media\/974"}],"wp:attachment":[{"href":"https:\/\/www.rayuelainfancia.com\/blog\/wp-json\/wp\/v2\/media?parent=578"}],"wp:term":[{"taxonomy":"category","embeddable":true,"href":"https:\/\/www.rayuelainfancia.com\/blog\/wp-json\/wp\/v2\/categories?post=578"},{"taxonomy":"post_tag","embeddable":true,"href":"https:\/\/www.rayuelainfancia.com\/blog\/wp-json\/wp\/v2\/tags?post=578"}],"curies":[{"name":"wp","href":"https:\/\/api.w.org\/{rel}","templated":true}]}}