 {"id":567,"date":"2015-05-06T16:53:36","date_gmt":"2015-05-06T14:53:36","guid":{"rendered":"http:\/\/rayuelainfancia.desarrollotrevenque.com\/blog\/encuentro-con-eliacer-cansino-2\/"},"modified":"2016-11-19T14:27:46","modified_gmt":"2016-11-19T13:27:46","slug":"encuentro-con-eliacer-cansino-2","status":"publish","type":"post","link":"https:\/\/www.rayuelainfancia.com\/blog\/encuentro-con-eliacer-cansino-2\/","title":{"rendered":"ENCUENTRO CON ELIACER CANSINO"},"content":{"rendered":"<p><img loading=\"lazy\" class=\" size-full wp-image-965\" alt=\"eliacer-cansino\" src=\"http:\/\/rayuelainfancia.desarrollotrevenque.com\/blog\/wp-content\/uploads\/2015\/05\/eliacer-cansino.jpg\" height=\"167\" width=\"249\" srcset=\"https:\/\/www.rayuelainfancia.com\/blog\/wp-content\/uploads\/2015\/05\/eliacer-cansino.jpg 345w, https:\/\/www.rayuelainfancia.com\/blog\/wp-content\/uploads\/2015\/05\/eliacer-cansino-300x202.jpg 300w\" sizes=\"(max-width: 249px) 100vw, 249px\" \/>&nbsp;&nbsp;&nbsp;&nbsp;&nbsp;&nbsp; <img loading=\"lazy\" class=\" size-full wp-image-966\" alt=\"libros-eliacer\" src=\"http:\/\/rayuelainfancia.desarrollotrevenque.com\/blog\/wp-content\/uploads\/2015\/05\/libros-eliacer.jpg\" height=\"168\" width=\"300\" \/><\/p>\n<p style=\"text-align: justify;\">\u00a1VEN A RAYUELA FERIA DEL LIBRO! Y ll\u00e9vate un libro firmado por Eliacer.<\/p>\n<p style=\"text-align: justify;\">Domingo 10 de Mayo a las 12 horas, ELIACER CANSINO firmar\u00e1 en la caseta de Rayuela (n\u00famero 34) ejemplares de sus novelas juveniles.&nbsp;En 1992 obtuvo Premio Internacional Infanta Elena por \u00abYo, Robins\u00f3n S\u00e1nchez, habiendo naufragado\u00bb.&nbsp;En 1997 recibe el Premio Lazarillo por <a href=\"http:\/\/www.rayuelatiendaonline.com\/libro\/el-misterio-velazquez_56268\" target=\"_blank\">\u00abEl misterio Vel\u00e1zquez\u00bb<\/a>.&nbsp;En el 2009, Anaya le concede el Premio de Literatura Infantil y Juvenil por <a href=\"http:\/\/www.rayuelatiendaonline.com\/libro\/una-habitacion-en-babel_67080\" target=\"_blank\">\u00abUna habitaci\u00f3n en Babel\u00bb<\/a>, por la que tambi\u00e9n recibi\u00f3 en 2010 el Premio Nacional de Literatura Infantil y Juvenil.&nbsp;Ahora tenemos su \u00faltima novela <a href=\"http:\/\/www.rayuelatiendaonline.com\/libro\/el-chico-de-las-manos-azules_69105\" target=\"_blank\">\u00abEl chico de las manos azules\u00bb<\/a>, una historia sobre la adolescencia, las guerras y la emigraci\u00f3n. Una novela comprometida y actual, una imprescindible lectura para nuestras y nuestros j\u00f3venes.<\/p>\n","protected":false},"excerpt":{"rendered":"<p>&nbsp;&nbsp;&nbsp;&nbsp;&nbsp;&nbsp; \u00a1VEN A RAYUELA FERIA DEL LIBRO! Y ll\u00e9vate un libro firmado por Eliacer. Domingo 10 de Mayo a las 12 horas, ELIACER CANSINO firmar\u00e1 en la caseta de Rayuela (n\u00famero 34) ejemplares de sus novelas juveniles.&nbsp;En 1992 obtuvo Premio Internacional Infanta Elena por \u00abYo, Robins\u00f3n S\u00e1nchez, habiendo naufragado\u00bb.&nbsp;En 1997 recibe el Premio Lazarillo por [&hellip;]<\/p>\n","protected":false},"author":3,"featured_media":965,"comment_status":"open","ping_status":"open","sticky":false,"template":"","format":"standard","meta":[],"categories":[18],"tags":[],"yoast_head":"<!-- This site is optimized with the Yoast SEO plugin v18.5.1 - https:\/\/yoast.com\/wordpress\/plugins\/seo\/ -->\n<title>ENCUENTRO CON ELIACER CANSINO &#8902; Blog de Rayuelainfancia<\/title>\n<meta name=\"robots\" content=\"index, follow, max-snippet:-1, max-image-preview:large, max-video-preview:-1\" \/>\n<link rel=\"canonical\" href=\"https:\/\/www.rayuelainfancia.com\/blog\/encuentro-con-eliacer-cansino-2\/\" \/>\n<meta property=\"og:locale\" content=\"es_ES\" \/>\n<meta property=\"og:type\" content=\"article\" \/>\n<meta property=\"og:title\" content=\"ENCUENTRO CON ELIACER CANSINO &#8902; Blog de Rayuelainfancia\" \/>\n<meta property=\"og:description\" content=\"&nbsp;&nbsp;&nbsp;&nbsp;&nbsp;&nbsp; \u00a1VEN A RAYUELA FERIA DEL LIBRO! Y ll\u00e9vate un libro firmado por Eliacer. Domingo 10 de Mayo a las 12 horas, ELIACER CANSINO firmar\u00e1 en la caseta de Rayuela (n\u00famero 34) ejemplares de sus novelas juveniles.&nbsp;En 1992 obtuvo Premio Internacional Infanta Elena por \u00abYo, Robins\u00f3n S\u00e1nchez, habiendo naufragado\u00bb.&nbsp;En 1997 recibe el Premio Lazarillo por [&hellip;]\" \/>\n<meta property=\"og:url\" content=\"https:\/\/www.rayuelainfancia.com\/blog\/encuentro-con-eliacer-cansino-2\/\" \/>\n<meta property=\"og:site_name\" content=\"Blog de Rayuelainfancia\" \/>\n<meta property=\"article:publisher\" content=\"https:\/\/www.facebook.com\/pages\/Librer\u00eda-Rayuela\/251861686361\" \/>\n<meta property=\"article:published_time\" content=\"2015-05-06T14:53:36+00:00\" \/>\n<meta property=\"article:modified_time\" content=\"2016-11-19T13:27:46+00:00\" \/>\n<meta property=\"og:image\" content=\"https:\/\/www.rayuelainfancia.com\/blog\/wp-content\/uploads\/2015\/05\/eliacer-cansino.jpg\" \/>\n\t<meta property=\"og:image:width\" content=\"345\" \/>\n\t<meta property=\"og:image:height\" content=\"232\" \/>\n\t<meta property=\"og:image:type\" content=\"image\/jpeg\" \/>\n<meta name=\"twitter:card\" content=\"summary\" \/>\n<meta name=\"twitter:creator\" content=\"@Rayuelainfancia\" \/>\n<meta name=\"twitter:site\" content=\"@Rayuelainfancia\" \/>\n<meta name=\"twitter:label1\" content=\"Written by\" \/>\n\t<meta name=\"twitter:data1\" content=\"Miguel Escalera Nieto\" \/>\n\t<meta name=\"twitter:label2\" content=\"Est. reading time\" \/>\n\t<meta name=\"twitter:data2\" content=\"1 minuto\" \/>\n<script type=\"application\/ld+json\" class=\"yoast-schema-graph\">{\"@context\":\"https:\/\/schema.org\",\"@graph\":[{\"@type\":\"Organization\",\"@id\":\"https:\/\/www.rayuelainfancia.com\/blog\/#organization\",\"name\":\"Rayuelainfancia\",\"url\":\"https:\/\/www.rayuelainfancia.com\/blog\/\",\"sameAs\":[\"https:\/\/www.facebook.com\/pages\/Librer\u00eda-Rayuela\/251861686361\",\"https:\/\/www.youtube.com\/channel\/UCddVaoDjpTp-DexyEVoyazQ\",\"https:\/\/twitter.com\/Rayuelainfancia\"],\"logo\":{\"@type\":\"ImageObject\",\"@id\":\"https:\/\/www.rayuelainfancia.com\/blog\/#logo\",\"inLanguage\":\"es\",\"url\":\"https:\/\/www.rayuelainfancia.com\/blog\/wp-content\/uploads\/2018\/06\/logo-rayuelainfancia-color-corporativo.png\",\"contentUrl\":\"https:\/\/www.rayuelainfancia.com\/blog\/wp-content\/uploads\/2018\/06\/logo-rayuelainfancia-color-corporativo.png\",\"width\":1200,\"height\":680,\"caption\":\"Rayuelainfancia\"},\"image\":{\"@id\":\"https:\/\/www.rayuelainfancia.com\/blog\/#logo\"}},{\"@type\":\"WebSite\",\"@id\":\"https:\/\/www.rayuelainfancia.com\/blog\/#website\",\"url\":\"https:\/\/www.rayuelainfancia.com\/blog\/\",\"name\":\"Blog de Rayuelainfancia\",\"description\":\"Libros infantiles y juegos educaticos respestuosos con la infancia\",\"publisher\":{\"@id\":\"https:\/\/www.rayuelainfancia.com\/blog\/#organization\"},\"potentialAction\":[{\"@type\":\"SearchAction\",\"target\":{\"@type\":\"EntryPoint\",\"urlTemplate\":\"https:\/\/www.rayuelainfancia.com\/blog\/?s={search_term_string}\"},\"query-input\":\"required name=search_term_string\"}],\"inLanguage\":\"es\"},{\"@type\":\"ImageObject\",\"@id\":\"https:\/\/www.rayuelainfancia.com\/blog\/encuentro-con-eliacer-cansino-2\/#primaryimage\",\"inLanguage\":\"es\",\"url\":\"https:\/\/www.rayuelainfancia.com\/blog\/wp-content\/uploads\/2015\/05\/eliacer-cansino.jpg\",\"contentUrl\":\"https:\/\/www.rayuelainfancia.com\/blog\/wp-content\/uploads\/2015\/05\/eliacer-cansino.jpg\",\"width\":345,\"height\":232,\"caption\":\"eliacer-cansino\"},{\"@type\":\"WebPage\",\"@id\":\"https:\/\/www.rayuelainfancia.com\/blog\/encuentro-con-eliacer-cansino-2\/#webpage\",\"url\":\"https:\/\/www.rayuelainfancia.com\/blog\/encuentro-con-eliacer-cansino-2\/\",\"name\":\"ENCUENTRO CON ELIACER CANSINO &#8902; Blog de Rayuelainfancia\",\"isPartOf\":{\"@id\":\"https:\/\/www.rayuelainfancia.com\/blog\/#website\"},\"primaryImageOfPage\":{\"@id\":\"https:\/\/www.rayuelainfancia.com\/blog\/encuentro-con-eliacer-cansino-2\/#primaryimage\"},\"datePublished\":\"2015-05-06T14:53:36+00:00\",\"dateModified\":\"2016-11-19T13:27:46+00:00\",\"breadcrumb\":{\"@id\":\"https:\/\/www.rayuelainfancia.com\/blog\/encuentro-con-eliacer-cansino-2\/#breadcrumb\"},\"inLanguage\":\"es\",\"potentialAction\":[{\"@type\":\"ReadAction\",\"target\":[\"https:\/\/www.rayuelainfancia.com\/blog\/encuentro-con-eliacer-cansino-2\/\"]}]},{\"@type\":\"BreadcrumbList\",\"@id\":\"https:\/\/www.rayuelainfancia.com\/blog\/encuentro-con-eliacer-cansino-2\/#breadcrumb\",\"itemListElement\":[{\"@type\":\"ListItem\",\"position\":1,\"name\":\"Portada\",\"item\":\"https:\/\/www.rayuelainfancia.com\/blog\/\"},{\"@type\":\"ListItem\",\"position\":2,\"name\":\"ENCUENTRO CON ELIACER CANSINO\"}]},{\"@type\":\"Article\",\"@id\":\"https:\/\/www.rayuelainfancia.com\/blog\/encuentro-con-eliacer-cansino-2\/#article\",\"isPartOf\":{\"@id\":\"https:\/\/www.rayuelainfancia.com\/blog\/encuentro-con-eliacer-cansino-2\/#webpage\"},\"author\":{\"@id\":\"https:\/\/www.rayuelainfancia.com\/blog\/#\/schema\/person\/41147ec5e3c2cc1be6e2c4520a099ebb\"},\"headline\":\"ENCUENTRO CON ELIACER CANSINO\",\"datePublished\":\"2015-05-06T14:53:36+00:00\",\"dateModified\":\"2016-11-19T13:27:46+00:00\",\"mainEntityOfPage\":{\"@id\":\"https:\/\/www.rayuelainfancia.com\/blog\/encuentro-con-eliacer-cansino-2\/#webpage\"},\"wordCount\":142,\"commentCount\":0,\"publisher\":{\"@id\":\"https:\/\/www.rayuelainfancia.com\/blog\/#organization\"},\"image\":{\"@id\":\"https:\/\/www.rayuelainfancia.com\/blog\/encuentro-con-eliacer-cansino-2\/#primaryimage\"},\"thumbnailUrl\":\"https:\/\/www.rayuelainfancia.com\/blog\/wp-content\/uploads\/2015\/05\/eliacer-cansino.jpg\",\"articleSection\":[\"Actividades Cuentacuentos\"],\"inLanguage\":\"es\",\"potentialAction\":[{\"@type\":\"CommentAction\",\"name\":\"Comment\",\"target\":[\"https:\/\/www.rayuelainfancia.com\/blog\/encuentro-con-eliacer-cansino-2\/#respond\"]}]},{\"@type\":\"Person\",\"@id\":\"https:\/\/www.rayuelainfancia.com\/blog\/#\/schema\/person\/41147ec5e3c2cc1be6e2c4520a099ebb\",\"name\":\"Miguel Escalera Nieto\",\"image\":{\"@type\":\"ImageObject\",\"@id\":\"https:\/\/www.rayuelainfancia.com\/blog\/#personlogo\",\"inLanguage\":\"es\",\"url\":\"https:\/\/secure.gravatar.com\/avatar\/73bd613c804680e46df318e272f0e837?s=96&d=mm&r=g\",\"contentUrl\":\"https:\/\/secure.gravatar.com\/avatar\/73bd613c804680e46df318e272f0e837?s=96&d=mm&r=g\",\"caption\":\"Miguel Escalera Nieto\"}}]}<\/script>\n<!-- \/ Yoast SEO plugin. -->","yoast_head_json":{"title":"ENCUENTRO CON ELIACER CANSINO &#8902; Blog de Rayuelainfancia","robots":{"index":"index","follow":"follow","max-snippet":"max-snippet:-1","max-image-preview":"max-image-preview:large","max-video-preview":"max-video-preview:-1"},"canonical":"https:\/\/www.rayuelainfancia.com\/blog\/encuentro-con-eliacer-cansino-2\/","og_locale":"es_ES","og_type":"article","og_title":"ENCUENTRO CON ELIACER CANSINO &#8902; Blog de Rayuelainfancia","og_description":"&nbsp;&nbsp;&nbsp;&nbsp;&nbsp;&nbsp; \u00a1VEN A RAYUELA FERIA DEL LIBRO! Y ll\u00e9vate un libro firmado por Eliacer. Domingo 10 de Mayo a las 12 horas, ELIACER CANSINO firmar\u00e1 en la caseta de Rayuela (n\u00famero 34) ejemplares de sus novelas juveniles.&nbsp;En 1992 obtuvo Premio Internacional Infanta Elena por \u00abYo, Robins\u00f3n S\u00e1nchez, habiendo naufragado\u00bb.&nbsp;En 1997 recibe el Premio Lazarillo por [&hellip;]","og_url":"https:\/\/www.rayuelainfancia.com\/blog\/encuentro-con-eliacer-cansino-2\/","og_site_name":"Blog de Rayuelainfancia","article_publisher":"https:\/\/www.facebook.com\/pages\/Librer\u00eda-Rayuela\/251861686361","article_published_time":"2015-05-06T14:53:36+00:00","article_modified_time":"2016-11-19T13:27:46+00:00","og_image":[{"width":345,"height":232,"url":"https:\/\/www.rayuelainfancia.com\/blog\/wp-content\/uploads\/2015\/05\/eliacer-cansino.jpg","type":"image\/jpeg"}],"twitter_card":"summary","twitter_creator":"@Rayuelainfancia","twitter_site":"@Rayuelainfancia","twitter_misc":{"Written by":"Miguel Escalera Nieto","Est. reading time":"1 minuto"},"schema":{"@context":"https:\/\/schema.org","@graph":[{"@type":"Organization","@id":"https:\/\/www.rayuelainfancia.com\/blog\/#organization","name":"Rayuelainfancia","url":"https:\/\/www.rayuelainfancia.com\/blog\/","sameAs":["https:\/\/www.facebook.com\/pages\/Librer\u00eda-Rayuela\/251861686361","https:\/\/www.youtube.com\/channel\/UCddVaoDjpTp-DexyEVoyazQ","https:\/\/twitter.com\/Rayuelainfancia"],"logo":{"@type":"ImageObject","@id":"https:\/\/www.rayuelainfancia.com\/blog\/#logo","inLanguage":"es","url":"https:\/\/www.rayuelainfancia.com\/blog\/wp-content\/uploads\/2018\/06\/logo-rayuelainfancia-color-corporativo.png","contentUrl":"https:\/\/www.rayuelainfancia.com\/blog\/wp-content\/uploads\/2018\/06\/logo-rayuelainfancia-color-corporativo.png","width":1200,"height":680,"caption":"Rayuelainfancia"},"image":{"@id":"https:\/\/www.rayuelainfancia.com\/blog\/#logo"}},{"@type":"WebSite","@id":"https:\/\/www.rayuelainfancia.com\/blog\/#website","url":"https:\/\/www.rayuelainfancia.com\/blog\/","name":"Blog de Rayuelainfancia","description":"Libros infantiles y juegos educaticos respestuosos con la infancia","publisher":{"@id":"https:\/\/www.rayuelainfancia.com\/blog\/#organization"},"potentialAction":[{"@type":"SearchAction","target":{"@type":"EntryPoint","urlTemplate":"https:\/\/www.rayuelainfancia.com\/blog\/?s={search_term_string}"},"query-input":"required name=search_term_string"}],"inLanguage":"es"},{"@type":"ImageObject","@id":"https:\/\/www.rayuelainfancia.com\/blog\/encuentro-con-eliacer-cansino-2\/#primaryimage","inLanguage":"es","url":"https:\/\/www.rayuelainfancia.com\/blog\/wp-content\/uploads\/2015\/05\/eliacer-cansino.jpg","contentUrl":"https:\/\/www.rayuelainfancia.com\/blog\/wp-content\/uploads\/2015\/05\/eliacer-cansino.jpg","width":345,"height":232,"caption":"eliacer-cansino"},{"@type":"WebPage","@id":"https:\/\/www.rayuelainfancia.com\/blog\/encuentro-con-eliacer-cansino-2\/#webpage","url":"https:\/\/www.rayuelainfancia.com\/blog\/encuentro-con-eliacer-cansino-2\/","name":"ENCUENTRO CON ELIACER CANSINO &#8902; Blog de Rayuelainfancia","isPartOf":{"@id":"https:\/\/www.rayuelainfancia.com\/blog\/#website"},"primaryImageOfPage":{"@id":"https:\/\/www.rayuelainfancia.com\/blog\/encuentro-con-eliacer-cansino-2\/#primaryimage"},"datePublished":"2015-05-06T14:53:36+00:00","dateModified":"2016-11-19T13:27:46+00:00","breadcrumb":{"@id":"https:\/\/www.rayuelainfancia.com\/blog\/encuentro-con-eliacer-cansino-2\/#breadcrumb"},"inLanguage":"es","potentialAction":[{"@type":"ReadAction","target":["https:\/\/www.rayuelainfancia.com\/blog\/encuentro-con-eliacer-cansino-2\/"]}]},{"@type":"BreadcrumbList","@id":"https:\/\/www.rayuelainfancia.com\/blog\/encuentro-con-eliacer-cansino-2\/#breadcrumb","itemListElement":[{"@type":"ListItem","position":1,"name":"Portada","item":"https:\/\/www.rayuelainfancia.com\/blog\/"},{"@type":"ListItem","position":2,"name":"ENCUENTRO CON ELIACER CANSINO"}]},{"@type":"Article","@id":"https:\/\/www.rayuelainfancia.com\/blog\/encuentro-con-eliacer-cansino-2\/#article","isPartOf":{"@id":"https:\/\/www.rayuelainfancia.com\/blog\/encuentro-con-eliacer-cansino-2\/#webpage"},"author":{"@id":"https:\/\/www.rayuelainfancia.com\/blog\/#\/schema\/person\/41147ec5e3c2cc1be6e2c4520a099ebb"},"headline":"ENCUENTRO CON ELIACER CANSINO","datePublished":"2015-05-06T14:53:36+00:00","dateModified":"2016-11-19T13:27:46+00:00","mainEntityOfPage":{"@id":"https:\/\/www.rayuelainfancia.com\/blog\/encuentro-con-eliacer-cansino-2\/#webpage"},"wordCount":142,"commentCount":0,"publisher":{"@id":"https:\/\/www.rayuelainfancia.com\/blog\/#organization"},"image":{"@id":"https:\/\/www.rayuelainfancia.com\/blog\/encuentro-con-eliacer-cansino-2\/#primaryimage"},"thumbnailUrl":"https:\/\/www.rayuelainfancia.com\/blog\/wp-content\/uploads\/2015\/05\/eliacer-cansino.jpg","articleSection":["Actividades Cuentacuentos"],"inLanguage":"es","potentialAction":[{"@type":"CommentAction","name":"Comment","target":["https:\/\/www.rayuelainfancia.com\/blog\/encuentro-con-eliacer-cansino-2\/#respond"]}]},{"@type":"Person","@id":"https:\/\/www.rayuelainfancia.com\/blog\/#\/schema\/person\/41147ec5e3c2cc1be6e2c4520a099ebb","name":"Miguel Escalera Nieto","image":{"@type":"ImageObject","@id":"https:\/\/www.rayuelainfancia.com\/blog\/#personlogo","inLanguage":"es","url":"https:\/\/secure.gravatar.com\/avatar\/73bd613c804680e46df318e272f0e837?s=96&d=mm&r=g","contentUrl":"https:\/\/secure.gravatar.com\/avatar\/73bd613c804680e46df318e272f0e837?s=96&d=mm&r=g","caption":"Miguel Escalera Nieto"}}]}},"_links":{"self":[{"href":"https:\/\/www.rayuelainfancia.com\/blog\/wp-json\/wp\/v2\/posts\/567"}],"collection":[{"href":"https:\/\/www.rayuelainfancia.com\/blog\/wp-json\/wp\/v2\/posts"}],"about":[{"href":"https:\/\/www.rayuelainfancia.com\/blog\/wp-json\/wp\/v2\/types\/post"}],"author":[{"embeddable":true,"href":"https:\/\/www.rayuelainfancia.com\/blog\/wp-json\/wp\/v2\/users\/3"}],"replies":[{"embeddable":true,"href":"https:\/\/www.rayuelainfancia.com\/blog\/wp-json\/wp\/v2\/comments?post=567"}],"version-history":[{"count":1,"href":"https:\/\/www.rayuelainfancia.com\/blog\/wp-json\/wp\/v2\/posts\/567\/revisions"}],"predecessor-version":[{"id":1089,"href":"https:\/\/www.rayuelainfancia.com\/blog\/wp-json\/wp\/v2\/posts\/567\/revisions\/1089"}],"wp:featuredmedia":[{"embeddable":true,"href":"https:\/\/www.rayuelainfancia.com\/blog\/wp-json\/wp\/v2\/media\/965"}],"wp:attachment":[{"href":"https:\/\/www.rayuelainfancia.com\/blog\/wp-json\/wp\/v2\/media?parent=567"}],"wp:term":[{"taxonomy":"category","embeddable":true,"href":"https:\/\/www.rayuelainfancia.com\/blog\/wp-json\/wp\/v2\/categories?post=567"},{"taxonomy":"post_tag","embeddable":true,"href":"https:\/\/www.rayuelainfancia.com\/blog\/wp-json\/wp\/v2\/tags?post=567"}],"curies":[{"name":"wp","href":"https:\/\/api.w.org\/{rel}","templated":true}]}}