 {"id":561,"date":"2015-05-05T16:23:05","date_gmt":"2015-05-05T14:23:05","guid":{"rendered":"http:\/\/rayuelainfancia.desarrollotrevenque.com\/blog\/regalos-padres-papa-padre-libros-3\/"},"modified":"2016-12-14T10:26:44","modified_gmt":"2016-12-14T09:26:44","slug":"regalos-padres-papa-padre-libros-3","status":"publish","type":"post","link":"https:\/\/www.rayuelainfancia.com\/blog\/regalos-padres-papa-padre-libros-3\/","title":{"rendered":"SELECCION LIBROS ESPECIALES"},"content":{"rendered":"<p>&nbsp;<\/p>\n<p><span style=\"font-size: 14pt;\">Un pu\u00f1adito de libros hermosos, sugerentes, con ediciones cuidadas, irresistibles, de las que te entran ganas de regalar y regalarte.<\/span><\/p>\n<p><span style=\"font-size: 14pt;\">\u00a1A disfrutar!<\/span><\/p>\n<table  class=\" table table-hover\" style=\"border-color: #ebebeb; border-width: 0px; border-style: solid; width: 940px; height: 1045px;\" border=\"0\">\n<tbody>\n<tr>\n<td>\n<p style=\"text-align: justify;\"><a href=\"http:\/\/www.rayuelatiendaonline.com\/libro\/alicia-en-el-pais-de-las-maravillas_61420\"><img loading=\"lazy\" class=\" size-full wp-image-949\" style=\"border: 1px solid #000000;\" alt=\"alicia-pais-maravillas-edelvives\" src=\"http:\/\/rayuelainfancia.desarrollotrevenque.com\/blog\/wp-content\/uploads\/2015\/05\/alicia-pais-maravillas-edelvives.jpg\" height=\"400\" width=\"332\" srcset=\"https:\/\/www.rayuelainfancia.com\/blog\/wp-content\/uploads\/2015\/05\/alicia-pais-maravillas-edelvives.jpg 332w, https:\/\/www.rayuelainfancia.com\/blog\/wp-content\/uploads\/2015\/05\/alicia-pais-maravillas-edelvives-249x300.jpg 249w\" sizes=\"(max-width: 332px) 100vw, 332px\" \/><\/a><\/p>\n<p style=\"text-align: justify;\"><a target=\"_blank\" href=\"http:\/\/www.rayuelatiendaonline.com\/libro\/alicia-en-el-pais-de-las-maravillas_61420\"><img loading=\"lazy\" class=\"decoded size-full wp-image-777\" alt=\"http:\/\/rayuelainfancia.com\/http:\/\/rayuelainfancia.desarrollotrevenque.com\/blog\/wp-content\/uploads\/2009\/11\/comprar.png\" src=\"images\/comprar.png\" height=\"31\" width=\"100\" \/><\/a><\/p>\n<p style=\"text-align: justify;\"><span style=\"font-size: 10pt;\" data-mce-mark=\"1\"><strong>\u00abALICIA EN EL PA\u00cdS DE LAS MARAVILLAS\u00bb<\/strong> <br \/><\/span><\/p>\n<p style=\"text-align: justify;\"><span style=\"font-size: 10pt;\" data-mce-mark=\"1\">&nbsp; &nbsp;Una edici\u00f3n en formato grande, con las ilustraciones de Rebeca Dautremer que convierten este libro en un tesoro para conservar. Un d\u00eda aburrido como tantos otros, Alicia se duerme y de este modo entra en el Pa\u00eds de las Maravillas de la mano del Conejo Blanco. All\u00ed conocer\u00e1 a la Falsa Tortuga, la Reina de Corazones, el Gato de Chester, la Duquesa, el Sombrerero Loco o la Liebre de Marzo, entre muchos otros personajes fant\u00e1sticos con los que vivir\u00e1 aventuras de lo m\u00e1s variopintas.<br \/><\/span><\/p>\n<\/td>\n<td style=\"width: 100px;\">\n<p style=\"text-align: justify;\"><span style=\"font-size: 10pt;\" data-mce-mark=\"1\"><strong>&nbsp;<\/strong><\/span><\/p>\n<\/td>\n<td style=\"text-align: justify;\">\n<p><a href=\"http:\/\/www.rayuelatiendaonline.com\/libro\/cuentos-completos-de-beatrix-potter_51784\" target=\"_blank\"><img loading=\"lazy\" class=\" size-full wp-image-950\" alt=\"cuentos-completos-beatrix-potter\" src=\"http:\/\/rayuelainfancia.desarrollotrevenque.com\/blog\/wp-content\/uploads\/2015\/05\/cuentos-completos-beatrix-potter.jpg\" height=\"400\" width=\"301\" srcset=\"https:\/\/www.rayuelainfancia.com\/blog\/wp-content\/uploads\/2015\/05\/cuentos-completos-beatrix-potter.jpg 301w, https:\/\/www.rayuelainfancia.com\/blog\/wp-content\/uploads\/2015\/05\/cuentos-completos-beatrix-potter-226x300.jpg 226w\" sizes=\"(max-width: 301px) 100vw, 301px\" \/><\/a><\/p>\n<p style=\"text-align: justify;\"><a target=\"_blank\" href=\"http:\/\/www.rayuelatiendaonline.com\/libro\/cuentos-completos-de-beatrix-potter_51784\"><img loading=\"lazy\" class=\"decoded size-full wp-image-777\" alt=\"http:\/\/rayuelainfancia.com\/http:\/\/rayuelainfancia.desarrollotrevenque.com\/blog\/wp-content\/uploads\/2009\/11\/comprar.png\" src=\"images\/comprar.png\" height=\"31\" width=\"100\" \/><\/a><\/p>\n<p style=\"text-align: justify;\"><span style=\"font-size: 10pt;\" data-mce-mark=\"1\"><span style=\"font-size: 10pt;\" data-mce-mark=\"1\"><strong>\u00abCUENTOS COMPLETOS DE BEATRIX POTTER\u00bb<\/strong><\/span>&nbsp;<\/span><\/p>\n<p style=\"text-align: justify;\"><span style=\"font-size: 10pt;\" data-mce-mark=\"1\">&nbsp;Este lujoso volumen re\u00fane los veintitr\u00e9s cuentos y poes\u00edas de Beatrix Potter. Los textos est\u00e1n completos y sin abreviar, y se incluyen todas las ilustraciones originales, tanto las de color como las de blanco y negro. Los cuentos est\u00e1n colocados en el orden en que se publicaron por primera vez, para que puedan ser le\u00eddos en la secuencia adecuada, pues, aunque cada historia es independiente de las otras, varias est\u00e1n interconectadas por los hechos y vuelven a aparecer personajes familiares seg\u00fan van avanzando los cuentos<\/span><\/p>\n<\/td>\n<\/tr>\n<tr>\n<td><\/td>\n<td><\/td>\n<td><\/td>\n<\/tr>\n<tr>\n<td>\n<p>&nbsp;<a href=\"http:\/\/www.rayuelatiendaonline.com\/libro\/el-carnaval-de-los-animales-cd_67026\"><img loading=\"lazy\" class=\" size-full wp-image-951\" alt=\"carnaval-animales-kalandraka\" src=\"http:\/\/rayuelainfancia.desarrollotrevenque.com\/blog\/wp-content\/uploads\/2015\/05\/carnaval-animales-kalandraka.jpg\" height=\"400\" width=\"453\" srcset=\"https:\/\/www.rayuelainfancia.com\/blog\/wp-content\/uploads\/2015\/05\/carnaval-animales-kalandraka.jpg 453w, https:\/\/www.rayuelainfancia.com\/blog\/wp-content\/uploads\/2015\/05\/carnaval-animales-kalandraka-300x265.jpg 300w\" sizes=\"(max-width: 453px) 100vw, 453px\" \/><\/a><\/p>\n<p style=\"text-align: justify;\"><a href=\"http:\/\/www.rayuelatiendaonline.com\/libro\/el-carnaval-de-los-animales-cd_67026\" target=\"_blank\"><img loading=\"lazy\" class=\"decoded size-full wp-image-777\" alt=\"http:\/\/rayuelainfancia.com\/http:\/\/rayuelainfancia.desarrollotrevenque.com\/blog\/wp-content\/uploads\/2009\/11\/comprar.png\" src=\"images\/comprar.png\" height=\"31\" width=\"100\" \/><\/a><\/p>\n<p style=\"text-align: justify;\"><strong><span style=\"font-size: 10pt;\" data-mce-mark=\"1\">\u00abEL CARNAVAL DE LOS ANIMALES\u00bb<\/span><\/strong><\/p>\n<p style=\"text-align: justify;\"><span style=\"font-size: 10pt;\">Con motivo del cumplea\u00f1os del le\u00f3n, los animales se han dado cita. Van llegando y desfilando las alborotadoras gallinas, unos mulos salvajes muy veloces, las lentas y discretas tortugas , los pesados elefantes, unos canguros saltarines, los peces que han llegado en el interior de gigantes bolas de agua formando un lago a los pies del le\u00f3n, unos burros, dos pianistas, un cisne y&#8230;por fin, cuando todos estuvieron reunidos, el rey dijo:<\/span><\/p>\n<p><span style=\"font-size: 10pt;\">\u00a1QUE COMIENCE LA FIESTA!<\/span><\/p>\n<\/td>\n<td>\n<p>&nbsp;<\/p>\n<\/td>\n<td>\n<p><a href=\"http:\/\/www.rayuelatiendaonline.com\/libro\/la-flauta-magica-cd_56110\"><img loading=\"lazy\" class=\" size-full wp-image-952\" style=\"border: 1px solid rgb(0, 0, 0);\" alt=\"flauta-magica-kokinos\" src=\"http:\/\/rayuelainfancia.desarrollotrevenque.com\/blog\/wp-content\/uploads\/2015\/05\/flauta-magica-kokinos.jpg\" height=\"400\" width=\"390\" srcset=\"https:\/\/www.rayuelainfancia.com\/blog\/wp-content\/uploads\/2015\/05\/flauta-magica-kokinos.jpg 390w, https:\/\/www.rayuelainfancia.com\/blog\/wp-content\/uploads\/2015\/05\/flauta-magica-kokinos-293x300.jpg 293w\" sizes=\"(max-width: 390px) 100vw, 390px\" \/><\/a><\/p>\n<p style=\"text-align: justify;\"><a target=\"_blank\" href=\"http:\/\/www.rayuelatiendaonline.com\/libro\/la-flauta-magica-cd_56110\"><img loading=\"lazy\" class=\"decoded size-full wp-image-777\" alt=\"http:\/\/rayuelainfancia.com\/http:\/\/rayuelainfancia.desarrollotrevenque.com\/blog\/wp-content\/uploads\/2009\/11\/comprar.png\" src=\"images\/comprar.png\" height=\"31\" width=\"100\" \/><\/a><\/p>\n<p style=\"text-align: justify;\"><span style=\"font-size: 10pt;\" data-mce-mark=\"1\"><strong>\u00abLa flauta m\u00e1gica\u00bb<\/strong><\/span><\/p>\n<p><span style=\"font-size: 10pt;\" data-mce-mark=\"1\">Tejida con palabras y m\u00fasica, esta historia cuenta las aventuras y las pruebas de Tamino, un joven pr\u00edncipe que quer\u00eda descubrir el mundo y la sabidur\u00eda y conquistar el amor de la bella Pamina.<\/span><\/p>\n<p>La lectura del cuento, simult\u00e1nea con la audici\u00f3n de los fragmentos esenciales de la obra y la contemplaci\u00f3n de las maravillosas ilustraciones, permiten al joven lector, y al adulto, descubrir esta \u00f3pera de Mozart en una versi\u00f3n de referencia: La Filarm\u00f3nica de Viena dirigida por Herbert von Karajan.<\/p>\n<p><span style=\"font-size: 10pt;\" data-mce-mark=\"1\"><\/span><\/p>\n<\/td>\n<\/tr>\n<tr>\n<td><\/td>\n<td><\/td>\n<td><\/td>\n<\/tr>\n<tr>\n<td>\n<p><a href=\"http:\/\/www.rayuelatiendaonline.com\/libro\/el-hobbit_65443\" target=\"_blank\"><img loading=\"lazy\" class=\" size-full wp-image-953\" alt=\"el-hobbit-comic-novela-grafica-norma\" src=\"http:\/\/rayuelainfancia.desarrollotrevenque.com\/blog\/wp-content\/uploads\/2015\/05\/el-hobbit-comic-novela-grafica-norma.jpg\" height=\"400\" width=\"284\" srcset=\"https:\/\/www.rayuelainfancia.com\/blog\/wp-content\/uploads\/2015\/05\/el-hobbit-comic-novela-grafica-norma.jpg 284w, https:\/\/www.rayuelainfancia.com\/blog\/wp-content\/uploads\/2015\/05\/el-hobbit-comic-novela-grafica-norma-213x300.jpg 213w\" sizes=\"(max-width: 284px) 100vw, 284px\" \/><\/a><\/p>\n<p><a href=\"http:\/\/www.rayuelatiendaonline.com\/libro\/el-hobbit_65443\" target=\"_blank\"><strong><span style=\"font-size: 10pt;\" data-mce-mark=\"1\"><img loading=\"lazy\" class=\"decoded size-full wp-image-777\" alt=\"http:\/\/rayuelainfancia.com\/http:\/\/rayuelainfancia.desarrollotrevenque.com\/blog\/wp-content\/uploads\/2009\/11\/comprar.png\" src=\"images\/comprar.png\" height=\"31\" width=\"100\" \/><\/span><\/strong><\/a><\/p>\n<p><strong><span style=\"font-size: 10pt;\">\u00abEL HOBBIT (C\u00d3MIC)\u00bb<\/span><\/strong><\/p>\n<p><span style=\"font-size: 10pt;\" data-mce-mark=\"1\">Una adaptaci\u00f3n a novela gr\u00e1fica en edici\u00f3n de lujo.&nbsp;El d\u00eda en que Bilbo Bols\u00f3n recibe la visita del mago Gandalf y de un grupo de enanos, su pl\u00e1cida existencia de hobbit cambia radicalmente. Elfos, dragones y un anillo m\u00e1gico se cruzar\u00e1n en la aventura m\u00e1s fant\u00e1stica de toda su vida&#8230; Chuck Dixon y David Wenzel adaptan al c\u00f3mic el preludio de \u00abEl se\u00f1or de los anillos\u00bb , la obra maestra de J.R.R. Tolkien.&nbsp;<\/span><\/p>\n<\/td>\n<td>\n<p>&nbsp;<\/p>\n<\/td>\n<td>\n<p><a href=\"http:\/\/www.rayuelatiendaonline.com\/libro\/la-isla-del-tesoro_49931\" target=\"_blank\"><img loading=\"lazy\" class=\" size-full wp-image-954\" alt=\"isla-tesoro-blume\" src=\"http:\/\/rayuelainfancia.desarrollotrevenque.com\/blog\/wp-content\/uploads\/2015\/05\/isla-tesoro-blume.jpg\" height=\"400\" width=\"289\" srcset=\"https:\/\/www.rayuelainfancia.com\/blog\/wp-content\/uploads\/2015\/05\/isla-tesoro-blume.jpg 289w, https:\/\/www.rayuelainfancia.com\/blog\/wp-content\/uploads\/2015\/05\/isla-tesoro-blume-217x300.jpg 217w\" sizes=\"(max-width: 289px) 100vw, 289px\" \/><\/a>&nbsp;<\/p>\n<p style=\"text-align: justify;\"><a href=\"http:\/\/www.rayuelatiendaonline.com\/libro\/la-isla-del-tesoro_49931\" target=\"_blank\"><img loading=\"lazy\" class=\"decoded size-full wp-image-777\" alt=\"http:\/\/rayuelainfancia.com\/http:\/\/rayuelainfancia.desarrollotrevenque.com\/blog\/wp-content\/uploads\/2009\/11\/comprar.png\" src=\"images\/comprar.png\" height=\"31\" width=\"100\" \/><\/a><\/p>\n<p style=\"text-align: justify;\"><span style=\"font-size: 10pt;\" data-mce-mark=\"1\"><strong>\u00abLA ISLA DEL TESORO\u00bb<\/strong><\/span><\/p>\n<p style=\"text-align: justify;\"><span style=\"font-size: 10pt;\">&#8216;\u00a1Quince hombres en el cofre del muerto, jo-jo-jo, y una botella de ron!&#8217; \u00bfQui\u00e9n no recuerda esta vieja tonada marinera que canta uno de los protagonistas de &#8216;La isla del tesoro&#8217;? \u00bfQui\u00e9n no ha o\u00eddo hablar nunca del malvado Silver el Largo o de Perro Negro o ha so\u00f1ado con pasar aventuras como las que narra el joven Jim Hawkins? Peque\u00f1os y grandes disfrutar\u00e1n de esta obra cl\u00e1sica<\/span><\/p>\n<\/td>\n<\/tr>\n<tr>\n<td>\n<p>&nbsp;<\/p>\n<p><a href=\"http:\/\/www.rayuelatiendaonline.com\/libro\/historia-de-la-musica-para-ninos_56142\"><img loading=\"lazy\" class=\" size-full wp-image-955\" alt=\"historia-musica-ninos-siruela\" src=\"http:\/\/rayuelainfancia.desarrollotrevenque.com\/blog\/wp-content\/uploads\/2015\/05\/historia-musica-ninos-siruela.jpg\" height=\"400\" width=\"282\" srcset=\"https:\/\/www.rayuelainfancia.com\/blog\/wp-content\/uploads\/2015\/05\/historia-musica-ninos-siruela.jpg 282w, https:\/\/www.rayuelainfancia.com\/blog\/wp-content\/uploads\/2015\/05\/historia-musica-ninos-siruela-212x300.jpg 212w\" sizes=\"(max-width: 282px) 100vw, 282px\" \/><\/a><\/p>\n<p style=\"text-align: justify;\"><a target=\"_blank\" href=\"http:\/\/www.rayuelatiendaonline.com\/libro\/historia-de-la-musica-para-ninos_56142\"><img loading=\"lazy\" class=\"decoded size-full wp-image-777\" alt=\"http:\/\/rayuelainfancia.com\/http:\/\/rayuelainfancia.desarrollotrevenque.com\/blog\/wp-content\/uploads\/2009\/11\/comprar.png\" src=\"images\/comprar.png\" height=\"31\" width=\"100\" \/><\/a><\/p>\n<p style=\"text-align: justify;\"><span style=\"font-size: 10pt;\" data-mce-mark=\"1\"><strong>\u00abHISTORIA DE LA M\u00daSICA PARA NI\u00d1OS\u00bb<\/strong><\/span><\/p>\n<p style=\"text-align: justify;\"><span style=\"font-size: 10pt;\">Cuando Clara llega a casa de los abuelos de su amigo Federico para pasar unas vacaciones, no puede imaginar todo lo que va aprender en esos d\u00edas. El abuelo de Federico es un experto en temas musicales y, cuando era joven, tuvo la suerte de que uno de sus profesores le regalase una m\u00e1quina del tiempo con la que desplazarse m\u00e1gica y f\u00e1cilmente a cualquier momento hist\u00f3rico anterior. Es as\u00ed como los dos ni\u00f1os conocen en persona a los grandes m\u00fasicos del pasado.<\/span><\/p>\n<\/td>\n<td>\n<p>&nbsp;<\/p>\n<\/td>\n<td>\n<p><a href=\"http:\/\/www.rayuelatiendaonline.com\/libro\/el-libro-de-la-jungla_70116\" target=\"_blank\"><img loading=\"lazy\" class=\" size-full wp-image-956\" style=\"border: 1px solid rgb(0, 0, 0);\" alt=\"libro-jungla-zorro-rojo\" src=\"http:\/\/rayuelainfancia.desarrollotrevenque.com\/blog\/wp-content\/uploads\/2015\/05\/libro-jungla-zorro-rojo.jpg\" height=\"400\" width=\"269\" srcset=\"https:\/\/www.rayuelainfancia.com\/blog\/wp-content\/uploads\/2015\/05\/libro-jungla-zorro-rojo.jpg 269w, https:\/\/www.rayuelainfancia.com\/blog\/wp-content\/uploads\/2015\/05\/libro-jungla-zorro-rojo-202x300.jpg 202w\" sizes=\"(max-width: 269px) 100vw, 269px\" \/><\/a>&nbsp;<\/p>\n<p><a target=\"_blank\" href=\"http:\/\/www.rayuelatiendaonline.com\/libro\/el-libro-de-la-jungla_70116\"><img loading=\"lazy\" class=\"decoded size-full wp-image-777\" alt=\"http:\/\/rayuelainfancia.com\/http:\/\/rayuelainfancia.desarrollotrevenque.com\/blog\/wp-content\/uploads\/2009\/11\/comprar.png\" src=\"images\/comprar.png\" height=\"31\" width=\"100\" \/><\/a><\/p>\n<p><strong><span style=\"font-size: 10pt;\" data-mce-mark=\"1\">\u00abEL LIBRO DE LA JUNGLA\u00bb<\/span><\/strong><\/p>\n<p><span style=\"font-size: 10pt;\">Cl\u00e1sico contempor\u00e1neo del Premio Nobel ingles, Rudyard Kipling. El libro de la jungla, conjuga, desde la intensidad narrativa y la cercan\u00eda de la oralidad, la acci\u00f3n con las im\u00e1genes m\u00e1s puras de los sentidos. El artista polaco J\u00f3zef Wilkon; da vida a los personajes de esta novela en el que es uno de sus trabajos m\u00e1s inspirados.<\/span><\/p>\n<\/td>\n<\/tr>\n<tr>\n<td>\n<p>&nbsp;<\/p>\n<\/td>\n<td>\n<p>&nbsp;<\/p>\n<\/td>\n<td>\n<p>&nbsp;<\/p>\n<\/td>\n<\/tr>\n<tr>\n<td>\n<p>&nbsp;<a href=\"http:\/\/www.rayuelatiendaonline.com\/libro\/madama-butterfly_70023\" target=\"_blank\"><img loading=\"lazy\" class=\" size-full wp-image-957\" alt=\"madame-butterfly-benjamin-lacombe\" src=\"http:\/\/rayuelainfancia.desarrollotrevenque.com\/blog\/wp-content\/uploads\/2015\/05\/madame-butterfly-benjamin-lacombe.jpg\" height=\"400\" width=\"276\" srcset=\"https:\/\/www.rayuelainfancia.com\/blog\/wp-content\/uploads\/2015\/05\/madame-butterfly-benjamin-lacombe.jpg 276w, https:\/\/www.rayuelainfancia.com\/blog\/wp-content\/uploads\/2015\/05\/madame-butterfly-benjamin-lacombe-207x300.jpg 207w\" sizes=\"(max-width: 276px) 100vw, 276px\" \/><\/a><\/p>\n<p><a href=\"http:\/\/www.rayuelatiendaonline.com\/libro\/madama-butterfly_70023\" target=\"_blank\"><img loading=\"lazy\" class=\"decoded size-full wp-image-777\" alt=\"http:\/\/rayuelainfancia.com\/http:\/\/rayuelainfancia.desarrollotrevenque.com\/blog\/wp-content\/uploads\/2009\/11\/comprar.png\" src=\"images\/comprar.png\" height=\"31\" width=\"100\" \/><\/a><\/p>\n<p><span style=\"font-size: 10pt;\" data-mce-mark=\"1\"><strong>\u00abMADAMA BUTTERFLY\u00bb<\/strong><\/span><\/p>\n<p><span style=\"font-size: 10pt;\">Adaptaci\u00f3n libre del autor a partir de la \u00f3pera Madama Butterfly, de Giacomo Puccini, y de la novela Madame Chrysanth\u00e8me, de Pierre Loti. Este \u00e1lbum narra la desventura de una joven geisha, Madama Butterfly, y su amor por Pinkerton, un joven oficial de la Armada estadounidense deseoso de hacer fortuna en Jap\u00f3n. Tras su llegada a Jap\u00f3n, Pinkerton se siente fascinado por un pa\u00eds lleno de oportunidades del cual lo desconoce todo: su modo de vida, sus tradiciones y sus convenciones sociales.<\/span><\/p>\n<\/td>\n<td>\n<p>&nbsp;<\/p>\n<\/td>\n<td>\n<p><a href=\"http:\/\/www.rayuelatiendaonline.com\/libro\/el-maravilloso-viaje-de-nils-holgersson_49717\" target=\"_blank\"><img loading=\"lazy\" class=\" size-full wp-image-958\" style=\"border: 1px solid rgb(0, 0, 0);\" alt=\"maravilloso-viaje-nils-holgersson\" src=\"http:\/\/rayuelainfancia.desarrollotrevenque.com\/blog\/wp-content\/uploads\/2015\/05\/maravilloso-viaje-nils-holgersson.jpg\" height=\"400\" width=\"264\" srcset=\"https:\/\/www.rayuelainfancia.com\/blog\/wp-content\/uploads\/2015\/05\/maravilloso-viaje-nils-holgersson.jpg 264w, https:\/\/www.rayuelainfancia.com\/blog\/wp-content\/uploads\/2015\/05\/maravilloso-viaje-nils-holgersson-198x300.jpg 198w\" sizes=\"(max-width: 264px) 100vw, 264px\" \/><\/a><\/p>\n<p><a target=\"_blank\" href=\"http:\/\/www.rayuelatiendaonline.com\/libro\/el-maravilloso-viaje-de-nils-holgersson_49717\"><img loading=\"lazy\" class=\"decoded size-full wp-image-777\" alt=\"http:\/\/rayuelainfancia.com\/http:\/\/rayuelainfancia.desarrollotrevenque.com\/blog\/wp-content\/uploads\/2009\/11\/comprar.png\" src=\"images\/comprar.png\" height=\"31\" width=\"100\" \/><\/a><\/p>\n<p style=\"text-align: justify;\"><span style=\"font-size: 10pt;\" data-mce-mark=\"1\"><strong>\u00abEL MARAVILLOSO VIAJE DE NILS HOLGERSSON\u00bb<\/strong><\/span><\/p>\n<p><span style=\"font-size: 10pt;\">El peque\u00f1o Nils Holgersson ha sido convertido en un duendecillo en castigo por su mal comportamiento. Para romper el hechizo y volver a ser un ni\u00f1o, deber\u00e1 acompa\u00f1ar a una bandada de gansos en su viaje a trav\u00e9s de Suecia. Junto a ellos vivir\u00e1 numerosas aventuras, unas peligrosas y otras divertidas, pero ninguna le dejar\u00e1 indiferente. Este va a ser para Nils el viaje de su vida, el descubrimiento de un mundo que le cambiar\u00e1 para siempre y le convertir\u00e1 en persona, en todos los sentidos.<\/span><\/p>\n<p><span style=\"font-size: 10pt;\">Un libro de una prosa excelente, cuya autora mereci\u00f3 el premio Nobel de Literatura en 1909, repleto de historias emocionantes, personajes conmovedores y brillantes reflexiones sobre la naturaleza humana.<\/span><\/p>\n<\/td>\n<\/tr>\n<tr>\n<td>\n<p>&nbsp;<\/p>\n<\/td>\n<td>\n<p>&nbsp;<\/p>\n<\/td>\n<td>\n<p>&nbsp;<\/p>\n<\/td>\n<\/tr>\n<tr>\n<td>\n<p>&nbsp;<\/p>\n<p style=\"color: #000000; font-family: Verdana, Arial, Helvetica, sans-serif; font-size: 11px; line-height: normal;\"><a href=\"http:\/\/www.rayuelatiendaonline.com\/libro\/peter-pan-pop-up_31079\" target=\"_blank\"><img loading=\"lazy\" class=\" size-full wp-image-959\" alt=\"peter-pan-pop-up\" src=\"http:\/\/rayuelainfancia.desarrollotrevenque.com\/blog\/wp-content\/uploads\/2015\/05\/peter-pan-pop-up.jpg\" height=\"400\" width=\"345\" srcset=\"https:\/\/www.rayuelainfancia.com\/blog\/wp-content\/uploads\/2015\/05\/peter-pan-pop-up.jpg 345w, https:\/\/www.rayuelainfancia.com\/blog\/wp-content\/uploads\/2015\/05\/peter-pan-pop-up-259x300.jpg 259w\" sizes=\"(max-width: 345px) 100vw, 345px\" \/><\/a>&nbsp;<\/p>\n<p style=\"color: #000000; font-family: Verdana, Arial, Helvetica, sans-serif; font-size: 11px; line-height: normal; text-align: justify;\"><a href=\"http:\/\/www.rayuelatiendaonline.com\/libro\/peter-pan-pop-up_31079\" target=\"_blank\"><img loading=\"lazy\" class=\"decoded size-full wp-image-777\" alt=\"http:\/\/rayuelainfancia.com\/http:\/\/rayuelainfancia.desarrollotrevenque.com\/blog\/wp-content\/uploads\/2009\/11\/comprar.png\" src=\"images\/comprar.png\" height=\"31\" width=\"100\" \/><\/a><\/p>\n<p style=\"color: #000000; font-family: Verdana, Arial, Helvetica, sans-serif; font-size: 11px; line-height: normal; text-align: justify;\"><span data-mce-mark=\"1\" style=\"font-size: 10pt;\"><strong>\u00abPETER PAN\u00bb<\/strong><\/span><\/p>\n<p><span data-mce-mark=\"1\" style=\"font-size: 10pt;\">El inolvidable cuento de Peter Pan, el ni\u00f1o que no crec\u00eda. Plagado de hadas voladoras, piratas en tres dimensiones y mucho, mucho m\u00e1s.&nbsp;Una edici\u00f3n maravillosa, una inmejorable obra de arquitectura en papel del inolvidable cuento de Peter Pan, el ni\u00f1o que no crec\u00eda. Plagado de hadas voladoras, piratas en tres dimensiones y mucho, mucho m\u00e1s.<\/span><\/p>\n<\/td>\n<td>\n<p>&nbsp;<\/p>\n<\/td>\n<td>\n<p>&nbsp;<a href=\"http:\/\/www.rayuelatiendaonline.com\/libro\/precisamente-asi_51887\" target=\"_blank\"><img loading=\"lazy\" class=\" size-full wp-image-960\" alt=\"precisamente-asi-rudyard-kipling\" src=\"http:\/\/rayuelainfancia.desarrollotrevenque.com\/blog\/wp-content\/uploads\/2015\/05\/precisamente-asi-rudyard-kipling.jpg\" height=\"400\" width=\"302\" srcset=\"https:\/\/www.rayuelainfancia.com\/blog\/wp-content\/uploads\/2015\/05\/precisamente-asi-rudyard-kipling.jpg 302w, https:\/\/www.rayuelainfancia.com\/blog\/wp-content\/uploads\/2015\/05\/precisamente-asi-rudyard-kipling-227x300.jpg 227w\" sizes=\"(max-width: 302px) 100vw, 302px\" \/><\/a><\/p>\n<p><a target=\"_blank\" href=\"http:\/\/www.rayuelatiendaonline.com\/libro\/precisamente-asi_51887\"><img loading=\"lazy\" class=\"decoded size-full wp-image-777\" alt=\"http:\/\/rayuelainfancia.com\/http:\/\/rayuelainfancia.desarrollotrevenque.com\/blog\/wp-content\/uploads\/2009\/11\/comprar.png\" src=\"images\/comprar.png\" height=\"31\" width=\"100\" \/><\/a><\/p>\n<p><span style=\"font-size: 10pt;\" data-mce-mark=\"1\"><strong>\u00abPRECISAMENTE AS\u00cd\u00bb<\/strong><\/span><\/p>\n<p><span style=\"font-size: 10pt;\">Las divertidas historias que componen este libro fueron originalmente contadas por Kipling a sus propios hijos. Su primera publicaci\u00f3n data de 1902 y, desde entonces, generaciones de ni\u00f1os y ni\u00f1as han disfrutado leyendo y oyendo por qu\u00e9 el Leopardo tiene sus manchas, c\u00f3mo el hijo del Elefante adquiri\u00f3 su trompa y el Camello su joroba&#8230;<\/span><\/p>\n<\/td>\n<\/tr>\n<tr>\n<td>\n<p>&nbsp;<\/p>\n<\/td>\n<td>\n<p>&nbsp;<\/p>\n<\/td>\n<td>\n<p style=\"text-align: justify;\">&nbsp;<\/p>\n<\/td>\n<\/tr>\n<tr>\n<td>\n<p>&nbsp;<\/p>\n<p>&nbsp;<\/p>\n<p style=\"text-align: justify;\"><span style=\"font-size: 10pt;\" data-mce-mark=\"1\"><\/span><\/p>\n<p style=\"color: #000000; font-family: Verdana, Arial, Helvetica, sans-serif; font-size: 11px; line-height: normal; text-align: justify;\"><a href=\"http:\/\/www.rayuelatiendaonline.com\/libro\/el-principito-50-aniversario_49962\" target=\"_blank\"><img loading=\"lazy\" class=\" size-full wp-image-961\" alt=\"principito-edicion-aniversario-salamandra\" src=\"http:\/\/rayuelainfancia.desarrollotrevenque.com\/blog\/wp-content\/uploads\/2015\/05\/principito-edicion-aniversario-salamandra.jpg\" height=\"400\" width=\"299\" srcset=\"https:\/\/www.rayuelainfancia.com\/blog\/wp-content\/uploads\/2015\/05\/principito-edicion-aniversario-salamandra.jpg 299w, https:\/\/www.rayuelainfancia.com\/blog\/wp-content\/uploads\/2015\/05\/principito-edicion-aniversario-salamandra-224x300.jpg 224w\" sizes=\"(max-width: 299px) 100vw, 299px\" \/><\/a><\/p>\n<p style=\"text-align: justify;\"><span style=\"font-size: 10pt;\" data-mce-mark=\"1\"><\/span><\/p>\n<p style=\"color: #000000; font-family: Verdana, Arial, Helvetica, sans-serif; font-size: 11px; line-height: normal; text-align: justify;\"><a target=\"_blank\" href=\"http:\/\/www.rayuelatiendaonline.com\/libro\/el-principito-50-aniversario_49962\"><img loading=\"lazy\" class=\"decoded size-full wp-image-777\" alt=\"http:\/\/rayuelainfancia.com\/http:\/\/rayuelainfancia.desarrollotrevenque.com\/blog\/wp-content\/uploads\/2009\/11\/comprar.png\" src=\"images\/comprar.png\" height=\"31\" width=\"100\" \/><\/a><\/p>\n<p style=\"text-align: justify;\"><span style=\"font-size: 10pt;\" data-mce-mark=\"1\"><\/span><\/p>\n<p style=\"color: #000000; font-family: Verdana, Arial, Helvetica, sans-serif; font-size: 11px; line-height: normal; text-align: justify;\"><span style=\"font-size: 10pt;\" data-mce-mark=\"1\"><span style=\"font-size: 10pt;\" data-mce-mark=\"1\"><strong>\u00abEL PRINCIPITO. EDICI\u00d3N DEL CINCUENTA ANIVERSARIO\u00bb<\/strong><\/span><\/span><\/p>\n<p style=\"color: #000000; font-family: Verdana, Arial, Helvetica, sans-serif; font-size: 11px; line-height: normal; text-align: justify;\"><span style=\"font-size: 10pt;\">Una edici\u00f3n de lujo con los manuscritos del autor encuadernado en tela y presentado en caja.<\/span><\/p>\n<p><span style=\"font-size: 10pt;\">El principito, un personaje universal de la literatura juvenil venerado por j\u00f3venes y viejos&#8230;<\/span><\/p>\n<p><span style=\"font-size: 10pt;\">Creado por Antoine de Saint-Exup\u00e9ry, el principito ha sido, es, y ser\u00e1 un mito atemporal al que adoran generaciones enteras.<\/span><\/p>\n<p>&nbsp;<\/p>\n<p style=\"color: #000000; font-family: Verdana, Arial, Helvetica, sans-serif; font-size: 11px; line-height: normal; text-align: justify;\"><span style=\"font-size: 10pt;\" data-mce-mark=\"1\"><span style=\"font-size: 10pt;\" data-mce-mark=\"1\"><strong><\/strong><\/span><\/span><\/p>\n<\/td>\n<td>\n<p>&nbsp;<\/p>\n<\/td>\n<td>\n<p style=\"text-align: justify;\">&nbsp;<\/p>\n<p style=\"color: #000000; font-family: Verdana, Arial, Helvetica, sans-serif; font-size: 11px; line-height: normal;\"><a href=\"http:\/\/www.rayuelatiendaonline.com\/libro\/el-principito-pop-up_49964\" target=\"_blank\"><img loading=\"lazy\" class=\" size-full wp-image-962\" alt=\"principito-pop-up-salamandra\" src=\"http:\/\/rayuelainfancia.desarrollotrevenque.com\/blog\/wp-content\/uploads\/2015\/05\/principito-pop-up-salamandra.jpg\" height=\"400\" width=\"286\" style=\"border: 1px solid rgb(0, 0, 0);\" srcset=\"https:\/\/www.rayuelainfancia.com\/blog\/wp-content\/uploads\/2015\/05\/principito-pop-up-salamandra.jpg 286w, https:\/\/www.rayuelainfancia.com\/blog\/wp-content\/uploads\/2015\/05\/principito-pop-up-salamandra-215x300.jpg 215w\" sizes=\"(max-width: 286px) 100vw, 286px\" \/><\/a><\/p>\n<p style=\"color: #000000; font-family: Verdana, Arial, Helvetica, sans-serif; font-size: 11px; line-height: normal; text-align: justify;\"><a target=\"_blank\" href=\"http:\/\/www.rayuelatiendaonline.com\/libro\/el-principito-pop-up_49964\"><img loading=\"lazy\" class=\"decoded size-full wp-image-777\" alt=\"http:\/\/rayuelainfancia.com\/http:\/\/rayuelainfancia.desarrollotrevenque.com\/blog\/wp-content\/uploads\/2009\/11\/comprar.png\" src=\"images\/comprar.png\" height=\"31\" width=\"100\" \/><\/a><\/p>\n<p style=\"color: #000000; font-family: Verdana, Arial, Helvetica, sans-serif; font-size: 11px; line-height: normal; text-align: justify;\"><span data-mce-mark=\"1\" style=\"font-size: 10pt;\"><strong>\u00abEL PRINCIPITO. POP UP\u00bb<\/strong><\/span><\/p>\n<p style=\"color: #000000; font-family: Verdana, Arial, Helvetica, sans-serif; font-size: 11px; line-height: normal; text-align: justify;\"><span style=\"font-size: 10pt;\">Una edici\u00f3n tridimensional sobre este cl\u00e1sico contempor\u00e1neo.<\/span><\/p>\n<p><span style=\"font-size: 10pt;\">Viv\u00ed as\u00ed, solo, sin nadie con quien hablar verdaderamente, hasta que tuve una aver\u00eda en el desierto del Sahara, hace seis a\u00f1os. Algo se hab\u00eda roto en mi motor. Y como no ten\u00eda conmigo ni mec\u00e1nico ni pasajeros, me dispuse a realizar, solo, una reparaci\u00f3n dif\u00edcil. Era, para m\u00ed, cuesti\u00f3n de vida o muerte. Ten\u00eda agua apenas para ocho d\u00edas.<\/span><br \/><span style=\"font-size: 10pt;\">La primera noche dorm\u00ed sobre la arena a mil millas de toda tierra habitada. Estaba m\u00e1s aislado que un n\u00e1ufrago sobre una balsa en medio del oc\u00e9ano. Imaginaos, pues, mi sorpresa cuando, al romper el d\u00eda, me despert\u00f3 una extra\u00f1a vocecita que dec\u00eda: Por favor&#8230;, \u00a1dib\u00fajame un cordero!<\/span><\/p>\n<\/td>\n<\/tr>\n<tr>\n<td>\n<p>&nbsp;<\/p>\n<\/td>\n<td>\n<p>&nbsp;<\/p>\n<\/td>\n<td>\n<p style=\"text-align: justify;\">&nbsp;<\/p>\n<\/td>\n<\/tr>\n<tr>\n<td>\n<p style=\"color: #000000; font-family: Verdana, Arial, Helvetica, sans-serif; font-size: 11px; line-height: normal; text-align: justify;\"><a href=\"http:\/\/www.rayuelatiendaonline.com\/libro\/rasmus-y-el-vagabundo_63065\" target=\"_blank\"><img loading=\"lazy\" class=\" size-full wp-image-832\" alt=\"rasmus-vagabundo-kalandraka\" src=\"http:\/\/rayuelainfancia.desarrollotrevenque.com\/blog\/wp-content\/uploads\/2012\/01\/rasmus-vagabundo-kalandraka.jpg\" height=\"400\" width=\"287\" \/><\/a><\/p>\n<p style=\"color: #000000; font-family: Verdana, Arial, Helvetica, sans-serif; font-size: 11px; line-height: normal; text-align: justify;\"><span style=\"font-size: 10pt;\"><\/span><\/p>\n<p style=\"color: #000000; font-family: Verdana, Arial, Helvetica, sans-serif; font-size: 11px; line-height: normal; text-align: justify;\"><a target=\"_blank\" href=\"http:\/\/www.rayuelatiendaonline.com\/libro\/rasmus-y-el-vagabundo_63065\"><img loading=\"lazy\" class=\"decoded size-full wp-image-777\" alt=\"http:\/\/rayuelainfancia.com\/http:\/\/rayuelainfancia.desarrollotrevenque.com\/blog\/wp-content\/uploads\/2009\/11\/comprar.png\" src=\"images\/comprar.png\" height=\"31\" width=\"100\" \/><\/a><\/p>\n<p style=\"color: #000000; font-family: Verdana, Arial, Helvetica, sans-serif; font-size: 11px; line-height: normal; text-align: justify;\"><span style=\"font-size: 10pt;\"><\/span><\/p>\n<p style=\"color: #000000; font-family: Verdana, Arial, Helvetica, sans-serif; font-size: 11px; line-height: normal; text-align: justify;\"><span style=\"font-size: 10pt;\"><span style=\"font-size: 10pt;\"><strong>\u00abRASMUS Y EL VAGABUNDO\u00bb<\/strong><\/span><\/span><\/p>\n<p style=\"color: #000000; font-family: Verdana, Arial, Helvetica, sans-serif; font-size: 11px; line-height: normal; text-align: justify;\"><span style=\"font-size: 10pt;\">\u00abRasmus y el vagabundo\u00bb es el t\u00edtulo de una historia aventurera en la que un ni\u00f1o se escapa de un orfanato en Suecia, y busca sin cesar un padre y madre con los que vivir. En el camino encuentra a Oscar, un vagabundo, con el que entabla una estrecha relaci\u00f3n y descubre el mundo.<\/span><span style=\"font-size: 10pt;\">&nbsp;<\/span><\/p>\n<\/td>\n<td>\n<p>&nbsp;<\/p>\n<\/td>\n<td>\n<p style=\"color: #000000; font-family: Verdana, Arial, Helvetica, sans-serif; font-size: 11px; line-height: normal; text-align: justify;\"><a href=\"http:\/\/www.rayuelatiendaonline.com\/libro\/una-biblia_70394\" target=\"_blank\"><img loading=\"lazy\" class=\" size-full wp-image-963\" alt=\"una-biblia-edelvives\" src=\"http:\/\/rayuelainfancia.desarrollotrevenque.com\/blog\/wp-content\/uploads\/2015\/05\/una-biblia-edelvives.jpg\" height=\"400\" width=\"355\" srcset=\"https:\/\/www.rayuelainfancia.com\/blog\/wp-content\/uploads\/2015\/05\/una-biblia-edelvives.jpg 355w, https:\/\/www.rayuelainfancia.com\/blog\/wp-content\/uploads\/2015\/05\/una-biblia-edelvives-266x300.jpg 266w\" sizes=\"(max-width: 355px) 100vw, 355px\" \/><\/a><\/p>\n<p style=\"color: #000000; font-family: Verdana, Arial, Helvetica, sans-serif; font-size: 11px; line-height: normal; text-align: justify;\"><span data-mce-mark=\"1\" style=\"font-size: 10pt;\"><\/span><\/p>\n<p style=\"color: #000000; font-family: Verdana, Arial, Helvetica, sans-serif; font-size: 11px; line-height: normal; text-align: justify;\"><a target=\"_blank\" href=\"http:\/\/www.rayuelatiendaonline.com\/libro\/una-biblia_70394\"><img loading=\"lazy\" class=\"decoded size-full wp-image-777\" alt=\"http:\/\/rayuelainfancia.com\/http:\/\/rayuelainfancia.desarrollotrevenque.com\/blog\/wp-content\/uploads\/2009\/11\/comprar.png\" src=\"images\/comprar.png\" height=\"31\" width=\"100\" \/><\/a><\/p>\n<p style=\"color: #000000; font-family: Verdana, Arial, Helvetica, sans-serif; font-size: 11px; line-height: normal; text-align: justify;\"><span data-mce-mark=\"1\" style=\"font-size: 10pt;\"><\/span><\/p>\n<p style=\"color: #000000; font-family: Verdana, Arial, Helvetica, sans-serif; font-size: 11px; line-height: normal; text-align: justify;\"><span data-mce-mark=\"1\" style=\"font-size: 10pt;\"><span data-mce-mark=\"1\" style=\"font-size: 10pt;\"><strong>\u00abUNA BIBLIA\u00bb<\/strong><\/span><\/span><\/p>\n<p style=\"color: #000000; font-family: Verdana, Arial, Helvetica, sans-serif; font-size: 11px; line-height: normal; text-align: justify;\"><span style=\"font-size: 10pt;\">En este libro, Philippe Lechermeier y R\u00e9becca Dautremer reinterpretan con maestr\u00eda y singularidad una amplia selecci\u00f3n de las historias de la Biblia en clave literaria y art\u00edstica. En una emocionante adaptaci\u00f3n ilustrada que recurre a canciones, poemas, obras de teatro y relatos narrados por voces inesperadas, las escenas b\u00edblicas adquieren un nuevo matiz.<\/span><\/p>\n<p><span style=\"font-size: 10pt;\">&nbsp;<\/span><\/p>\n<\/td>\n<\/tr>\n<\/tbody>\n<\/table>\n","protected":false},"excerpt":{"rendered":"<p>&nbsp; Un pu\u00f1adito de libros hermosos, sugerentes, con ediciones cuidadas, irresistibles, de las que te entran ganas de regalar y regalarte. \u00a1A disfrutar! \u00abALICIA EN EL PA\u00cdS DE LAS MARAVILLAS\u00bb &nbsp; &nbsp;Una edici\u00f3n en formato grande, con las ilustraciones de Rebeca Dautremer que convierten este libro en un tesoro para conservar. Un d\u00eda aburrido como [&hellip;]<\/p>\n","protected":false},"author":3,"featured_media":949,"comment_status":"open","ping_status":"open","sticky":false,"template":"","format":"standard","meta":[],"categories":[18],"tags":[],"yoast_head":"<!-- This site is optimized with the Yoast SEO plugin v18.5.1 - https:\/\/yoast.com\/wordpress\/plugins\/seo\/ -->\n<title>SELECCION LIBROS ESPECIALES &#8902; Blog de Rayuelainfancia<\/title>\n<meta name=\"robots\" content=\"index, follow, max-snippet:-1, max-image-preview:large, max-video-preview:-1\" \/>\n<link rel=\"canonical\" href=\"https:\/\/www.rayuelainfancia.com\/blog\/regalos-padres-papa-padre-libros-3\/\" \/>\n<meta property=\"og:locale\" content=\"es_ES\" \/>\n<meta property=\"og:type\" content=\"article\" \/>\n<meta property=\"og:title\" content=\"SELECCION LIBROS ESPECIALES &#8902; Blog de Rayuelainfancia\" \/>\n<meta property=\"og:description\" content=\"&nbsp; Un pu\u00f1adito de libros hermosos, sugerentes, con ediciones cuidadas, irresistibles, de las que te entran ganas de regalar y regalarte. \u00a1A disfrutar! \u00abALICIA EN EL PA\u00cdS DE LAS MARAVILLAS\u00bb &nbsp; &nbsp;Una edici\u00f3n en formato grande, con las ilustraciones de Rebeca Dautremer que convierten este libro en un tesoro para conservar. Un d\u00eda aburrido como [&hellip;]\" \/>\n<meta property=\"og:url\" content=\"https:\/\/www.rayuelainfancia.com\/blog\/regalos-padres-papa-padre-libros-3\/\" \/>\n<meta property=\"og:site_name\" content=\"Blog de Rayuelainfancia\" \/>\n<meta property=\"article:publisher\" content=\"https:\/\/www.facebook.com\/pages\/Librer\u00eda-Rayuela\/251861686361\" \/>\n<meta property=\"article:published_time\" content=\"2015-05-05T14:23:05+00:00\" \/>\n<meta property=\"article:modified_time\" content=\"2016-12-14T09:26:44+00:00\" \/>\n<meta property=\"og:image\" content=\"https:\/\/www.rayuelainfancia.com\/blog\/wp-content\/uploads\/2015\/05\/alicia-pais-maravillas-edelvives.jpg\" \/>\n\t<meta property=\"og:image:width\" content=\"332\" \/>\n\t<meta property=\"og:image:height\" content=\"400\" \/>\n\t<meta property=\"og:image:type\" content=\"image\/jpeg\" \/>\n<meta name=\"twitter:card\" content=\"summary\" \/>\n<meta name=\"twitter:creator\" content=\"@Rayuelainfancia\" \/>\n<meta name=\"twitter:site\" content=\"@Rayuelainfancia\" \/>\n<meta name=\"twitter:label1\" content=\"Written by\" \/>\n\t<meta name=\"twitter:data1\" content=\"Miguel Escalera Nieto\" \/>\n\t<meta name=\"twitter:label2\" content=\"Est. reading time\" \/>\n\t<meta name=\"twitter:data2\" content=\"7 minutos\" \/>\n<script type=\"application\/ld+json\" class=\"yoast-schema-graph\">{\"@context\":\"https:\/\/schema.org\",\"@graph\":[{\"@type\":\"Organization\",\"@id\":\"https:\/\/www.rayuelainfancia.com\/blog\/#organization\",\"name\":\"Rayuelainfancia\",\"url\":\"https:\/\/www.rayuelainfancia.com\/blog\/\",\"sameAs\":[\"https:\/\/www.facebook.com\/pages\/Librer\u00eda-Rayuela\/251861686361\",\"https:\/\/www.youtube.com\/channel\/UCddVaoDjpTp-DexyEVoyazQ\",\"https:\/\/twitter.com\/Rayuelainfancia\"],\"logo\":{\"@type\":\"ImageObject\",\"@id\":\"https:\/\/www.rayuelainfancia.com\/blog\/#logo\",\"inLanguage\":\"es\",\"url\":\"https:\/\/www.rayuelainfancia.com\/blog\/wp-content\/uploads\/2018\/06\/logo-rayuelainfancia-color-corporativo.png\",\"contentUrl\":\"https:\/\/www.rayuelainfancia.com\/blog\/wp-content\/uploads\/2018\/06\/logo-rayuelainfancia-color-corporativo.png\",\"width\":1200,\"height\":680,\"caption\":\"Rayuelainfancia\"},\"image\":{\"@id\":\"https:\/\/www.rayuelainfancia.com\/blog\/#logo\"}},{\"@type\":\"WebSite\",\"@id\":\"https:\/\/www.rayuelainfancia.com\/blog\/#website\",\"url\":\"https:\/\/www.rayuelainfancia.com\/blog\/\",\"name\":\"Blog de Rayuelainfancia\",\"description\":\"Libros infantiles y juegos educaticos respestuosos con la infancia\",\"publisher\":{\"@id\":\"https:\/\/www.rayuelainfancia.com\/blog\/#organization\"},\"potentialAction\":[{\"@type\":\"SearchAction\",\"target\":{\"@type\":\"EntryPoint\",\"urlTemplate\":\"https:\/\/www.rayuelainfancia.com\/blog\/?s={search_term_string}\"},\"query-input\":\"required name=search_term_string\"}],\"inLanguage\":\"es\"},{\"@type\":\"ImageObject\",\"@id\":\"https:\/\/www.rayuelainfancia.com\/blog\/regalos-padres-papa-padre-libros-3\/#primaryimage\",\"inLanguage\":\"es\",\"url\":\"https:\/\/www.rayuelainfancia.com\/blog\/wp-content\/uploads\/2015\/05\/alicia-pais-maravillas-edelvives.jpg\",\"contentUrl\":\"https:\/\/www.rayuelainfancia.com\/blog\/wp-content\/uploads\/2015\/05\/alicia-pais-maravillas-edelvives.jpg\",\"width\":332,\"height\":400,\"caption\":\"alicia-pais-maravillas-edelvives\"},{\"@type\":\"WebPage\",\"@id\":\"https:\/\/www.rayuelainfancia.com\/blog\/regalos-padres-papa-padre-libros-3\/#webpage\",\"url\":\"https:\/\/www.rayuelainfancia.com\/blog\/regalos-padres-papa-padre-libros-3\/\",\"name\":\"SELECCION LIBROS ESPECIALES &#8902; Blog de Rayuelainfancia\",\"isPartOf\":{\"@id\":\"https:\/\/www.rayuelainfancia.com\/blog\/#website\"},\"primaryImageOfPage\":{\"@id\":\"https:\/\/www.rayuelainfancia.com\/blog\/regalos-padres-papa-padre-libros-3\/#primaryimage\"},\"datePublished\":\"2015-05-05T14:23:05+00:00\",\"dateModified\":\"2016-12-14T09:26:44+00:00\",\"breadcrumb\":{\"@id\":\"https:\/\/www.rayuelainfancia.com\/blog\/regalos-padres-papa-padre-libros-3\/#breadcrumb\"},\"inLanguage\":\"es\",\"potentialAction\":[{\"@type\":\"ReadAction\",\"target\":[\"https:\/\/www.rayuelainfancia.com\/blog\/regalos-padres-papa-padre-libros-3\/\"]}]},{\"@type\":\"BreadcrumbList\",\"@id\":\"https:\/\/www.rayuelainfancia.com\/blog\/regalos-padres-papa-padre-libros-3\/#breadcrumb\",\"itemListElement\":[{\"@type\":\"ListItem\",\"position\":1,\"name\":\"Portada\",\"item\":\"https:\/\/www.rayuelainfancia.com\/blog\/\"},{\"@type\":\"ListItem\",\"position\":2,\"name\":\"SELECCION LIBROS ESPECIALES\"}]},{\"@type\":\"Article\",\"@id\":\"https:\/\/www.rayuelainfancia.com\/blog\/regalos-padres-papa-padre-libros-3\/#article\",\"isPartOf\":{\"@id\":\"https:\/\/www.rayuelainfancia.com\/blog\/regalos-padres-papa-padre-libros-3\/#webpage\"},\"author\":{\"@id\":\"https:\/\/www.rayuelainfancia.com\/blog\/#\/schema\/person\/41147ec5e3c2cc1be6e2c4520a099ebb\"},\"headline\":\"SELECCION LIBROS ESPECIALES\",\"datePublished\":\"2015-05-05T14:23:05+00:00\",\"dateModified\":\"2016-12-14T09:26:44+00:00\",\"mainEntityOfPage\":{\"@id\":\"https:\/\/www.rayuelainfancia.com\/blog\/regalos-padres-papa-padre-libros-3\/#webpage\"},\"wordCount\":1441,\"commentCount\":0,\"publisher\":{\"@id\":\"https:\/\/www.rayuelainfancia.com\/blog\/#organization\"},\"image\":{\"@id\":\"https:\/\/www.rayuelainfancia.com\/blog\/regalos-padres-papa-padre-libros-3\/#primaryimage\"},\"thumbnailUrl\":\"https:\/\/www.rayuelainfancia.com\/blog\/wp-content\/uploads\/2015\/05\/alicia-pais-maravillas-edelvives.jpg\",\"articleSection\":[\"Actividades Cuentacuentos\"],\"inLanguage\":\"es\",\"potentialAction\":[{\"@type\":\"CommentAction\",\"name\":\"Comment\",\"target\":[\"https:\/\/www.rayuelainfancia.com\/blog\/regalos-padres-papa-padre-libros-3\/#respond\"]}]},{\"@type\":\"Person\",\"@id\":\"https:\/\/www.rayuelainfancia.com\/blog\/#\/schema\/person\/41147ec5e3c2cc1be6e2c4520a099ebb\",\"name\":\"Miguel Escalera Nieto\",\"image\":{\"@type\":\"ImageObject\",\"@id\":\"https:\/\/www.rayuelainfancia.com\/blog\/#personlogo\",\"inLanguage\":\"es\",\"url\":\"https:\/\/secure.gravatar.com\/avatar\/73bd613c804680e46df318e272f0e837?s=96&d=mm&r=g\",\"contentUrl\":\"https:\/\/secure.gravatar.com\/avatar\/73bd613c804680e46df318e272f0e837?s=96&d=mm&r=g\",\"caption\":\"Miguel Escalera Nieto\"}}]}<\/script>\n<!-- \/ Yoast SEO plugin. -->","yoast_head_json":{"title":"SELECCION LIBROS ESPECIALES &#8902; Blog de Rayuelainfancia","robots":{"index":"index","follow":"follow","max-snippet":"max-snippet:-1","max-image-preview":"max-image-preview:large","max-video-preview":"max-video-preview:-1"},"canonical":"https:\/\/www.rayuelainfancia.com\/blog\/regalos-padres-papa-padre-libros-3\/","og_locale":"es_ES","og_type":"article","og_title":"SELECCION LIBROS ESPECIALES &#8902; Blog de Rayuelainfancia","og_description":"&nbsp; Un pu\u00f1adito de libros hermosos, sugerentes, con ediciones cuidadas, irresistibles, de las que te entran ganas de regalar y regalarte. \u00a1A disfrutar! \u00abALICIA EN EL PA\u00cdS DE LAS MARAVILLAS\u00bb &nbsp; &nbsp;Una edici\u00f3n en formato grande, con las ilustraciones de Rebeca Dautremer que convierten este libro en un tesoro para conservar. Un d\u00eda aburrido como [&hellip;]","og_url":"https:\/\/www.rayuelainfancia.com\/blog\/regalos-padres-papa-padre-libros-3\/","og_site_name":"Blog de Rayuelainfancia","article_publisher":"https:\/\/www.facebook.com\/pages\/Librer\u00eda-Rayuela\/251861686361","article_published_time":"2015-05-05T14:23:05+00:00","article_modified_time":"2016-12-14T09:26:44+00:00","og_image":[{"width":332,"height":400,"url":"https:\/\/www.rayuelainfancia.com\/blog\/wp-content\/uploads\/2015\/05\/alicia-pais-maravillas-edelvives.jpg","type":"image\/jpeg"}],"twitter_card":"summary","twitter_creator":"@Rayuelainfancia","twitter_site":"@Rayuelainfancia","twitter_misc":{"Written by":"Miguel Escalera Nieto","Est. reading time":"7 minutos"},"schema":{"@context":"https:\/\/schema.org","@graph":[{"@type":"Organization","@id":"https:\/\/www.rayuelainfancia.com\/blog\/#organization","name":"Rayuelainfancia","url":"https:\/\/www.rayuelainfancia.com\/blog\/","sameAs":["https:\/\/www.facebook.com\/pages\/Librer\u00eda-Rayuela\/251861686361","https:\/\/www.youtube.com\/channel\/UCddVaoDjpTp-DexyEVoyazQ","https:\/\/twitter.com\/Rayuelainfancia"],"logo":{"@type":"ImageObject","@id":"https:\/\/www.rayuelainfancia.com\/blog\/#logo","inLanguage":"es","url":"https:\/\/www.rayuelainfancia.com\/blog\/wp-content\/uploads\/2018\/06\/logo-rayuelainfancia-color-corporativo.png","contentUrl":"https:\/\/www.rayuelainfancia.com\/blog\/wp-content\/uploads\/2018\/06\/logo-rayuelainfancia-color-corporativo.png","width":1200,"height":680,"caption":"Rayuelainfancia"},"image":{"@id":"https:\/\/www.rayuelainfancia.com\/blog\/#logo"}},{"@type":"WebSite","@id":"https:\/\/www.rayuelainfancia.com\/blog\/#website","url":"https:\/\/www.rayuelainfancia.com\/blog\/","name":"Blog de Rayuelainfancia","description":"Libros infantiles y juegos educaticos respestuosos con la infancia","publisher":{"@id":"https:\/\/www.rayuelainfancia.com\/blog\/#organization"},"potentialAction":[{"@type":"SearchAction","target":{"@type":"EntryPoint","urlTemplate":"https:\/\/www.rayuelainfancia.com\/blog\/?s={search_term_string}"},"query-input":"required name=search_term_string"}],"inLanguage":"es"},{"@type":"ImageObject","@id":"https:\/\/www.rayuelainfancia.com\/blog\/regalos-padres-papa-padre-libros-3\/#primaryimage","inLanguage":"es","url":"https:\/\/www.rayuelainfancia.com\/blog\/wp-content\/uploads\/2015\/05\/alicia-pais-maravillas-edelvives.jpg","contentUrl":"https:\/\/www.rayuelainfancia.com\/blog\/wp-content\/uploads\/2015\/05\/alicia-pais-maravillas-edelvives.jpg","width":332,"height":400,"caption":"alicia-pais-maravillas-edelvives"},{"@type":"WebPage","@id":"https:\/\/www.rayuelainfancia.com\/blog\/regalos-padres-papa-padre-libros-3\/#webpage","url":"https:\/\/www.rayuelainfancia.com\/blog\/regalos-padres-papa-padre-libros-3\/","name":"SELECCION LIBROS ESPECIALES &#8902; Blog de Rayuelainfancia","isPartOf":{"@id":"https:\/\/www.rayuelainfancia.com\/blog\/#website"},"primaryImageOfPage":{"@id":"https:\/\/www.rayuelainfancia.com\/blog\/regalos-padres-papa-padre-libros-3\/#primaryimage"},"datePublished":"2015-05-05T14:23:05+00:00","dateModified":"2016-12-14T09:26:44+00:00","breadcrumb":{"@id":"https:\/\/www.rayuelainfancia.com\/blog\/regalos-padres-papa-padre-libros-3\/#breadcrumb"},"inLanguage":"es","potentialAction":[{"@type":"ReadAction","target":["https:\/\/www.rayuelainfancia.com\/blog\/regalos-padres-papa-padre-libros-3\/"]}]},{"@type":"BreadcrumbList","@id":"https:\/\/www.rayuelainfancia.com\/blog\/regalos-padres-papa-padre-libros-3\/#breadcrumb","itemListElement":[{"@type":"ListItem","position":1,"name":"Portada","item":"https:\/\/www.rayuelainfancia.com\/blog\/"},{"@type":"ListItem","position":2,"name":"SELECCION LIBROS ESPECIALES"}]},{"@type":"Article","@id":"https:\/\/www.rayuelainfancia.com\/blog\/regalos-padres-papa-padre-libros-3\/#article","isPartOf":{"@id":"https:\/\/www.rayuelainfancia.com\/blog\/regalos-padres-papa-padre-libros-3\/#webpage"},"author":{"@id":"https:\/\/www.rayuelainfancia.com\/blog\/#\/schema\/person\/41147ec5e3c2cc1be6e2c4520a099ebb"},"headline":"SELECCION LIBROS ESPECIALES","datePublished":"2015-05-05T14:23:05+00:00","dateModified":"2016-12-14T09:26:44+00:00","mainEntityOfPage":{"@id":"https:\/\/www.rayuelainfancia.com\/blog\/regalos-padres-papa-padre-libros-3\/#webpage"},"wordCount":1441,"commentCount":0,"publisher":{"@id":"https:\/\/www.rayuelainfancia.com\/blog\/#organization"},"image":{"@id":"https:\/\/www.rayuelainfancia.com\/blog\/regalos-padres-papa-padre-libros-3\/#primaryimage"},"thumbnailUrl":"https:\/\/www.rayuelainfancia.com\/blog\/wp-content\/uploads\/2015\/05\/alicia-pais-maravillas-edelvives.jpg","articleSection":["Actividades Cuentacuentos"],"inLanguage":"es","potentialAction":[{"@type":"CommentAction","name":"Comment","target":["https:\/\/www.rayuelainfancia.com\/blog\/regalos-padres-papa-padre-libros-3\/#respond"]}]},{"@type":"Person","@id":"https:\/\/www.rayuelainfancia.com\/blog\/#\/schema\/person\/41147ec5e3c2cc1be6e2c4520a099ebb","name":"Miguel Escalera Nieto","image":{"@type":"ImageObject","@id":"https:\/\/www.rayuelainfancia.com\/blog\/#personlogo","inLanguage":"es","url":"https:\/\/secure.gravatar.com\/avatar\/73bd613c804680e46df318e272f0e837?s=96&d=mm&r=g","contentUrl":"https:\/\/secure.gravatar.com\/avatar\/73bd613c804680e46df318e272f0e837?s=96&d=mm&r=g","caption":"Miguel Escalera Nieto"}}]}},"_links":{"self":[{"href":"https:\/\/www.rayuelainfancia.com\/blog\/wp-json\/wp\/v2\/posts\/561"}],"collection":[{"href":"https:\/\/www.rayuelainfancia.com\/blog\/wp-json\/wp\/v2\/posts"}],"about":[{"href":"https:\/\/www.rayuelainfancia.com\/blog\/wp-json\/wp\/v2\/types\/post"}],"author":[{"embeddable":true,"href":"https:\/\/www.rayuelainfancia.com\/blog\/wp-json\/wp\/v2\/users\/3"}],"replies":[{"embeddable":true,"href":"https:\/\/www.rayuelainfancia.com\/blog\/wp-json\/wp\/v2\/comments?post=561"}],"version-history":[{"count":1,"href":"https:\/\/www.rayuelainfancia.com\/blog\/wp-json\/wp\/v2\/posts\/561\/revisions"}],"predecessor-version":[{"id":1091,"href":"https:\/\/www.rayuelainfancia.com\/blog\/wp-json\/wp\/v2\/posts\/561\/revisions\/1091"}],"wp:featuredmedia":[{"embeddable":true,"href":"https:\/\/www.rayuelainfancia.com\/blog\/wp-json\/wp\/v2\/media\/949"}],"wp:attachment":[{"href":"https:\/\/www.rayuelainfancia.com\/blog\/wp-json\/wp\/v2\/media?parent=561"}],"wp:term":[{"taxonomy":"category","embeddable":true,"href":"https:\/\/www.rayuelainfancia.com\/blog\/wp-json\/wp\/v2\/categories?post=561"},{"taxonomy":"post_tag","embeddable":true,"href":"https:\/\/www.rayuelainfancia.com\/blog\/wp-json\/wp\/v2\/tags?post=561"}],"curies":[{"name":"wp","href":"https:\/\/api.w.org\/{rel}","templated":true}]}}