 {"id":560,"date":"2015-04-28T08:58:24","date_gmt":"2015-04-28T06:58:24","guid":{"rendered":"http:\/\/rayuelainfancia.desarrollotrevenque.com\/blog\/regalos-padres-papa-padre-libros-2\/"},"modified":"2016-11-19T14:22:42","modified_gmt":"2016-11-19T13:22:42","slug":"regalos-padres-papa-padre-libros-2","status":"publish","type":"post","link":"https:\/\/www.rayuelainfancia.com\/blog\/regalos-padres-papa-padre-libros-2\/","title":{"rendered":"Domingo, 3 de Mayo: MAM\u00c1AAA, CU\u00c9NTAME UN CUENTO, POR FAVOR"},"content":{"rendered":"<p><img loading=\"lazy\" class=\" size-full wp-image-934\" src=\"http:\/\/rayuelainfancia.desarrollotrevenque.com\/blog\/wp-content\/uploads\/2015\/04\/fb-mama.jpg\" width=\"930\" height=\"582\" alt=\"fb-mama\" style=\"font-size: 24pt; line-height: 1.3em;\" srcset=\"https:\/\/www.rayuelainfancia.com\/blog\/wp-content\/uploads\/2015\/04\/fb-mama.jpg 960w, https:\/\/www.rayuelainfancia.com\/blog\/wp-content\/uploads\/2015\/04\/fb-mama-300x188.jpg 300w, https:\/\/www.rayuelainfancia.com\/blog\/wp-content\/uploads\/2015\/04\/fb-mama-768x480.jpg 768w\" sizes=\"(max-width: 930px) 100vw, 930px\" \/><\/p>\n<p><span style=\"font-size: 14pt;\" data-mce-mark=\"1\">Una selecci\u00f3n de libros para que las mam\u00e1s la disfruten compartiendo la lectura con sus churumbeles.<\/span><\/p>\n<p><span style=\"font-size: 14pt;\" data-mce-mark=\"1\">\u00a1Que la disfrut\u00e9is!<\/span><\/p>\n<table  class=\" table table-hover\" style=\"border-color: #ebebeb; border-width: 0px; border-style: solid; width: 940px; height: 1045px;\" border=\"0\">\n<tbody>\n<tr>\n<td>\n<p style=\"text-align: justify;\"><a href=\"http:\/\/www.rayuelatiendaonline.com\/libro\/mama_67991\"><img loading=\"lazy\" class=\" size-full wp-image-935\" style=\"border: 1px solid #000000;\" alt=\"mama-kalandraka-mariana-ruiz-johnson\" src=\"http:\/\/rayuelainfancia.desarrollotrevenque.com\/blog\/wp-content\/uploads\/2015\/04\/mama-kalandraka-mariana-ruiz-johnson.jpg\" height=\"400\" width=\"286\" srcset=\"https:\/\/www.rayuelainfancia.com\/blog\/wp-content\/uploads\/2015\/04\/mama-kalandraka-mariana-ruiz-johnson.jpg 286w, https:\/\/www.rayuelainfancia.com\/blog\/wp-content\/uploads\/2015\/04\/mama-kalandraka-mariana-ruiz-johnson-215x300.jpg 215w\" sizes=\"(max-width: 286px) 100vw, 286px\" \/><\/a><\/p>\n<p style=\"text-align: justify;\"><a target=\"_blank\" href=\"http:\/\/www.rayuelatiendaonline.com\/libro\/mama_67991\"><img loading=\"lazy\" class=\"decoded size-full wp-image-777\" alt=\"http:\/\/rayuelainfancia.com\/http:\/\/rayuelainfancia.desarrollotrevenque.com\/blog\/wp-content\/uploads\/2009\/11\/comprar.png\" src=\"images\/comprar.png\" height=\"31\" width=\"100\" \/><\/a><\/p>\n<p style=\"text-align: justify;\"><span style=\"font-size: 10pt;\" data-mce-mark=\"1\"><strong>\u00abMAM\u00c1\u00bb<\/strong> <br \/><\/span><\/p>\n<p style=\"text-align: justify;\"><span style=\"font-size: 10pt;\" data-mce-mark=\"1\">&nbsp; &nbsp;La maternidad a trav\u00e9s de la poes\u00eda y del arte, entre la ternura y la exuberancia crom\u00e1tica.&nbsp;Un canto universal al amor y a la vida en toda su extensi\u00f3n, desde el ser humano y las&nbsp;criaturas que nos rodean, hasta la Madre Tierra.<br \/><\/span><\/p>\n<\/td>\n<td style=\"width: 100px;\">\n<p style=\"text-align: justify;\"><span style=\"font-size: 10pt;\" data-mce-mark=\"1\"><strong>&nbsp;<\/strong><\/span><\/p>\n<\/td>\n<td style=\"text-align: justify;\">\n<p><a href=\"http:\/\/www.rayuelatiendaonline.com\/libro\/madre-solo-hay-una-y-aqui-estan-todas_68122\"><img loading=\"lazy\" class=\" size-full wp-image-936\" alt=\"mama-solo-hay-una-aqui-estan-todas\" src=\"http:\/\/rayuelainfancia.desarrollotrevenque.com\/blog\/wp-content\/uploads\/2015\/04\/mama-solo-hay-una-aqui-estan-todas.jpg\" height=\"400\" width=\"468\" srcset=\"https:\/\/www.rayuelainfancia.com\/blog\/wp-content\/uploads\/2015\/04\/mama-solo-hay-una-aqui-estan-todas.jpg 468w, https:\/\/www.rayuelainfancia.com\/blog\/wp-content\/uploads\/2015\/04\/mama-solo-hay-una-aqui-estan-todas-300x256.jpg 300w\" sizes=\"(max-width: 468px) 100vw, 468px\" \/><\/a><\/p>\n<p style=\"text-align: justify;\"><a target=\"_blank\" href=\"http:\/\/www.rayuelatiendaonline.com\/libro\/madre-solo-hay-una-y-aqui-estan-todas_68122\"><img loading=\"lazy\" class=\"decoded size-full wp-image-777\" alt=\"http:\/\/rayuelainfancia.com\/http:\/\/rayuelainfancia.desarrollotrevenque.com\/blog\/wp-content\/uploads\/2009\/11\/comprar.png\" src=\"images\/comprar.png\" height=\"31\" width=\"100\" \/><\/a><\/p>\n<p style=\"text-align: justify;\"><span style=\"font-size: 10pt;\" data-mce-mark=\"1\"><span style=\"font-size: 10pt;\" data-mce-mark=\"1\"><strong>\u00abMadre solo hay una y aqu\u00ed est\u00e1n todas\u00bb<\/strong><\/span>&nbsp;<br \/><\/span><\/p>\n<p style=\"text-align: justify;\"><span style=\"font-size: 10pt;\" data-mce-mark=\"1\">&nbsp;&nbsp; Con un t\u00edtulo popular y sugerente, se abre camino un libro ilustrado singular. Un extensoinventario de madres, tipificadas por rasgos de personalidad y comportamiento. Un&nbsp;cat\u00e1logo en el que, de seguro, nos reconoceremos y nos reconocer\u00e1n.&nbsp;Madre solo hay una, se llama, y sin embargo, son treinta tipos de madres los que&nbsp;deambulan por sus p\u00e1ginas, porque Raquel D\u00edaz Reguera, su autora-ilustradora, entiende<br \/>que cada madre es \u00fanica e irrepetible, a la vez que coincidente con otras en la manera de&nbsp;abordar su maternidad.<br \/><\/span><\/p>\n<\/td>\n<\/tr>\n<tr>\n<td><\/td>\n<td><\/td>\n<td><\/td>\n<\/tr>\n<tr>\n<td>\n<p>&nbsp;<a href=\"http:\/\/www.rayuelatiendaonline.com\/libro\/la-primera-vez-que-naci_57386\"><img loading=\"lazy\" class=\" size-full wp-image-937\" alt=\"primera-vez-naci\" src=\"http:\/\/rayuelainfancia.desarrollotrevenque.com\/blog\/wp-content\/uploads\/2015\/04\/primera-vez-naci.jpg\" height=\"400\" width=\"393\" srcset=\"https:\/\/www.rayuelainfancia.com\/blog\/wp-content\/uploads\/2015\/04\/primera-vez-naci.jpg 393w, https:\/\/www.rayuelainfancia.com\/blog\/wp-content\/uploads\/2015\/04\/primera-vez-naci-295x300.jpg 295w, https:\/\/www.rayuelainfancia.com\/blog\/wp-content\/uploads\/2015\/04\/primera-vez-naci-60x60.jpg 60w\" sizes=\"(max-width: 393px) 100vw, 393px\" \/><\/a><\/p>\n<p style=\"text-align: justify;\"><a href=\"http:\/\/www.rayuelatiendaonline.com\/libro\/la-primera-vez-que-naci_57386\" target=\"_blank\"><img loading=\"lazy\" class=\"decoded size-full wp-image-777\" alt=\"http:\/\/rayuelainfancia.com\/http:\/\/rayuelainfancia.desarrollotrevenque.com\/blog\/wp-content\/uploads\/2009\/11\/comprar.png\" src=\"images\/comprar.png\" height=\"31\" width=\"100\" \/><\/a><\/p>\n<p style=\"text-align: justify;\"><strong><span style=\"font-size: 10pt;\" data-mce-mark=\"1\">\u00abLa primera vez que nac\u00ed\u00bb<\/span><\/strong><\/p>\n<p style=\"text-align: justify;\"><span style=\"font-size: 10pt;\" data-mce-mark=\"1\">Este \u00e1lbum ilustrado revive todos los instantes sencillos, espont\u00e1neos y especiales de una&nbsp;vida, desde el propio nacimiento hasta el alumbramiento de la nueva vida que llevamos&nbsp;dentro.&nbsp;Terriblemente emotivo por su tem\u00e1tica y por su sencillez&#8230; como la vida misma.&nbsp;Lo recomendamos para todos, pero muy especialmente para futuras madres y futuros&nbsp;padres y los que ya lo son.<\/span><\/p>\n<\/td>\n<td>\n<p>&nbsp;<\/p>\n<\/td>\n<td>\n<p><a href=\"http:\/\/www.rayuelatiendaonline.com\/libro\/mama-fue-pequena-antes-de-ser-mayor_48824\"><img loading=\"lazy\" class=\" size-full wp-image-938\" style=\"border: 1px solid #000000;\" alt=\"mama-fue-pequena-antes-de-ser-mayor\" src=\"http:\/\/rayuelainfancia.desarrollotrevenque.com\/blog\/wp-content\/uploads\/2015\/04\/mama-fue-pequena-antes-de-ser-mayor.jpg\" height=\"400\" width=\"397\" srcset=\"https:\/\/www.rayuelainfancia.com\/blog\/wp-content\/uploads\/2015\/04\/mama-fue-pequena-antes-de-ser-mayor.jpg 397w, https:\/\/www.rayuelainfancia.com\/blog\/wp-content\/uploads\/2015\/04\/mama-fue-pequena-antes-de-ser-mayor-150x150.jpg 150w, https:\/\/www.rayuelainfancia.com\/blog\/wp-content\/uploads\/2015\/04\/mama-fue-pequena-antes-de-ser-mayor-298x300.jpg 298w, https:\/\/www.rayuelainfancia.com\/blog\/wp-content\/uploads\/2015\/04\/mama-fue-pequena-antes-de-ser-mayor-60x60.jpg 60w\" sizes=\"(max-width: 397px) 100vw, 397px\" \/><\/a><\/p>\n<p style=\"text-align: justify;\"><a target=\"_blank\" href=\"http:\/\/www.rayuelatiendaonline.com\/libro\/mama-fue-pequena-antes-de-ser-mayor_48824\"><img loading=\"lazy\" class=\"decoded size-full wp-image-777\" alt=\"http:\/\/rayuelainfancia.com\/http:\/\/rayuelainfancia.desarrollotrevenque.com\/blog\/wp-content\/uploads\/2009\/11\/comprar.png\" src=\"images\/comprar.png\" height=\"31\" width=\"100\" \/><\/a><\/p>\n<p style=\"text-align: justify;\"><span style=\"font-size: 10pt;\" data-mce-mark=\"1\"><strong>\u00abMam\u00e1 fue peque\u00f1a antes de ser mayor\u00bb<\/strong><\/span><\/p>\n<p><span style=\"font-size: 10pt;\" data-mce-mark=\"1\">Seg\u00fan este cuento las mam\u00e1s, de peque\u00f1as, fueron unas santas. Jam\u00e1s se met\u00edan el dedo en la nariz ni dec\u00edan palabrotas ni tiraban de la cola al perro, ni pintaban las paredes con rotulador, ni ten\u00edan celos de sus hermanitos&#8230; \u00bfSe puede creer algo as\u00ed? Hay que abrir este libro para averiguar la verdad.<\/span><\/p>\n<\/td>\n<\/tr>\n<tr>\n<td><\/td>\n<td><\/td>\n<td><\/td>\n<\/tr>\n<tr>\n<td>\n<p><a href=\"http:\/\/www.rayuelatiendaonline.com\/libro\/los-doce-abrigos-de-mama_49075\"><img loading=\"lazy\" class=\" size-full wp-image-939\" alt=\"doce-abrigos-mama\" src=\"http:\/\/rayuelainfancia.desarrollotrevenque.com\/blog\/wp-content\/uploads\/2015\/04\/doce-abrigos-mama.jpg\" height=\"400\" width=\"243\" srcset=\"https:\/\/www.rayuelainfancia.com\/blog\/wp-content\/uploads\/2015\/04\/doce-abrigos-mama.jpg 243w, https:\/\/www.rayuelainfancia.com\/blog\/wp-content\/uploads\/2015\/04\/doce-abrigos-mama-182x300.jpg 182w\" sizes=\"(max-width: 243px) 100vw, 243px\" \/><\/a><\/p>\n<p><a href=\"http:\/\/www.rayuelatiendaonline.com\/libro\/los-doce-abrigos-de-mama_49075\" target=\"_blank\"><strong><span style=\"font-size: 10pt;\" data-mce-mark=\"1\"><img loading=\"lazy\" class=\"decoded size-full wp-image-777\" alt=\"http:\/\/rayuelainfancia.com\/http:\/\/rayuelainfancia.desarrollotrevenque.com\/blog\/wp-content\/uploads\/2009\/11\/comprar.png\" src=\"images\/comprar.png\" height=\"31\" width=\"100\" \/><\/span><\/strong><\/a><\/p>\n<p><strong><span style=\"font-size: 10pt;\" data-mce-mark=\"1\">\u00abLos doce abrigos de mam\u00e1\u00bb<\/span><\/strong><\/p>\n<p><span style=\"font-size: 10pt;\" data-mce-mark=\"1\">\u00bfQu\u00e9 c\u00f3mo es una mam\u00e1? Pues&#8230; en realidad, en realidad depende del abrigo que se ponga, y la mam\u00e1 de este hermoso cuento titulado \u00abLos doce abrigos de mam\u00e1\u00bb tiene, todos esos, doce. Tantos como meses en el a\u00f1o, uno para cada momento y para cada&nbsp;<\/span><span style=\"font-size: 10pt;\" data-mce-mark=\"1\">circunstancia.<\/span><span style=\"font-size: 10pt;\" data-mce-mark=\"1\">&nbsp;<\/span><\/p>\n<\/td>\n<td>\n<p>&nbsp;<\/p>\n<\/td>\n<td>\n<p><a href=\"http:\/\/www.rayuelatiendaonline.com\/libro\/madrechillona_48892\"><img loading=\"lazy\" class=\" size-full wp-image-940\" alt=\"madre-chillona\" src=\"http:\/\/rayuelainfancia.desarrollotrevenque.com\/blog\/wp-content\/uploads\/2015\/04\/madre-chillona.jpg\" height=\"400\" width=\"486\" srcset=\"https:\/\/www.rayuelainfancia.com\/blog\/wp-content\/uploads\/2015\/04\/madre-chillona.jpg 486w, https:\/\/www.rayuelainfancia.com\/blog\/wp-content\/uploads\/2015\/04\/madre-chillona-300x247.jpg 300w\" sizes=\"(max-width: 486px) 100vw, 486px\" \/><\/a>&nbsp;<\/p>\n<p style=\"text-align: justify;\"><a href=\"http:\/\/www.rayuelatiendaonline.com\/libro\/madrechillona_48892\"><img loading=\"lazy\" class=\"decoded size-full wp-image-777\" alt=\"http:\/\/rayuelainfancia.com\/http:\/\/rayuelainfancia.desarrollotrevenque.com\/blog\/wp-content\/uploads\/2009\/11\/comprar.png\" src=\"images\/comprar.png\" height=\"31\" width=\"100\" \/><\/a><\/p>\n<p style=\"text-align: justify;\"><span style=\"font-size: 10pt;\" data-mce-mark=\"1\"><strong>\u00abMadrechillona\u00bb<\/strong><\/span><\/p>\n<p style=\"text-align: justify;\"><span style=\"font-size: 10pt;\" data-mce-mark=\"1\">Este es un viaje muy especial. Es real y fant\u00e1stico. Cuando la madre ping\u00fcino grita enfadada a su hijo, \u00e9ste se desintegra en pedazos que van a parar a las diferentes partes del mundo. Una parte al universo, otra al mar, a la jungla y al desierto y el pompins se fue a la ciudad. Y, claro, la madre arrepentida de ese grito tendr\u00e1 que viajar por el mundo buscando los trozos de su hijo y cosi\u00e9ndolos para recuperarlo. Un precioso cuento sobre los enfados y la reconciliaci\u00f3n.<\/span><\/p>\n<\/td>\n<\/tr>\n<tr>\n<td>\n<p>&nbsp;<\/p>\n<p><a href=\"http:\/\/www.rayuelatiendaonline.com\/libro\/mama-y-yo-libro-tela_63897\"><img loading=\"lazy\" class=\" size-full wp-image-941\" alt=\"mama-yo-tela\" src=\"http:\/\/rayuelainfancia.desarrollotrevenque.com\/blog\/wp-content\/uploads\/2015\/04\/mama-yo-tela.png\" height=\"400\" width=\"388\" srcset=\"https:\/\/www.rayuelainfancia.com\/blog\/wp-content\/uploads\/2015\/04\/mama-yo-tela.png 388w, https:\/\/www.rayuelainfancia.com\/blog\/wp-content\/uploads\/2015\/04\/mama-yo-tela-291x300.png 291w\" sizes=\"(max-width: 388px) 100vw, 388px\" \/><\/a><\/p>\n<p style=\"text-align: justify;\"><a target=\"_blank\" href=\"http:\/\/www.rayuelatiendaonline.com\/libro\/mama-y-yo-libro-tela_63897\"><img loading=\"lazy\" class=\"decoded size-full wp-image-777\" alt=\"http:\/\/rayuelainfancia.com\/http:\/\/rayuelainfancia.desarrollotrevenque.com\/blog\/wp-content\/uploads\/2009\/11\/comprar.png\" src=\"images\/comprar.png\" height=\"31\" width=\"100\" \/><\/a><\/p>\n<p style=\"text-align: justify;\"><span style=\"font-size: 10pt;\" data-mce-mark=\"1\"><strong>\u00abMama y yo (libro de tela)\u00bb<\/strong><\/span><\/p>\n<p style=\"text-align: justify;\"><span style=\"font-size: 10pt;\" data-mce-mark=\"1\">Este libro de tela nos muestra uno de los aspectos m\u00e1s importantes de los primeros a\u00f1os de vida: la relaci\u00f3n del beb\u00e9 con su madre. Bajo unas solapas de tela, los m\u00e1s peque\u00f1os jugar\u00e1n a descubrir al cachorro, al gatito, al cordero o al pollito y ver\u00e1n que, como a ellos, \u00a1su madre les quiere mucho!<\/span><\/p>\n<\/td>\n<td>\n<p>&nbsp;<\/p>\n<\/td>\n<td>\n<p><a href=\"http:\/\/www.rayuelatiendaonline.com\/libro\/mamaaa_64175\"><img loading=\"lazy\" class=\" size-full wp-image-942\" style=\"border: 1px solid #000000;\" alt=\"mamaaa\" src=\"http:\/\/rayuelainfancia.desarrollotrevenque.com\/blog\/wp-content\/uploads\/2015\/04\/mamaaa.jpg\" height=\"400\" width=\"393\" srcset=\"https:\/\/www.rayuelainfancia.com\/blog\/wp-content\/uploads\/2015\/04\/mamaaa.jpg 393w, https:\/\/www.rayuelainfancia.com\/blog\/wp-content\/uploads\/2015\/04\/mamaaa-295x300.jpg 295w, https:\/\/www.rayuelainfancia.com\/blog\/wp-content\/uploads\/2015\/04\/mamaaa-60x60.jpg 60w\" sizes=\"(max-width: 393px) 100vw, 393px\" \/><\/a>&nbsp;<\/p>\n<p><a target=\"_blank\" href=\"http:\/\/www.rayuelatiendaonline.com\/libro\/mamaaa_64175\"><img loading=\"lazy\" class=\"decoded size-full wp-image-777\" alt=\"http:\/\/rayuelainfancia.com\/http:\/\/rayuelainfancia.desarrollotrevenque.com\/blog\/wp-content\/uploads\/2009\/11\/comprar.png\" src=\"images\/comprar.png\" height=\"31\" width=\"100\" \/><\/a><\/p>\n<p><strong><span style=\"font-size: 10pt;\" data-mce-mark=\"1\">\u00ab\u00a1\u00a1\u00a1Mam\u00e1\u00e1\u00e1!!!\u00bb<\/span><\/strong><\/p>\n<p><span style=\"font-size: 10pt;\" data-mce-mark=\"1\">Antes de dormir es genial que te lean un cuento, pero las historias a veces nos asustan. El lobo, la bruja o el hombre del saco parecen esperar entre las p\u00e1ginas del libro para asaltarnos cuando menos lo esperamos. Menos mal que mam\u00e1 siempre est\u00e1 ah\u00ed para cuidar de que los monstruos se queden bien encerrados entre las tapas del libro.<\/span><\/p>\n<\/td>\n<\/tr>\n<tr>\n<td>\n<p>&nbsp;<\/p>\n<\/td>\n<td>\n<p>&nbsp;<\/p>\n<\/td>\n<td>\n<p>&nbsp;<\/p>\n<\/td>\n<\/tr>\n<tr>\n<td>\n<p>&nbsp;<a href=\"http:\/\/www.rayuelatiendaonline.com\/libro\/mommy-mama_56823\"><img loading=\"lazy\" class=\" size-full wp-image-943\" alt=\"mommy-mama-corimbo\" src=\"http:\/\/rayuelainfancia.desarrollotrevenque.com\/blog\/wp-content\/uploads\/2015\/04\/mommy-mama-corimbo.png\" height=\"400\" width=\"284\" srcset=\"https:\/\/www.rayuelainfancia.com\/blog\/wp-content\/uploads\/2015\/04\/mommy-mama-corimbo.png 284w, https:\/\/www.rayuelainfancia.com\/blog\/wp-content\/uploads\/2015\/04\/mommy-mama-corimbo-213x300.png 213w\" sizes=\"(max-width: 284px) 100vw, 284px\" \/><\/a><\/p>\n<p><a href=\"http:\/\/www.rayuelatiendaonline.com\/libro\/mommy-mama_56823\"><img loading=\"lazy\" class=\"decoded size-full wp-image-777\" alt=\"http:\/\/rayuelainfancia.com\/http:\/\/rayuelainfancia.desarrollotrevenque.com\/blog\/wp-content\/uploads\/2009\/11\/comprar.png\" src=\"images\/comprar.png\" height=\"31\" width=\"100\" \/><\/a><\/p>\n<p><span style=\"font-size: 10pt;\" data-mce-mark=\"1\"><strong>\u00abMommy!, \u00a1Mam\u00e1!\u00bb<\/strong><\/span><\/p>\n<p><span style=\"font-size: 10pt;\" data-mce-mark=\"1\">\u00bfA qui\u00e9n vamos siempre a pedirle ayuda? \u00bfUn hipop\u00f3tamo en la habitaci\u00f3n? \u00bfDos leones en el ba\u00f1o? \u00bfTres jirafas en el cuarto de pap\u00e1?&#8230;\u00a1Mam\u00e1! Un libro biling\u00fce, en ingl\u00e9s y espa\u00f1ol para los m\u00e1s peque\u00f1os de la casa.<\/span><\/p>\n<\/td>\n<td>\n<p>&nbsp;<\/p>\n<\/td>\n<td>\n<p><a href=\"http:\/\/www.rayuelatiendaonline.com\/libro\/nacido-del-corazon_70788\"><img loading=\"lazy\" class=\" size-full wp-image-944\" style=\"border: 1px solid #000000;\" alt=\"nacido-corazon\" src=\"http:\/\/rayuelainfancia.desarrollotrevenque.com\/blog\/wp-content\/uploads\/2015\/04\/nacido-corazon.png\" height=\"400\" width=\"492\" srcset=\"https:\/\/www.rayuelainfancia.com\/blog\/wp-content\/uploads\/2015\/04\/nacido-corazon.png 492w, https:\/\/www.rayuelainfancia.com\/blog\/wp-content\/uploads\/2015\/04\/nacido-corazon-300x244.png 300w\" sizes=\"(max-width: 492px) 100vw, 492px\" \/><\/a><\/p>\n<p><a target=\"_blank\" href=\"http:\/\/www.rayuelatiendaonline.com\/libro\/nacido-del-corazon_70788\"><img loading=\"lazy\" class=\"decoded size-full wp-image-777\" alt=\"http:\/\/rayuelainfancia.com\/http:\/\/rayuelainfancia.desarrollotrevenque.com\/blog\/wp-content\/uploads\/2009\/11\/comprar.png\" src=\"images\/comprar.png\" height=\"31\" width=\"100\" \/><\/a><\/p>\n<p style=\"text-align: justify;\"><span style=\"font-size: 10pt;\" data-mce-mark=\"1\"><strong>\u00abNacido del coraz\u00f3n\u00bb<\/strong><\/span><\/p>\n<p><span style=\"font-size: 10pt;\" data-mce-mark=\"1\">Una historia para explicarle justamente su historia al ni\u00f1o adoptado. Y, por supuesto, para que todos los ni\u00f1os, nacidos como hayan nacido, aprendan a crecer en la diversidad, comprendiendo que hay diferentes or\u00edgenes y distintas clases de familias.<\/span><\/p>\n<\/td>\n<\/tr>\n<tr>\n<td>\n<p>&nbsp;<\/p>\n<\/td>\n<td>\n<p>&nbsp;<\/p>\n<\/td>\n<td>\n<p>&nbsp;<\/p>\n<\/td>\n<\/tr>\n<tr>\n<td>\n<p>&nbsp;<a href=\"http:\/\/www.rayuelatiendaonline.com\/libro\/ningun-beso-para-mama_53726\"><img loading=\"lazy\" class=\" size-full wp-image-945\" alt=\"ningun-beso-para-mama\" src=\"http:\/\/rayuelainfancia.desarrollotrevenque.com\/blog\/wp-content\/uploads\/2015\/04\/ningun-beso-para-mama.png\" height=\"400\" width=\"264\" srcset=\"https:\/\/www.rayuelainfancia.com\/blog\/wp-content\/uploads\/2015\/04\/ningun-beso-para-mama.png 264w, https:\/\/www.rayuelainfancia.com\/blog\/wp-content\/uploads\/2015\/04\/ningun-beso-para-mama-198x300.png 198w\" sizes=\"(max-width: 264px) 100vw, 264px\" \/><\/a><\/p>\n<p><a target=\"_blank\" href=\"http:\/\/www.rayuelatiendaonline.com\/libro\/ningun-beso-para-mama_53726\"><img loading=\"lazy\" class=\"decoded size-full wp-image-777\" alt=\"http:\/\/rayuelainfancia.com\/http:\/\/rayuelainfancia.desarrollotrevenque.com\/blog\/wp-content\/uploads\/2009\/11\/comprar.png\" src=\"images\/comprar.png\" height=\"31\" width=\"100\" \/><\/a><\/p>\n<p><strong><span style=\"font-size: 10pt;\" data-mce-mark=\"1\">\u00abNing\u00fan beso para mam\u00e1\u00bb<\/span><\/strong><\/p>\n<p><span style=\"font-size: 10pt;\" data-mce-mark=\"1\">A Toni Zarpas no le gustan los besos, y Mam\u00e1 Zarpas no lo entiende. Ella lo trata como si fuera un beb\u00e9, y Toni no lo soporta, pues \u00e9l es el gato m\u00e1s travieso de la clase, quien m\u00e1s disfruta con las bromas pesadas, y jam\u00e1s rechaza una pelea. Pero un d\u00eda todo cambia y, aunque no habr\u00e1 besos para mam\u00e1, los dos conseguir\u00e1n algo mucho m\u00e1s importante.<\/span><\/p>\n<\/td>\n<td>\n<p>&nbsp;<\/p>\n<\/td>\n<td>\n<p>&nbsp;<a href=\"http:\/\/www.rayuelatiendaonline.com\/libro\/la-senora-meier-y-el-mirlo_64578\"><img loading=\"lazy\" class=\" size-full wp-image-946\" alt=\"senora-meier-mirlo\" src=\"http:\/\/rayuelainfancia.desarrollotrevenque.com\/blog\/wp-content\/uploads\/2015\/04\/senora-meier-mirlo.jpg\" height=\"400\" width=\"495\" srcset=\"https:\/\/www.rayuelainfancia.com\/blog\/wp-content\/uploads\/2015\/04\/senora-meier-mirlo.jpg 495w, https:\/\/www.rayuelainfancia.com\/blog\/wp-content\/uploads\/2015\/04\/senora-meier-mirlo-300x242.jpg 300w\" sizes=\"(max-width: 495px) 100vw, 495px\" \/><\/a><\/p>\n<p><a target=\"_blank\" href=\"http:\/\/www.rayuelatiendaonline.com\/libro\/la-senora-meier-y-el-mirlo_64578\"><img loading=\"lazy\" class=\"decoded size-full wp-image-777\" alt=\"http:\/\/rayuelainfancia.com\/http:\/\/rayuelainfancia.desarrollotrevenque.com\/blog\/wp-content\/uploads\/2009\/11\/comprar.png\" src=\"images\/comprar.png\" height=\"31\" width=\"100\" \/><\/a><\/p>\n<p><span style=\"font-size: 10pt;\" data-mce-mark=\"1\"><strong>\u00abLa se\u00f1ora Meier y el mirlo\u00bb<\/strong><\/span><\/p>\n<p><span style=\"font-size: 10pt;\" data-mce-mark=\"1\">A la se\u00f1ora Meier los pensamientos no la dejaban tranquila. Cada d\u00eda, su cabeza rebosaba de ins\u00f3litas preocupaciones con las que necesitaba llenarse:\u00bbCuando no era por&nbsp;un bot\u00f3n del abrigo de lana que amenazaba con caerse, era por uno de sus pasteles. \u00bfLe habr\u00eda puesto suficientes pasas?\u00bb. Todo transcurr\u00eda de esta manera hasta el d\u00eda en que un polluelo de Mirlo apareci\u00f3 en su huerto y decidi\u00f3 criarlo. Desde el primer instante, la m\u00e1s grande de las ternuras se apoder\u00f3 de la se\u00f1ora Meier y todas sus preocupaciones se fueron al traste. Su dedicaci\u00f3n la vivi\u00f3 como una aventura y sinti\u00f3 junto a \u00e9l, verdaderos&nbsp;momentos de libertad.<\/span><\/p>\n<\/td>\n<\/tr>\n<tr>\n<td>\n<p>&nbsp;<\/p>\n<\/td>\n<td>\n<p>&nbsp;<\/p>\n<\/td>\n<td>\n<p style=\"text-align: justify;\">&nbsp;<\/p>\n<\/td>\n<\/tr>\n<tr>\n<td>\n<p>&nbsp;<\/p>\n<p><a href=\"http:\/\/www.rayuelatiendaonline.com\/libro\/siempre-te-querre_70092\"><img loading=\"lazy\" class=\" size-full wp-image-947\" alt=\"siempre-te-querre\" src=\"http:\/\/rayuelainfancia.desarrollotrevenque.com\/blog\/wp-content\/uploads\/2015\/04\/siempre-te-querre.png\" height=\"400\" width=\"391\" srcset=\"https:\/\/www.rayuelainfancia.com\/blog\/wp-content\/uploads\/2015\/04\/siempre-te-querre.png 391w, https:\/\/www.rayuelainfancia.com\/blog\/wp-content\/uploads\/2015\/04\/siempre-te-querre-293x300.png 293w, https:\/\/www.rayuelainfancia.com\/blog\/wp-content\/uploads\/2015\/04\/siempre-te-querre-60x60.png 60w\" sizes=\"(max-width: 391px) 100vw, 391px\" \/><\/a><\/p>\n<p style=\"text-align: justify;\"><a href=\"http:\/\/www.rayuelatiendaonline.com\/libro\/siempre-te-querre_70092\"><img loading=\"lazy\" class=\"decoded size-full wp-image-777\" alt=\"http:\/\/rayuelainfancia.com\/http:\/\/rayuelainfancia.desarrollotrevenque.com\/blog\/wp-content\/uploads\/2009\/11\/comprar.png\" src=\"images\/comprar.png\" height=\"31\" width=\"100\" \/><\/a><\/p>\n<p style=\"text-align: justify;\"><strong><span style=\"font-size: 10pt;\" data-mce-mark=\"1\">\u00abSiempre te querr\u00e9\u00bb<\/span><\/strong><\/p>\n<p style=\"text-align: justify;\"><span style=\"font-size: 10pt;\" data-mce-mark=\"1\">Siempre te querr\u00e9 es la historia de amor entre una madre y su hijo. No solo en el momento del nacimiento, tambi\u00e9n a lo largo de su vida. Ambos van superando las diferentes etapas de la vida del hijo -la adolescencia, la juventud y la madurez- y todo aquel amor incondicional que la madre le ha dado a su hijo volver\u00e1 a ella cuando sea mayor.<\/span><\/p>\n<\/td>\n<td>\n<p>&nbsp;<\/p>\n<\/td>\n<td>\n<p style=\"text-align: justify;\">&nbsp;<img loading=\"lazy\" class=\" size-full wp-image-948\" alt=\"zorrito-perdido\" src=\"http:\/\/rayuelainfancia.desarrollotrevenque.com\/blog\/wp-content\/uploads\/2015\/04\/zorrito-perdido.jpg\" height=\"400\" width=\"258\" srcset=\"https:\/\/www.rayuelainfancia.com\/blog\/wp-content\/uploads\/2015\/04\/zorrito-perdido.jpg 258w, https:\/\/www.rayuelainfancia.com\/blog\/wp-content\/uploads\/2015\/04\/zorrito-perdido-194x300.jpg 194w\" sizes=\"(max-width: 258px) 100vw, 258px\" \/><\/p>\n<p><img loading=\"lazy\" class=\"decoded size-full wp-image-777\" alt=\"http:\/\/rayuelainfancia.com\/http:\/\/rayuelainfancia.desarrollotrevenque.com\/blog\/wp-content\/uploads\/2009\/11\/comprar.png\" src=\"images\/comprar.png\" height=\"31\" width=\"100\" \/><\/p>\n<p style=\"text-align: justify;\"><span style=\"font-size: 10pt;\" data-mce-mark=\"1\"><strong>\u00abEl zorrito perdido\u00bb<\/strong><\/span><\/p>\n<p><span style=\"font-size: 10pt;\">Un d\u00eda, mientras camina por el bosque, una zorra encuentra un peque\u00f1o zorro entre unos matorrales. El zorrito tiene mucho miedo, y la zorra no sabe muy bien qu\u00e9 hacer. Por un&nbsp;lado, el zorrito le da mucha pena, pero por otro, ella ya tiene tres cachorros a los que proteger y alimentar. Ahora debe decidirse: o se lleva al peque\u00f1o a su madriguera, o lo&nbsp;deja abandonado a su suerte&#8230;<\/span><\/p>\n<\/td>\n<\/tr>\n<\/tbody>\n<\/table>\n","protected":false},"excerpt":{"rendered":"<p>Una selecci\u00f3n de libros para que las mam\u00e1s la disfruten compartiendo la lectura con sus churumbeles. \u00a1Que la disfrut\u00e9is! \u00abMAM\u00c1\u00bb &nbsp; &nbsp;La maternidad a trav\u00e9s de la poes\u00eda y del arte, entre la ternura y la exuberancia crom\u00e1tica.&nbsp;Un canto universal al amor y a la vida en toda su extensi\u00f3n, desde el ser humano y [&hellip;]<\/p>\n","protected":false},"author":3,"featured_media":934,"comment_status":"open","ping_status":"open","sticky":false,"template":"","format":"standard","meta":[],"categories":[18],"tags":[],"yoast_head":"<!-- This site is optimized with the Yoast SEO plugin v18.5.1 - https:\/\/yoast.com\/wordpress\/plugins\/seo\/ -->\n<title>Domingo, 3 de Mayo: MAM\u00c1AAA, CU\u00c9NTAME UN CUENTO, POR FAVOR &#8902; Blog de Rayuelainfancia<\/title>\n<meta name=\"robots\" content=\"index, follow, max-snippet:-1, max-image-preview:large, max-video-preview:-1\" \/>\n<link rel=\"canonical\" href=\"https:\/\/www.rayuelainfancia.com\/blog\/regalos-padres-papa-padre-libros-2\/\" \/>\n<meta property=\"og:locale\" content=\"es_ES\" \/>\n<meta property=\"og:type\" content=\"article\" \/>\n<meta property=\"og:title\" content=\"Domingo, 3 de Mayo: MAM\u00c1AAA, CU\u00c9NTAME UN CUENTO, POR FAVOR &#8902; Blog de Rayuelainfancia\" \/>\n<meta property=\"og:description\" content=\"Una selecci\u00f3n de libros para que las mam\u00e1s la disfruten compartiendo la lectura con sus churumbeles. \u00a1Que la disfrut\u00e9is! \u00abMAM\u00c1\u00bb &nbsp; &nbsp;La maternidad a trav\u00e9s de la poes\u00eda y del arte, entre la ternura y la exuberancia crom\u00e1tica.&nbsp;Un canto universal al amor y a la vida en toda su extensi\u00f3n, desde el ser humano y [&hellip;]\" \/>\n<meta property=\"og:url\" content=\"https:\/\/www.rayuelainfancia.com\/blog\/regalos-padres-papa-padre-libros-2\/\" \/>\n<meta property=\"og:site_name\" content=\"Blog de Rayuelainfancia\" \/>\n<meta property=\"article:publisher\" content=\"https:\/\/www.facebook.com\/pages\/Librer\u00eda-Rayuela\/251861686361\" \/>\n<meta property=\"article:published_time\" content=\"2015-04-28T06:58:24+00:00\" \/>\n<meta property=\"article:modified_time\" content=\"2016-11-19T13:22:42+00:00\" \/>\n<meta property=\"og:image\" content=\"https:\/\/www.rayuelainfancia.com\/blog\/wp-content\/uploads\/2015\/04\/fb-mama.jpg\" \/>\n\t<meta property=\"og:image:width\" content=\"960\" \/>\n\t<meta property=\"og:image:height\" content=\"600\" \/>\n\t<meta property=\"og:image:type\" content=\"image\/jpeg\" \/>\n<meta name=\"twitter:card\" content=\"summary\" \/>\n<meta name=\"twitter:creator\" content=\"@Rayuelainfancia\" \/>\n<meta name=\"twitter:site\" content=\"@Rayuelainfancia\" \/>\n<meta name=\"twitter:label1\" content=\"Written by\" \/>\n\t<meta name=\"twitter:data1\" content=\"Miguel Escalera Nieto\" \/>\n\t<meta name=\"twitter:label2\" content=\"Est. reading time\" \/>\n\t<meta name=\"twitter:data2\" content=\"5 minutos\" \/>\n<script type=\"application\/ld+json\" class=\"yoast-schema-graph\">{\"@context\":\"https:\/\/schema.org\",\"@graph\":[{\"@type\":\"Organization\",\"@id\":\"https:\/\/www.rayuelainfancia.com\/blog\/#organization\",\"name\":\"Rayuelainfancia\",\"url\":\"https:\/\/www.rayuelainfancia.com\/blog\/\",\"sameAs\":[\"https:\/\/www.facebook.com\/pages\/Librer\u00eda-Rayuela\/251861686361\",\"https:\/\/www.youtube.com\/channel\/UCddVaoDjpTp-DexyEVoyazQ\",\"https:\/\/twitter.com\/Rayuelainfancia\"],\"logo\":{\"@type\":\"ImageObject\",\"@id\":\"https:\/\/www.rayuelainfancia.com\/blog\/#logo\",\"inLanguage\":\"es\",\"url\":\"https:\/\/www.rayuelainfancia.com\/blog\/wp-content\/uploads\/2018\/06\/logo-rayuelainfancia-color-corporativo.png\",\"contentUrl\":\"https:\/\/www.rayuelainfancia.com\/blog\/wp-content\/uploads\/2018\/06\/logo-rayuelainfancia-color-corporativo.png\",\"width\":1200,\"height\":680,\"caption\":\"Rayuelainfancia\"},\"image\":{\"@id\":\"https:\/\/www.rayuelainfancia.com\/blog\/#logo\"}},{\"@type\":\"WebSite\",\"@id\":\"https:\/\/www.rayuelainfancia.com\/blog\/#website\",\"url\":\"https:\/\/www.rayuelainfancia.com\/blog\/\",\"name\":\"Blog de Rayuelainfancia\",\"description\":\"Libros infantiles y juegos educaticos respestuosos con la infancia\",\"publisher\":{\"@id\":\"https:\/\/www.rayuelainfancia.com\/blog\/#organization\"},\"potentialAction\":[{\"@type\":\"SearchAction\",\"target\":{\"@type\":\"EntryPoint\",\"urlTemplate\":\"https:\/\/www.rayuelainfancia.com\/blog\/?s={search_term_string}\"},\"query-input\":\"required name=search_term_string\"}],\"inLanguage\":\"es\"},{\"@type\":\"ImageObject\",\"@id\":\"https:\/\/www.rayuelainfancia.com\/blog\/regalos-padres-papa-padre-libros-2\/#primaryimage\",\"inLanguage\":\"es\",\"url\":\"https:\/\/www.rayuelainfancia.com\/blog\/wp-content\/uploads\/2015\/04\/fb-mama.jpg\",\"contentUrl\":\"https:\/\/www.rayuelainfancia.com\/blog\/wp-content\/uploads\/2015\/04\/fb-mama.jpg\",\"width\":960,\"height\":600,\"caption\":\"fb-mama\"},{\"@type\":\"WebPage\",\"@id\":\"https:\/\/www.rayuelainfancia.com\/blog\/regalos-padres-papa-padre-libros-2\/#webpage\",\"url\":\"https:\/\/www.rayuelainfancia.com\/blog\/regalos-padres-papa-padre-libros-2\/\",\"name\":\"Domingo, 3 de Mayo: MAM\u00c1AAA, CU\u00c9NTAME UN CUENTO, POR FAVOR &#8902; Blog de Rayuelainfancia\",\"isPartOf\":{\"@id\":\"https:\/\/www.rayuelainfancia.com\/blog\/#website\"},\"primaryImageOfPage\":{\"@id\":\"https:\/\/www.rayuelainfancia.com\/blog\/regalos-padres-papa-padre-libros-2\/#primaryimage\"},\"datePublished\":\"2015-04-28T06:58:24+00:00\",\"dateModified\":\"2016-11-19T13:22:42+00:00\",\"breadcrumb\":{\"@id\":\"https:\/\/www.rayuelainfancia.com\/blog\/regalos-padres-papa-padre-libros-2\/#breadcrumb\"},\"inLanguage\":\"es\",\"potentialAction\":[{\"@type\":\"ReadAction\",\"target\":[\"https:\/\/www.rayuelainfancia.com\/blog\/regalos-padres-papa-padre-libros-2\/\"]}]},{\"@type\":\"BreadcrumbList\",\"@id\":\"https:\/\/www.rayuelainfancia.com\/blog\/regalos-padres-papa-padre-libros-2\/#breadcrumb\",\"itemListElement\":[{\"@type\":\"ListItem\",\"position\":1,\"name\":\"Portada\",\"item\":\"https:\/\/www.rayuelainfancia.com\/blog\/\"},{\"@type\":\"ListItem\",\"position\":2,\"name\":\"Domingo, 3 de Mayo: MAM\u00c1AAA, CU\u00c9NTAME UN CUENTO, POR FAVOR\"}]},{\"@type\":\"Article\",\"@id\":\"https:\/\/www.rayuelainfancia.com\/blog\/regalos-padres-papa-padre-libros-2\/#article\",\"isPartOf\":{\"@id\":\"https:\/\/www.rayuelainfancia.com\/blog\/regalos-padres-papa-padre-libros-2\/#webpage\"},\"author\":{\"@id\":\"https:\/\/www.rayuelainfancia.com\/blog\/#\/schema\/person\/41147ec5e3c2cc1be6e2c4520a099ebb\"},\"headline\":\"Domingo, 3 de Mayo: MAM\u00c1AAA, CU\u00c9NTAME UN CUENTO, POR FAVOR\",\"datePublished\":\"2015-04-28T06:58:24+00:00\",\"dateModified\":\"2016-11-19T13:22:42+00:00\",\"mainEntityOfPage\":{\"@id\":\"https:\/\/www.rayuelainfancia.com\/blog\/regalos-padres-papa-padre-libros-2\/#webpage\"},\"wordCount\":1088,\"commentCount\":0,\"publisher\":{\"@id\":\"https:\/\/www.rayuelainfancia.com\/blog\/#organization\"},\"image\":{\"@id\":\"https:\/\/www.rayuelainfancia.com\/blog\/regalos-padres-papa-padre-libros-2\/#primaryimage\"},\"thumbnailUrl\":\"https:\/\/www.rayuelainfancia.com\/blog\/wp-content\/uploads\/2015\/04\/fb-mama.jpg\",\"articleSection\":[\"Actividades Cuentacuentos\"],\"inLanguage\":\"es\",\"potentialAction\":[{\"@type\":\"CommentAction\",\"name\":\"Comment\",\"target\":[\"https:\/\/www.rayuelainfancia.com\/blog\/regalos-padres-papa-padre-libros-2\/#respond\"]}]},{\"@type\":\"Person\",\"@id\":\"https:\/\/www.rayuelainfancia.com\/blog\/#\/schema\/person\/41147ec5e3c2cc1be6e2c4520a099ebb\",\"name\":\"Miguel Escalera Nieto\",\"image\":{\"@type\":\"ImageObject\",\"@id\":\"https:\/\/www.rayuelainfancia.com\/blog\/#personlogo\",\"inLanguage\":\"es\",\"url\":\"https:\/\/secure.gravatar.com\/avatar\/73bd613c804680e46df318e272f0e837?s=96&d=mm&r=g\",\"contentUrl\":\"https:\/\/secure.gravatar.com\/avatar\/73bd613c804680e46df318e272f0e837?s=96&d=mm&r=g\",\"caption\":\"Miguel Escalera Nieto\"}}]}<\/script>\n<!-- \/ Yoast SEO plugin. -->","yoast_head_json":{"title":"Domingo, 3 de Mayo: MAM\u00c1AAA, CU\u00c9NTAME UN CUENTO, POR FAVOR &#8902; Blog de Rayuelainfancia","robots":{"index":"index","follow":"follow","max-snippet":"max-snippet:-1","max-image-preview":"max-image-preview:large","max-video-preview":"max-video-preview:-1"},"canonical":"https:\/\/www.rayuelainfancia.com\/blog\/regalos-padres-papa-padre-libros-2\/","og_locale":"es_ES","og_type":"article","og_title":"Domingo, 3 de Mayo: MAM\u00c1AAA, CU\u00c9NTAME UN CUENTO, POR FAVOR &#8902; Blog de Rayuelainfancia","og_description":"Una selecci\u00f3n de libros para que las mam\u00e1s la disfruten compartiendo la lectura con sus churumbeles. \u00a1Que la disfrut\u00e9is! \u00abMAM\u00c1\u00bb &nbsp; &nbsp;La maternidad a trav\u00e9s de la poes\u00eda y del arte, entre la ternura y la exuberancia crom\u00e1tica.&nbsp;Un canto universal al amor y a la vida en toda su extensi\u00f3n, desde el ser humano y [&hellip;]","og_url":"https:\/\/www.rayuelainfancia.com\/blog\/regalos-padres-papa-padre-libros-2\/","og_site_name":"Blog de Rayuelainfancia","article_publisher":"https:\/\/www.facebook.com\/pages\/Librer\u00eda-Rayuela\/251861686361","article_published_time":"2015-04-28T06:58:24+00:00","article_modified_time":"2016-11-19T13:22:42+00:00","og_image":[{"width":960,"height":600,"url":"https:\/\/www.rayuelainfancia.com\/blog\/wp-content\/uploads\/2015\/04\/fb-mama.jpg","type":"image\/jpeg"}],"twitter_card":"summary","twitter_creator":"@Rayuelainfancia","twitter_site":"@Rayuelainfancia","twitter_misc":{"Written by":"Miguel Escalera Nieto","Est. reading time":"5 minutos"},"schema":{"@context":"https:\/\/schema.org","@graph":[{"@type":"Organization","@id":"https:\/\/www.rayuelainfancia.com\/blog\/#organization","name":"Rayuelainfancia","url":"https:\/\/www.rayuelainfancia.com\/blog\/","sameAs":["https:\/\/www.facebook.com\/pages\/Librer\u00eda-Rayuela\/251861686361","https:\/\/www.youtube.com\/channel\/UCddVaoDjpTp-DexyEVoyazQ","https:\/\/twitter.com\/Rayuelainfancia"],"logo":{"@type":"ImageObject","@id":"https:\/\/www.rayuelainfancia.com\/blog\/#logo","inLanguage":"es","url":"https:\/\/www.rayuelainfancia.com\/blog\/wp-content\/uploads\/2018\/06\/logo-rayuelainfancia-color-corporativo.png","contentUrl":"https:\/\/www.rayuelainfancia.com\/blog\/wp-content\/uploads\/2018\/06\/logo-rayuelainfancia-color-corporativo.png","width":1200,"height":680,"caption":"Rayuelainfancia"},"image":{"@id":"https:\/\/www.rayuelainfancia.com\/blog\/#logo"}},{"@type":"WebSite","@id":"https:\/\/www.rayuelainfancia.com\/blog\/#website","url":"https:\/\/www.rayuelainfancia.com\/blog\/","name":"Blog de Rayuelainfancia","description":"Libros infantiles y juegos educaticos respestuosos con la infancia","publisher":{"@id":"https:\/\/www.rayuelainfancia.com\/blog\/#organization"},"potentialAction":[{"@type":"SearchAction","target":{"@type":"EntryPoint","urlTemplate":"https:\/\/www.rayuelainfancia.com\/blog\/?s={search_term_string}"},"query-input":"required name=search_term_string"}],"inLanguage":"es"},{"@type":"ImageObject","@id":"https:\/\/www.rayuelainfancia.com\/blog\/regalos-padres-papa-padre-libros-2\/#primaryimage","inLanguage":"es","url":"https:\/\/www.rayuelainfancia.com\/blog\/wp-content\/uploads\/2015\/04\/fb-mama.jpg","contentUrl":"https:\/\/www.rayuelainfancia.com\/blog\/wp-content\/uploads\/2015\/04\/fb-mama.jpg","width":960,"height":600,"caption":"fb-mama"},{"@type":"WebPage","@id":"https:\/\/www.rayuelainfancia.com\/blog\/regalos-padres-papa-padre-libros-2\/#webpage","url":"https:\/\/www.rayuelainfancia.com\/blog\/regalos-padres-papa-padre-libros-2\/","name":"Domingo, 3 de Mayo: MAM\u00c1AAA, CU\u00c9NTAME UN CUENTO, POR FAVOR &#8902; Blog de Rayuelainfancia","isPartOf":{"@id":"https:\/\/www.rayuelainfancia.com\/blog\/#website"},"primaryImageOfPage":{"@id":"https:\/\/www.rayuelainfancia.com\/blog\/regalos-padres-papa-padre-libros-2\/#primaryimage"},"datePublished":"2015-04-28T06:58:24+00:00","dateModified":"2016-11-19T13:22:42+00:00","breadcrumb":{"@id":"https:\/\/www.rayuelainfancia.com\/blog\/regalos-padres-papa-padre-libros-2\/#breadcrumb"},"inLanguage":"es","potentialAction":[{"@type":"ReadAction","target":["https:\/\/www.rayuelainfancia.com\/blog\/regalos-padres-papa-padre-libros-2\/"]}]},{"@type":"BreadcrumbList","@id":"https:\/\/www.rayuelainfancia.com\/blog\/regalos-padres-papa-padre-libros-2\/#breadcrumb","itemListElement":[{"@type":"ListItem","position":1,"name":"Portada","item":"https:\/\/www.rayuelainfancia.com\/blog\/"},{"@type":"ListItem","position":2,"name":"Domingo, 3 de Mayo: MAM\u00c1AAA, CU\u00c9NTAME UN CUENTO, POR FAVOR"}]},{"@type":"Article","@id":"https:\/\/www.rayuelainfancia.com\/blog\/regalos-padres-papa-padre-libros-2\/#article","isPartOf":{"@id":"https:\/\/www.rayuelainfancia.com\/blog\/regalos-padres-papa-padre-libros-2\/#webpage"},"author":{"@id":"https:\/\/www.rayuelainfancia.com\/blog\/#\/schema\/person\/41147ec5e3c2cc1be6e2c4520a099ebb"},"headline":"Domingo, 3 de Mayo: MAM\u00c1AAA, CU\u00c9NTAME UN CUENTO, POR FAVOR","datePublished":"2015-04-28T06:58:24+00:00","dateModified":"2016-11-19T13:22:42+00:00","mainEntityOfPage":{"@id":"https:\/\/www.rayuelainfancia.com\/blog\/regalos-padres-papa-padre-libros-2\/#webpage"},"wordCount":1088,"commentCount":0,"publisher":{"@id":"https:\/\/www.rayuelainfancia.com\/blog\/#organization"},"image":{"@id":"https:\/\/www.rayuelainfancia.com\/blog\/regalos-padres-papa-padre-libros-2\/#primaryimage"},"thumbnailUrl":"https:\/\/www.rayuelainfancia.com\/blog\/wp-content\/uploads\/2015\/04\/fb-mama.jpg","articleSection":["Actividades Cuentacuentos"],"inLanguage":"es","potentialAction":[{"@type":"CommentAction","name":"Comment","target":["https:\/\/www.rayuelainfancia.com\/blog\/regalos-padres-papa-padre-libros-2\/#respond"]}]},{"@type":"Person","@id":"https:\/\/www.rayuelainfancia.com\/blog\/#\/schema\/person\/41147ec5e3c2cc1be6e2c4520a099ebb","name":"Miguel Escalera Nieto","image":{"@type":"ImageObject","@id":"https:\/\/www.rayuelainfancia.com\/blog\/#personlogo","inLanguage":"es","url":"https:\/\/secure.gravatar.com\/avatar\/73bd613c804680e46df318e272f0e837?s=96&d=mm&r=g","contentUrl":"https:\/\/secure.gravatar.com\/avatar\/73bd613c804680e46df318e272f0e837?s=96&d=mm&r=g","caption":"Miguel Escalera Nieto"}}]}},"_links":{"self":[{"href":"https:\/\/www.rayuelainfancia.com\/blog\/wp-json\/wp\/v2\/posts\/560"}],"collection":[{"href":"https:\/\/www.rayuelainfancia.com\/blog\/wp-json\/wp\/v2\/posts"}],"about":[{"href":"https:\/\/www.rayuelainfancia.com\/blog\/wp-json\/wp\/v2\/types\/post"}],"author":[{"embeddable":true,"href":"https:\/\/www.rayuelainfancia.com\/blog\/wp-json\/wp\/v2\/users\/3"}],"replies":[{"embeddable":true,"href":"https:\/\/www.rayuelainfancia.com\/blog\/wp-json\/wp\/v2\/comments?post=560"}],"version-history":[{"count":1,"href":"https:\/\/www.rayuelainfancia.com\/blog\/wp-json\/wp\/v2\/posts\/560\/revisions"}],"predecessor-version":[{"id":1092,"href":"https:\/\/www.rayuelainfancia.com\/blog\/wp-json\/wp\/v2\/posts\/560\/revisions\/1092"}],"wp:featuredmedia":[{"embeddable":true,"href":"https:\/\/www.rayuelainfancia.com\/blog\/wp-json\/wp\/v2\/media\/934"}],"wp:attachment":[{"href":"https:\/\/www.rayuelainfancia.com\/blog\/wp-json\/wp\/v2\/media?parent=560"}],"wp:term":[{"taxonomy":"category","embeddable":true,"href":"https:\/\/www.rayuelainfancia.com\/blog\/wp-json\/wp\/v2\/categories?post=560"},{"taxonomy":"post_tag","embeddable":true,"href":"https:\/\/www.rayuelainfancia.com\/blog\/wp-json\/wp\/v2\/tags?post=560"}],"curies":[{"name":"wp","href":"https:\/\/api.w.org\/{rel}","templated":true}]}}