 {"id":558,"date":"2015-03-10T09:53:05","date_gmt":"2015-03-10T08:53:05","guid":{"rendered":"http:\/\/rayuelainfancia.desarrollotrevenque.com\/blog\/regalos-padres-papa-padre-libros\/"},"modified":"2016-12-14T10:26:44","modified_gmt":"2016-12-14T09:26:44","slug":"regalos-padres-papa-padre-libros","status":"publish","type":"post","link":"https:\/\/www.rayuelainfancia.com\/blog\/regalos-padres-papa-padre-libros\/","title":{"rendered":"19 de marzo:"},"content":{"rendered":"<p><span style=\"font-size: 28pt;\">PAP\u00c1AAAA, CU\u00c9NTAME UN CUENTO, POR FAVOR<\/span><\/p>\n<p><span style=\"font-size: 10pt;\"><span style=\"font-size: 12pt;\"><span style=\"font-size: 10pt;\"><\/span><\/span>Una selecci\u00f3n de libros de pap\u00e1s, para pap\u00e1as para disfrutar siendo pap\u00e1aas.<\/span><\/p>\n<p style=\"text-align: justify;\"><span style=\"font-size: 10pt;\">\u00a1Qu\u00e9 la disfrut\u00e9is!<\/span><\/p>\n<table  class=\" table table-hover\" style=\"border-color: #ebebeb; border-width: 0px; border-style: solid; width: 940px; height: 1045px;\" border=\"0\">\n<tbody>\n<tr>\n<td>\n<p style=\"text-align: justify;\"><img loading=\"lazy\" class=\" size-full wp-image-919\" style=\"border: 1px solid #000000;\" alt=\"dias-hijo\" src=\"http:\/\/rayuelainfancia.desarrollotrevenque.com\/blog\/wp-content\/uploads\/2015\/03\/dias-hijo.jpg\" height=\"400\" width=\"521\" srcset=\"https:\/\/www.rayuelainfancia.com\/blog\/wp-content\/uploads\/2015\/03\/dias-hijo.jpg 521w, https:\/\/www.rayuelainfancia.com\/blog\/wp-content\/uploads\/2015\/03\/dias-hijo-300x230.jpg 300w\" sizes=\"(max-width: 521px) 100vw, 521px\" \/><\/p>\n<p style=\"text-align: justify;\"><a target=\"_blank\" href=\"http:\/\/www.rayuelatiendaonline.com\/libro\/dias-de-hijo_57002\"><img loading=\"lazy\" class=\"decoded size-full wp-image-777\" alt=\"http:\/\/rayuelainfancia.com\/http:\/\/rayuelainfancia.desarrollotrevenque.com\/blog\/wp-content\/uploads\/2009\/11\/comprar.png\" src=\"images\/comprar.png\" height=\"31\" width=\"100\" \/><\/a><\/p>\n<p style=\"text-align: justify;\"><span style=\"font-size: 10pt;\"><strong>\u00abD\u00edas de hijo\u00bb<\/strong> <br \/><\/span><\/p>\n<p style=\"text-align: justify;\"><span style=\"font-size: 10pt;\">&nbsp;&nbsp; Con humor e iron\u00eda, Philip Waechter nos narra la casi incre\u00edble aventura de ser padre. Nos presenta al padre \u00abprimerizo\u00bb, para el que de pronto todo es un peque\u00f1o milagro, que se emociona ante cosas profanas como cambiar los primeros pa\u00f1ales o los primeros dolores de tripa o la \u00abguerra\u00bb con la remolacha roja.<br \/><\/span><\/p>\n<\/td>\n<td style=\"width: 100px;\">\n<p style=\"text-align: justify;\"><span style=\"font-size: 10pt;\"><strong>&nbsp;<\/strong><\/span><\/p>\n<\/td>\n<td style=\"text-align: justify;\">\n<p><img loading=\"lazy\" class=\" size-full wp-image-920\" alt=\"la-padreteca\" src=\"http:\/\/rayuelainfancia.desarrollotrevenque.com\/blog\/wp-content\/uploads\/2015\/03\/la-padreteca.jpg\" height=\"400\" width=\"260\" srcset=\"https:\/\/www.rayuelainfancia.com\/blog\/wp-content\/uploads\/2015\/03\/la-padreteca.jpg 260w, https:\/\/www.rayuelainfancia.com\/blog\/wp-content\/uploads\/2015\/03\/la-padreteca-195x300.jpg 195w\" sizes=\"(max-width: 260px) 100vw, 260px\" \/><\/p>\n<p style=\"text-align: justify;\"><a target=\"_blank\" href=\"http:\/\/www.rayuelatiendaonline.com\/libro\/la-padreteca_53815\"><img loading=\"lazy\" class=\"decoded size-full wp-image-777\" alt=\"http:\/\/rayuelainfancia.com\/http:\/\/rayuelainfancia.desarrollotrevenque.com\/blog\/wp-content\/uploads\/2009\/11\/comprar.png\" src=\"images\/comprar.png\" height=\"31\" width=\"100\" \/><\/a><\/p>\n<p style=\"text-align: justify;\"><span style=\"font-size: 10pt;\"><span style=\"font-size: 10pt;\"><strong>\u00abLa Padreteca\u00bb<\/strong><\/span>&nbsp;<br \/><\/span><\/p>\n<p style=\"text-align: justify;\"><span style=\"font-size: 10pt;\">&nbsp;&nbsp; <span style=\"font-size: 10pt;\">Jaime est\u00e1 enfadado con su padre: siempre tiene prisa y se olvida de todo. Su amiga Elena le cuenta que hay una Padreteca donde puede sacar en pr\u00e9stamo todos los padres que quiera. Jaime prueba suerte con un Padre Organizado, un Padre Listo, un Padre Complaciente&#8230;<\/span><br \/><\/span><\/p>\n<\/td>\n<\/tr>\n<tr>\n<td><\/td>\n<td><\/td>\n<td><\/td>\n<\/tr>\n<tr>\n<td>\n<p>&nbsp;<img loading=\"lazy\" class=\" size-full wp-image-921\" alt=\"p-papa-kalandraka\" src=\"http:\/\/rayuelainfancia.desarrollotrevenque.com\/blog\/wp-content\/uploads\/2015\/03\/p-papa-kalandraka.jpg\" height=\"400\" width=\"400\" srcset=\"https:\/\/www.rayuelainfancia.com\/blog\/wp-content\/uploads\/2015\/03\/p-papa-kalandraka.jpg 400w, https:\/\/www.rayuelainfancia.com\/blog\/wp-content\/uploads\/2015\/03\/p-papa-kalandraka-150x150.jpg 150w, https:\/\/www.rayuelainfancia.com\/blog\/wp-content\/uploads\/2015\/03\/p-papa-kalandraka-300x300.jpg 300w, https:\/\/www.rayuelainfancia.com\/blog\/wp-content\/uploads\/2015\/03\/p-papa-kalandraka-60x60.jpg 60w\" sizes=\"(max-width: 400px) 100vw, 400px\" \/><\/p>\n<p style=\"text-align: justify;\"><a href=\"http:\/\/www.rayuelatiendaonline.com\/busqueda\/listaLibros.php?tipoBus=full&amp;palabrasBusqueda=p+de+papa&amp;boton=Buscar\"><img loading=\"lazy\" class=\"decoded size-full wp-image-777\" alt=\"http:\/\/rayuelainfancia.com\/http:\/\/rayuelainfancia.desarrollotrevenque.com\/blog\/wp-content\/uploads\/2009\/11\/comprar.png\" src=\"images\/comprar.png\" height=\"31\" width=\"100\" \/><\/a><\/p>\n<p style=\"text-align: justify;\"><strong><span style=\"font-size: 10pt;\">\u00abp de pap\u00e1\u00bb<\/span><\/strong><\/p>\n<p style=\"text-align: justify;\"><span style=\"font-size: 10pt;\">P de Pap\u00e1 es un \u00e1lbum ilustrado que nos cuenta las m\u00faltiples facetas que una persona asume en el rol de padre. Los pap\u00e1s pueden convertirse en gr\u00faas cuando necesitamos que nos saquen de un apuro; en tractores, cuando necesitamos que nos lleven a cuesta; en ambulancia, cuando estamos enfermos; en abrigo, cuando necesitamos que nos arropen; en escalera, cuando nos ayudan a subir y tocar las estrellas del cielo&#8230;<br data-mce-bogus=\"1\" \/><\/span><\/p>\n<\/td>\n<td>\n<p>&nbsp;<\/p>\n<\/td>\n<td>\n<p><img loading=\"lazy\" class=\" size-full wp-image-922\" style=\"border: 1px solid #000000;\" alt=\"de-repente-papa\" src=\"http:\/\/rayuelainfancia.desarrollotrevenque.com\/blog\/wp-content\/uploads\/2015\/03\/de-repente-papa.jpg\" height=\"400\" width=\"290\" srcset=\"https:\/\/www.rayuelainfancia.com\/blog\/wp-content\/uploads\/2015\/03\/de-repente-papa.jpg 290w, https:\/\/www.rayuelainfancia.com\/blog\/wp-content\/uploads\/2015\/03\/de-repente-papa-218x300.jpg 218w\" sizes=\"(max-width: 290px) 100vw, 290px\" \/><\/p>\n<p style=\"text-align: justify;\"><a target=\"_blank\" href=\"http:\/\/www.rayuelatiendaonline.com\/busqueda\/sinResultados.php?consulta=T%EDtulo+%3A+y+de+repente+papa+%2F+Autor+%3A+y+de+repente+papa\"><img loading=\"lazy\" class=\"decoded size-full wp-image-777\" alt=\"http:\/\/rayuelainfancia.com\/http:\/\/rayuelainfancia.desarrollotrevenque.com\/blog\/wp-content\/uploads\/2009\/11\/comprar.png\" src=\"images\/comprar.png\" height=\"31\" width=\"100\" \/><\/a><\/p>\n<p style=\"text-align: justify;\"><span style=\"font-size: 10pt;\"><strong>\u00abY de repente pap\u00e1&#8230;\u00bb<\/strong><\/span><\/p>\n<p><span style=\"font-size: 10pt;\">\u00d3scar se convirti\u00f3 en padre y se qued\u00f3 perplejo: esto no era como le hab\u00edan contado. Hacerse cargo de la criatura e intentar conciliar la crianza con su trabajo de ilustrador&#8230; Casi nada. Fue ilustrando el primer a\u00f1o de convivencia con su hijo, reflexionando (con mucho humor) sobre todo lo que estaba viviendo: desde lo complicado que es abrochar los pijamas de beb\u00e9 hasta el sentido m\u00e1s trascendental de la paternidad.<br \/><\/span><\/p>\n<\/td>\n<\/tr>\n<tr>\n<td><\/td>\n<td><\/td>\n<td><\/td>\n<\/tr>\n<tr>\n<td>\n<p><img loading=\"lazy\" class=\" size-full wp-image-923\" alt=\"jeremy-papa\" src=\"http:\/\/rayuelainfancia.desarrollotrevenque.com\/blog\/wp-content\/uploads\/2015\/03\/jeremy-papa.jpg\" height=\"400\" width=\"521\" srcset=\"https:\/\/www.rayuelainfancia.com\/blog\/wp-content\/uploads\/2015\/03\/jeremy-papa.jpg 521w, https:\/\/www.rayuelainfancia.com\/blog\/wp-content\/uploads\/2015\/03\/jeremy-papa-300x230.jpg 300w\" sizes=\"(max-width: 521px) 100vw, 521px\" \/><\/p>\n<p><a target=\"_blank\" href=\"http:\/\/www.rayuelatiendaonline.com\/busqueda\/sinResultados.php?consulta=T%EDtulo+%3A+jeremy+y+papa+%2F+Autor+%3A+jeremy+y+papa\"><strong><span style=\"font-size: 10pt;\"><img loading=\"lazy\" class=\"decoded size-full wp-image-777\" alt=\"http:\/\/rayuelainfancia.com\/http:\/\/rayuelainfancia.desarrollotrevenque.com\/blog\/wp-content\/uploads\/2009\/11\/comprar.png\" src=\"images\/comprar.png\" height=\"31\" width=\"100\" \/><\/span><\/strong><\/a><\/p>\n<p><strong><span style=\"font-size: 10pt;\">\u00abJeremy y pap\u00e1\u00bb<\/span><\/strong><\/p>\n<p><span style=\"font-size: 10pt;\">Un padre a veces es el mejor compa\u00f1ero de juegos de un ni\u00f1o, o un ogro terror\u00edfico&#8230; un aliado contra una madre, o un arma contra un hijo&#8230; La relaci\u00f3n entre un padre y su hijo suele ser un poco confusa, pero si encima el hijo entra en la adolescencia&#8230; <br \/><\/span><\/p>\n<p><span style=\"font-size: 10pt;\">Jeremy y Pap\u00e1 es una compilaci\u00f3n de las tiras de Zits en las que esa extra\u00f1a relaci\u00f3n que tiene un padre con su hijo queda en evidencia en las situaciones m\u00e1s tronchantes. <br data-mce-bogus=\"1\" \/><\/span><\/p>\n<p>&nbsp;<br alt=\"chico manos azules\" src=\"images\/chico_manos_azules.jpg\" height=\"400\" width=\"257\" \/><\/p>\n<\/td>\n<td>\n<p>&nbsp;<\/p>\n<\/td>\n<td>\n<p><img loading=\"lazy\" class=\" size-full wp-image-924\" alt=\"libro-papa-corimbo\" src=\"http:\/\/rayuelainfancia.desarrollotrevenque.com\/blog\/wp-content\/uploads\/2015\/03\/libro-papa-corimbo.jpg\" height=\"320\" width=\"381\" srcset=\"https:\/\/www.rayuelainfancia.com\/blog\/wp-content\/uploads\/2015\/03\/libro-papa-corimbo.jpg 381w, https:\/\/www.rayuelainfancia.com\/blog\/wp-content\/uploads\/2015\/03\/libro-papa-corimbo-300x252.jpg 300w\" sizes=\"(max-width: 381px) 100vw, 381px\" \/>&nbsp;<\/p>\n<p style=\"text-align: justify;\"><a target=\"_blank\" href=\"http:\/\/www.rayuelatiendaonline.com\/busqueda\/sinResultados.php?consulta=T%EDtulo+%3A+papa+%2F+Editorial+%3A+CORIMBO\"><img loading=\"lazy\" class=\"decoded size-full wp-image-777\" alt=\"http:\/\/rayuelainfancia.com\/http:\/\/rayuelainfancia.desarrollotrevenque.com\/blog\/wp-content\/uploads\/2009\/11\/comprar.png\" src=\"images\/comprar.png\" height=\"31\" width=\"100\" \/><\/a><\/p>\n<p style=\"text-align: justify;\"><span style=\"font-size: 10pt;\"><strong>\u00ab\u00a1Pap\u00e1!\u00bb<\/strong><\/span><\/p>\n<p style=\"text-align: justify;\"><span style=\"font-size: 10pt;\">En la cama, leyendo. Enseguifa, durmiendo. Pero de repente&#8230; Se oye un enorme grito. \u00a1Pap\u00e1aaaaaaaa!&#8230;. Una historia de monstruos muy especial. <br \/><\/span><\/p>\n<\/td>\n<\/tr>\n<tr>\n<td>\n<p>&nbsp;<\/p>\n<p><img loading=\"lazy\" class=\" size-full wp-image-925\" alt=\"mi-padre-fue-rey\" src=\"http:\/\/rayuelainfancia.desarrollotrevenque.com\/blog\/wp-content\/uploads\/2015\/03\/mi-padre-fue-rey.jpg\" height=\"400\" width=\"285\" srcset=\"https:\/\/www.rayuelainfancia.com\/blog\/wp-content\/uploads\/2015\/03\/mi-padre-fue-rey.jpg 285w, https:\/\/www.rayuelainfancia.com\/blog\/wp-content\/uploads\/2015\/03\/mi-padre-fue-rey-214x300.jpg 214w\" sizes=\"(max-width: 285px) 100vw, 285px\" \/><\/p>\n<p style=\"text-align: justify;\"><a target=\"_blank\" href=\"http:\/\/www.rayuelatiendaonline.com\/libro\/mi-padre-fue-rey_53465\"><img loading=\"lazy\" class=\"decoded size-full wp-image-777\" alt=\"http:\/\/rayuelainfancia.com\/http:\/\/rayuelainfancia.desarrollotrevenque.com\/blog\/wp-content\/uploads\/2009\/11\/comprar.png\" src=\"images\/comprar.png\" height=\"31\" width=\"100\" \/><\/a><\/p>\n<p style=\"text-align: justify;\"><span style=\"font-size: 10pt;\"><strong>\u00abMi padre fue rey\u00bb<\/strong><\/span><\/p>\n<p style=\"text-align: justify;\"><span style=\"font-size: 10pt;\">Un ni\u00f1o est\u00e1 encantado con su padre hasta el d\u00eda en que aparecen unos se\u00f1ores muy estirados que le proponen a su padre ser rey. Su padre acepta y todo cambia. Se hace muy, muy grande y ya no pueden jugar al escondite, ni vivir en la misma casa. Pero el padre tampoco est\u00e1 contento, se siente muy solo. Entonces devuelve la corona y se convierte de nuevo en el mejor padre del mundo. <br \/><\/span><\/p>\n<\/td>\n<td>\n<p>&nbsp;<\/p>\n<\/td>\n<td>\n<p><img loading=\"lazy\" class=\" size-full wp-image-926\" style=\"border: 1px solid #000000;\" alt=\"no-duemres-osito\" src=\"http:\/\/rayuelainfancia.desarrollotrevenque.com\/blog\/wp-content\/uploads\/2015\/03\/no-duemres-osito.jpg\" height=\"400\" width=\"321\" srcset=\"https:\/\/www.rayuelainfancia.com\/blog\/wp-content\/uploads\/2015\/03\/no-duemres-osito.jpg 321w, https:\/\/www.rayuelainfancia.com\/blog\/wp-content\/uploads\/2015\/03\/no-duemres-osito-241x300.jpg 241w\" sizes=\"(max-width: 321px) 100vw, 321px\" \/>&nbsp;<\/p>\n<p><a target=\"_blank\" href=\"http:\/\/www.rayuelatiendaonline.com\/libro\/no-duermes-osito_70096\"><img loading=\"lazy\" class=\"decoded size-full wp-image-777\" alt=\"http:\/\/rayuelainfancia.com\/http:\/\/rayuelainfancia.desarrollotrevenque.com\/blog\/wp-content\/uploads\/2009\/11\/comprar.png\" src=\"images\/comprar.png\" height=\"31\" width=\"100\" \/><\/a><\/p>\n<p><strong><span style=\"font-size: 10pt;\">\u00ab\u00bfNo duermes osito?\u00bb<\/span><\/strong><\/p>\n<p><span style=\"font-size: 10pt;\">&nbsp;A Oso Peque\u00f1o no ha l\u00e1mpara que le venga bien. Sigue dando vueltas en la cama sin poder dormir porque la cueva est\u00e1 muy oscura, oscur\u00edsima. Oso Grande ya no sabe qu\u00e9 luz encender para aplacar el miedo de Oso Peque\u00f1o hasta que, de pronto, tiene una brillante idea&#8230;<br \/><\/span><\/p>\n<\/td>\n<\/tr>\n<tr>\n<td>\n<p>&nbsp;<\/p>\n<\/td>\n<td>\n<p>&nbsp;<\/p>\n<\/td>\n<td>\n<p>&nbsp;<\/p>\n<\/td>\n<\/tr>\n<tr>\n<td>\n<p>&nbsp;<img loading=\"lazy\" class=\" size-full wp-image-927\" alt=\"papa-oso-a-buen-paso\" src=\"http:\/\/rayuelainfancia.desarrollotrevenque.com\/blog\/wp-content\/uploads\/2015\/03\/papa-oso-a-buen-paso.jpg\" height=\"400\" width=\"321\" srcset=\"https:\/\/www.rayuelainfancia.com\/blog\/wp-content\/uploads\/2015\/03\/papa-oso-a-buen-paso.jpg 321w, https:\/\/www.rayuelainfancia.com\/blog\/wp-content\/uploads\/2015\/03\/papa-oso-a-buen-paso-241x300.jpg 241w\" sizes=\"(max-width: 321px) 100vw, 321px\" \/><\/p>\n<p><a target=\"_blank\" href=\"http:\/\/www.rayuelatiendaonline.com\/busqueda\/sinResultados.php?consulta=T%EDtulo+%3A+papa+oso+%2F+Autor+%3A+papa+oso\"><img loading=\"lazy\" class=\"decoded size-full wp-image-777\" alt=\"http:\/\/rayuelainfancia.com\/http:\/\/rayuelainfancia.desarrollotrevenque.com\/blog\/wp-content\/uploads\/2009\/11\/comprar.png\" src=\"images\/comprar.png\" height=\"31\" width=\"100\" \/><\/a><\/p>\n<p><span style=\"font-size: 10pt;\"><strong>\u00abPap\u00e1 Oso\u00bb<\/strong><\/span><\/p>\n<p><span style=\"font-size: 10pt;\">Ana es una ni\u00f1a que lleva una vida normal hasta el d\u00eda en el que su pap\u00e1 cambia de trabajo y empieza a portarse como un oso. La madre de Ana le explica que es todo culpa del se\u00f1or Estr\u00e9s. Ana decidir\u00e1 entonces encontrar al se\u00f1or Estr\u00e9s para pedirle que deje en paz a su padre&#8230; <\/span><\/p>\n<\/td>\n<td>\n<p>&nbsp;<\/p>\n<\/td>\n<td>\n<p><img loading=\"lazy\" class=\" size-full wp-image-928\" style=\"border: 1px solid #000000;\" alt=\"papa-por-favor-consigueme-luna\" src=\"http:\/\/rayuelainfancia.desarrollotrevenque.com\/blog\/wp-content\/uploads\/2015\/03\/papa-por-favor-consigueme-luna.jpg\" height=\"400\" width=\"290\" srcset=\"https:\/\/www.rayuelainfancia.com\/blog\/wp-content\/uploads\/2015\/03\/papa-por-favor-consigueme-luna.jpg 290w, https:\/\/www.rayuelainfancia.com\/blog\/wp-content\/uploads\/2015\/03\/papa-por-favor-consigueme-luna-218x300.jpg 218w\" sizes=\"(max-width: 290px) 100vw, 290px\" \/><\/p>\n<p><a target=\"_blank\" href=\"http:\/\/www.rayuelatiendaonline.com\/busqueda\/sinResultados.php?consulta=T%EDtulo+%3A+papa+luna+%2F+Autor+%3A+papa+luna\"><img loading=\"lazy\" class=\"decoded size-full wp-image-777\" alt=\"http:\/\/rayuelainfancia.com\/http:\/\/rayuelainfancia.desarrollotrevenque.com\/blog\/wp-content\/uploads\/2009\/11\/comprar.png\" src=\"images\/comprar.png\" height=\"31\" width=\"100\" \/><\/a><\/p>\n<p style=\"text-align: justify;\"><span style=\"font-size: 10pt;\"><strong>\u00abPap\u00e1, por favor, cons\u00edgueme la luna\u00bb<\/strong><\/span><\/p>\n<p><span style=\"font-size: 10pt;\">M\u00f3nica quer\u00eda jugar con la luna, as\u00ed que le pidi\u00f3 a su pap\u00e1 que se la bajase. El pap\u00e1 trajo una escalera largu\u00edsima y trep\u00f3 hasta llegar a ella. La luna era demasiado grande, pero le prometi\u00f3 que cada noche se har\u00eda m\u00e1s peque\u00f1a y entonces se la podr\u00eda llevar&#8230;<br \/><\/span><\/p>\n<\/td>\n<\/tr>\n<tr>\n<td>\n<p>&nbsp;<\/p>\n<\/td>\n<td>\n<p>&nbsp;<\/p>\n<\/td>\n<td>\n<p>&nbsp;<\/p>\n<\/td>\n<\/tr>\n<tr>\n<td>\n<p>&nbsp;<img loading=\"lazy\" class=\" size-full wp-image-929\" alt=\"papa-tatuado-libro\" src=\"http:\/\/rayuelainfancia.desarrollotrevenque.com\/blog\/wp-content\/uploads\/2015\/03\/papa-tatuado-libro.jpg\" height=\"400\" width=\"284\" srcset=\"https:\/\/www.rayuelainfancia.com\/blog\/wp-content\/uploads\/2015\/03\/papa-tatuado-libro.jpg 284w, https:\/\/www.rayuelainfancia.com\/blog\/wp-content\/uploads\/2015\/03\/papa-tatuado-libro-213x300.jpg 213w\" sizes=\"(max-width: 284px) 100vw, 284px\" \/><\/p>\n<p><a target=\"_blank\" href=\"http:\/\/www.rayuelatiendaonline.com\/libro\/papa-tatuado_69039\"><img loading=\"lazy\" class=\"decoded size-full wp-image-777\" alt=\"http:\/\/rayuelainfancia.com\/http:\/\/rayuelainfancia.desarrollotrevenque.com\/blog\/wp-content\/uploads\/2009\/11\/comprar.png\" src=\"images\/comprar.png\" height=\"31\" width=\"100\" \/><\/a><\/p>\n<p><strong><span style=\"font-size: 10pt;\">\u00abPap\u00e1 tatuado\u00bb<\/span><\/strong><\/p>\n<p><span style=\"font-size: 10pt;\">Pap\u00e1 va y viene, como el d\u00eda y la noche. Pap\u00e1 est\u00e1 siempre lejos, pero cuando llega a casa, le cuenta a su hijo las historias fant\u00e1sticas contenidas en los tatuajes dibujados en su cuerpo. Nunca la piel jug\u00f3 un rol tan importante como en el caso de este Pap\u00e1 tatuado, solo hace falta abrir el libro, abalanzarse sobre la primera p\u00e1gina, vigilar sin que se note que lo hacemos, agudizar el o\u00eddo y estar atento al gru\u00f1ir de los tatuajes: la aventura nos atacar\u00e1 cuando menos lo esperemos.<\/span><\/p>\n<\/td>\n<td>\n<p>&nbsp;<\/p>\n<\/td>\n<td>\n<p>&nbsp;<img loading=\"lazy\" class=\" size-full wp-image-930\" alt=\"papaaa libro\" src=\"http:\/\/rayuelainfancia.desarrollotrevenque.com\/blog\/wp-content\/uploads\/2015\/03\/papaaa_libro.jpg\" height=\"400\" width=\"400\" srcset=\"https:\/\/www.rayuelainfancia.com\/blog\/wp-content\/uploads\/2015\/03\/papaaa_libro.jpg 400w, https:\/\/www.rayuelainfancia.com\/blog\/wp-content\/uploads\/2015\/03\/papaaa_libro-150x150.jpg 150w, https:\/\/www.rayuelainfancia.com\/blog\/wp-content\/uploads\/2015\/03\/papaaa_libro-300x300.jpg 300w, https:\/\/www.rayuelainfancia.com\/blog\/wp-content\/uploads\/2015\/03\/papaaa_libro-60x60.jpg 60w\" sizes=\"(max-width: 400px) 100vw, 400px\" \/><\/p>\n<p><a target=\"_blank\" href=\"http:\/\/www.rayuelatiendaonline.com\/libro\/papaaa-_57550\"><img loading=\"lazy\" class=\"decoded size-full wp-image-777\" alt=\"http:\/\/rayuelainfancia.com\/http:\/\/rayuelainfancia.desarrollotrevenque.com\/blog\/wp-content\/uploads\/2009\/11\/comprar.png\" src=\"images\/comprar.png\" height=\"31\" width=\"100\" \/><\/a><\/p>\n<p><span style=\"font-size: 10pt;\"><strong>\u00ab\u00a1\u00a1\u00a1Pap\u00e1aa&#8230;!!!\u00bb<\/strong><\/span><\/p>\n<p><span style=\"font-size: 10pt;\">Los ni\u00f1os no siempre \u00absue\u00f1an con los angelitos\u00bb, a pesar del deseo de los mayores. Lo sabe muy bien el protagonista de este cuento, quien por las noches tiene que enfrentarse nada menos que a barcos piratas, tiburones, al S\u00e9ptimo de Caballer\u00eda, a una legi\u00f3n de momias, a monstruos, seres terror\u00edficos y animales salvajes, hasta que consigue dar la voz de alarma. De inmediato su padre acude a la llamada y logra ahuyentar todos los peligros&#8230; Despu\u00e9s, llega el sue\u00f1o feliz.<\/span><\/p>\n<\/td>\n<\/tr>\n<tr>\n<td>\n<p>&nbsp;<\/p>\n<\/td>\n<td>\n<p>&nbsp;<\/p>\n<\/td>\n<td>\n<p style=\"text-align: justify;\">&nbsp;<\/p>\n<\/td>\n<\/tr>\n<tr>\n<td>\n<p>&nbsp;<\/p>\n<p><img loading=\"lazy\" class=\" size-full wp-image-931\" alt=\"mi-papa\" src=\"http:\/\/rayuelainfancia.desarrollotrevenque.com\/blog\/wp-content\/uploads\/2015\/03\/mi-papa.jpg\" height=\"400\" width=\"308\" srcset=\"https:\/\/www.rayuelainfancia.com\/blog\/wp-content\/uploads\/2015\/03\/mi-papa.jpg 308w, https:\/\/www.rayuelainfancia.com\/blog\/wp-content\/uploads\/2015\/03\/mi-papa-231x300.jpg 231w\" sizes=\"(max-width: 308px) 100vw, 308px\" \/><\/p>\n<p style=\"text-align: justify;\"><a href=\"http:\/\/www.rayuelatiendaonline.com\/busqueda\/sinResultados.php?consulta=T%EDtulo+%3A+mi+papa+%2F+Editorial+%3A+KOKINOS\"><img loading=\"lazy\" class=\"decoded size-full wp-image-777\" alt=\"http:\/\/rayuelainfancia.com\/http:\/\/rayuelainfancia.desarrollotrevenque.com\/blog\/wp-content\/uploads\/2009\/11\/comprar.png\" src=\"images\/comprar.png\" height=\"31\" width=\"100\" \/><\/a><\/p>\n<p style=\"text-align: justify;\"><strong><span style=\"font-size: 10pt;\">\u00abMi pap\u00e1\u00bb<\/span><\/strong><\/p>\n<p style=\"text-align: justify;\"><span style=\"font-size: 10pt;\">\u00abPapa\u00edto querido&#8230;ya es tarde, hay que irse a la cama para estar en plena forma por la ma\u00f1ana\u00bb. \u00ab\u00a1No, no, no! \u00a1No quiero!\u00bb grita pap\u00e1 correteando por todas las habitaciones de la casa\u00bb.<br \/>Mi pap\u00e1 es una bella historia que nos cuenta, con much\u00edsimo humor, las peripecias que un ni\u00f1o tiene que hacer y las audaces ideas a las que tiene que acudir para poder enviar a su papa\u00edto querido a la cama.<\/span><\/p>\n<\/td>\n<td>\n<p>&nbsp;<\/p>\n<\/td>\n<td>\n<p style=\"text-align: justify;\">&nbsp;<img loading=\"lazy\" class=\" size-full wp-image-932\" alt=\"todos-papas\" src=\"http:\/\/rayuelainfancia.desarrollotrevenque.com\/blog\/wp-content\/uploads\/2015\/03\/todos-papas.jpg\" height=\"353\" width=\"351\" srcset=\"https:\/\/www.rayuelainfancia.com\/blog\/wp-content\/uploads\/2015\/03\/todos-papas.jpg 351w, https:\/\/www.rayuelainfancia.com\/blog\/wp-content\/uploads\/2015\/03\/todos-papas-150x150.jpg 150w, https:\/\/www.rayuelainfancia.com\/blog\/wp-content\/uploads\/2015\/03\/todos-papas-298x300.jpg 298w, https:\/\/www.rayuelainfancia.com\/blog\/wp-content\/uploads\/2015\/03\/todos-papas-60x60.jpg 60w\" sizes=\"(max-width: 351px) 100vw, 351px\" \/><\/p>\n<p><a target=\"_blank\" href=\"http:\/\/www.rayuelatiendaonline.com\/busqueda\/sinResultados.php?consulta=T%EDtulo+%3A+todos+los+papas+%2F+Autor+%3A+todos+los+papas\"><img loading=\"lazy\" class=\"decoded size-full wp-image-777\" alt=\"http:\/\/rayuelainfancia.com\/http:\/\/rayuelainfancia.desarrollotrevenque.com\/blog\/wp-content\/uploads\/2009\/11\/comprar.png\" src=\"images\/comprar.png\" height=\"31\" width=\"100\" \/><\/a><\/p>\n<p style=\"text-align: justify;\"><span style=\"font-size: 10pt;\"><strong>\u00abTodos los pap\u00e1s\u00bb<\/strong><\/span><\/p>\n<p><span style=\"font-size: 10pt;\">Pap\u00e1 lobo no da miedo, pap\u00e1 oso es blandito, pap\u00e1 nube parece de algod\u00f3n y pap\u00e1 pastel es apetitoso. \u00bfA qu\u00e9 se parece pap\u00e1 barco?<\/span><\/p>\n<\/td>\n<\/tr>\n<\/tbody>\n<\/table>\n","protected":false},"excerpt":{"rendered":"<p>PAP\u00c1AAAA, CU\u00c9NTAME UN CUENTO, POR FAVOR Una selecci\u00f3n de libros de pap\u00e1s, para pap\u00e1as para disfrutar siendo pap\u00e1aas. \u00a1Qu\u00e9 la disfrut\u00e9is! \u00abD\u00edas de hijo\u00bb &nbsp;&nbsp; Con humor e iron\u00eda, Philip Waechter nos narra la casi incre\u00edble aventura de ser padre. Nos presenta al padre \u00abprimerizo\u00bb, para el que de pronto todo es un peque\u00f1o milagro, [&hellip;]<\/p>\n","protected":false},"author":3,"featured_media":919,"comment_status":"open","ping_status":"open","sticky":false,"template":"","format":"standard","meta":[],"categories":[18],"tags":[],"yoast_head":"<!-- This site is optimized with the Yoast SEO plugin v18.5.1 - https:\/\/yoast.com\/wordpress\/plugins\/seo\/ -->\n<title>19 de marzo: &#8902; Blog de Rayuelainfancia<\/title>\n<meta name=\"robots\" content=\"index, follow, max-snippet:-1, max-image-preview:large, max-video-preview:-1\" \/>\n<link rel=\"canonical\" href=\"https:\/\/www.rayuelainfancia.com\/blog\/regalos-padres-papa-padre-libros\/\" \/>\n<meta property=\"og:locale\" content=\"es_ES\" \/>\n<meta property=\"og:type\" content=\"article\" \/>\n<meta property=\"og:title\" content=\"19 de marzo: &#8902; Blog de Rayuelainfancia\" \/>\n<meta property=\"og:description\" content=\"PAP\u00c1AAAA, CU\u00c9NTAME UN CUENTO, POR FAVOR Una selecci\u00f3n de libros de pap\u00e1s, para pap\u00e1as para disfrutar siendo pap\u00e1aas. \u00a1Qu\u00e9 la disfrut\u00e9is! \u00abD\u00edas de hijo\u00bb &nbsp;&nbsp; Con humor e iron\u00eda, Philip Waechter nos narra la casi incre\u00edble aventura de ser padre. Nos presenta al padre \u00abprimerizo\u00bb, para el que de pronto todo es un peque\u00f1o milagro, [&hellip;]\" \/>\n<meta property=\"og:url\" content=\"https:\/\/www.rayuelainfancia.com\/blog\/regalos-padres-papa-padre-libros\/\" \/>\n<meta property=\"og:site_name\" content=\"Blog de Rayuelainfancia\" \/>\n<meta property=\"article:publisher\" content=\"https:\/\/www.facebook.com\/pages\/Librer\u00eda-Rayuela\/251861686361\" \/>\n<meta property=\"article:published_time\" content=\"2015-03-10T08:53:05+00:00\" \/>\n<meta property=\"article:modified_time\" content=\"2016-12-14T09:26:44+00:00\" \/>\n<meta property=\"og:image\" content=\"https:\/\/www.rayuelainfancia.com\/blog\/wp-content\/uploads\/2015\/03\/dias-hijo.jpg\" \/>\n\t<meta property=\"og:image:width\" content=\"521\" \/>\n\t<meta property=\"og:image:height\" content=\"400\" \/>\n\t<meta property=\"og:image:type\" content=\"image\/jpeg\" \/>\n<meta name=\"twitter:card\" content=\"summary\" \/>\n<meta name=\"twitter:creator\" content=\"@Rayuelainfancia\" \/>\n<meta name=\"twitter:site\" content=\"@Rayuelainfancia\" \/>\n<meta name=\"twitter:label1\" content=\"Written by\" \/>\n\t<meta name=\"twitter:data1\" content=\"Miguel Escalera Nieto\" \/>\n\t<meta name=\"twitter:label2\" content=\"Est. reading time\" \/>\n\t<meta name=\"twitter:data2\" content=\"5 minutos\" \/>\n<script type=\"application\/ld+json\" class=\"yoast-schema-graph\">{\"@context\":\"https:\/\/schema.org\",\"@graph\":[{\"@type\":\"Organization\",\"@id\":\"https:\/\/www.rayuelainfancia.com\/blog\/#organization\",\"name\":\"Rayuelainfancia\",\"url\":\"https:\/\/www.rayuelainfancia.com\/blog\/\",\"sameAs\":[\"https:\/\/www.facebook.com\/pages\/Librer\u00eda-Rayuela\/251861686361\",\"https:\/\/www.youtube.com\/channel\/UCddVaoDjpTp-DexyEVoyazQ\",\"https:\/\/twitter.com\/Rayuelainfancia\"],\"logo\":{\"@type\":\"ImageObject\",\"@id\":\"https:\/\/www.rayuelainfancia.com\/blog\/#logo\",\"inLanguage\":\"es\",\"url\":\"https:\/\/www.rayuelainfancia.com\/blog\/wp-content\/uploads\/2018\/06\/logo-rayuelainfancia-color-corporativo.png\",\"contentUrl\":\"https:\/\/www.rayuelainfancia.com\/blog\/wp-content\/uploads\/2018\/06\/logo-rayuelainfancia-color-corporativo.png\",\"width\":1200,\"height\":680,\"caption\":\"Rayuelainfancia\"},\"image\":{\"@id\":\"https:\/\/www.rayuelainfancia.com\/blog\/#logo\"}},{\"@type\":\"WebSite\",\"@id\":\"https:\/\/www.rayuelainfancia.com\/blog\/#website\",\"url\":\"https:\/\/www.rayuelainfancia.com\/blog\/\",\"name\":\"Blog de Rayuelainfancia\",\"description\":\"Libros infantiles y juegos educaticos respestuosos con la infancia\",\"publisher\":{\"@id\":\"https:\/\/www.rayuelainfancia.com\/blog\/#organization\"},\"potentialAction\":[{\"@type\":\"SearchAction\",\"target\":{\"@type\":\"EntryPoint\",\"urlTemplate\":\"https:\/\/www.rayuelainfancia.com\/blog\/?s={search_term_string}\"},\"query-input\":\"required name=search_term_string\"}],\"inLanguage\":\"es\"},{\"@type\":\"ImageObject\",\"@id\":\"https:\/\/www.rayuelainfancia.com\/blog\/regalos-padres-papa-padre-libros\/#primaryimage\",\"inLanguage\":\"es\",\"url\":\"https:\/\/www.rayuelainfancia.com\/blog\/wp-content\/uploads\/2015\/03\/dias-hijo.jpg\",\"contentUrl\":\"https:\/\/www.rayuelainfancia.com\/blog\/wp-content\/uploads\/2015\/03\/dias-hijo.jpg\",\"width\":521,\"height\":400,\"caption\":\"dias-hijo\"},{\"@type\":\"WebPage\",\"@id\":\"https:\/\/www.rayuelainfancia.com\/blog\/regalos-padres-papa-padre-libros\/#webpage\",\"url\":\"https:\/\/www.rayuelainfancia.com\/blog\/regalos-padres-papa-padre-libros\/\",\"name\":\"19 de marzo: &#8902; Blog de Rayuelainfancia\",\"isPartOf\":{\"@id\":\"https:\/\/www.rayuelainfancia.com\/blog\/#website\"},\"primaryImageOfPage\":{\"@id\":\"https:\/\/www.rayuelainfancia.com\/blog\/regalos-padres-papa-padre-libros\/#primaryimage\"},\"datePublished\":\"2015-03-10T08:53:05+00:00\",\"dateModified\":\"2016-12-14T09:26:44+00:00\",\"breadcrumb\":{\"@id\":\"https:\/\/www.rayuelainfancia.com\/blog\/regalos-padres-papa-padre-libros\/#breadcrumb\"},\"inLanguage\":\"es\",\"potentialAction\":[{\"@type\":\"ReadAction\",\"target\":[\"https:\/\/www.rayuelainfancia.com\/blog\/regalos-padres-papa-padre-libros\/\"]}]},{\"@type\":\"BreadcrumbList\",\"@id\":\"https:\/\/www.rayuelainfancia.com\/blog\/regalos-padres-papa-padre-libros\/#breadcrumb\",\"itemListElement\":[{\"@type\":\"ListItem\",\"position\":1,\"name\":\"Portada\",\"item\":\"https:\/\/www.rayuelainfancia.com\/blog\/\"},{\"@type\":\"ListItem\",\"position\":2,\"name\":\"19 de marzo:\"}]},{\"@type\":\"Article\",\"@id\":\"https:\/\/www.rayuelainfancia.com\/blog\/regalos-padres-papa-padre-libros\/#article\",\"isPartOf\":{\"@id\":\"https:\/\/www.rayuelainfancia.com\/blog\/regalos-padres-papa-padre-libros\/#webpage\"},\"author\":{\"@id\":\"https:\/\/www.rayuelainfancia.com\/blog\/#\/schema\/person\/41147ec5e3c2cc1be6e2c4520a099ebb\"},\"headline\":\"19 de marzo:\",\"datePublished\":\"2015-03-10T08:53:05+00:00\",\"dateModified\":\"2016-12-14T09:26:44+00:00\",\"mainEntityOfPage\":{\"@id\":\"https:\/\/www.rayuelainfancia.com\/blog\/regalos-padres-papa-padre-libros\/#webpage\"},\"wordCount\":1006,\"commentCount\":0,\"publisher\":{\"@id\":\"https:\/\/www.rayuelainfancia.com\/blog\/#organization\"},\"image\":{\"@id\":\"https:\/\/www.rayuelainfancia.com\/blog\/regalos-padres-papa-padre-libros\/#primaryimage\"},\"thumbnailUrl\":\"https:\/\/www.rayuelainfancia.com\/blog\/wp-content\/uploads\/2015\/03\/dias-hijo.jpg\",\"articleSection\":[\"Actividades Cuentacuentos\"],\"inLanguage\":\"es\",\"potentialAction\":[{\"@type\":\"CommentAction\",\"name\":\"Comment\",\"target\":[\"https:\/\/www.rayuelainfancia.com\/blog\/regalos-padres-papa-padre-libros\/#respond\"]}]},{\"@type\":\"Person\",\"@id\":\"https:\/\/www.rayuelainfancia.com\/blog\/#\/schema\/person\/41147ec5e3c2cc1be6e2c4520a099ebb\",\"name\":\"Miguel Escalera Nieto\",\"image\":{\"@type\":\"ImageObject\",\"@id\":\"https:\/\/www.rayuelainfancia.com\/blog\/#personlogo\",\"inLanguage\":\"es\",\"url\":\"https:\/\/secure.gravatar.com\/avatar\/73bd613c804680e46df318e272f0e837?s=96&d=mm&r=g\",\"contentUrl\":\"https:\/\/secure.gravatar.com\/avatar\/73bd613c804680e46df318e272f0e837?s=96&d=mm&r=g\",\"caption\":\"Miguel Escalera Nieto\"}}]}<\/script>\n<!-- \/ Yoast SEO plugin. -->","yoast_head_json":{"title":"19 de marzo: &#8902; Blog de Rayuelainfancia","robots":{"index":"index","follow":"follow","max-snippet":"max-snippet:-1","max-image-preview":"max-image-preview:large","max-video-preview":"max-video-preview:-1"},"canonical":"https:\/\/www.rayuelainfancia.com\/blog\/regalos-padres-papa-padre-libros\/","og_locale":"es_ES","og_type":"article","og_title":"19 de marzo: &#8902; Blog de Rayuelainfancia","og_description":"PAP\u00c1AAAA, CU\u00c9NTAME UN CUENTO, POR FAVOR Una selecci\u00f3n de libros de pap\u00e1s, para pap\u00e1as para disfrutar siendo pap\u00e1aas. \u00a1Qu\u00e9 la disfrut\u00e9is! \u00abD\u00edas de hijo\u00bb &nbsp;&nbsp; Con humor e iron\u00eda, Philip Waechter nos narra la casi incre\u00edble aventura de ser padre. Nos presenta al padre \u00abprimerizo\u00bb, para el que de pronto todo es un peque\u00f1o milagro, [&hellip;]","og_url":"https:\/\/www.rayuelainfancia.com\/blog\/regalos-padres-papa-padre-libros\/","og_site_name":"Blog de Rayuelainfancia","article_publisher":"https:\/\/www.facebook.com\/pages\/Librer\u00eda-Rayuela\/251861686361","article_published_time":"2015-03-10T08:53:05+00:00","article_modified_time":"2016-12-14T09:26:44+00:00","og_image":[{"width":521,"height":400,"url":"https:\/\/www.rayuelainfancia.com\/blog\/wp-content\/uploads\/2015\/03\/dias-hijo.jpg","type":"image\/jpeg"}],"twitter_card":"summary","twitter_creator":"@Rayuelainfancia","twitter_site":"@Rayuelainfancia","twitter_misc":{"Written by":"Miguel Escalera Nieto","Est. reading time":"5 minutos"},"schema":{"@context":"https:\/\/schema.org","@graph":[{"@type":"Organization","@id":"https:\/\/www.rayuelainfancia.com\/blog\/#organization","name":"Rayuelainfancia","url":"https:\/\/www.rayuelainfancia.com\/blog\/","sameAs":["https:\/\/www.facebook.com\/pages\/Librer\u00eda-Rayuela\/251861686361","https:\/\/www.youtube.com\/channel\/UCddVaoDjpTp-DexyEVoyazQ","https:\/\/twitter.com\/Rayuelainfancia"],"logo":{"@type":"ImageObject","@id":"https:\/\/www.rayuelainfancia.com\/blog\/#logo","inLanguage":"es","url":"https:\/\/www.rayuelainfancia.com\/blog\/wp-content\/uploads\/2018\/06\/logo-rayuelainfancia-color-corporativo.png","contentUrl":"https:\/\/www.rayuelainfancia.com\/blog\/wp-content\/uploads\/2018\/06\/logo-rayuelainfancia-color-corporativo.png","width":1200,"height":680,"caption":"Rayuelainfancia"},"image":{"@id":"https:\/\/www.rayuelainfancia.com\/blog\/#logo"}},{"@type":"WebSite","@id":"https:\/\/www.rayuelainfancia.com\/blog\/#website","url":"https:\/\/www.rayuelainfancia.com\/blog\/","name":"Blog de Rayuelainfancia","description":"Libros infantiles y juegos educaticos respestuosos con la infancia","publisher":{"@id":"https:\/\/www.rayuelainfancia.com\/blog\/#organization"},"potentialAction":[{"@type":"SearchAction","target":{"@type":"EntryPoint","urlTemplate":"https:\/\/www.rayuelainfancia.com\/blog\/?s={search_term_string}"},"query-input":"required name=search_term_string"}],"inLanguage":"es"},{"@type":"ImageObject","@id":"https:\/\/www.rayuelainfancia.com\/blog\/regalos-padres-papa-padre-libros\/#primaryimage","inLanguage":"es","url":"https:\/\/www.rayuelainfancia.com\/blog\/wp-content\/uploads\/2015\/03\/dias-hijo.jpg","contentUrl":"https:\/\/www.rayuelainfancia.com\/blog\/wp-content\/uploads\/2015\/03\/dias-hijo.jpg","width":521,"height":400,"caption":"dias-hijo"},{"@type":"WebPage","@id":"https:\/\/www.rayuelainfancia.com\/blog\/regalos-padres-papa-padre-libros\/#webpage","url":"https:\/\/www.rayuelainfancia.com\/blog\/regalos-padres-papa-padre-libros\/","name":"19 de marzo: &#8902; Blog de Rayuelainfancia","isPartOf":{"@id":"https:\/\/www.rayuelainfancia.com\/blog\/#website"},"primaryImageOfPage":{"@id":"https:\/\/www.rayuelainfancia.com\/blog\/regalos-padres-papa-padre-libros\/#primaryimage"},"datePublished":"2015-03-10T08:53:05+00:00","dateModified":"2016-12-14T09:26:44+00:00","breadcrumb":{"@id":"https:\/\/www.rayuelainfancia.com\/blog\/regalos-padres-papa-padre-libros\/#breadcrumb"},"inLanguage":"es","potentialAction":[{"@type":"ReadAction","target":["https:\/\/www.rayuelainfancia.com\/blog\/regalos-padres-papa-padre-libros\/"]}]},{"@type":"BreadcrumbList","@id":"https:\/\/www.rayuelainfancia.com\/blog\/regalos-padres-papa-padre-libros\/#breadcrumb","itemListElement":[{"@type":"ListItem","position":1,"name":"Portada","item":"https:\/\/www.rayuelainfancia.com\/blog\/"},{"@type":"ListItem","position":2,"name":"19 de marzo:"}]},{"@type":"Article","@id":"https:\/\/www.rayuelainfancia.com\/blog\/regalos-padres-papa-padre-libros\/#article","isPartOf":{"@id":"https:\/\/www.rayuelainfancia.com\/blog\/regalos-padres-papa-padre-libros\/#webpage"},"author":{"@id":"https:\/\/www.rayuelainfancia.com\/blog\/#\/schema\/person\/41147ec5e3c2cc1be6e2c4520a099ebb"},"headline":"19 de marzo:","datePublished":"2015-03-10T08:53:05+00:00","dateModified":"2016-12-14T09:26:44+00:00","mainEntityOfPage":{"@id":"https:\/\/www.rayuelainfancia.com\/blog\/regalos-padres-papa-padre-libros\/#webpage"},"wordCount":1006,"commentCount":0,"publisher":{"@id":"https:\/\/www.rayuelainfancia.com\/blog\/#organization"},"image":{"@id":"https:\/\/www.rayuelainfancia.com\/blog\/regalos-padres-papa-padre-libros\/#primaryimage"},"thumbnailUrl":"https:\/\/www.rayuelainfancia.com\/blog\/wp-content\/uploads\/2015\/03\/dias-hijo.jpg","articleSection":["Actividades Cuentacuentos"],"inLanguage":"es","potentialAction":[{"@type":"CommentAction","name":"Comment","target":["https:\/\/www.rayuelainfancia.com\/blog\/regalos-padres-papa-padre-libros\/#respond"]}]},{"@type":"Person","@id":"https:\/\/www.rayuelainfancia.com\/blog\/#\/schema\/person\/41147ec5e3c2cc1be6e2c4520a099ebb","name":"Miguel Escalera Nieto","image":{"@type":"ImageObject","@id":"https:\/\/www.rayuelainfancia.com\/blog\/#personlogo","inLanguage":"es","url":"https:\/\/secure.gravatar.com\/avatar\/73bd613c804680e46df318e272f0e837?s=96&d=mm&r=g","contentUrl":"https:\/\/secure.gravatar.com\/avatar\/73bd613c804680e46df318e272f0e837?s=96&d=mm&r=g","caption":"Miguel Escalera Nieto"}}]}},"_links":{"self":[{"href":"https:\/\/www.rayuelainfancia.com\/blog\/wp-json\/wp\/v2\/posts\/558"}],"collection":[{"href":"https:\/\/www.rayuelainfancia.com\/blog\/wp-json\/wp\/v2\/posts"}],"about":[{"href":"https:\/\/www.rayuelainfancia.com\/blog\/wp-json\/wp\/v2\/types\/post"}],"author":[{"embeddable":true,"href":"https:\/\/www.rayuelainfancia.com\/blog\/wp-json\/wp\/v2\/users\/3"}],"replies":[{"embeddable":true,"href":"https:\/\/www.rayuelainfancia.com\/blog\/wp-json\/wp\/v2\/comments?post=558"}],"version-history":[{"count":1,"href":"https:\/\/www.rayuelainfancia.com\/blog\/wp-json\/wp\/v2\/posts\/558\/revisions"}],"predecessor-version":[{"id":1093,"href":"https:\/\/www.rayuelainfancia.com\/blog\/wp-json\/wp\/v2\/posts\/558\/revisions\/1093"}],"wp:featuredmedia":[{"embeddable":true,"href":"https:\/\/www.rayuelainfancia.com\/blog\/wp-json\/wp\/v2\/media\/919"}],"wp:attachment":[{"href":"https:\/\/www.rayuelainfancia.com\/blog\/wp-json\/wp\/v2\/media?parent=558"}],"wp:term":[{"taxonomy":"category","embeddable":true,"href":"https:\/\/www.rayuelainfancia.com\/blog\/wp-json\/wp\/v2\/categories?post=558"},{"taxonomy":"post_tag","embeddable":true,"href":"https:\/\/www.rayuelainfancia.com\/blog\/wp-json\/wp\/v2\/tags?post=558"}],"curies":[{"name":"wp","href":"https:\/\/api.w.org\/{rel}","templated":true}]}}