 {"id":556,"date":"2015-03-03T09:26:50","date_gmt":"2015-03-03T08:26:50","guid":{"rendered":"http:\/\/rayuelainfancia.desarrollotrevenque.com\/blog\/el-bosque-prohibido\/"},"modified":"2015-03-03T09:26:50","modified_gmt":"2015-03-03T08:26:50","slug":"el-bosque-prohibido","status":"publish","type":"post","link":"https:\/\/www.rayuelainfancia.com\/blog\/el-bosque-prohibido\/","title":{"rendered":"EL BOSQUE PROHIBIDO"},"content":{"rendered":"<p><img loading=\"lazy\" class=\" size-full wp-image-918\" alt=\"web bosque prohibido\" src=\"http:\/\/rayuelainfancia.desarrollotrevenque.com\/blog\/wp-content\/uploads\/2015\/03\/web_bosque_prohibido.jpg\" height=\"445\" width=\"630\" srcset=\"https:\/\/www.rayuelainfancia.com\/blog\/wp-content\/uploads\/2015\/03\/web_bosque_prohibido.jpg 630w, https:\/\/www.rayuelainfancia.com\/blog\/wp-content\/uploads\/2015\/03\/web_bosque_prohibido-300x212.jpg 300w\" sizes=\"(max-width: 630px) 100vw, 630px\" \/><\/p>\n<p><span style=\"font-size: 14pt;\">S\u00c1BADO 7 DE MARZO A LAS 12:00, EN RAYUELA: <\/span><\/p>\n<p><span style=\"font-size: 14pt;\">EL BOSQUE PROHIBIDO<\/span><\/p>\n<p style=\"text-align: justify;\"><span style=\"font-size: 10pt;\">Hubo una vez un bosque tenebroso. Tan, tan tenebroso que lo llamaban el Bosque Prohibido. En \u00e9l nadie se atrev\u00eda a entrar\u2026 \u00a1bueno!, nadie, nadie, no\u2026 una joven llamada Mariquilla s\u00ed que se atrevi\u00f3.\u00a1Y se enfrent\u00f3 al drag\u00f3n ella sola!. Todo ocurri\u00f3 porque\u2026 \u00bfQuieres que te lo contemos?<\/span><\/p>\n<p style=\"text-align: justify;\"><span style=\"font-size: 10pt;\">VEN a Rayuela y disfruta con nosotros, si tienes entre 4 y 104 a\u00f1os. Este espect\u00e1culo de teatro de t\u00edteres est\u00e1 esperandote.<\/span><\/p>\n<div id=\"photos\"><\/div>\n<p> <iframe loading=\"lazy\" src=\"http:\/\/embedsocial.com\/facebook_album\/album_photos\/10152529015626362\" width=\"630\" height=\"300\" frameborder=\"0\" scrolling=\"no\" marginheight=\"0\"  marginwidth=\"0\"><\/iframe><\/p>\n","protected":false},"excerpt":{"rendered":"<p>S\u00c1BADO 7 DE MARZO A LAS 12:00, EN RAYUELA: EL BOSQUE PROHIBIDO Hubo una vez un bosque tenebroso. Tan, tan tenebroso que lo llamaban el Bosque Prohibido. En \u00e9l nadie se atrev\u00eda a entrar\u2026 \u00a1bueno!, nadie, nadie, no\u2026 una joven llamada Mariquilla s\u00ed que se atrevi\u00f3.\u00a1Y se enfrent\u00f3 al drag\u00f3n ella sola!. Todo ocurri\u00f3 porque\u2026 [&hellip;]<\/p>\n","protected":false},"author":3,"featured_media":918,"comment_status":"open","ping_status":"open","sticky":false,"template":"","format":"standard","meta":[],"categories":[18],"tags":[],"yoast_head":"<!-- This site is optimized with the Yoast SEO plugin v18.5.1 - https:\/\/yoast.com\/wordpress\/plugins\/seo\/ -->\n<title>EL BOSQUE PROHIBIDO &#8902; Blog de Rayuelainfancia<\/title>\n<meta name=\"robots\" content=\"index, follow, max-snippet:-1, max-image-preview:large, max-video-preview:-1\" \/>\n<link rel=\"canonical\" href=\"https:\/\/www.rayuelainfancia.com\/blog\/el-bosque-prohibido\/\" \/>\n<meta property=\"og:locale\" content=\"es_ES\" \/>\n<meta property=\"og:type\" content=\"article\" \/>\n<meta property=\"og:title\" content=\"EL BOSQUE PROHIBIDO &#8902; Blog de Rayuelainfancia\" \/>\n<meta property=\"og:description\" content=\"S\u00c1BADO 7 DE MARZO A LAS 12:00, EN RAYUELA: EL BOSQUE PROHIBIDO Hubo una vez un bosque tenebroso. Tan, tan tenebroso que lo llamaban el Bosque Prohibido. En \u00e9l nadie se atrev\u00eda a entrar\u2026 \u00a1bueno!, nadie, nadie, no\u2026 una joven llamada Mariquilla s\u00ed que se atrevi\u00f3.\u00a1Y se enfrent\u00f3 al drag\u00f3n ella sola!. Todo ocurri\u00f3 porque\u2026 [&hellip;]\" \/>\n<meta property=\"og:url\" content=\"https:\/\/www.rayuelainfancia.com\/blog\/el-bosque-prohibido\/\" \/>\n<meta property=\"og:site_name\" content=\"Blog de Rayuelainfancia\" \/>\n<meta property=\"article:publisher\" content=\"https:\/\/www.facebook.com\/pages\/Librer\u00eda-Rayuela\/251861686361\" \/>\n<meta property=\"article:published_time\" content=\"2015-03-03T08:26:50+00:00\" \/>\n<meta property=\"og:image\" content=\"https:\/\/www.rayuelainfancia.com\/blog\/wp-content\/uploads\/2015\/03\/web_bosque_prohibido.jpg\" \/>\n\t<meta property=\"og:image:width\" content=\"630\" \/>\n\t<meta property=\"og:image:height\" content=\"445\" \/>\n\t<meta property=\"og:image:type\" content=\"image\/jpeg\" \/>\n<meta name=\"twitter:card\" content=\"summary\" \/>\n<meta name=\"twitter:creator\" content=\"@Rayuelainfancia\" \/>\n<meta name=\"twitter:site\" content=\"@Rayuelainfancia\" \/>\n<meta name=\"twitter:label1\" content=\"Written by\" \/>\n\t<meta name=\"twitter:data1\" content=\"Miguel Escalera Nieto\" \/>\n<script type=\"application\/ld+json\" class=\"yoast-schema-graph\">{\"@context\":\"https:\/\/schema.org\",\"@graph\":[{\"@type\":\"Organization\",\"@id\":\"https:\/\/www.rayuelainfancia.com\/blog\/#organization\",\"name\":\"Rayuelainfancia\",\"url\":\"https:\/\/www.rayuelainfancia.com\/blog\/\",\"sameAs\":[\"https:\/\/www.facebook.com\/pages\/Librer\u00eda-Rayuela\/251861686361\",\"https:\/\/www.youtube.com\/channel\/UCddVaoDjpTp-DexyEVoyazQ\",\"https:\/\/twitter.com\/Rayuelainfancia\"],\"logo\":{\"@type\":\"ImageObject\",\"@id\":\"https:\/\/www.rayuelainfancia.com\/blog\/#logo\",\"inLanguage\":\"es\",\"url\":\"https:\/\/www.rayuelainfancia.com\/blog\/wp-content\/uploads\/2018\/06\/logo-rayuelainfancia-color-corporativo.png\",\"contentUrl\":\"https:\/\/www.rayuelainfancia.com\/blog\/wp-content\/uploads\/2018\/06\/logo-rayuelainfancia-color-corporativo.png\",\"width\":1200,\"height\":680,\"caption\":\"Rayuelainfancia\"},\"image\":{\"@id\":\"https:\/\/www.rayuelainfancia.com\/blog\/#logo\"}},{\"@type\":\"WebSite\",\"@id\":\"https:\/\/www.rayuelainfancia.com\/blog\/#website\",\"url\":\"https:\/\/www.rayuelainfancia.com\/blog\/\",\"name\":\"Blog de Rayuelainfancia\",\"description\":\"Libros infantiles y juegos educaticos respestuosos con la infancia\",\"publisher\":{\"@id\":\"https:\/\/www.rayuelainfancia.com\/blog\/#organization\"},\"potentialAction\":[{\"@type\":\"SearchAction\",\"target\":{\"@type\":\"EntryPoint\",\"urlTemplate\":\"https:\/\/www.rayuelainfancia.com\/blog\/?s={search_term_string}\"},\"query-input\":\"required name=search_term_string\"}],\"inLanguage\":\"es\"},{\"@type\":\"ImageObject\",\"@id\":\"https:\/\/www.rayuelainfancia.com\/blog\/el-bosque-prohibido\/#primaryimage\",\"inLanguage\":\"es\",\"url\":\"https:\/\/www.rayuelainfancia.com\/blog\/wp-content\/uploads\/2015\/03\/web_bosque_prohibido.jpg\",\"contentUrl\":\"https:\/\/www.rayuelainfancia.com\/blog\/wp-content\/uploads\/2015\/03\/web_bosque_prohibido.jpg\",\"width\":630,\"height\":445,\"caption\":\"web bosque prohibido\"},{\"@type\":\"WebPage\",\"@id\":\"https:\/\/www.rayuelainfancia.com\/blog\/el-bosque-prohibido\/#webpage\",\"url\":\"https:\/\/www.rayuelainfancia.com\/blog\/el-bosque-prohibido\/\",\"name\":\"EL BOSQUE PROHIBIDO &#8902; Blog de Rayuelainfancia\",\"isPartOf\":{\"@id\":\"https:\/\/www.rayuelainfancia.com\/blog\/#website\"},\"primaryImageOfPage\":{\"@id\":\"https:\/\/www.rayuelainfancia.com\/blog\/el-bosque-prohibido\/#primaryimage\"},\"datePublished\":\"2015-03-03T08:26:50+00:00\",\"dateModified\":\"2015-03-03T08:26:50+00:00\",\"breadcrumb\":{\"@id\":\"https:\/\/www.rayuelainfancia.com\/blog\/el-bosque-prohibido\/#breadcrumb\"},\"inLanguage\":\"es\",\"potentialAction\":[{\"@type\":\"ReadAction\",\"target\":[\"https:\/\/www.rayuelainfancia.com\/blog\/el-bosque-prohibido\/\"]}]},{\"@type\":\"BreadcrumbList\",\"@id\":\"https:\/\/www.rayuelainfancia.com\/blog\/el-bosque-prohibido\/#breadcrumb\",\"itemListElement\":[{\"@type\":\"ListItem\",\"position\":1,\"name\":\"Portada\",\"item\":\"https:\/\/www.rayuelainfancia.com\/blog\/\"},{\"@type\":\"ListItem\",\"position\":2,\"name\":\"EL BOSQUE PROHIBIDO\"}]},{\"@type\":\"Article\",\"@id\":\"https:\/\/www.rayuelainfancia.com\/blog\/el-bosque-prohibido\/#article\",\"isPartOf\":{\"@id\":\"https:\/\/www.rayuelainfancia.com\/blog\/el-bosque-prohibido\/#webpage\"},\"author\":{\"@id\":\"https:\/\/www.rayuelainfancia.com\/blog\/#\/schema\/person\/41147ec5e3c2cc1be6e2c4520a099ebb\"},\"headline\":\"EL BOSQUE PROHIBIDO\",\"datePublished\":\"2015-03-03T08:26:50+00:00\",\"dateModified\":\"2015-03-03T08:26:50+00:00\",\"mainEntityOfPage\":{\"@id\":\"https:\/\/www.rayuelainfancia.com\/blog\/el-bosque-prohibido\/#webpage\"},\"wordCount\":88,\"commentCount\":0,\"publisher\":{\"@id\":\"https:\/\/www.rayuelainfancia.com\/blog\/#organization\"},\"image\":{\"@id\":\"https:\/\/www.rayuelainfancia.com\/blog\/el-bosque-prohibido\/#primaryimage\"},\"thumbnailUrl\":\"https:\/\/www.rayuelainfancia.com\/blog\/wp-content\/uploads\/2015\/03\/web_bosque_prohibido.jpg\",\"articleSection\":[\"Actividades Cuentacuentos\"],\"inLanguage\":\"es\",\"potentialAction\":[{\"@type\":\"CommentAction\",\"name\":\"Comment\",\"target\":[\"https:\/\/www.rayuelainfancia.com\/blog\/el-bosque-prohibido\/#respond\"]}]},{\"@type\":\"Person\",\"@id\":\"https:\/\/www.rayuelainfancia.com\/blog\/#\/schema\/person\/41147ec5e3c2cc1be6e2c4520a099ebb\",\"name\":\"Miguel Escalera Nieto\",\"image\":{\"@type\":\"ImageObject\",\"@id\":\"https:\/\/www.rayuelainfancia.com\/blog\/#personlogo\",\"inLanguage\":\"es\",\"url\":\"https:\/\/secure.gravatar.com\/avatar\/73bd613c804680e46df318e272f0e837?s=96&d=mm&r=g\",\"contentUrl\":\"https:\/\/secure.gravatar.com\/avatar\/73bd613c804680e46df318e272f0e837?s=96&d=mm&r=g\",\"caption\":\"Miguel Escalera Nieto\"}}]}<\/script>\n<!-- \/ Yoast SEO plugin. -->","yoast_head_json":{"title":"EL BOSQUE PROHIBIDO &#8902; Blog de Rayuelainfancia","robots":{"index":"index","follow":"follow","max-snippet":"max-snippet:-1","max-image-preview":"max-image-preview:large","max-video-preview":"max-video-preview:-1"},"canonical":"https:\/\/www.rayuelainfancia.com\/blog\/el-bosque-prohibido\/","og_locale":"es_ES","og_type":"article","og_title":"EL BOSQUE PROHIBIDO &#8902; Blog de Rayuelainfancia","og_description":"S\u00c1BADO 7 DE MARZO A LAS 12:00, EN RAYUELA: EL BOSQUE PROHIBIDO Hubo una vez un bosque tenebroso. Tan, tan tenebroso que lo llamaban el Bosque Prohibido. En \u00e9l nadie se atrev\u00eda a entrar\u2026 \u00a1bueno!, nadie, nadie, no\u2026 una joven llamada Mariquilla s\u00ed que se atrevi\u00f3.\u00a1Y se enfrent\u00f3 al drag\u00f3n ella sola!. Todo ocurri\u00f3 porque\u2026 [&hellip;]","og_url":"https:\/\/www.rayuelainfancia.com\/blog\/el-bosque-prohibido\/","og_site_name":"Blog de Rayuelainfancia","article_publisher":"https:\/\/www.facebook.com\/pages\/Librer\u00eda-Rayuela\/251861686361","article_published_time":"2015-03-03T08:26:50+00:00","og_image":[{"width":630,"height":445,"url":"https:\/\/www.rayuelainfancia.com\/blog\/wp-content\/uploads\/2015\/03\/web_bosque_prohibido.jpg","type":"image\/jpeg"}],"twitter_card":"summary","twitter_creator":"@Rayuelainfancia","twitter_site":"@Rayuelainfancia","twitter_misc":{"Written by":"Miguel Escalera Nieto"},"schema":{"@context":"https:\/\/schema.org","@graph":[{"@type":"Organization","@id":"https:\/\/www.rayuelainfancia.com\/blog\/#organization","name":"Rayuelainfancia","url":"https:\/\/www.rayuelainfancia.com\/blog\/","sameAs":["https:\/\/www.facebook.com\/pages\/Librer\u00eda-Rayuela\/251861686361","https:\/\/www.youtube.com\/channel\/UCddVaoDjpTp-DexyEVoyazQ","https:\/\/twitter.com\/Rayuelainfancia"],"logo":{"@type":"ImageObject","@id":"https:\/\/www.rayuelainfancia.com\/blog\/#logo","inLanguage":"es","url":"https:\/\/www.rayuelainfancia.com\/blog\/wp-content\/uploads\/2018\/06\/logo-rayuelainfancia-color-corporativo.png","contentUrl":"https:\/\/www.rayuelainfancia.com\/blog\/wp-content\/uploads\/2018\/06\/logo-rayuelainfancia-color-corporativo.png","width":1200,"height":680,"caption":"Rayuelainfancia"},"image":{"@id":"https:\/\/www.rayuelainfancia.com\/blog\/#logo"}},{"@type":"WebSite","@id":"https:\/\/www.rayuelainfancia.com\/blog\/#website","url":"https:\/\/www.rayuelainfancia.com\/blog\/","name":"Blog de Rayuelainfancia","description":"Libros infantiles y juegos educaticos respestuosos con la infancia","publisher":{"@id":"https:\/\/www.rayuelainfancia.com\/blog\/#organization"},"potentialAction":[{"@type":"SearchAction","target":{"@type":"EntryPoint","urlTemplate":"https:\/\/www.rayuelainfancia.com\/blog\/?s={search_term_string}"},"query-input":"required name=search_term_string"}],"inLanguage":"es"},{"@type":"ImageObject","@id":"https:\/\/www.rayuelainfancia.com\/blog\/el-bosque-prohibido\/#primaryimage","inLanguage":"es","url":"https:\/\/www.rayuelainfancia.com\/blog\/wp-content\/uploads\/2015\/03\/web_bosque_prohibido.jpg","contentUrl":"https:\/\/www.rayuelainfancia.com\/blog\/wp-content\/uploads\/2015\/03\/web_bosque_prohibido.jpg","width":630,"height":445,"caption":"web bosque prohibido"},{"@type":"WebPage","@id":"https:\/\/www.rayuelainfancia.com\/blog\/el-bosque-prohibido\/#webpage","url":"https:\/\/www.rayuelainfancia.com\/blog\/el-bosque-prohibido\/","name":"EL BOSQUE PROHIBIDO &#8902; Blog de Rayuelainfancia","isPartOf":{"@id":"https:\/\/www.rayuelainfancia.com\/blog\/#website"},"primaryImageOfPage":{"@id":"https:\/\/www.rayuelainfancia.com\/blog\/el-bosque-prohibido\/#primaryimage"},"datePublished":"2015-03-03T08:26:50+00:00","dateModified":"2015-03-03T08:26:50+00:00","breadcrumb":{"@id":"https:\/\/www.rayuelainfancia.com\/blog\/el-bosque-prohibido\/#breadcrumb"},"inLanguage":"es","potentialAction":[{"@type":"ReadAction","target":["https:\/\/www.rayuelainfancia.com\/blog\/el-bosque-prohibido\/"]}]},{"@type":"BreadcrumbList","@id":"https:\/\/www.rayuelainfancia.com\/blog\/el-bosque-prohibido\/#breadcrumb","itemListElement":[{"@type":"ListItem","position":1,"name":"Portada","item":"https:\/\/www.rayuelainfancia.com\/blog\/"},{"@type":"ListItem","position":2,"name":"EL BOSQUE PROHIBIDO"}]},{"@type":"Article","@id":"https:\/\/www.rayuelainfancia.com\/blog\/el-bosque-prohibido\/#article","isPartOf":{"@id":"https:\/\/www.rayuelainfancia.com\/blog\/el-bosque-prohibido\/#webpage"},"author":{"@id":"https:\/\/www.rayuelainfancia.com\/blog\/#\/schema\/person\/41147ec5e3c2cc1be6e2c4520a099ebb"},"headline":"EL BOSQUE PROHIBIDO","datePublished":"2015-03-03T08:26:50+00:00","dateModified":"2015-03-03T08:26:50+00:00","mainEntityOfPage":{"@id":"https:\/\/www.rayuelainfancia.com\/blog\/el-bosque-prohibido\/#webpage"},"wordCount":88,"commentCount":0,"publisher":{"@id":"https:\/\/www.rayuelainfancia.com\/blog\/#organization"},"image":{"@id":"https:\/\/www.rayuelainfancia.com\/blog\/el-bosque-prohibido\/#primaryimage"},"thumbnailUrl":"https:\/\/www.rayuelainfancia.com\/blog\/wp-content\/uploads\/2015\/03\/web_bosque_prohibido.jpg","articleSection":["Actividades Cuentacuentos"],"inLanguage":"es","potentialAction":[{"@type":"CommentAction","name":"Comment","target":["https:\/\/www.rayuelainfancia.com\/blog\/el-bosque-prohibido\/#respond"]}]},{"@type":"Person","@id":"https:\/\/www.rayuelainfancia.com\/blog\/#\/schema\/person\/41147ec5e3c2cc1be6e2c4520a099ebb","name":"Miguel Escalera Nieto","image":{"@type":"ImageObject","@id":"https:\/\/www.rayuelainfancia.com\/blog\/#personlogo","inLanguage":"es","url":"https:\/\/secure.gravatar.com\/avatar\/73bd613c804680e46df318e272f0e837?s=96&d=mm&r=g","contentUrl":"https:\/\/secure.gravatar.com\/avatar\/73bd613c804680e46df318e272f0e837?s=96&d=mm&r=g","caption":"Miguel Escalera Nieto"}}]}},"_links":{"self":[{"href":"https:\/\/www.rayuelainfancia.com\/blog\/wp-json\/wp\/v2\/posts\/556"}],"collection":[{"href":"https:\/\/www.rayuelainfancia.com\/blog\/wp-json\/wp\/v2\/posts"}],"about":[{"href":"https:\/\/www.rayuelainfancia.com\/blog\/wp-json\/wp\/v2\/types\/post"}],"author":[{"embeddable":true,"href":"https:\/\/www.rayuelainfancia.com\/blog\/wp-json\/wp\/v2\/users\/3"}],"replies":[{"embeddable":true,"href":"https:\/\/www.rayuelainfancia.com\/blog\/wp-json\/wp\/v2\/comments?post=556"}],"version-history":[{"count":0,"href":"https:\/\/www.rayuelainfancia.com\/blog\/wp-json\/wp\/v2\/posts\/556\/revisions"}],"wp:featuredmedia":[{"embeddable":true,"href":"https:\/\/www.rayuelainfancia.com\/blog\/wp-json\/wp\/v2\/media\/918"}],"wp:attachment":[{"href":"https:\/\/www.rayuelainfancia.com\/blog\/wp-json\/wp\/v2\/media?parent=556"}],"wp:term":[{"taxonomy":"category","embeddable":true,"href":"https:\/\/www.rayuelainfancia.com\/blog\/wp-json\/wp\/v2\/categories?post=556"},{"taxonomy":"post_tag","embeddable":true,"href":"https:\/\/www.rayuelainfancia.com\/blog\/wp-json\/wp\/v2\/tags?post=556"}],"curies":[{"name":"wp","href":"https:\/\/api.w.org\/{rel}","templated":true}]}}