 {"id":555,"date":"2015-02-24T17:39:17","date_gmt":"2015-02-24T16:39:17","guid":{"rendered":"http:\/\/rayuelainfancia.desarrollotrevenque.com\/blog\/odio-el-rosa\/"},"modified":"2016-11-22T14:04:47","modified_gmt":"2016-11-22T13:04:47","slug":"odio-el-rosa","status":"publish","type":"post","link":"https:\/\/www.rayuelainfancia.com\/blog\/odio-el-rosa\/","title":{"rendered":"ODIO EL ROSA"},"content":{"rendered":"<p>Odio el Rosa es una colecci\u00f3n de narrativa juvenil del g\u00e9nero de ciencia ficci\u00f3n. En un futuro posible, hacia 2055, nuestra sociedad actual est\u00e1 en manos de un n\u00famero reducido de empresas multinacionales.<\/p>\n<p><!--more--><\/p>\n<p>La educaci\u00f3n de las ni\u00f1as y los ni\u00f1os en este mundo global est\u00e1 modelada para convertir a los ciudadanos en consumidores ideales. Consumidores de marcas de ropa, de cosm\u00e9tica; consumidores de alimentos especiales, de deporte, de ocio programado.<\/p>\n<p>En medio de este mundo, Dani Arenas es un joven que juega en un equipo de f\u00fatbol, una de las filiales de kine, una marca deportiva de las grandes. Separado de su familia desde los seis a\u00f1os para entrenarse a fondo e ir escalando posiciones en el mundillo futbolero, se le considera un privilegiado por haber sido escogido por la marca y su familia recibe una asignaci\u00f3n econ\u00f3mica por ello, adem\u00e1s de respetabilidad y prestigio social.<\/p>\n<p>Tambi\u00e9n Sara, la joven protagonista del otro libro, ha sido entrenada y formada a lo largo de toda su vida para ser suscriptora de una de las 20 marcas m\u00e1s potentes del mundo, Sweet Pink. Si Sara lo consigue, y lo hace,toda la familia se beneficiar\u00e1. Cambiar\u00e1n de casa, de barrio y su hermana peque\u00f1a tambi\u00e9n tendr\u00e1 asegurado su futuro.<\/p>\n<p>Ana Alonso y Javier Pelegr\u00edn son los autores de esta saga. Ellos han logrado recrear todo un mundo futuro y ficticio, pero posible. Todo apunta a que quieren provocar en los j\u00f3venes el debate social y la toma de conciencia de las falsas necesidades que esta sociedad constantemente les crea.<\/p>\n<p>En ambas novelas, Dani y Sara se encuentran, llegan a conocerse, no m\u00e1s. Pero lo mejor es que llegan a conocerse sus respectivos dobles clandestinos. Y es que, como en cualquier sociedad herm\u00e9tica, cerrada y tan cuadriculada como \u00e9sta, las minor\u00edas clandestinas existen y trabajan por la libertad individual de las personas. As\u00ed, tanto Dani como Sara acceden peligrosamente a la red global libre y all\u00ed, cada uno abre un blog bajo una falsa identidad, encontrando una v\u00e1lvula de escape a tanta coacci\u00f3n.<\/p>\n<p>Ana y Javier han montado todo un mundo virtual m\u00e1s all\u00e1 de las novelas, en una web que lleva el mismo nombre de la colecci\u00f3n. El mundo en el que viven Dani y Sara ampliado, recreado con detalle, con los blogs clandestinos en los que los j\u00f3venes lectores pueden participar.<\/p>\n<p>Editada por Oxford, \u00abLa Historia de Dani\u00bb y \u00abLa Historia de Sara\u00bb nos dejan en el aire la necesidad de libertad y de buscar los propios caminos, cuestionando y accionando un bot\u00f3n rotulado con el nombre de esp\u00edritu cr\u00edtico.<\/p>\n<div id=\"product_list\" class=\"row\"><div class=\"col-xs-6 col-sm-6 col-md-6 col-lg-4 item-product\">\n            <div class=\"product-list text-center\">\n                <p>\n                    <a class=\"product-blog-link\" href=\"https:\/\/www.rayuelainfancia.com\/narrativa-juvenil-12\/852-historia-de-dark-odio-el-rosa-2.html?utm_campaign=productBlogPost\" title=\"HISTORIA DE DARK\">\n                        <img src=\"\/\/www.rayuelainfancia.com\/779-home_default\/historia-de-dark-odio-el-rosa-2.jpg\" alt=\"HISTORIA DE DARK\" class=\"img-responsive\"><span>HISTORIA DE DARK<\/span><\/a>\n                <\/p>\n            <\/div>\n\n            <div class=\"acciones text-center\">\n                \n                <p class=\"price\">15,90 \u20ac<\/p>\n            <\/div>\n        <\/div><\/div>\n","protected":false},"excerpt":{"rendered":"<p>Odio el Rosa es una colecci\u00f3n de narrativa juvenil del g\u00e9nero de ciencia ficci\u00f3n. En un futuro posible, hacia 2055, nuestra sociedad actual est\u00e1 en manos de un n\u00famero reducido de empresas multinacionales.<\/p>\n","protected":false},"author":3,"featured_media":1284,"comment_status":"open","ping_status":"open","sticky":false,"template":"","format":"standard","meta":[],"categories":[18],"tags":[],"yoast_head":"<!-- This site is optimized with the Yoast SEO plugin v18.5.1 - https:\/\/yoast.com\/wordpress\/plugins\/seo\/ -->\n<title>ODIO EL ROSA &#8902; Blog de Rayuelainfancia<\/title>\n<meta name=\"description\" content=\"Editada por Oxford, &quot;La Historia de Dani&quot; y &quot;La Historia de Sara&quot; nos dejan en el aire la necesidad de libertad y de buscar los propios caminos, cuestionando y accionando un bot\u00f3n rotulado con el nombre de esp\u00edritu cr\u00edtico.\" \/>\n<meta name=\"robots\" content=\"index, follow, max-snippet:-1, max-image-preview:large, max-video-preview:-1\" \/>\n<link rel=\"canonical\" href=\"https:\/\/www.rayuelainfancia.com\/blog\/odio-el-rosa\/\" \/>\n<meta property=\"og:locale\" content=\"es_ES\" \/>\n<meta property=\"og:type\" content=\"article\" \/>\n<meta property=\"og:title\" content=\"ODIO EL ROSA &#8902; Blog de Rayuelainfancia\" \/>\n<meta property=\"og:description\" content=\"Editada por Oxford, &quot;La Historia de Dani&quot; y &quot;La Historia de Sara&quot; nos dejan en el aire la necesidad de libertad y de buscar los propios caminos, cuestionando y accionando un bot\u00f3n rotulado con el nombre de esp\u00edritu cr\u00edtico.\" \/>\n<meta property=\"og:url\" content=\"https:\/\/www.rayuelainfancia.com\/blog\/odio-el-rosa\/\" \/>\n<meta property=\"og:site_name\" content=\"Blog de Rayuelainfancia\" \/>\n<meta property=\"article:publisher\" content=\"https:\/\/www.facebook.com\/pages\/Librer\u00eda-Rayuela\/251861686361\" \/>\n<meta property=\"article:published_time\" content=\"2015-02-24T16:39:17+00:00\" \/>\n<meta property=\"article:modified_time\" content=\"2016-11-22T13:04:47+00:00\" \/>\n<meta property=\"og:image\" content=\"https:\/\/www.rayuelainfancia.com\/blog\/wp-content\/uploads\/2015\/02\/odio-rosa.jpg\" \/>\n\t<meta property=\"og:image:width\" content=\"1200\" \/>\n\t<meta property=\"og:image:height\" content=\"822\" \/>\n\t<meta property=\"og:image:type\" content=\"image\/jpeg\" \/>\n<meta name=\"twitter:card\" content=\"summary\" \/>\n<meta name=\"twitter:creator\" content=\"@Rayuelainfancia\" \/>\n<meta name=\"twitter:site\" content=\"@Rayuelainfancia\" \/>\n<meta name=\"twitter:label1\" content=\"Written by\" \/>\n\t<meta name=\"twitter:data1\" content=\"Miguel Escalera Nieto\" \/>\n\t<meta name=\"twitter:label2\" content=\"Est. reading time\" \/>\n\t<meta name=\"twitter:data2\" content=\"2 minutos\" \/>\n<script type=\"application\/ld+json\" class=\"yoast-schema-graph\">{\"@context\":\"https:\/\/schema.org\",\"@graph\":[{\"@type\":\"Organization\",\"@id\":\"https:\/\/www.rayuelainfancia.com\/blog\/#organization\",\"name\":\"Rayuelainfancia\",\"url\":\"https:\/\/www.rayuelainfancia.com\/blog\/\",\"sameAs\":[\"https:\/\/www.facebook.com\/pages\/Librer\u00eda-Rayuela\/251861686361\",\"https:\/\/www.youtube.com\/channel\/UCddVaoDjpTp-DexyEVoyazQ\",\"https:\/\/twitter.com\/Rayuelainfancia\"],\"logo\":{\"@type\":\"ImageObject\",\"@id\":\"https:\/\/www.rayuelainfancia.com\/blog\/#logo\",\"inLanguage\":\"es\",\"url\":\"https:\/\/www.rayuelainfancia.com\/blog\/wp-content\/uploads\/2018\/06\/logo-rayuelainfancia-color-corporativo.png\",\"contentUrl\":\"https:\/\/www.rayuelainfancia.com\/blog\/wp-content\/uploads\/2018\/06\/logo-rayuelainfancia-color-corporativo.png\",\"width\":1200,\"height\":680,\"caption\":\"Rayuelainfancia\"},\"image\":{\"@id\":\"https:\/\/www.rayuelainfancia.com\/blog\/#logo\"}},{\"@type\":\"WebSite\",\"@id\":\"https:\/\/www.rayuelainfancia.com\/blog\/#website\",\"url\":\"https:\/\/www.rayuelainfancia.com\/blog\/\",\"name\":\"Blog de Rayuelainfancia\",\"description\":\"Libros infantiles y juegos educaticos respestuosos con la infancia\",\"publisher\":{\"@id\":\"https:\/\/www.rayuelainfancia.com\/blog\/#organization\"},\"potentialAction\":[{\"@type\":\"SearchAction\",\"target\":{\"@type\":\"EntryPoint\",\"urlTemplate\":\"https:\/\/www.rayuelainfancia.com\/blog\/?s={search_term_string}\"},\"query-input\":\"required name=search_term_string\"}],\"inLanguage\":\"es\"},{\"@type\":\"ImageObject\",\"@id\":\"https:\/\/www.rayuelainfancia.com\/blog\/odio-el-rosa\/#primaryimage\",\"inLanguage\":\"es\",\"url\":\"https:\/\/www.rayuelainfancia.com\/blog\/wp-content\/uploads\/2015\/02\/odio-rosa.jpg\",\"contentUrl\":\"https:\/\/www.rayuelainfancia.com\/blog\/wp-content\/uploads\/2015\/02\/odio-rosa.jpg\",\"width\":1200,\"height\":822},{\"@type\":\"WebPage\",\"@id\":\"https:\/\/www.rayuelainfancia.com\/blog\/odio-el-rosa\/#webpage\",\"url\":\"https:\/\/www.rayuelainfancia.com\/blog\/odio-el-rosa\/\",\"name\":\"ODIO EL ROSA &#8902; Blog de Rayuelainfancia\",\"isPartOf\":{\"@id\":\"https:\/\/www.rayuelainfancia.com\/blog\/#website\"},\"primaryImageOfPage\":{\"@id\":\"https:\/\/www.rayuelainfancia.com\/blog\/odio-el-rosa\/#primaryimage\"},\"datePublished\":\"2015-02-24T16:39:17+00:00\",\"dateModified\":\"2016-11-22T13:04:47+00:00\",\"description\":\"Editada por Oxford, \\\"La Historia de Dani\\\" y \\\"La Historia de Sara\\\" nos dejan en el aire la necesidad de libertad y de buscar los propios caminos, cuestionando y accionando un bot\u00f3n rotulado con el nombre de esp\u00edritu cr\u00edtico.\",\"breadcrumb\":{\"@id\":\"https:\/\/www.rayuelainfancia.com\/blog\/odio-el-rosa\/#breadcrumb\"},\"inLanguage\":\"es\",\"potentialAction\":[{\"@type\":\"ReadAction\",\"target\":[\"https:\/\/www.rayuelainfancia.com\/blog\/odio-el-rosa\/\"]}]},{\"@type\":\"BreadcrumbList\",\"@id\":\"https:\/\/www.rayuelainfancia.com\/blog\/odio-el-rosa\/#breadcrumb\",\"itemListElement\":[{\"@type\":\"ListItem\",\"position\":1,\"name\":\"Portada\",\"item\":\"https:\/\/www.rayuelainfancia.com\/blog\/\"},{\"@type\":\"ListItem\",\"position\":2,\"name\":\"ODIO EL ROSA\"}]},{\"@type\":\"Article\",\"@id\":\"https:\/\/www.rayuelainfancia.com\/blog\/odio-el-rosa\/#article\",\"isPartOf\":{\"@id\":\"https:\/\/www.rayuelainfancia.com\/blog\/odio-el-rosa\/#webpage\"},\"author\":{\"@id\":\"https:\/\/www.rayuelainfancia.com\/blog\/#\/schema\/person\/41147ec5e3c2cc1be6e2c4520a099ebb\"},\"headline\":\"ODIO EL ROSA\",\"datePublished\":\"2015-02-24T16:39:17+00:00\",\"dateModified\":\"2016-11-22T13:04:47+00:00\",\"mainEntityOfPage\":{\"@id\":\"https:\/\/www.rayuelainfancia.com\/blog\/odio-el-rosa\/#webpage\"},\"wordCount\":465,\"commentCount\":0,\"publisher\":{\"@id\":\"https:\/\/www.rayuelainfancia.com\/blog\/#organization\"},\"image\":{\"@id\":\"https:\/\/www.rayuelainfancia.com\/blog\/odio-el-rosa\/#primaryimage\"},\"thumbnailUrl\":\"https:\/\/www.rayuelainfancia.com\/blog\/wp-content\/uploads\/2015\/02\/odio-rosa.jpg\",\"articleSection\":[\"Actividades Cuentacuentos\"],\"inLanguage\":\"es\",\"potentialAction\":[{\"@type\":\"CommentAction\",\"name\":\"Comment\",\"target\":[\"https:\/\/www.rayuelainfancia.com\/blog\/odio-el-rosa\/#respond\"]}]},{\"@type\":\"Person\",\"@id\":\"https:\/\/www.rayuelainfancia.com\/blog\/#\/schema\/person\/41147ec5e3c2cc1be6e2c4520a099ebb\",\"name\":\"Miguel Escalera Nieto\",\"image\":{\"@type\":\"ImageObject\",\"@id\":\"https:\/\/www.rayuelainfancia.com\/blog\/#personlogo\",\"inLanguage\":\"es\",\"url\":\"https:\/\/secure.gravatar.com\/avatar\/73bd613c804680e46df318e272f0e837?s=96&d=mm&r=g\",\"contentUrl\":\"https:\/\/secure.gravatar.com\/avatar\/73bd613c804680e46df318e272f0e837?s=96&d=mm&r=g\",\"caption\":\"Miguel Escalera Nieto\"}}]}<\/script>\n<!-- \/ Yoast SEO plugin. -->","yoast_head_json":{"title":"ODIO EL ROSA &#8902; Blog de Rayuelainfancia","description":"Editada por Oxford, \"La Historia de Dani\" y \"La Historia de Sara\" nos dejan en el aire la necesidad de libertad y de buscar los propios caminos, cuestionando y accionando un bot\u00f3n rotulado con el nombre de esp\u00edritu cr\u00edtico.","robots":{"index":"index","follow":"follow","max-snippet":"max-snippet:-1","max-image-preview":"max-image-preview:large","max-video-preview":"max-video-preview:-1"},"canonical":"https:\/\/www.rayuelainfancia.com\/blog\/odio-el-rosa\/","og_locale":"es_ES","og_type":"article","og_title":"ODIO EL ROSA &#8902; Blog de Rayuelainfancia","og_description":"Editada por Oxford, \"La Historia de Dani\" y \"La Historia de Sara\" nos dejan en el aire la necesidad de libertad y de buscar los propios caminos, cuestionando y accionando un bot\u00f3n rotulado con el nombre de esp\u00edritu cr\u00edtico.","og_url":"https:\/\/www.rayuelainfancia.com\/blog\/odio-el-rosa\/","og_site_name":"Blog de Rayuelainfancia","article_publisher":"https:\/\/www.facebook.com\/pages\/Librer\u00eda-Rayuela\/251861686361","article_published_time":"2015-02-24T16:39:17+00:00","article_modified_time":"2016-11-22T13:04:47+00:00","og_image":[{"width":1200,"height":822,"url":"https:\/\/www.rayuelainfancia.com\/blog\/wp-content\/uploads\/2015\/02\/odio-rosa.jpg","type":"image\/jpeg"}],"twitter_card":"summary","twitter_creator":"@Rayuelainfancia","twitter_site":"@Rayuelainfancia","twitter_misc":{"Written by":"Miguel Escalera Nieto","Est. reading time":"2 minutos"},"schema":{"@context":"https:\/\/schema.org","@graph":[{"@type":"Organization","@id":"https:\/\/www.rayuelainfancia.com\/blog\/#organization","name":"Rayuelainfancia","url":"https:\/\/www.rayuelainfancia.com\/blog\/","sameAs":["https:\/\/www.facebook.com\/pages\/Librer\u00eda-Rayuela\/251861686361","https:\/\/www.youtube.com\/channel\/UCddVaoDjpTp-DexyEVoyazQ","https:\/\/twitter.com\/Rayuelainfancia"],"logo":{"@type":"ImageObject","@id":"https:\/\/www.rayuelainfancia.com\/blog\/#logo","inLanguage":"es","url":"https:\/\/www.rayuelainfancia.com\/blog\/wp-content\/uploads\/2018\/06\/logo-rayuelainfancia-color-corporativo.png","contentUrl":"https:\/\/www.rayuelainfancia.com\/blog\/wp-content\/uploads\/2018\/06\/logo-rayuelainfancia-color-corporativo.png","width":1200,"height":680,"caption":"Rayuelainfancia"},"image":{"@id":"https:\/\/www.rayuelainfancia.com\/blog\/#logo"}},{"@type":"WebSite","@id":"https:\/\/www.rayuelainfancia.com\/blog\/#website","url":"https:\/\/www.rayuelainfancia.com\/blog\/","name":"Blog de Rayuelainfancia","description":"Libros infantiles y juegos educaticos respestuosos con la infancia","publisher":{"@id":"https:\/\/www.rayuelainfancia.com\/blog\/#organization"},"potentialAction":[{"@type":"SearchAction","target":{"@type":"EntryPoint","urlTemplate":"https:\/\/www.rayuelainfancia.com\/blog\/?s={search_term_string}"},"query-input":"required name=search_term_string"}],"inLanguage":"es"},{"@type":"ImageObject","@id":"https:\/\/www.rayuelainfancia.com\/blog\/odio-el-rosa\/#primaryimage","inLanguage":"es","url":"https:\/\/www.rayuelainfancia.com\/blog\/wp-content\/uploads\/2015\/02\/odio-rosa.jpg","contentUrl":"https:\/\/www.rayuelainfancia.com\/blog\/wp-content\/uploads\/2015\/02\/odio-rosa.jpg","width":1200,"height":822},{"@type":"WebPage","@id":"https:\/\/www.rayuelainfancia.com\/blog\/odio-el-rosa\/#webpage","url":"https:\/\/www.rayuelainfancia.com\/blog\/odio-el-rosa\/","name":"ODIO EL ROSA &#8902; Blog de Rayuelainfancia","isPartOf":{"@id":"https:\/\/www.rayuelainfancia.com\/blog\/#website"},"primaryImageOfPage":{"@id":"https:\/\/www.rayuelainfancia.com\/blog\/odio-el-rosa\/#primaryimage"},"datePublished":"2015-02-24T16:39:17+00:00","dateModified":"2016-11-22T13:04:47+00:00","description":"Editada por Oxford, \"La Historia de Dani\" y \"La Historia de Sara\" nos dejan en el aire la necesidad de libertad y de buscar los propios caminos, cuestionando y accionando un bot\u00f3n rotulado con el nombre de esp\u00edritu cr\u00edtico.","breadcrumb":{"@id":"https:\/\/www.rayuelainfancia.com\/blog\/odio-el-rosa\/#breadcrumb"},"inLanguage":"es","potentialAction":[{"@type":"ReadAction","target":["https:\/\/www.rayuelainfancia.com\/blog\/odio-el-rosa\/"]}]},{"@type":"BreadcrumbList","@id":"https:\/\/www.rayuelainfancia.com\/blog\/odio-el-rosa\/#breadcrumb","itemListElement":[{"@type":"ListItem","position":1,"name":"Portada","item":"https:\/\/www.rayuelainfancia.com\/blog\/"},{"@type":"ListItem","position":2,"name":"ODIO EL ROSA"}]},{"@type":"Article","@id":"https:\/\/www.rayuelainfancia.com\/blog\/odio-el-rosa\/#article","isPartOf":{"@id":"https:\/\/www.rayuelainfancia.com\/blog\/odio-el-rosa\/#webpage"},"author":{"@id":"https:\/\/www.rayuelainfancia.com\/blog\/#\/schema\/person\/41147ec5e3c2cc1be6e2c4520a099ebb"},"headline":"ODIO EL ROSA","datePublished":"2015-02-24T16:39:17+00:00","dateModified":"2016-11-22T13:04:47+00:00","mainEntityOfPage":{"@id":"https:\/\/www.rayuelainfancia.com\/blog\/odio-el-rosa\/#webpage"},"wordCount":465,"commentCount":0,"publisher":{"@id":"https:\/\/www.rayuelainfancia.com\/blog\/#organization"},"image":{"@id":"https:\/\/www.rayuelainfancia.com\/blog\/odio-el-rosa\/#primaryimage"},"thumbnailUrl":"https:\/\/www.rayuelainfancia.com\/blog\/wp-content\/uploads\/2015\/02\/odio-rosa.jpg","articleSection":["Actividades Cuentacuentos"],"inLanguage":"es","potentialAction":[{"@type":"CommentAction","name":"Comment","target":["https:\/\/www.rayuelainfancia.com\/blog\/odio-el-rosa\/#respond"]}]},{"@type":"Person","@id":"https:\/\/www.rayuelainfancia.com\/blog\/#\/schema\/person\/41147ec5e3c2cc1be6e2c4520a099ebb","name":"Miguel Escalera Nieto","image":{"@type":"ImageObject","@id":"https:\/\/www.rayuelainfancia.com\/blog\/#personlogo","inLanguage":"es","url":"https:\/\/secure.gravatar.com\/avatar\/73bd613c804680e46df318e272f0e837?s=96&d=mm&r=g","contentUrl":"https:\/\/secure.gravatar.com\/avatar\/73bd613c804680e46df318e272f0e837?s=96&d=mm&r=g","caption":"Miguel Escalera Nieto"}}]}},"_links":{"self":[{"href":"https:\/\/www.rayuelainfancia.com\/blog\/wp-json\/wp\/v2\/posts\/555"}],"collection":[{"href":"https:\/\/www.rayuelainfancia.com\/blog\/wp-json\/wp\/v2\/posts"}],"about":[{"href":"https:\/\/www.rayuelainfancia.com\/blog\/wp-json\/wp\/v2\/types\/post"}],"author":[{"embeddable":true,"href":"https:\/\/www.rayuelainfancia.com\/blog\/wp-json\/wp\/v2\/users\/3"}],"replies":[{"embeddable":true,"href":"https:\/\/www.rayuelainfancia.com\/blog\/wp-json\/wp\/v2\/comments?post=555"}],"version-history":[{"count":2,"href":"https:\/\/www.rayuelainfancia.com\/blog\/wp-json\/wp\/v2\/posts\/555\/revisions"}],"predecessor-version":[{"id":1283,"href":"https:\/\/www.rayuelainfancia.com\/blog\/wp-json\/wp\/v2\/posts\/555\/revisions\/1283"}],"wp:featuredmedia":[{"embeddable":true,"href":"https:\/\/www.rayuelainfancia.com\/blog\/wp-json\/wp\/v2\/media\/1284"}],"wp:attachment":[{"href":"https:\/\/www.rayuelainfancia.com\/blog\/wp-json\/wp\/v2\/media?parent=555"}],"wp:term":[{"taxonomy":"category","embeddable":true,"href":"https:\/\/www.rayuelainfancia.com\/blog\/wp-json\/wp\/v2\/categories?post=555"},{"taxonomy":"post_tag","embeddable":true,"href":"https:\/\/www.rayuelainfancia.com\/blog\/wp-json\/wp\/v2\/tags?post=555"}],"curies":[{"name":"wp","href":"https:\/\/api.w.org\/{rel}","templated":true}]}}