 {"id":552,"date":"2015-02-18T12:53:30","date_gmt":"2015-02-18T11:53:30","guid":{"rendered":"http:\/\/rayuelainfancia.desarrollotrevenque.com\/blog\/28-de-febrero-autores-y-autoras-de-la-tierra\/"},"modified":"2016-12-14T10:26:45","modified_gmt":"2016-12-14T09:26:45","slug":"28-de-febrero-autores-y-autoras-de-la-tierra","status":"publish","type":"post","link":"https:\/\/www.rayuelainfancia.com\/blog\/28-de-febrero-autores-y-autoras-de-la-tierra\/","title":{"rendered":"28 DE FEBRERO: AUTORES Y AUTORAS DE LA TIERRA"},"content":{"rendered":"<p><span style=\"font-size: 10pt;\">Una selecci\u00f3n de autores, ilustradores, editores, narradores y dem\u00e1s \u00abores y oras\u00bb con etiqueta andaluza, para celebrar que aqu\u00ed, en esta tierra, tambi\u00e9n, al igual que en otras muchas, se hacen cosas muy, pero que muy interesantes.<br \/>\u00a1Qu\u00e9 la disfrut\u00e9is!<\/span><\/p>\n<table  class=\" table table-hover\" style=\"border-color: #ebebeb; border-width: 0px; border-style: solid; width: 940px; height: 1045px;\" border=\"0\">\n<tbody>\n<tr>\n<td>\n<p style=\"text-align: justify;\"><img loading=\"lazy\" class=\" size-full wp-image-895\" style=\"border: 1px solid #000000;\" alt=\"500 adivinanzas andaluzas\" src=\"http:\/\/rayuelainfancia.desarrollotrevenque.com\/blog\/wp-content\/uploads\/2015\/02\/500_adivinanzas_andaluzas.jpg\" height=\"400\" width=\"255\" srcset=\"https:\/\/www.rayuelainfancia.com\/blog\/wp-content\/uploads\/2015\/02\/500_adivinanzas_andaluzas.jpg 255w, https:\/\/www.rayuelainfancia.com\/blog\/wp-content\/uploads\/2015\/02\/500_adivinanzas_andaluzas-191x300.jpg 191w\" sizes=\"(max-width: 255px) 100vw, 255px\" \/><\/p>\n<p style=\"text-align: justify;\"><a target=\"_blank\" href=\"http:\/\/www.rayuelatiendaonline.com\/libro\/500-adivinanzas-andaluzas-de-tradicion-oral_67652\"><img loading=\"lazy\" class=\"decoded size-full wp-image-777\" alt=\"http:\/\/rayuelainfancia.com\/http:\/\/rayuelainfancia.desarrollotrevenque.com\/blog\/wp-content\/uploads\/2009\/11\/comprar.png\" src=\"images\/comprar.png\" height=\"31\" width=\"100\" \/><\/a><\/p>\n<p style=\"text-align: justify;\"><span style=\"font-size: 10pt;\"><strong>\u00ab500 adivinanzas andaluzas\u00bb<\/strong> <br \/><\/span><\/p>\n<p style=\"text-align: justify;\"><span style=\"font-size: 10pt;\">&nbsp;&nbsp; Recopilacio\u0301n realizada entre los siglos XX y XXI, mediante entrevistas personales en nu\u0301cleos rurales de Andaluci\u0301a.<br \/><\/span><\/p>\n<\/td>\n<td style=\"width: 100px;\">\n<p style=\"text-align: justify;\"><span style=\"font-size: 10pt;\"><strong>&nbsp;<\/strong><\/span><\/p>\n<\/td>\n<td style=\"text-align: justify;\">\n<p><img loading=\"lazy\" class=\" size-full wp-image-896\" alt=\"abuelas a z raquel diaz\" src=\"http:\/\/rayuelainfancia.desarrollotrevenque.com\/blog\/wp-content\/uploads\/2015\/02\/abuelas_a_z_raquel_diaz.jpg\" height=\"400\" width=\"467\" srcset=\"https:\/\/www.rayuelainfancia.com\/blog\/wp-content\/uploads\/2015\/02\/abuelas_a_z_raquel_diaz.jpg 467w, https:\/\/www.rayuelainfancia.com\/blog\/wp-content\/uploads\/2015\/02\/abuelas_a_z_raquel_diaz-300x257.jpg 300w\" sizes=\"(max-width: 467px) 100vw, 467px\" \/><\/p>\n<p style=\"text-align: justify;\"><a target=\"_blank\" href=\"http:\/\/www.rayuelatiendaonline.com\/libro\/abuelas-de-la-a-a-la-z_65920\"><img loading=\"lazy\" class=\"decoded size-full wp-image-777\" alt=\"http:\/\/rayuelainfancia.com\/http:\/\/rayuelainfancia.desarrollotrevenque.com\/blog\/wp-content\/uploads\/2009\/11\/comprar.png\" src=\"images\/comprar.png\" height=\"31\" width=\"100\" \/><\/a><\/p>\n<p><span style=\"font-size: 10pt;\"><strong>\u00abAbuelas de la A a la Z\u00bb<\/strong> <\/span><\/p>\n<p>&nbsp;&nbsp; <span style=\"font-size: 10pt;\">Abuelas de la A a la Z es un libro para todos, para nietos y nietas, para adultos y para las propias abuelas, esa especie que, afortunadamente, no solo no esta\u0301 en peligro de extincio\u0301n, sino que aumenta cada di\u0301a, porque ahora viven ma\u0301s tiempo, y muchas, ayudan a hijos y nietos en su diario de prisas y reveses con los que los atiza el mundo en que vivimos y adema\u0301s, estudian, pintan, hacen mu\u0301sica, investigan, porque las abuelas cambian con los tiempos generando continuamente, nuevos modelos para catalogar.<\/span><\/p>\n<\/td>\n<\/tr>\n<tr>\n<td><\/td>\n<td><\/td>\n<td><\/td>\n<\/tr>\n<tr>\n<td>\n<p>&nbsp;<img loading=\"lazy\" class=\" size-full wp-image-897\" alt=\"brazos largos nono granero\" src=\"http:\/\/rayuelainfancia.desarrollotrevenque.com\/blog\/wp-content\/uploads\/2015\/02\/brazos_largos_nono_granero.jpg\" height=\"400\" width=\"430\" srcset=\"https:\/\/www.rayuelainfancia.com\/blog\/wp-content\/uploads\/2015\/02\/brazos_largos_nono_granero.jpg 430w, https:\/\/www.rayuelainfancia.com\/blog\/wp-content\/uploads\/2015\/02\/brazos_largos_nono_granero-300x279.jpg 300w\" sizes=\"(max-width: 430px) 100vw, 430px\" \/><\/p>\n<p style=\"text-align: justify;\"><a target=\"_blank\" href=\"http:\/\/www.rayuelatiendaonline.com\/libro\/brazos-largos_70453\"><img loading=\"lazy\" class=\"decoded size-full wp-image-777\" alt=\"http:\/\/rayuelainfancia.com\/http:\/\/rayuelainfancia.desarrollotrevenque.com\/blog\/wp-content\/uploads\/2009\/11\/comprar.png\" src=\"images\/comprar.png\" height=\"31\" width=\"100\" \/><\/a><\/p>\n<p style=\"text-align: justify;\"><strong><span style=\"font-size: 10pt;\">\u00abBrazos largos\u00bb<\/span><\/strong><\/p>\n<p style=\"text-align: justify;\"><span style=\"font-size: 10pt;\">&nbsp;&nbsp; Habi\u0301a una vez una nieta y una abuela. Una abuela y una nieta. A\u0301mbas habi\u0301an nacido el mismo di\u0301a y a la misma hora, aunque no del mismo an\u0303o, \u00a1menos mal!, y ambas pasaban muchos ratos juntas. Esta abuela teni\u0301a unos brazos muy laaargos, con los que arropaba y envolvi\u0301a a su nieta.<br \/><\/span><\/p>\n<\/td>\n<td>\n<p>&nbsp;<\/p>\n<\/td>\n<td>\n<p><img loading=\"lazy\" class=\" size-full wp-image-898\" style=\"border: 1px solid #000000;\" alt=\"burro origen juan arjona\" src=\"http:\/\/rayuelainfancia.desarrollotrevenque.com\/blog\/wp-content\/uploads\/2015\/02\/burro_origen_juan_arjona.jpg\" height=\"400\" width=\"311\" srcset=\"https:\/\/www.rayuelainfancia.com\/blog\/wp-content\/uploads\/2015\/02\/burro_origen_juan_arjona.jpg 311w, https:\/\/www.rayuelainfancia.com\/blog\/wp-content\/uploads\/2015\/02\/burro_origen_juan_arjona-233x300.jpg 233w\" sizes=\"(max-width: 311px) 100vw, 311px\" \/><\/p>\n<p style=\"text-align: justify;\"><a target=\"_blank\" href=\"http:\/\/www.rayuelatiendaonline.com\/libro\/burro-el-origen_70191\"><img loading=\"lazy\" class=\"decoded size-full wp-image-777\" alt=\"http:\/\/rayuelainfancia.com\/http:\/\/rayuelainfancia.desarrollotrevenque.com\/blog\/wp-content\/uploads\/2009\/11\/comprar.png\" src=\"images\/comprar.png\" height=\"31\" width=\"100\" \/><\/a><\/p>\n<p style=\"text-align: justify;\"><span style=\"font-size: 10pt;\"><strong>\u00abBurro (el origen)\u00bb<\/strong><\/span><\/p>\n<p><span style=\"font-size: 10pt;\">&nbsp;&nbsp;&nbsp; El protagonista de esta historia es un burro triste que vive al pie de un sauce lloro\u0301n. Y cuando el sauce llora, llora el burro. Un buen di\u0301a decide que esta\u0301 harto de tanta pena y se va. En cuanto se pone en marcha, asistimos al nacimiento de un he\u0301roe: Burro, que se vera\u0301 inmerso en la popular historia de una conocida ratita, a la que intentara\u0301 ayudar con humor y astucia. A lo largo de la aventura descubrira\u0301 su inimaginable talento para disfrazarse y su capacidad para deshacer hechizos y maleficios. Hasta reescribir su propia historia, el origen de su leyenda.<br \/><\/span><\/p>\n<\/td>\n<\/tr>\n<tr>\n<td><\/td>\n<td><\/td>\n<td><\/td>\n<\/tr>\n<tr>\n<td>\n<p><img loading=\"lazy\" class=\" size-full wp-image-899\" alt=\"primer libro poemas\" src=\"http:\/\/rayuelainfancia.desarrollotrevenque.com\/blog\/wp-content\/uploads\/2015\/02\/primer_libro_poemas.jpg\" height=\"400\" width=\"260\" srcset=\"https:\/\/www.rayuelainfancia.com\/blog\/wp-content\/uploads\/2015\/02\/primer_libro_poemas.jpg 260w, https:\/\/www.rayuelainfancia.com\/blog\/wp-content\/uploads\/2015\/02\/primer_libro_poemas-195x300.jpg 195w\" sizes=\"(max-width: 260px) 100vw, 260px\" \/><\/p>\n<p><a target=\"_blank\" href=\"http:\/\/www.rayuelatiendaonline.com\/libro\/mi-primer-libro-de-poemas_57611\"><strong><span style=\"font-size: 10pt;\"><img loading=\"lazy\" class=\"decoded size-full wp-image-777\" alt=\"http:\/\/rayuelainfancia.com\/http:\/\/rayuelainfancia.desarrollotrevenque.com\/blog\/wp-content\/uploads\/2009\/11\/comprar.png\" src=\"images\/comprar.png\" height=\"31\" width=\"100\" \/><\/span><\/strong><\/a><\/p>\n<p><strong><span style=\"font-size: 10pt;\">\u00abMi primer libro de poemas\u00bb<\/span><\/strong><\/p>\n<p><span style=\"font-size: 10pt;\">Un conjunto de cuarenta y ocho poemas de JUAN RAMO\u0301N JIME\u0301NEZ, FEDERICO GARCI\u0301A LORCA Y RAFAEL ALBERTI sirven para que los nin\u0303os y nin\u0303as aprendan a disfrutar de la poesi\u0301a, con temas sencillos, como el mar, los a\u0301rboles, las flores, el campo, las estaciones del an\u0303o&#8230;, mediante versos fa\u0301ciles de memorizar.<\/span><\/p>\n<p>&nbsp;<br alt=\"chico manos azules\" src=\"images\/chico_manos_azules.jpg\" height=\"400\" width=\"257\" \/><\/p>\n<\/td>\n<td>\n<p>&nbsp;<\/p>\n<\/td>\n<td>\n<p><img loading=\"lazy\" class=\" size-full wp-image-871\" alt=\"diario-despecho\" src=\"http:\/\/rayuelainfancia.desarrollotrevenque.com\/blog\/wp-content\/uploads\/2015\/02\/diario-despecho.png\" height=\"400\" width=\"286\" srcset=\"https:\/\/www.rayuelainfancia.com\/blog\/wp-content\/uploads\/2015\/02\/diario-despecho.png 358w, https:\/\/www.rayuelainfancia.com\/blog\/wp-content\/uploads\/2015\/02\/diario-despecho-215x300.png 215w\" sizes=\"(max-width: 286px) 100vw, 286px\" \/>&nbsp;<\/p>\n<p style=\"text-align: justify;\"><a target=\"_blank\" href=\"http:\/\/www.rayuelatiendaonline.com\/libro\/diario-de-un-despecho_70756\"><img loading=\"lazy\" class=\"decoded size-full wp-image-777\" alt=\"http:\/\/rayuelainfancia.com\/http:\/\/rayuelainfancia.desarrollotrevenque.com\/blog\/wp-content\/uploads\/2009\/11\/comprar.png\" src=\"images\/comprar.png\" height=\"31\" width=\"100\" \/><\/a><\/p>\n<p style=\"text-align: justify;\"><span style=\"font-size: 10pt;\"><strong>\u00abDiario de un despecho\u00bb<\/strong><\/span><\/p>\n<p style=\"text-align: justify;\"><span style=\"font-size: 10pt;\">A\u0301lbum sobre una historia pasional. Al ser abandonada por su amante, una mujer malherida de amor escribe para recordar y a la vez olvidar el fuego de una pasio\u0301n que se ha acabado. El acto de exorcismo, de amor y odio, es una lucha contra las horas interminables, la desesperacio\u0301n de ver como el amor se escapa. La escritura se vuelve terapia de un dolor insoportable. El libro, bajo la forma de diario, se compone de la cro\u0301nica de los sentimientos que provoca la situacio\u0301n, a trave\u0301s de canciones, citas literarias, poemas, historias de celebridades que sufrieron el desamor, reflexiones&#8230; Con todo este material tragico\u0301mico, que mezcla lirismo, dolor y humor, el lector tendra\u0301 que ir resolviendo el rompecabezas de una pasio\u0301n fatal.<\/span><\/p>\n<\/td>\n<\/tr>\n<tr>\n<td>\n<p>&nbsp;<\/p>\n<p><img loading=\"lazy\" class=\" size-full wp-image-900\" alt=\"juan ramon jimenez ninos everest lola gonzalez\" src=\"http:\/\/rayuelainfancia.desarrollotrevenque.com\/blog\/wp-content\/uploads\/2015\/02\/juan_ramon_jimenez_ninos_everest_lola_gonzalez.jpg\" height=\"400\" width=\"305\" srcset=\"https:\/\/www.rayuelainfancia.com\/blog\/wp-content\/uploads\/2015\/02\/juan_ramon_jimenez_ninos_everest_lola_gonzalez.jpg 305w, https:\/\/www.rayuelainfancia.com\/blog\/wp-content\/uploads\/2015\/02\/juan_ramon_jimenez_ninos_everest_lola_gonzalez-229x300.jpg 229w\" sizes=\"(max-width: 305px) 100vw, 305px\" \/><\/p>\n<p style=\"text-align: justify;\"><a target=\"_blank\" href=\"http:\/\/www.rayuelatiendaonline.com\/libro\/juan-ramon-jimenez-y-los-ninos_57630\"><img loading=\"lazy\" class=\"decoded size-full wp-image-777\" alt=\"http:\/\/rayuelainfancia.com\/http:\/\/rayuelainfancia.desarrollotrevenque.com\/blog\/wp-content\/uploads\/2009\/11\/comprar.png\" src=\"images\/comprar.png\" height=\"31\" width=\"100\" \/><\/a><\/p>\n<p style=\"text-align: justify;\"><span style=\"font-size: 10pt;\"><strong>\u00abJuan Ram\u00f3n Jim\u00e9nez y los ni\u00f1os\u00bb<\/strong><\/span><\/p>\n<p style=\"text-align: justify;\"><span style=\"font-size: 10pt;\">\u00abJuan Ramo\u0301n Jime\u0301nez y los Nin\u0303os\u00bb es una historia de palabras vivas como mariposas, como globos que flotan, como verderones que cantan, como amapolas en los trigales&#8230; Lola Gonza\u0301lez, especialista en Literatura Infantil, ayudada por Platero y las flores, presentes siempre en el entorno del genial escritor, introduce al joven lector por los caminos de la poesi\u0301a y prosa de Juan Ramo\u0301n, componiendo, a su vez, una obra u\u0301nica y original.<\/span><\/p>\n<\/td>\n<td>\n<p>&nbsp;<\/p>\n<\/td>\n<td>\n<p><img loading=\"lazy\" class=\" size-full wp-image-901\" style=\"border: 1px solid #000000;\" alt=\"cocina toto murube\" src=\"http:\/\/rayuelainfancia.desarrollotrevenque.com\/blog\/wp-content\/uploads\/2015\/02\/cocina_toto_murube.jpg\" height=\"400\" width=\"254\" srcset=\"https:\/\/www.rayuelainfancia.com\/blog\/wp-content\/uploads\/2015\/02\/cocina_toto_murube.jpg 254w, https:\/\/www.rayuelainfancia.com\/blog\/wp-content\/uploads\/2015\/02\/cocina_toto_murube-191x300.jpg 191w\" sizes=\"(max-width: 254px) 100vw, 254px\" \/>&nbsp;<\/p>\n<p><a target=\"_blank\" href=\"http:\/\/www.rayuelatiendaonline.com\/libro\/la-cocina-de-toto-murube_64369\"><img loading=\"lazy\" class=\"decoded size-full wp-image-777\" alt=\"http:\/\/rayuelainfancia.com\/http:\/\/rayuelainfancia.desarrollotrevenque.com\/blog\/wp-content\/uploads\/2009\/11\/comprar.png\" src=\"images\/comprar.png\" height=\"31\" width=\"100\" \/><\/a><\/p>\n<p><strong><span style=\"font-size: 10pt;\">\u00abLa cocina de Toto Murube\u00bb<\/span><\/strong><\/p>\n<p><span style=\"font-size: 10pt;\">&nbsp;La cocina de Toto Murube es una lectura que entusiasmara\u0301 a todos, un derroche de fantasi\u0301a y de creatividad, un juego de palabras y de si\u0301mbolos. Su autor, Jose\u0301 Antonio Ramirez Lozano, ha recibido hace poco el premio Lazarillo de novela juvenil y su escritura rompe los moldes tradicionales de la literatura. Pone en valor la palabra , siempre al servicio de la invencio\u0301n, la frescura y el juego creativo. Ilustrada por Pablo Otero y editada por Kalandraka Ediciones Andaluci\u0301a, La cocina de Toto Murube sera\u0301 un buen entretenimiento para este verano y un aprendizaje sobre la vida, sobre todo si tienes entre los 8 y los 108 an\u0303os.<\/span><\/p>\n<\/td>\n<\/tr>\n<tr>\n<td>\n<p>&nbsp;<\/p>\n<\/td>\n<td>\n<p>&nbsp;<\/p>\n<\/td>\n<td>\n<p>&nbsp;<\/p>\n<\/td>\n<\/tr>\n<tr>\n<td>\n<p>&nbsp;<img loading=\"lazy\" class=\" size-full wp-image-902\" alt=\"hora relojes\" src=\"http:\/\/rayuelainfancia.desarrollotrevenque.com\/blog\/wp-content\/uploads\/2015\/02\/hora_relojes.jpg\" height=\"400\" width=\"254\" srcset=\"https:\/\/www.rayuelainfancia.com\/blog\/wp-content\/uploads\/2015\/02\/hora_relojes.jpg 254w, https:\/\/www.rayuelainfancia.com\/blog\/wp-content\/uploads\/2015\/02\/hora_relojes-191x300.jpg 191w\" sizes=\"(max-width: 254px) 100vw, 254px\" \/><\/p>\n<p><a target=\"_blank\" href=\"http:\/\/www.rayuelatiendaonline.com\/libro\/la-hora-de-los-relojes_61509\"><img loading=\"lazy\" class=\"decoded size-full wp-image-777\" alt=\"http:\/\/rayuelainfancia.com\/http:\/\/rayuelainfancia.desarrollotrevenque.com\/blog\/wp-content\/uploads\/2009\/11\/comprar.png\" src=\"images\/comprar.png\" height=\"31\" width=\"100\" \/><\/a><\/p>\n<p><span style=\"font-size: 10pt;\"><strong>\u00abLa hora de los relojes\u00bb<\/strong><\/span><\/p>\n<p><span style=\"font-size: 10pt;\">El tiempo cronolo\u0301gico es el hilo conductor de las 33 composiciones poe\u0301ticas de este libro: creaciones breves rebosantes de meta\u0301foras y figuras literarias que desprenden sonoridad, ingenio, sentido del humor y surrealismo. Versos que juegan con las onomatopeyas, que dibujan caligramas y trazan una imagen humanizada de estos objetos cotidianos: son\u0303adores, miedosos, adelantados, lentos, enfermizos, exce\u0301ntricos&#8230;<\/span><\/p>\n<\/td>\n<td>\n<p>&nbsp;<\/p>\n<\/td>\n<td>\n<p><img loading=\"lazy\" class=\" size-full wp-image-903\" style=\"border: 1px solid #000000;\" alt=\"habitacion babel eliacer\" src=\"http:\/\/rayuelainfancia.desarrollotrevenque.com\/blog\/wp-content\/uploads\/2015\/02\/habitacion_babel_eliacer.jpg\" height=\"400\" width=\"267\" srcset=\"https:\/\/www.rayuelainfancia.com\/blog\/wp-content\/uploads\/2015\/02\/habitacion_babel_eliacer.jpg 267w, https:\/\/www.rayuelainfancia.com\/blog\/wp-content\/uploads\/2015\/02\/habitacion_babel_eliacer-200x300.jpg 200w\" sizes=\"(max-width: 267px) 100vw, 267px\" \/><\/p>\n<p><a target=\"_blank\" href=\"http:\/\/www.rayuelatiendaonline.com\/libro\/una-habitacion-en-babel_67080\"><img loading=\"lazy\" class=\"decoded size-full wp-image-777\" alt=\"http:\/\/rayuelainfancia.com\/http:\/\/rayuelainfancia.desarrollotrevenque.com\/blog\/wp-content\/uploads\/2009\/11\/comprar.png\" src=\"images\/comprar.png\" height=\"31\" width=\"100\" \/><\/a><\/p>\n<p style=\"text-align: justify;\"><span style=\"font-size: 10pt;\"><strong>\u00abUna habitaci\u00f3n en Babel\u00bb<\/strong><\/span><\/p>\n<p><span style=\"font-size: 10pt;\">La Torre es el mayor edificio del pueblo, un bloque a\u0301cido en inhumano en el que viven tantas personas como en toda la urbanizacio\u0301n de casitas adosadas que acaban de construir en las afueras. Personas instaladas en estantes del aire, como libros, cada uno con su historia, algunas buenas y otras malas. Unas a punto de abrirse y otras de cerrarse. En ella viven A\u0301ngel y Gil, Nor y Berta, Rashid y Ste\u0301fano. Cada uno en su habitacio\u0301n de la Torre, hablando con su propio acento, pero obligados a entenderse cuando descubren que pertenecen a una misma historia.<\/span><\/p>\n<\/td>\n<\/tr>\n<tr>\n<td>\n<p>&nbsp;<\/p>\n<\/td>\n<td>\n<p>&nbsp;<\/p>\n<\/td>\n<td>\n<p>&nbsp;<\/p>\n<\/td>\n<\/tr>\n<tr>\n<td>\n<p>&nbsp;<img loading=\"lazy\" class=\" size-full wp-image-904\" alt=\"vaca victoria\" src=\"http:\/\/rayuelainfancia.desarrollotrevenque.com\/blog\/wp-content\/uploads\/2015\/02\/vaca_victoria.jpg\" height=\"400\" width=\"251\" srcset=\"https:\/\/www.rayuelainfancia.com\/blog\/wp-content\/uploads\/2015\/02\/vaca_victoria.jpg 251w, https:\/\/www.rayuelainfancia.com\/blog\/wp-content\/uploads\/2015\/02\/vaca_victoria-188x300.jpg 188w\" sizes=\"(max-width: 251px) 100vw, 251px\" \/><\/p>\n<p><a target=\"_blank\" href=\"http:\/\/www.rayuelatiendaonline.com\/libro\/la-vaca-victoria_70520\"><img loading=\"lazy\" class=\"decoded size-full wp-image-777\" alt=\"http:\/\/rayuelainfancia.com\/http:\/\/rayuelainfancia.desarrollotrevenque.com\/blog\/wp-content\/uploads\/2009\/11\/comprar.png\" src=\"images\/comprar.png\" height=\"31\" width=\"100\" \/><\/a><\/p>\n<p><strong><span style=\"font-size: 10pt;\">\u00abLa vaca Victoria\u00bb<\/span><\/strong><\/p>\n<p><span style=\"font-size: 10pt;\">\u00abEsta es la historia de la vaca Victoria. Se murio\u0301 la vaca y se acabo\u0301 la historia\u00bb. El famoso resumen biogra\u0301fico de Victoria nos da pie (o pezun\u0303a) para imaginar las existencias alternativas de la protagonista. Eso si\u0301, para ello tenemos que descubrir el siempre sorprendente y musical mundo de las rimas. Porque si Victoria, por ejemplo, hubiera fallecido de un flato, \u00bfno seri\u0301a lo suyo un relato?<\/span><\/p>\n<\/td>\n<td>\n<p>&nbsp;<\/p>\n<\/td>\n<td>\n<p>&nbsp;<img loading=\"lazy\" class=\" size-full wp-image-905\" alt=\"mecanistiario\" src=\"http:\/\/rayuelainfancia.desarrollotrevenque.com\/blog\/wp-content\/uploads\/2015\/02\/mecanistiario.jpg\" height=\"500\" width=\"242\" srcset=\"https:\/\/www.rayuelainfancia.com\/blog\/wp-content\/uploads\/2015\/02\/mecanistiario.jpg 242w, https:\/\/www.rayuelainfancia.com\/blog\/wp-content\/uploads\/2015\/02\/mecanistiario-145x300.jpg 145w\" sizes=\"(max-width: 242px) 100vw, 242px\" \/><\/p>\n<p><a target=\"_blank\" href=\"http:\/\/www.rayuelatiendaonline.com\/libro\/mecanistiario-del-profesor-chaparelli_70170\"><img loading=\"lazy\" class=\"decoded size-full wp-image-777\" alt=\"http:\/\/rayuelainfancia.com\/http:\/\/rayuelainfancia.desarrollotrevenque.com\/blog\/wp-content\/uploads\/2009\/11\/comprar.png\" src=\"images\/comprar.png\" height=\"31\" width=\"100\" \/><\/a><\/p>\n<p><span style=\"font-size: 10pt;\"><strong>\u00abMecanistiario\u00bb<\/strong><\/span><\/p>\n<p><span style=\"font-size: 10pt;\">El mecanistiario (o mecanicum vocabulum) es el conjunto de seres meca\u0301nicos creados por el estrambo\u0301tico Profesor Chaparelli, cienti\u0301fico del s. XXV. En este acordeo\u0301n ilustrado encontrara\u0301s sus estudios sobre el mundo animal, un monto\u0301n de experimentos, y la asombrosa historia de la vida en el futuro. Adema\u0301s, podra\u0301s contemplar el increi\u0301ble Ciclo Vital del Animal Meca\u0301nico, culmen de sus fanta\u0301sticas investigaciones.<\/span><\/p>\n<\/td>\n<\/tr>\n<tr>\n<td>\n<p>&nbsp;<\/p>\n<\/td>\n<td>\n<p>&nbsp;<\/p>\n<\/td>\n<td>\n<p>&nbsp;<\/p>\n<\/td>\n<\/tr>\n<tr>\n<td>\n<p><strong><span style=\"font-size: 10pt;\"><img loading=\"lazy\" class=\" size-full wp-image-906\" alt=\"rafael alberti ninos\" src=\"http:\/\/rayuelainfancia.desarrollotrevenque.com\/blog\/wp-content\/uploads\/2015\/02\/rafael_alberti_ninos.jpg\" height=\"400\" width=\"305\" srcset=\"https:\/\/www.rayuelainfancia.com\/blog\/wp-content\/uploads\/2015\/02\/rafael_alberti_ninos.jpg 305w, https:\/\/www.rayuelainfancia.com\/blog\/wp-content\/uploads\/2015\/02\/rafael_alberti_ninos-229x300.jpg 229w\" sizes=\"(max-width: 305px) 100vw, 305px\" \/><\/span><\/strong><\/p>\n<p><a target=\"_blank\" href=\"http:\/\/www.rayuelatiendaonline.com\/libro\/rafael-alberti-y-los-ninos-con-cd_57633\"><strong><span style=\"font-size: 10pt;\"><img loading=\"lazy\" class=\"decoded size-full wp-image-777\" alt=\"http:\/\/rayuelainfancia.com\/http:\/\/rayuelainfancia.desarrollotrevenque.com\/blog\/wp-content\/uploads\/2009\/11\/comprar.png\" src=\"images\/comprar.png\" height=\"31\" width=\"100\" \/><\/span><\/strong><\/a><\/p>\n<p><strong><span style=\"font-size: 10pt;\">\u00abRafael Alberti y los ni\u00f1os\u00bb<\/span><\/strong><\/p>\n<p><span style=\"font-size: 10pt;\">Rafael Alberti, el u\u0301ltimo de la Generacio\u0301n del 27, poeta pintor de la mar y las palabras. Este libro es Homenaje en memoria de los 120 an\u0303os de ese grupo de poetas. Ellos inventaron libros que son nuevos caminos en prosa y en verso, para que nos siga asombrando el misterio, siempre nuevo y siempre antiguo, de las palabras con arte.<br \/><\/span><\/p>\n<p><span style=\"font-size: 10pt;\">Este libro es una antologi\u0301a, algo asi\u0301 como entrar en un jardi\u0301n inmenso y coger so\u0301lo un ramo de flores. Una antologi\u0301a es una coleccio\u0301n de recuerdos vivos, una invitacio\u0301n a seguir leyendo en otros libros.<br \/><\/span><\/p>\n<p><span style=\"font-size: 10pt;\">Esperamos una fiesta como las que el poeta encendi\u0301a en sus encuentros con nin\u0303os y mayores, por obra y gracia ahora de la lectura, pueda surgir en cada rinco\u0301n donde este libro muestre con el puntero de la fantasi\u0301a, su corazo\u0301n lleno de sonajas.<br \/>Incluye CD con poemas recitados.<\/span><\/p>\n<\/td>\n<td>\n<p><strong><span style=\"font-size: 10pt;\">&nbsp;<\/span><\/strong><\/p>\n<\/td>\n<td>\n<p><strong><span style=\"font-size: 10pt;\"><img loading=\"lazy\" class=\" size-full wp-image-907\" alt=\"revuelo museo marina garcia\" src=\"http:\/\/rayuelainfancia.desarrollotrevenque.com\/blog\/wp-content\/uploads\/2015\/02\/revuelo_museo_marina_garcia.jpg\" height=\"400\" width=\"402\" srcset=\"https:\/\/www.rayuelainfancia.com\/blog\/wp-content\/uploads\/2015\/02\/revuelo_museo_marina_garcia.jpg 502w, https:\/\/www.rayuelainfancia.com\/blog\/wp-content\/uploads\/2015\/02\/revuelo_museo_marina_garcia-150x150.jpg 150w, https:\/\/www.rayuelainfancia.com\/blog\/wp-content\/uploads\/2015\/02\/revuelo_museo_marina_garcia-300x300.jpg 300w, https:\/\/www.rayuelainfancia.com\/blog\/wp-content\/uploads\/2015\/02\/revuelo_museo_marina_garcia-60x60.jpg 60w\" sizes=\"(max-width: 402px) 100vw, 402px\" \/><\/span><\/strong><\/p>\n<p><a target=\"_blank\" href=\"http:\/\/www.rayuelatiendaonline.com\/libro\/revuelo-en-el-museo_67907\"><strong><span style=\"font-size: 10pt;\"><img loading=\"lazy\" class=\"decoded size-full wp-image-777\" alt=\"http:\/\/rayuelainfancia.com\/http:\/\/rayuelainfancia.desarrollotrevenque.com\/blog\/wp-content\/uploads\/2009\/11\/comprar.png\" src=\"images\/comprar.png\" height=\"31\" width=\"100\" \/><\/span><\/strong><\/a><\/p>\n<p><strong><span style=\"font-size: 10pt;\">\u00abRevuelo en el museo\u00bb<\/span><\/strong><\/p>\n<p><span style=\"font-size: 10pt;\">Habi\u0301a una vez un pequen\u0303o a\u0301ngel que volaba por la ciudad de Sevilla sin rumbo fijo, hasta que un buen di\u0301a, se asomo\u0301 a la ventana del Museo de Bellas Artes y se quedo\u0301 impactado, pues desde alli\u0301 vislumbro\u0301 tantos otros a\u0301ngeles que, de inmediato penso\u0301 que seri\u0301a un buen lugar para hacer su hogar. Adema\u0301s, este a\u0301ngel teni\u0301a un anhelo au\u0301n ma\u0301s fuerte, \u00abtener un nombre\u00bb, una identidad y sentirse u\u0301nico. Pero todos sabemos que no es tan fa\u0301cil integrarse en un grupo ni tan ra\u0301pido hacer amigos, asi\u0301 que este a\u0301ngel, travieso y esponta\u0301neo como un nin\u0303o, provoca un aute\u0301ntico revuelo en este museo.<\/span><\/p>\n<p>&nbsp;<\/p>\n<p>&nbsp;<\/p>\n<\/td>\n<\/tr>\n<tr>\n<td>\n<p><strong><span style=\"font-size: 10pt;\">&nbsp;<\/span><\/strong><\/p>\n<\/td>\n<td>\n<p><strong><span style=\"font-size: 10pt;\">&nbsp;<\/span><\/strong><\/p>\n<\/td>\n<td>\n<p><strong><span style=\"font-size: 10pt;\">&nbsp;<\/span><\/strong><\/p>\n<\/td>\n<\/tr>\n<tr>\n<td>\n<p><strong><span style=\"font-size: 10pt;\"><img loading=\"lazy\" class=\" size-full wp-image-908\" alt=\"soy pequenito juan arjona buen paso\" src=\"http:\/\/rayuelainfancia.desarrollotrevenque.com\/blog\/wp-content\/uploads\/2015\/02\/soy_pequenito_juan_arjona_buen_paso.jpg\" height=\"400\" width=\"314\" srcset=\"https:\/\/www.rayuelainfancia.com\/blog\/wp-content\/uploads\/2015\/02\/soy_pequenito_juan_arjona_buen_paso.jpg 314w, https:\/\/www.rayuelainfancia.com\/blog\/wp-content\/uploads\/2015\/02\/soy_pequenito_juan_arjona_buen_paso-236x300.jpg 236w\" sizes=\"(max-width: 314px) 100vw, 314px\" \/><\/span><\/strong><\/p>\n<p><a target=\"_blank\" href=\"http:\/\/www.rayuelatiendaonline.com\/libro\/soy-pequenito_67998\"><strong><span style=\"font-size: 10pt;\"><img loading=\"lazy\" class=\"decoded size-full wp-image-777\" alt=\"http:\/\/rayuelainfancia.com\/http:\/\/rayuelainfancia.desarrollotrevenque.com\/blog\/wp-content\/uploads\/2009\/11\/comprar.png\" src=\"images\/comprar.png\" height=\"31\" width=\"100\" \/><\/span><\/strong><\/a><\/p>\n<p><strong><span style=\"font-size: 10pt;\">\u00abSoy peque\u00f1ito\u00bb<\/span><\/strong><\/p>\n<p><span style=\"font-size: 10pt;\">Soy pequen\u0303ito es un hermoso y tierno poema escrito por Juan Arjona, que nos recuerda la aventura de crecer y lo bien que nos viene en este proceso, una mano a la que agarrarnos y unos brazos que nos arropen en las noches fri\u0301as. Ilustrado por Emilio Urberuaga, un ilustrador con una trayectoria extensa y Premio Nacional de Ilustracio\u0301n, esta historia encuentra unos potentes pinceles en los que zambullirse para conseguir expresar, au\u0301n con ma\u0301s fuerza, ternura, aventura, fortaleza, compan\u0303i\u0301a y complicidad.<\/span><\/p>\n<\/td>\n<td>\n<p><strong><span style=\"font-size: 10pt;\">&nbsp;<\/span><\/strong><\/p>\n<\/td>\n<td>\n<p>&nbsp;<\/p>\n<p style=\"text-align: justify;\"><img loading=\"lazy\" class=\" size-full wp-image-909\" alt=\"corazon no cojea\" src=\"http:\/\/rayuelainfancia.desarrollotrevenque.com\/blog\/wp-content\/uploads\/2015\/02\/corazon_no_cojea.png\" height=\"400\" width=\"503\" \/><\/p>\n<p style=\"text-align: justify;\"><a target=\"_blank\" href=\"http:\/\/www.rayuelatiendaonline.com\/libro\/un-corazon-que-no-cojea_64412\"><img loading=\"lazy\" class=\"decoded size-full wp-image-777\" alt=\"http:\/\/rayuelainfancia.com\/http:\/\/rayuelainfancia.desarrollotrevenque.com\/blog\/wp-content\/uploads\/2009\/11\/comprar.png\" src=\"images\/comprar.png\" height=\"31\" width=\"100\" \/><\/a><\/p>\n<p style=\"text-align: justify;\"><span style=\"font-size: 10pt;\"><strong>\u00abUn coraz\u00f3n que no cojea\u00bb<\/strong> <br \/><\/span><\/p>\n<p style=\"text-align: justify;\"><span style=\"font-size: 10pt;\">25 cuentos porque 25 an\u0303os lleva Pepe\u0301perez abriendo puertas y caminos en el mundo hermoso, pero difi\u0301cil de la narracio\u0301n. Un corazo\u0301n que no cojea es un libro familiar, para todos, un libro para compartir y por eso esta\u0301 dividido en tres partes, para que lo uses segu\u0301n te venga o te vaya: \u00abCuentos en compan\u0303i\u0301a\u00bb, dedicado a leer con nuestras nin\u0303as y nin\u0303os, \u00ab\u00a1Ahora me toca a mi\u0301!\u00bb, llenita de cuentos para que los nin\u0303os lean a solas con su libro y con su vida, y \u00abMi tiempo adulto\u00bb, destinado a los ma\u0301s mayores de la casa.<br \/><\/span><\/p>\n<p><strong><span style=\"font-size: 10pt;\">&nbsp;<\/span><\/strong><\/p>\n<\/td>\n<\/tr>\n<tr>\n<td>\n<p>&nbsp;<\/p>\n<\/td>\n<td>\n<p>&nbsp;<\/p>\n<\/td>\n<td>\n<p style=\"text-align: justify;\">&nbsp;<\/p>\n<\/td>\n<\/tr>\n<tr>\n<td>\n<p>&nbsp;<\/p>\n<p><img loading=\"lazy\" class=\" size-full wp-image-910\" style=\"border: 1px solid #000000;\" alt=\"cuadro picasso\" src=\"http:\/\/rayuelainfancia.desarrollotrevenque.com\/blog\/wp-content\/uploads\/2015\/02\/cuadro_picasso.png\" height=\"400\" width=\"400\" srcset=\"https:\/\/www.rayuelainfancia.com\/blog\/wp-content\/uploads\/2015\/02\/cuadro_picasso.png 400w, https:\/\/www.rayuelainfancia.com\/blog\/wp-content\/uploads\/2015\/02\/cuadro_picasso-150x150.png 150w, https:\/\/www.rayuelainfancia.com\/blog\/wp-content\/uploads\/2015\/02\/cuadro_picasso-300x300.png 300w, https:\/\/www.rayuelainfancia.com\/blog\/wp-content\/uploads\/2015\/02\/cuadro_picasso-60x60.png 60w\" sizes=\"(max-width: 400px) 100vw, 400px\" \/><\/p>\n<p><a target=\"_blank\" href=\"http:\/\/www.rayuelatiendaonline.com\/libro\/un-cuadro-de-picasso_62525\"><img loading=\"lazy\" class=\"decoded size-full wp-image-777\" alt=\"http:\/\/rayuelainfancia.com\/http:\/\/rayuelainfancia.desarrollotrevenque.com\/blog\/wp-content\/uploads\/2009\/11\/comprar.png\" src=\"images\/comprar.png\" height=\"31\" width=\"100\" \/><\/a><\/p>\n<p style=\"text-align: justify;\"><span style=\"font-size: 10pt;\"><strong>\u00abUn cuadro de Picasso\u00bb<\/strong><\/span><\/p>\n<p><span style=\"font-size: 10pt;\">El simbolismo de las figuras, el tra\u0301gico contexto histo\u0301rico del lienzo, el perfil multidisciplinar del artista. Una cuidada edicio\u0301n con un cartel desplegable para adentrarse en una de las obras maestras del siglo XX.<\/span><\/p>\n<\/td>\n<td>\n<p>&nbsp;<\/p>\n<\/td>\n<td>\n<p style=\"text-align: justify;\">&nbsp;<img loading=\"lazy\" class=\" size-full wp-image-911\" alt=\"cuadro velazquez\" src=\"http:\/\/rayuelainfancia.desarrollotrevenque.com\/blog\/wp-content\/uploads\/2015\/02\/cuadro_velazquez.jpg\" height=\"400\" width=\"400\" srcset=\"https:\/\/www.rayuelainfancia.com\/blog\/wp-content\/uploads\/2015\/02\/cuadro_velazquez.jpg 400w, https:\/\/www.rayuelainfancia.com\/blog\/wp-content\/uploads\/2015\/02\/cuadro_velazquez-150x150.jpg 150w, https:\/\/www.rayuelainfancia.com\/blog\/wp-content\/uploads\/2015\/02\/cuadro_velazquez-300x300.jpg 300w, https:\/\/www.rayuelainfancia.com\/blog\/wp-content\/uploads\/2015\/02\/cuadro_velazquez-60x60.jpg 60w\" sizes=\"(max-width: 400px) 100vw, 400px\" \/><\/p>\n<p><a target=\"_blank\" href=\"http:\/\/www.rayuelatiendaonline.com\/libro\/un-cuadro-de-velazquez_62524\"><img loading=\"lazy\" class=\"decoded size-full wp-image-777\" alt=\"http:\/\/rayuelainfancia.com\/http:\/\/rayuelainfancia.desarrollotrevenque.com\/blog\/wp-content\/uploads\/2009\/11\/comprar.png\" src=\"images\/comprar.png\" height=\"31\" width=\"100\" \/><\/a><\/p>\n<p style=\"text-align: justify;\"><span style=\"font-size: 10pt;\"><strong>\u00abUn cuadro de Velazquez\u00bb<\/strong><\/span><\/p>\n<p><span style=\"font-size: 10pt;\">Un instructivo viaje hasta el siglo XVII para mezclarse entre los ilustres personajes de este retrato mu\u0301ltiple. Los detalles y misterios de uno de los cuadros ma\u0301s ce\u0301lebres de la Historia, con una la\u0301mina desplegable.<\/span><\/p>\n<\/td>\n<\/tr>\n<\/tbody>\n<\/table>\n","protected":false},"excerpt":{"rendered":"<p>Una selecci\u00f3n de autores, ilustradores, editores, narradores y dem\u00e1s \u00abores y oras\u00bb con etiqueta andaluza, para celebrar que aqu\u00ed, en esta tierra, tambi\u00e9n, al igual que en otras muchas, se hacen cosas muy, pero que muy interesantes.\u00a1Qu\u00e9 la disfrut\u00e9is! \u00ab500 adivinanzas andaluzas\u00bb &nbsp;&nbsp; Recopilacio\u0301n realizada entre los siglos XX y XXI, mediante entrevistas personales en [&hellip;]<\/p>\n","protected":false},"author":3,"featured_media":895,"comment_status":"open","ping_status":"open","sticky":false,"template":"","format":"standard","meta":[],"categories":[18],"tags":[],"yoast_head":"<!-- This site is optimized with the Yoast SEO plugin v18.5.1 - https:\/\/yoast.com\/wordpress\/plugins\/seo\/ -->\n<title>28 DE FEBRERO: AUTORES Y AUTORAS DE LA TIERRA &#8902; Blog de Rayuelainfancia<\/title>\n<meta name=\"robots\" content=\"index, follow, max-snippet:-1, max-image-preview:large, max-video-preview:-1\" \/>\n<link rel=\"canonical\" href=\"https:\/\/www.rayuelainfancia.com\/blog\/28-de-febrero-autores-y-autoras-de-la-tierra\/\" \/>\n<meta property=\"og:locale\" content=\"es_ES\" \/>\n<meta property=\"og:type\" content=\"article\" \/>\n<meta property=\"og:title\" content=\"28 DE FEBRERO: AUTORES Y AUTORAS DE LA TIERRA &#8902; Blog de Rayuelainfancia\" \/>\n<meta property=\"og:description\" content=\"Una selecci\u00f3n de autores, ilustradores, editores, narradores y dem\u00e1s \u00abores y oras\u00bb con etiqueta andaluza, para celebrar que aqu\u00ed, en esta tierra, tambi\u00e9n, al igual que en otras muchas, se hacen cosas muy, pero que muy interesantes.\u00a1Qu\u00e9 la disfrut\u00e9is! \u00ab500 adivinanzas andaluzas\u00bb &nbsp;&nbsp; Recopilacio\u0301n realizada entre los siglos XX y XXI, mediante entrevistas personales en [&hellip;]\" \/>\n<meta property=\"og:url\" content=\"https:\/\/www.rayuelainfancia.com\/blog\/28-de-febrero-autores-y-autoras-de-la-tierra\/\" \/>\n<meta property=\"og:site_name\" content=\"Blog de Rayuelainfancia\" \/>\n<meta property=\"article:publisher\" content=\"https:\/\/www.facebook.com\/pages\/Librer\u00eda-Rayuela\/251861686361\" \/>\n<meta property=\"article:published_time\" content=\"2015-02-18T11:53:30+00:00\" \/>\n<meta property=\"article:modified_time\" content=\"2016-12-14T09:26:45+00:00\" \/>\n<meta property=\"og:image\" content=\"https:\/\/www.rayuelainfancia.com\/blog\/wp-content\/uploads\/2015\/02\/500_adivinanzas_andaluzas.jpg\" \/>\n\t<meta property=\"og:image:width\" content=\"255\" \/>\n\t<meta property=\"og:image:height\" content=\"400\" \/>\n\t<meta property=\"og:image:type\" content=\"image\/jpeg\" \/>\n<meta name=\"twitter:card\" content=\"summary\" \/>\n<meta name=\"twitter:creator\" content=\"@Rayuelainfancia\" \/>\n<meta name=\"twitter:site\" content=\"@Rayuelainfancia\" \/>\n<meta name=\"twitter:label1\" content=\"Written by\" \/>\n\t<meta name=\"twitter:data1\" content=\"Miguel Escalera Nieto\" \/>\n\t<meta name=\"twitter:label2\" content=\"Est. reading time\" \/>\n\t<meta name=\"twitter:data2\" content=\"8 minutos\" \/>\n<script type=\"application\/ld+json\" class=\"yoast-schema-graph\">{\"@context\":\"https:\/\/schema.org\",\"@graph\":[{\"@type\":\"Organization\",\"@id\":\"https:\/\/www.rayuelainfancia.com\/blog\/#organization\",\"name\":\"Rayuelainfancia\",\"url\":\"https:\/\/www.rayuelainfancia.com\/blog\/\",\"sameAs\":[\"https:\/\/www.facebook.com\/pages\/Librer\u00eda-Rayuela\/251861686361\",\"https:\/\/www.youtube.com\/channel\/UCddVaoDjpTp-DexyEVoyazQ\",\"https:\/\/twitter.com\/Rayuelainfancia\"],\"logo\":{\"@type\":\"ImageObject\",\"@id\":\"https:\/\/www.rayuelainfancia.com\/blog\/#logo\",\"inLanguage\":\"es\",\"url\":\"https:\/\/www.rayuelainfancia.com\/blog\/wp-content\/uploads\/2018\/06\/logo-rayuelainfancia-color-corporativo.png\",\"contentUrl\":\"https:\/\/www.rayuelainfancia.com\/blog\/wp-content\/uploads\/2018\/06\/logo-rayuelainfancia-color-corporativo.png\",\"width\":1200,\"height\":680,\"caption\":\"Rayuelainfancia\"},\"image\":{\"@id\":\"https:\/\/www.rayuelainfancia.com\/blog\/#logo\"}},{\"@type\":\"WebSite\",\"@id\":\"https:\/\/www.rayuelainfancia.com\/blog\/#website\",\"url\":\"https:\/\/www.rayuelainfancia.com\/blog\/\",\"name\":\"Blog de Rayuelainfancia\",\"description\":\"Libros infantiles y juegos educaticos respestuosos con la infancia\",\"publisher\":{\"@id\":\"https:\/\/www.rayuelainfancia.com\/blog\/#organization\"},\"potentialAction\":[{\"@type\":\"SearchAction\",\"target\":{\"@type\":\"EntryPoint\",\"urlTemplate\":\"https:\/\/www.rayuelainfancia.com\/blog\/?s={search_term_string}\"},\"query-input\":\"required name=search_term_string\"}],\"inLanguage\":\"es\"},{\"@type\":\"ImageObject\",\"@id\":\"https:\/\/www.rayuelainfancia.com\/blog\/28-de-febrero-autores-y-autoras-de-la-tierra\/#primaryimage\",\"inLanguage\":\"es\",\"url\":\"https:\/\/www.rayuelainfancia.com\/blog\/wp-content\/uploads\/2015\/02\/500_adivinanzas_andaluzas.jpg\",\"contentUrl\":\"https:\/\/www.rayuelainfancia.com\/blog\/wp-content\/uploads\/2015\/02\/500_adivinanzas_andaluzas.jpg\",\"width\":255,\"height\":400,\"caption\":\"500 adivinanzas andaluzas\"},{\"@type\":\"WebPage\",\"@id\":\"https:\/\/www.rayuelainfancia.com\/blog\/28-de-febrero-autores-y-autoras-de-la-tierra\/#webpage\",\"url\":\"https:\/\/www.rayuelainfancia.com\/blog\/28-de-febrero-autores-y-autoras-de-la-tierra\/\",\"name\":\"28 DE FEBRERO: AUTORES Y AUTORAS DE LA TIERRA &#8902; Blog de Rayuelainfancia\",\"isPartOf\":{\"@id\":\"https:\/\/www.rayuelainfancia.com\/blog\/#website\"},\"primaryImageOfPage\":{\"@id\":\"https:\/\/www.rayuelainfancia.com\/blog\/28-de-febrero-autores-y-autoras-de-la-tierra\/#primaryimage\"},\"datePublished\":\"2015-02-18T11:53:30+00:00\",\"dateModified\":\"2016-12-14T09:26:45+00:00\",\"breadcrumb\":{\"@id\":\"https:\/\/www.rayuelainfancia.com\/blog\/28-de-febrero-autores-y-autoras-de-la-tierra\/#breadcrumb\"},\"inLanguage\":\"es\",\"potentialAction\":[{\"@type\":\"ReadAction\",\"target\":[\"https:\/\/www.rayuelainfancia.com\/blog\/28-de-febrero-autores-y-autoras-de-la-tierra\/\"]}]},{\"@type\":\"BreadcrumbList\",\"@id\":\"https:\/\/www.rayuelainfancia.com\/blog\/28-de-febrero-autores-y-autoras-de-la-tierra\/#breadcrumb\",\"itemListElement\":[{\"@type\":\"ListItem\",\"position\":1,\"name\":\"Portada\",\"item\":\"https:\/\/www.rayuelainfancia.com\/blog\/\"},{\"@type\":\"ListItem\",\"position\":2,\"name\":\"28 DE FEBRERO: AUTORES Y AUTORAS DE LA TIERRA\"}]},{\"@type\":\"Article\",\"@id\":\"https:\/\/www.rayuelainfancia.com\/blog\/28-de-febrero-autores-y-autoras-de-la-tierra\/#article\",\"isPartOf\":{\"@id\":\"https:\/\/www.rayuelainfancia.com\/blog\/28-de-febrero-autores-y-autoras-de-la-tierra\/#webpage\"},\"author\":{\"@id\":\"https:\/\/www.rayuelainfancia.com\/blog\/#\/schema\/person\/41147ec5e3c2cc1be6e2c4520a099ebb\"},\"headline\":\"28 DE FEBRERO: AUTORES Y AUTORAS DE LA TIERRA\",\"datePublished\":\"2015-02-18T11:53:30+00:00\",\"dateModified\":\"2016-12-14T09:26:45+00:00\",\"mainEntityOfPage\":{\"@id\":\"https:\/\/www.rayuelainfancia.com\/blog\/28-de-febrero-autores-y-autoras-de-la-tierra\/#webpage\"},\"wordCount\":1697,\"commentCount\":0,\"publisher\":{\"@id\":\"https:\/\/www.rayuelainfancia.com\/blog\/#organization\"},\"image\":{\"@id\":\"https:\/\/www.rayuelainfancia.com\/blog\/28-de-febrero-autores-y-autoras-de-la-tierra\/#primaryimage\"},\"thumbnailUrl\":\"https:\/\/www.rayuelainfancia.com\/blog\/wp-content\/uploads\/2015\/02\/500_adivinanzas_andaluzas.jpg\",\"articleSection\":[\"Actividades Cuentacuentos\"],\"inLanguage\":\"es\",\"potentialAction\":[{\"@type\":\"CommentAction\",\"name\":\"Comment\",\"target\":[\"https:\/\/www.rayuelainfancia.com\/blog\/28-de-febrero-autores-y-autoras-de-la-tierra\/#respond\"]}]},{\"@type\":\"Person\",\"@id\":\"https:\/\/www.rayuelainfancia.com\/blog\/#\/schema\/person\/41147ec5e3c2cc1be6e2c4520a099ebb\",\"name\":\"Miguel Escalera Nieto\",\"image\":{\"@type\":\"ImageObject\",\"@id\":\"https:\/\/www.rayuelainfancia.com\/blog\/#personlogo\",\"inLanguage\":\"es\",\"url\":\"https:\/\/secure.gravatar.com\/avatar\/73bd613c804680e46df318e272f0e837?s=96&d=mm&r=g\",\"contentUrl\":\"https:\/\/secure.gravatar.com\/avatar\/73bd613c804680e46df318e272f0e837?s=96&d=mm&r=g\",\"caption\":\"Miguel Escalera Nieto\"}}]}<\/script>\n<!-- \/ Yoast SEO plugin. -->","yoast_head_json":{"title":"28 DE FEBRERO: AUTORES Y AUTORAS DE LA TIERRA &#8902; Blog de Rayuelainfancia","robots":{"index":"index","follow":"follow","max-snippet":"max-snippet:-1","max-image-preview":"max-image-preview:large","max-video-preview":"max-video-preview:-1"},"canonical":"https:\/\/www.rayuelainfancia.com\/blog\/28-de-febrero-autores-y-autoras-de-la-tierra\/","og_locale":"es_ES","og_type":"article","og_title":"28 DE FEBRERO: AUTORES Y AUTORAS DE LA TIERRA &#8902; Blog de Rayuelainfancia","og_description":"Una selecci\u00f3n de autores, ilustradores, editores, narradores y dem\u00e1s \u00abores y oras\u00bb con etiqueta andaluza, para celebrar que aqu\u00ed, en esta tierra, tambi\u00e9n, al igual que en otras muchas, se hacen cosas muy, pero que muy interesantes.\u00a1Qu\u00e9 la disfrut\u00e9is! \u00ab500 adivinanzas andaluzas\u00bb &nbsp;&nbsp; Recopilacio\u0301n realizada entre los siglos XX y XXI, mediante entrevistas personales en [&hellip;]","og_url":"https:\/\/www.rayuelainfancia.com\/blog\/28-de-febrero-autores-y-autoras-de-la-tierra\/","og_site_name":"Blog de Rayuelainfancia","article_publisher":"https:\/\/www.facebook.com\/pages\/Librer\u00eda-Rayuela\/251861686361","article_published_time":"2015-02-18T11:53:30+00:00","article_modified_time":"2016-12-14T09:26:45+00:00","og_image":[{"width":255,"height":400,"url":"https:\/\/www.rayuelainfancia.com\/blog\/wp-content\/uploads\/2015\/02\/500_adivinanzas_andaluzas.jpg","type":"image\/jpeg"}],"twitter_card":"summary","twitter_creator":"@Rayuelainfancia","twitter_site":"@Rayuelainfancia","twitter_misc":{"Written by":"Miguel Escalera Nieto","Est. reading time":"8 minutos"},"schema":{"@context":"https:\/\/schema.org","@graph":[{"@type":"Organization","@id":"https:\/\/www.rayuelainfancia.com\/blog\/#organization","name":"Rayuelainfancia","url":"https:\/\/www.rayuelainfancia.com\/blog\/","sameAs":["https:\/\/www.facebook.com\/pages\/Librer\u00eda-Rayuela\/251861686361","https:\/\/www.youtube.com\/channel\/UCddVaoDjpTp-DexyEVoyazQ","https:\/\/twitter.com\/Rayuelainfancia"],"logo":{"@type":"ImageObject","@id":"https:\/\/www.rayuelainfancia.com\/blog\/#logo","inLanguage":"es","url":"https:\/\/www.rayuelainfancia.com\/blog\/wp-content\/uploads\/2018\/06\/logo-rayuelainfancia-color-corporativo.png","contentUrl":"https:\/\/www.rayuelainfancia.com\/blog\/wp-content\/uploads\/2018\/06\/logo-rayuelainfancia-color-corporativo.png","width":1200,"height":680,"caption":"Rayuelainfancia"},"image":{"@id":"https:\/\/www.rayuelainfancia.com\/blog\/#logo"}},{"@type":"WebSite","@id":"https:\/\/www.rayuelainfancia.com\/blog\/#website","url":"https:\/\/www.rayuelainfancia.com\/blog\/","name":"Blog de Rayuelainfancia","description":"Libros infantiles y juegos educaticos respestuosos con la infancia","publisher":{"@id":"https:\/\/www.rayuelainfancia.com\/blog\/#organization"},"potentialAction":[{"@type":"SearchAction","target":{"@type":"EntryPoint","urlTemplate":"https:\/\/www.rayuelainfancia.com\/blog\/?s={search_term_string}"},"query-input":"required name=search_term_string"}],"inLanguage":"es"},{"@type":"ImageObject","@id":"https:\/\/www.rayuelainfancia.com\/blog\/28-de-febrero-autores-y-autoras-de-la-tierra\/#primaryimage","inLanguage":"es","url":"https:\/\/www.rayuelainfancia.com\/blog\/wp-content\/uploads\/2015\/02\/500_adivinanzas_andaluzas.jpg","contentUrl":"https:\/\/www.rayuelainfancia.com\/blog\/wp-content\/uploads\/2015\/02\/500_adivinanzas_andaluzas.jpg","width":255,"height":400,"caption":"500 adivinanzas andaluzas"},{"@type":"WebPage","@id":"https:\/\/www.rayuelainfancia.com\/blog\/28-de-febrero-autores-y-autoras-de-la-tierra\/#webpage","url":"https:\/\/www.rayuelainfancia.com\/blog\/28-de-febrero-autores-y-autoras-de-la-tierra\/","name":"28 DE FEBRERO: AUTORES Y AUTORAS DE LA TIERRA &#8902; Blog de Rayuelainfancia","isPartOf":{"@id":"https:\/\/www.rayuelainfancia.com\/blog\/#website"},"primaryImageOfPage":{"@id":"https:\/\/www.rayuelainfancia.com\/blog\/28-de-febrero-autores-y-autoras-de-la-tierra\/#primaryimage"},"datePublished":"2015-02-18T11:53:30+00:00","dateModified":"2016-12-14T09:26:45+00:00","breadcrumb":{"@id":"https:\/\/www.rayuelainfancia.com\/blog\/28-de-febrero-autores-y-autoras-de-la-tierra\/#breadcrumb"},"inLanguage":"es","potentialAction":[{"@type":"ReadAction","target":["https:\/\/www.rayuelainfancia.com\/blog\/28-de-febrero-autores-y-autoras-de-la-tierra\/"]}]},{"@type":"BreadcrumbList","@id":"https:\/\/www.rayuelainfancia.com\/blog\/28-de-febrero-autores-y-autoras-de-la-tierra\/#breadcrumb","itemListElement":[{"@type":"ListItem","position":1,"name":"Portada","item":"https:\/\/www.rayuelainfancia.com\/blog\/"},{"@type":"ListItem","position":2,"name":"28 DE FEBRERO: AUTORES Y AUTORAS DE LA TIERRA"}]},{"@type":"Article","@id":"https:\/\/www.rayuelainfancia.com\/blog\/28-de-febrero-autores-y-autoras-de-la-tierra\/#article","isPartOf":{"@id":"https:\/\/www.rayuelainfancia.com\/blog\/28-de-febrero-autores-y-autoras-de-la-tierra\/#webpage"},"author":{"@id":"https:\/\/www.rayuelainfancia.com\/blog\/#\/schema\/person\/41147ec5e3c2cc1be6e2c4520a099ebb"},"headline":"28 DE FEBRERO: AUTORES Y AUTORAS DE LA TIERRA","datePublished":"2015-02-18T11:53:30+00:00","dateModified":"2016-12-14T09:26:45+00:00","mainEntityOfPage":{"@id":"https:\/\/www.rayuelainfancia.com\/blog\/28-de-febrero-autores-y-autoras-de-la-tierra\/#webpage"},"wordCount":1697,"commentCount":0,"publisher":{"@id":"https:\/\/www.rayuelainfancia.com\/blog\/#organization"},"image":{"@id":"https:\/\/www.rayuelainfancia.com\/blog\/28-de-febrero-autores-y-autoras-de-la-tierra\/#primaryimage"},"thumbnailUrl":"https:\/\/www.rayuelainfancia.com\/blog\/wp-content\/uploads\/2015\/02\/500_adivinanzas_andaluzas.jpg","articleSection":["Actividades Cuentacuentos"],"inLanguage":"es","potentialAction":[{"@type":"CommentAction","name":"Comment","target":["https:\/\/www.rayuelainfancia.com\/blog\/28-de-febrero-autores-y-autoras-de-la-tierra\/#respond"]}]},{"@type":"Person","@id":"https:\/\/www.rayuelainfancia.com\/blog\/#\/schema\/person\/41147ec5e3c2cc1be6e2c4520a099ebb","name":"Miguel Escalera Nieto","image":{"@type":"ImageObject","@id":"https:\/\/www.rayuelainfancia.com\/blog\/#personlogo","inLanguage":"es","url":"https:\/\/secure.gravatar.com\/avatar\/73bd613c804680e46df318e272f0e837?s=96&d=mm&r=g","contentUrl":"https:\/\/secure.gravatar.com\/avatar\/73bd613c804680e46df318e272f0e837?s=96&d=mm&r=g","caption":"Miguel Escalera Nieto"}}]}},"_links":{"self":[{"href":"https:\/\/www.rayuelainfancia.com\/blog\/wp-json\/wp\/v2\/posts\/552"}],"collection":[{"href":"https:\/\/www.rayuelainfancia.com\/blog\/wp-json\/wp\/v2\/posts"}],"about":[{"href":"https:\/\/www.rayuelainfancia.com\/blog\/wp-json\/wp\/v2\/types\/post"}],"author":[{"embeddable":true,"href":"https:\/\/www.rayuelainfancia.com\/blog\/wp-json\/wp\/v2\/users\/3"}],"replies":[{"embeddable":true,"href":"https:\/\/www.rayuelainfancia.com\/blog\/wp-json\/wp\/v2\/comments?post=552"}],"version-history":[{"count":1,"href":"https:\/\/www.rayuelainfancia.com\/blog\/wp-json\/wp\/v2\/posts\/552\/revisions"}],"predecessor-version":[{"id":1095,"href":"https:\/\/www.rayuelainfancia.com\/blog\/wp-json\/wp\/v2\/posts\/552\/revisions\/1095"}],"wp:featuredmedia":[{"embeddable":true,"href":"https:\/\/www.rayuelainfancia.com\/blog\/wp-json\/wp\/v2\/media\/895"}],"wp:attachment":[{"href":"https:\/\/www.rayuelainfancia.com\/blog\/wp-json\/wp\/v2\/media?parent=552"}],"wp:term":[{"taxonomy":"category","embeddable":true,"href":"https:\/\/www.rayuelainfancia.com\/blog\/wp-json\/wp\/v2\/categories?post=552"},{"taxonomy":"post_tag","embeddable":true,"href":"https:\/\/www.rayuelainfancia.com\/blog\/wp-json\/wp\/v2\/tags?post=552"}],"curies":[{"name":"wp","href":"https:\/\/api.w.org\/{rel}","templated":true}]}}