 {"id":551,"date":"2015-02-18T10:33:54","date_gmt":"2015-02-18T09:33:54","guid":{"rendered":"http:\/\/rayuelainfancia.desarrollotrevenque.com\/blog\/los-cuentos-de-nono\/"},"modified":"2015-02-18T10:33:54","modified_gmt":"2015-02-18T09:33:54","slug":"los-cuentos-de-nono","status":"publish","type":"post","link":"https:\/\/www.rayuelainfancia.com\/blog\/los-cuentos-de-nono\/","title":{"rendered":"LOS CUENTOS DE NONO"},"content":{"rendered":"<p><span style=\"font-size: 12pt;\">S\u00c1BADO 21, A LAS 12:00, EN RAYUELA: LOS CUENTOS DE NONO<\/span><\/p>\n<p><img loading=\"lazy\" class=\" size-full wp-image-894\" style=\"margin-right: 20px; margin-bottom: 20px;\" alt=\"cuentos-nono-granero\" src=\"http:\/\/rayuelainfancia.desarrollotrevenque.com\/blog\/wp-content\/uploads\/2015\/02\/cuentos-nono-granero.jpg\" height=\"498\" width=\"450\" srcset=\"https:\/\/www.rayuelainfancia.com\/blog\/wp-content\/uploads\/2015\/02\/cuentos-nono-granero.jpg 450w, https:\/\/www.rayuelainfancia.com\/blog\/wp-content\/uploads\/2015\/02\/cuentos-nono-granero-271x300.jpg 271w\" sizes=\"(max-width: 450px) 100vw, 450px\" \/><\/p>\n<p>\u00a1Marchandooo ya una de Nonooo, calentiiiita, que nos la quitan de las manos!. No te pierdas este interesante encuentro con Nono Granero, un autor, ilustrador, narrador de cuentos y titiritero andaluz, de \u00dabeda para m\u00e1s se\u00f1as. \u00c9l nos contar\u00e1 sus \u00faltimos cuentos que se han publicado, <a target=\"_blank\" href=\"http:\/\/www.rayuelatiendaonline.com\/libro\/la-vaca-victoria_70520\">\u00abLa Vaca Victoria\u00bb<\/a>, <a target=\"_blank\" href=\"http:\/\/www.rayuelatiendaonline.com\/libro\/brazos-largos_70453\">\u00abBrazos Largos\u00bb<\/a> e <a target=\"_blank\" href=\"http:\/\/www.rayuelatiendaonline.com\/libro\/la-historia-extravagante-de-hipo-y-gavante_70454\">\u00abHipo &amp; Gavante\u00bb<\/a>, entre otros.<\/p>\n<p>Te esperamos en Rayuela, si tienes entre 4 y 104 a\u00f1os.<\/p>\n<p>Un ilustrador polifac\u00e9tico de \u00dcbeda. Aunque su perfil de formaci\u00f3n es licenciatura en Bellas artes, ha cultivado el arte de la narraci\u00f3n oral y tambi\u00e9n el teatro de t\u00edteres.<\/p>\n<div id=\"photos\"><\/div>\n<p> <iframe loading=\"lazy\" src=\"http:\/\/embedsocial.com\/facebook_album\/album_photos\/10152504269991362\" width=\"630\" height=\"275\" frameborder=\"0\" scrolling=\"no\" marginheight=\"0\"  marginwidth=\"0\"><\/iframe><\/p>\n","protected":false},"excerpt":{"rendered":"<p>S\u00c1BADO 21, A LAS 12:00, EN RAYUELA: LOS CUENTOS DE NONO \u00a1Marchandooo ya una de Nonooo, calentiiiita, que nos la quitan de las manos!. No te pierdas este interesante encuentro con Nono Granero, un autor, ilustrador, narrador de cuentos y titiritero andaluz, de \u00dabeda para m\u00e1s se\u00f1as. \u00c9l nos contar\u00e1 sus \u00faltimos cuentos que se [&hellip;]<\/p>\n","protected":false},"author":3,"featured_media":894,"comment_status":"open","ping_status":"open","sticky":false,"template":"","format":"standard","meta":[],"categories":[18],"tags":[],"yoast_head":"<!-- This site is optimized with the Yoast SEO plugin v18.5.1 - https:\/\/yoast.com\/wordpress\/plugins\/seo\/ -->\n<title>LOS CUENTOS DE NONO &#8902; Blog de Rayuelainfancia<\/title>\n<meta name=\"robots\" content=\"index, follow, max-snippet:-1, max-image-preview:large, max-video-preview:-1\" \/>\n<link rel=\"canonical\" href=\"https:\/\/www.rayuelainfancia.com\/blog\/los-cuentos-de-nono\/\" \/>\n<meta property=\"og:locale\" content=\"es_ES\" \/>\n<meta property=\"og:type\" content=\"article\" \/>\n<meta property=\"og:title\" content=\"LOS CUENTOS DE NONO &#8902; Blog de Rayuelainfancia\" \/>\n<meta property=\"og:description\" content=\"S\u00c1BADO 21, A LAS 12:00, EN RAYUELA: LOS CUENTOS DE NONO \u00a1Marchandooo ya una de Nonooo, calentiiiita, que nos la quitan de las manos!. No te pierdas este interesante encuentro con Nono Granero, un autor, ilustrador, narrador de cuentos y titiritero andaluz, de \u00dabeda para m\u00e1s se\u00f1as. \u00c9l nos contar\u00e1 sus \u00faltimos cuentos que se [&hellip;]\" \/>\n<meta property=\"og:url\" content=\"https:\/\/www.rayuelainfancia.com\/blog\/los-cuentos-de-nono\/\" \/>\n<meta property=\"og:site_name\" content=\"Blog de Rayuelainfancia\" \/>\n<meta property=\"article:publisher\" content=\"https:\/\/www.facebook.com\/pages\/Librer\u00eda-Rayuela\/251861686361\" \/>\n<meta property=\"article:published_time\" content=\"2015-02-18T09:33:54+00:00\" \/>\n<meta property=\"og:image\" content=\"https:\/\/www.rayuelainfancia.com\/blog\/wp-content\/uploads\/2015\/02\/cuentos-nono-granero.jpg\" \/>\n\t<meta property=\"og:image:width\" content=\"450\" \/>\n\t<meta property=\"og:image:height\" content=\"498\" \/>\n\t<meta property=\"og:image:type\" content=\"image\/jpeg\" \/>\n<meta name=\"twitter:card\" content=\"summary\" \/>\n<meta name=\"twitter:creator\" content=\"@Rayuelainfancia\" \/>\n<meta name=\"twitter:site\" content=\"@Rayuelainfancia\" \/>\n<meta name=\"twitter:label1\" content=\"Written by\" \/>\n\t<meta name=\"twitter:data1\" content=\"Miguel Escalera Nieto\" \/>\n\t<meta name=\"twitter:label2\" content=\"Est. reading time\" \/>\n\t<meta name=\"twitter:data2\" content=\"1 minuto\" \/>\n<script type=\"application\/ld+json\" class=\"yoast-schema-graph\">{\"@context\":\"https:\/\/schema.org\",\"@graph\":[{\"@type\":\"Organization\",\"@id\":\"https:\/\/www.rayuelainfancia.com\/blog\/#organization\",\"name\":\"Rayuelainfancia\",\"url\":\"https:\/\/www.rayuelainfancia.com\/blog\/\",\"sameAs\":[\"https:\/\/www.facebook.com\/pages\/Librer\u00eda-Rayuela\/251861686361\",\"https:\/\/www.youtube.com\/channel\/UCddVaoDjpTp-DexyEVoyazQ\",\"https:\/\/twitter.com\/Rayuelainfancia\"],\"logo\":{\"@type\":\"ImageObject\",\"@id\":\"https:\/\/www.rayuelainfancia.com\/blog\/#logo\",\"inLanguage\":\"es\",\"url\":\"https:\/\/www.rayuelainfancia.com\/blog\/wp-content\/uploads\/2018\/06\/logo-rayuelainfancia-color-corporativo.png\",\"contentUrl\":\"https:\/\/www.rayuelainfancia.com\/blog\/wp-content\/uploads\/2018\/06\/logo-rayuelainfancia-color-corporativo.png\",\"width\":1200,\"height\":680,\"caption\":\"Rayuelainfancia\"},\"image\":{\"@id\":\"https:\/\/www.rayuelainfancia.com\/blog\/#logo\"}},{\"@type\":\"WebSite\",\"@id\":\"https:\/\/www.rayuelainfancia.com\/blog\/#website\",\"url\":\"https:\/\/www.rayuelainfancia.com\/blog\/\",\"name\":\"Blog de Rayuelainfancia\",\"description\":\"Libros infantiles y juegos educaticos respestuosos con la infancia\",\"publisher\":{\"@id\":\"https:\/\/www.rayuelainfancia.com\/blog\/#organization\"},\"potentialAction\":[{\"@type\":\"SearchAction\",\"target\":{\"@type\":\"EntryPoint\",\"urlTemplate\":\"https:\/\/www.rayuelainfancia.com\/blog\/?s={search_term_string}\"},\"query-input\":\"required name=search_term_string\"}],\"inLanguage\":\"es\"},{\"@type\":\"ImageObject\",\"@id\":\"https:\/\/www.rayuelainfancia.com\/blog\/los-cuentos-de-nono\/#primaryimage\",\"inLanguage\":\"es\",\"url\":\"https:\/\/www.rayuelainfancia.com\/blog\/wp-content\/uploads\/2015\/02\/cuentos-nono-granero.jpg\",\"contentUrl\":\"https:\/\/www.rayuelainfancia.com\/blog\/wp-content\/uploads\/2015\/02\/cuentos-nono-granero.jpg\",\"width\":450,\"height\":498,\"caption\":\"cuentos-nono-granero\"},{\"@type\":\"WebPage\",\"@id\":\"https:\/\/www.rayuelainfancia.com\/blog\/los-cuentos-de-nono\/#webpage\",\"url\":\"https:\/\/www.rayuelainfancia.com\/blog\/los-cuentos-de-nono\/\",\"name\":\"LOS CUENTOS DE NONO &#8902; Blog de Rayuelainfancia\",\"isPartOf\":{\"@id\":\"https:\/\/www.rayuelainfancia.com\/blog\/#website\"},\"primaryImageOfPage\":{\"@id\":\"https:\/\/www.rayuelainfancia.com\/blog\/los-cuentos-de-nono\/#primaryimage\"},\"datePublished\":\"2015-02-18T09:33:54+00:00\",\"dateModified\":\"2015-02-18T09:33:54+00:00\",\"breadcrumb\":{\"@id\":\"https:\/\/www.rayuelainfancia.com\/blog\/los-cuentos-de-nono\/#breadcrumb\"},\"inLanguage\":\"es\",\"potentialAction\":[{\"@type\":\"ReadAction\",\"target\":[\"https:\/\/www.rayuelainfancia.com\/blog\/los-cuentos-de-nono\/\"]}]},{\"@type\":\"BreadcrumbList\",\"@id\":\"https:\/\/www.rayuelainfancia.com\/blog\/los-cuentos-de-nono\/#breadcrumb\",\"itemListElement\":[{\"@type\":\"ListItem\",\"position\":1,\"name\":\"Portada\",\"item\":\"https:\/\/www.rayuelainfancia.com\/blog\/\"},{\"@type\":\"ListItem\",\"position\":2,\"name\":\"LOS CUENTOS DE NONO\"}]},{\"@type\":\"Article\",\"@id\":\"https:\/\/www.rayuelainfancia.com\/blog\/los-cuentos-de-nono\/#article\",\"isPartOf\":{\"@id\":\"https:\/\/www.rayuelainfancia.com\/blog\/los-cuentos-de-nono\/#webpage\"},\"author\":{\"@id\":\"https:\/\/www.rayuelainfancia.com\/blog\/#\/schema\/person\/41147ec5e3c2cc1be6e2c4520a099ebb\"},\"headline\":\"LOS CUENTOS DE NONO\",\"datePublished\":\"2015-02-18T09:33:54+00:00\",\"dateModified\":\"2015-02-18T09:33:54+00:00\",\"mainEntityOfPage\":{\"@id\":\"https:\/\/www.rayuelainfancia.com\/blog\/los-cuentos-de-nono\/#webpage\"},\"wordCount\":117,\"commentCount\":0,\"publisher\":{\"@id\":\"https:\/\/www.rayuelainfancia.com\/blog\/#organization\"},\"image\":{\"@id\":\"https:\/\/www.rayuelainfancia.com\/blog\/los-cuentos-de-nono\/#primaryimage\"},\"thumbnailUrl\":\"https:\/\/www.rayuelainfancia.com\/blog\/wp-content\/uploads\/2015\/02\/cuentos-nono-granero.jpg\",\"articleSection\":[\"Actividades Cuentacuentos\"],\"inLanguage\":\"es\",\"potentialAction\":[{\"@type\":\"CommentAction\",\"name\":\"Comment\",\"target\":[\"https:\/\/www.rayuelainfancia.com\/blog\/los-cuentos-de-nono\/#respond\"]}]},{\"@type\":\"Person\",\"@id\":\"https:\/\/www.rayuelainfancia.com\/blog\/#\/schema\/person\/41147ec5e3c2cc1be6e2c4520a099ebb\",\"name\":\"Miguel Escalera Nieto\",\"image\":{\"@type\":\"ImageObject\",\"@id\":\"https:\/\/www.rayuelainfancia.com\/blog\/#personlogo\",\"inLanguage\":\"es\",\"url\":\"https:\/\/secure.gravatar.com\/avatar\/73bd613c804680e46df318e272f0e837?s=96&d=mm&r=g\",\"contentUrl\":\"https:\/\/secure.gravatar.com\/avatar\/73bd613c804680e46df318e272f0e837?s=96&d=mm&r=g\",\"caption\":\"Miguel Escalera Nieto\"}}]}<\/script>\n<!-- \/ Yoast SEO plugin. -->","yoast_head_json":{"title":"LOS CUENTOS DE NONO &#8902; Blog de Rayuelainfancia","robots":{"index":"index","follow":"follow","max-snippet":"max-snippet:-1","max-image-preview":"max-image-preview:large","max-video-preview":"max-video-preview:-1"},"canonical":"https:\/\/www.rayuelainfancia.com\/blog\/los-cuentos-de-nono\/","og_locale":"es_ES","og_type":"article","og_title":"LOS CUENTOS DE NONO &#8902; Blog de Rayuelainfancia","og_description":"S\u00c1BADO 21, A LAS 12:00, EN RAYUELA: LOS CUENTOS DE NONO \u00a1Marchandooo ya una de Nonooo, calentiiiita, que nos la quitan de las manos!. No te pierdas este interesante encuentro con Nono Granero, un autor, ilustrador, narrador de cuentos y titiritero andaluz, de \u00dabeda para m\u00e1s se\u00f1as. \u00c9l nos contar\u00e1 sus \u00faltimos cuentos que se [&hellip;]","og_url":"https:\/\/www.rayuelainfancia.com\/blog\/los-cuentos-de-nono\/","og_site_name":"Blog de Rayuelainfancia","article_publisher":"https:\/\/www.facebook.com\/pages\/Librer\u00eda-Rayuela\/251861686361","article_published_time":"2015-02-18T09:33:54+00:00","og_image":[{"width":450,"height":498,"url":"https:\/\/www.rayuelainfancia.com\/blog\/wp-content\/uploads\/2015\/02\/cuentos-nono-granero.jpg","type":"image\/jpeg"}],"twitter_card":"summary","twitter_creator":"@Rayuelainfancia","twitter_site":"@Rayuelainfancia","twitter_misc":{"Written by":"Miguel Escalera Nieto","Est. reading time":"1 minuto"},"schema":{"@context":"https:\/\/schema.org","@graph":[{"@type":"Organization","@id":"https:\/\/www.rayuelainfancia.com\/blog\/#organization","name":"Rayuelainfancia","url":"https:\/\/www.rayuelainfancia.com\/blog\/","sameAs":["https:\/\/www.facebook.com\/pages\/Librer\u00eda-Rayuela\/251861686361","https:\/\/www.youtube.com\/channel\/UCddVaoDjpTp-DexyEVoyazQ","https:\/\/twitter.com\/Rayuelainfancia"],"logo":{"@type":"ImageObject","@id":"https:\/\/www.rayuelainfancia.com\/blog\/#logo","inLanguage":"es","url":"https:\/\/www.rayuelainfancia.com\/blog\/wp-content\/uploads\/2018\/06\/logo-rayuelainfancia-color-corporativo.png","contentUrl":"https:\/\/www.rayuelainfancia.com\/blog\/wp-content\/uploads\/2018\/06\/logo-rayuelainfancia-color-corporativo.png","width":1200,"height":680,"caption":"Rayuelainfancia"},"image":{"@id":"https:\/\/www.rayuelainfancia.com\/blog\/#logo"}},{"@type":"WebSite","@id":"https:\/\/www.rayuelainfancia.com\/blog\/#website","url":"https:\/\/www.rayuelainfancia.com\/blog\/","name":"Blog de Rayuelainfancia","description":"Libros infantiles y juegos educaticos respestuosos con la infancia","publisher":{"@id":"https:\/\/www.rayuelainfancia.com\/blog\/#organization"},"potentialAction":[{"@type":"SearchAction","target":{"@type":"EntryPoint","urlTemplate":"https:\/\/www.rayuelainfancia.com\/blog\/?s={search_term_string}"},"query-input":"required name=search_term_string"}],"inLanguage":"es"},{"@type":"ImageObject","@id":"https:\/\/www.rayuelainfancia.com\/blog\/los-cuentos-de-nono\/#primaryimage","inLanguage":"es","url":"https:\/\/www.rayuelainfancia.com\/blog\/wp-content\/uploads\/2015\/02\/cuentos-nono-granero.jpg","contentUrl":"https:\/\/www.rayuelainfancia.com\/blog\/wp-content\/uploads\/2015\/02\/cuentos-nono-granero.jpg","width":450,"height":498,"caption":"cuentos-nono-granero"},{"@type":"WebPage","@id":"https:\/\/www.rayuelainfancia.com\/blog\/los-cuentos-de-nono\/#webpage","url":"https:\/\/www.rayuelainfancia.com\/blog\/los-cuentos-de-nono\/","name":"LOS CUENTOS DE NONO &#8902; Blog de Rayuelainfancia","isPartOf":{"@id":"https:\/\/www.rayuelainfancia.com\/blog\/#website"},"primaryImageOfPage":{"@id":"https:\/\/www.rayuelainfancia.com\/blog\/los-cuentos-de-nono\/#primaryimage"},"datePublished":"2015-02-18T09:33:54+00:00","dateModified":"2015-02-18T09:33:54+00:00","breadcrumb":{"@id":"https:\/\/www.rayuelainfancia.com\/blog\/los-cuentos-de-nono\/#breadcrumb"},"inLanguage":"es","potentialAction":[{"@type":"ReadAction","target":["https:\/\/www.rayuelainfancia.com\/blog\/los-cuentos-de-nono\/"]}]},{"@type":"BreadcrumbList","@id":"https:\/\/www.rayuelainfancia.com\/blog\/los-cuentos-de-nono\/#breadcrumb","itemListElement":[{"@type":"ListItem","position":1,"name":"Portada","item":"https:\/\/www.rayuelainfancia.com\/blog\/"},{"@type":"ListItem","position":2,"name":"LOS CUENTOS DE NONO"}]},{"@type":"Article","@id":"https:\/\/www.rayuelainfancia.com\/blog\/los-cuentos-de-nono\/#article","isPartOf":{"@id":"https:\/\/www.rayuelainfancia.com\/blog\/los-cuentos-de-nono\/#webpage"},"author":{"@id":"https:\/\/www.rayuelainfancia.com\/blog\/#\/schema\/person\/41147ec5e3c2cc1be6e2c4520a099ebb"},"headline":"LOS CUENTOS DE NONO","datePublished":"2015-02-18T09:33:54+00:00","dateModified":"2015-02-18T09:33:54+00:00","mainEntityOfPage":{"@id":"https:\/\/www.rayuelainfancia.com\/blog\/los-cuentos-de-nono\/#webpage"},"wordCount":117,"commentCount":0,"publisher":{"@id":"https:\/\/www.rayuelainfancia.com\/blog\/#organization"},"image":{"@id":"https:\/\/www.rayuelainfancia.com\/blog\/los-cuentos-de-nono\/#primaryimage"},"thumbnailUrl":"https:\/\/www.rayuelainfancia.com\/blog\/wp-content\/uploads\/2015\/02\/cuentos-nono-granero.jpg","articleSection":["Actividades Cuentacuentos"],"inLanguage":"es","potentialAction":[{"@type":"CommentAction","name":"Comment","target":["https:\/\/www.rayuelainfancia.com\/blog\/los-cuentos-de-nono\/#respond"]}]},{"@type":"Person","@id":"https:\/\/www.rayuelainfancia.com\/blog\/#\/schema\/person\/41147ec5e3c2cc1be6e2c4520a099ebb","name":"Miguel Escalera Nieto","image":{"@type":"ImageObject","@id":"https:\/\/www.rayuelainfancia.com\/blog\/#personlogo","inLanguage":"es","url":"https:\/\/secure.gravatar.com\/avatar\/73bd613c804680e46df318e272f0e837?s=96&d=mm&r=g","contentUrl":"https:\/\/secure.gravatar.com\/avatar\/73bd613c804680e46df318e272f0e837?s=96&d=mm&r=g","caption":"Miguel Escalera Nieto"}}]}},"_links":{"self":[{"href":"https:\/\/www.rayuelainfancia.com\/blog\/wp-json\/wp\/v2\/posts\/551"}],"collection":[{"href":"https:\/\/www.rayuelainfancia.com\/blog\/wp-json\/wp\/v2\/posts"}],"about":[{"href":"https:\/\/www.rayuelainfancia.com\/blog\/wp-json\/wp\/v2\/types\/post"}],"author":[{"embeddable":true,"href":"https:\/\/www.rayuelainfancia.com\/blog\/wp-json\/wp\/v2\/users\/3"}],"replies":[{"embeddable":true,"href":"https:\/\/www.rayuelainfancia.com\/blog\/wp-json\/wp\/v2\/comments?post=551"}],"version-history":[{"count":0,"href":"https:\/\/www.rayuelainfancia.com\/blog\/wp-json\/wp\/v2\/posts\/551\/revisions"}],"wp:featuredmedia":[{"embeddable":true,"href":"https:\/\/www.rayuelainfancia.com\/blog\/wp-json\/wp\/v2\/media\/894"}],"wp:attachment":[{"href":"https:\/\/www.rayuelainfancia.com\/blog\/wp-json\/wp\/v2\/media?parent=551"}],"wp:term":[{"taxonomy":"category","embeddable":true,"href":"https:\/\/www.rayuelainfancia.com\/blog\/wp-json\/wp\/v2\/categories?post=551"},{"taxonomy":"post_tag","embeddable":true,"href":"https:\/\/www.rayuelainfancia.com\/blog\/wp-json\/wp\/v2\/tags?post=551"}],"curies":[{"name":"wp","href":"https:\/\/api.w.org\/{rel}","templated":true}]}}