 {"id":550,"date":"2015-02-14T11:23:39","date_gmt":"2015-02-14T10:23:39","guid":{"rendered":"http:\/\/rayuelainfancia.desarrollotrevenque.com\/blog\/la-pregunta-del-elefante\/"},"modified":"2016-11-22T14:08:56","modified_gmt":"2016-11-22T13:08:56","slug":"la-pregunta-del-elefante","status":"publish","type":"post","link":"https:\/\/www.rayuelainfancia.com\/blog\/la-pregunta-del-elefante\/","title":{"rendered":"LA PREGUNTA DEL ELEFANTE"},"content":{"rendered":"<div>Un libro que entra\u00f1a una pregunta, una pregunta que la hormiga anota cuidadosamente en su cuaderno para dejar constancia de ella. Un cuaderno que forma parte de una especie de libro de actas en el que se registran necesidades y se desvelan inc\u00f3gnitas a los participantes de la reuni\u00f3n anual: osos, b\u00fahos, hormigas, leones, \u00e1rboles, semillas, frutos, piedras, monta\u00f1as y tambi\u00e9n humanos.<\/div>\n<p><!--more--><\/p>\n<p>Este a\u00f1o, la pregunta es dif\u00edcil y es el elefante qui\u00e9n, con un poco de timidez, la realiza a sus contertulios: \u00ab\u00bfC\u00f3mo se puede saber si se quiere a alguien?.. Jam\u00e1s olvidar\u00e9 la primera vez que la vi-explic\u00f3 el rat\u00f3n-.Me sent\u00ed grande y fuerte como un elefante&#8230; \u00bfY t\u00fa manzano?&#8230;-Yo no puedo vivir sin la luz-confes\u00f3 el manzano-, pero cuando est\u00e1 conmigo la cubro de sombra. Son esos los disparates que se cometen cuando se est\u00e1 enamorado.\u00bb<\/p>\n<p>Mil respuestas m\u00e1s recibi\u00f3 el elefante, porque mil son las formas de amar y sentirse amado.<\/p>\n<p>\u00abLa pregunta del elefante\u00bb es el t\u00edtulo de esta historia, un libro de gran formato que atrae a primera vista. Encantar\u00e1 a peque\u00f1os y a mayores, a j\u00f3venes adultos y a adultos no tan j\u00f3venes. Un libro para ver y leer muchas veces, porque cada vez encuentras algo diferente, algo m\u00e1s. Un libro que combina t\u00e9cnicas y materiales diferentes en su composici\u00f3n: pintura, dibujo, gr\u00e1ficos. Dos holandesas lo escriben e ilustran, Leen van den Berg y Kaatje Vermeire y <a href=\"http:\/\/www.rayuelatiendaonline.com\/busqueda\/listaLibros.php?codEditorial=574&amp;patronEditorial=barbara+fiore&amp;titulo=&amp;autor=&amp;isbn=&amp;editorial=barbara+fiore&amp;listaEdiPatron=574&amp;codMateria=\" target=\"_blank\">B\u00e1rbara Fiore<\/a> lo edita. Una editorial andaluza que publica hermosos libros ilustrados como \u00e9ste, fusi\u00f3n de arte y literatura.<\/p>\n<div id=\"product_list\" class=\"row\"><div class=\"col-xs-6 col-sm-6 col-md-6 col-lg-4 item-product\">\n            <div class=\"product-list text-center\">\n                <p>\n                    <a class=\"product-blog-link\" href=\"https:\/\/www.rayuelainfancia.com\/album-ilustrado\/730-la-pregunta-del-elefante.html?utm_campaign=productBlogPost\" title=\"LA PREGUNTA DEL ELEFANTE\">\n                        <img src=\"\/\/www.rayuelainfancia.com\/657-home_default\/la-pregunta-del-elefante.jpg\" alt=\"LA PREGUNTA DEL ELEFANTE\" class=\"img-responsive\"><span>LA PREGUNTA DEL ELEFANTE<\/span><\/a>\n                <\/p>\n            <\/div>\n\n            <div class=\"acciones text-center\">\n                \n                <p class=\"price\">16,00 \u20ac<\/p>\n            <\/div>\n        <\/div><\/div>\n","protected":false},"excerpt":{"rendered":"<p>Un libro que entra\u00f1a una pregunta, una pregunta que la hormiga anota cuidadosamente en su cuaderno para dejar constancia de ella. Un cuaderno que forma parte de una especie de libro de actas en el que se registran necesidades y se desvelan inc\u00f3gnitas a los participantes de la reuni\u00f3n anual: osos, b\u00fahos, hormigas, leones, \u00e1rboles, [&hellip;]<\/p>\n","protected":false},"author":3,"featured_media":1288,"comment_status":"open","ping_status":"open","sticky":false,"template":"","format":"standard","meta":[],"categories":[18],"tags":[],"yoast_head":"<!-- This site is optimized with the Yoast SEO plugin v18.5.1 - https:\/\/yoast.com\/wordpress\/plugins\/seo\/ -->\n<title>LA PREGUNTA DEL ELEFANTE &#8902; Blog de Rayuelainfancia<\/title>\n<meta name=\"robots\" content=\"index, follow, max-snippet:-1, max-image-preview:large, max-video-preview:-1\" \/>\n<link rel=\"canonical\" href=\"https:\/\/www.rayuelainfancia.com\/blog\/la-pregunta-del-elefante\/\" \/>\n<meta property=\"og:locale\" content=\"es_ES\" \/>\n<meta property=\"og:type\" content=\"article\" \/>\n<meta property=\"og:title\" content=\"LA PREGUNTA DEL ELEFANTE &#8902; Blog de Rayuelainfancia\" \/>\n<meta property=\"og:description\" content=\"Un libro que entra\u00f1a una pregunta, una pregunta que la hormiga anota cuidadosamente en su cuaderno para dejar constancia de ella. Un cuaderno que forma parte de una especie de libro de actas en el que se registran necesidades y se desvelan inc\u00f3gnitas a los participantes de la reuni\u00f3n anual: osos, b\u00fahos, hormigas, leones, \u00e1rboles, [&hellip;]\" \/>\n<meta property=\"og:url\" content=\"https:\/\/www.rayuelainfancia.com\/blog\/la-pregunta-del-elefante\/\" \/>\n<meta property=\"og:site_name\" content=\"Blog de Rayuelainfancia\" \/>\n<meta property=\"article:publisher\" content=\"https:\/\/www.facebook.com\/pages\/Librer\u00eda-Rayuela\/251861686361\" \/>\n<meta property=\"article:published_time\" content=\"2015-02-14T10:23:39+00:00\" \/>\n<meta property=\"article:modified_time\" content=\"2016-11-22T13:08:56+00:00\" \/>\n<meta property=\"og:image\" content=\"https:\/\/www.rayuelainfancia.com\/blog\/wp-content\/uploads\/2015\/02\/la-pregunta-del-elefante.jpeg\" \/>\n\t<meta property=\"og:image:width\" content=\"800\" \/>\n\t<meta property=\"og:image:height\" content=\"800\" \/>\n\t<meta property=\"og:image:type\" content=\"image\/jpeg\" \/>\n<meta name=\"twitter:card\" content=\"summary\" \/>\n<meta name=\"twitter:creator\" content=\"@Rayuelainfancia\" \/>\n<meta name=\"twitter:site\" content=\"@Rayuelainfancia\" \/>\n<meta name=\"twitter:label1\" content=\"Written by\" \/>\n\t<meta name=\"twitter:data1\" content=\"Miguel Escalera Nieto\" \/>\n\t<meta name=\"twitter:label2\" content=\"Est. reading time\" \/>\n\t<meta name=\"twitter:data2\" content=\"1 minuto\" \/>\n<script type=\"application\/ld+json\" class=\"yoast-schema-graph\">{\"@context\":\"https:\/\/schema.org\",\"@graph\":[{\"@type\":\"Organization\",\"@id\":\"https:\/\/www.rayuelainfancia.com\/blog\/#organization\",\"name\":\"Rayuelainfancia\",\"url\":\"https:\/\/www.rayuelainfancia.com\/blog\/\",\"sameAs\":[\"https:\/\/www.facebook.com\/pages\/Librer\u00eda-Rayuela\/251861686361\",\"https:\/\/www.youtube.com\/channel\/UCddVaoDjpTp-DexyEVoyazQ\",\"https:\/\/twitter.com\/Rayuelainfancia\"],\"logo\":{\"@type\":\"ImageObject\",\"@id\":\"https:\/\/www.rayuelainfancia.com\/blog\/#logo\",\"inLanguage\":\"es\",\"url\":\"https:\/\/www.rayuelainfancia.com\/blog\/wp-content\/uploads\/2018\/06\/logo-rayuelainfancia-color-corporativo.png\",\"contentUrl\":\"https:\/\/www.rayuelainfancia.com\/blog\/wp-content\/uploads\/2018\/06\/logo-rayuelainfancia-color-corporativo.png\",\"width\":1200,\"height\":680,\"caption\":\"Rayuelainfancia\"},\"image\":{\"@id\":\"https:\/\/www.rayuelainfancia.com\/blog\/#logo\"}},{\"@type\":\"WebSite\",\"@id\":\"https:\/\/www.rayuelainfancia.com\/blog\/#website\",\"url\":\"https:\/\/www.rayuelainfancia.com\/blog\/\",\"name\":\"Blog de Rayuelainfancia\",\"description\":\"Libros infantiles y juegos educaticos respestuosos con la infancia\",\"publisher\":{\"@id\":\"https:\/\/www.rayuelainfancia.com\/blog\/#organization\"},\"potentialAction\":[{\"@type\":\"SearchAction\",\"target\":{\"@type\":\"EntryPoint\",\"urlTemplate\":\"https:\/\/www.rayuelainfancia.com\/blog\/?s={search_term_string}\"},\"query-input\":\"required name=search_term_string\"}],\"inLanguage\":\"es\"},{\"@type\":\"ImageObject\",\"@id\":\"https:\/\/www.rayuelainfancia.com\/blog\/la-pregunta-del-elefante\/#primaryimage\",\"inLanguage\":\"es\",\"url\":\"https:\/\/www.rayuelainfancia.com\/blog\/wp-content\/uploads\/2015\/02\/la-pregunta-del-elefante.jpeg\",\"contentUrl\":\"https:\/\/www.rayuelainfancia.com\/blog\/wp-content\/uploads\/2015\/02\/la-pregunta-del-elefante.jpeg\",\"width\":800,\"height\":800},{\"@type\":\"WebPage\",\"@id\":\"https:\/\/www.rayuelainfancia.com\/blog\/la-pregunta-del-elefante\/#webpage\",\"url\":\"https:\/\/www.rayuelainfancia.com\/blog\/la-pregunta-del-elefante\/\",\"name\":\"LA PREGUNTA DEL ELEFANTE &#8902; Blog de Rayuelainfancia\",\"isPartOf\":{\"@id\":\"https:\/\/www.rayuelainfancia.com\/blog\/#website\"},\"primaryImageOfPage\":{\"@id\":\"https:\/\/www.rayuelainfancia.com\/blog\/la-pregunta-del-elefante\/#primaryimage\"},\"datePublished\":\"2015-02-14T10:23:39+00:00\",\"dateModified\":\"2016-11-22T13:08:56+00:00\",\"breadcrumb\":{\"@id\":\"https:\/\/www.rayuelainfancia.com\/blog\/la-pregunta-del-elefante\/#breadcrumb\"},\"inLanguage\":\"es\",\"potentialAction\":[{\"@type\":\"ReadAction\",\"target\":[\"https:\/\/www.rayuelainfancia.com\/blog\/la-pregunta-del-elefante\/\"]}]},{\"@type\":\"BreadcrumbList\",\"@id\":\"https:\/\/www.rayuelainfancia.com\/blog\/la-pregunta-del-elefante\/#breadcrumb\",\"itemListElement\":[{\"@type\":\"ListItem\",\"position\":1,\"name\":\"Portada\",\"item\":\"https:\/\/www.rayuelainfancia.com\/blog\/\"},{\"@type\":\"ListItem\",\"position\":2,\"name\":\"LA PREGUNTA DEL ELEFANTE\"}]},{\"@type\":\"Article\",\"@id\":\"https:\/\/www.rayuelainfancia.com\/blog\/la-pregunta-del-elefante\/#article\",\"isPartOf\":{\"@id\":\"https:\/\/www.rayuelainfancia.com\/blog\/la-pregunta-del-elefante\/#webpage\"},\"author\":{\"@id\":\"https:\/\/www.rayuelainfancia.com\/blog\/#\/schema\/person\/41147ec5e3c2cc1be6e2c4520a099ebb\"},\"headline\":\"LA PREGUNTA DEL ELEFANTE\",\"datePublished\":\"2015-02-14T10:23:39+00:00\",\"dateModified\":\"2016-11-22T13:08:56+00:00\",\"mainEntityOfPage\":{\"@id\":\"https:\/\/www.rayuelainfancia.com\/blog\/la-pregunta-del-elefante\/#webpage\"},\"wordCount\":285,\"commentCount\":0,\"publisher\":{\"@id\":\"https:\/\/www.rayuelainfancia.com\/blog\/#organization\"},\"image\":{\"@id\":\"https:\/\/www.rayuelainfancia.com\/blog\/la-pregunta-del-elefante\/#primaryimage\"},\"thumbnailUrl\":\"https:\/\/www.rayuelainfancia.com\/blog\/wp-content\/uploads\/2015\/02\/la-pregunta-del-elefante.jpeg\",\"articleSection\":[\"Actividades Cuentacuentos\"],\"inLanguage\":\"es\",\"potentialAction\":[{\"@type\":\"CommentAction\",\"name\":\"Comment\",\"target\":[\"https:\/\/www.rayuelainfancia.com\/blog\/la-pregunta-del-elefante\/#respond\"]}]},{\"@type\":\"Person\",\"@id\":\"https:\/\/www.rayuelainfancia.com\/blog\/#\/schema\/person\/41147ec5e3c2cc1be6e2c4520a099ebb\",\"name\":\"Miguel Escalera Nieto\",\"image\":{\"@type\":\"ImageObject\",\"@id\":\"https:\/\/www.rayuelainfancia.com\/blog\/#personlogo\",\"inLanguage\":\"es\",\"url\":\"https:\/\/secure.gravatar.com\/avatar\/73bd613c804680e46df318e272f0e837?s=96&d=mm&r=g\",\"contentUrl\":\"https:\/\/secure.gravatar.com\/avatar\/73bd613c804680e46df318e272f0e837?s=96&d=mm&r=g\",\"caption\":\"Miguel Escalera Nieto\"}}]}<\/script>\n<!-- \/ Yoast SEO plugin. -->","yoast_head_json":{"title":"LA PREGUNTA DEL ELEFANTE &#8902; Blog de Rayuelainfancia","robots":{"index":"index","follow":"follow","max-snippet":"max-snippet:-1","max-image-preview":"max-image-preview:large","max-video-preview":"max-video-preview:-1"},"canonical":"https:\/\/www.rayuelainfancia.com\/blog\/la-pregunta-del-elefante\/","og_locale":"es_ES","og_type":"article","og_title":"LA PREGUNTA DEL ELEFANTE &#8902; Blog de Rayuelainfancia","og_description":"Un libro que entra\u00f1a una pregunta, una pregunta que la hormiga anota cuidadosamente en su cuaderno para dejar constancia de ella. Un cuaderno que forma parte de una especie de libro de actas en el que se registran necesidades y se desvelan inc\u00f3gnitas a los participantes de la reuni\u00f3n anual: osos, b\u00fahos, hormigas, leones, \u00e1rboles, [&hellip;]","og_url":"https:\/\/www.rayuelainfancia.com\/blog\/la-pregunta-del-elefante\/","og_site_name":"Blog de Rayuelainfancia","article_publisher":"https:\/\/www.facebook.com\/pages\/Librer\u00eda-Rayuela\/251861686361","article_published_time":"2015-02-14T10:23:39+00:00","article_modified_time":"2016-11-22T13:08:56+00:00","og_image":[{"width":800,"height":800,"url":"https:\/\/www.rayuelainfancia.com\/blog\/wp-content\/uploads\/2015\/02\/la-pregunta-del-elefante.jpeg","type":"image\/jpeg"}],"twitter_card":"summary","twitter_creator":"@Rayuelainfancia","twitter_site":"@Rayuelainfancia","twitter_misc":{"Written by":"Miguel Escalera Nieto","Est. reading time":"1 minuto"},"schema":{"@context":"https:\/\/schema.org","@graph":[{"@type":"Organization","@id":"https:\/\/www.rayuelainfancia.com\/blog\/#organization","name":"Rayuelainfancia","url":"https:\/\/www.rayuelainfancia.com\/blog\/","sameAs":["https:\/\/www.facebook.com\/pages\/Librer\u00eda-Rayuela\/251861686361","https:\/\/www.youtube.com\/channel\/UCddVaoDjpTp-DexyEVoyazQ","https:\/\/twitter.com\/Rayuelainfancia"],"logo":{"@type":"ImageObject","@id":"https:\/\/www.rayuelainfancia.com\/blog\/#logo","inLanguage":"es","url":"https:\/\/www.rayuelainfancia.com\/blog\/wp-content\/uploads\/2018\/06\/logo-rayuelainfancia-color-corporativo.png","contentUrl":"https:\/\/www.rayuelainfancia.com\/blog\/wp-content\/uploads\/2018\/06\/logo-rayuelainfancia-color-corporativo.png","width":1200,"height":680,"caption":"Rayuelainfancia"},"image":{"@id":"https:\/\/www.rayuelainfancia.com\/blog\/#logo"}},{"@type":"WebSite","@id":"https:\/\/www.rayuelainfancia.com\/blog\/#website","url":"https:\/\/www.rayuelainfancia.com\/blog\/","name":"Blog de Rayuelainfancia","description":"Libros infantiles y juegos educaticos respestuosos con la infancia","publisher":{"@id":"https:\/\/www.rayuelainfancia.com\/blog\/#organization"},"potentialAction":[{"@type":"SearchAction","target":{"@type":"EntryPoint","urlTemplate":"https:\/\/www.rayuelainfancia.com\/blog\/?s={search_term_string}"},"query-input":"required name=search_term_string"}],"inLanguage":"es"},{"@type":"ImageObject","@id":"https:\/\/www.rayuelainfancia.com\/blog\/la-pregunta-del-elefante\/#primaryimage","inLanguage":"es","url":"https:\/\/www.rayuelainfancia.com\/blog\/wp-content\/uploads\/2015\/02\/la-pregunta-del-elefante.jpeg","contentUrl":"https:\/\/www.rayuelainfancia.com\/blog\/wp-content\/uploads\/2015\/02\/la-pregunta-del-elefante.jpeg","width":800,"height":800},{"@type":"WebPage","@id":"https:\/\/www.rayuelainfancia.com\/blog\/la-pregunta-del-elefante\/#webpage","url":"https:\/\/www.rayuelainfancia.com\/blog\/la-pregunta-del-elefante\/","name":"LA PREGUNTA DEL ELEFANTE &#8902; Blog de Rayuelainfancia","isPartOf":{"@id":"https:\/\/www.rayuelainfancia.com\/blog\/#website"},"primaryImageOfPage":{"@id":"https:\/\/www.rayuelainfancia.com\/blog\/la-pregunta-del-elefante\/#primaryimage"},"datePublished":"2015-02-14T10:23:39+00:00","dateModified":"2016-11-22T13:08:56+00:00","breadcrumb":{"@id":"https:\/\/www.rayuelainfancia.com\/blog\/la-pregunta-del-elefante\/#breadcrumb"},"inLanguage":"es","potentialAction":[{"@type":"ReadAction","target":["https:\/\/www.rayuelainfancia.com\/blog\/la-pregunta-del-elefante\/"]}]},{"@type":"BreadcrumbList","@id":"https:\/\/www.rayuelainfancia.com\/blog\/la-pregunta-del-elefante\/#breadcrumb","itemListElement":[{"@type":"ListItem","position":1,"name":"Portada","item":"https:\/\/www.rayuelainfancia.com\/blog\/"},{"@type":"ListItem","position":2,"name":"LA PREGUNTA DEL ELEFANTE"}]},{"@type":"Article","@id":"https:\/\/www.rayuelainfancia.com\/blog\/la-pregunta-del-elefante\/#article","isPartOf":{"@id":"https:\/\/www.rayuelainfancia.com\/blog\/la-pregunta-del-elefante\/#webpage"},"author":{"@id":"https:\/\/www.rayuelainfancia.com\/blog\/#\/schema\/person\/41147ec5e3c2cc1be6e2c4520a099ebb"},"headline":"LA PREGUNTA DEL ELEFANTE","datePublished":"2015-02-14T10:23:39+00:00","dateModified":"2016-11-22T13:08:56+00:00","mainEntityOfPage":{"@id":"https:\/\/www.rayuelainfancia.com\/blog\/la-pregunta-del-elefante\/#webpage"},"wordCount":285,"commentCount":0,"publisher":{"@id":"https:\/\/www.rayuelainfancia.com\/blog\/#organization"},"image":{"@id":"https:\/\/www.rayuelainfancia.com\/blog\/la-pregunta-del-elefante\/#primaryimage"},"thumbnailUrl":"https:\/\/www.rayuelainfancia.com\/blog\/wp-content\/uploads\/2015\/02\/la-pregunta-del-elefante.jpeg","articleSection":["Actividades Cuentacuentos"],"inLanguage":"es","potentialAction":[{"@type":"CommentAction","name":"Comment","target":["https:\/\/www.rayuelainfancia.com\/blog\/la-pregunta-del-elefante\/#respond"]}]},{"@type":"Person","@id":"https:\/\/www.rayuelainfancia.com\/blog\/#\/schema\/person\/41147ec5e3c2cc1be6e2c4520a099ebb","name":"Miguel Escalera Nieto","image":{"@type":"ImageObject","@id":"https:\/\/www.rayuelainfancia.com\/blog\/#personlogo","inLanguage":"es","url":"https:\/\/secure.gravatar.com\/avatar\/73bd613c804680e46df318e272f0e837?s=96&d=mm&r=g","contentUrl":"https:\/\/secure.gravatar.com\/avatar\/73bd613c804680e46df318e272f0e837?s=96&d=mm&r=g","caption":"Miguel Escalera Nieto"}}]}},"_links":{"self":[{"href":"https:\/\/www.rayuelainfancia.com\/blog\/wp-json\/wp\/v2\/posts\/550"}],"collection":[{"href":"https:\/\/www.rayuelainfancia.com\/blog\/wp-json\/wp\/v2\/posts"}],"about":[{"href":"https:\/\/www.rayuelainfancia.com\/blog\/wp-json\/wp\/v2\/types\/post"}],"author":[{"embeddable":true,"href":"https:\/\/www.rayuelainfancia.com\/blog\/wp-json\/wp\/v2\/users\/3"}],"replies":[{"embeddable":true,"href":"https:\/\/www.rayuelainfancia.com\/blog\/wp-json\/wp\/v2\/comments?post=550"}],"version-history":[{"count":3,"href":"https:\/\/www.rayuelainfancia.com\/blog\/wp-json\/wp\/v2\/posts\/550\/revisions"}],"predecessor-version":[{"id":1286,"href":"https:\/\/www.rayuelainfancia.com\/blog\/wp-json\/wp\/v2\/posts\/550\/revisions\/1286"}],"wp:featuredmedia":[{"embeddable":true,"href":"https:\/\/www.rayuelainfancia.com\/blog\/wp-json\/wp\/v2\/media\/1288"}],"wp:attachment":[{"href":"https:\/\/www.rayuelainfancia.com\/blog\/wp-json\/wp\/v2\/media?parent=550"}],"wp:term":[{"taxonomy":"category","embeddable":true,"href":"https:\/\/www.rayuelainfancia.com\/blog\/wp-json\/wp\/v2\/categories?post=550"},{"taxonomy":"post_tag","embeddable":true,"href":"https:\/\/www.rayuelainfancia.com\/blog\/wp-json\/wp\/v2\/tags?post=550"}],"curies":[{"name":"wp","href":"https:\/\/api.w.org\/{rel}","templated":true}]}}