 {"id":547,"date":"2015-02-06T11:53:50","date_gmt":"2015-02-06T10:53:50","guid":{"rendered":"http:\/\/rayuelainfancia.desarrollotrevenque.com\/blog\/libros-amor-desamor\/"},"modified":"2016-12-14T10:26:45","modified_gmt":"2016-12-14T09:26:45","slug":"libros-amor-desamor","status":"publish","type":"post","link":"https:\/\/www.rayuelainfancia.com\/blog\/libros-amor-desamor\/","title":{"rendered":"AMOR Y DESAMOR"},"content":{"rendered":"<p><span style=\"font-size: 10pt;\">EN FEBRERO, EN RAYUELA: HISTORIAS DE AMOR Y DES-AMOR<\/span><br \/><span style=\"font-size: 10pt;\">Hemos preparado para t\u00ed una sugerente selecci\u00f3n de t\u00edtulos de amores y desamores porque de los dos ingredientes se ti\u00f1e la vida.<\/span><\/p>\n<table  class=\" table table-hover\" style=\"border-color: #ebebeb; border-width: 0px; border-style: solid; width: 940px; height: 1045px;\" border=\"0\">\n<tbody>\n<tr>\n<td>\n<p style=\"text-align: justify;\"><img loading=\"lazy\" class=\" size-full wp-image-866\" style=\"border: 1px solid #000000;\" alt=\"amo-amar\" src=\"http:\/\/rayuelainfancia.desarrollotrevenque.com\/blog\/wp-content\/uploads\/2015\/02\/amo-amar.png\" height=\"400\" width=\"386\" srcset=\"https:\/\/www.rayuelainfancia.com\/blog\/wp-content\/uploads\/2015\/02\/amo-amar.png 400w, https:\/\/www.rayuelainfancia.com\/blog\/wp-content\/uploads\/2015\/02\/amo-amar-289x300.png 289w\" sizes=\"(max-width: 386px) 100vw, 386px\" \/><\/p>\n<p style=\"text-align: justify;\"><a target=\"_blank\" href=\"http:\/\/www.rayuelatiendaonline.com\/libro\/amo-amar-amor_66230\"><img loading=\"lazy\" class=\"decoded size-full wp-image-777\" alt=\"http:\/\/rayuelainfancia.com\/http:\/\/rayuelainfancia.desarrollotrevenque.com\/blog\/wp-content\/uploads\/2009\/11\/comprar.png\" src=\"images\/comprar.png\" height=\"31\" width=\"100\" \/><\/a><\/p>\n<p style=\"text-align: justify;\"><span style=\"font-size: 10pt;\"><strong>\u00abAmo amar, amor\u00bb<\/strong> <br \/><\/span><\/p>\n<p style=\"text-align: justify;\"><span style=\"font-size: 10pt;\">&nbsp;&nbsp; Cada vez ma\u0301s quiero quererte, querida, dije. Amo amar, amor, dijiste. Senti\u0301as debilidad por el lenguaje. Todos los textos recogidos en este a\u0301lbum hablan del amor. Del amor tierno y del amor fogoso. Y los dibujos le ponen la imagen. Al amor serio y al amor divertido. Ninguno de los poemas tiene ma\u0301s de 160 caracteres, por lo que pueden enviarse como SMS a modo de regalo.<\/span><\/p>\n<\/td>\n<td style=\"width: 40px;\"><\/td>\n<td style=\"text-align: justify;\">\n<p><img loading=\"lazy\" class=\" size-full wp-image-867\" alt=\"cuentos-alrededor-mundo\" src=\"http:\/\/rayuelainfancia.desarrollotrevenque.com\/blog\/wp-content\/uploads\/2015\/02\/cuentos-alrededor-mundo.png\" height=\"400\" width=\"379\" srcset=\"https:\/\/www.rayuelainfancia.com\/blog\/wp-content\/uploads\/2015\/02\/cuentos-alrededor-mundo.png 474w, https:\/\/www.rayuelainfancia.com\/blog\/wp-content\/uploads\/2015\/02\/cuentos-alrededor-mundo-284x300.png 284w\" sizes=\"(max-width: 379px) 100vw, 379px\" \/><\/p>\n<p style=\"text-align: justify;\"><a target=\"_blank\" href=\"http:\/\/www.rayuelatiendaonline.com\/libro\/cuentos-de-amor-alrededor-del-mundo_59660\"><img loading=\"lazy\" class=\"decoded size-full wp-image-777\" alt=\"http:\/\/rayuelainfancia.com\/http:\/\/rayuelainfancia.desarrollotrevenque.com\/blog\/wp-content\/uploads\/2009\/11\/comprar.png\" src=\"images\/comprar.png\" height=\"31\" width=\"100\" \/><\/a><\/p>\n<p><span style=\"font-size: 10pt;\"><strong>\u00abCuentos de amor alrededor del mundo\u00bb<\/strong> <\/span><\/p>\n<p>&nbsp;&nbsp; <span style=\"font-size: 10pt;\">En seis cuentos y una cancio\u0301n seleccionados en los cuatro confines del mundo, Muriel Bloch explora los rostros inso\u0301litos del amor. Tras el destino de personajes muy variados encontramos toda una gama de sentimientos amorosos que evoca la narradora: una joven no\u0301mada que huye de los suyos por culpa de un beso robado, un camellito blanco dispuesto a todo para encontrar a su madre, una joven casada que arriesga la vida en su noche de bodas, dos nin\u0303os que se quieren a pesar de las prohibiciones&#8230;<\/span><\/p>\n<\/td>\n<\/tr>\n<tr>\n<td><\/td>\n<td><\/td>\n<td><\/td>\n<\/tr>\n<tr>\n<td>\n<p>&nbsp;<img loading=\"lazy\" class=\" size-full wp-image-868\" alt=\"arturo-clementina\" src=\"http:\/\/rayuelainfancia.desarrollotrevenque.com\/blog\/wp-content\/uploads\/2015\/02\/arturo-clementina.jpg\" height=\"400\" width=\"320\" srcset=\"https:\/\/www.rayuelainfancia.com\/blog\/wp-content\/uploads\/2015\/02\/arturo-clementina.jpg 400w, https:\/\/www.rayuelainfancia.com\/blog\/wp-content\/uploads\/2015\/02\/arturo-clementina-240x300.jpg 240w\" sizes=\"(max-width: 320px) 100vw, 320px\" \/><\/p>\n<p style=\"text-align: justify;\"><a target=\"_blank\" href=\"http:\/\/www.rayuelatiendaonline.com\/libro\/arturo-y-clementina_64368\"><img loading=\"lazy\" class=\"decoded size-full wp-image-777\" alt=\"http:\/\/rayuelainfancia.com\/http:\/\/rayuelainfancia.desarrollotrevenque.com\/blog\/wp-content\/uploads\/2009\/11\/comprar.png\" src=\"images\/comprar.png\" height=\"31\" width=\"100\" \/><\/a><\/p>\n<p style=\"text-align: justify;\"><strong><span style=\"font-size: 10pt;\">\u00abArturo y Clemetina\u00bb<\/span><\/strong><\/p>\n<p style=\"text-align: justify;\"><span style=\"font-size: 10pt;\">&nbsp;&nbsp; De nuevo entre nosotros, la recuperacio\u0301n de un cla\u0301sico que tiene ya ma\u0301s de treinta an\u0303os al servicio de la coeducacio\u0301n. Su autora, Adela Turi\u0301n, lo creo\u0301 junto con otros ti\u0301tulos en una coleccio\u0301n titulada \u00abA favor de las nin\u0303as\u00bb. En este cuento, se dan pinceladas y matices de la relacio\u0301n de pareja sometida a roles sexuales interiorizados con siglos de historia. Pero&#8230;\u00bfSiguen existiendo muchos Arturos? \u00bfY Clementinas?<\/span><\/p>\n<\/td>\n<td><\/td>\n<td>\n<p><img loading=\"lazy\" class=\" size-full wp-image-869\" alt=\"catalogo-besos\" src=\"http:\/\/rayuelainfancia.desarrollotrevenque.com\/blog\/wp-content\/uploads\/2015\/02\/catalogo-besos.jpg\" height=\"400\" width=\"290\" \/><\/p>\n<p style=\"text-align: justify;\"><a target=\"_blank\" href=\"http:\/\/www.rayuelatiendaonline.com\/libro\/catalogo-de-besos_63144\"><img loading=\"lazy\" class=\"decoded size-full wp-image-777\" alt=\"http:\/\/rayuelainfancia.com\/http:\/\/rayuelainfancia.desarrollotrevenque.com\/blog\/wp-content\/uploads\/2009\/11\/comprar.png\" src=\"images\/comprar.png\" height=\"31\" width=\"100\" \/><\/a><\/p>\n<p style=\"text-align: justify;\"><span style=\"font-size: 10pt;\"><strong>\u00abCat\u00e1logo de besos\u00bb<\/strong><\/span><\/p>\n<p><span style=\"font-size: 10pt;\">&nbsp;&nbsp;&nbsp;&nbsp; Veintisiete frascos de cristal nos ha dejado Amanda, la coleccionista de besos. Una verdadera antologi\u0301a que nos hara\u0301 revivir los besos que damos, los besos dados y los que au\u0301n esperamos. Un compendio singular, lleno de curiosidades, que analiza cada beso a modo de receta de cocina o propiedades de una planta medicinal, acompan\u0303ados de breves relatos de experiencia vivida. El beso veleta, el indeleble, el perdido, el de los buenos di\u0301as, el de judas, el inevitable, el envenenado, el despechado, el primer beso&#8230;.son, entre otros, los besos que este hermoso libro cataloga a modo de antologi\u0301a.&nbsp;<\/span><\/p>\n<\/td>\n<\/tr>\n<tr>\n<td><\/td>\n<td><\/td>\n<td><\/td>\n<\/tr>\n<tr>\n<td>\n<p>&nbsp;<img loading=\"lazy\" class=\" size-full wp-image-870\" alt=\"cyrano\" src=\"http:\/\/rayuelainfancia.desarrollotrevenque.com\/blog\/wp-content\/uploads\/2015\/02\/cyrano.png\" height=\"400\" width=\"272\" srcset=\"https:\/\/www.rayuelainfancia.com\/blog\/wp-content\/uploads\/2015\/02\/cyrano.png 340w, https:\/\/www.rayuelainfancia.com\/blog\/wp-content\/uploads\/2015\/02\/cyrano-204x300.png 204w\" sizes=\"(max-width: 272px) 100vw, 272px\" \/><\/p>\n<p style=\"text-align: justify;\"><a target=\"_blank\" href=\"http:\/\/www.rayuelatiendaonline.com\/libro\/cyrano_49085\"><img loading=\"lazy\" class=\"decoded size-full wp-image-777\" alt=\"http:\/\/rayuelainfancia.com\/http:\/\/rayuelainfancia.desarrollotrevenque.com\/blog\/wp-content\/uploads\/2009\/11\/comprar.png\" src=\"images\/comprar.png\" height=\"31\" width=\"100\" \/><\/a><\/p>\n<p style=\"text-align: justify;\"><strong><span style=\"font-size: 10pt;\">\u00abCyrano\u00bb<\/span><\/strong><\/p>\n<p style=\"text-align: justify;\"><span style=\"font-size: 10pt;\">Cyrano teni\u0301a una nariz enorme y estaba enamorado de su prima Roxana, pero no se atrevi\u0301a a decirle nada debido a su enorme nariz. Christian era un joven muy guapo que tambie\u0301n estaba enamorado de Roxana, pero tampoco se atrevi\u0301a a decirle nada porque era muy tonto. Cyrano, que tambie\u0301n era poeta, ayudo\u0301 a Christian a que declarara su amor a Roxana. Christian murio\u0301 en la guerra y Roxana le lloro\u0301 durante toda su vida, hasta que descubrio\u0301, poco antes de la muerte de Cyrano, que e\u0301l era su verdadero amor.<\/span><\/p>\n<\/td>\n<td><\/td>\n<td>\n<p><img loading=\"lazy\" class=\" size-full wp-image-871\" alt=\"diario-despecho\" src=\"http:\/\/rayuelainfancia.desarrollotrevenque.com\/blog\/wp-content\/uploads\/2015\/02\/diario-despecho.png\" height=\"400\" width=\"286\" srcset=\"https:\/\/www.rayuelainfancia.com\/blog\/wp-content\/uploads\/2015\/02\/diario-despecho.png 358w, https:\/\/www.rayuelainfancia.com\/blog\/wp-content\/uploads\/2015\/02\/diario-despecho-215x300.png 215w\" sizes=\"(max-width: 286px) 100vw, 286px\" \/>&nbsp;<\/p>\n<p style=\"text-align: justify;\"><a target=\"_blank\" href=\"http:\/\/www.rayuelatiendaonline.com\/libro\/diario-de-un-despecho_70756\"><img loading=\"lazy\" class=\"decoded size-full wp-image-777\" alt=\"http:\/\/rayuelainfancia.com\/http:\/\/rayuelainfancia.desarrollotrevenque.com\/blog\/wp-content\/uploads\/2009\/11\/comprar.png\" src=\"images\/comprar.png\" height=\"31\" width=\"100\" \/><\/a><\/p>\n<p style=\"text-align: justify;\"><span style=\"font-size: 10pt;\"><strong>\u00abDiario de un despecho\u00bb<\/strong><\/span><\/p>\n<p style=\"text-align: justify;\"><span style=\"font-size: 10pt;\">A\u0301lbum sobre una historia pasional. Al ser abandonada por su amante, una mujer malherida de amor escribe para recordar y a la vez olvidar el fuego de una pasio\u0301n que se ha acabado. El acto de exorcismo, de amor y odio, es una lucha contra las horas interminables, la desesperacio\u0301n de ver como el amor se escapa. La escritura se vuelve terapia de un dolor insoportable. El libro, bajo la forma de diario, se compone de la cro\u0301nica de los sentimientos que provoca la situacio\u0301n, a trave\u0301s de canciones, citas literarias, poemas, historias de celebridades que sufrieron el desamor, reflexiones&#8230; Con todo este material tragico\u0301mico, que mezcla lirismo, dolor y humor, el lector tendra\u0301 que ir resolviendo el rompecabezas de una pasio\u0301n fatal.<\/span><\/p>\n<\/td>\n<\/tr>\n<tr>\n<td>\n<p>&nbsp;<\/p>\n<p><img loading=\"lazy\" class=\" size-full wp-image-872\" alt=\"dos-que-se-quieren\" src=\"http:\/\/rayuelainfancia.desarrollotrevenque.com\/blog\/wp-content\/uploads\/2015\/02\/dos-que-se-quieren.png\" height=\"400\" width=\"278\" srcset=\"https:\/\/www.rayuelainfancia.com\/blog\/wp-content\/uploads\/2015\/02\/dos-que-se-quieren.png 348w, https:\/\/www.rayuelainfancia.com\/blog\/wp-content\/uploads\/2015\/02\/dos-que-se-quieren-209x300.png 209w\" sizes=\"(max-width: 278px) 100vw, 278px\" \/><\/p>\n<p style=\"text-align: justify;\"><a target=\"_blank\" href=\"http:\/\/www.rayuelatiendaonline.com\/libro\/dos-que-se-quieren_66231\"><img loading=\"lazy\" class=\"decoded size-full wp-image-777\" alt=\"http:\/\/rayuelainfancia.com\/http:\/\/rayuelainfancia.desarrollotrevenque.com\/blog\/wp-content\/uploads\/2009\/11\/comprar.png\" src=\"images\/comprar.png\" height=\"31\" width=\"100\" \/><\/a><\/p>\n<p style=\"text-align: justify;\"><span style=\"font-size: 10pt;\"><strong>\u00abDos que se quieren\u00bb<\/strong><\/span><\/p>\n<p style=\"text-align: justify;\"><span style=\"font-size: 10pt;\">El ta\u0301ndem compuesto por el escritor suizo Ju\u0308rg Schubiger y el ilustrador alema\u0301n Wolf Elbruch ha creado un libro que propone una mirada filoso\u0301fica a la realidad y muestra un gran conocimiento de los seres humanos. Dos que se quieren es un poemario sobre uno de los grandes temas de la literatura universal, el Amor; un libro ilustrado que invita a realizar un recorrido por el amor que se da entre parejas, madres e hijos, padres e hijos, e hijas, animales, seres vivos y no tan vivos, extran\u0303os<\/span><\/p>\n<\/td>\n<td><\/td>\n<td>\n<p><img loading=\"lazy\" class=\" size-full wp-image-873\" style=\"border: 1px solid #000000;\" alt=\"desencuentros\" src=\"http:\/\/rayuelainfancia.desarrollotrevenque.com\/blog\/wp-content\/uploads\/2015\/02\/desencuentros.png\" height=\"345\" width=\"301\" srcset=\"https:\/\/www.rayuelainfancia.com\/blog\/wp-content\/uploads\/2015\/02\/desencuentros.png 301w, https:\/\/www.rayuelainfancia.com\/blog\/wp-content\/uploads\/2015\/02\/desencuentros-262x300.png 262w\" sizes=\"(max-width: 301px) 100vw, 301px\" \/>&nbsp;<\/p>\n<p><a target=\"_blank\" href=\"http:\/\/www.rayuelatiendaonline.com\/libro\/desencuentros_49254\"><img loading=\"lazy\" class=\"decoded size-full wp-image-777\" alt=\"http:\/\/rayuelainfancia.com\/http:\/\/rayuelainfancia.desarrollotrevenque.com\/blog\/wp-content\/uploads\/2009\/11\/comprar.png\" src=\"images\/comprar.png\" height=\"31\" width=\"100\" \/><\/a><\/p>\n<p><strong><span style=\"font-size: 10pt;\">\u00abDesencuentros\u00bb<\/span><\/strong><\/p>\n<p><span style=\"font-size: 10pt;\">&nbsp;Ella vive en un viejo bloque de pisos de un barrio de las afueras de la ciudad. Cada vez que sale, no importa adonde vaya, se dirige siempre hacia la izquierda. E\u0301l vive en un viejo bloque de pisos de un barrio de las afueras de la ciudad. Cada vez que sale, no importa adonde vaya, se dirige siempre hacia la derecha.<\/span><\/p>\n<\/td>\n<\/tr>\n<tr>\n<td>\n<p>&nbsp;<\/p>\n<\/td>\n<td><\/td>\n<td>\n<p>&nbsp;<\/p>\n<\/td>\n<\/tr>\n<tr>\n<td>\n<p>&nbsp;<img loading=\"lazy\" class=\" size-full wp-image-874\" alt=\"el-amor-rauquel-diaz-reguera\" src=\"http:\/\/rayuelainfancia.desarrollotrevenque.com\/blog\/wp-content\/uploads\/2015\/02\/el-amor-rauquel-diaz-reguera.png\" height=\"345\" width=\"400\" srcset=\"https:\/\/www.rayuelainfancia.com\/blog\/wp-content\/uploads\/2015\/02\/el-amor-rauquel-diaz-reguera.png 500w, https:\/\/www.rayuelainfancia.com\/blog\/wp-content\/uploads\/2015\/02\/el-amor-rauquel-diaz-reguera-300x259.png 300w\" sizes=\"(max-width: 400px) 100vw, 400px\" \/><\/p>\n<p><a target=\"_blank\" href=\"http:\/\/www.rayuelatiendaonline.com\/libro\/el-amor_70173\"><img loading=\"lazy\" class=\"decoded size-full wp-image-777\" alt=\"http:\/\/rayuelainfancia.com\/http:\/\/rayuelainfancia.desarrollotrevenque.com\/blog\/wp-content\/uploads\/2009\/11\/comprar.png\" src=\"images\/comprar.png\" height=\"31\" width=\"100\" \/><\/a><\/p>\n<p><span style=\"font-size: 10pt;\"><strong>\u00abEl Amor\u00bb<\/strong><\/span><\/p>\n<p><span style=\"font-size: 10pt;\">Susurran que el Amor Desmedido nacio\u0301 una madrugada de tangos. Musitan que el Amor a Medias provoca bolsas azules bajo los ojos. Mascullan que el Amor Medio-ocre deja rastros de ceniza en el corazo\u0301n. Envidian que el Amor a Medida eriza la piel.<\/span><\/p>\n<\/td>\n<td><\/td>\n<td>\n<p><img loading=\"lazy\" class=\" size-full wp-image-875\" alt=\"enamorados-kokinos\" src=\"http:\/\/rayuelainfancia.desarrollotrevenque.com\/blog\/wp-content\/uploads\/2015\/02\/enamorados-kokinos.png\" height=\"307\" width=\"400\" srcset=\"https:\/\/www.rayuelainfancia.com\/blog\/wp-content\/uploads\/2015\/02\/enamorados-kokinos.png 500w, https:\/\/www.rayuelainfancia.com\/blog\/wp-content\/uploads\/2015\/02\/enamorados-kokinos-300x230.png 300w\" sizes=\"(max-width: 400px) 100vw, 400px\" \/>&nbsp;<\/p>\n<p><a target=\"_blank\" href=\"http:\/\/www.rayuelatiendaonline.com\/libro\/enamorados_48855\"><img loading=\"lazy\" class=\"decoded size-full wp-image-777\" alt=\"http:\/\/rayuelainfancia.com\/http:\/\/rayuelainfancia.desarrollotrevenque.com\/blog\/wp-content\/uploads\/2009\/11\/comprar.png\" src=\"images\/comprar.png\" height=\"31\" width=\"100\" \/><\/a><\/p>\n<p><strong><span style=\"font-size: 10pt;\">\u00abEnamorados\u00bb<\/span><\/strong><\/p>\n<p><span style=\"font-size: 10pt;\">\u00bfQue\u0301 es estar enamorado? \u00bfEs co\u0301mo caerse de la bici o es algo de mentira? \u00bfEs volverse un poco loco o es estar malito? \u00bfHay que llevar paraguas o darse besos? \u00bfEs algo de chicas o de a\u0301ngeles? Todo esto habra\u0301 que explica\u0301rselo a Ernesto (que quiere a Salome\u0301) aunque au\u0301n no sabe demostra\u0301rselo.<\/span><\/p>\n<\/td>\n<\/tr>\n<tr>\n<td>\n<p>&nbsp;<\/p>\n<\/td>\n<td><\/td>\n<td>\n<p>&nbsp;<\/p>\n<\/td>\n<\/tr>\n<tr>\n<td>\n<p>&nbsp;<img loading=\"lazy\" class=\" size-full wp-image-876\" alt=\"pregunta-elefante\" src=\"http:\/\/rayuelainfancia.desarrollotrevenque.com\/blog\/wp-content\/uploads\/2015\/02\/pregunta-elefante.png\" height=\"400\" width=\"281\" srcset=\"https:\/\/www.rayuelainfancia.com\/blog\/wp-content\/uploads\/2015\/02\/pregunta-elefante.png 281w, https:\/\/www.rayuelainfancia.com\/blog\/wp-content\/uploads\/2015\/02\/pregunta-elefante-211x300.png 211w\" sizes=\"(max-width: 281px) 100vw, 281px\" \/><\/p>\n<p><a target=\"_blank\" href=\"http:\/\/www.rayuelatiendaonline.com\/libro\/la-pregunta-del-elefante_66232\"><img loading=\"lazy\" class=\"decoded size-full wp-image-777\" alt=\"http:\/\/rayuelainfancia.com\/http:\/\/rayuelainfancia.desarrollotrevenque.com\/blog\/wp-content\/uploads\/2009\/11\/comprar.png\" src=\"images\/comprar.png\" height=\"31\" width=\"100\" \/><\/a><\/p>\n<p><strong><span style=\"font-size: 10pt;\">\u00abLa pregunta del elefante\u00bb<\/span><\/strong><\/p>\n<p><span style=\"font-size: 10pt;\">\u00ab\u00bfCo\u0301mo se puede saber si se quiere a alguien?.. Jama\u0301s olvidare\u0301 la primera vez que la vi -explico\u0301 el rato\u0301n-.Me senti\u0301 grande y fuerte como un elefante&#8230;\u00bfY tu\u0301 manzano?&#8230;-Yo no puedo vivir sin la luz- confeso\u0301 el manzano-, pero cuando esta\u0301 conmigo la cubro de sombra. Son esos los disparates que se cometen cuando se esta\u0301 enamorado.\u00bb Mil respuestas ma\u0301s recibio\u0301 el elefante, porque mil son las formas de amar y sentirse amado.<\/span><\/p>\n<\/td>\n<td><\/td>\n<td>\n<p>&nbsp;<img loading=\"lazy\" class=\" size-full wp-image-877\" alt=\"no-hay-dos-iguales-kalandraka\" src=\"http:\/\/rayuelainfancia.desarrollotrevenque.com\/blog\/wp-content\/uploads\/2015\/02\/no-hay-dos-iguales-kalandraka.png\" height=\"400\" width=\"197\" srcset=\"https:\/\/www.rayuelainfancia.com\/blog\/wp-content\/uploads\/2015\/02\/no-hay-dos-iguales-kalandraka.png 246w, https:\/\/www.rayuelainfancia.com\/blog\/wp-content\/uploads\/2015\/02\/no-hay-dos-iguales-kalandraka-148x300.png 148w\" sizes=\"(max-width: 197px) 100vw, 197px\" \/><\/p>\n<p><a target=\"_blank\" href=\"http:\/\/www.rayuelatiendaonline.com\/libro\/no-hay-dos-iguales_70762\"><img loading=\"lazy\" class=\"decoded size-full wp-image-777\" alt=\"http:\/\/rayuelainfancia.com\/http:\/\/rayuelainfancia.desarrollotrevenque.com\/blog\/wp-content\/uploads\/2009\/11\/comprar.png\" src=\"images\/comprar.png\" height=\"31\" width=\"100\" \/><\/a><\/p>\n<p><span style=\"font-size: 10pt;\"><strong>\u00abNo hay dos iguales\u00bb<\/strong><\/span><\/p>\n<p><span style=\"font-size: 10pt;\">A todas horas y en cualquier lugar esta\u0301n presentes. Porque son la forma ma\u0301s universal en la que se expresa y se demuestra el afecto. Una oda contempora\u0301nea a los besos, con un atractivo disen\u0303o.<\/span><\/p>\n<\/td>\n<\/tr>\n<tr>\n<td>\n<p>&nbsp;<\/p>\n<\/td>\n<td><\/td>\n<td>\n<p>&nbsp;<\/p>\n<\/td>\n<\/tr>\n<tr>\n<td>\n<p><img loading=\"lazy\" class=\" size-full wp-image-878\" alt=\"ladron-gallinas\" src=\"http:\/\/rayuelainfancia.desarrollotrevenque.com\/blog\/wp-content\/uploads\/2015\/02\/ladron-gallinas.png\" height=\"248\" width=\"400\" srcset=\"https:\/\/www.rayuelainfancia.com\/blog\/wp-content\/uploads\/2015\/02\/ladron-gallinas.png 500w, https:\/\/www.rayuelainfancia.com\/blog\/wp-content\/uploads\/2015\/02\/ladron-gallinas-300x186.png 300w\" sizes=\"(max-width: 400px) 100vw, 400px\" \/><\/p>\n<p><a target=\"_blank\" href=\"http:\/\/www.rayuelatiendaonline.com\/libro\/ladron-de-gallinas_49014\"><strong><span style=\"font-size: 10pt;\"><img loading=\"lazy\" class=\"decoded size-full wp-image-777\" alt=\"http:\/\/rayuelainfancia.com\/http:\/\/rayuelainfancia.desarrollotrevenque.com\/blog\/wp-content\/uploads\/2009\/11\/comprar.png\" src=\"images\/comprar.png\" height=\"31\" width=\"100\" \/><\/span><\/strong><\/a><\/p>\n<p><strong><span style=\"font-size: 10pt;\">\u00abLadr\u00f3n de gallinas\u00bb<\/span><\/strong><\/p>\n<p><span style=\"font-size: 10pt;\">Un zorro rapta a una gallina y huye. El oso, el conejo y el gallo lo persiguen di\u0301a y noche, por valles y bosques, a trave\u0301s del mar y del desierto, hasta que al fin, extenuados, le encuentran en su guarida, pero&#8230; Un a\u0301lbum sin palabras. Un final inesperado&#8230; Una historia para \u00ableer\u00bb antes de saber leer.<\/span><\/p>\n<\/td>\n<td><\/td>\n<td>\n<p><img loading=\"lazy\" class=\" size-full wp-image-879\" style=\"border: 1px solid #000000;\" alt=\"sencillamente-tu\" src=\"http:\/\/rayuelainfancia.desarrollotrevenque.com\/blog\/wp-content\/uploads\/2015\/02\/sencillamente-tu.png\" height=\"300\" width=\"296\" srcset=\"https:\/\/www.rayuelainfancia.com\/blog\/wp-content\/uploads\/2015\/02\/sencillamente-tu.png 500w, https:\/\/www.rayuelainfancia.com\/blog\/wp-content\/uploads\/2015\/02\/sencillamente-tu-295x300.png 295w, https:\/\/www.rayuelainfancia.com\/blog\/wp-content\/uploads\/2015\/02\/sencillamente-tu-60x60.png 60w\" sizes=\"(max-width: 296px) 100vw, 296px\" \/><\/p>\n<p><a target=\"_blank\" href=\"http:\/\/www.rayuelatiendaonline.com\/libro\/sencillamente-tu_49204\"><strong><span style=\"font-size: 10pt;\"><img loading=\"lazy\" class=\"decoded size-full wp-image-777\" alt=\"http:\/\/rayuelainfancia.com\/http:\/\/rayuelainfancia.desarrollotrevenque.com\/blog\/wp-content\/uploads\/2009\/11\/comprar.png\" src=\"images\/comprar.png\" height=\"31\" width=\"100\" \/><\/span><\/strong><\/a><\/p>\n<p><strong><span style=\"font-size: 10pt;\">\u00abSencillamente t\u00fa\u00bb<\/span><\/strong><\/p>\n<p><span style=\"font-size: 10pt;\">A veces, quieres decirle a una persona lo mucho que la quieres, pero no siempre resulta fa\u0301cil encontrar las palabras adecuadas. Heinz Janisch ha escrito un texto que sale directamente del corazo\u0301n y, con Jutta Bauer, ha creado esta pequen\u0303a maravilla de libro.<\/span><\/p>\n<p>&nbsp;<\/p>\n<\/td>\n<\/tr>\n<tr>\n<td>\n<p><strong><span style=\"font-size: 10pt;\">&nbsp;<\/span><\/strong><\/p>\n<\/td>\n<td><\/td>\n<td>\n<p><strong><span style=\"font-size: 10pt;\">&nbsp;<\/span><\/strong><\/p>\n<\/td>\n<\/tr>\n<tr>\n<td>\n<p><strong><span style=\"font-size: 10pt;\"><img loading=\"lazy\" class=\" size-full wp-image-880\" alt=\"amantes-mariposa\" src=\"http:\/\/rayuelainfancia.desarrollotrevenque.com\/blog\/wp-content\/uploads\/2015\/02\/amantes-mariposa.png\" height=\"400\" width=\"277\" srcset=\"https:\/\/www.rayuelainfancia.com\/blog\/wp-content\/uploads\/2015\/02\/amantes-mariposa.png 346w, https:\/\/www.rayuelainfancia.com\/blog\/wp-content\/uploads\/2015\/02\/amantes-mariposa-208x300.png 208w\" sizes=\"(max-width: 277px) 100vw, 277px\" \/><\/span><\/strong><\/p>\n<p><a target=\"_blank\" href=\"http:\/\/www.rayuelatiendaonline.com\/libro\/los-amantes-mariposa_49090\"><strong><span style=\"font-size: 10pt;\"><img loading=\"lazy\" class=\"decoded size-full wp-image-777\" alt=\"http:\/\/rayuelainfancia.com\/http:\/\/rayuelainfancia.desarrollotrevenque.com\/blog\/wp-content\/uploads\/2009\/11\/comprar.png\" src=\"images\/comprar.png\" height=\"31\" width=\"100\" \/><\/span><\/strong><\/a><\/p>\n<p><strong><span style=\"font-size: 10pt;\">\u00abLos Amantes Mariposa\u00bb<\/span><\/strong><\/p>\n<p><span style=\"font-size: 10pt;\">Una historia de amor imposible al estilo Romeo y Julieta. Una leyenda oriental con la hermosura de las ilustraciones impactantes de Benjamin Lacombe.<\/span><\/p>\n<\/td>\n<td><\/td>\n<td>\n<p><strong><span style=\"font-size: 10pt;\"><img loading=\"lazy\" class=\" size-full wp-image-881\" alt=\"tristan-iseo\" src=\"http:\/\/rayuelainfancia.desarrollotrevenque.com\/blog\/wp-content\/uploads\/2015\/02\/tristan-iseo.png\" height=\"390\" width=\"274\" srcset=\"https:\/\/www.rayuelainfancia.com\/blog\/wp-content\/uploads\/2015\/02\/tristan-iseo.png 274w, https:\/\/www.rayuelainfancia.com\/blog\/wp-content\/uploads\/2015\/02\/tristan-iseo-211x300.png 211w\" sizes=\"(max-width: 274px) 100vw, 274px\" \/><\/span><\/strong><\/p>\n<p><a target=\"_blank\" href=\"http:\/\/www.rayuelatiendaonline.com\/libro\/tristan-e-iseo_59549\"><strong><span style=\"font-size: 10pt;\"><img loading=\"lazy\" class=\"decoded size-full wp-image-777\" alt=\"http:\/\/rayuelainfancia.com\/http:\/\/rayuelainfancia.desarrollotrevenque.com\/blog\/wp-content\/uploads\/2009\/11\/comprar.png\" src=\"images\/comprar.png\" height=\"31\" width=\"100\" \/><\/span><\/strong><\/a><\/p>\n<p><strong><span style=\"font-size: 10pt;\">\u00abTrist\u00e1n e Iseo\u00bb<\/span><\/strong><\/p>\n<p><span style=\"font-size: 10pt;\">Adaptacio\u0301n de una leyenda de amor del medievo. Brebajes extran\u0303os, amores imposibles, encuentros obligados. Una recreacio\u0301n visual en formato grande, sale de los pinceles de la ilustradora de \u00abHilo de Hada\u00bb. Te resultara\u0301 muy atractiva.<\/span><\/p>\n<p>&nbsp;<\/p>\n<p>&nbsp;<\/p>\n<\/td>\n<\/tr>\n<tr>\n<td>\n<p><strong><span style=\"font-size: 10pt;\">&nbsp;<\/span><\/strong><\/p>\n<\/td>\n<td><\/td>\n<td>\n<p><strong><span style=\"font-size: 10pt;\">&nbsp;<\/span><\/strong><\/p>\n<\/td>\n<\/tr>\n<tr>\n<td>\n<p><strong><span style=\"font-size: 10pt;\"><img loading=\"lazy\" class=\" size-full wp-image-882\" alt=\"una-casa-medida\" src=\"http:\/\/rayuelainfancia.desarrollotrevenque.com\/blog\/wp-content\/uploads\/2015\/02\/una-casa-medida.png\" height=\"400\" width=\"307\" srcset=\"https:\/\/www.rayuelainfancia.com\/blog\/wp-content\/uploads\/2015\/02\/una-casa-medida.png 384w, https:\/\/www.rayuelainfancia.com\/blog\/wp-content\/uploads\/2015\/02\/una-casa-medida-230x300.png 230w\" sizes=\"(max-width: 307px) 100vw, 307px\" \/><\/span><\/strong><\/p>\n<p><a target=\"_blank\" href=\"http:\/\/www.rayuelatiendaonline.com\/libro\/una-casa-a-medida_49034\"><strong><span style=\"font-size: 10pt;\"><img loading=\"lazy\" class=\"decoded size-full wp-image-777\" alt=\"http:\/\/rayuelainfancia.com\/http:\/\/rayuelainfancia.desarrollotrevenque.com\/blog\/wp-content\/uploads\/2009\/11\/comprar.png\" src=\"images\/comprar.png\" height=\"31\" width=\"100\" \/><\/span><\/strong><\/a><\/p>\n<p><strong><span style=\"font-size: 10pt;\">\u00abUna casa a medida\u00bb<\/span><\/strong><\/p>\n<p><span style=\"font-size: 10pt;\">La estatura no tiene por que\u0301 ser un problema insalvable en esta peculiar pareja de enamorados. Al plantearse la convivencia, tendra\u0301n que aguzar su ingenio para lograr que el hogar resulte co\u0301modo para ambos. Esta fa\u0301bula moderna acerca a los ma\u0301s pequen\u0303os a conceptos como el amor, la familia, la tolerancia y el respeto, con grandes dosis de humor y mucho colorido.<\/span><\/p>\n<\/td>\n<td><\/td>\n<td>\n<p>&nbsp;<\/p>\n<p style=\"text-align: justify;\"><img loading=\"lazy\" class=\" size-full wp-image-883\" style=\"border: 1px solid #000000;\" alt=\"agu-trot\" src=\"http:\/\/rayuelainfancia.desarrollotrevenque.com\/blog\/wp-content\/uploads\/2015\/02\/agu-trot.png\" height=\"350\" width=\"223\" srcset=\"https:\/\/www.rayuelainfancia.com\/blog\/wp-content\/uploads\/2015\/02\/agu-trot.png 319w, https:\/\/www.rayuelainfancia.com\/blog\/wp-content\/uploads\/2015\/02\/agu-trot-191x300.png 191w\" sizes=\"(max-width: 223px) 100vw, 223px\" \/><\/p>\n<p style=\"text-align: justify;\"><a target=\"_blank\" href=\"http:\/\/www.rayuelatiendaonline.com\/libro\/agu-trot_53944\"><img loading=\"lazy\" class=\"decoded size-full wp-image-777\" alt=\"http:\/\/rayuelainfancia.com\/http:\/\/rayuelainfancia.desarrollotrevenque.com\/blog\/wp-content\/uploads\/2009\/11\/comprar.png\" src=\"images\/comprar.png\" height=\"31\" width=\"100\" \/><\/a><\/p>\n<p style=\"text-align: justify;\"><span style=\"font-size: 10pt;\"><strong>\u00abAgu Trot\u00bb<\/strong> <br \/><\/span><\/p>\n<p style=\"text-align: justify;\"><span style=\"font-size: 10pt;\">&nbsp;&nbsp;&nbsp;&nbsp;&nbsp;&nbsp; En la vida del sen\u0303or Hoppy hay dos amores. Uno son las flores de su balco\u0301n. El otro es su vecina, la sen\u0303ora Silver. \u00a1Pero e\u0301ste u\u0301ltimo es un secreto! Ella so\u0301lo esta\u0301 pendiente de su tortuga Alfie que, en su opinio\u0301n crece muy despacio. El sen\u0303or Hoppy quiere hacer feliz a la sen\u0303ora Silver. \u00bfQue\u0301 se le habra\u0301 ocurrido? Si te fijas bien, Agu trot es tortuga escrito al reve\u0301s. \u00bfSera\u0301 una forma de enviar un mensaje en clave?&#8230;<\/span><\/p>\n<p><strong><span style=\"font-size: 10pt;\">&nbsp;<\/span><\/strong><\/p>\n<\/td>\n<\/tr>\n<tr>\n<td>\n<p>&nbsp;<\/p>\n<\/td>\n<td><\/td>\n<td>\n<p style=\"text-align: justify;\">&nbsp;<\/p>\n<\/td>\n<\/tr>\n<tr>\n<td>\n<p>&nbsp;<\/p>\n<p><img loading=\"lazy\" class=\" size-full wp-image-884\" style=\"border: 1px solid #000000;\" alt=\"amor-discos\" src=\"http:\/\/rayuelainfancia.desarrollotrevenque.com\/blog\/wp-content\/uploads\/2015\/02\/amor-discos.png\" height=\"268\" width=\"350\" srcset=\"https:\/\/www.rayuelainfancia.com\/blog\/wp-content\/uploads\/2015\/02\/amor-discos.png 600w, https:\/\/www.rayuelainfancia.com\/blog\/wp-content\/uploads\/2015\/02\/amor-discos-300x230.png 300w\" sizes=\"(max-width: 350px) 100vw, 350px\" \/><\/p>\n<p><a target=\"_blank\" href=\"http:\/\/www.rayuelatiendaonline.com\/libro\/amordiscos_48250\"><img loading=\"lazy\" class=\"decoded size-full wp-image-777\" alt=\"http:\/\/rayuelainfancia.com\/http:\/\/rayuelainfancia.desarrollotrevenque.com\/blog\/wp-content\/uploads\/2009\/11\/comprar.png\" src=\"images\/comprar.png\" height=\"31\" width=\"100\" \/><\/a><\/p>\n<p style=\"text-align: justify;\"><span style=\"font-size: 10pt;\"><strong>\u00abAmordiscos\u00bb<\/strong> de Moni P\u00e9rez<\/span><\/p>\n<p><span style=\"font-size: 10pt;\">&nbsp;&nbsp;&nbsp;&nbsp;&nbsp; Con muchas dosis de humor e ironi\u0301a, estas vin\u0303etas mudas reflejan las peripecias del amor que, adema\u0301s de mordiscos, tambie\u0301n pueden deparar dentelladas.<\/span><\/p>\n<\/td>\n<td><\/td>\n<td>\n<p style=\"text-align: justify;\">&nbsp;<\/p>\n<\/td>\n<\/tr>\n<tr>\n<td><br alt=\"dos-que-se-quieren\" src=\"images\/dos-que-se-quieren.png\" height=\"400\" width=\"278\" \/><\/td>\n<\/tr>\n<\/tbody>\n<\/table>\n","protected":false},"excerpt":{"rendered":"<p>EN FEBRERO, EN RAYUELA: HISTORIAS DE AMOR Y DES-AMORHemos preparado para t\u00ed una sugerente selecci\u00f3n de t\u00edtulos de amores y desamores porque de los dos ingredientes se ti\u00f1e la vida. \u00abAmo amar, amor\u00bb &nbsp;&nbsp; Cada vez ma\u0301s quiero quererte, querida, dije. Amo amar, amor, dijiste. Senti\u0301as debilidad por el lenguaje. Todos los textos recogidos en [&hellip;]<\/p>\n","protected":false},"author":3,"featured_media":866,"comment_status":"open","ping_status":"open","sticky":false,"template":"","format":"standard","meta":[],"categories":[18],"tags":[],"yoast_head":"<!-- This site is optimized with the Yoast SEO plugin v18.5.1 - https:\/\/yoast.com\/wordpress\/plugins\/seo\/ -->\n<title>AMOR Y DESAMOR &#8902; Blog de Rayuelainfancia<\/title>\n<meta name=\"description\" content=\"HISTORIAS DE AMOR Y DES-AMOR Hemos preparado para t\u00ed una sugerente selecci\u00f3n de t\u00edtulos de amores y des-amores porque de los dos ingredientes se ti\u00f1e la vida.\" \/>\n<meta name=\"robots\" content=\"index, follow, max-snippet:-1, max-image-preview:large, max-video-preview:-1\" \/>\n<link rel=\"canonical\" href=\"http:\/\/www.rayuelainfancia.com\/blog\/libros-amor-desamor\/\" \/>\n<meta property=\"og:locale\" content=\"es_ES\" \/>\n<meta property=\"og:type\" content=\"article\" \/>\n<meta property=\"og:title\" content=\"AMOR Y DESAMOR &#8902; Blog de Rayuelainfancia\" \/>\n<meta property=\"og:description\" content=\"HISTORIAS DE AMOR Y DES-AMOR Hemos preparado para t\u00ed una sugerente selecci\u00f3n de t\u00edtulos de amores y des-amores porque de los dos ingredientes se ti\u00f1e la vida.\" \/>\n<meta property=\"og:url\" content=\"http:\/\/www.rayuelainfancia.com\/blog\/libros-amor-desamor\/\" \/>\n<meta property=\"og:site_name\" content=\"Blog de Rayuelainfancia\" \/>\n<meta property=\"article:publisher\" content=\"https:\/\/www.facebook.com\/pages\/Librer\u00eda-Rayuela\/251861686361\" \/>\n<meta property=\"article:published_time\" content=\"2015-02-06T10:53:50+00:00\" \/>\n<meta property=\"article:modified_time\" content=\"2016-12-14T09:26:45+00:00\" \/>\n<meta property=\"og:image\" content=\"http:\/\/www.rayuelainfancia.com\/blog\/wp-content\/uploads\/2015\/02\/amo-amar.png\" \/>\n\t<meta property=\"og:image:width\" content=\"400\" \/>\n\t<meta property=\"og:image:height\" content=\"415\" \/>\n\t<meta property=\"og:image:type\" content=\"image\/png\" \/>\n<meta name=\"twitter:card\" content=\"summary\" \/>\n<meta name=\"twitter:creator\" content=\"@Rayuelainfancia\" \/>\n<meta name=\"twitter:site\" content=\"@Rayuelainfancia\" \/>\n<meta name=\"twitter:label1\" content=\"Written by\" \/>\n\t<meta name=\"twitter:data1\" content=\"Miguel Escalera Nieto\" \/>\n\t<meta name=\"twitter:label2\" content=\"Est. reading time\" \/>\n\t<meta name=\"twitter:data2\" content=\"7 minutos\" \/>\n<script type=\"application\/ld+json\" class=\"yoast-schema-graph\">{\"@context\":\"https:\/\/schema.org\",\"@graph\":[{\"@type\":\"Organization\",\"@id\":\"https:\/\/www.rayuelainfancia.com\/blog\/#organization\",\"name\":\"Rayuelainfancia\",\"url\":\"https:\/\/www.rayuelainfancia.com\/blog\/\",\"sameAs\":[\"https:\/\/www.facebook.com\/pages\/Librer\u00eda-Rayuela\/251861686361\",\"https:\/\/www.youtube.com\/channel\/UCddVaoDjpTp-DexyEVoyazQ\",\"https:\/\/twitter.com\/Rayuelainfancia\"],\"logo\":{\"@type\":\"ImageObject\",\"@id\":\"https:\/\/www.rayuelainfancia.com\/blog\/#logo\",\"inLanguage\":\"es\",\"url\":\"https:\/\/www.rayuelainfancia.com\/blog\/wp-content\/uploads\/2018\/06\/logo-rayuelainfancia-color-corporativo.png\",\"contentUrl\":\"https:\/\/www.rayuelainfancia.com\/blog\/wp-content\/uploads\/2018\/06\/logo-rayuelainfancia-color-corporativo.png\",\"width\":1200,\"height\":680,\"caption\":\"Rayuelainfancia\"},\"image\":{\"@id\":\"https:\/\/www.rayuelainfancia.com\/blog\/#logo\"}},{\"@type\":\"WebSite\",\"@id\":\"https:\/\/www.rayuelainfancia.com\/blog\/#website\",\"url\":\"https:\/\/www.rayuelainfancia.com\/blog\/\",\"name\":\"Blog de Rayuelainfancia\",\"description\":\"Libros infantiles y juegos educaticos respestuosos con la infancia\",\"publisher\":{\"@id\":\"https:\/\/www.rayuelainfancia.com\/blog\/#organization\"},\"potentialAction\":[{\"@type\":\"SearchAction\",\"target\":{\"@type\":\"EntryPoint\",\"urlTemplate\":\"https:\/\/www.rayuelainfancia.com\/blog\/?s={search_term_string}\"},\"query-input\":\"required name=search_term_string\"}],\"inLanguage\":\"es\"},{\"@type\":\"ImageObject\",\"@id\":\"http:\/\/www.rayuelainfancia.com\/blog\/libros-amor-desamor\/#primaryimage\",\"inLanguage\":\"es\",\"url\":\"https:\/\/www.rayuelainfancia.com\/blog\/wp-content\/uploads\/2015\/02\/amo-amar.png\",\"contentUrl\":\"https:\/\/www.rayuelainfancia.com\/blog\/wp-content\/uploads\/2015\/02\/amo-amar.png\",\"width\":400,\"height\":415,\"caption\":\"amo-amar\"},{\"@type\":\"WebPage\",\"@id\":\"http:\/\/www.rayuelainfancia.com\/blog\/libros-amor-desamor\/#webpage\",\"url\":\"http:\/\/www.rayuelainfancia.com\/blog\/libros-amor-desamor\/\",\"name\":\"AMOR Y DESAMOR &#8902; Blog de Rayuelainfancia\",\"isPartOf\":{\"@id\":\"https:\/\/www.rayuelainfancia.com\/blog\/#website\"},\"primaryImageOfPage\":{\"@id\":\"http:\/\/www.rayuelainfancia.com\/blog\/libros-amor-desamor\/#primaryimage\"},\"datePublished\":\"2015-02-06T10:53:50+00:00\",\"dateModified\":\"2016-12-14T09:26:45+00:00\",\"description\":\"HISTORIAS DE AMOR Y DES-AMOR Hemos preparado para t\u00ed una sugerente selecci\u00f3n de t\u00edtulos de amores y des-amores porque de los dos ingredientes se ti\u00f1e la vida.\",\"breadcrumb\":{\"@id\":\"http:\/\/www.rayuelainfancia.com\/blog\/libros-amor-desamor\/#breadcrumb\"},\"inLanguage\":\"es\",\"potentialAction\":[{\"@type\":\"ReadAction\",\"target\":[\"http:\/\/www.rayuelainfancia.com\/blog\/libros-amor-desamor\/\"]}]},{\"@type\":\"BreadcrumbList\",\"@id\":\"http:\/\/www.rayuelainfancia.com\/blog\/libros-amor-desamor\/#breadcrumb\",\"itemListElement\":[{\"@type\":\"ListItem\",\"position\":1,\"name\":\"Portada\",\"item\":\"https:\/\/www.rayuelainfancia.com\/blog\/\"},{\"@type\":\"ListItem\",\"position\":2,\"name\":\"AMOR Y DESAMOR\"}]},{\"@type\":\"Article\",\"@id\":\"http:\/\/www.rayuelainfancia.com\/blog\/libros-amor-desamor\/#article\",\"isPartOf\":{\"@id\":\"http:\/\/www.rayuelainfancia.com\/blog\/libros-amor-desamor\/#webpage\"},\"author\":{\"@id\":\"https:\/\/www.rayuelainfancia.com\/blog\/#\/schema\/person\/41147ec5e3c2cc1be6e2c4520a099ebb\"},\"headline\":\"AMOR Y DESAMOR\",\"datePublished\":\"2015-02-06T10:53:50+00:00\",\"dateModified\":\"2016-12-14T09:26:45+00:00\",\"mainEntityOfPage\":{\"@id\":\"http:\/\/www.rayuelainfancia.com\/blog\/libros-amor-desamor\/#webpage\"},\"wordCount\":1447,\"commentCount\":0,\"publisher\":{\"@id\":\"https:\/\/www.rayuelainfancia.com\/blog\/#organization\"},\"image\":{\"@id\":\"http:\/\/www.rayuelainfancia.com\/blog\/libros-amor-desamor\/#primaryimage\"},\"thumbnailUrl\":\"https:\/\/www.rayuelainfancia.com\/blog\/wp-content\/uploads\/2015\/02\/amo-amar.png\",\"articleSection\":[\"Actividades Cuentacuentos\"],\"inLanguage\":\"es\",\"potentialAction\":[{\"@type\":\"CommentAction\",\"name\":\"Comment\",\"target\":[\"http:\/\/www.rayuelainfancia.com\/blog\/libros-amor-desamor\/#respond\"]}]},{\"@type\":\"Person\",\"@id\":\"https:\/\/www.rayuelainfancia.com\/blog\/#\/schema\/person\/41147ec5e3c2cc1be6e2c4520a099ebb\",\"name\":\"Miguel Escalera Nieto\",\"image\":{\"@type\":\"ImageObject\",\"@id\":\"https:\/\/www.rayuelainfancia.com\/blog\/#personlogo\",\"inLanguage\":\"es\",\"url\":\"https:\/\/secure.gravatar.com\/avatar\/73bd613c804680e46df318e272f0e837?s=96&d=mm&r=g\",\"contentUrl\":\"https:\/\/secure.gravatar.com\/avatar\/73bd613c804680e46df318e272f0e837?s=96&d=mm&r=g\",\"caption\":\"Miguel Escalera Nieto\"}}]}<\/script>\n<!-- \/ Yoast SEO plugin. -->","yoast_head_json":{"title":"AMOR Y DESAMOR &#8902; Blog de Rayuelainfancia","description":"HISTORIAS DE AMOR Y DES-AMOR Hemos preparado para t\u00ed una sugerente selecci\u00f3n de t\u00edtulos de amores y des-amores porque de los dos ingredientes se ti\u00f1e la vida.","robots":{"index":"index","follow":"follow","max-snippet":"max-snippet:-1","max-image-preview":"max-image-preview:large","max-video-preview":"max-video-preview:-1"},"canonical":"http:\/\/www.rayuelainfancia.com\/blog\/libros-amor-desamor\/","og_locale":"es_ES","og_type":"article","og_title":"AMOR Y DESAMOR &#8902; Blog de Rayuelainfancia","og_description":"HISTORIAS DE AMOR Y DES-AMOR Hemos preparado para t\u00ed una sugerente selecci\u00f3n de t\u00edtulos de amores y des-amores porque de los dos ingredientes se ti\u00f1e la vida.","og_url":"http:\/\/www.rayuelainfancia.com\/blog\/libros-amor-desamor\/","og_site_name":"Blog de Rayuelainfancia","article_publisher":"https:\/\/www.facebook.com\/pages\/Librer\u00eda-Rayuela\/251861686361","article_published_time":"2015-02-06T10:53:50+00:00","article_modified_time":"2016-12-14T09:26:45+00:00","og_image":[{"width":400,"height":415,"url":"http:\/\/www.rayuelainfancia.com\/blog\/wp-content\/uploads\/2015\/02\/amo-amar.png","type":"image\/png"}],"twitter_card":"summary","twitter_creator":"@Rayuelainfancia","twitter_site":"@Rayuelainfancia","twitter_misc":{"Written by":"Miguel Escalera Nieto","Est. reading time":"7 minutos"},"schema":{"@context":"https:\/\/schema.org","@graph":[{"@type":"Organization","@id":"https:\/\/www.rayuelainfancia.com\/blog\/#organization","name":"Rayuelainfancia","url":"https:\/\/www.rayuelainfancia.com\/blog\/","sameAs":["https:\/\/www.facebook.com\/pages\/Librer\u00eda-Rayuela\/251861686361","https:\/\/www.youtube.com\/channel\/UCddVaoDjpTp-DexyEVoyazQ","https:\/\/twitter.com\/Rayuelainfancia"],"logo":{"@type":"ImageObject","@id":"https:\/\/www.rayuelainfancia.com\/blog\/#logo","inLanguage":"es","url":"https:\/\/www.rayuelainfancia.com\/blog\/wp-content\/uploads\/2018\/06\/logo-rayuelainfancia-color-corporativo.png","contentUrl":"https:\/\/www.rayuelainfancia.com\/blog\/wp-content\/uploads\/2018\/06\/logo-rayuelainfancia-color-corporativo.png","width":1200,"height":680,"caption":"Rayuelainfancia"},"image":{"@id":"https:\/\/www.rayuelainfancia.com\/blog\/#logo"}},{"@type":"WebSite","@id":"https:\/\/www.rayuelainfancia.com\/blog\/#website","url":"https:\/\/www.rayuelainfancia.com\/blog\/","name":"Blog de Rayuelainfancia","description":"Libros infantiles y juegos educaticos respestuosos con la infancia","publisher":{"@id":"https:\/\/www.rayuelainfancia.com\/blog\/#organization"},"potentialAction":[{"@type":"SearchAction","target":{"@type":"EntryPoint","urlTemplate":"https:\/\/www.rayuelainfancia.com\/blog\/?s={search_term_string}"},"query-input":"required name=search_term_string"}],"inLanguage":"es"},{"@type":"ImageObject","@id":"http:\/\/www.rayuelainfancia.com\/blog\/libros-amor-desamor\/#primaryimage","inLanguage":"es","url":"https:\/\/www.rayuelainfancia.com\/blog\/wp-content\/uploads\/2015\/02\/amo-amar.png","contentUrl":"https:\/\/www.rayuelainfancia.com\/blog\/wp-content\/uploads\/2015\/02\/amo-amar.png","width":400,"height":415,"caption":"amo-amar"},{"@type":"WebPage","@id":"http:\/\/www.rayuelainfancia.com\/blog\/libros-amor-desamor\/#webpage","url":"http:\/\/www.rayuelainfancia.com\/blog\/libros-amor-desamor\/","name":"AMOR Y DESAMOR &#8902; Blog de Rayuelainfancia","isPartOf":{"@id":"https:\/\/www.rayuelainfancia.com\/blog\/#website"},"primaryImageOfPage":{"@id":"http:\/\/www.rayuelainfancia.com\/blog\/libros-amor-desamor\/#primaryimage"},"datePublished":"2015-02-06T10:53:50+00:00","dateModified":"2016-12-14T09:26:45+00:00","description":"HISTORIAS DE AMOR Y DES-AMOR Hemos preparado para t\u00ed una sugerente selecci\u00f3n de t\u00edtulos de amores y des-amores porque de los dos ingredientes se ti\u00f1e la vida.","breadcrumb":{"@id":"http:\/\/www.rayuelainfancia.com\/blog\/libros-amor-desamor\/#breadcrumb"},"inLanguage":"es","potentialAction":[{"@type":"ReadAction","target":["http:\/\/www.rayuelainfancia.com\/blog\/libros-amor-desamor\/"]}]},{"@type":"BreadcrumbList","@id":"http:\/\/www.rayuelainfancia.com\/blog\/libros-amor-desamor\/#breadcrumb","itemListElement":[{"@type":"ListItem","position":1,"name":"Portada","item":"https:\/\/www.rayuelainfancia.com\/blog\/"},{"@type":"ListItem","position":2,"name":"AMOR Y DESAMOR"}]},{"@type":"Article","@id":"http:\/\/www.rayuelainfancia.com\/blog\/libros-amor-desamor\/#article","isPartOf":{"@id":"http:\/\/www.rayuelainfancia.com\/blog\/libros-amor-desamor\/#webpage"},"author":{"@id":"https:\/\/www.rayuelainfancia.com\/blog\/#\/schema\/person\/41147ec5e3c2cc1be6e2c4520a099ebb"},"headline":"AMOR Y DESAMOR","datePublished":"2015-02-06T10:53:50+00:00","dateModified":"2016-12-14T09:26:45+00:00","mainEntityOfPage":{"@id":"http:\/\/www.rayuelainfancia.com\/blog\/libros-amor-desamor\/#webpage"},"wordCount":1447,"commentCount":0,"publisher":{"@id":"https:\/\/www.rayuelainfancia.com\/blog\/#organization"},"image":{"@id":"http:\/\/www.rayuelainfancia.com\/blog\/libros-amor-desamor\/#primaryimage"},"thumbnailUrl":"https:\/\/www.rayuelainfancia.com\/blog\/wp-content\/uploads\/2015\/02\/amo-amar.png","articleSection":["Actividades Cuentacuentos"],"inLanguage":"es","potentialAction":[{"@type":"CommentAction","name":"Comment","target":["http:\/\/www.rayuelainfancia.com\/blog\/libros-amor-desamor\/#respond"]}]},{"@type":"Person","@id":"https:\/\/www.rayuelainfancia.com\/blog\/#\/schema\/person\/41147ec5e3c2cc1be6e2c4520a099ebb","name":"Miguel Escalera Nieto","image":{"@type":"ImageObject","@id":"https:\/\/www.rayuelainfancia.com\/blog\/#personlogo","inLanguage":"es","url":"https:\/\/secure.gravatar.com\/avatar\/73bd613c804680e46df318e272f0e837?s=96&d=mm&r=g","contentUrl":"https:\/\/secure.gravatar.com\/avatar\/73bd613c804680e46df318e272f0e837?s=96&d=mm&r=g","caption":"Miguel Escalera Nieto"}}]}},"_links":{"self":[{"href":"https:\/\/www.rayuelainfancia.com\/blog\/wp-json\/wp\/v2\/posts\/547"}],"collection":[{"href":"https:\/\/www.rayuelainfancia.com\/blog\/wp-json\/wp\/v2\/posts"}],"about":[{"href":"https:\/\/www.rayuelainfancia.com\/blog\/wp-json\/wp\/v2\/types\/post"}],"author":[{"embeddable":true,"href":"https:\/\/www.rayuelainfancia.com\/blog\/wp-json\/wp\/v2\/users\/3"}],"replies":[{"embeddable":true,"href":"https:\/\/www.rayuelainfancia.com\/blog\/wp-json\/wp\/v2\/comments?post=547"}],"version-history":[{"count":1,"href":"https:\/\/www.rayuelainfancia.com\/blog\/wp-json\/wp\/v2\/posts\/547\/revisions"}],"predecessor-version":[{"id":1096,"href":"https:\/\/www.rayuelainfancia.com\/blog\/wp-json\/wp\/v2\/posts\/547\/revisions\/1096"}],"wp:featuredmedia":[{"embeddable":true,"href":"https:\/\/www.rayuelainfancia.com\/blog\/wp-json\/wp\/v2\/media\/866"}],"wp:attachment":[{"href":"https:\/\/www.rayuelainfancia.com\/blog\/wp-json\/wp\/v2\/media?parent=547"}],"wp:term":[{"taxonomy":"category","embeddable":true,"href":"https:\/\/www.rayuelainfancia.com\/blog\/wp-json\/wp\/v2\/categories?post=547"},{"taxonomy":"post_tag","embeddable":true,"href":"https:\/\/www.rayuelainfancia.com\/blog\/wp-json\/wp\/v2\/tags?post=547"}],"curies":[{"name":"wp","href":"https:\/\/api.w.org\/{rel}","templated":true}]}}