 {"id":541,"date":"2015-01-27T11:20:50","date_gmt":"2015-01-27T10:20:50","guid":{"rendered":"http:\/\/rayuelainfancia.desarrollotrevenque.com\/blog\/primera-exposicion-de-ilustraciones-originales-de-enrique-quevedo\/"},"modified":"2016-11-19T14:33:31","modified_gmt":"2016-11-19T13:33:31","slug":"primera-exposicion-de-ilustraciones-originales-de-enrique-quevedo","status":"publish","type":"post","link":"https:\/\/www.rayuelainfancia.com\/blog\/primera-exposicion-de-ilustraciones-originales-de-enrique-quevedo\/","title":{"rendered":"PRIMERA EXPOSICI\u00d3N DE ILUSTRACIONES ORIGINALES  de Enrique Quevedo"},"content":{"rendered":"<p>PRIMERA EXPOSICI\u00d3N DE ILUSTRACIONES ORIGINALES&nbsp; de Enrique Quevedo<\/p>\n<p>Un peque\u00f1o museo ilustrado est\u00e1 aqu\u00ed, en Rayuela, esper\u00e1ndo-te.<\/p>\n<article class=\"item\" data-permalink=\"http:\/\/rayuelainfancia.com\/index.php?option=com_content&amp;view=article&amp;id=537:rayuela-de-arte&amp;catid=31:actividades-rayuela&amp;Itemid=8\">\n<div class=\"content clearfix\">\n<p>Desde el martes 11 hasta el jueves 27 de noviembre.<br \/>El Viernes, 14 de noviembre, a las 20:00 horas, contaremos con la visita del ilustrador.<\/p>\n<p>Ilustrador: ENRIQUE QUEVEDO<br \/>Hace apenas unos a\u00f1os que comenz\u00f3 a trabajar en el mundo de la ilustraci\u00f3n. En este breve per\u00edodo de tiempo ha publicado diversos libros con varias editoriales: \u00abLa Hora de los Relojes\u00bb con Faktor\u00eda K de libros (Kalandraka); \u00abEl Gran Mago del Mundo\u00bb con Cuento de Luz; \u00abEl \u00c1ngel Gordo\u00bb ; \u00abLa Hormiga An\u00edbal\u00bb ; \u00bb La huerta de Tom\u00e1s\u00bb con Torom\u00edtico (Almuzara); \u00abLas Aventuras de la Gata Oli&#8230;\u00bb con Lecturia (Guadalturia); \u00abLuces de Feria\u00bb de nuevo con Cuento de Luz, \u00abLa m\u00e1quina de las estaciones\u00bb con Almadraba Editorial, \u00abLa Danza del Tiempo\u00bb con Cuento de Luz\u00bb y \u00abMecanistiario\u00bb con Tres Tigres Tristes&#8230;<\/p>\n<p>&#8211; Medalla de Oro al mejor ilustrador en los EEUU en 2012, en los premios Moonbeam Children\u00b4s Book por mis ilustraciones para \u00abThe Great Magician of the World\u00bb de la editorial Cuento de Luz.<\/p>\n<p>&#8211; Medalla de oro al mejor \u00e1lbum ilustrado en espa\u00f1ol en los Moonbeam Children\u00b4s Book 2013 en los EEUU por \u00abLuces de Feria\u00bb de la editorial Cuento de Luz.<\/p>\n<p>&#8211; Medalla de oro: Best Children Book en los Living Now Awards 2014. EEUU.<\/p>\n<p><span style=\"font-size: 18pt;\"><span style=\"font-size: 18pt;\"><span style=\"font-size: 18pt;\"><img loading=\"lazy\" class=\" size-full wp-image-855\" style=\"margin: 20px;\" alt=\"10270659 10152296266316362 1853246345648885863 n\" src=\"http:\/\/rayuelainfancia.desarrollotrevenque.com\/blog\/wp-content\/uploads\/2014\/12\/10270659_10152296266316362_1853246345648885863_n.jpg\" height=\"436\" width=\"580\" \/><\/span><\/span><\/span><\/p>\n<\/p><\/div>\n<\/article>\n","protected":false},"excerpt":{"rendered":"<p>PRIMERA EXPOSICI\u00d3N DE ILUSTRACIONES ORIGINALES&nbsp; de Enrique Quevedo Un peque\u00f1o museo ilustrado est\u00e1 aqu\u00ed, en Rayuela, esper\u00e1ndo-te. Desde el martes 11 hasta el jueves 27 de noviembre.El Viernes, 14 de noviembre, a las 20:00 horas, contaremos con la visita del ilustrador. Ilustrador: ENRIQUE QUEVEDOHace apenas unos a\u00f1os que comenz\u00f3 a trabajar en el mundo de [&hellip;]<\/p>\n","protected":false},"author":3,"featured_media":855,"comment_status":"open","ping_status":"open","sticky":false,"template":"","format":"standard","meta":[],"categories":[18],"tags":[],"yoast_head":"<!-- This site is optimized with the Yoast SEO plugin v18.5.1 - https:\/\/yoast.com\/wordpress\/plugins\/seo\/ -->\n<title>PRIMERA EXPOSICI\u00d3N DE ILUSTRACIONES ORIGINALES de Enrique Quevedo &#8902; Blog de Rayuelainfancia<\/title>\n<meta name=\"robots\" content=\"index, follow, max-snippet:-1, max-image-preview:large, max-video-preview:-1\" \/>\n<link rel=\"canonical\" href=\"https:\/\/www.rayuelainfancia.com\/blog\/primera-exposicion-de-ilustraciones-originales-de-enrique-quevedo\/\" \/>\n<meta property=\"og:locale\" content=\"es_ES\" \/>\n<meta property=\"og:type\" content=\"article\" \/>\n<meta property=\"og:title\" content=\"PRIMERA EXPOSICI\u00d3N DE ILUSTRACIONES ORIGINALES de Enrique Quevedo &#8902; Blog de Rayuelainfancia\" \/>\n<meta property=\"og:description\" content=\"PRIMERA EXPOSICI\u00d3N DE ILUSTRACIONES ORIGINALES&nbsp; de Enrique Quevedo Un peque\u00f1o museo ilustrado est\u00e1 aqu\u00ed, en Rayuela, esper\u00e1ndo-te. Desde el martes 11 hasta el jueves 27 de noviembre.El Viernes, 14 de noviembre, a las 20:00 horas, contaremos con la visita del ilustrador. Ilustrador: ENRIQUE QUEVEDOHace apenas unos a\u00f1os que comenz\u00f3 a trabajar en el mundo de [&hellip;]\" \/>\n<meta property=\"og:url\" content=\"https:\/\/www.rayuelainfancia.com\/blog\/primera-exposicion-de-ilustraciones-originales-de-enrique-quevedo\/\" \/>\n<meta property=\"og:site_name\" content=\"Blog de Rayuelainfancia\" \/>\n<meta property=\"article:publisher\" content=\"https:\/\/www.facebook.com\/pages\/Librer\u00eda-Rayuela\/251861686361\" \/>\n<meta property=\"article:published_time\" content=\"2015-01-27T10:20:50+00:00\" \/>\n<meta property=\"article:modified_time\" content=\"2016-11-19T13:33:31+00:00\" \/>\n<meta property=\"og:image\" content=\"https:\/\/www.rayuelainfancia.com\/blog\/wp-content\/uploads\/2014\/12\/10270659_10152296266316362_1853246345648885863_n.jpg\" \/>\n\t<meta property=\"og:image:width\" content=\"960\" \/>\n\t<meta property=\"og:image:height\" content=\"720\" \/>\n\t<meta property=\"og:image:type\" content=\"image\/jpeg\" \/>\n<meta name=\"twitter:card\" content=\"summary\" \/>\n<meta name=\"twitter:creator\" content=\"@Rayuelainfancia\" \/>\n<meta name=\"twitter:site\" content=\"@Rayuelainfancia\" \/>\n<meta name=\"twitter:label1\" content=\"Written by\" \/>\n\t<meta name=\"twitter:data1\" content=\"Miguel Escalera Nieto\" \/>\n\t<meta name=\"twitter:label2\" content=\"Est. reading time\" \/>\n\t<meta name=\"twitter:data2\" content=\"1 minuto\" \/>\n<script type=\"application\/ld+json\" class=\"yoast-schema-graph\">{\"@context\":\"https:\/\/schema.org\",\"@graph\":[{\"@type\":\"Organization\",\"@id\":\"https:\/\/www.rayuelainfancia.com\/blog\/#organization\",\"name\":\"Rayuelainfancia\",\"url\":\"https:\/\/www.rayuelainfancia.com\/blog\/\",\"sameAs\":[\"https:\/\/www.facebook.com\/pages\/Librer\u00eda-Rayuela\/251861686361\",\"https:\/\/www.youtube.com\/channel\/UCddVaoDjpTp-DexyEVoyazQ\",\"https:\/\/twitter.com\/Rayuelainfancia\"],\"logo\":{\"@type\":\"ImageObject\",\"@id\":\"https:\/\/www.rayuelainfancia.com\/blog\/#logo\",\"inLanguage\":\"es\",\"url\":\"https:\/\/www.rayuelainfancia.com\/blog\/wp-content\/uploads\/2018\/06\/logo-rayuelainfancia-color-corporativo.png\",\"contentUrl\":\"https:\/\/www.rayuelainfancia.com\/blog\/wp-content\/uploads\/2018\/06\/logo-rayuelainfancia-color-corporativo.png\",\"width\":1200,\"height\":680,\"caption\":\"Rayuelainfancia\"},\"image\":{\"@id\":\"https:\/\/www.rayuelainfancia.com\/blog\/#logo\"}},{\"@type\":\"WebSite\",\"@id\":\"https:\/\/www.rayuelainfancia.com\/blog\/#website\",\"url\":\"https:\/\/www.rayuelainfancia.com\/blog\/\",\"name\":\"Blog de Rayuelainfancia\",\"description\":\"Libros infantiles y juegos educaticos respestuosos con la infancia\",\"publisher\":{\"@id\":\"https:\/\/www.rayuelainfancia.com\/blog\/#organization\"},\"potentialAction\":[{\"@type\":\"SearchAction\",\"target\":{\"@type\":\"EntryPoint\",\"urlTemplate\":\"https:\/\/www.rayuelainfancia.com\/blog\/?s={search_term_string}\"},\"query-input\":\"required name=search_term_string\"}],\"inLanguage\":\"es\"},{\"@type\":\"ImageObject\",\"@id\":\"https:\/\/www.rayuelainfancia.com\/blog\/primera-exposicion-de-ilustraciones-originales-de-enrique-quevedo\/#primaryimage\",\"inLanguage\":\"es\",\"url\":\"https:\/\/www.rayuelainfancia.com\/blog\/wp-content\/uploads\/2014\/12\/10270659_10152296266316362_1853246345648885863_n.jpg\",\"contentUrl\":\"https:\/\/www.rayuelainfancia.com\/blog\/wp-content\/uploads\/2014\/12\/10270659_10152296266316362_1853246345648885863_n.jpg\",\"width\":960,\"height\":720,\"caption\":\"10270659 10152296266316362 1853246345648885863 n\"},{\"@type\":\"WebPage\",\"@id\":\"https:\/\/www.rayuelainfancia.com\/blog\/primera-exposicion-de-ilustraciones-originales-de-enrique-quevedo\/#webpage\",\"url\":\"https:\/\/www.rayuelainfancia.com\/blog\/primera-exposicion-de-ilustraciones-originales-de-enrique-quevedo\/\",\"name\":\"PRIMERA EXPOSICI\u00d3N DE ILUSTRACIONES ORIGINALES de Enrique Quevedo &#8902; Blog de Rayuelainfancia\",\"isPartOf\":{\"@id\":\"https:\/\/www.rayuelainfancia.com\/blog\/#website\"},\"primaryImageOfPage\":{\"@id\":\"https:\/\/www.rayuelainfancia.com\/blog\/primera-exposicion-de-ilustraciones-originales-de-enrique-quevedo\/#primaryimage\"},\"datePublished\":\"2015-01-27T10:20:50+00:00\",\"dateModified\":\"2016-11-19T13:33:31+00:00\",\"breadcrumb\":{\"@id\":\"https:\/\/www.rayuelainfancia.com\/blog\/primera-exposicion-de-ilustraciones-originales-de-enrique-quevedo\/#breadcrumb\"},\"inLanguage\":\"es\",\"potentialAction\":[{\"@type\":\"ReadAction\",\"target\":[\"https:\/\/www.rayuelainfancia.com\/blog\/primera-exposicion-de-ilustraciones-originales-de-enrique-quevedo\/\"]}]},{\"@type\":\"BreadcrumbList\",\"@id\":\"https:\/\/www.rayuelainfancia.com\/blog\/primera-exposicion-de-ilustraciones-originales-de-enrique-quevedo\/#breadcrumb\",\"itemListElement\":[{\"@type\":\"ListItem\",\"position\":1,\"name\":\"Portada\",\"item\":\"https:\/\/www.rayuelainfancia.com\/blog\/\"},{\"@type\":\"ListItem\",\"position\":2,\"name\":\"PRIMERA EXPOSICI\u00d3N DE ILUSTRACIONES ORIGINALES de Enrique Quevedo\"}]},{\"@type\":\"Article\",\"@id\":\"https:\/\/www.rayuelainfancia.com\/blog\/primera-exposicion-de-ilustraciones-originales-de-enrique-quevedo\/#article\",\"isPartOf\":{\"@id\":\"https:\/\/www.rayuelainfancia.com\/blog\/primera-exposicion-de-ilustraciones-originales-de-enrique-quevedo\/#webpage\"},\"author\":{\"@id\":\"https:\/\/www.rayuelainfancia.com\/blog\/#\/schema\/person\/41147ec5e3c2cc1be6e2c4520a099ebb\"},\"headline\":\"PRIMERA EXPOSICI\u00d3N DE ILUSTRACIONES ORIGINALES de Enrique Quevedo\",\"datePublished\":\"2015-01-27T10:20:50+00:00\",\"dateModified\":\"2016-11-19T13:33:31+00:00\",\"mainEntityOfPage\":{\"@id\":\"https:\/\/www.rayuelainfancia.com\/blog\/primera-exposicion-de-ilustraciones-originales-de-enrique-quevedo\/#webpage\"},\"wordCount\":238,\"commentCount\":0,\"publisher\":{\"@id\":\"https:\/\/www.rayuelainfancia.com\/blog\/#organization\"},\"image\":{\"@id\":\"https:\/\/www.rayuelainfancia.com\/blog\/primera-exposicion-de-ilustraciones-originales-de-enrique-quevedo\/#primaryimage\"},\"thumbnailUrl\":\"https:\/\/www.rayuelainfancia.com\/blog\/wp-content\/uploads\/2014\/12\/10270659_10152296266316362_1853246345648885863_n.jpg\",\"articleSection\":[\"Actividades Cuentacuentos\"],\"inLanguage\":\"es\",\"potentialAction\":[{\"@type\":\"CommentAction\",\"name\":\"Comment\",\"target\":[\"https:\/\/www.rayuelainfancia.com\/blog\/primera-exposicion-de-ilustraciones-originales-de-enrique-quevedo\/#respond\"]}]},{\"@type\":\"Person\",\"@id\":\"https:\/\/www.rayuelainfancia.com\/blog\/#\/schema\/person\/41147ec5e3c2cc1be6e2c4520a099ebb\",\"name\":\"Miguel Escalera Nieto\",\"image\":{\"@type\":\"ImageObject\",\"@id\":\"https:\/\/www.rayuelainfancia.com\/blog\/#personlogo\",\"inLanguage\":\"es\",\"url\":\"https:\/\/secure.gravatar.com\/avatar\/73bd613c804680e46df318e272f0e837?s=96&d=mm&r=g\",\"contentUrl\":\"https:\/\/secure.gravatar.com\/avatar\/73bd613c804680e46df318e272f0e837?s=96&d=mm&r=g\",\"caption\":\"Miguel Escalera Nieto\"}}]}<\/script>\n<!-- \/ Yoast SEO plugin. -->","yoast_head_json":{"title":"PRIMERA EXPOSICI\u00d3N DE ILUSTRACIONES ORIGINALES de Enrique Quevedo &#8902; Blog de Rayuelainfancia","robots":{"index":"index","follow":"follow","max-snippet":"max-snippet:-1","max-image-preview":"max-image-preview:large","max-video-preview":"max-video-preview:-1"},"canonical":"https:\/\/www.rayuelainfancia.com\/blog\/primera-exposicion-de-ilustraciones-originales-de-enrique-quevedo\/","og_locale":"es_ES","og_type":"article","og_title":"PRIMERA EXPOSICI\u00d3N DE ILUSTRACIONES ORIGINALES de Enrique Quevedo &#8902; Blog de Rayuelainfancia","og_description":"PRIMERA EXPOSICI\u00d3N DE ILUSTRACIONES ORIGINALES&nbsp; de Enrique Quevedo Un peque\u00f1o museo ilustrado est\u00e1 aqu\u00ed, en Rayuela, esper\u00e1ndo-te. Desde el martes 11 hasta el jueves 27 de noviembre.El Viernes, 14 de noviembre, a las 20:00 horas, contaremos con la visita del ilustrador. Ilustrador: ENRIQUE QUEVEDOHace apenas unos a\u00f1os que comenz\u00f3 a trabajar en el mundo de [&hellip;]","og_url":"https:\/\/www.rayuelainfancia.com\/blog\/primera-exposicion-de-ilustraciones-originales-de-enrique-quevedo\/","og_site_name":"Blog de Rayuelainfancia","article_publisher":"https:\/\/www.facebook.com\/pages\/Librer\u00eda-Rayuela\/251861686361","article_published_time":"2015-01-27T10:20:50+00:00","article_modified_time":"2016-11-19T13:33:31+00:00","og_image":[{"width":960,"height":720,"url":"https:\/\/www.rayuelainfancia.com\/blog\/wp-content\/uploads\/2014\/12\/10270659_10152296266316362_1853246345648885863_n.jpg","type":"image\/jpeg"}],"twitter_card":"summary","twitter_creator":"@Rayuelainfancia","twitter_site":"@Rayuelainfancia","twitter_misc":{"Written by":"Miguel Escalera Nieto","Est. reading time":"1 minuto"},"schema":{"@context":"https:\/\/schema.org","@graph":[{"@type":"Organization","@id":"https:\/\/www.rayuelainfancia.com\/blog\/#organization","name":"Rayuelainfancia","url":"https:\/\/www.rayuelainfancia.com\/blog\/","sameAs":["https:\/\/www.facebook.com\/pages\/Librer\u00eda-Rayuela\/251861686361","https:\/\/www.youtube.com\/channel\/UCddVaoDjpTp-DexyEVoyazQ","https:\/\/twitter.com\/Rayuelainfancia"],"logo":{"@type":"ImageObject","@id":"https:\/\/www.rayuelainfancia.com\/blog\/#logo","inLanguage":"es","url":"https:\/\/www.rayuelainfancia.com\/blog\/wp-content\/uploads\/2018\/06\/logo-rayuelainfancia-color-corporativo.png","contentUrl":"https:\/\/www.rayuelainfancia.com\/blog\/wp-content\/uploads\/2018\/06\/logo-rayuelainfancia-color-corporativo.png","width":1200,"height":680,"caption":"Rayuelainfancia"},"image":{"@id":"https:\/\/www.rayuelainfancia.com\/blog\/#logo"}},{"@type":"WebSite","@id":"https:\/\/www.rayuelainfancia.com\/blog\/#website","url":"https:\/\/www.rayuelainfancia.com\/blog\/","name":"Blog de Rayuelainfancia","description":"Libros infantiles y juegos educaticos respestuosos con la infancia","publisher":{"@id":"https:\/\/www.rayuelainfancia.com\/blog\/#organization"},"potentialAction":[{"@type":"SearchAction","target":{"@type":"EntryPoint","urlTemplate":"https:\/\/www.rayuelainfancia.com\/blog\/?s={search_term_string}"},"query-input":"required name=search_term_string"}],"inLanguage":"es"},{"@type":"ImageObject","@id":"https:\/\/www.rayuelainfancia.com\/blog\/primera-exposicion-de-ilustraciones-originales-de-enrique-quevedo\/#primaryimage","inLanguage":"es","url":"https:\/\/www.rayuelainfancia.com\/blog\/wp-content\/uploads\/2014\/12\/10270659_10152296266316362_1853246345648885863_n.jpg","contentUrl":"https:\/\/www.rayuelainfancia.com\/blog\/wp-content\/uploads\/2014\/12\/10270659_10152296266316362_1853246345648885863_n.jpg","width":960,"height":720,"caption":"10270659 10152296266316362 1853246345648885863 n"},{"@type":"WebPage","@id":"https:\/\/www.rayuelainfancia.com\/blog\/primera-exposicion-de-ilustraciones-originales-de-enrique-quevedo\/#webpage","url":"https:\/\/www.rayuelainfancia.com\/blog\/primera-exposicion-de-ilustraciones-originales-de-enrique-quevedo\/","name":"PRIMERA EXPOSICI\u00d3N DE ILUSTRACIONES ORIGINALES de Enrique Quevedo &#8902; Blog de Rayuelainfancia","isPartOf":{"@id":"https:\/\/www.rayuelainfancia.com\/blog\/#website"},"primaryImageOfPage":{"@id":"https:\/\/www.rayuelainfancia.com\/blog\/primera-exposicion-de-ilustraciones-originales-de-enrique-quevedo\/#primaryimage"},"datePublished":"2015-01-27T10:20:50+00:00","dateModified":"2016-11-19T13:33:31+00:00","breadcrumb":{"@id":"https:\/\/www.rayuelainfancia.com\/blog\/primera-exposicion-de-ilustraciones-originales-de-enrique-quevedo\/#breadcrumb"},"inLanguage":"es","potentialAction":[{"@type":"ReadAction","target":["https:\/\/www.rayuelainfancia.com\/blog\/primera-exposicion-de-ilustraciones-originales-de-enrique-quevedo\/"]}]},{"@type":"BreadcrumbList","@id":"https:\/\/www.rayuelainfancia.com\/blog\/primera-exposicion-de-ilustraciones-originales-de-enrique-quevedo\/#breadcrumb","itemListElement":[{"@type":"ListItem","position":1,"name":"Portada","item":"https:\/\/www.rayuelainfancia.com\/blog\/"},{"@type":"ListItem","position":2,"name":"PRIMERA EXPOSICI\u00d3N DE ILUSTRACIONES ORIGINALES de Enrique Quevedo"}]},{"@type":"Article","@id":"https:\/\/www.rayuelainfancia.com\/blog\/primera-exposicion-de-ilustraciones-originales-de-enrique-quevedo\/#article","isPartOf":{"@id":"https:\/\/www.rayuelainfancia.com\/blog\/primera-exposicion-de-ilustraciones-originales-de-enrique-quevedo\/#webpage"},"author":{"@id":"https:\/\/www.rayuelainfancia.com\/blog\/#\/schema\/person\/41147ec5e3c2cc1be6e2c4520a099ebb"},"headline":"PRIMERA EXPOSICI\u00d3N DE ILUSTRACIONES ORIGINALES de Enrique Quevedo","datePublished":"2015-01-27T10:20:50+00:00","dateModified":"2016-11-19T13:33:31+00:00","mainEntityOfPage":{"@id":"https:\/\/www.rayuelainfancia.com\/blog\/primera-exposicion-de-ilustraciones-originales-de-enrique-quevedo\/#webpage"},"wordCount":238,"commentCount":0,"publisher":{"@id":"https:\/\/www.rayuelainfancia.com\/blog\/#organization"},"image":{"@id":"https:\/\/www.rayuelainfancia.com\/blog\/primera-exposicion-de-ilustraciones-originales-de-enrique-quevedo\/#primaryimage"},"thumbnailUrl":"https:\/\/www.rayuelainfancia.com\/blog\/wp-content\/uploads\/2014\/12\/10270659_10152296266316362_1853246345648885863_n.jpg","articleSection":["Actividades Cuentacuentos"],"inLanguage":"es","potentialAction":[{"@type":"CommentAction","name":"Comment","target":["https:\/\/www.rayuelainfancia.com\/blog\/primera-exposicion-de-ilustraciones-originales-de-enrique-quevedo\/#respond"]}]},{"@type":"Person","@id":"https:\/\/www.rayuelainfancia.com\/blog\/#\/schema\/person\/41147ec5e3c2cc1be6e2c4520a099ebb","name":"Miguel Escalera Nieto","image":{"@type":"ImageObject","@id":"https:\/\/www.rayuelainfancia.com\/blog\/#personlogo","inLanguage":"es","url":"https:\/\/secure.gravatar.com\/avatar\/73bd613c804680e46df318e272f0e837?s=96&d=mm&r=g","contentUrl":"https:\/\/secure.gravatar.com\/avatar\/73bd613c804680e46df318e272f0e837?s=96&d=mm&r=g","caption":"Miguel Escalera Nieto"}}]}},"_links":{"self":[{"href":"https:\/\/www.rayuelainfancia.com\/blog\/wp-json\/wp\/v2\/posts\/541"}],"collection":[{"href":"https:\/\/www.rayuelainfancia.com\/blog\/wp-json\/wp\/v2\/posts"}],"about":[{"href":"https:\/\/www.rayuelainfancia.com\/blog\/wp-json\/wp\/v2\/types\/post"}],"author":[{"embeddable":true,"href":"https:\/\/www.rayuelainfancia.com\/blog\/wp-json\/wp\/v2\/users\/3"}],"replies":[{"embeddable":true,"href":"https:\/\/www.rayuelainfancia.com\/blog\/wp-json\/wp\/v2\/comments?post=541"}],"version-history":[{"count":1,"href":"https:\/\/www.rayuelainfancia.com\/blog\/wp-json\/wp\/v2\/posts\/541\/revisions"}],"predecessor-version":[{"id":1116,"href":"https:\/\/www.rayuelainfancia.com\/blog\/wp-json\/wp\/v2\/posts\/541\/revisions\/1116"}],"wp:featuredmedia":[{"embeddable":true,"href":"https:\/\/www.rayuelainfancia.com\/blog\/wp-json\/wp\/v2\/media\/855"}],"wp:attachment":[{"href":"https:\/\/www.rayuelainfancia.com\/blog\/wp-json\/wp\/v2\/media?parent=541"}],"wp:term":[{"taxonomy":"category","embeddable":true,"href":"https:\/\/www.rayuelainfancia.com\/blog\/wp-json\/wp\/v2\/categories?post=541"},{"taxonomy":"post_tag","embeddable":true,"href":"https:\/\/www.rayuelainfancia.com\/blog\/wp-json\/wp\/v2\/tags?post=541"}],"curies":[{"name":"wp","href":"https:\/\/api.w.org\/{rel}","templated":true}]}}