 {"id":5408,"date":"2025-05-12T11:16:40","date_gmt":"2025-05-12T09:16:40","guid":{"rendered":"https:\/\/www.rayuelainfancia.com\/blog\/?p=5408"},"modified":"2025-05-12T11:16:53","modified_gmt":"2025-05-12T09:16:53","slug":"presentacion-de-julia-y-los-mortimort-5","status":"publish","type":"post","link":"https:\/\/www.rayuelainfancia.com\/blog\/presentacion-de-julia-y-los-mortimort-5\/","title":{"rendered":"PRESENTACI\u00d3N DE JULIA Y LOS MORTIMORT 5"},"content":{"rendered":"<p>Este <strong>viernes 16 de Mayo<\/strong> ven a <strong>Rayuela<\/strong> y no te pierdas la presentaci\u00f3n mundial exclusiva de uno de los libros m\u00e1s esperados del a\u00f1o&#8230; <strong>Julia y los Mortimort 5.<\/strong><!--more--><\/p>\n<p>Si te gusta esta saga de libros terror\u00edficamente divertidos, <strong>no puedes perderte la presentaci\u00f3<\/strong>n de la quinta entrega&#8230; <a href=\"https:\/\/www.rayuelainfancia.com\/lectores-iniciados-7\/1419435-julia-y-los-mortimort-5.html\">Julia y los Mortimort 5: Una fiesta de miedo<\/a>. Contaremos con la presencia de la autora Raquel D\u00edaz Reguera, que como es habitual, tiene preparadas para la ocasi\u00f3n incre\u00edbles sorpresas.<\/p>\n<p><img loading=\"lazy\" class=\"alignnone size-full wp-image-5410 aligncenter\" src=\"http:\/\/www.rayuelainfancia.com\/blog\/wp-content\/uploads\/2025\/05\/495284944_1137048825109498_4906022606016484647_n.jpg\" alt=\"\" width=\"828\" height=\"1144\" srcset=\"https:\/\/www.rayuelainfancia.com\/blog\/wp-content\/uploads\/2025\/05\/495284944_1137048825109498_4906022606016484647_n.jpg 828w, https:\/\/www.rayuelainfancia.com\/blog\/wp-content\/uploads\/2025\/05\/495284944_1137048825109498_4906022606016484647_n-217x300.jpg 217w, https:\/\/www.rayuelainfancia.com\/blog\/wp-content\/uploads\/2025\/05\/495284944_1137048825109498_4906022606016484647_n-741x1024.jpg 741w, https:\/\/www.rayuelainfancia.com\/blog\/wp-content\/uploads\/2025\/05\/495284944_1137048825109498_4906022606016484647_n-768x1061.jpg 768w\" sizes=\"(max-width: 828px) 100vw, 828px\" \/><\/p>\n<h2>Presentaci\u00f3n Mundial de Julia y los Mortimort 5<\/h2>\n<p>Esta nueva entrega de la serie, vuelve para enganchar a los lectores y lectoras con <strong>aventuras repletas de magia y monstruos<\/strong> \u00a1para morirse de risa! Unas lecturas muy din\u00e1micas con muchas ilustraciones a color.<\/p>\n<p><a href=\"https:\/\/www.rayuelainfancia.com\/lectores-iniciados-7\/1419435-julia-y-los-mortimort-5.html\"><img loading=\"lazy\" class=\"aligncenter wp-image-5409\" src=\"http:\/\/www.rayuelainfancia.com\/blog\/wp-content\/uploads\/2025\/05\/91csSjHQmkL._AC_UF8941000_QL80_.jpg\" alt=\"Julia y los Mortimort 5 \" width=\"549\" height=\"803\" \/><\/a><\/p>\n<blockquote>\n<p style=\"text-align: center;\">\u00a1Hola!<\/p>\n<p style=\"text-align: center;\">Me llamo Julia Mortimort y por primera vez voy a ir&#8230; \u00a1a la LEGENDARIA fiesta de disfraces de Lord Dorian!<\/p>\n<p style=\"text-align: center;\">Hace muchos a\u00f1os que nuestro antepasado dej\u00f3 de celebrar su NO cumplea\u00f1os sin ninguna explicaci\u00f3n, aunque este a\u00f1o ha decidido volver a hacerlo (\u00bfpor qu\u00e9 ser\u00e1?).<\/p>\n<p style=\"text-align: center;\">Mi familia est\u00e1 muy emocionada (\u00a1especialmente la abuela!), pero lo que no saben es que hace un par de semanas dejamos escapar a un espectro de Finesvania y&#8230;<\/p>\n<p style=\"text-align: center;\">\u00a1Estamos en peligro!<\/p>\n<p style=\"text-align: center;\">\u00bfConseguiremos atraparlo sin que sufra ning\u00f1un da\u00f1o?<\/p>\n<\/blockquote>\n<h3>Presentaci\u00f3n en Rayuela con Raquel D\u00edaz Reguera<\/h3>\n<p>Este <strong>viernes 16 de Mayo a las 19:00h.<\/strong> te esperamos en Rayuela para disfrutar de esta presentaci\u00f3n junto a la autora que ser\u00e1, sin duda, inolvidable \u00a1Y llena de sorpresas!<strong> \u00a1Ll\u00e9vate tu amuleto Mortimort y tu libro firmado!\u00a0<\/strong><\/p>\n<p><strong>Cu\u00e1ndo:<\/strong> viernes 16 de Mayo a las 19:00h<\/p>\n<p><strong>D\u00f3nde:<\/strong> Librer\u00eda Rayuela C\/Jos\u00e9 Luis Luque 6, Sevilla<\/p>\n<p><strong>Para qui\u00e9n:<\/strong> una actividad para p\u00fablico familiar, especialmente recomendada a partir de 6 a\u00f1os<\/p>\n<p><strong>Entrada libre hasta completar aforo<\/strong> (no hace falta reserva)<\/p>\n","protected":false},"excerpt":{"rendered":"<p>Este viernes 16 de Mayo ven a Rayuela y no te pierdas la presentaci\u00f3n mundial exclusiva de uno de los libros m\u00e1s esperados del a\u00f1o&#8230; Julia y los Mortimort 5.<\/p>\n","protected":false},"author":6,"featured_media":5411,"comment_status":"open","ping_status":"open","sticky":true,"template":"","format":"standard","meta":[],"categories":[18,21],"tags":[134,28,86,50,60,29,112,70,116,33],"yoast_head":"<!-- This site is optimized with the Yoast SEO plugin v18.5.1 - https:\/\/yoast.com\/wordpress\/plugins\/seo\/ -->\n<title>PRESENTACI\u00d3N DE JULIA Y LOS MORTIMORT 5 &#8902; Blog de Rayuelainfancia<\/title>\n<meta name=\"description\" content=\"Este viernes 16 de Mayo ven a Rayuela y no te pierdas la presentaci\u00f3n mundial exclusiva de Julia y los Mortimort 5 \u00a1No faltes!\" \/>\n<meta name=\"robots\" content=\"index, follow, max-snippet:-1, max-image-preview:large, max-video-preview:-1\" \/>\n<link rel=\"canonical\" href=\"https:\/\/www.rayuelainfancia.com\/blog\/presentacion-de-julia-y-los-mortimort-5\/\" \/>\n<meta property=\"og:locale\" content=\"es_ES\" \/>\n<meta property=\"og:type\" content=\"article\" \/>\n<meta property=\"og:title\" content=\"PRESENTACI\u00d3N DE JULIA Y LOS MORTIMORT 5 &#8902; Blog de Rayuelainfancia\" \/>\n<meta property=\"og:description\" content=\"Este viernes 16 de Mayo ven a Rayuela y no te pierdas la presentaci\u00f3n mundial exclusiva de Julia y los Mortimort 5 \u00a1No faltes!\" \/>\n<meta property=\"og:url\" content=\"https:\/\/www.rayuelainfancia.com\/blog\/presentacion-de-julia-y-los-mortimort-5\/\" \/>\n<meta property=\"og:site_name\" content=\"Blog de Rayuelainfancia\" \/>\n<meta property=\"article:publisher\" content=\"https:\/\/www.facebook.com\/pages\/Librer\u00eda-Rayuela\/251861686361\" \/>\n<meta property=\"article:published_time\" content=\"2025-05-12T09:16:40+00:00\" \/>\n<meta property=\"article:modified_time\" content=\"2025-05-12T09:16:53+00:00\" \/>\n<meta property=\"og:image\" content=\"http:\/\/www.rayuelainfancia.com\/blog\/wp-content\/uploads\/2025\/05\/julia-mortimort-5.png\" \/>\n\t<meta property=\"og:image:width\" content=\"750\" \/>\n\t<meta property=\"og:image:height\" content=\"410\" \/>\n\t<meta property=\"og:image:type\" content=\"image\/png\" \/>\n<meta name=\"twitter:card\" content=\"summary\" \/>\n<meta name=\"twitter:creator\" content=\"@Rayuelainfancia\" \/>\n<meta name=\"twitter:site\" content=\"@Rayuelainfancia\" \/>\n<meta name=\"twitter:label1\" content=\"Written by\" \/>\n\t<meta name=\"twitter:data1\" content=\"Rayuelainfancia\" \/>\n\t<meta name=\"twitter:label2\" content=\"Est. reading time\" \/>\n\t<meta name=\"twitter:data2\" content=\"2 minutos\" \/>\n<script type=\"application\/ld+json\" class=\"yoast-schema-graph\">{\"@context\":\"https:\/\/schema.org\",\"@graph\":[{\"@type\":\"Organization\",\"@id\":\"https:\/\/www.rayuelainfancia.com\/blog\/#organization\",\"name\":\"Rayuelainfancia\",\"url\":\"https:\/\/www.rayuelainfancia.com\/blog\/\",\"sameAs\":[\"https:\/\/www.facebook.com\/pages\/Librer\u00eda-Rayuela\/251861686361\",\"https:\/\/www.youtube.com\/channel\/UCddVaoDjpTp-DexyEVoyazQ\",\"https:\/\/twitter.com\/Rayuelainfancia\"],\"logo\":{\"@type\":\"ImageObject\",\"@id\":\"https:\/\/www.rayuelainfancia.com\/blog\/#logo\",\"inLanguage\":\"es\",\"url\":\"https:\/\/www.rayuelainfancia.com\/blog\/wp-content\/uploads\/2018\/06\/logo-rayuelainfancia-color-corporativo.png\",\"contentUrl\":\"https:\/\/www.rayuelainfancia.com\/blog\/wp-content\/uploads\/2018\/06\/logo-rayuelainfancia-color-corporativo.png\",\"width\":1200,\"height\":680,\"caption\":\"Rayuelainfancia\"},\"image\":{\"@id\":\"https:\/\/www.rayuelainfancia.com\/blog\/#logo\"}},{\"@type\":\"WebSite\",\"@id\":\"https:\/\/www.rayuelainfancia.com\/blog\/#website\",\"url\":\"https:\/\/www.rayuelainfancia.com\/blog\/\",\"name\":\"Blog de Rayuelainfancia\",\"description\":\"Libros infantiles y juegos educaticos respestuosos con la infancia\",\"publisher\":{\"@id\":\"https:\/\/www.rayuelainfancia.com\/blog\/#organization\"},\"potentialAction\":[{\"@type\":\"SearchAction\",\"target\":{\"@type\":\"EntryPoint\",\"urlTemplate\":\"https:\/\/www.rayuelainfancia.com\/blog\/?s={search_term_string}\"},\"query-input\":\"required name=search_term_string\"}],\"inLanguage\":\"es\"},{\"@type\":\"ImageObject\",\"@id\":\"https:\/\/www.rayuelainfancia.com\/blog\/presentacion-de-julia-y-los-mortimort-5\/#primaryimage\",\"inLanguage\":\"es\",\"url\":\"https:\/\/www.rayuelainfancia.com\/blog\/wp-content\/uploads\/2025\/05\/julia-mortimort-5.png\",\"contentUrl\":\"https:\/\/www.rayuelainfancia.com\/blog\/wp-content\/uploads\/2025\/05\/julia-mortimort-5.png\",\"width\":750,\"height\":410},{\"@type\":\"WebPage\",\"@id\":\"https:\/\/www.rayuelainfancia.com\/blog\/presentacion-de-julia-y-los-mortimort-5\/#webpage\",\"url\":\"https:\/\/www.rayuelainfancia.com\/blog\/presentacion-de-julia-y-los-mortimort-5\/\",\"name\":\"PRESENTACI\u00d3N DE JULIA Y LOS MORTIMORT 5 &#8902; Blog de Rayuelainfancia\",\"isPartOf\":{\"@id\":\"https:\/\/www.rayuelainfancia.com\/blog\/#website\"},\"primaryImageOfPage\":{\"@id\":\"https:\/\/www.rayuelainfancia.com\/blog\/presentacion-de-julia-y-los-mortimort-5\/#primaryimage\"},\"datePublished\":\"2025-05-12T09:16:40+00:00\",\"dateModified\":\"2025-05-12T09:16:53+00:00\",\"description\":\"Este viernes 16 de Mayo ven a Rayuela y no te pierdas la presentaci\u00f3n mundial exclusiva de Julia y los Mortimort 5 \u00a1No faltes!\",\"breadcrumb\":{\"@id\":\"https:\/\/www.rayuelainfancia.com\/blog\/presentacion-de-julia-y-los-mortimort-5\/#breadcrumb\"},\"inLanguage\":\"es\",\"potentialAction\":[{\"@type\":\"ReadAction\",\"target\":[\"https:\/\/www.rayuelainfancia.com\/blog\/presentacion-de-julia-y-los-mortimort-5\/\"]}]},{\"@type\":\"BreadcrumbList\",\"@id\":\"https:\/\/www.rayuelainfancia.com\/blog\/presentacion-de-julia-y-los-mortimort-5\/#breadcrumb\",\"itemListElement\":[{\"@type\":\"ListItem\",\"position\":1,\"name\":\"Portada\",\"item\":\"https:\/\/www.rayuelainfancia.com\/blog\/\"},{\"@type\":\"ListItem\",\"position\":2,\"name\":\"PRESENTACI\u00d3N DE JULIA Y LOS MORTIMORT 5\"}]},{\"@type\":\"Article\",\"@id\":\"https:\/\/www.rayuelainfancia.com\/blog\/presentacion-de-julia-y-los-mortimort-5\/#article\",\"isPartOf\":{\"@id\":\"https:\/\/www.rayuelainfancia.com\/blog\/presentacion-de-julia-y-los-mortimort-5\/#webpage\"},\"author\":{\"@id\":\"https:\/\/www.rayuelainfancia.com\/blog\/#\/schema\/person\/c1aff250c5154e35f53f26d0eba10c45\"},\"headline\":\"PRESENTACI\u00d3N DE JULIA Y LOS MORTIMORT 5\",\"datePublished\":\"2025-05-12T09:16:40+00:00\",\"dateModified\":\"2025-05-12T09:16:53+00:00\",\"mainEntityOfPage\":{\"@id\":\"https:\/\/www.rayuelainfancia.com\/blog\/presentacion-de-julia-y-los-mortimort-5\/#webpage\"},\"wordCount\":315,\"commentCount\":0,\"publisher\":{\"@id\":\"https:\/\/www.rayuelainfancia.com\/blog\/#organization\"},\"image\":{\"@id\":\"https:\/\/www.rayuelainfancia.com\/blog\/presentacion-de-julia-y-los-mortimort-5\/#primaryimage\"},\"thumbnailUrl\":\"https:\/\/www.rayuelainfancia.com\/blog\/wp-content\/uploads\/2025\/05\/julia-mortimort-5.png\",\"keywords\":[\"actividades para ni\u00f1os y ni\u00f1as\",\"libros\",\"libros para ni\u00f1os\",\"lij\",\"literatura\",\"literatura infantil\",\"raquel diaz reguera\",\"rayuela\",\"rayuelainfancia\",\"sevilla\"],\"articleSection\":[\"Actividades Cuentacuentos\",\"Literatura Infantil\"],\"inLanguage\":\"es\",\"potentialAction\":[{\"@type\":\"CommentAction\",\"name\":\"Comment\",\"target\":[\"https:\/\/www.rayuelainfancia.com\/blog\/presentacion-de-julia-y-los-mortimort-5\/#respond\"]}]},{\"@type\":\"Person\",\"@id\":\"https:\/\/www.rayuelainfancia.com\/blog\/#\/schema\/person\/c1aff250c5154e35f53f26d0eba10c45\",\"name\":\"Rayuelainfancia\",\"image\":{\"@type\":\"ImageObject\",\"@id\":\"https:\/\/www.rayuelainfancia.com\/blog\/#personlogo\",\"inLanguage\":\"es\",\"url\":\"https:\/\/secure.gravatar.com\/avatar\/8bf03e7a4bb13ca5c7d0dc6acde2bfd1?s=96&d=mm&r=g\",\"contentUrl\":\"https:\/\/secure.gravatar.com\/avatar\/8bf03e7a4bb13ca5c7d0dc6acde2bfd1?s=96&d=mm&r=g\",\"caption\":\"Rayuelainfancia\"}}]}<\/script>\n<!-- \/ Yoast SEO plugin. -->","yoast_head_json":{"title":"PRESENTACI\u00d3N DE JULIA Y LOS MORTIMORT 5 &#8902; Blog de Rayuelainfancia","description":"Este viernes 16 de Mayo ven a Rayuela y no te pierdas la presentaci\u00f3n mundial exclusiva de Julia y los Mortimort 5 \u00a1No faltes!","robots":{"index":"index","follow":"follow","max-snippet":"max-snippet:-1","max-image-preview":"max-image-preview:large","max-video-preview":"max-video-preview:-1"},"canonical":"https:\/\/www.rayuelainfancia.com\/blog\/presentacion-de-julia-y-los-mortimort-5\/","og_locale":"es_ES","og_type":"article","og_title":"PRESENTACI\u00d3N DE JULIA Y LOS MORTIMORT 5 &#8902; Blog de Rayuelainfancia","og_description":"Este viernes 16 de Mayo ven a Rayuela y no te pierdas la presentaci\u00f3n mundial exclusiva de Julia y los Mortimort 5 \u00a1No faltes!","og_url":"https:\/\/www.rayuelainfancia.com\/blog\/presentacion-de-julia-y-los-mortimort-5\/","og_site_name":"Blog de Rayuelainfancia","article_publisher":"https:\/\/www.facebook.com\/pages\/Librer\u00eda-Rayuela\/251861686361","article_published_time":"2025-05-12T09:16:40+00:00","article_modified_time":"2025-05-12T09:16:53+00:00","og_image":[{"width":750,"height":410,"url":"http:\/\/www.rayuelainfancia.com\/blog\/wp-content\/uploads\/2025\/05\/julia-mortimort-5.png","type":"image\/png"}],"twitter_card":"summary","twitter_creator":"@Rayuelainfancia","twitter_site":"@Rayuelainfancia","twitter_misc":{"Written by":"Rayuelainfancia","Est. reading time":"2 minutos"},"schema":{"@context":"https:\/\/schema.org","@graph":[{"@type":"Organization","@id":"https:\/\/www.rayuelainfancia.com\/blog\/#organization","name":"Rayuelainfancia","url":"https:\/\/www.rayuelainfancia.com\/blog\/","sameAs":["https:\/\/www.facebook.com\/pages\/Librer\u00eda-Rayuela\/251861686361","https:\/\/www.youtube.com\/channel\/UCddVaoDjpTp-DexyEVoyazQ","https:\/\/twitter.com\/Rayuelainfancia"],"logo":{"@type":"ImageObject","@id":"https:\/\/www.rayuelainfancia.com\/blog\/#logo","inLanguage":"es","url":"https:\/\/www.rayuelainfancia.com\/blog\/wp-content\/uploads\/2018\/06\/logo-rayuelainfancia-color-corporativo.png","contentUrl":"https:\/\/www.rayuelainfancia.com\/blog\/wp-content\/uploads\/2018\/06\/logo-rayuelainfancia-color-corporativo.png","width":1200,"height":680,"caption":"Rayuelainfancia"},"image":{"@id":"https:\/\/www.rayuelainfancia.com\/blog\/#logo"}},{"@type":"WebSite","@id":"https:\/\/www.rayuelainfancia.com\/blog\/#website","url":"https:\/\/www.rayuelainfancia.com\/blog\/","name":"Blog de Rayuelainfancia","description":"Libros infantiles y juegos educaticos respestuosos con la infancia","publisher":{"@id":"https:\/\/www.rayuelainfancia.com\/blog\/#organization"},"potentialAction":[{"@type":"SearchAction","target":{"@type":"EntryPoint","urlTemplate":"https:\/\/www.rayuelainfancia.com\/blog\/?s={search_term_string}"},"query-input":"required name=search_term_string"}],"inLanguage":"es"},{"@type":"ImageObject","@id":"https:\/\/www.rayuelainfancia.com\/blog\/presentacion-de-julia-y-los-mortimort-5\/#primaryimage","inLanguage":"es","url":"https:\/\/www.rayuelainfancia.com\/blog\/wp-content\/uploads\/2025\/05\/julia-mortimort-5.png","contentUrl":"https:\/\/www.rayuelainfancia.com\/blog\/wp-content\/uploads\/2025\/05\/julia-mortimort-5.png","width":750,"height":410},{"@type":"WebPage","@id":"https:\/\/www.rayuelainfancia.com\/blog\/presentacion-de-julia-y-los-mortimort-5\/#webpage","url":"https:\/\/www.rayuelainfancia.com\/blog\/presentacion-de-julia-y-los-mortimort-5\/","name":"PRESENTACI\u00d3N DE JULIA Y LOS MORTIMORT 5 &#8902; Blog de Rayuelainfancia","isPartOf":{"@id":"https:\/\/www.rayuelainfancia.com\/blog\/#website"},"primaryImageOfPage":{"@id":"https:\/\/www.rayuelainfancia.com\/blog\/presentacion-de-julia-y-los-mortimort-5\/#primaryimage"},"datePublished":"2025-05-12T09:16:40+00:00","dateModified":"2025-05-12T09:16:53+00:00","description":"Este viernes 16 de Mayo ven a Rayuela y no te pierdas la presentaci\u00f3n mundial exclusiva de Julia y los Mortimort 5 \u00a1No faltes!","breadcrumb":{"@id":"https:\/\/www.rayuelainfancia.com\/blog\/presentacion-de-julia-y-los-mortimort-5\/#breadcrumb"},"inLanguage":"es","potentialAction":[{"@type":"ReadAction","target":["https:\/\/www.rayuelainfancia.com\/blog\/presentacion-de-julia-y-los-mortimort-5\/"]}]},{"@type":"BreadcrumbList","@id":"https:\/\/www.rayuelainfancia.com\/blog\/presentacion-de-julia-y-los-mortimort-5\/#breadcrumb","itemListElement":[{"@type":"ListItem","position":1,"name":"Portada","item":"https:\/\/www.rayuelainfancia.com\/blog\/"},{"@type":"ListItem","position":2,"name":"PRESENTACI\u00d3N DE JULIA Y LOS MORTIMORT 5"}]},{"@type":"Article","@id":"https:\/\/www.rayuelainfancia.com\/blog\/presentacion-de-julia-y-los-mortimort-5\/#article","isPartOf":{"@id":"https:\/\/www.rayuelainfancia.com\/blog\/presentacion-de-julia-y-los-mortimort-5\/#webpage"},"author":{"@id":"https:\/\/www.rayuelainfancia.com\/blog\/#\/schema\/person\/c1aff250c5154e35f53f26d0eba10c45"},"headline":"PRESENTACI\u00d3N DE JULIA Y LOS MORTIMORT 5","datePublished":"2025-05-12T09:16:40+00:00","dateModified":"2025-05-12T09:16:53+00:00","mainEntityOfPage":{"@id":"https:\/\/www.rayuelainfancia.com\/blog\/presentacion-de-julia-y-los-mortimort-5\/#webpage"},"wordCount":315,"commentCount":0,"publisher":{"@id":"https:\/\/www.rayuelainfancia.com\/blog\/#organization"},"image":{"@id":"https:\/\/www.rayuelainfancia.com\/blog\/presentacion-de-julia-y-los-mortimort-5\/#primaryimage"},"thumbnailUrl":"https:\/\/www.rayuelainfancia.com\/blog\/wp-content\/uploads\/2025\/05\/julia-mortimort-5.png","keywords":["actividades para ni\u00f1os y ni\u00f1as","libros","libros para ni\u00f1os","lij","literatura","literatura infantil","raquel diaz reguera","rayuela","rayuelainfancia","sevilla"],"articleSection":["Actividades Cuentacuentos","Literatura Infantil"],"inLanguage":"es","potentialAction":[{"@type":"CommentAction","name":"Comment","target":["https:\/\/www.rayuelainfancia.com\/blog\/presentacion-de-julia-y-los-mortimort-5\/#respond"]}]},{"@type":"Person","@id":"https:\/\/www.rayuelainfancia.com\/blog\/#\/schema\/person\/c1aff250c5154e35f53f26d0eba10c45","name":"Rayuelainfancia","image":{"@type":"ImageObject","@id":"https:\/\/www.rayuelainfancia.com\/blog\/#personlogo","inLanguage":"es","url":"https:\/\/secure.gravatar.com\/avatar\/8bf03e7a4bb13ca5c7d0dc6acde2bfd1?s=96&d=mm&r=g","contentUrl":"https:\/\/secure.gravatar.com\/avatar\/8bf03e7a4bb13ca5c7d0dc6acde2bfd1?s=96&d=mm&r=g","caption":"Rayuelainfancia"}}]}},"_links":{"self":[{"href":"https:\/\/www.rayuelainfancia.com\/blog\/wp-json\/wp\/v2\/posts\/5408"}],"collection":[{"href":"https:\/\/www.rayuelainfancia.com\/blog\/wp-json\/wp\/v2\/posts"}],"about":[{"href":"https:\/\/www.rayuelainfancia.com\/blog\/wp-json\/wp\/v2\/types\/post"}],"author":[{"embeddable":true,"href":"https:\/\/www.rayuelainfancia.com\/blog\/wp-json\/wp\/v2\/users\/6"}],"replies":[{"embeddable":true,"href":"https:\/\/www.rayuelainfancia.com\/blog\/wp-json\/wp\/v2\/comments?post=5408"}],"version-history":[{"count":1,"href":"https:\/\/www.rayuelainfancia.com\/blog\/wp-json\/wp\/v2\/posts\/5408\/revisions"}],"predecessor-version":[{"id":5412,"href":"https:\/\/www.rayuelainfancia.com\/blog\/wp-json\/wp\/v2\/posts\/5408\/revisions\/5412"}],"wp:featuredmedia":[{"embeddable":true,"href":"https:\/\/www.rayuelainfancia.com\/blog\/wp-json\/wp\/v2\/media\/5411"}],"wp:attachment":[{"href":"https:\/\/www.rayuelainfancia.com\/blog\/wp-json\/wp\/v2\/media?parent=5408"}],"wp:term":[{"taxonomy":"category","embeddable":true,"href":"https:\/\/www.rayuelainfancia.com\/blog\/wp-json\/wp\/v2\/categories?post=5408"},{"taxonomy":"post_tag","embeddable":true,"href":"https:\/\/www.rayuelainfancia.com\/blog\/wp-json\/wp\/v2\/tags?post=5408"}],"curies":[{"name":"wp","href":"https:\/\/api.w.org\/{rel}","templated":true}]}}