 {"id":5404,"date":"2025-03-17T13:01:36","date_gmt":"2025-03-17T12:01:36","guid":{"rendered":"https:\/\/www.rayuelainfancia.com\/blog\/?p=5404"},"modified":"2025-05-12T11:16:58","modified_gmt":"2025-05-12T09:16:58","slug":"presentacion-de-la-tribu-de-kai-4","status":"publish","type":"post","link":"https:\/\/www.rayuelainfancia.com\/blog\/presentacion-de-la-tribu-de-kai-4\/","title":{"rendered":"PRESENTACI\u00d3N DE LA TRIBU DE KAI 4"},"content":{"rendered":"<p>Este<strong> s\u00e1bado 22 de Marzo a las 12:00h<\/strong>. te invitamos en primicia a la presentaci\u00f3n de <strong>La tribu de Kai 4 con Raquel D\u00edaz Reguera<\/strong>. Ven a disfrutar junto a su autora de esta prehist\u00f3rica saga ideal para primeros lectores.<!--more--><\/p>\n<h2>Presentaci\u00f3n de La tribu de Kai 4<\/h2>\n<p>Por fin ha llegado la cuarta entrega de esta saga repleta de <strong>aventuras y diversi\u00f3n.<\/strong> Se titula Brumm Takat\u00e1 y como promete su t\u00edtulo es una lectura divertida y llena de emociones prehist\u00f3ricas para los primeros lectores y lectoras.<\/p>\n<blockquote>\n<p style=\"text-align: center;\"><span style=\"color: #008080;\">Ven a formar parte de la tribu de Kai. Descubre tu nombre cavern\u00edcola y muestra al resto de la tribu qu\u00e9 invento vas a aportar a la historia.<\/span><\/p>\n<p><img loading=\"lazy\" class=\"alignnone size-full wp-image-5405 aligncenter\" src=\"http:\/\/www.rayuelainfancia.com\/blog\/wp-content\/uploads\/2025\/03\/facebook-tribu-kai-4.png\" alt=\"\" width=\"940\" height=\"788\" srcset=\"https:\/\/www.rayuelainfancia.com\/blog\/wp-content\/uploads\/2025\/03\/facebook-tribu-kai-4.png 940w, https:\/\/www.rayuelainfancia.com\/blog\/wp-content\/uploads\/2025\/03\/facebook-tribu-kai-4-300x251.png 300w, https:\/\/www.rayuelainfancia.com\/blog\/wp-content\/uploads\/2025\/03\/facebook-tribu-kai-4-768x644.png 768w\" sizes=\"(max-width: 940px) 100vw, 940px\" \/><\/p><\/blockquote>\n<p>Escrito por <span style=\"color: #ff6600;\"><a style=\"color: #ff6600;\" href=\"https:\/\/www.rayuelainfancia.com\/74-raquel-diaz-reguera\"><strong>Raquel D\u00edaz Reguera<\/strong><\/a><\/span> e ilustrado por <a href=\"https:\/\/www.instagram.com\/_lucia_serrano\/?hl=es\"><strong>Luc\u00eda Serrano<\/strong><\/a>, este libro que pertenece a la saga <strong>La tribu de Kai <\/strong>editada por Flamboyant, lo estaban esperando muchos y muchas con gran inter\u00e9s. Tenemos la suerte de contar con la autora, Raquel D\u00edaz Reguera, que como siempre sabr\u00e1 implicar al p\u00fablico familiar en esta historia que nace de su imaginaci\u00f3n y creatividad y que os encantar\u00e1 leer despu\u00e9s en casa. Ser\u00e1 en la ma\u00f1ana del s\u00e1bado 22 de Marzo a las 12:00h. en nuestra librer\u00eda. Te esperamos con los brazos abiertos y muchas ganas de compartir esta historia.<\/p>\n<h3>Presentaci\u00f3n de La tribu de Kai 4 en Rayuela<\/h3>\n<p><strong>Cu\u00e1ndo:<\/strong> s\u00e1bado 22 de marzo a las 12:00h.<\/p>\n<p><strong>D\u00f3nde:<\/strong> Librer\u00eda Rayuela C\/ Jos\u00e9 Luis Luque 6, 41003 Sevilla<\/p>\n<p>Para p\u00fablico familiar<strong> a partir de 5 a\u00f1os<\/strong><\/p>\n<p><strong>Entrada libre<\/strong> hasta completar aforo<\/p>\n<p>&nbsp;<\/p>\n","protected":false},"excerpt":{"rendered":"<p>Este s\u00e1bado 22 de Marzo a las 12:00h. te invitamos en primicia a la presentaci\u00f3n de La tribu de Kai 4 con Raquel D\u00edaz Reguera. Ven a disfrutar junto a su autora de esta prehist\u00f3rica saga ideal para primeros lectores.<\/p>\n","protected":false},"author":6,"featured_media":5406,"comment_status":"open","ping_status":"open","sticky":false,"template":"","format":"standard","meta":[],"categories":[18,21],"tags":[37,71,32,68,28,50,80,112,116,33],"yoast_head":"<!-- This site is optimized with the Yoast SEO plugin v18.5.1 - https:\/\/yoast.com\/wordpress\/plugins\/seo\/ -->\n<title>PRESENTACI\u00d3N DE LA TRIBU DE KAI 4 &#8902; Blog de Rayuelainfancia<\/title>\n<meta name=\"description\" content=\"Este s\u00e1bado 22 de Marzo a las 12:00h. te invitamos en primicia a la presentaci\u00f3n de La tribu de Kai 4 con Raquel D\u00edaz Reguera.\" \/>\n<meta name=\"robots\" content=\"index, follow, max-snippet:-1, max-image-preview:large, max-video-preview:-1\" \/>\n<link rel=\"canonical\" href=\"https:\/\/www.rayuelainfancia.com\/blog\/presentacion-de-la-tribu-de-kai-4\/\" \/>\n<meta property=\"og:locale\" content=\"es_ES\" \/>\n<meta property=\"og:type\" content=\"article\" \/>\n<meta property=\"og:title\" content=\"PRESENTACI\u00d3N DE LA TRIBU DE KAI 4 &#8902; Blog de Rayuelainfancia\" \/>\n<meta property=\"og:description\" content=\"Este s\u00e1bado 22 de Marzo a las 12:00h. te invitamos en primicia a la presentaci\u00f3n de La tribu de Kai 4 con Raquel D\u00edaz Reguera.\" \/>\n<meta property=\"og:url\" content=\"https:\/\/www.rayuelainfancia.com\/blog\/presentacion-de-la-tribu-de-kai-4\/\" \/>\n<meta property=\"og:site_name\" content=\"Blog de Rayuelainfancia\" \/>\n<meta property=\"article:publisher\" content=\"https:\/\/www.facebook.com\/pages\/Librer\u00eda-Rayuela\/251861686361\" \/>\n<meta property=\"article:published_time\" content=\"2025-03-17T12:01:36+00:00\" \/>\n<meta property=\"article:modified_time\" content=\"2025-05-12T09:16:58+00:00\" \/>\n<meta property=\"og:image\" content=\"http:\/\/www.rayuelainfancia.com\/blog\/wp-content\/uploads\/2025\/03\/BLOG-TRIBU-KAI-4.png\" \/>\n\t<meta property=\"og:image:width\" content=\"750\" \/>\n\t<meta property=\"og:image:height\" content=\"410\" \/>\n\t<meta property=\"og:image:type\" content=\"image\/png\" \/>\n<meta name=\"twitter:card\" content=\"summary\" \/>\n<meta name=\"twitter:creator\" content=\"@Rayuelainfancia\" \/>\n<meta name=\"twitter:site\" content=\"@Rayuelainfancia\" \/>\n<meta name=\"twitter:label1\" content=\"Written by\" \/>\n\t<meta name=\"twitter:data1\" content=\"Rayuelainfancia\" \/>\n\t<meta name=\"twitter:label2\" content=\"Est. reading time\" \/>\n\t<meta name=\"twitter:data2\" content=\"1 minuto\" \/>\n<script type=\"application\/ld+json\" class=\"yoast-schema-graph\">{\"@context\":\"https:\/\/schema.org\",\"@graph\":[{\"@type\":\"Organization\",\"@id\":\"https:\/\/www.rayuelainfancia.com\/blog\/#organization\",\"name\":\"Rayuelainfancia\",\"url\":\"https:\/\/www.rayuelainfancia.com\/blog\/\",\"sameAs\":[\"https:\/\/www.facebook.com\/pages\/Librer\u00eda-Rayuela\/251861686361\",\"https:\/\/www.youtube.com\/channel\/UCddVaoDjpTp-DexyEVoyazQ\",\"https:\/\/twitter.com\/Rayuelainfancia\"],\"logo\":{\"@type\":\"ImageObject\",\"@id\":\"https:\/\/www.rayuelainfancia.com\/blog\/#logo\",\"inLanguage\":\"es\",\"url\":\"https:\/\/www.rayuelainfancia.com\/blog\/wp-content\/uploads\/2018\/06\/logo-rayuelainfancia-color-corporativo.png\",\"contentUrl\":\"https:\/\/www.rayuelainfancia.com\/blog\/wp-content\/uploads\/2018\/06\/logo-rayuelainfancia-color-corporativo.png\",\"width\":1200,\"height\":680,\"caption\":\"Rayuelainfancia\"},\"image\":{\"@id\":\"https:\/\/www.rayuelainfancia.com\/blog\/#logo\"}},{\"@type\":\"WebSite\",\"@id\":\"https:\/\/www.rayuelainfancia.com\/blog\/#website\",\"url\":\"https:\/\/www.rayuelainfancia.com\/blog\/\",\"name\":\"Blog de Rayuelainfancia\",\"description\":\"Libros infantiles y juegos educaticos respestuosos con la infancia\",\"publisher\":{\"@id\":\"https:\/\/www.rayuelainfancia.com\/blog\/#organization\"},\"potentialAction\":[{\"@type\":\"SearchAction\",\"target\":{\"@type\":\"EntryPoint\",\"urlTemplate\":\"https:\/\/www.rayuelainfancia.com\/blog\/?s={search_term_string}\"},\"query-input\":\"required name=search_term_string\"}],\"inLanguage\":\"es\"},{\"@type\":\"ImageObject\",\"@id\":\"https:\/\/www.rayuelainfancia.com\/blog\/presentacion-de-la-tribu-de-kai-4\/#primaryimage\",\"inLanguage\":\"es\",\"url\":\"https:\/\/www.rayuelainfancia.com\/blog\/wp-content\/uploads\/2025\/03\/BLOG-TRIBU-KAI-4.png\",\"contentUrl\":\"https:\/\/www.rayuelainfancia.com\/blog\/wp-content\/uploads\/2025\/03\/BLOG-TRIBU-KAI-4.png\",\"width\":750,\"height\":410},{\"@type\":\"WebPage\",\"@id\":\"https:\/\/www.rayuelainfancia.com\/blog\/presentacion-de-la-tribu-de-kai-4\/#webpage\",\"url\":\"https:\/\/www.rayuelainfancia.com\/blog\/presentacion-de-la-tribu-de-kai-4\/\",\"name\":\"PRESENTACI\u00d3N DE LA TRIBU DE KAI 4 &#8902; Blog de Rayuelainfancia\",\"isPartOf\":{\"@id\":\"https:\/\/www.rayuelainfancia.com\/blog\/#website\"},\"primaryImageOfPage\":{\"@id\":\"https:\/\/www.rayuelainfancia.com\/blog\/presentacion-de-la-tribu-de-kai-4\/#primaryimage\"},\"datePublished\":\"2025-03-17T12:01:36+00:00\",\"dateModified\":\"2025-05-12T09:16:58+00:00\",\"description\":\"Este s\u00e1bado 22 de Marzo a las 12:00h. te invitamos en primicia a la presentaci\u00f3n de La tribu de Kai 4 con Raquel D\u00edaz Reguera.\",\"breadcrumb\":{\"@id\":\"https:\/\/www.rayuelainfancia.com\/blog\/presentacion-de-la-tribu-de-kai-4\/#breadcrumb\"},\"inLanguage\":\"es\",\"potentialAction\":[{\"@type\":\"ReadAction\",\"target\":[\"https:\/\/www.rayuelainfancia.com\/blog\/presentacion-de-la-tribu-de-kai-4\/\"]}]},{\"@type\":\"BreadcrumbList\",\"@id\":\"https:\/\/www.rayuelainfancia.com\/blog\/presentacion-de-la-tribu-de-kai-4\/#breadcrumb\",\"itemListElement\":[{\"@type\":\"ListItem\",\"position\":1,\"name\":\"Portada\",\"item\":\"https:\/\/www.rayuelainfancia.com\/blog\/\"},{\"@type\":\"ListItem\",\"position\":2,\"name\":\"PRESENTACI\u00d3N DE LA TRIBU DE KAI 4\"}]},{\"@type\":\"Article\",\"@id\":\"https:\/\/www.rayuelainfancia.com\/blog\/presentacion-de-la-tribu-de-kai-4\/#article\",\"isPartOf\":{\"@id\":\"https:\/\/www.rayuelainfancia.com\/blog\/presentacion-de-la-tribu-de-kai-4\/#webpage\"},\"author\":{\"@id\":\"https:\/\/www.rayuelainfancia.com\/blog\/#\/schema\/person\/c1aff250c5154e35f53f26d0eba10c45\"},\"headline\":\"PRESENTACI\u00d3N DE LA TRIBU DE KAI 4\",\"datePublished\":\"2025-03-17T12:01:36+00:00\",\"dateModified\":\"2025-05-12T09:16:58+00:00\",\"mainEntityOfPage\":{\"@id\":\"https:\/\/www.rayuelainfancia.com\/blog\/presentacion-de-la-tribu-de-kai-4\/#webpage\"},\"wordCount\":277,\"commentCount\":0,\"publisher\":{\"@id\":\"https:\/\/www.rayuelainfancia.com\/blog\/#organization\"},\"image\":{\"@id\":\"https:\/\/www.rayuelainfancia.com\/blog\/presentacion-de-la-tribu-de-kai-4\/#primaryimage\"},\"thumbnailUrl\":\"https:\/\/www.rayuelainfancia.com\/blog\/wp-content\/uploads\/2025\/03\/BLOG-TRIBU-KAI-4.png\",\"keywords\":[\"actividades\",\"actividades para ni\u00f1os\",\"cuentacuentos\",\"infancia\",\"libros\",\"lij\",\"PRESENTACI\u00d3N\",\"raquel diaz reguera\",\"rayuelainfancia\",\"sevilla\"],\"articleSection\":[\"Actividades Cuentacuentos\",\"Literatura Infantil\"],\"inLanguage\":\"es\",\"potentialAction\":[{\"@type\":\"CommentAction\",\"name\":\"Comment\",\"target\":[\"https:\/\/www.rayuelainfancia.com\/blog\/presentacion-de-la-tribu-de-kai-4\/#respond\"]}]},{\"@type\":\"Person\",\"@id\":\"https:\/\/www.rayuelainfancia.com\/blog\/#\/schema\/person\/c1aff250c5154e35f53f26d0eba10c45\",\"name\":\"Rayuelainfancia\",\"image\":{\"@type\":\"ImageObject\",\"@id\":\"https:\/\/www.rayuelainfancia.com\/blog\/#personlogo\",\"inLanguage\":\"es\",\"url\":\"https:\/\/secure.gravatar.com\/avatar\/8bf03e7a4bb13ca5c7d0dc6acde2bfd1?s=96&d=mm&r=g\",\"contentUrl\":\"https:\/\/secure.gravatar.com\/avatar\/8bf03e7a4bb13ca5c7d0dc6acde2bfd1?s=96&d=mm&r=g\",\"caption\":\"Rayuelainfancia\"}}]}<\/script>\n<!-- \/ Yoast SEO plugin. -->","yoast_head_json":{"title":"PRESENTACI\u00d3N DE LA TRIBU DE KAI 4 &#8902; Blog de Rayuelainfancia","description":"Este s\u00e1bado 22 de Marzo a las 12:00h. te invitamos en primicia a la presentaci\u00f3n de La tribu de Kai 4 con Raquel D\u00edaz Reguera.","robots":{"index":"index","follow":"follow","max-snippet":"max-snippet:-1","max-image-preview":"max-image-preview:large","max-video-preview":"max-video-preview:-1"},"canonical":"https:\/\/www.rayuelainfancia.com\/blog\/presentacion-de-la-tribu-de-kai-4\/","og_locale":"es_ES","og_type":"article","og_title":"PRESENTACI\u00d3N DE LA TRIBU DE KAI 4 &#8902; Blog de Rayuelainfancia","og_description":"Este s\u00e1bado 22 de Marzo a las 12:00h. te invitamos en primicia a la presentaci\u00f3n de La tribu de Kai 4 con Raquel D\u00edaz Reguera.","og_url":"https:\/\/www.rayuelainfancia.com\/blog\/presentacion-de-la-tribu-de-kai-4\/","og_site_name":"Blog de Rayuelainfancia","article_publisher":"https:\/\/www.facebook.com\/pages\/Librer\u00eda-Rayuela\/251861686361","article_published_time":"2025-03-17T12:01:36+00:00","article_modified_time":"2025-05-12T09:16:58+00:00","og_image":[{"width":750,"height":410,"url":"http:\/\/www.rayuelainfancia.com\/blog\/wp-content\/uploads\/2025\/03\/BLOG-TRIBU-KAI-4.png","type":"image\/png"}],"twitter_card":"summary","twitter_creator":"@Rayuelainfancia","twitter_site":"@Rayuelainfancia","twitter_misc":{"Written by":"Rayuelainfancia","Est. reading time":"1 minuto"},"schema":{"@context":"https:\/\/schema.org","@graph":[{"@type":"Organization","@id":"https:\/\/www.rayuelainfancia.com\/blog\/#organization","name":"Rayuelainfancia","url":"https:\/\/www.rayuelainfancia.com\/blog\/","sameAs":["https:\/\/www.facebook.com\/pages\/Librer\u00eda-Rayuela\/251861686361","https:\/\/www.youtube.com\/channel\/UCddVaoDjpTp-DexyEVoyazQ","https:\/\/twitter.com\/Rayuelainfancia"],"logo":{"@type":"ImageObject","@id":"https:\/\/www.rayuelainfancia.com\/blog\/#logo","inLanguage":"es","url":"https:\/\/www.rayuelainfancia.com\/blog\/wp-content\/uploads\/2018\/06\/logo-rayuelainfancia-color-corporativo.png","contentUrl":"https:\/\/www.rayuelainfancia.com\/blog\/wp-content\/uploads\/2018\/06\/logo-rayuelainfancia-color-corporativo.png","width":1200,"height":680,"caption":"Rayuelainfancia"},"image":{"@id":"https:\/\/www.rayuelainfancia.com\/blog\/#logo"}},{"@type":"WebSite","@id":"https:\/\/www.rayuelainfancia.com\/blog\/#website","url":"https:\/\/www.rayuelainfancia.com\/blog\/","name":"Blog de Rayuelainfancia","description":"Libros infantiles y juegos educaticos respestuosos con la infancia","publisher":{"@id":"https:\/\/www.rayuelainfancia.com\/blog\/#organization"},"potentialAction":[{"@type":"SearchAction","target":{"@type":"EntryPoint","urlTemplate":"https:\/\/www.rayuelainfancia.com\/blog\/?s={search_term_string}"},"query-input":"required name=search_term_string"}],"inLanguage":"es"},{"@type":"ImageObject","@id":"https:\/\/www.rayuelainfancia.com\/blog\/presentacion-de-la-tribu-de-kai-4\/#primaryimage","inLanguage":"es","url":"https:\/\/www.rayuelainfancia.com\/blog\/wp-content\/uploads\/2025\/03\/BLOG-TRIBU-KAI-4.png","contentUrl":"https:\/\/www.rayuelainfancia.com\/blog\/wp-content\/uploads\/2025\/03\/BLOG-TRIBU-KAI-4.png","width":750,"height":410},{"@type":"WebPage","@id":"https:\/\/www.rayuelainfancia.com\/blog\/presentacion-de-la-tribu-de-kai-4\/#webpage","url":"https:\/\/www.rayuelainfancia.com\/blog\/presentacion-de-la-tribu-de-kai-4\/","name":"PRESENTACI\u00d3N DE LA TRIBU DE KAI 4 &#8902; Blog de Rayuelainfancia","isPartOf":{"@id":"https:\/\/www.rayuelainfancia.com\/blog\/#website"},"primaryImageOfPage":{"@id":"https:\/\/www.rayuelainfancia.com\/blog\/presentacion-de-la-tribu-de-kai-4\/#primaryimage"},"datePublished":"2025-03-17T12:01:36+00:00","dateModified":"2025-05-12T09:16:58+00:00","description":"Este s\u00e1bado 22 de Marzo a las 12:00h. te invitamos en primicia a la presentaci\u00f3n de La tribu de Kai 4 con Raquel D\u00edaz Reguera.","breadcrumb":{"@id":"https:\/\/www.rayuelainfancia.com\/blog\/presentacion-de-la-tribu-de-kai-4\/#breadcrumb"},"inLanguage":"es","potentialAction":[{"@type":"ReadAction","target":["https:\/\/www.rayuelainfancia.com\/blog\/presentacion-de-la-tribu-de-kai-4\/"]}]},{"@type":"BreadcrumbList","@id":"https:\/\/www.rayuelainfancia.com\/blog\/presentacion-de-la-tribu-de-kai-4\/#breadcrumb","itemListElement":[{"@type":"ListItem","position":1,"name":"Portada","item":"https:\/\/www.rayuelainfancia.com\/blog\/"},{"@type":"ListItem","position":2,"name":"PRESENTACI\u00d3N DE LA TRIBU DE KAI 4"}]},{"@type":"Article","@id":"https:\/\/www.rayuelainfancia.com\/blog\/presentacion-de-la-tribu-de-kai-4\/#article","isPartOf":{"@id":"https:\/\/www.rayuelainfancia.com\/blog\/presentacion-de-la-tribu-de-kai-4\/#webpage"},"author":{"@id":"https:\/\/www.rayuelainfancia.com\/blog\/#\/schema\/person\/c1aff250c5154e35f53f26d0eba10c45"},"headline":"PRESENTACI\u00d3N DE LA TRIBU DE KAI 4","datePublished":"2025-03-17T12:01:36+00:00","dateModified":"2025-05-12T09:16:58+00:00","mainEntityOfPage":{"@id":"https:\/\/www.rayuelainfancia.com\/blog\/presentacion-de-la-tribu-de-kai-4\/#webpage"},"wordCount":277,"commentCount":0,"publisher":{"@id":"https:\/\/www.rayuelainfancia.com\/blog\/#organization"},"image":{"@id":"https:\/\/www.rayuelainfancia.com\/blog\/presentacion-de-la-tribu-de-kai-4\/#primaryimage"},"thumbnailUrl":"https:\/\/www.rayuelainfancia.com\/blog\/wp-content\/uploads\/2025\/03\/BLOG-TRIBU-KAI-4.png","keywords":["actividades","actividades para ni\u00f1os","cuentacuentos","infancia","libros","lij","PRESENTACI\u00d3N","raquel diaz reguera","rayuelainfancia","sevilla"],"articleSection":["Actividades Cuentacuentos","Literatura Infantil"],"inLanguage":"es","potentialAction":[{"@type":"CommentAction","name":"Comment","target":["https:\/\/www.rayuelainfancia.com\/blog\/presentacion-de-la-tribu-de-kai-4\/#respond"]}]},{"@type":"Person","@id":"https:\/\/www.rayuelainfancia.com\/blog\/#\/schema\/person\/c1aff250c5154e35f53f26d0eba10c45","name":"Rayuelainfancia","image":{"@type":"ImageObject","@id":"https:\/\/www.rayuelainfancia.com\/blog\/#personlogo","inLanguage":"es","url":"https:\/\/secure.gravatar.com\/avatar\/8bf03e7a4bb13ca5c7d0dc6acde2bfd1?s=96&d=mm&r=g","contentUrl":"https:\/\/secure.gravatar.com\/avatar\/8bf03e7a4bb13ca5c7d0dc6acde2bfd1?s=96&d=mm&r=g","caption":"Rayuelainfancia"}}]}},"_links":{"self":[{"href":"https:\/\/www.rayuelainfancia.com\/blog\/wp-json\/wp\/v2\/posts\/5404"}],"collection":[{"href":"https:\/\/www.rayuelainfancia.com\/blog\/wp-json\/wp\/v2\/posts"}],"about":[{"href":"https:\/\/www.rayuelainfancia.com\/blog\/wp-json\/wp\/v2\/types\/post"}],"author":[{"embeddable":true,"href":"https:\/\/www.rayuelainfancia.com\/blog\/wp-json\/wp\/v2\/users\/6"}],"replies":[{"embeddable":true,"href":"https:\/\/www.rayuelainfancia.com\/blog\/wp-json\/wp\/v2\/comments?post=5404"}],"version-history":[{"count":1,"href":"https:\/\/www.rayuelainfancia.com\/blog\/wp-json\/wp\/v2\/posts\/5404\/revisions"}],"predecessor-version":[{"id":5407,"href":"https:\/\/www.rayuelainfancia.com\/blog\/wp-json\/wp\/v2\/posts\/5404\/revisions\/5407"}],"wp:featuredmedia":[{"embeddable":true,"href":"https:\/\/www.rayuelainfancia.com\/blog\/wp-json\/wp\/v2\/media\/5406"}],"wp:attachment":[{"href":"https:\/\/www.rayuelainfancia.com\/blog\/wp-json\/wp\/v2\/media?parent=5404"}],"wp:term":[{"taxonomy":"category","embeddable":true,"href":"https:\/\/www.rayuelainfancia.com\/blog\/wp-json\/wp\/v2\/categories?post=5404"},{"taxonomy":"post_tag","embeddable":true,"href":"https:\/\/www.rayuelainfancia.com\/blog\/wp-json\/wp\/v2\/tags?post=5404"}],"curies":[{"name":"wp","href":"https:\/\/api.w.org\/{rel}","templated":true}]}}