 {"id":540,"date":"2014-12-20T19:52:01","date_gmt":"2014-12-20T18:52:01","guid":{"rendered":"http:\/\/rayuelainfancia.desarrollotrevenque.com\/blog\/el-hombrecito-vestido-de-gris-y-otros-cuentos\/"},"modified":"2016-11-22T14:14:41","modified_gmt":"2016-11-22T13:14:41","slug":"el-hombrecito-vestido-de-gris-y-otros-cuentos","status":"publish","type":"post","link":"https:\/\/www.rayuelainfancia.com\/blog\/el-hombrecito-vestido-de-gris-y-otros-cuentos\/","title":{"rendered":"EL HOMBRECITO VESTIDO DE GRIS Y OTROS CUENTOS"},"content":{"rendered":"<p>Es un libro de cuentos cortos con un claro mensaje de convivencia, que recibi\u00f3 el Premio Lazarillo en 1977. Un libro, en el que los personajes viven y sue\u00f1an mundos mejores. Hay un hombrecito de gris, todo gris por fuera y lleno de colores por dentro.<\/p>\n<p><!--more--><\/p>\n<p>El hombrecito vestido de gris y otros cuentos es el t\u00edtulo de un libro pertenenciente a la l\u00ednea de recuperaci\u00f3n de cl\u00e1sicos contempor\u00e1neos que realiza la editorial Kalandraka. Un barco de plomo que busca su hueco en este mundo.Unos corales del fondo del mar que marchan para ser los \u00e1rboles en un pueblo de piedra. Tambi\u00e9n est\u00e1n los n\u00fameros de un viejo reloj que crecen y buscan otros lugares en los que vivir. Otro barco que piensa que el mundo es lo que ve desde el interior de la botella en la que se encuentra encerrado. Un se\u00f1or que se hace due\u00f1o de una torre que han construido entre todos. Un espantap\u00e1jaros con necesidad de volar y un ni\u00f1o que consigue que su pap\u00e1 pase m\u00e1s tiempo con \u00e9l haciendo pajaritas de papel.<\/p>\n<p>En estas ocho fabulaciones llenas de fantas\u00eda escritas por Fernando Alonso e ilustradas por Ulises Wensell hace m\u00e1s de 30 a\u00f1os, se describen ocho mundos y uno solo, se respira libertad y respeto a la individualidad , tolerancia y uni\u00f3n ante los problemas colectivos e ilusi\u00f3n, mucha ilusi\u00f3n para perseguir los sue\u00f1os.<\/p>\n<p>Este hombrecito vestido de gris y otros cuentos es una lectura \u00e1gil, sencilla y profunda, que encantar\u00e1 a ni\u00f1as y ni\u00f1os desde los 7 hasta los 107 a\u00f1os.<\/p>\n<div id=\"product_list\" class=\"row\"><div class=\"col-xs-6 col-sm-6 col-md-6 col-lg-4 item-product\">\n            <div class=\"product-list text-center\">\n                <p>\n                    <a class=\"product-blog-link\" href=\"https:\/\/www.rayuelainfancia.com\/cuentos-reunidos\/424-el-hombrecito-vestido-de-gris-y-otros-cuentos.html?utm_campaign=productBlogPost\" title=\"EL HOMBRECITO VESTIDO DE GRIS Y OTROS CUENTOS\">\n                        <img src=\"\/\/www.rayuelainfancia.com\/370-home_default\/el-hombrecito-vestido-de-gris-y-otros-cuentos.jpg\" alt=\"EL HOMBRECITO VESTIDO DE GRIS Y OTROS CUENTOS\" class=\"img-responsive\"><span>EL HOMBRECITO VESTIDO DE GRIS Y OTROS CUENTOS<\/span><\/a>\n                <\/p>\n            <\/div>\n\n            <div class=\"acciones text-center\">\n                \n                <p class=\"price\">15,00 \u20ac<\/p>\n            <\/div>\n        <\/div><\/div>\n","protected":false},"excerpt":{"rendered":"<p>Es un libro de cuentos cortos con un claro mensaje de convivencia, que recibi\u00f3 el Premio Lazarillo en 1977. Un libro, en el que los personajes viven y sue\u00f1an mundos mejores. Hay un hombrecito de gris, todo gris por fuera y lleno de colores por dentro.<\/p>\n","protected":false},"author":3,"featured_media":1290,"comment_status":"open","ping_status":"open","sticky":false,"template":"","format":"standard","meta":[],"categories":[18],"tags":[],"yoast_head":"<!-- This site is optimized with the Yoast SEO plugin v18.5.1 - https:\/\/yoast.com\/wordpress\/plugins\/seo\/ -->\n<title>EL HOMBRECITO VESTIDO DE GRIS Y OTROS CUENTOS &#8902; Blog de Rayuelainfancia<\/title>\n<meta name=\"description\" content=\"El hombrecito vestido de gris y otros cuentos es el t\u00edtulo de un libro pertenenciente a la l\u00ednea de recuperaci\u00f3n de cl\u00e1sicos contempor\u00e1neos que realiza la editorial Kalandraka.\" \/>\n<meta name=\"robots\" content=\"index, follow, max-snippet:-1, max-image-preview:large, max-video-preview:-1\" \/>\n<link rel=\"canonical\" href=\"https:\/\/www.rayuelainfancia.com\/blog\/el-hombrecito-vestido-de-gris-y-otros-cuentos\/\" \/>\n<meta property=\"og:locale\" content=\"es_ES\" \/>\n<meta property=\"og:type\" content=\"article\" \/>\n<meta property=\"og:title\" content=\"EL HOMBRECITO VESTIDO DE GRIS Y OTROS CUENTOS &#8902; Blog de Rayuelainfancia\" \/>\n<meta property=\"og:description\" content=\"El hombrecito vestido de gris y otros cuentos es el t\u00edtulo de un libro pertenenciente a la l\u00ednea de recuperaci\u00f3n de cl\u00e1sicos contempor\u00e1neos que realiza la editorial Kalandraka.\" \/>\n<meta property=\"og:url\" content=\"https:\/\/www.rayuelainfancia.com\/blog\/el-hombrecito-vestido-de-gris-y-otros-cuentos\/\" \/>\n<meta property=\"og:site_name\" content=\"Blog de Rayuelainfancia\" \/>\n<meta property=\"article:publisher\" content=\"https:\/\/www.facebook.com\/pages\/Librer\u00eda-Rayuela\/251861686361\" \/>\n<meta property=\"article:published_time\" content=\"2014-12-20T18:52:01+00:00\" \/>\n<meta property=\"article:modified_time\" content=\"2016-11-22T13:14:41+00:00\" \/>\n<meta property=\"og:image\" content=\"https:\/\/www.rayuelainfancia.com\/blog\/wp-content\/uploads\/2014\/12\/el-hombrecito-vestido-de-gris-y-otros-cuentos.jpeg\" \/>\n\t<meta property=\"og:image:width\" content=\"800\" \/>\n\t<meta property=\"og:image:height\" content=\"800\" \/>\n\t<meta property=\"og:image:type\" content=\"image\/jpeg\" \/>\n<meta name=\"twitter:card\" content=\"summary\" \/>\n<meta name=\"twitter:creator\" content=\"@Rayuelainfancia\" \/>\n<meta name=\"twitter:site\" content=\"@Rayuelainfancia\" \/>\n<meta name=\"twitter:label1\" content=\"Written by\" \/>\n\t<meta name=\"twitter:data1\" content=\"Miguel Escalera Nieto\" \/>\n\t<meta name=\"twitter:label2\" content=\"Est. reading time\" \/>\n\t<meta name=\"twitter:data2\" content=\"1 minuto\" \/>\n<script type=\"application\/ld+json\" class=\"yoast-schema-graph\">{\"@context\":\"https:\/\/schema.org\",\"@graph\":[{\"@type\":\"Organization\",\"@id\":\"https:\/\/www.rayuelainfancia.com\/blog\/#organization\",\"name\":\"Rayuelainfancia\",\"url\":\"https:\/\/www.rayuelainfancia.com\/blog\/\",\"sameAs\":[\"https:\/\/www.facebook.com\/pages\/Librer\u00eda-Rayuela\/251861686361\",\"https:\/\/www.youtube.com\/channel\/UCddVaoDjpTp-DexyEVoyazQ\",\"https:\/\/twitter.com\/Rayuelainfancia\"],\"logo\":{\"@type\":\"ImageObject\",\"@id\":\"https:\/\/www.rayuelainfancia.com\/blog\/#logo\",\"inLanguage\":\"es\",\"url\":\"https:\/\/www.rayuelainfancia.com\/blog\/wp-content\/uploads\/2018\/06\/logo-rayuelainfancia-color-corporativo.png\",\"contentUrl\":\"https:\/\/www.rayuelainfancia.com\/blog\/wp-content\/uploads\/2018\/06\/logo-rayuelainfancia-color-corporativo.png\",\"width\":1200,\"height\":680,\"caption\":\"Rayuelainfancia\"},\"image\":{\"@id\":\"https:\/\/www.rayuelainfancia.com\/blog\/#logo\"}},{\"@type\":\"WebSite\",\"@id\":\"https:\/\/www.rayuelainfancia.com\/blog\/#website\",\"url\":\"https:\/\/www.rayuelainfancia.com\/blog\/\",\"name\":\"Blog de Rayuelainfancia\",\"description\":\"Libros infantiles y juegos educaticos respestuosos con la infancia\",\"publisher\":{\"@id\":\"https:\/\/www.rayuelainfancia.com\/blog\/#organization\"},\"potentialAction\":[{\"@type\":\"SearchAction\",\"target\":{\"@type\":\"EntryPoint\",\"urlTemplate\":\"https:\/\/www.rayuelainfancia.com\/blog\/?s={search_term_string}\"},\"query-input\":\"required name=search_term_string\"}],\"inLanguage\":\"es\"},{\"@type\":\"ImageObject\",\"@id\":\"https:\/\/www.rayuelainfancia.com\/blog\/el-hombrecito-vestido-de-gris-y-otros-cuentos\/#primaryimage\",\"inLanguage\":\"es\",\"url\":\"https:\/\/www.rayuelainfancia.com\/blog\/wp-content\/uploads\/2014\/12\/el-hombrecito-vestido-de-gris-y-otros-cuentos.jpeg\",\"contentUrl\":\"https:\/\/www.rayuelainfancia.com\/blog\/wp-content\/uploads\/2014\/12\/el-hombrecito-vestido-de-gris-y-otros-cuentos.jpeg\",\"width\":800,\"height\":800},{\"@type\":\"WebPage\",\"@id\":\"https:\/\/www.rayuelainfancia.com\/blog\/el-hombrecito-vestido-de-gris-y-otros-cuentos\/#webpage\",\"url\":\"https:\/\/www.rayuelainfancia.com\/blog\/el-hombrecito-vestido-de-gris-y-otros-cuentos\/\",\"name\":\"EL HOMBRECITO VESTIDO DE GRIS Y OTROS CUENTOS &#8902; Blog de Rayuelainfancia\",\"isPartOf\":{\"@id\":\"https:\/\/www.rayuelainfancia.com\/blog\/#website\"},\"primaryImageOfPage\":{\"@id\":\"https:\/\/www.rayuelainfancia.com\/blog\/el-hombrecito-vestido-de-gris-y-otros-cuentos\/#primaryimage\"},\"datePublished\":\"2014-12-20T18:52:01+00:00\",\"dateModified\":\"2016-11-22T13:14:41+00:00\",\"description\":\"El hombrecito vestido de gris y otros cuentos es el t\u00edtulo de un libro pertenenciente a la l\u00ednea de recuperaci\u00f3n de cl\u00e1sicos contempor\u00e1neos que realiza la editorial Kalandraka.\",\"breadcrumb\":{\"@id\":\"https:\/\/www.rayuelainfancia.com\/blog\/el-hombrecito-vestido-de-gris-y-otros-cuentos\/#breadcrumb\"},\"inLanguage\":\"es\",\"potentialAction\":[{\"@type\":\"ReadAction\",\"target\":[\"https:\/\/www.rayuelainfancia.com\/blog\/el-hombrecito-vestido-de-gris-y-otros-cuentos\/\"]}]},{\"@type\":\"BreadcrumbList\",\"@id\":\"https:\/\/www.rayuelainfancia.com\/blog\/el-hombrecito-vestido-de-gris-y-otros-cuentos\/#breadcrumb\",\"itemListElement\":[{\"@type\":\"ListItem\",\"position\":1,\"name\":\"Portada\",\"item\":\"https:\/\/www.rayuelainfancia.com\/blog\/\"},{\"@type\":\"ListItem\",\"position\":2,\"name\":\"EL HOMBRECITO VESTIDO DE GRIS Y OTROS CUENTOS\"}]},{\"@type\":\"Article\",\"@id\":\"https:\/\/www.rayuelainfancia.com\/blog\/el-hombrecito-vestido-de-gris-y-otros-cuentos\/#article\",\"isPartOf\":{\"@id\":\"https:\/\/www.rayuelainfancia.com\/blog\/el-hombrecito-vestido-de-gris-y-otros-cuentos\/#webpage\"},\"author\":{\"@id\":\"https:\/\/www.rayuelainfancia.com\/blog\/#\/schema\/person\/41147ec5e3c2cc1be6e2c4520a099ebb\"},\"headline\":\"EL HOMBRECITO VESTIDO DE GRIS Y OTROS CUENTOS\",\"datePublished\":\"2014-12-20T18:52:01+00:00\",\"dateModified\":\"2016-11-22T13:14:41+00:00\",\"mainEntityOfPage\":{\"@id\":\"https:\/\/www.rayuelainfancia.com\/blog\/el-hombrecito-vestido-de-gris-y-otros-cuentos\/#webpage\"},\"wordCount\":290,\"commentCount\":0,\"publisher\":{\"@id\":\"https:\/\/www.rayuelainfancia.com\/blog\/#organization\"},\"image\":{\"@id\":\"https:\/\/www.rayuelainfancia.com\/blog\/el-hombrecito-vestido-de-gris-y-otros-cuentos\/#primaryimage\"},\"thumbnailUrl\":\"https:\/\/www.rayuelainfancia.com\/blog\/wp-content\/uploads\/2014\/12\/el-hombrecito-vestido-de-gris-y-otros-cuentos.jpeg\",\"articleSection\":[\"Actividades Cuentacuentos\"],\"inLanguage\":\"es\",\"potentialAction\":[{\"@type\":\"CommentAction\",\"name\":\"Comment\",\"target\":[\"https:\/\/www.rayuelainfancia.com\/blog\/el-hombrecito-vestido-de-gris-y-otros-cuentos\/#respond\"]}]},{\"@type\":\"Person\",\"@id\":\"https:\/\/www.rayuelainfancia.com\/blog\/#\/schema\/person\/41147ec5e3c2cc1be6e2c4520a099ebb\",\"name\":\"Miguel Escalera Nieto\",\"image\":{\"@type\":\"ImageObject\",\"@id\":\"https:\/\/www.rayuelainfancia.com\/blog\/#personlogo\",\"inLanguage\":\"es\",\"url\":\"https:\/\/secure.gravatar.com\/avatar\/73bd613c804680e46df318e272f0e837?s=96&d=mm&r=g\",\"contentUrl\":\"https:\/\/secure.gravatar.com\/avatar\/73bd613c804680e46df318e272f0e837?s=96&d=mm&r=g\",\"caption\":\"Miguel Escalera Nieto\"}}]}<\/script>\n<!-- \/ Yoast SEO plugin. -->","yoast_head_json":{"title":"EL HOMBRECITO VESTIDO DE GRIS Y OTROS CUENTOS &#8902; Blog de Rayuelainfancia","description":"El hombrecito vestido de gris y otros cuentos es el t\u00edtulo de un libro pertenenciente a la l\u00ednea de recuperaci\u00f3n de cl\u00e1sicos contempor\u00e1neos que realiza la editorial Kalandraka.","robots":{"index":"index","follow":"follow","max-snippet":"max-snippet:-1","max-image-preview":"max-image-preview:large","max-video-preview":"max-video-preview:-1"},"canonical":"https:\/\/www.rayuelainfancia.com\/blog\/el-hombrecito-vestido-de-gris-y-otros-cuentos\/","og_locale":"es_ES","og_type":"article","og_title":"EL HOMBRECITO VESTIDO DE GRIS Y OTROS CUENTOS &#8902; Blog de Rayuelainfancia","og_description":"El hombrecito vestido de gris y otros cuentos es el t\u00edtulo de un libro pertenenciente a la l\u00ednea de recuperaci\u00f3n de cl\u00e1sicos contempor\u00e1neos que realiza la editorial Kalandraka.","og_url":"https:\/\/www.rayuelainfancia.com\/blog\/el-hombrecito-vestido-de-gris-y-otros-cuentos\/","og_site_name":"Blog de Rayuelainfancia","article_publisher":"https:\/\/www.facebook.com\/pages\/Librer\u00eda-Rayuela\/251861686361","article_published_time":"2014-12-20T18:52:01+00:00","article_modified_time":"2016-11-22T13:14:41+00:00","og_image":[{"width":800,"height":800,"url":"https:\/\/www.rayuelainfancia.com\/blog\/wp-content\/uploads\/2014\/12\/el-hombrecito-vestido-de-gris-y-otros-cuentos.jpeg","type":"image\/jpeg"}],"twitter_card":"summary","twitter_creator":"@Rayuelainfancia","twitter_site":"@Rayuelainfancia","twitter_misc":{"Written by":"Miguel Escalera Nieto","Est. reading time":"1 minuto"},"schema":{"@context":"https:\/\/schema.org","@graph":[{"@type":"Organization","@id":"https:\/\/www.rayuelainfancia.com\/blog\/#organization","name":"Rayuelainfancia","url":"https:\/\/www.rayuelainfancia.com\/blog\/","sameAs":["https:\/\/www.facebook.com\/pages\/Librer\u00eda-Rayuela\/251861686361","https:\/\/www.youtube.com\/channel\/UCddVaoDjpTp-DexyEVoyazQ","https:\/\/twitter.com\/Rayuelainfancia"],"logo":{"@type":"ImageObject","@id":"https:\/\/www.rayuelainfancia.com\/blog\/#logo","inLanguage":"es","url":"https:\/\/www.rayuelainfancia.com\/blog\/wp-content\/uploads\/2018\/06\/logo-rayuelainfancia-color-corporativo.png","contentUrl":"https:\/\/www.rayuelainfancia.com\/blog\/wp-content\/uploads\/2018\/06\/logo-rayuelainfancia-color-corporativo.png","width":1200,"height":680,"caption":"Rayuelainfancia"},"image":{"@id":"https:\/\/www.rayuelainfancia.com\/blog\/#logo"}},{"@type":"WebSite","@id":"https:\/\/www.rayuelainfancia.com\/blog\/#website","url":"https:\/\/www.rayuelainfancia.com\/blog\/","name":"Blog de Rayuelainfancia","description":"Libros infantiles y juegos educaticos respestuosos con la infancia","publisher":{"@id":"https:\/\/www.rayuelainfancia.com\/blog\/#organization"},"potentialAction":[{"@type":"SearchAction","target":{"@type":"EntryPoint","urlTemplate":"https:\/\/www.rayuelainfancia.com\/blog\/?s={search_term_string}"},"query-input":"required name=search_term_string"}],"inLanguage":"es"},{"@type":"ImageObject","@id":"https:\/\/www.rayuelainfancia.com\/blog\/el-hombrecito-vestido-de-gris-y-otros-cuentos\/#primaryimage","inLanguage":"es","url":"https:\/\/www.rayuelainfancia.com\/blog\/wp-content\/uploads\/2014\/12\/el-hombrecito-vestido-de-gris-y-otros-cuentos.jpeg","contentUrl":"https:\/\/www.rayuelainfancia.com\/blog\/wp-content\/uploads\/2014\/12\/el-hombrecito-vestido-de-gris-y-otros-cuentos.jpeg","width":800,"height":800},{"@type":"WebPage","@id":"https:\/\/www.rayuelainfancia.com\/blog\/el-hombrecito-vestido-de-gris-y-otros-cuentos\/#webpage","url":"https:\/\/www.rayuelainfancia.com\/blog\/el-hombrecito-vestido-de-gris-y-otros-cuentos\/","name":"EL HOMBRECITO VESTIDO DE GRIS Y OTROS CUENTOS &#8902; Blog de Rayuelainfancia","isPartOf":{"@id":"https:\/\/www.rayuelainfancia.com\/blog\/#website"},"primaryImageOfPage":{"@id":"https:\/\/www.rayuelainfancia.com\/blog\/el-hombrecito-vestido-de-gris-y-otros-cuentos\/#primaryimage"},"datePublished":"2014-12-20T18:52:01+00:00","dateModified":"2016-11-22T13:14:41+00:00","description":"El hombrecito vestido de gris y otros cuentos es el t\u00edtulo de un libro pertenenciente a la l\u00ednea de recuperaci\u00f3n de cl\u00e1sicos contempor\u00e1neos que realiza la editorial Kalandraka.","breadcrumb":{"@id":"https:\/\/www.rayuelainfancia.com\/blog\/el-hombrecito-vestido-de-gris-y-otros-cuentos\/#breadcrumb"},"inLanguage":"es","potentialAction":[{"@type":"ReadAction","target":["https:\/\/www.rayuelainfancia.com\/blog\/el-hombrecito-vestido-de-gris-y-otros-cuentos\/"]}]},{"@type":"BreadcrumbList","@id":"https:\/\/www.rayuelainfancia.com\/blog\/el-hombrecito-vestido-de-gris-y-otros-cuentos\/#breadcrumb","itemListElement":[{"@type":"ListItem","position":1,"name":"Portada","item":"https:\/\/www.rayuelainfancia.com\/blog\/"},{"@type":"ListItem","position":2,"name":"EL HOMBRECITO VESTIDO DE GRIS Y OTROS CUENTOS"}]},{"@type":"Article","@id":"https:\/\/www.rayuelainfancia.com\/blog\/el-hombrecito-vestido-de-gris-y-otros-cuentos\/#article","isPartOf":{"@id":"https:\/\/www.rayuelainfancia.com\/blog\/el-hombrecito-vestido-de-gris-y-otros-cuentos\/#webpage"},"author":{"@id":"https:\/\/www.rayuelainfancia.com\/blog\/#\/schema\/person\/41147ec5e3c2cc1be6e2c4520a099ebb"},"headline":"EL HOMBRECITO VESTIDO DE GRIS Y OTROS CUENTOS","datePublished":"2014-12-20T18:52:01+00:00","dateModified":"2016-11-22T13:14:41+00:00","mainEntityOfPage":{"@id":"https:\/\/www.rayuelainfancia.com\/blog\/el-hombrecito-vestido-de-gris-y-otros-cuentos\/#webpage"},"wordCount":290,"commentCount":0,"publisher":{"@id":"https:\/\/www.rayuelainfancia.com\/blog\/#organization"},"image":{"@id":"https:\/\/www.rayuelainfancia.com\/blog\/el-hombrecito-vestido-de-gris-y-otros-cuentos\/#primaryimage"},"thumbnailUrl":"https:\/\/www.rayuelainfancia.com\/blog\/wp-content\/uploads\/2014\/12\/el-hombrecito-vestido-de-gris-y-otros-cuentos.jpeg","articleSection":["Actividades Cuentacuentos"],"inLanguage":"es","potentialAction":[{"@type":"CommentAction","name":"Comment","target":["https:\/\/www.rayuelainfancia.com\/blog\/el-hombrecito-vestido-de-gris-y-otros-cuentos\/#respond"]}]},{"@type":"Person","@id":"https:\/\/www.rayuelainfancia.com\/blog\/#\/schema\/person\/41147ec5e3c2cc1be6e2c4520a099ebb","name":"Miguel Escalera Nieto","image":{"@type":"ImageObject","@id":"https:\/\/www.rayuelainfancia.com\/blog\/#personlogo","inLanguage":"es","url":"https:\/\/secure.gravatar.com\/avatar\/73bd613c804680e46df318e272f0e837?s=96&d=mm&r=g","contentUrl":"https:\/\/secure.gravatar.com\/avatar\/73bd613c804680e46df318e272f0e837?s=96&d=mm&r=g","caption":"Miguel Escalera Nieto"}}]}},"_links":{"self":[{"href":"https:\/\/www.rayuelainfancia.com\/blog\/wp-json\/wp\/v2\/posts\/540"}],"collection":[{"href":"https:\/\/www.rayuelainfancia.com\/blog\/wp-json\/wp\/v2\/posts"}],"about":[{"href":"https:\/\/www.rayuelainfancia.com\/blog\/wp-json\/wp\/v2\/types\/post"}],"author":[{"embeddable":true,"href":"https:\/\/www.rayuelainfancia.com\/blog\/wp-json\/wp\/v2\/users\/3"}],"replies":[{"embeddable":true,"href":"https:\/\/www.rayuelainfancia.com\/blog\/wp-json\/wp\/v2\/comments?post=540"}],"version-history":[{"count":3,"href":"https:\/\/www.rayuelainfancia.com\/blog\/wp-json\/wp\/v2\/posts\/540\/revisions"}],"predecessor-version":[{"id":1292,"href":"https:\/\/www.rayuelainfancia.com\/blog\/wp-json\/wp\/v2\/posts\/540\/revisions\/1292"}],"wp:featuredmedia":[{"embeddable":true,"href":"https:\/\/www.rayuelainfancia.com\/blog\/wp-json\/wp\/v2\/media\/1290"}],"wp:attachment":[{"href":"https:\/\/www.rayuelainfancia.com\/blog\/wp-json\/wp\/v2\/media?parent=540"}],"wp:term":[{"taxonomy":"category","embeddable":true,"href":"https:\/\/www.rayuelainfancia.com\/blog\/wp-json\/wp\/v2\/categories?post=540"},{"taxonomy":"post_tag","embeddable":true,"href":"https:\/\/www.rayuelainfancia.com\/blog\/wp-json\/wp\/v2\/tags?post=540"}],"curies":[{"name":"wp","href":"https:\/\/api.w.org\/{rel}","templated":true}]}}