 {"id":5388,"date":"2025-02-13T12:08:08","date_gmt":"2025-02-13T11:08:08","guid":{"rendered":"https:\/\/www.rayuelainfancia.com\/blog\/?p=5388"},"modified":"2025-05-12T11:17:07","modified_gmt":"2025-05-12T09:17:07","slug":"la-promesa-de-lena-taller-de-mascaras","status":"publish","type":"post","link":"https:\/\/www.rayuelainfancia.com\/blog\/la-promesa-de-lena-taller-de-mascaras\/","title":{"rendered":"LA PROMESA DE LENA + TALLER DE M\u00c1SCARAS"},"content":{"rendered":"<p>El pr\u00f3ximo <strong>s\u00e1bado 22 de Febrero a las 12:00h.<\/strong> ven a Rayuela a disfrutar de la presentaci\u00f3n del \u00faltimo libro de Nanen:<strong> La promesa de Lena.<\/strong> Nos acompa\u00f1ar\u00e1n en esta ma\u00f1ana la autora del \u00e1lbum, <strong>Nanen<\/strong>, y el editor de Bookolia Luis Manuel Larraza. Y despu\u00e9s haremos un <strong>taller de m\u00e1scaras<\/strong>&#8230; \u00bfte lo vas a perder?<\/p>\n<p><!--more--><\/p>\n<h1>La promesa de Lena<\/h1>\n<p>Ven a Rayuela a disfrutar de la presentaci\u00f3n del \u00faltimo \u00e1lbum ilustrado de<span style=\"color: #993366;\"> <strong><a style=\"color: #993366;\" href=\"https:\/\/www.instagram.com\/nanengarciacontreras\/?hl=es\">Nanen Garc\u00eda-Contreras<\/a>,<\/strong><\/span> editado por <a href=\"https:\/\/www.bookolia.es\/\"><span style=\"color: #3366ff;\"><strong>Bookolia<\/strong><\/span><\/a>: La promesa de Lena, una historia que celebra el final del invierno y nos recuerda el poder de los ritos ancestrales.<\/p>\n<p><img loading=\"lazy\" class=\"wp-image-5389 aligncenter\" src=\"http:\/\/www.rayuelainfancia.com\/blog\/wp-content\/uploads\/2025\/02\/014227fa-95ec-41e5-86a1-0d4dfa1b7c15.jpeg\" alt=\"\" width=\"498\" height=\"669\" \/><\/p>\n<p>&nbsp;<\/p>\n<blockquote><p>Un a\u00f1o m\u00e1s la ansiada primavera se retrasa. Los habitantes del valle preparan sus rituales: m\u00e1scaras y atuendos ancestrales que, junto con el ruido de los cencerros y el fuego de la hoguera, pretenden convencer a la tstaruda monta\u00f1a para que se quite de una vez ese manto de nieve que la abriga. Sin embargo, solo Lena, capaz de susurrale relatos hermosos, capaz de hablarle con dulzura, lograr\u00e1 hacerla entrar en raz\u00f3n. Un \u00e9lbum original y sugerente que pone en valor el poder de la historias.<\/p><\/blockquote>\n<h2>Taller de m\u00e1scaras<\/h2>\n<p>Nanen, adem\u00e1s de ilustradora y autora de \u00e1lbumes ilustrados, es docente e imparte clases de educaci\u00f3n art\u00edstica a ni\u00f1os y adolescentes en secundaria. De la mano de esta creadora, los ni\u00f1os y ni\u00f1as podr\u00e1n disfrutar en esta ma\u00f1ana de s\u00e1bado de un creativo taller de m\u00e1scaras ancestrales, que podr\u00e1n llevarse a casa como recuerdo de esta ma\u00f1ana de cuentos en Rayuela. \u00a1No te lo pierdas!<\/p>\n<p>Si quieres participar, inscr\u00edbete<a href=\"https:\/\/api.whatsapp.com\/message\/5B4JDU7CWWPAL1?autoload=1&amp;app_absent=0\"><strong> en este n\u00famero de Whatsapp<\/strong><\/a><\/p>\n<p><img loading=\"lazy\" class=\"alignnone size-full wp-image-5390 aligncenter\" src=\"http:\/\/www.rayuelainfancia.com\/blog\/wp-content\/uploads\/2025\/02\/PRESENTACION-DE-LA-PROMESA-DE-LENA-TALLER-DE-MASCARAS-1.png\" alt=\"\" width=\"940\" height=\"788\" srcset=\"https:\/\/www.rayuelainfancia.com\/blog\/wp-content\/uploads\/2025\/02\/PRESENTACION-DE-LA-PROMESA-DE-LENA-TALLER-DE-MASCARAS-1.png 940w, https:\/\/www.rayuelainfancia.com\/blog\/wp-content\/uploads\/2025\/02\/PRESENTACION-DE-LA-PROMESA-DE-LENA-TALLER-DE-MASCARAS-1-300x251.png 300w, https:\/\/www.rayuelainfancia.com\/blog\/wp-content\/uploads\/2025\/02\/PRESENTACION-DE-LA-PROMESA-DE-LENA-TALLER-DE-MASCARAS-1-768x644.png 768w\" sizes=\"(max-width: 940px) 100vw, 940px\" \/><\/p>\n<h3><\/h3>\n<h3>Presentaci\u00f3n \u00abLa promesa de Lena\u00bb + Taller de m\u00e1scaras<\/h3>\n<p><strong>Cu\u00e1ndo<\/strong>: s\u00e1bado 22 de febrero a las 12:00h.<\/p>\n<p><strong>D\u00f3nde<\/strong>: Librer\u00eda Rayuela<\/p>\n<p><strong>Edad recomendada<\/strong>: a partir de 5 a\u00f1os<\/p>\n<p><strong>Entrada libre<\/strong> con<strong> <a href=\"https:\/\/api.whatsapp.com\/message\/5B4JDU7CWWPAL1?autoload=1&amp;app_absent=0\">inscripci\u00f3n en este n\u00famero\u00a0<\/a><\/strong><\/p>\n<p>&nbsp;<\/p>\n","protected":false},"excerpt":{"rendered":"<p>El pr\u00f3ximo s\u00e1bado 22 de Febrero a las 12:00h. ven a Rayuela a disfrutar de la presentaci\u00f3n del \u00faltimo libro de Nanen: La promesa de Lena. Nos acompa\u00f1ar\u00e1n en esta ma\u00f1ana la autora del \u00e1lbum, Nanen, y el editor de Bookolia Luis Manuel Larraza. Y despu\u00e9s haremos un taller de m\u00e1scaras&#8230; \u00bfte lo vas a [&hellip;]<\/p>\n","protected":false},"author":6,"featured_media":5391,"comment_status":"open","ping_status":"open","sticky":false,"template":"","format":"standard","meta":[],"categories":[18,21],"tags":[37,71,51,72,96,68,28,50,29,80,116,33],"yoast_head":"<!-- This site is optimized with the Yoast SEO plugin v18.5.1 - https:\/\/yoast.com\/wordpress\/plugins\/seo\/ -->\n<title>LA PROMESA DE LENA + TALLER DE M\u00c1SCARAS &#8902; Blog de Rayuelainfancia<\/title>\n<meta name=\"description\" content=\"El pr\u00f3ximo s\u00e1bado 22 de Febrero a las 12:00h. ven a Rayuela a disfrutar de la presentaci\u00f3n de &quot;La promesa de Lena&quot; + un taller de m\u00e1scaras\" \/>\n<meta name=\"robots\" content=\"index, follow, max-snippet:-1, max-image-preview:large, max-video-preview:-1\" \/>\n<link rel=\"canonical\" href=\"https:\/\/www.rayuelainfancia.com\/blog\/la-promesa-de-lena-taller-de-mascaras\/\" \/>\n<meta property=\"og:locale\" content=\"es_ES\" \/>\n<meta property=\"og:type\" content=\"article\" \/>\n<meta property=\"og:title\" content=\"LA PROMESA DE LENA + TALLER DE M\u00c1SCARAS &#8902; Blog de Rayuelainfancia\" \/>\n<meta property=\"og:description\" content=\"El pr\u00f3ximo s\u00e1bado 22 de Febrero a las 12:00h. ven a Rayuela a disfrutar de la presentaci\u00f3n de &quot;La promesa de Lena&quot; + un taller de m\u00e1scaras\" \/>\n<meta property=\"og:url\" content=\"https:\/\/www.rayuelainfancia.com\/blog\/la-promesa-de-lena-taller-de-mascaras\/\" \/>\n<meta property=\"og:site_name\" content=\"Blog de Rayuelainfancia\" \/>\n<meta property=\"article:publisher\" content=\"https:\/\/www.facebook.com\/pages\/Librer\u00eda-Rayuela\/251861686361\" \/>\n<meta property=\"article:published_time\" content=\"2025-02-13T11:08:08+00:00\" \/>\n<meta property=\"article:modified_time\" content=\"2025-05-12T09:17:07+00:00\" \/>\n<meta property=\"og:image\" content=\"http:\/\/www.rayuelainfancia.com\/blog\/wp-content\/uploads\/2025\/02\/blog-promesa-lena.png\" \/>\n\t<meta property=\"og:image:width\" content=\"750\" \/>\n\t<meta property=\"og:image:height\" content=\"410\" \/>\n\t<meta property=\"og:image:type\" content=\"image\/png\" \/>\n<meta name=\"twitter:card\" content=\"summary\" \/>\n<meta name=\"twitter:creator\" content=\"@Rayuelainfancia\" \/>\n<meta name=\"twitter:site\" content=\"@Rayuelainfancia\" \/>\n<meta name=\"twitter:label1\" content=\"Written by\" \/>\n\t<meta name=\"twitter:data1\" content=\"Rayuelainfancia\" \/>\n\t<meta name=\"twitter:label2\" content=\"Est. reading time\" \/>\n\t<meta name=\"twitter:data2\" content=\"2 minutos\" \/>\n<script type=\"application\/ld+json\" class=\"yoast-schema-graph\">{\"@context\":\"https:\/\/schema.org\",\"@graph\":[{\"@type\":\"Organization\",\"@id\":\"https:\/\/www.rayuelainfancia.com\/blog\/#organization\",\"name\":\"Rayuelainfancia\",\"url\":\"https:\/\/www.rayuelainfancia.com\/blog\/\",\"sameAs\":[\"https:\/\/www.facebook.com\/pages\/Librer\u00eda-Rayuela\/251861686361\",\"https:\/\/www.youtube.com\/channel\/UCddVaoDjpTp-DexyEVoyazQ\",\"https:\/\/twitter.com\/Rayuelainfancia\"],\"logo\":{\"@type\":\"ImageObject\",\"@id\":\"https:\/\/www.rayuelainfancia.com\/blog\/#logo\",\"inLanguage\":\"es\",\"url\":\"https:\/\/www.rayuelainfancia.com\/blog\/wp-content\/uploads\/2018\/06\/logo-rayuelainfancia-color-corporativo.png\",\"contentUrl\":\"https:\/\/www.rayuelainfancia.com\/blog\/wp-content\/uploads\/2018\/06\/logo-rayuelainfancia-color-corporativo.png\",\"width\":1200,\"height\":680,\"caption\":\"Rayuelainfancia\"},\"image\":{\"@id\":\"https:\/\/www.rayuelainfancia.com\/blog\/#logo\"}},{\"@type\":\"WebSite\",\"@id\":\"https:\/\/www.rayuelainfancia.com\/blog\/#website\",\"url\":\"https:\/\/www.rayuelainfancia.com\/blog\/\",\"name\":\"Blog de Rayuelainfancia\",\"description\":\"Libros infantiles y juegos educaticos respestuosos con la infancia\",\"publisher\":{\"@id\":\"https:\/\/www.rayuelainfancia.com\/blog\/#organization\"},\"potentialAction\":[{\"@type\":\"SearchAction\",\"target\":{\"@type\":\"EntryPoint\",\"urlTemplate\":\"https:\/\/www.rayuelainfancia.com\/blog\/?s={search_term_string}\"},\"query-input\":\"required name=search_term_string\"}],\"inLanguage\":\"es\"},{\"@type\":\"ImageObject\",\"@id\":\"https:\/\/www.rayuelainfancia.com\/blog\/la-promesa-de-lena-taller-de-mascaras\/#primaryimage\",\"inLanguage\":\"es\",\"url\":\"https:\/\/www.rayuelainfancia.com\/blog\/wp-content\/uploads\/2025\/02\/blog-promesa-lena.png\",\"contentUrl\":\"https:\/\/www.rayuelainfancia.com\/blog\/wp-content\/uploads\/2025\/02\/blog-promesa-lena.png\",\"width\":750,\"height\":410,\"caption\":\"LAPROMESA DE LENA EN RAYUELA\"},{\"@type\":\"WebPage\",\"@id\":\"https:\/\/www.rayuelainfancia.com\/blog\/la-promesa-de-lena-taller-de-mascaras\/#webpage\",\"url\":\"https:\/\/www.rayuelainfancia.com\/blog\/la-promesa-de-lena-taller-de-mascaras\/\",\"name\":\"LA PROMESA DE LENA + TALLER DE M\u00c1SCARAS &#8902; Blog de Rayuelainfancia\",\"isPartOf\":{\"@id\":\"https:\/\/www.rayuelainfancia.com\/blog\/#website\"},\"primaryImageOfPage\":{\"@id\":\"https:\/\/www.rayuelainfancia.com\/blog\/la-promesa-de-lena-taller-de-mascaras\/#primaryimage\"},\"datePublished\":\"2025-02-13T11:08:08+00:00\",\"dateModified\":\"2025-05-12T09:17:07+00:00\",\"description\":\"El pr\u00f3ximo s\u00e1bado 22 de Febrero a las 12:00h. ven a Rayuela a disfrutar de la presentaci\u00f3n de \\\"La promesa de Lena\\\" + un taller de m\u00e1scaras\",\"breadcrumb\":{\"@id\":\"https:\/\/www.rayuelainfancia.com\/blog\/la-promesa-de-lena-taller-de-mascaras\/#breadcrumb\"},\"inLanguage\":\"es\",\"potentialAction\":[{\"@type\":\"ReadAction\",\"target\":[\"https:\/\/www.rayuelainfancia.com\/blog\/la-promesa-de-lena-taller-de-mascaras\/\"]}]},{\"@type\":\"BreadcrumbList\",\"@id\":\"https:\/\/www.rayuelainfancia.com\/blog\/la-promesa-de-lena-taller-de-mascaras\/#breadcrumb\",\"itemListElement\":[{\"@type\":\"ListItem\",\"position\":1,\"name\":\"Portada\",\"item\":\"https:\/\/www.rayuelainfancia.com\/blog\/\"},{\"@type\":\"ListItem\",\"position\":2,\"name\":\"LA PROMESA DE LENA + TALLER DE M\u00c1SCARAS\"}]},{\"@type\":\"Article\",\"@id\":\"https:\/\/www.rayuelainfancia.com\/blog\/la-promesa-de-lena-taller-de-mascaras\/#article\",\"isPartOf\":{\"@id\":\"https:\/\/www.rayuelainfancia.com\/blog\/la-promesa-de-lena-taller-de-mascaras\/#webpage\"},\"author\":{\"@id\":\"https:\/\/www.rayuelainfancia.com\/blog\/#\/schema\/person\/c1aff250c5154e35f53f26d0eba10c45\"},\"headline\":\"LA PROMESA DE LENA + TALLER DE M\u00c1SCARAS\",\"datePublished\":\"2025-02-13T11:08:08+00:00\",\"dateModified\":\"2025-05-12T09:17:07+00:00\",\"mainEntityOfPage\":{\"@id\":\"https:\/\/www.rayuelainfancia.com\/blog\/la-promesa-de-lena-taller-de-mascaras\/#webpage\"},\"wordCount\":341,\"commentCount\":1,\"publisher\":{\"@id\":\"https:\/\/www.rayuelainfancia.com\/blog\/#organization\"},\"image\":{\"@id\":\"https:\/\/www.rayuelainfancia.com\/blog\/la-promesa-de-lena-taller-de-mascaras\/#primaryimage\"},\"thumbnailUrl\":\"https:\/\/www.rayuelainfancia.com\/blog\/wp-content\/uploads\/2025\/02\/blog-promesa-lena.png\",\"keywords\":[\"actividades\",\"actividades para ni\u00f1os\",\"album\",\"arte\",\"ilustraci\u00f3n\",\"infancia\",\"libros\",\"lij\",\"literatura infantil\",\"PRESENTACI\u00d3N\",\"rayuelainfancia\",\"sevilla\"],\"articleSection\":[\"Actividades Cuentacuentos\",\"Literatura Infantil\"],\"inLanguage\":\"es\",\"potentialAction\":[{\"@type\":\"CommentAction\",\"name\":\"Comment\",\"target\":[\"https:\/\/www.rayuelainfancia.com\/blog\/la-promesa-de-lena-taller-de-mascaras\/#respond\"]}]},{\"@type\":\"Person\",\"@id\":\"https:\/\/www.rayuelainfancia.com\/blog\/#\/schema\/person\/c1aff250c5154e35f53f26d0eba10c45\",\"name\":\"Rayuelainfancia\",\"image\":{\"@type\":\"ImageObject\",\"@id\":\"https:\/\/www.rayuelainfancia.com\/blog\/#personlogo\",\"inLanguage\":\"es\",\"url\":\"https:\/\/secure.gravatar.com\/avatar\/8bf03e7a4bb13ca5c7d0dc6acde2bfd1?s=96&d=mm&r=g\",\"contentUrl\":\"https:\/\/secure.gravatar.com\/avatar\/8bf03e7a4bb13ca5c7d0dc6acde2bfd1?s=96&d=mm&r=g\",\"caption\":\"Rayuelainfancia\"}}]}<\/script>\n<!-- \/ Yoast SEO plugin. -->","yoast_head_json":{"title":"LA PROMESA DE LENA + TALLER DE M\u00c1SCARAS &#8902; Blog de Rayuelainfancia","description":"El pr\u00f3ximo s\u00e1bado 22 de Febrero a las 12:00h. ven a Rayuela a disfrutar de la presentaci\u00f3n de \"La promesa de Lena\" + un taller de m\u00e1scaras","robots":{"index":"index","follow":"follow","max-snippet":"max-snippet:-1","max-image-preview":"max-image-preview:large","max-video-preview":"max-video-preview:-1"},"canonical":"https:\/\/www.rayuelainfancia.com\/blog\/la-promesa-de-lena-taller-de-mascaras\/","og_locale":"es_ES","og_type":"article","og_title":"LA PROMESA DE LENA + TALLER DE M\u00c1SCARAS &#8902; Blog de Rayuelainfancia","og_description":"El pr\u00f3ximo s\u00e1bado 22 de Febrero a las 12:00h. ven a Rayuela a disfrutar de la presentaci\u00f3n de \"La promesa de Lena\" + un taller de m\u00e1scaras","og_url":"https:\/\/www.rayuelainfancia.com\/blog\/la-promesa-de-lena-taller-de-mascaras\/","og_site_name":"Blog de Rayuelainfancia","article_publisher":"https:\/\/www.facebook.com\/pages\/Librer\u00eda-Rayuela\/251861686361","article_published_time":"2025-02-13T11:08:08+00:00","article_modified_time":"2025-05-12T09:17:07+00:00","og_image":[{"width":750,"height":410,"url":"http:\/\/www.rayuelainfancia.com\/blog\/wp-content\/uploads\/2025\/02\/blog-promesa-lena.png","type":"image\/png"}],"twitter_card":"summary","twitter_creator":"@Rayuelainfancia","twitter_site":"@Rayuelainfancia","twitter_misc":{"Written by":"Rayuelainfancia","Est. reading time":"2 minutos"},"schema":{"@context":"https:\/\/schema.org","@graph":[{"@type":"Organization","@id":"https:\/\/www.rayuelainfancia.com\/blog\/#organization","name":"Rayuelainfancia","url":"https:\/\/www.rayuelainfancia.com\/blog\/","sameAs":["https:\/\/www.facebook.com\/pages\/Librer\u00eda-Rayuela\/251861686361","https:\/\/www.youtube.com\/channel\/UCddVaoDjpTp-DexyEVoyazQ","https:\/\/twitter.com\/Rayuelainfancia"],"logo":{"@type":"ImageObject","@id":"https:\/\/www.rayuelainfancia.com\/blog\/#logo","inLanguage":"es","url":"https:\/\/www.rayuelainfancia.com\/blog\/wp-content\/uploads\/2018\/06\/logo-rayuelainfancia-color-corporativo.png","contentUrl":"https:\/\/www.rayuelainfancia.com\/blog\/wp-content\/uploads\/2018\/06\/logo-rayuelainfancia-color-corporativo.png","width":1200,"height":680,"caption":"Rayuelainfancia"},"image":{"@id":"https:\/\/www.rayuelainfancia.com\/blog\/#logo"}},{"@type":"WebSite","@id":"https:\/\/www.rayuelainfancia.com\/blog\/#website","url":"https:\/\/www.rayuelainfancia.com\/blog\/","name":"Blog de Rayuelainfancia","description":"Libros infantiles y juegos educaticos respestuosos con la infancia","publisher":{"@id":"https:\/\/www.rayuelainfancia.com\/blog\/#organization"},"potentialAction":[{"@type":"SearchAction","target":{"@type":"EntryPoint","urlTemplate":"https:\/\/www.rayuelainfancia.com\/blog\/?s={search_term_string}"},"query-input":"required name=search_term_string"}],"inLanguage":"es"},{"@type":"ImageObject","@id":"https:\/\/www.rayuelainfancia.com\/blog\/la-promesa-de-lena-taller-de-mascaras\/#primaryimage","inLanguage":"es","url":"https:\/\/www.rayuelainfancia.com\/blog\/wp-content\/uploads\/2025\/02\/blog-promesa-lena.png","contentUrl":"https:\/\/www.rayuelainfancia.com\/blog\/wp-content\/uploads\/2025\/02\/blog-promesa-lena.png","width":750,"height":410,"caption":"LAPROMESA DE LENA EN RAYUELA"},{"@type":"WebPage","@id":"https:\/\/www.rayuelainfancia.com\/blog\/la-promesa-de-lena-taller-de-mascaras\/#webpage","url":"https:\/\/www.rayuelainfancia.com\/blog\/la-promesa-de-lena-taller-de-mascaras\/","name":"LA PROMESA DE LENA + TALLER DE M\u00c1SCARAS &#8902; Blog de Rayuelainfancia","isPartOf":{"@id":"https:\/\/www.rayuelainfancia.com\/blog\/#website"},"primaryImageOfPage":{"@id":"https:\/\/www.rayuelainfancia.com\/blog\/la-promesa-de-lena-taller-de-mascaras\/#primaryimage"},"datePublished":"2025-02-13T11:08:08+00:00","dateModified":"2025-05-12T09:17:07+00:00","description":"El pr\u00f3ximo s\u00e1bado 22 de Febrero a las 12:00h. ven a Rayuela a disfrutar de la presentaci\u00f3n de \"La promesa de Lena\" + un taller de m\u00e1scaras","breadcrumb":{"@id":"https:\/\/www.rayuelainfancia.com\/blog\/la-promesa-de-lena-taller-de-mascaras\/#breadcrumb"},"inLanguage":"es","potentialAction":[{"@type":"ReadAction","target":["https:\/\/www.rayuelainfancia.com\/blog\/la-promesa-de-lena-taller-de-mascaras\/"]}]},{"@type":"BreadcrumbList","@id":"https:\/\/www.rayuelainfancia.com\/blog\/la-promesa-de-lena-taller-de-mascaras\/#breadcrumb","itemListElement":[{"@type":"ListItem","position":1,"name":"Portada","item":"https:\/\/www.rayuelainfancia.com\/blog\/"},{"@type":"ListItem","position":2,"name":"LA PROMESA DE LENA + TALLER DE M\u00c1SCARAS"}]},{"@type":"Article","@id":"https:\/\/www.rayuelainfancia.com\/blog\/la-promesa-de-lena-taller-de-mascaras\/#article","isPartOf":{"@id":"https:\/\/www.rayuelainfancia.com\/blog\/la-promesa-de-lena-taller-de-mascaras\/#webpage"},"author":{"@id":"https:\/\/www.rayuelainfancia.com\/blog\/#\/schema\/person\/c1aff250c5154e35f53f26d0eba10c45"},"headline":"LA PROMESA DE LENA + TALLER DE M\u00c1SCARAS","datePublished":"2025-02-13T11:08:08+00:00","dateModified":"2025-05-12T09:17:07+00:00","mainEntityOfPage":{"@id":"https:\/\/www.rayuelainfancia.com\/blog\/la-promesa-de-lena-taller-de-mascaras\/#webpage"},"wordCount":341,"commentCount":1,"publisher":{"@id":"https:\/\/www.rayuelainfancia.com\/blog\/#organization"},"image":{"@id":"https:\/\/www.rayuelainfancia.com\/blog\/la-promesa-de-lena-taller-de-mascaras\/#primaryimage"},"thumbnailUrl":"https:\/\/www.rayuelainfancia.com\/blog\/wp-content\/uploads\/2025\/02\/blog-promesa-lena.png","keywords":["actividades","actividades para ni\u00f1os","album","arte","ilustraci\u00f3n","infancia","libros","lij","literatura infantil","PRESENTACI\u00d3N","rayuelainfancia","sevilla"],"articleSection":["Actividades Cuentacuentos","Literatura Infantil"],"inLanguage":"es","potentialAction":[{"@type":"CommentAction","name":"Comment","target":["https:\/\/www.rayuelainfancia.com\/blog\/la-promesa-de-lena-taller-de-mascaras\/#respond"]}]},{"@type":"Person","@id":"https:\/\/www.rayuelainfancia.com\/blog\/#\/schema\/person\/c1aff250c5154e35f53f26d0eba10c45","name":"Rayuelainfancia","image":{"@type":"ImageObject","@id":"https:\/\/www.rayuelainfancia.com\/blog\/#personlogo","inLanguage":"es","url":"https:\/\/secure.gravatar.com\/avatar\/8bf03e7a4bb13ca5c7d0dc6acde2bfd1?s=96&d=mm&r=g","contentUrl":"https:\/\/secure.gravatar.com\/avatar\/8bf03e7a4bb13ca5c7d0dc6acde2bfd1?s=96&d=mm&r=g","caption":"Rayuelainfancia"}}]}},"_links":{"self":[{"href":"https:\/\/www.rayuelainfancia.com\/blog\/wp-json\/wp\/v2\/posts\/5388"}],"collection":[{"href":"https:\/\/www.rayuelainfancia.com\/blog\/wp-json\/wp\/v2\/posts"}],"about":[{"href":"https:\/\/www.rayuelainfancia.com\/blog\/wp-json\/wp\/v2\/types\/post"}],"author":[{"embeddable":true,"href":"https:\/\/www.rayuelainfancia.com\/blog\/wp-json\/wp\/v2\/users\/6"}],"replies":[{"embeddable":true,"href":"https:\/\/www.rayuelainfancia.com\/blog\/wp-json\/wp\/v2\/comments?post=5388"}],"version-history":[{"count":1,"href":"https:\/\/www.rayuelainfancia.com\/blog\/wp-json\/wp\/v2\/posts\/5388\/revisions"}],"predecessor-version":[{"id":5392,"href":"https:\/\/www.rayuelainfancia.com\/blog\/wp-json\/wp\/v2\/posts\/5388\/revisions\/5392"}],"wp:featuredmedia":[{"embeddable":true,"href":"https:\/\/www.rayuelainfancia.com\/blog\/wp-json\/wp\/v2\/media\/5391"}],"wp:attachment":[{"href":"https:\/\/www.rayuelainfancia.com\/blog\/wp-json\/wp\/v2\/media?parent=5388"}],"wp:term":[{"taxonomy":"category","embeddable":true,"href":"https:\/\/www.rayuelainfancia.com\/blog\/wp-json\/wp\/v2\/categories?post=5388"},{"taxonomy":"post_tag","embeddable":true,"href":"https:\/\/www.rayuelainfancia.com\/blog\/wp-json\/wp\/v2\/tags?post=5388"}],"curies":[{"name":"wp","href":"https:\/\/api.w.org\/{rel}","templated":true}]}}