 {"id":5383,"date":"2024-12-11T10:58:16","date_gmt":"2024-12-11T09:58:16","guid":{"rendered":"https:\/\/www.rayuelainfancia.com\/blog\/?p=5383"},"modified":"2025-03-13T13:27:56","modified_gmt":"2025-03-13T12:27:56","slug":"de-luces-y-deseos-cuentos-de-navidad-en-rayuela","status":"publish","type":"post","link":"https:\/\/www.rayuelainfancia.com\/blog\/de-luces-y-deseos-cuentos-de-navidad-en-rayuela\/","title":{"rendered":"DE LUCES Y DESEOS, CUENTOS DE NAVIDAD EN RAYUELA"},"content":{"rendered":"<p>Ya llega la \u00faltima actividad\u00a0 rayuelera de 2024 y no por ello menos importante&#8230; sino la m\u00e1s dulce de todas. El pr\u00f3ximo<strong> s\u00e1bado 14 de diciembre a las 12h.<\/strong> ven a Rayuela a disfrutar de esta sesi\u00f3n de cuentos de navidad con Alicia Bulul\u00fa y Carloco. <!--more--><\/p>\n<p>Mucha magia y mucho cuento. Con esta actividad bajo el nombre <strong>\u00abde luces y deseos\u00bb<\/strong> queremos despedir este a\u00f1o que termina y dar la bienvenida a esta \u00e9poca navide\u00f1a que, siempre ha estado caraterizada por ser \u00e9poca de <strong>compartir historias<\/strong> a la luz de la lumbre. Y aunque no vayamos a encender ning\u00fan fuego en la librer\u00eda, seguro que lo que s\u00ed que se encienden son los corazones de grandes y peque\u00f1os al escuchar estas historias tan hermosas.<\/p>\n<p><img loading=\"lazy\" class=\"alignnone size-full wp-image-5384\" src=\"http:\/\/www.rayuelainfancia.com\/blog\/wp-content\/uploads\/2024\/12\/De-luces-y-deseos-A3.png\" alt=\"\" width=\"1414\" height=\"2000\" srcset=\"https:\/\/www.rayuelainfancia.com\/blog\/wp-content\/uploads\/2024\/12\/De-luces-y-deseos-A3.png 1414w, https:\/\/www.rayuelainfancia.com\/blog\/wp-content\/uploads\/2024\/12\/De-luces-y-deseos-A3-212x300.png 212w, https:\/\/www.rayuelainfancia.com\/blog\/wp-content\/uploads\/2024\/12\/De-luces-y-deseos-A3-724x1024.png 724w, https:\/\/www.rayuelainfancia.com\/blog\/wp-content\/uploads\/2024\/12\/De-luces-y-deseos-A3-768x1086.png 768w, https:\/\/www.rayuelainfancia.com\/blog\/wp-content\/uploads\/2024\/12\/De-luces-y-deseos-A3-1086x1536.png 1086w\" sizes=\"(max-width: 1414px) 100vw, 1414px\" \/><\/p>\n<p>Dos grandes narradores orales, <strong>Carloco y Alicia Bulul\u00fa<\/strong>, nos llevar\u00e1n de la mano al ritmo de su voz para ofrecernos una sesi\u00f3n inolvidable seguro, para p\u00fablico familiar. \u00a1No faltes! \u00a1Te esperamos!<\/p>\n<h2>De luces y deseos<\/h2>\n<p><strong>Cu\u00e1ndo:<\/strong> s\u00e1bado 14 de diciembre a las 12:00h.<\/p>\n<p><strong>D\u00f3nde<\/strong>: Librer\u00eda Rayuela, Calle Jos\u00e9 Luis Luque 6<\/p>\n<p>Para p\u00fablico familiar <strong>a partir de 3 a\u00f1os<\/strong><\/p>\n<p><strong>Entrada libre<\/strong> hasta completar aforo<\/p>\n<p>*Avtividad organizada con la colaboraci\u00f3n de ICAS.<\/p>\n","protected":false},"excerpt":{"rendered":"<p>Ya llega la \u00faltima actividad\u00a0 rayuelera de 2024 y no por ello menos importante&#8230; sino la m\u00e1s dulce de todas. El pr\u00f3ximo s\u00e1bado 14 de diciembre a las 12h. ven a Rayuela a disfrutar de esta sesi\u00f3n de cuentos de navidad con Alicia Bulul\u00fa y Carloco.<\/p>\n","protected":false},"author":6,"featured_media":5386,"comment_status":"open","ping_status":"open","sticky":false,"template":"","format":"standard","meta":[],"categories":[18,21],"tags":[71,155,161,32,68,241,33],"yoast_head":"<!-- This site is optimized with the Yoast SEO plugin v18.5.1 - https:\/\/yoast.com\/wordpress\/plugins\/seo\/ -->\n<title>DE LUCES Y DESEOS, CUENTOS DE NAVIDAD EN RAYUELA &#8902; Blog de Rayuelainfancia<\/title>\n<meta name=\"description\" content=\"El pr\u00f3ximo s\u00e1bado 14 de diciembre a las 12h. ven a Rayuela a disfrutar de esta sesi\u00f3n de cuentos de navidad con Alicia Bulul\u00fa y Carloco.\" \/>\n<meta name=\"robots\" content=\"index, follow, max-snippet:-1, max-image-preview:large, max-video-preview:-1\" \/>\n<link rel=\"canonical\" href=\"https:\/\/www.rayuelainfancia.com\/blog\/de-luces-y-deseos-cuentos-de-navidad-en-rayuela\/\" \/>\n<meta property=\"og:locale\" content=\"es_ES\" \/>\n<meta property=\"og:type\" content=\"article\" \/>\n<meta property=\"og:title\" content=\"DE LUCES Y DESEOS, CUENTOS DE NAVIDAD EN RAYUELA &#8902; Blog de Rayuelainfancia\" \/>\n<meta property=\"og:description\" content=\"El pr\u00f3ximo s\u00e1bado 14 de diciembre a las 12h. ven a Rayuela a disfrutar de esta sesi\u00f3n de cuentos de navidad con Alicia Bulul\u00fa y Carloco.\" \/>\n<meta property=\"og:url\" content=\"https:\/\/www.rayuelainfancia.com\/blog\/de-luces-y-deseos-cuentos-de-navidad-en-rayuela\/\" \/>\n<meta property=\"og:site_name\" content=\"Blog de Rayuelainfancia\" \/>\n<meta property=\"article:publisher\" content=\"https:\/\/www.facebook.com\/pages\/Librer\u00eda-Rayuela\/251861686361\" \/>\n<meta property=\"article:published_time\" content=\"2024-12-11T09:58:16+00:00\" \/>\n<meta property=\"article:modified_time\" content=\"2025-03-13T12:27:56+00:00\" \/>\n<meta property=\"og:image\" content=\"http:\/\/www.rayuelainfancia.com\/blog\/wp-content\/uploads\/2024\/12\/Copia-de-Copia-de-Copia-de-blog-afinidades-24-1.png\" \/>\n\t<meta property=\"og:image:width\" content=\"750\" \/>\n\t<meta property=\"og:image:height\" content=\"410\" \/>\n\t<meta property=\"og:image:type\" content=\"image\/png\" \/>\n<meta name=\"twitter:card\" content=\"summary\" \/>\n<meta name=\"twitter:creator\" content=\"@Rayuelainfancia\" \/>\n<meta name=\"twitter:site\" content=\"@Rayuelainfancia\" \/>\n<meta name=\"twitter:label1\" content=\"Written by\" \/>\n\t<meta name=\"twitter:data1\" content=\"Rayuelainfancia\" \/>\n\t<meta name=\"twitter:label2\" content=\"Est. reading time\" \/>\n\t<meta name=\"twitter:data2\" content=\"1 minuto\" \/>\n<script type=\"application\/ld+json\" class=\"yoast-schema-graph\">{\"@context\":\"https:\/\/schema.org\",\"@graph\":[{\"@type\":\"Organization\",\"@id\":\"https:\/\/www.rayuelainfancia.com\/blog\/#organization\",\"name\":\"Rayuelainfancia\",\"url\":\"https:\/\/www.rayuelainfancia.com\/blog\/\",\"sameAs\":[\"https:\/\/www.facebook.com\/pages\/Librer\u00eda-Rayuela\/251861686361\",\"https:\/\/www.youtube.com\/channel\/UCddVaoDjpTp-DexyEVoyazQ\",\"https:\/\/twitter.com\/Rayuelainfancia\"],\"logo\":{\"@type\":\"ImageObject\",\"@id\":\"https:\/\/www.rayuelainfancia.com\/blog\/#logo\",\"inLanguage\":\"es\",\"url\":\"https:\/\/www.rayuelainfancia.com\/blog\/wp-content\/uploads\/2018\/06\/logo-rayuelainfancia-color-corporativo.png\",\"contentUrl\":\"https:\/\/www.rayuelainfancia.com\/blog\/wp-content\/uploads\/2018\/06\/logo-rayuelainfancia-color-corporativo.png\",\"width\":1200,\"height\":680,\"caption\":\"Rayuelainfancia\"},\"image\":{\"@id\":\"https:\/\/www.rayuelainfancia.com\/blog\/#logo\"}},{\"@type\":\"WebSite\",\"@id\":\"https:\/\/www.rayuelainfancia.com\/blog\/#website\",\"url\":\"https:\/\/www.rayuelainfancia.com\/blog\/\",\"name\":\"Blog de Rayuelainfancia\",\"description\":\"Libros infantiles y juegos educaticos respestuosos con la infancia\",\"publisher\":{\"@id\":\"https:\/\/www.rayuelainfancia.com\/blog\/#organization\"},\"potentialAction\":[{\"@type\":\"SearchAction\",\"target\":{\"@type\":\"EntryPoint\",\"urlTemplate\":\"https:\/\/www.rayuelainfancia.com\/blog\/?s={search_term_string}\"},\"query-input\":\"required name=search_term_string\"}],\"inLanguage\":\"es\"},{\"@type\":\"ImageObject\",\"@id\":\"https:\/\/www.rayuelainfancia.com\/blog\/de-luces-y-deseos-cuentos-de-navidad-en-rayuela\/#primaryimage\",\"inLanguage\":\"es\",\"url\":\"https:\/\/www.rayuelainfancia.com\/blog\/wp-content\/uploads\/2024\/12\/Copia-de-Copia-de-Copia-de-blog-afinidades-24-1.png\",\"contentUrl\":\"https:\/\/www.rayuelainfancia.com\/blog\/wp-content\/uploads\/2024\/12\/Copia-de-Copia-de-Copia-de-blog-afinidades-24-1.png\",\"width\":750,\"height\":410},{\"@type\":\"WebPage\",\"@id\":\"https:\/\/www.rayuelainfancia.com\/blog\/de-luces-y-deseos-cuentos-de-navidad-en-rayuela\/#webpage\",\"url\":\"https:\/\/www.rayuelainfancia.com\/blog\/de-luces-y-deseos-cuentos-de-navidad-en-rayuela\/\",\"name\":\"DE LUCES Y DESEOS, CUENTOS DE NAVIDAD EN RAYUELA &#8902; Blog de Rayuelainfancia\",\"isPartOf\":{\"@id\":\"https:\/\/www.rayuelainfancia.com\/blog\/#website\"},\"primaryImageOfPage\":{\"@id\":\"https:\/\/www.rayuelainfancia.com\/blog\/de-luces-y-deseos-cuentos-de-navidad-en-rayuela\/#primaryimage\"},\"datePublished\":\"2024-12-11T09:58:16+00:00\",\"dateModified\":\"2025-03-13T12:27:56+00:00\",\"description\":\"El pr\u00f3ximo s\u00e1bado 14 de diciembre a las 12h. ven a Rayuela a disfrutar de esta sesi\u00f3n de cuentos de navidad con Alicia Bulul\u00fa y Carloco.\",\"breadcrumb\":{\"@id\":\"https:\/\/www.rayuelainfancia.com\/blog\/de-luces-y-deseos-cuentos-de-navidad-en-rayuela\/#breadcrumb\"},\"inLanguage\":\"es\",\"potentialAction\":[{\"@type\":\"ReadAction\",\"target\":[\"https:\/\/www.rayuelainfancia.com\/blog\/de-luces-y-deseos-cuentos-de-navidad-en-rayuela\/\"]}]},{\"@type\":\"BreadcrumbList\",\"@id\":\"https:\/\/www.rayuelainfancia.com\/blog\/de-luces-y-deseos-cuentos-de-navidad-en-rayuela\/#breadcrumb\",\"itemListElement\":[{\"@type\":\"ListItem\",\"position\":1,\"name\":\"Portada\",\"item\":\"https:\/\/www.rayuelainfancia.com\/blog\/\"},{\"@type\":\"ListItem\",\"position\":2,\"name\":\"DE LUCES Y DESEOS, CUENTOS DE NAVIDAD EN RAYUELA\"}]},{\"@type\":\"Article\",\"@id\":\"https:\/\/www.rayuelainfancia.com\/blog\/de-luces-y-deseos-cuentos-de-navidad-en-rayuela\/#article\",\"isPartOf\":{\"@id\":\"https:\/\/www.rayuelainfancia.com\/blog\/de-luces-y-deseos-cuentos-de-navidad-en-rayuela\/#webpage\"},\"author\":{\"@id\":\"https:\/\/www.rayuelainfancia.com\/blog\/#\/schema\/person\/c1aff250c5154e35f53f26d0eba10c45\"},\"headline\":\"DE LUCES Y DESEOS, CUENTOS DE NAVIDAD EN RAYUELA\",\"datePublished\":\"2024-12-11T09:58:16+00:00\",\"dateModified\":\"2025-03-13T12:27:56+00:00\",\"mainEntityOfPage\":{\"@id\":\"https:\/\/www.rayuelainfancia.com\/blog\/de-luces-y-deseos-cuentos-de-navidad-en-rayuela\/#webpage\"},\"wordCount\":218,\"commentCount\":1,\"publisher\":{\"@id\":\"https:\/\/www.rayuelainfancia.com\/blog\/#organization\"},\"image\":{\"@id\":\"https:\/\/www.rayuelainfancia.com\/blog\/de-luces-y-deseos-cuentos-de-navidad-en-rayuela\/#primaryimage\"},\"thumbnailUrl\":\"https:\/\/www.rayuelainfancia.com\/blog\/wp-content\/uploads\/2024\/12\/Copia-de-Copia-de-Copia-de-blog-afinidades-24-1.png\",\"keywords\":[\"actividades para ni\u00f1os\",\"alicia bululu\",\"carloco\",\"cuentacuentos\",\"infancia\",\"navidad\",\"sevilla\"],\"articleSection\":[\"Actividades Cuentacuentos\",\"Literatura Infantil\"],\"inLanguage\":\"es\",\"potentialAction\":[{\"@type\":\"CommentAction\",\"name\":\"Comment\",\"target\":[\"https:\/\/www.rayuelainfancia.com\/blog\/de-luces-y-deseos-cuentos-de-navidad-en-rayuela\/#respond\"]}]},{\"@type\":\"Person\",\"@id\":\"https:\/\/www.rayuelainfancia.com\/blog\/#\/schema\/person\/c1aff250c5154e35f53f26d0eba10c45\",\"name\":\"Rayuelainfancia\",\"image\":{\"@type\":\"ImageObject\",\"@id\":\"https:\/\/www.rayuelainfancia.com\/blog\/#personlogo\",\"inLanguage\":\"es\",\"url\":\"https:\/\/secure.gravatar.com\/avatar\/8bf03e7a4bb13ca5c7d0dc6acde2bfd1?s=96&d=mm&r=g\",\"contentUrl\":\"https:\/\/secure.gravatar.com\/avatar\/8bf03e7a4bb13ca5c7d0dc6acde2bfd1?s=96&d=mm&r=g\",\"caption\":\"Rayuelainfancia\"}}]}<\/script>\n<!-- \/ Yoast SEO plugin. -->","yoast_head_json":{"title":"DE LUCES Y DESEOS, CUENTOS DE NAVIDAD EN RAYUELA &#8902; Blog de Rayuelainfancia","description":"El pr\u00f3ximo s\u00e1bado 14 de diciembre a las 12h. ven a Rayuela a disfrutar de esta sesi\u00f3n de cuentos de navidad con Alicia Bulul\u00fa y Carloco.","robots":{"index":"index","follow":"follow","max-snippet":"max-snippet:-1","max-image-preview":"max-image-preview:large","max-video-preview":"max-video-preview:-1"},"canonical":"https:\/\/www.rayuelainfancia.com\/blog\/de-luces-y-deseos-cuentos-de-navidad-en-rayuela\/","og_locale":"es_ES","og_type":"article","og_title":"DE LUCES Y DESEOS, CUENTOS DE NAVIDAD EN RAYUELA &#8902; Blog de Rayuelainfancia","og_description":"El pr\u00f3ximo s\u00e1bado 14 de diciembre a las 12h. ven a Rayuela a disfrutar de esta sesi\u00f3n de cuentos de navidad con Alicia Bulul\u00fa y Carloco.","og_url":"https:\/\/www.rayuelainfancia.com\/blog\/de-luces-y-deseos-cuentos-de-navidad-en-rayuela\/","og_site_name":"Blog de Rayuelainfancia","article_publisher":"https:\/\/www.facebook.com\/pages\/Librer\u00eda-Rayuela\/251861686361","article_published_time":"2024-12-11T09:58:16+00:00","article_modified_time":"2025-03-13T12:27:56+00:00","og_image":[{"width":750,"height":410,"url":"http:\/\/www.rayuelainfancia.com\/blog\/wp-content\/uploads\/2024\/12\/Copia-de-Copia-de-Copia-de-blog-afinidades-24-1.png","type":"image\/png"}],"twitter_card":"summary","twitter_creator":"@Rayuelainfancia","twitter_site":"@Rayuelainfancia","twitter_misc":{"Written by":"Rayuelainfancia","Est. reading time":"1 minuto"},"schema":{"@context":"https:\/\/schema.org","@graph":[{"@type":"Organization","@id":"https:\/\/www.rayuelainfancia.com\/blog\/#organization","name":"Rayuelainfancia","url":"https:\/\/www.rayuelainfancia.com\/blog\/","sameAs":["https:\/\/www.facebook.com\/pages\/Librer\u00eda-Rayuela\/251861686361","https:\/\/www.youtube.com\/channel\/UCddVaoDjpTp-DexyEVoyazQ","https:\/\/twitter.com\/Rayuelainfancia"],"logo":{"@type":"ImageObject","@id":"https:\/\/www.rayuelainfancia.com\/blog\/#logo","inLanguage":"es","url":"https:\/\/www.rayuelainfancia.com\/blog\/wp-content\/uploads\/2018\/06\/logo-rayuelainfancia-color-corporativo.png","contentUrl":"https:\/\/www.rayuelainfancia.com\/blog\/wp-content\/uploads\/2018\/06\/logo-rayuelainfancia-color-corporativo.png","width":1200,"height":680,"caption":"Rayuelainfancia"},"image":{"@id":"https:\/\/www.rayuelainfancia.com\/blog\/#logo"}},{"@type":"WebSite","@id":"https:\/\/www.rayuelainfancia.com\/blog\/#website","url":"https:\/\/www.rayuelainfancia.com\/blog\/","name":"Blog de Rayuelainfancia","description":"Libros infantiles y juegos educaticos respestuosos con la infancia","publisher":{"@id":"https:\/\/www.rayuelainfancia.com\/blog\/#organization"},"potentialAction":[{"@type":"SearchAction","target":{"@type":"EntryPoint","urlTemplate":"https:\/\/www.rayuelainfancia.com\/blog\/?s={search_term_string}"},"query-input":"required name=search_term_string"}],"inLanguage":"es"},{"@type":"ImageObject","@id":"https:\/\/www.rayuelainfancia.com\/blog\/de-luces-y-deseos-cuentos-de-navidad-en-rayuela\/#primaryimage","inLanguage":"es","url":"https:\/\/www.rayuelainfancia.com\/blog\/wp-content\/uploads\/2024\/12\/Copia-de-Copia-de-Copia-de-blog-afinidades-24-1.png","contentUrl":"https:\/\/www.rayuelainfancia.com\/blog\/wp-content\/uploads\/2024\/12\/Copia-de-Copia-de-Copia-de-blog-afinidades-24-1.png","width":750,"height":410},{"@type":"WebPage","@id":"https:\/\/www.rayuelainfancia.com\/blog\/de-luces-y-deseos-cuentos-de-navidad-en-rayuela\/#webpage","url":"https:\/\/www.rayuelainfancia.com\/blog\/de-luces-y-deseos-cuentos-de-navidad-en-rayuela\/","name":"DE LUCES Y DESEOS, CUENTOS DE NAVIDAD EN RAYUELA &#8902; Blog de Rayuelainfancia","isPartOf":{"@id":"https:\/\/www.rayuelainfancia.com\/blog\/#website"},"primaryImageOfPage":{"@id":"https:\/\/www.rayuelainfancia.com\/blog\/de-luces-y-deseos-cuentos-de-navidad-en-rayuela\/#primaryimage"},"datePublished":"2024-12-11T09:58:16+00:00","dateModified":"2025-03-13T12:27:56+00:00","description":"El pr\u00f3ximo s\u00e1bado 14 de diciembre a las 12h. ven a Rayuela a disfrutar de esta sesi\u00f3n de cuentos de navidad con Alicia Bulul\u00fa y Carloco.","breadcrumb":{"@id":"https:\/\/www.rayuelainfancia.com\/blog\/de-luces-y-deseos-cuentos-de-navidad-en-rayuela\/#breadcrumb"},"inLanguage":"es","potentialAction":[{"@type":"ReadAction","target":["https:\/\/www.rayuelainfancia.com\/blog\/de-luces-y-deseos-cuentos-de-navidad-en-rayuela\/"]}]},{"@type":"BreadcrumbList","@id":"https:\/\/www.rayuelainfancia.com\/blog\/de-luces-y-deseos-cuentos-de-navidad-en-rayuela\/#breadcrumb","itemListElement":[{"@type":"ListItem","position":1,"name":"Portada","item":"https:\/\/www.rayuelainfancia.com\/blog\/"},{"@type":"ListItem","position":2,"name":"DE LUCES Y DESEOS, CUENTOS DE NAVIDAD EN RAYUELA"}]},{"@type":"Article","@id":"https:\/\/www.rayuelainfancia.com\/blog\/de-luces-y-deseos-cuentos-de-navidad-en-rayuela\/#article","isPartOf":{"@id":"https:\/\/www.rayuelainfancia.com\/blog\/de-luces-y-deseos-cuentos-de-navidad-en-rayuela\/#webpage"},"author":{"@id":"https:\/\/www.rayuelainfancia.com\/blog\/#\/schema\/person\/c1aff250c5154e35f53f26d0eba10c45"},"headline":"DE LUCES Y DESEOS, CUENTOS DE NAVIDAD EN RAYUELA","datePublished":"2024-12-11T09:58:16+00:00","dateModified":"2025-03-13T12:27:56+00:00","mainEntityOfPage":{"@id":"https:\/\/www.rayuelainfancia.com\/blog\/de-luces-y-deseos-cuentos-de-navidad-en-rayuela\/#webpage"},"wordCount":218,"commentCount":1,"publisher":{"@id":"https:\/\/www.rayuelainfancia.com\/blog\/#organization"},"image":{"@id":"https:\/\/www.rayuelainfancia.com\/blog\/de-luces-y-deseos-cuentos-de-navidad-en-rayuela\/#primaryimage"},"thumbnailUrl":"https:\/\/www.rayuelainfancia.com\/blog\/wp-content\/uploads\/2024\/12\/Copia-de-Copia-de-Copia-de-blog-afinidades-24-1.png","keywords":["actividades para ni\u00f1os","alicia bululu","carloco","cuentacuentos","infancia","navidad","sevilla"],"articleSection":["Actividades Cuentacuentos","Literatura Infantil"],"inLanguage":"es","potentialAction":[{"@type":"CommentAction","name":"Comment","target":["https:\/\/www.rayuelainfancia.com\/blog\/de-luces-y-deseos-cuentos-de-navidad-en-rayuela\/#respond"]}]},{"@type":"Person","@id":"https:\/\/www.rayuelainfancia.com\/blog\/#\/schema\/person\/c1aff250c5154e35f53f26d0eba10c45","name":"Rayuelainfancia","image":{"@type":"ImageObject","@id":"https:\/\/www.rayuelainfancia.com\/blog\/#personlogo","inLanguage":"es","url":"https:\/\/secure.gravatar.com\/avatar\/8bf03e7a4bb13ca5c7d0dc6acde2bfd1?s=96&d=mm&r=g","contentUrl":"https:\/\/secure.gravatar.com\/avatar\/8bf03e7a4bb13ca5c7d0dc6acde2bfd1?s=96&d=mm&r=g","caption":"Rayuelainfancia"}}]}},"_links":{"self":[{"href":"https:\/\/www.rayuelainfancia.com\/blog\/wp-json\/wp\/v2\/posts\/5383"}],"collection":[{"href":"https:\/\/www.rayuelainfancia.com\/blog\/wp-json\/wp\/v2\/posts"}],"about":[{"href":"https:\/\/www.rayuelainfancia.com\/blog\/wp-json\/wp\/v2\/types\/post"}],"author":[{"embeddable":true,"href":"https:\/\/www.rayuelainfancia.com\/blog\/wp-json\/wp\/v2\/users\/6"}],"replies":[{"embeddable":true,"href":"https:\/\/www.rayuelainfancia.com\/blog\/wp-json\/wp\/v2\/comments?post=5383"}],"version-history":[{"count":1,"href":"https:\/\/www.rayuelainfancia.com\/blog\/wp-json\/wp\/v2\/posts\/5383\/revisions"}],"predecessor-version":[{"id":5385,"href":"https:\/\/www.rayuelainfancia.com\/blog\/wp-json\/wp\/v2\/posts\/5383\/revisions\/5385"}],"wp:featuredmedia":[{"embeddable":true,"href":"https:\/\/www.rayuelainfancia.com\/blog\/wp-json\/wp\/v2\/media\/5386"}],"wp:attachment":[{"href":"https:\/\/www.rayuelainfancia.com\/blog\/wp-json\/wp\/v2\/media?parent=5383"}],"wp:term":[{"taxonomy":"category","embeddable":true,"href":"https:\/\/www.rayuelainfancia.com\/blog\/wp-json\/wp\/v2\/categories?post=5383"},{"taxonomy":"post_tag","embeddable":true,"href":"https:\/\/www.rayuelainfancia.com\/blog\/wp-json\/wp\/v2\/tags?post=5383"}],"curies":[{"name":"wp","href":"https:\/\/api.w.org\/{rel}","templated":true}]}}