 {"id":5345,"date":"2024-09-23T19:01:46","date_gmt":"2024-09-23T17:01:46","guid":{"rendered":"https:\/\/www.rayuelainfancia.com\/blog\/?p=5345"},"modified":"2024-10-07T12:54:30","modified_gmt":"2024-10-07T10:54:30","slug":"afinidades-electivas-en-rayuela-2","status":"publish","type":"post","link":"https:\/\/www.rayuelainfancia.com\/blog\/afinidades-electivas-en-rayuela-2\/","title":{"rendered":"AFINIDADES ELECTIVAS EN RAYUELA"},"content":{"rendered":"<p>\u00a1Nuevo encuentro de Afinidades Electivas en Rayuela!. <strong>Concha Pasamar y Alejandro Pedregosa<\/strong> en Rayuela. El<strong> Viernes 4 de Octubre a las 20:00h. en Rayuela<\/strong> para disfrutar de este encuentro para cualquier persona interesada en la LIJ, la ilustraci\u00f3n, la literatura y la infancia.<\/p>\n<p><!--more--><\/p>\n<h2 dir=\"ltr\">Afinidades electivas en Rayuela: Concha Pasamar y Alejandro Pedregosa<\/h2>\n<p dir=\"ltr\">Volvemos con esta actividad tan querida. Un encuentro de lujo entre el norte y el sur. Tenemos la inmensa suerte de contar con DOS grandes autores:<a href=\"https:\/\/www.conchapasamar.com\/\"><strong> CONCHA PASAMAR<\/strong><\/a> Y <strong><a href=\"https:\/\/www.alejandropedregosa.es\/\">ALEJANDRO PEDREGOSA<\/a><\/strong>.<\/p>\n<p dir=\"ltr\"><a href=\"https:\/\/www.rayuelainfancia.com\/buscar?controller=search&amp;orderby=position&amp;orderway=desc&amp;search_query=concha+pasamar\"><strong>Concha Pasamar<\/strong><\/a>, reside en Pamplona y es una <strong>autora<\/strong> que ha entrado de lleno en el <strong>mundo de la ilustraci\u00f3n<\/strong>, sobre todo en la composici\u00f3n de \u00e1lbumes ilustrados, evolucionando de manera extraordinaria, depurando su estilo, creando tambi\u00e9n hermosos textos, dado su perfil profesional de Doctora en Ling\u00fc\u00edstica Hisp\u00e1nica.<\/p>\n<p dir=\"ltr\"><strong>Alejandro Pedregosa<\/strong> reside en Granada y es un <strong>excelente poeta<\/strong>, que adem\u00e1s escribe novela y cuento. Como \u00e9l mismo dice: \u00ab<em>Escribo en breve y escribo lento.<\/em> <em>De la literatura me interesa sobre todo la depuraci\u00f3n del texto, esa ambici\u00f3n de sencillez que, bien trabajada, puede atender por igual a lo sutil y a lo complejo\u00bb.<\/em><\/p>\n<p dir=\"ltr\"><img loading=\"lazy\" class=\"alignnone size-full wp-image-5347\" src=\"http:\/\/www.rayuelainfancia.com\/blog\/wp-content\/uploads\/2024\/09\/CARTEL-REDES.png\" alt=\"Afinidades Electivas en Rayuela\" width=\"1414\" height=\"2000\" srcset=\"https:\/\/www.rayuelainfancia.com\/blog\/wp-content\/uploads\/2024\/09\/CARTEL-REDES.png 1414w, https:\/\/www.rayuelainfancia.com\/blog\/wp-content\/uploads\/2024\/09\/CARTEL-REDES-212x300.png 212w, https:\/\/www.rayuelainfancia.com\/blog\/wp-content\/uploads\/2024\/09\/CARTEL-REDES-724x1024.png 724w, https:\/\/www.rayuelainfancia.com\/blog\/wp-content\/uploads\/2024\/09\/CARTEL-REDES-768x1086.png 768w, https:\/\/www.rayuelainfancia.com\/blog\/wp-content\/uploads\/2024\/09\/CARTEL-REDES-1086x1536.png 1086w\" sizes=\"(max-width: 1414px) 100vw, 1414px\" \/><\/p>\n<h2>Algunos libros de los autores<\/h2>\n<p>La obra de estos dos autores nos deja entusiasmados y es inevitable que surjan preguntas que nos gustar\u00eda hacerles. C\u00f3mo se enfrentan al papel en blanco, d\u00f3nde encuentran la inspiraci\u00f3n, para qui\u00e9n escriben o ilustran&#8230; En este encuentro la oportunidad de establecer este di\u00e1logo en primera persona con los autores est\u00e1 servida. Os dejamos algunos de sus libros para ir abriendo boca.<\/p>\n<div id=\"product_list\" class=\"row\"><div class=\"col-xs-6 col-sm-6 col-md-6 col-lg-4 item-product\">\n            <div class=\"product-list text-center\">\n                <p>\n                    <a class=\"product-blog-link\" href=\"https:\/\/www.rayuelainfancia.com\/album-ilustrado\/971929-hora-de-sonar.html?utm_campaign=productBlogPost\" title=\"HORA DE SO  AR\">\n                        <img src=\"\/\/www.rayuelainfancia.com\/1069878-home_default\/hora-de-sonar.jpg\" alt=\"HORA DE SO  AR\" class=\"img-responsive\"><span>HORA DE SO\u00d1AR<\/span><\/a>\n                <\/p>\n            <\/div>\n\n            <div class=\"acciones text-center\">\n                \n                <p class=\"price\">18,00 \u20ac<\/p>\n            <\/div>\n        <\/div><div class=\"col-xs-6 col-sm-6 col-md-6 col-lg-4 item-product\">\n            <div class=\"product-list text-center\">\n                <p>\n                    <a class=\"product-blog-link\" href=\"https:\/\/www.rayuelainfancia.com\/album-ilustrado\/790944-bibliotecarias-a-caballo.html?utm_campaign=productBlogPost\" title=\"BIBLIOTECARIAS A CABALLO\">\n                        <img src=\"\/\/www.rayuelainfancia.com\/808163-home_default\/bibliotecarias-a-caballo.jpg\" alt=\"BIBLIOTECARIAS A CABALLO\" class=\"img-responsive\"><span>BIBLIOTECARIAS A CABALLO<\/span><\/a>\n                <\/p>\n            <\/div>\n\n            <div class=\"acciones text-center\">\n                \n                <p class=\"price\">19,00 \u20ac<\/p>\n            <\/div>\n        <\/div><div class=\"col-xs-6 col-sm-6 col-md-6 col-lg-4 item-product\">\n            <div class=\"product-list text-center\">\n                <p>\n                    <a class=\"product-blog-link\" href=\"https:\/\/www.rayuelainfancia.com\/album-ilustrado\/799209-cuando-mama-llevaba-trenzas.html?utm_campaign=productBlogPost\" title=\"CUANDO MAM   LLEVABA TRENZAS\">\n                        <img src=\"\/\/www.rayuelainfancia.com\/810051-home_default\/cuando-mama-llevaba-trenzas.jpg\" alt=\"CUANDO MAM   LLEVABA TRENZAS\" class=\"img-responsive\"><span>CUANDO MAM\u00c1 LLEVABA TRENZAS<\/span><\/a>\n                <\/p>\n            <\/div>\n\n            <div class=\"acciones text-center\">\n                \n                <p class=\"price\">15,90 \u20ac<\/p>\n            <\/div>\n        <\/div><div class=\"col-xs-6 col-sm-6 col-md-6 col-lg-4 item-product\">\n            <div class=\"product-list text-center\">\n                <p>\n                    <a class=\"product-blog-link\" href=\"https:\/\/www.rayuelainfancia.com\/poesia\/796444-fleco-de-nube.html?utm_campaign=productBlogPost\" title=\"FLECO DE NUBE\">\n                        <img src=\"\/\/www.rayuelainfancia.com\/808164-home_default\/fleco-de-nube.jpg\" alt=\"FLECO DE NUBE\" class=\"img-responsive\"><span>FLECO DE NUBE<\/span><\/a>\n                <\/p>\n            <\/div>\n\n            <div class=\"acciones text-center\">\n                \n                <p class=\"price\">16,00 \u20ac<\/p>\n            <\/div>\n        <\/div><div class=\"col-xs-6 col-sm-6 col-md-6 col-lg-4 item-product\">\n            <div class=\"product-list text-center\">\n                <p>\n                    <a class=\"product-blog-link\" href=\"https:\/\/www.rayuelainfancia.com\/crianza-educacion\/967173-puer-poeticus.html?utm_campaign=productBlogPost\" title=\"PUER POETICUS\">\n                        <img src=\"\/\/www.rayuelainfancia.com\/1061770-home_default\/puer-poeticus.jpg\" alt=\"PUER POETICUS\" class=\"img-responsive\"><span>PUER POETICUS<\/span><\/a>\n                <\/p>\n            <\/div>\n\n            <div class=\"acciones text-center\">\n                \n                <p class=\"price\">16,00 \u20ac<\/p>\n            <\/div>\n        <\/div><div class=\"col-xs-6 col-sm-6 col-md-6 col-lg-4 item-product\">\n            <div class=\"product-list text-center\">\n                <p>\n                    <a class=\"product-blog-link\" href=\"https:\/\/www.rayuelainfancia.com\/poesia\/186925-album-de-familia.html?utm_campaign=productBlogPost\" title=\"  LBUM DE FAMILIA\">\n                        <img src=\"\/\/www.rayuelainfancia.com\/210971-home_default\/album-de-familia.jpg\" alt=\"  LBUM DE FAMILIA\" class=\"img-responsive\"><span>\u00c1LBUM DE FAMILIA<\/span><\/a>\n                <\/p>\n            <\/div>\n\n            <div class=\"acciones text-center\">\n                \n                <p class=\"price\">16,00 \u20ac<\/p>\n            <\/div>\n        <\/div><\/div>\n<p>Esta actividad se enmarca en el programa promovido y financiado por el <strong><a href=\"https:\/\/www.cultura.gob.es\/cultura\/libro\/actividades-literarias\/actividades-literarias-librerias.html\">Ministerio de Cultura<\/a><\/strong>, al que agradecemos, un a\u00f1o m\u00e1s, esta promoci\u00f3n de actividades literarias en librer\u00edas.<\/p>\n<p><strong>No te pierdas este encuentro de lo m\u00e1s interesante<\/strong>. Adem\u00e1s, sabemos de la fuerza y pasi\u00f3n de ambos por comunicar su trabajo en encuentros, por lo que estamos seguro que ser\u00e1 una conversaci\u00f3n m\u00e1s que amable la que entablen, ser\u00e1 ingeniosa, audaz y llena de conocimiento.<\/p>\n<p>\u00a1Te esperamos!<\/p>\n<p><strong>Cu\u00e1ndo:<\/strong> Viernes 4 de Octubre a las 20:00h.<\/p>\n<p><strong>D\u00f3nde:<\/strong> Librer\u00eda Rayuelainfancia. Calle Jos\u00e9 Luis Luque 6, Sevilla<\/p>\n<p><strong>Para qui\u00e9n<\/strong>: publico adulto interesado en la literatura, la ilustraci\u00f3n, la LIJ y la infancia en general<\/p>\n<p><strong>Entrada libre<\/strong> hasta completar aforo<\/p>\n","protected":false},"excerpt":{"rendered":"<p>\u00a1Nuevo encuentro de Afinidades Electivas en Rayuela!. Concha Pasamar y Alejandro Pedregosa en Rayuela. El Viernes 4 de Octubre a las 20:00h. en Rayuela para disfrutar de este encuentro para cualquier persona interesada en la LIJ, la ilustraci\u00f3n, la literatura y la infancia.<\/p>\n","protected":false},"author":6,"featured_media":5349,"comment_status":"open","ping_status":"open","sticky":false,"template":"","format":"standard","meta":[],"categories":[18,21],"tags":[37,51,63,96,68,28,50,29,70,116,33],"yoast_head":"<!-- This site is optimized with the Yoast SEO plugin v18.5.1 - https:\/\/yoast.com\/wordpress\/plugins\/seo\/ -->\n<title>AFINIDADES ELECTIVAS EN RAYUELA &#8902; Blog de Rayuelainfancia<\/title>\n<meta name=\"description\" content=\"\u00a1Nuevo encuentro de Afinidades Electivas en Rayuela! Concha Pasamar y Alejandro Pedregosa en Rayuela. \u00a1El Viernes 4 de Octubre a las 20h. te esperamos!\" \/>\n<meta name=\"robots\" content=\"index, follow, max-snippet:-1, max-image-preview:large, max-video-preview:-1\" \/>\n<link rel=\"canonical\" href=\"https:\/\/www.rayuelainfancia.com\/blog\/afinidades-electivas-en-rayuela-2\/\" \/>\n<meta property=\"og:locale\" content=\"es_ES\" \/>\n<meta property=\"og:type\" content=\"article\" \/>\n<meta property=\"og:title\" content=\"AFINIDADES ELECTIVAS EN RAYUELA &#8902; Blog de Rayuelainfancia\" \/>\n<meta property=\"og:description\" content=\"\u00a1Nuevo encuentro de Afinidades Electivas en Rayuela! Concha Pasamar y Alejandro Pedregosa en Rayuela. \u00a1El Viernes 4 de Octubre a las 20h. te esperamos!\" \/>\n<meta property=\"og:url\" content=\"https:\/\/www.rayuelainfancia.com\/blog\/afinidades-electivas-en-rayuela-2\/\" \/>\n<meta property=\"og:site_name\" content=\"Blog de Rayuelainfancia\" \/>\n<meta property=\"article:publisher\" content=\"https:\/\/www.facebook.com\/pages\/Librer\u00eda-Rayuela\/251861686361\" \/>\n<meta property=\"article:published_time\" content=\"2024-09-23T17:01:46+00:00\" \/>\n<meta property=\"article:modified_time\" content=\"2024-10-07T10:54:30+00:00\" \/>\n<meta property=\"og:image\" content=\"http:\/\/www.rayuelainfancia.com\/blog\/wp-content\/uploads\/2024\/09\/BLOG-AFINIDADES-.png\" \/>\n\t<meta property=\"og:image:width\" content=\"750\" \/>\n\t<meta property=\"og:image:height\" content=\"410\" \/>\n\t<meta property=\"og:image:type\" content=\"image\/png\" \/>\n<meta name=\"twitter:card\" content=\"summary\" \/>\n<meta name=\"twitter:creator\" content=\"@Rayuelainfancia\" \/>\n<meta name=\"twitter:site\" content=\"@Rayuelainfancia\" \/>\n<meta name=\"twitter:label1\" content=\"Written by\" \/>\n\t<meta name=\"twitter:data1\" content=\"Rayuelainfancia\" \/>\n\t<meta name=\"twitter:label2\" content=\"Est. reading time\" \/>\n\t<meta name=\"twitter:data2\" content=\"2 minutos\" \/>\n<script type=\"application\/ld+json\" class=\"yoast-schema-graph\">{\"@context\":\"https:\/\/schema.org\",\"@graph\":[{\"@type\":\"Organization\",\"@id\":\"https:\/\/www.rayuelainfancia.com\/blog\/#organization\",\"name\":\"Rayuelainfancia\",\"url\":\"https:\/\/www.rayuelainfancia.com\/blog\/\",\"sameAs\":[\"https:\/\/www.facebook.com\/pages\/Librer\u00eda-Rayuela\/251861686361\",\"https:\/\/www.youtube.com\/channel\/UCddVaoDjpTp-DexyEVoyazQ\",\"https:\/\/twitter.com\/Rayuelainfancia\"],\"logo\":{\"@type\":\"ImageObject\",\"@id\":\"https:\/\/www.rayuelainfancia.com\/blog\/#logo\",\"inLanguage\":\"es\",\"url\":\"https:\/\/www.rayuelainfancia.com\/blog\/wp-content\/uploads\/2018\/06\/logo-rayuelainfancia-color-corporativo.png\",\"contentUrl\":\"https:\/\/www.rayuelainfancia.com\/blog\/wp-content\/uploads\/2018\/06\/logo-rayuelainfancia-color-corporativo.png\",\"width\":1200,\"height\":680,\"caption\":\"Rayuelainfancia\"},\"image\":{\"@id\":\"https:\/\/www.rayuelainfancia.com\/blog\/#logo\"}},{\"@type\":\"WebSite\",\"@id\":\"https:\/\/www.rayuelainfancia.com\/blog\/#website\",\"url\":\"https:\/\/www.rayuelainfancia.com\/blog\/\",\"name\":\"Blog de Rayuelainfancia\",\"description\":\"Libros infantiles y juegos educaticos respestuosos con la infancia\",\"publisher\":{\"@id\":\"https:\/\/www.rayuelainfancia.com\/blog\/#organization\"},\"potentialAction\":[{\"@type\":\"SearchAction\",\"target\":{\"@type\":\"EntryPoint\",\"urlTemplate\":\"https:\/\/www.rayuelainfancia.com\/blog\/?s={search_term_string}\"},\"query-input\":\"required name=search_term_string\"}],\"inLanguage\":\"es\"},{\"@type\":\"ImageObject\",\"@id\":\"https:\/\/www.rayuelainfancia.com\/blog\/afinidades-electivas-en-rayuela-2\/#primaryimage\",\"inLanguage\":\"es\",\"url\":\"https:\/\/www.rayuelainfancia.com\/blog\/wp-content\/uploads\/2024\/09\/BLOG-AFINIDADES-.png\",\"contentUrl\":\"https:\/\/www.rayuelainfancia.com\/blog\/wp-content\/uploads\/2024\/09\/BLOG-AFINIDADES-.png\",\"width\":750,\"height\":410},{\"@type\":\"WebPage\",\"@id\":\"https:\/\/www.rayuelainfancia.com\/blog\/afinidades-electivas-en-rayuela-2\/#webpage\",\"url\":\"https:\/\/www.rayuelainfancia.com\/blog\/afinidades-electivas-en-rayuela-2\/\",\"name\":\"AFINIDADES ELECTIVAS EN RAYUELA &#8902; Blog de Rayuelainfancia\",\"isPartOf\":{\"@id\":\"https:\/\/www.rayuelainfancia.com\/blog\/#website\"},\"primaryImageOfPage\":{\"@id\":\"https:\/\/www.rayuelainfancia.com\/blog\/afinidades-electivas-en-rayuela-2\/#primaryimage\"},\"datePublished\":\"2024-09-23T17:01:46+00:00\",\"dateModified\":\"2024-10-07T10:54:30+00:00\",\"description\":\"\u00a1Nuevo encuentro de Afinidades Electivas en Rayuela! Concha Pasamar y Alejandro Pedregosa en Rayuela. \u00a1El Viernes 4 de Octubre a las 20h. te esperamos!\",\"breadcrumb\":{\"@id\":\"https:\/\/www.rayuelainfancia.com\/blog\/afinidades-electivas-en-rayuela-2\/#breadcrumb\"},\"inLanguage\":\"es\",\"potentialAction\":[{\"@type\":\"ReadAction\",\"target\":[\"https:\/\/www.rayuelainfancia.com\/blog\/afinidades-electivas-en-rayuela-2\/\"]}]},{\"@type\":\"BreadcrumbList\",\"@id\":\"https:\/\/www.rayuelainfancia.com\/blog\/afinidades-electivas-en-rayuela-2\/#breadcrumb\",\"itemListElement\":[{\"@type\":\"ListItem\",\"position\":1,\"name\":\"Portada\",\"item\":\"https:\/\/www.rayuelainfancia.com\/blog\/\"},{\"@type\":\"ListItem\",\"position\":2,\"name\":\"AFINIDADES ELECTIVAS EN RAYUELA\"}]},{\"@type\":\"Article\",\"@id\":\"https:\/\/www.rayuelainfancia.com\/blog\/afinidades-electivas-en-rayuela-2\/#article\",\"isPartOf\":{\"@id\":\"https:\/\/www.rayuelainfancia.com\/blog\/afinidades-electivas-en-rayuela-2\/#webpage\"},\"author\":{\"@id\":\"https:\/\/www.rayuelainfancia.com\/blog\/#\/schema\/person\/c1aff250c5154e35f53f26d0eba10c45\"},\"headline\":\"AFINIDADES ELECTIVAS EN RAYUELA\",\"datePublished\":\"2024-09-23T17:01:46+00:00\",\"dateModified\":\"2024-10-07T10:54:30+00:00\",\"mainEntityOfPage\":{\"@id\":\"https:\/\/www.rayuelainfancia.com\/blog\/afinidades-electivas-en-rayuela-2\/#webpage\"},\"wordCount\":401,\"commentCount\":0,\"publisher\":{\"@id\":\"https:\/\/www.rayuelainfancia.com\/blog\/#organization\"},\"image\":{\"@id\":\"https:\/\/www.rayuelainfancia.com\/blog\/afinidades-electivas-en-rayuela-2\/#primaryimage\"},\"thumbnailUrl\":\"https:\/\/www.rayuelainfancia.com\/blog\/wp-content\/uploads\/2024\/09\/BLOG-AFINIDADES-.png\",\"keywords\":[\"actividades\",\"album\",\"cultura\",\"ilustraci\u00f3n\",\"infancia\",\"libros\",\"lij\",\"literatura infantil\",\"rayuela\",\"rayuelainfancia\",\"sevilla\"],\"articleSection\":[\"Actividades Cuentacuentos\",\"Literatura Infantil\"],\"inLanguage\":\"es\",\"potentialAction\":[{\"@type\":\"CommentAction\",\"name\":\"Comment\",\"target\":[\"https:\/\/www.rayuelainfancia.com\/blog\/afinidades-electivas-en-rayuela-2\/#respond\"]}]},{\"@type\":\"Person\",\"@id\":\"https:\/\/www.rayuelainfancia.com\/blog\/#\/schema\/person\/c1aff250c5154e35f53f26d0eba10c45\",\"name\":\"Rayuelainfancia\",\"image\":{\"@type\":\"ImageObject\",\"@id\":\"https:\/\/www.rayuelainfancia.com\/blog\/#personlogo\",\"inLanguage\":\"es\",\"url\":\"https:\/\/secure.gravatar.com\/avatar\/8bf03e7a4bb13ca5c7d0dc6acde2bfd1?s=96&d=mm&r=g\",\"contentUrl\":\"https:\/\/secure.gravatar.com\/avatar\/8bf03e7a4bb13ca5c7d0dc6acde2bfd1?s=96&d=mm&r=g\",\"caption\":\"Rayuelainfancia\"}}]}<\/script>\n<!-- \/ Yoast SEO plugin. -->","yoast_head_json":{"title":"AFINIDADES ELECTIVAS EN RAYUELA &#8902; Blog de Rayuelainfancia","description":"\u00a1Nuevo encuentro de Afinidades Electivas en Rayuela! Concha Pasamar y Alejandro Pedregosa en Rayuela. \u00a1El Viernes 4 de Octubre a las 20h. te esperamos!","robots":{"index":"index","follow":"follow","max-snippet":"max-snippet:-1","max-image-preview":"max-image-preview:large","max-video-preview":"max-video-preview:-1"},"canonical":"https:\/\/www.rayuelainfancia.com\/blog\/afinidades-electivas-en-rayuela-2\/","og_locale":"es_ES","og_type":"article","og_title":"AFINIDADES ELECTIVAS EN RAYUELA &#8902; Blog de Rayuelainfancia","og_description":"\u00a1Nuevo encuentro de Afinidades Electivas en Rayuela! Concha Pasamar y Alejandro Pedregosa en Rayuela. \u00a1El Viernes 4 de Octubre a las 20h. te esperamos!","og_url":"https:\/\/www.rayuelainfancia.com\/blog\/afinidades-electivas-en-rayuela-2\/","og_site_name":"Blog de Rayuelainfancia","article_publisher":"https:\/\/www.facebook.com\/pages\/Librer\u00eda-Rayuela\/251861686361","article_published_time":"2024-09-23T17:01:46+00:00","article_modified_time":"2024-10-07T10:54:30+00:00","og_image":[{"width":750,"height":410,"url":"http:\/\/www.rayuelainfancia.com\/blog\/wp-content\/uploads\/2024\/09\/BLOG-AFINIDADES-.png","type":"image\/png"}],"twitter_card":"summary","twitter_creator":"@Rayuelainfancia","twitter_site":"@Rayuelainfancia","twitter_misc":{"Written by":"Rayuelainfancia","Est. reading time":"2 minutos"},"schema":{"@context":"https:\/\/schema.org","@graph":[{"@type":"Organization","@id":"https:\/\/www.rayuelainfancia.com\/blog\/#organization","name":"Rayuelainfancia","url":"https:\/\/www.rayuelainfancia.com\/blog\/","sameAs":["https:\/\/www.facebook.com\/pages\/Librer\u00eda-Rayuela\/251861686361","https:\/\/www.youtube.com\/channel\/UCddVaoDjpTp-DexyEVoyazQ","https:\/\/twitter.com\/Rayuelainfancia"],"logo":{"@type":"ImageObject","@id":"https:\/\/www.rayuelainfancia.com\/blog\/#logo","inLanguage":"es","url":"https:\/\/www.rayuelainfancia.com\/blog\/wp-content\/uploads\/2018\/06\/logo-rayuelainfancia-color-corporativo.png","contentUrl":"https:\/\/www.rayuelainfancia.com\/blog\/wp-content\/uploads\/2018\/06\/logo-rayuelainfancia-color-corporativo.png","width":1200,"height":680,"caption":"Rayuelainfancia"},"image":{"@id":"https:\/\/www.rayuelainfancia.com\/blog\/#logo"}},{"@type":"WebSite","@id":"https:\/\/www.rayuelainfancia.com\/blog\/#website","url":"https:\/\/www.rayuelainfancia.com\/blog\/","name":"Blog de Rayuelainfancia","description":"Libros infantiles y juegos educaticos respestuosos con la infancia","publisher":{"@id":"https:\/\/www.rayuelainfancia.com\/blog\/#organization"},"potentialAction":[{"@type":"SearchAction","target":{"@type":"EntryPoint","urlTemplate":"https:\/\/www.rayuelainfancia.com\/blog\/?s={search_term_string}"},"query-input":"required name=search_term_string"}],"inLanguage":"es"},{"@type":"ImageObject","@id":"https:\/\/www.rayuelainfancia.com\/blog\/afinidades-electivas-en-rayuela-2\/#primaryimage","inLanguage":"es","url":"https:\/\/www.rayuelainfancia.com\/blog\/wp-content\/uploads\/2024\/09\/BLOG-AFINIDADES-.png","contentUrl":"https:\/\/www.rayuelainfancia.com\/blog\/wp-content\/uploads\/2024\/09\/BLOG-AFINIDADES-.png","width":750,"height":410},{"@type":"WebPage","@id":"https:\/\/www.rayuelainfancia.com\/blog\/afinidades-electivas-en-rayuela-2\/#webpage","url":"https:\/\/www.rayuelainfancia.com\/blog\/afinidades-electivas-en-rayuela-2\/","name":"AFINIDADES ELECTIVAS EN RAYUELA &#8902; Blog de Rayuelainfancia","isPartOf":{"@id":"https:\/\/www.rayuelainfancia.com\/blog\/#website"},"primaryImageOfPage":{"@id":"https:\/\/www.rayuelainfancia.com\/blog\/afinidades-electivas-en-rayuela-2\/#primaryimage"},"datePublished":"2024-09-23T17:01:46+00:00","dateModified":"2024-10-07T10:54:30+00:00","description":"\u00a1Nuevo encuentro de Afinidades Electivas en Rayuela! Concha Pasamar y Alejandro Pedregosa en Rayuela. \u00a1El Viernes 4 de Octubre a las 20h. te esperamos!","breadcrumb":{"@id":"https:\/\/www.rayuelainfancia.com\/blog\/afinidades-electivas-en-rayuela-2\/#breadcrumb"},"inLanguage":"es","potentialAction":[{"@type":"ReadAction","target":["https:\/\/www.rayuelainfancia.com\/blog\/afinidades-electivas-en-rayuela-2\/"]}]},{"@type":"BreadcrumbList","@id":"https:\/\/www.rayuelainfancia.com\/blog\/afinidades-electivas-en-rayuela-2\/#breadcrumb","itemListElement":[{"@type":"ListItem","position":1,"name":"Portada","item":"https:\/\/www.rayuelainfancia.com\/blog\/"},{"@type":"ListItem","position":2,"name":"AFINIDADES ELECTIVAS EN RAYUELA"}]},{"@type":"Article","@id":"https:\/\/www.rayuelainfancia.com\/blog\/afinidades-electivas-en-rayuela-2\/#article","isPartOf":{"@id":"https:\/\/www.rayuelainfancia.com\/blog\/afinidades-electivas-en-rayuela-2\/#webpage"},"author":{"@id":"https:\/\/www.rayuelainfancia.com\/blog\/#\/schema\/person\/c1aff250c5154e35f53f26d0eba10c45"},"headline":"AFINIDADES ELECTIVAS EN RAYUELA","datePublished":"2024-09-23T17:01:46+00:00","dateModified":"2024-10-07T10:54:30+00:00","mainEntityOfPage":{"@id":"https:\/\/www.rayuelainfancia.com\/blog\/afinidades-electivas-en-rayuela-2\/#webpage"},"wordCount":401,"commentCount":0,"publisher":{"@id":"https:\/\/www.rayuelainfancia.com\/blog\/#organization"},"image":{"@id":"https:\/\/www.rayuelainfancia.com\/blog\/afinidades-electivas-en-rayuela-2\/#primaryimage"},"thumbnailUrl":"https:\/\/www.rayuelainfancia.com\/blog\/wp-content\/uploads\/2024\/09\/BLOG-AFINIDADES-.png","keywords":["actividades","album","cultura","ilustraci\u00f3n","infancia","libros","lij","literatura infantil","rayuela","rayuelainfancia","sevilla"],"articleSection":["Actividades Cuentacuentos","Literatura Infantil"],"inLanguage":"es","potentialAction":[{"@type":"CommentAction","name":"Comment","target":["https:\/\/www.rayuelainfancia.com\/blog\/afinidades-electivas-en-rayuela-2\/#respond"]}]},{"@type":"Person","@id":"https:\/\/www.rayuelainfancia.com\/blog\/#\/schema\/person\/c1aff250c5154e35f53f26d0eba10c45","name":"Rayuelainfancia","image":{"@type":"ImageObject","@id":"https:\/\/www.rayuelainfancia.com\/blog\/#personlogo","inLanguage":"es","url":"https:\/\/secure.gravatar.com\/avatar\/8bf03e7a4bb13ca5c7d0dc6acde2bfd1?s=96&d=mm&r=g","contentUrl":"https:\/\/secure.gravatar.com\/avatar\/8bf03e7a4bb13ca5c7d0dc6acde2bfd1?s=96&d=mm&r=g","caption":"Rayuelainfancia"}}]}},"_links":{"self":[{"href":"https:\/\/www.rayuelainfancia.com\/blog\/wp-json\/wp\/v2\/posts\/5345"}],"collection":[{"href":"https:\/\/www.rayuelainfancia.com\/blog\/wp-json\/wp\/v2\/posts"}],"about":[{"href":"https:\/\/www.rayuelainfancia.com\/blog\/wp-json\/wp\/v2\/types\/post"}],"author":[{"embeddable":true,"href":"https:\/\/www.rayuelainfancia.com\/blog\/wp-json\/wp\/v2\/users\/6"}],"replies":[{"embeddable":true,"href":"https:\/\/www.rayuelainfancia.com\/blog\/wp-json\/wp\/v2\/comments?post=5345"}],"version-history":[{"count":9,"href":"https:\/\/www.rayuelainfancia.com\/blog\/wp-json\/wp\/v2\/posts\/5345\/revisions"}],"predecessor-version":[{"id":5356,"href":"https:\/\/www.rayuelainfancia.com\/blog\/wp-json\/wp\/v2\/posts\/5345\/revisions\/5356"}],"wp:featuredmedia":[{"embeddable":true,"href":"https:\/\/www.rayuelainfancia.com\/blog\/wp-json\/wp\/v2\/media\/5349"}],"wp:attachment":[{"href":"https:\/\/www.rayuelainfancia.com\/blog\/wp-json\/wp\/v2\/media?parent=5345"}],"wp:term":[{"taxonomy":"category","embeddable":true,"href":"https:\/\/www.rayuelainfancia.com\/blog\/wp-json\/wp\/v2\/categories?post=5345"},{"taxonomy":"post_tag","embeddable":true,"href":"https:\/\/www.rayuelainfancia.com\/blog\/wp-json\/wp\/v2\/tags?post=5345"}],"curies":[{"name":"wp","href":"https:\/\/api.w.org\/{rel}","templated":true}]}}