 {"id":5300,"date":"2024-02-27T12:43:07","date_gmt":"2024-02-27T11:43:07","guid":{"rendered":"https:\/\/www.rayuelainfancia.com\/blog\/?p=5300"},"modified":"2024-12-11T09:49:02","modified_gmt":"2024-12-11T08:49:02","slug":"la-tribu-de-kai-en-rayuela","status":"publish","type":"post","link":"https:\/\/www.rayuelainfancia.com\/blog\/la-tribu-de-kai-en-rayuela\/","title":{"rendered":"LA TRIBU DE KAI EN RAYUELA"},"content":{"rendered":"<p>El <strong>s\u00e1bado 2 de Marzo a las 12:00h.<\/strong>ven a disfrutar de <strong>La tribu de Kai<\/strong> en Rayuela, con su autora Raquel D\u00edaz Reguera.<\/p>\n<p><!--more--><\/p>\n<div class=\"xdj266r x11i5rnm xat24cr x1mh8g0r x1vvkbs x126k92a\">\n<div dir=\"auto\">Este s\u00e1bado 2 de Marzo a las 12:00h en Rayuela, ven a disfrutar con la autora de esta colecci\u00f3n prehist\u00f3ricamente divertida: Raquel D\u00edaz Reguera.<\/div>\n<div dir=\"auto\"><\/div>\n<\/div>\n<div class=\"x11i5rnm xat24cr x1mh8g0r x1vvkbs xtlvy1s x126k92a\">\n<div dir=\"auto\"><strong>La tribu de Kai<\/strong> es una colecci\u00f3n de lecturas ilustradas por Luc\u00eda Serrano y editadas por la editorial <a href=\"https:\/\/www.editorialflamboyant.com\/\">Flamboyant<\/a> perfectas para <strong>primeros lectores<\/strong>, a partir de 5 o 6 a\u00f1os. Sus dos primeros t\u00edtulos son <span style=\"color: #ff6600;\"><strong><a style=\"color: #ff6600;\" href=\"https:\/\/www.rayuelainfancia.com\/primeros-lectores-5\/1087732-la-tribu-de-kai.html\">\u00abLa danza del Cuentaconmigo\u00bb<\/a><\/strong><\/span> y <a href=\"https:\/\/www.rayuelainfancia.com\/primeros-lectores-5\/1087733-la-tribu-de-kai-2.html\"><strong><span style=\"color: #ff6600;\">\u00abEl nuevo mundo\u00bb<\/span><\/strong><\/a>.<\/div>\n<div dir=\"auto\"><\/div>\n<\/div>\n<blockquote>\n<div dir=\"auto\">\n<blockquote>\n<p style=\"text-align: center;\">La vida de una ni\u00f1a cavern\u00edcola no es precisamente lo que suele llamarse un pase\u00edto por la prehistoria<\/p>\n<\/blockquote>\n<p>&nbsp;<\/p>\n<\/div>\n<\/blockquote>\n<div dir=\"auto\"><img loading=\"lazy\" class=\"alignnone size-full wp-image-5379 aligncenter\" src=\"http:\/\/www.rayuelainfancia.com\/blog\/wp-content\/uploads\/2024\/02\/Sabado-2-deMarzo-a-las-1200h.-en-Rayuela.png\" alt=\"\" width=\"1080\" height=\"1080\" srcset=\"https:\/\/www.rayuelainfancia.com\/blog\/wp-content\/uploads\/2024\/02\/Sabado-2-deMarzo-a-las-1200h.-en-Rayuela.png 1080w, https:\/\/www.rayuelainfancia.com\/blog\/wp-content\/uploads\/2024\/02\/Sabado-2-deMarzo-a-las-1200h.-en-Rayuela-300x300.png 300w, https:\/\/www.rayuelainfancia.com\/blog\/wp-content\/uploads\/2024\/02\/Sabado-2-deMarzo-a-las-1200h.-en-Rayuela-1024x1024.png 1024w, https:\/\/www.rayuelainfancia.com\/blog\/wp-content\/uploads\/2024\/02\/Sabado-2-deMarzo-a-las-1200h.-en-Rayuela-150x150.png 150w, https:\/\/www.rayuelainfancia.com\/blog\/wp-content\/uploads\/2024\/02\/Sabado-2-deMarzo-a-las-1200h.-en-Rayuela-768x768.png 768w, https:\/\/www.rayuelainfancia.com\/blog\/wp-content\/uploads\/2024\/02\/Sabado-2-deMarzo-a-las-1200h.-en-Rayuela-60x60.png 60w\" sizes=\"(max-width: 1080px) 100vw, 1080px\" \/><\/div>\n<div class=\"x11i5rnm xat24cr x1mh8g0r x1vvkbs xtlvy1s x126k92a\">\n<div dir=\"auto\"><\/div>\n<\/div>\n<div class=\"x11i5rnm xat24cr x1mh8g0r x1vvkbs xtlvy1s x126k92a\">\n<div dir=\"auto\">Te invitamos a disfrutar de esta presentaci\u00f3n que ser\u00e1 como siempre muy interactiva y atractiva para toda la familia \u00a1Y a llevarte tus libros de Raquel firmados!<\/div>\n<div dir=\"auto\"><\/div>\n<div dir=\"auto\" style=\"text-align: center;\">\u00a1No te lo pierdas! \u00a1Te esperamos!<\/div>\n<\/div>\n<div dir=\"auto\"><\/div>\n<h2 dir=\"auto\">Actividad 2 de Marzo<\/h2>\n<p>Presentaci\u00f3n de la colecci\u00f3n \u00abLa tribu de Kai\u00bb con Raquel D\u00edaz Reguera<\/p>\n<p><strong>Fecha:<\/strong> S\u00e1bado 2 de Marzo a las 12:00h<\/p>\n<p><strong>Lugar:<\/strong> Librer\u00eda Rayuela, calle Jos\u00e9 Luis Luque 6, 41003 Sevilla<\/p>\n<p><strong>Entrada libre\u00a0<\/strong><\/p>\n<p>*Una actividad que cuenta con la colaboraci\u00f3n del ICAS.<\/p>\n","protected":false},"excerpt":{"rendered":"<p>El s\u00e1bado 2 de Marzo a las 12:00h.ven a disfrutar de La tribu de Kai en Rayuela, con su autora Raquel D\u00edaz Reguera.<\/p>\n","protected":false},"author":6,"featured_media":5302,"comment_status":"open","ping_status":"open","sticky":false,"template":"","format":"standard","meta":[],"categories":[18,21],"tags":[214,211,50,212,213,210,112,215],"yoast_head":"<!-- This site is optimized with the Yoast SEO plugin v18.5.1 - https:\/\/yoast.com\/wordpress\/plugins\/seo\/ -->\n<title>LA TRIBU DE KAI EN RAYUELA &#8902; Blog de Rayuelainfancia<\/title>\n<meta name=\"description\" content=\"El s\u00e1bado 2 de Marzo a las 12:00h.ven a disfrutar de La tribu de Kai en Rayuela, con su autora Raquel D\u00edaz Reguera.\u00a0\" \/>\n<meta name=\"robots\" content=\"index, follow, max-snippet:-1, max-image-preview:large, max-video-preview:-1\" \/>\n<link rel=\"canonical\" href=\"https:\/\/www.rayuelainfancia.com\/blog\/la-tribu-de-kai-en-rayuela\/\" \/>\n<meta property=\"og:locale\" content=\"es_ES\" \/>\n<meta property=\"og:type\" content=\"article\" \/>\n<meta property=\"og:title\" content=\"LA TRIBU DE KAI EN RAYUELA &#8902; Blog de Rayuelainfancia\" \/>\n<meta property=\"og:description\" content=\"El s\u00e1bado 2 de Marzo a las 12:00h.ven a disfrutar de La tribu de Kai en Rayuela, con su autora Raquel D\u00edaz Reguera.\u00a0\" \/>\n<meta property=\"og:url\" content=\"https:\/\/www.rayuelainfancia.com\/blog\/la-tribu-de-kai-en-rayuela\/\" \/>\n<meta property=\"og:site_name\" content=\"Blog de Rayuelainfancia\" \/>\n<meta property=\"article:publisher\" content=\"https:\/\/www.facebook.com\/pages\/Librer\u00eda-Rayuela\/251861686361\" \/>\n<meta property=\"article:published_time\" content=\"2024-02-27T11:43:07+00:00\" \/>\n<meta property=\"article:modified_time\" content=\"2024-12-11T08:49:02+00:00\" \/>\n<meta property=\"og:image\" content=\"http:\/\/www.rayuelainfancia.com\/blog\/wp-content\/uploads\/2024\/02\/blog-tribu-de-kai.png\" \/>\n\t<meta property=\"og:image:width\" content=\"750\" \/>\n\t<meta property=\"og:image:height\" content=\"410\" \/>\n\t<meta property=\"og:image:type\" content=\"image\/png\" \/>\n<meta name=\"twitter:card\" content=\"summary\" \/>\n<meta name=\"twitter:creator\" content=\"@Rayuelainfancia\" \/>\n<meta name=\"twitter:site\" content=\"@Rayuelainfancia\" \/>\n<meta name=\"twitter:label1\" content=\"Written by\" \/>\n\t<meta name=\"twitter:data1\" content=\"Rayuelainfancia\" \/>\n\t<meta name=\"twitter:label2\" content=\"Est. reading time\" \/>\n\t<meta name=\"twitter:data2\" content=\"1 minuto\" \/>\n<script type=\"application\/ld+json\" class=\"yoast-schema-graph\">{\"@context\":\"https:\/\/schema.org\",\"@graph\":[{\"@type\":\"Organization\",\"@id\":\"https:\/\/www.rayuelainfancia.com\/blog\/#organization\",\"name\":\"Rayuelainfancia\",\"url\":\"https:\/\/www.rayuelainfancia.com\/blog\/\",\"sameAs\":[\"https:\/\/www.facebook.com\/pages\/Librer\u00eda-Rayuela\/251861686361\",\"https:\/\/www.youtube.com\/channel\/UCddVaoDjpTp-DexyEVoyazQ\",\"https:\/\/twitter.com\/Rayuelainfancia\"],\"logo\":{\"@type\":\"ImageObject\",\"@id\":\"https:\/\/www.rayuelainfancia.com\/blog\/#logo\",\"inLanguage\":\"es\",\"url\":\"https:\/\/www.rayuelainfancia.com\/blog\/wp-content\/uploads\/2018\/06\/logo-rayuelainfancia-color-corporativo.png\",\"contentUrl\":\"https:\/\/www.rayuelainfancia.com\/blog\/wp-content\/uploads\/2018\/06\/logo-rayuelainfancia-color-corporativo.png\",\"width\":1200,\"height\":680,\"caption\":\"Rayuelainfancia\"},\"image\":{\"@id\":\"https:\/\/www.rayuelainfancia.com\/blog\/#logo\"}},{\"@type\":\"WebSite\",\"@id\":\"https:\/\/www.rayuelainfancia.com\/blog\/#website\",\"url\":\"https:\/\/www.rayuelainfancia.com\/blog\/\",\"name\":\"Blog de Rayuelainfancia\",\"description\":\"Libros infantiles y juegos educaticos respestuosos con la infancia\",\"publisher\":{\"@id\":\"https:\/\/www.rayuelainfancia.com\/blog\/#organization\"},\"potentialAction\":[{\"@type\":\"SearchAction\",\"target\":{\"@type\":\"EntryPoint\",\"urlTemplate\":\"https:\/\/www.rayuelainfancia.com\/blog\/?s={search_term_string}\"},\"query-input\":\"required name=search_term_string\"}],\"inLanguage\":\"es\"},{\"@type\":\"ImageObject\",\"@id\":\"https:\/\/www.rayuelainfancia.com\/blog\/la-tribu-de-kai-en-rayuela\/#primaryimage\",\"inLanguage\":\"es\",\"url\":\"https:\/\/www.rayuelainfancia.com\/blog\/wp-content\/uploads\/2024\/02\/blog-tribu-de-kai.png\",\"contentUrl\":\"https:\/\/www.rayuelainfancia.com\/blog\/wp-content\/uploads\/2024\/02\/blog-tribu-de-kai.png\",\"width\":750,\"height\":410},{\"@type\":\"WebPage\",\"@id\":\"https:\/\/www.rayuelainfancia.com\/blog\/la-tribu-de-kai-en-rayuela\/#webpage\",\"url\":\"https:\/\/www.rayuelainfancia.com\/blog\/la-tribu-de-kai-en-rayuela\/\",\"name\":\"LA TRIBU DE KAI EN RAYUELA &#8902; Blog de Rayuelainfancia\",\"isPartOf\":{\"@id\":\"https:\/\/www.rayuelainfancia.com\/blog\/#website\"},\"primaryImageOfPage\":{\"@id\":\"https:\/\/www.rayuelainfancia.com\/blog\/la-tribu-de-kai-en-rayuela\/#primaryimage\"},\"datePublished\":\"2024-02-27T11:43:07+00:00\",\"dateModified\":\"2024-12-11T08:49:02+00:00\",\"description\":\"El s\u00e1bado 2 de Marzo a las 12:00h.ven a disfrutar de La tribu de Kai en Rayuela, con su autora Raquel D\u00edaz Reguera.\u00a0\",\"breadcrumb\":{\"@id\":\"https:\/\/www.rayuelainfancia.com\/blog\/la-tribu-de-kai-en-rayuela\/#breadcrumb\"},\"inLanguage\":\"es\",\"potentialAction\":[{\"@type\":\"ReadAction\",\"target\":[\"https:\/\/www.rayuelainfancia.com\/blog\/la-tribu-de-kai-en-rayuela\/\"]}]},{\"@type\":\"BreadcrumbList\",\"@id\":\"https:\/\/www.rayuelainfancia.com\/blog\/la-tribu-de-kai-en-rayuela\/#breadcrumb\",\"itemListElement\":[{\"@type\":\"ListItem\",\"position\":1,\"name\":\"Portada\",\"item\":\"https:\/\/www.rayuelainfancia.com\/blog\/\"},{\"@type\":\"ListItem\",\"position\":2,\"name\":\"LA TRIBU DE KAI EN RAYUELA\"}]},{\"@type\":\"Article\",\"@id\":\"https:\/\/www.rayuelainfancia.com\/blog\/la-tribu-de-kai-en-rayuela\/#article\",\"isPartOf\":{\"@id\":\"https:\/\/www.rayuelainfancia.com\/blog\/la-tribu-de-kai-en-rayuela\/#webpage\"},\"author\":{\"@id\":\"https:\/\/www.rayuelainfancia.com\/blog\/#\/schema\/person\/c1aff250c5154e35f53f26d0eba10c45\"},\"headline\":\"LA TRIBU DE KAI EN RAYUELA\",\"datePublished\":\"2024-02-27T11:43:07+00:00\",\"dateModified\":\"2024-12-11T08:49:02+00:00\",\"mainEntityOfPage\":{\"@id\":\"https:\/\/www.rayuelainfancia.com\/blog\/la-tribu-de-kai-en-rayuela\/#webpage\"},\"wordCount\":206,\"commentCount\":0,\"publisher\":{\"@id\":\"https:\/\/www.rayuelainfancia.com\/blog\/#organization\"},\"image\":{\"@id\":\"https:\/\/www.rayuelainfancia.com\/blog\/la-tribu-de-kai-en-rayuela\/#primaryimage\"},\"thumbnailUrl\":\"https:\/\/www.rayuelainfancia.com\/blog\/wp-content\/uploads\/2024\/02\/blog-tribu-de-kai.png\",\"keywords\":[\"aventuras\",\"la tribu de kai\",\"lij\",\"luc\u00eda serrano\",\"prehistoria\",\"primeros lectores\",\"raquel diaz reguera\",\"tribu\"],\"articleSection\":[\"Actividades Cuentacuentos\",\"Literatura Infantil\"],\"inLanguage\":\"es\",\"potentialAction\":[{\"@type\":\"CommentAction\",\"name\":\"Comment\",\"target\":[\"https:\/\/www.rayuelainfancia.com\/blog\/la-tribu-de-kai-en-rayuela\/#respond\"]}]},{\"@type\":\"Person\",\"@id\":\"https:\/\/www.rayuelainfancia.com\/blog\/#\/schema\/person\/c1aff250c5154e35f53f26d0eba10c45\",\"name\":\"Rayuelainfancia\",\"image\":{\"@type\":\"ImageObject\",\"@id\":\"https:\/\/www.rayuelainfancia.com\/blog\/#personlogo\",\"inLanguage\":\"es\",\"url\":\"https:\/\/secure.gravatar.com\/avatar\/8bf03e7a4bb13ca5c7d0dc6acde2bfd1?s=96&d=mm&r=g\",\"contentUrl\":\"https:\/\/secure.gravatar.com\/avatar\/8bf03e7a4bb13ca5c7d0dc6acde2bfd1?s=96&d=mm&r=g\",\"caption\":\"Rayuelainfancia\"}}]}<\/script>\n<!-- \/ Yoast SEO plugin. -->","yoast_head_json":{"title":"LA TRIBU DE KAI EN RAYUELA &#8902; Blog de Rayuelainfancia","description":"El s\u00e1bado 2 de Marzo a las 12:00h.ven a disfrutar de La tribu de Kai en Rayuela, con su autora Raquel D\u00edaz Reguera.\u00a0","robots":{"index":"index","follow":"follow","max-snippet":"max-snippet:-1","max-image-preview":"max-image-preview:large","max-video-preview":"max-video-preview:-1"},"canonical":"https:\/\/www.rayuelainfancia.com\/blog\/la-tribu-de-kai-en-rayuela\/","og_locale":"es_ES","og_type":"article","og_title":"LA TRIBU DE KAI EN RAYUELA &#8902; Blog de Rayuelainfancia","og_description":"El s\u00e1bado 2 de Marzo a las 12:00h.ven a disfrutar de La tribu de Kai en Rayuela, con su autora Raquel D\u00edaz Reguera.\u00a0","og_url":"https:\/\/www.rayuelainfancia.com\/blog\/la-tribu-de-kai-en-rayuela\/","og_site_name":"Blog de Rayuelainfancia","article_publisher":"https:\/\/www.facebook.com\/pages\/Librer\u00eda-Rayuela\/251861686361","article_published_time":"2024-02-27T11:43:07+00:00","article_modified_time":"2024-12-11T08:49:02+00:00","og_image":[{"width":750,"height":410,"url":"http:\/\/www.rayuelainfancia.com\/blog\/wp-content\/uploads\/2024\/02\/blog-tribu-de-kai.png","type":"image\/png"}],"twitter_card":"summary","twitter_creator":"@Rayuelainfancia","twitter_site":"@Rayuelainfancia","twitter_misc":{"Written by":"Rayuelainfancia","Est. reading time":"1 minuto"},"schema":{"@context":"https:\/\/schema.org","@graph":[{"@type":"Organization","@id":"https:\/\/www.rayuelainfancia.com\/blog\/#organization","name":"Rayuelainfancia","url":"https:\/\/www.rayuelainfancia.com\/blog\/","sameAs":["https:\/\/www.facebook.com\/pages\/Librer\u00eda-Rayuela\/251861686361","https:\/\/www.youtube.com\/channel\/UCddVaoDjpTp-DexyEVoyazQ","https:\/\/twitter.com\/Rayuelainfancia"],"logo":{"@type":"ImageObject","@id":"https:\/\/www.rayuelainfancia.com\/blog\/#logo","inLanguage":"es","url":"https:\/\/www.rayuelainfancia.com\/blog\/wp-content\/uploads\/2018\/06\/logo-rayuelainfancia-color-corporativo.png","contentUrl":"https:\/\/www.rayuelainfancia.com\/blog\/wp-content\/uploads\/2018\/06\/logo-rayuelainfancia-color-corporativo.png","width":1200,"height":680,"caption":"Rayuelainfancia"},"image":{"@id":"https:\/\/www.rayuelainfancia.com\/blog\/#logo"}},{"@type":"WebSite","@id":"https:\/\/www.rayuelainfancia.com\/blog\/#website","url":"https:\/\/www.rayuelainfancia.com\/blog\/","name":"Blog de Rayuelainfancia","description":"Libros infantiles y juegos educaticos respestuosos con la infancia","publisher":{"@id":"https:\/\/www.rayuelainfancia.com\/blog\/#organization"},"potentialAction":[{"@type":"SearchAction","target":{"@type":"EntryPoint","urlTemplate":"https:\/\/www.rayuelainfancia.com\/blog\/?s={search_term_string}"},"query-input":"required name=search_term_string"}],"inLanguage":"es"},{"@type":"ImageObject","@id":"https:\/\/www.rayuelainfancia.com\/blog\/la-tribu-de-kai-en-rayuela\/#primaryimage","inLanguage":"es","url":"https:\/\/www.rayuelainfancia.com\/blog\/wp-content\/uploads\/2024\/02\/blog-tribu-de-kai.png","contentUrl":"https:\/\/www.rayuelainfancia.com\/blog\/wp-content\/uploads\/2024\/02\/blog-tribu-de-kai.png","width":750,"height":410},{"@type":"WebPage","@id":"https:\/\/www.rayuelainfancia.com\/blog\/la-tribu-de-kai-en-rayuela\/#webpage","url":"https:\/\/www.rayuelainfancia.com\/blog\/la-tribu-de-kai-en-rayuela\/","name":"LA TRIBU DE KAI EN RAYUELA &#8902; Blog de Rayuelainfancia","isPartOf":{"@id":"https:\/\/www.rayuelainfancia.com\/blog\/#website"},"primaryImageOfPage":{"@id":"https:\/\/www.rayuelainfancia.com\/blog\/la-tribu-de-kai-en-rayuela\/#primaryimage"},"datePublished":"2024-02-27T11:43:07+00:00","dateModified":"2024-12-11T08:49:02+00:00","description":"El s\u00e1bado 2 de Marzo a las 12:00h.ven a disfrutar de La tribu de Kai en Rayuela, con su autora Raquel D\u00edaz Reguera.\u00a0","breadcrumb":{"@id":"https:\/\/www.rayuelainfancia.com\/blog\/la-tribu-de-kai-en-rayuela\/#breadcrumb"},"inLanguage":"es","potentialAction":[{"@type":"ReadAction","target":["https:\/\/www.rayuelainfancia.com\/blog\/la-tribu-de-kai-en-rayuela\/"]}]},{"@type":"BreadcrumbList","@id":"https:\/\/www.rayuelainfancia.com\/blog\/la-tribu-de-kai-en-rayuela\/#breadcrumb","itemListElement":[{"@type":"ListItem","position":1,"name":"Portada","item":"https:\/\/www.rayuelainfancia.com\/blog\/"},{"@type":"ListItem","position":2,"name":"LA TRIBU DE KAI EN RAYUELA"}]},{"@type":"Article","@id":"https:\/\/www.rayuelainfancia.com\/blog\/la-tribu-de-kai-en-rayuela\/#article","isPartOf":{"@id":"https:\/\/www.rayuelainfancia.com\/blog\/la-tribu-de-kai-en-rayuela\/#webpage"},"author":{"@id":"https:\/\/www.rayuelainfancia.com\/blog\/#\/schema\/person\/c1aff250c5154e35f53f26d0eba10c45"},"headline":"LA TRIBU DE KAI EN RAYUELA","datePublished":"2024-02-27T11:43:07+00:00","dateModified":"2024-12-11T08:49:02+00:00","mainEntityOfPage":{"@id":"https:\/\/www.rayuelainfancia.com\/blog\/la-tribu-de-kai-en-rayuela\/#webpage"},"wordCount":206,"commentCount":0,"publisher":{"@id":"https:\/\/www.rayuelainfancia.com\/blog\/#organization"},"image":{"@id":"https:\/\/www.rayuelainfancia.com\/blog\/la-tribu-de-kai-en-rayuela\/#primaryimage"},"thumbnailUrl":"https:\/\/www.rayuelainfancia.com\/blog\/wp-content\/uploads\/2024\/02\/blog-tribu-de-kai.png","keywords":["aventuras","la tribu de kai","lij","luc\u00eda serrano","prehistoria","primeros lectores","raquel diaz reguera","tribu"],"articleSection":["Actividades Cuentacuentos","Literatura Infantil"],"inLanguage":"es","potentialAction":[{"@type":"CommentAction","name":"Comment","target":["https:\/\/www.rayuelainfancia.com\/blog\/la-tribu-de-kai-en-rayuela\/#respond"]}]},{"@type":"Person","@id":"https:\/\/www.rayuelainfancia.com\/blog\/#\/schema\/person\/c1aff250c5154e35f53f26d0eba10c45","name":"Rayuelainfancia","image":{"@type":"ImageObject","@id":"https:\/\/www.rayuelainfancia.com\/blog\/#personlogo","inLanguage":"es","url":"https:\/\/secure.gravatar.com\/avatar\/8bf03e7a4bb13ca5c7d0dc6acde2bfd1?s=96&d=mm&r=g","contentUrl":"https:\/\/secure.gravatar.com\/avatar\/8bf03e7a4bb13ca5c7d0dc6acde2bfd1?s=96&d=mm&r=g","caption":"Rayuelainfancia"}}]}},"_links":{"self":[{"href":"https:\/\/www.rayuelainfancia.com\/blog\/wp-json\/wp\/v2\/posts\/5300"}],"collection":[{"href":"https:\/\/www.rayuelainfancia.com\/blog\/wp-json\/wp\/v2\/posts"}],"about":[{"href":"https:\/\/www.rayuelainfancia.com\/blog\/wp-json\/wp\/v2\/types\/post"}],"author":[{"embeddable":true,"href":"https:\/\/www.rayuelainfancia.com\/blog\/wp-json\/wp\/v2\/users\/6"}],"replies":[{"embeddable":true,"href":"https:\/\/www.rayuelainfancia.com\/blog\/wp-json\/wp\/v2\/comments?post=5300"}],"version-history":[{"count":2,"href":"https:\/\/www.rayuelainfancia.com\/blog\/wp-json\/wp\/v2\/posts\/5300\/revisions"}],"predecessor-version":[{"id":5380,"href":"https:\/\/www.rayuelainfancia.com\/blog\/wp-json\/wp\/v2\/posts\/5300\/revisions\/5380"}],"wp:featuredmedia":[{"embeddable":true,"href":"https:\/\/www.rayuelainfancia.com\/blog\/wp-json\/wp\/v2\/media\/5302"}],"wp:attachment":[{"href":"https:\/\/www.rayuelainfancia.com\/blog\/wp-json\/wp\/v2\/media?parent=5300"}],"wp:term":[{"taxonomy":"category","embeddable":true,"href":"https:\/\/www.rayuelainfancia.com\/blog\/wp-json\/wp\/v2\/categories?post=5300"},{"taxonomy":"post_tag","embeddable":true,"href":"https:\/\/www.rayuelainfancia.com\/blog\/wp-json\/wp\/v2\/tags?post=5300"}],"curies":[{"name":"wp","href":"https:\/\/api.w.org\/{rel}","templated":true}]}}