 {"id":5273,"date":"2023-12-11T20:10:56","date_gmt":"2023-12-11T19:10:56","guid":{"rendered":"https:\/\/www.rayuelainfancia.com\/blog\/?p=5273"},"modified":"2024-02-27T12:49:04","modified_gmt":"2024-02-27T11:49:04","slug":"lucero-de-anis-cuentos-de-navidad","status":"publish","type":"post","link":"https:\/\/www.rayuelainfancia.com\/blog\/lucero-de-anis-cuentos-de-navidad\/","title":{"rendered":"LUCERO DE AN\u00cdS: CUENTOS DE NAVIDAD"},"content":{"rendered":"<p>Este <strong>s\u00e1bado 16 de Diciembre a las 18:00h<\/strong> ac\u00e9rcate a Rayuela para disfrutar de una sesi\u00f3n de narraci\u00f3n oral de tem\u00e1tica navide\u00f1a con Alicia Bulul\u00fa y Carloco:<strong> Lucero de An\u00eds<\/strong>.<\/p>\n<p><!--more--><\/p>\n<p><strong>Lleg\u00f3 diciembre y nos vienen las mismas dudas de siempre<\/strong>. \u00bfEsperas con ilusi\u00f3n estas fechas o prefieres que pasen cuanto antes? \u00bfEres de esas personas que admira y quiere la Navidad, o de las que se aburren y cansan con tanto jolgorio? \u00bfTe abre el apetito de amor o te abre el apetito hura\u00f1o?<\/p>\n<h2>Lucero de An\u00eds<\/h2>\n<p><span style=\"color: #ff9900;\"><strong><a style=\"color: #ff9900;\" href=\"https:\/\/www.instagram.com\/aliciabululu\/?hl=es\">Alicia Bulul\u00fa<\/a> <\/strong><\/span>y <a href=\"https:\/\/www.instagram.com\/carlosarribascarloco\/\"><span style=\"color: #ff9900;\"><strong>Carloco<\/strong><\/span><\/a> <strong>prender\u00e1n un lucero para iluminar ideas<\/strong> oscuras o, tal vez, <strong>preparar con sencillez una receta de historia<\/strong>s para abrir el apetito y degustar la dulzura de celebrar en familia.<\/p>\n<p><img loading=\"lazy\" class=\"alignnone size-full wp-image-5274\" src=\"http:\/\/www.rayuelainfancia.com\/blog\/wp-content\/uploads\/2023\/12\/lucero-de-anis-cartel.png\" alt=\"LUCERO DE ANIS \" width=\"1414\" height=\"2000\" srcset=\"https:\/\/www.rayuelainfancia.com\/blog\/wp-content\/uploads\/2023\/12\/lucero-de-anis-cartel.png 1414w, https:\/\/www.rayuelainfancia.com\/blog\/wp-content\/uploads\/2023\/12\/lucero-de-anis-cartel-212x300.png 212w, https:\/\/www.rayuelainfancia.com\/blog\/wp-content\/uploads\/2023\/12\/lucero-de-anis-cartel-724x1024.png 724w, https:\/\/www.rayuelainfancia.com\/blog\/wp-content\/uploads\/2023\/12\/lucero-de-anis-cartel-768x1086.png 768w, https:\/\/www.rayuelainfancia.com\/blog\/wp-content\/uploads\/2023\/12\/lucero-de-anis-cartel-1086x1536.png 1086w\" sizes=\"(max-width: 1414px) 100vw, 1414px\" \/><\/p>\n<p>Una <strong>sesi\u00f3n de cuentos muy navide\u00f1a<\/strong> para p\u00fablico familiar con dos grand\u00edsimos narradores con mucha luz que seguro que saben sobradamente encender la chispa de la Navidad en los corazones de todo aquel que se acerque a escuchar.\u00a0 Y para ir abriendo boca, os dejamos el enlace a nuestra <span style=\"color: #ff9900;\"><strong><a style=\"color: #ff9900;\" href=\"https:\/\/www.rayuelainfancia.com\/128-navidad\">selecci\u00f3n de libros de Navidad<\/a><\/strong><\/span>.<\/p>\n<p>\u00a1Te esperamos!<\/p>\n","protected":false},"excerpt":{"rendered":"<p>Este s\u00e1bado 16 de Diciembre a las 18:00h ac\u00e9rcate a Rayuela para disfrutar de una sesi\u00f3n de narraci\u00f3n oral de tem\u00e1tica navide\u00f1a con Alicia Bulul\u00fa y Carloco: Lucero de An\u00eds.<\/p>\n","protected":false},"author":6,"featured_media":5275,"comment_status":"open","ping_status":"open","sticky":false,"template":"","format":"standard","meta":[],"categories":[18,21],"tags":[155,161,32,38,202,67,33],"yoast_head":"<!-- This site is optimized with the Yoast SEO plugin v18.5.1 - https:\/\/yoast.com\/wordpress\/plugins\/seo\/ -->\n<title>LUCERO DE AN\u00cdS: CUENTOS DE NAVIDAD &#8902; Blog de Rayuelainfancia<\/title>\n<meta name=\"description\" content=\"Este s\u00e1bado 16 de Diciembre a las 18:00h ven a Rayuela para disfrutar de una sesi\u00f3n de cuentos con Alicia Bulul\u00fa y Carloco: Lucero de An\u00eds.\" \/>\n<meta name=\"robots\" content=\"index, follow, max-snippet:-1, max-image-preview:large, max-video-preview:-1\" \/>\n<link rel=\"canonical\" href=\"https:\/\/www.rayuelainfancia.com\/blog\/lucero-de-anis-cuentos-de-navidad\/\" \/>\n<meta property=\"og:locale\" content=\"es_ES\" \/>\n<meta property=\"og:type\" content=\"article\" \/>\n<meta property=\"og:title\" content=\"LUCERO DE AN\u00cdS: CUENTOS DE NAVIDAD &#8902; Blog de Rayuelainfancia\" \/>\n<meta property=\"og:description\" content=\"Este s\u00e1bado 16 de Diciembre a las 18:00h ven a Rayuela para disfrutar de una sesi\u00f3n de cuentos con Alicia Bulul\u00fa y Carloco: Lucero de An\u00eds.\" \/>\n<meta property=\"og:url\" content=\"https:\/\/www.rayuelainfancia.com\/blog\/lucero-de-anis-cuentos-de-navidad\/\" \/>\n<meta property=\"og:site_name\" content=\"Blog de Rayuelainfancia\" \/>\n<meta property=\"article:publisher\" content=\"https:\/\/www.facebook.com\/pages\/Librer\u00eda-Rayuela\/251861686361\" \/>\n<meta property=\"article:published_time\" content=\"2023-12-11T19:10:56+00:00\" \/>\n<meta property=\"article:modified_time\" content=\"2024-02-27T11:49:04+00:00\" \/>\n<meta property=\"og:image\" content=\"http:\/\/www.rayuelainfancia.com\/blog\/wp-content\/uploads\/2023\/12\/blog-lucero-de-anis.png\" \/>\n\t<meta property=\"og:image:width\" content=\"750\" \/>\n\t<meta property=\"og:image:height\" content=\"410\" \/>\n\t<meta property=\"og:image:type\" content=\"image\/png\" \/>\n<meta name=\"twitter:card\" content=\"summary\" \/>\n<meta name=\"twitter:creator\" content=\"@Rayuelainfancia\" \/>\n<meta name=\"twitter:site\" content=\"@Rayuelainfancia\" \/>\n<meta name=\"twitter:label1\" content=\"Written by\" \/>\n\t<meta name=\"twitter:data1\" content=\"Rayuelainfancia\" \/>\n\t<meta name=\"twitter:label2\" content=\"Est. reading time\" \/>\n\t<meta name=\"twitter:data2\" content=\"1 minuto\" \/>\n<script type=\"application\/ld+json\" class=\"yoast-schema-graph\">{\"@context\":\"https:\/\/schema.org\",\"@graph\":[{\"@type\":\"Organization\",\"@id\":\"https:\/\/www.rayuelainfancia.com\/blog\/#organization\",\"name\":\"Rayuelainfancia\",\"url\":\"https:\/\/www.rayuelainfancia.com\/blog\/\",\"sameAs\":[\"https:\/\/www.facebook.com\/pages\/Librer\u00eda-Rayuela\/251861686361\",\"https:\/\/www.youtube.com\/channel\/UCddVaoDjpTp-DexyEVoyazQ\",\"https:\/\/twitter.com\/Rayuelainfancia\"],\"logo\":{\"@type\":\"ImageObject\",\"@id\":\"https:\/\/www.rayuelainfancia.com\/blog\/#logo\",\"inLanguage\":\"es\",\"url\":\"https:\/\/www.rayuelainfancia.com\/blog\/wp-content\/uploads\/2018\/06\/logo-rayuelainfancia-color-corporativo.png\",\"contentUrl\":\"https:\/\/www.rayuelainfancia.com\/blog\/wp-content\/uploads\/2018\/06\/logo-rayuelainfancia-color-corporativo.png\",\"width\":1200,\"height\":680,\"caption\":\"Rayuelainfancia\"},\"image\":{\"@id\":\"https:\/\/www.rayuelainfancia.com\/blog\/#logo\"}},{\"@type\":\"WebSite\",\"@id\":\"https:\/\/www.rayuelainfancia.com\/blog\/#website\",\"url\":\"https:\/\/www.rayuelainfancia.com\/blog\/\",\"name\":\"Blog de Rayuelainfancia\",\"description\":\"Libros infantiles y juegos educaticos respestuosos con la infancia\",\"publisher\":{\"@id\":\"https:\/\/www.rayuelainfancia.com\/blog\/#organization\"},\"potentialAction\":[{\"@type\":\"SearchAction\",\"target\":{\"@type\":\"EntryPoint\",\"urlTemplate\":\"https:\/\/www.rayuelainfancia.com\/blog\/?s={search_term_string}\"},\"query-input\":\"required name=search_term_string\"}],\"inLanguage\":\"es\"},{\"@type\":\"ImageObject\",\"@id\":\"https:\/\/www.rayuelainfancia.com\/blog\/lucero-de-anis-cuentos-de-navidad\/#primaryimage\",\"inLanguage\":\"es\",\"url\":\"https:\/\/www.rayuelainfancia.com\/blog\/wp-content\/uploads\/2023\/12\/blog-lucero-de-anis.png\",\"contentUrl\":\"https:\/\/www.rayuelainfancia.com\/blog\/wp-content\/uploads\/2023\/12\/blog-lucero-de-anis.png\",\"width\":750,\"height\":410},{\"@type\":\"WebPage\",\"@id\":\"https:\/\/www.rayuelainfancia.com\/blog\/lucero-de-anis-cuentos-de-navidad\/#webpage\",\"url\":\"https:\/\/www.rayuelainfancia.com\/blog\/lucero-de-anis-cuentos-de-navidad\/\",\"name\":\"LUCERO DE AN\u00cdS: CUENTOS DE NAVIDAD &#8902; Blog de Rayuelainfancia\",\"isPartOf\":{\"@id\":\"https:\/\/www.rayuelainfancia.com\/blog\/#website\"},\"primaryImageOfPage\":{\"@id\":\"https:\/\/www.rayuelainfancia.com\/blog\/lucero-de-anis-cuentos-de-navidad\/#primaryimage\"},\"datePublished\":\"2023-12-11T19:10:56+00:00\",\"dateModified\":\"2024-02-27T11:49:04+00:00\",\"description\":\"Este s\u00e1bado 16 de Diciembre a las 18:00h ven a Rayuela para disfrutar de una sesi\u00f3n de cuentos con Alicia Bulul\u00fa y Carloco: Lucero de An\u00eds.\",\"breadcrumb\":{\"@id\":\"https:\/\/www.rayuelainfancia.com\/blog\/lucero-de-anis-cuentos-de-navidad\/#breadcrumb\"},\"inLanguage\":\"es\",\"potentialAction\":[{\"@type\":\"ReadAction\",\"target\":[\"https:\/\/www.rayuelainfancia.com\/blog\/lucero-de-anis-cuentos-de-navidad\/\"]}]},{\"@type\":\"BreadcrumbList\",\"@id\":\"https:\/\/www.rayuelainfancia.com\/blog\/lucero-de-anis-cuentos-de-navidad\/#breadcrumb\",\"itemListElement\":[{\"@type\":\"ListItem\",\"position\":1,\"name\":\"Portada\",\"item\":\"https:\/\/www.rayuelainfancia.com\/blog\/\"},{\"@type\":\"ListItem\",\"position\":2,\"name\":\"LUCERO DE AN\u00cdS: CUENTOS DE NAVIDAD\"}]},{\"@type\":\"Article\",\"@id\":\"https:\/\/www.rayuelainfancia.com\/blog\/lucero-de-anis-cuentos-de-navidad\/#article\",\"isPartOf\":{\"@id\":\"https:\/\/www.rayuelainfancia.com\/blog\/lucero-de-anis-cuentos-de-navidad\/#webpage\"},\"author\":{\"@id\":\"https:\/\/www.rayuelainfancia.com\/blog\/#\/schema\/person\/c1aff250c5154e35f53f26d0eba10c45\"},\"headline\":\"LUCERO DE AN\u00cdS: CUENTOS DE NAVIDAD\",\"datePublished\":\"2023-12-11T19:10:56+00:00\",\"dateModified\":\"2024-02-27T11:49:04+00:00\",\"mainEntityOfPage\":{\"@id\":\"https:\/\/www.rayuelainfancia.com\/blog\/lucero-de-anis-cuentos-de-navidad\/#webpage\"},\"wordCount\":198,\"commentCount\":0,\"publisher\":{\"@id\":\"https:\/\/www.rayuelainfancia.com\/blog\/#organization\"},\"image\":{\"@id\":\"https:\/\/www.rayuelainfancia.com\/blog\/lucero-de-anis-cuentos-de-navidad\/#primaryimage\"},\"thumbnailUrl\":\"https:\/\/www.rayuelainfancia.com\/blog\/wp-content\/uploads\/2023\/12\/blog-lucero-de-anis.png\",\"keywords\":[\"alicia bululu\",\"carloco\",\"cuentacuentos\",\"cuentos\",\"cuentos de navidad\",\"narraci\u00f3n\",\"sevilla\"],\"articleSection\":[\"Actividades Cuentacuentos\",\"Literatura Infantil\"],\"inLanguage\":\"es\",\"potentialAction\":[{\"@type\":\"CommentAction\",\"name\":\"Comment\",\"target\":[\"https:\/\/www.rayuelainfancia.com\/blog\/lucero-de-anis-cuentos-de-navidad\/#respond\"]}]},{\"@type\":\"Person\",\"@id\":\"https:\/\/www.rayuelainfancia.com\/blog\/#\/schema\/person\/c1aff250c5154e35f53f26d0eba10c45\",\"name\":\"Rayuelainfancia\",\"image\":{\"@type\":\"ImageObject\",\"@id\":\"https:\/\/www.rayuelainfancia.com\/blog\/#personlogo\",\"inLanguage\":\"es\",\"url\":\"https:\/\/secure.gravatar.com\/avatar\/8bf03e7a4bb13ca5c7d0dc6acde2bfd1?s=96&d=mm&r=g\",\"contentUrl\":\"https:\/\/secure.gravatar.com\/avatar\/8bf03e7a4bb13ca5c7d0dc6acde2bfd1?s=96&d=mm&r=g\",\"caption\":\"Rayuelainfancia\"}}]}<\/script>\n<!-- \/ Yoast SEO plugin. -->","yoast_head_json":{"title":"LUCERO DE AN\u00cdS: CUENTOS DE NAVIDAD &#8902; Blog de Rayuelainfancia","description":"Este s\u00e1bado 16 de Diciembre a las 18:00h ven a Rayuela para disfrutar de una sesi\u00f3n de cuentos con Alicia Bulul\u00fa y Carloco: Lucero de An\u00eds.","robots":{"index":"index","follow":"follow","max-snippet":"max-snippet:-1","max-image-preview":"max-image-preview:large","max-video-preview":"max-video-preview:-1"},"canonical":"https:\/\/www.rayuelainfancia.com\/blog\/lucero-de-anis-cuentos-de-navidad\/","og_locale":"es_ES","og_type":"article","og_title":"LUCERO DE AN\u00cdS: CUENTOS DE NAVIDAD &#8902; Blog de Rayuelainfancia","og_description":"Este s\u00e1bado 16 de Diciembre a las 18:00h ven a Rayuela para disfrutar de una sesi\u00f3n de cuentos con Alicia Bulul\u00fa y Carloco: Lucero de An\u00eds.","og_url":"https:\/\/www.rayuelainfancia.com\/blog\/lucero-de-anis-cuentos-de-navidad\/","og_site_name":"Blog de Rayuelainfancia","article_publisher":"https:\/\/www.facebook.com\/pages\/Librer\u00eda-Rayuela\/251861686361","article_published_time":"2023-12-11T19:10:56+00:00","article_modified_time":"2024-02-27T11:49:04+00:00","og_image":[{"width":750,"height":410,"url":"http:\/\/www.rayuelainfancia.com\/blog\/wp-content\/uploads\/2023\/12\/blog-lucero-de-anis.png","type":"image\/png"}],"twitter_card":"summary","twitter_creator":"@Rayuelainfancia","twitter_site":"@Rayuelainfancia","twitter_misc":{"Written by":"Rayuelainfancia","Est. reading time":"1 minuto"},"schema":{"@context":"https:\/\/schema.org","@graph":[{"@type":"Organization","@id":"https:\/\/www.rayuelainfancia.com\/blog\/#organization","name":"Rayuelainfancia","url":"https:\/\/www.rayuelainfancia.com\/blog\/","sameAs":["https:\/\/www.facebook.com\/pages\/Librer\u00eda-Rayuela\/251861686361","https:\/\/www.youtube.com\/channel\/UCddVaoDjpTp-DexyEVoyazQ","https:\/\/twitter.com\/Rayuelainfancia"],"logo":{"@type":"ImageObject","@id":"https:\/\/www.rayuelainfancia.com\/blog\/#logo","inLanguage":"es","url":"https:\/\/www.rayuelainfancia.com\/blog\/wp-content\/uploads\/2018\/06\/logo-rayuelainfancia-color-corporativo.png","contentUrl":"https:\/\/www.rayuelainfancia.com\/blog\/wp-content\/uploads\/2018\/06\/logo-rayuelainfancia-color-corporativo.png","width":1200,"height":680,"caption":"Rayuelainfancia"},"image":{"@id":"https:\/\/www.rayuelainfancia.com\/blog\/#logo"}},{"@type":"WebSite","@id":"https:\/\/www.rayuelainfancia.com\/blog\/#website","url":"https:\/\/www.rayuelainfancia.com\/blog\/","name":"Blog de Rayuelainfancia","description":"Libros infantiles y juegos educaticos respestuosos con la infancia","publisher":{"@id":"https:\/\/www.rayuelainfancia.com\/blog\/#organization"},"potentialAction":[{"@type":"SearchAction","target":{"@type":"EntryPoint","urlTemplate":"https:\/\/www.rayuelainfancia.com\/blog\/?s={search_term_string}"},"query-input":"required name=search_term_string"}],"inLanguage":"es"},{"@type":"ImageObject","@id":"https:\/\/www.rayuelainfancia.com\/blog\/lucero-de-anis-cuentos-de-navidad\/#primaryimage","inLanguage":"es","url":"https:\/\/www.rayuelainfancia.com\/blog\/wp-content\/uploads\/2023\/12\/blog-lucero-de-anis.png","contentUrl":"https:\/\/www.rayuelainfancia.com\/blog\/wp-content\/uploads\/2023\/12\/blog-lucero-de-anis.png","width":750,"height":410},{"@type":"WebPage","@id":"https:\/\/www.rayuelainfancia.com\/blog\/lucero-de-anis-cuentos-de-navidad\/#webpage","url":"https:\/\/www.rayuelainfancia.com\/blog\/lucero-de-anis-cuentos-de-navidad\/","name":"LUCERO DE AN\u00cdS: CUENTOS DE NAVIDAD &#8902; Blog de Rayuelainfancia","isPartOf":{"@id":"https:\/\/www.rayuelainfancia.com\/blog\/#website"},"primaryImageOfPage":{"@id":"https:\/\/www.rayuelainfancia.com\/blog\/lucero-de-anis-cuentos-de-navidad\/#primaryimage"},"datePublished":"2023-12-11T19:10:56+00:00","dateModified":"2024-02-27T11:49:04+00:00","description":"Este s\u00e1bado 16 de Diciembre a las 18:00h ven a Rayuela para disfrutar de una sesi\u00f3n de cuentos con Alicia Bulul\u00fa y Carloco: Lucero de An\u00eds.","breadcrumb":{"@id":"https:\/\/www.rayuelainfancia.com\/blog\/lucero-de-anis-cuentos-de-navidad\/#breadcrumb"},"inLanguage":"es","potentialAction":[{"@type":"ReadAction","target":["https:\/\/www.rayuelainfancia.com\/blog\/lucero-de-anis-cuentos-de-navidad\/"]}]},{"@type":"BreadcrumbList","@id":"https:\/\/www.rayuelainfancia.com\/blog\/lucero-de-anis-cuentos-de-navidad\/#breadcrumb","itemListElement":[{"@type":"ListItem","position":1,"name":"Portada","item":"https:\/\/www.rayuelainfancia.com\/blog\/"},{"@type":"ListItem","position":2,"name":"LUCERO DE AN\u00cdS: CUENTOS DE NAVIDAD"}]},{"@type":"Article","@id":"https:\/\/www.rayuelainfancia.com\/blog\/lucero-de-anis-cuentos-de-navidad\/#article","isPartOf":{"@id":"https:\/\/www.rayuelainfancia.com\/blog\/lucero-de-anis-cuentos-de-navidad\/#webpage"},"author":{"@id":"https:\/\/www.rayuelainfancia.com\/blog\/#\/schema\/person\/c1aff250c5154e35f53f26d0eba10c45"},"headline":"LUCERO DE AN\u00cdS: CUENTOS DE NAVIDAD","datePublished":"2023-12-11T19:10:56+00:00","dateModified":"2024-02-27T11:49:04+00:00","mainEntityOfPage":{"@id":"https:\/\/www.rayuelainfancia.com\/blog\/lucero-de-anis-cuentos-de-navidad\/#webpage"},"wordCount":198,"commentCount":0,"publisher":{"@id":"https:\/\/www.rayuelainfancia.com\/blog\/#organization"},"image":{"@id":"https:\/\/www.rayuelainfancia.com\/blog\/lucero-de-anis-cuentos-de-navidad\/#primaryimage"},"thumbnailUrl":"https:\/\/www.rayuelainfancia.com\/blog\/wp-content\/uploads\/2023\/12\/blog-lucero-de-anis.png","keywords":["alicia bululu","carloco","cuentacuentos","cuentos","cuentos de navidad","narraci\u00f3n","sevilla"],"articleSection":["Actividades Cuentacuentos","Literatura Infantil"],"inLanguage":"es","potentialAction":[{"@type":"CommentAction","name":"Comment","target":["https:\/\/www.rayuelainfancia.com\/blog\/lucero-de-anis-cuentos-de-navidad\/#respond"]}]},{"@type":"Person","@id":"https:\/\/www.rayuelainfancia.com\/blog\/#\/schema\/person\/c1aff250c5154e35f53f26d0eba10c45","name":"Rayuelainfancia","image":{"@type":"ImageObject","@id":"https:\/\/www.rayuelainfancia.com\/blog\/#personlogo","inLanguage":"es","url":"https:\/\/secure.gravatar.com\/avatar\/8bf03e7a4bb13ca5c7d0dc6acde2bfd1?s=96&d=mm&r=g","contentUrl":"https:\/\/secure.gravatar.com\/avatar\/8bf03e7a4bb13ca5c7d0dc6acde2bfd1?s=96&d=mm&r=g","caption":"Rayuelainfancia"}}]}},"_links":{"self":[{"href":"https:\/\/www.rayuelainfancia.com\/blog\/wp-json\/wp\/v2\/posts\/5273"}],"collection":[{"href":"https:\/\/www.rayuelainfancia.com\/blog\/wp-json\/wp\/v2\/posts"}],"about":[{"href":"https:\/\/www.rayuelainfancia.com\/blog\/wp-json\/wp\/v2\/types\/post"}],"author":[{"embeddable":true,"href":"https:\/\/www.rayuelainfancia.com\/blog\/wp-json\/wp\/v2\/users\/6"}],"replies":[{"embeddable":true,"href":"https:\/\/www.rayuelainfancia.com\/blog\/wp-json\/wp\/v2\/comments?post=5273"}],"version-history":[{"count":1,"href":"https:\/\/www.rayuelainfancia.com\/blog\/wp-json\/wp\/v2\/posts\/5273\/revisions"}],"predecessor-version":[{"id":5276,"href":"https:\/\/www.rayuelainfancia.com\/blog\/wp-json\/wp\/v2\/posts\/5273\/revisions\/5276"}],"wp:featuredmedia":[{"embeddable":true,"href":"https:\/\/www.rayuelainfancia.com\/blog\/wp-json\/wp\/v2\/media\/5275"}],"wp:attachment":[{"href":"https:\/\/www.rayuelainfancia.com\/blog\/wp-json\/wp\/v2\/media?parent=5273"}],"wp:term":[{"taxonomy":"category","embeddable":true,"href":"https:\/\/www.rayuelainfancia.com\/blog\/wp-json\/wp\/v2\/categories?post=5273"},{"taxonomy":"post_tag","embeddable":true,"href":"https:\/\/www.rayuelainfancia.com\/blog\/wp-json\/wp\/v2\/tags?post=5273"}],"curies":[{"name":"wp","href":"https:\/\/api.w.org\/{rel}","templated":true}]}}