 {"id":5268,"date":"2023-11-28T23:14:40","date_gmt":"2023-11-28T22:14:40","guid":{"rendered":"https:\/\/www.rayuelainfancia.com\/blog\/?p=5268"},"modified":"2023-12-11T20:11:11","modified_gmt":"2023-12-11T19:11:11","slug":"presentacion-ad-libitum","status":"publish","type":"post","link":"https:\/\/www.rayuelainfancia.com\/blog\/presentacion-ad-libitum\/","title":{"rendered":"PRESENTACI\u00d3N \u00abAD LIBITUM\u00bb"},"content":{"rendered":"<p>El <strong>s\u00e1bado 9 de Diciembre a las 18:00h. en Rayuela<\/strong>, disfrutaremos de la <strong>presentaci\u00f3n de \u00abAd Libitum\u00bb<\/strong>, un libro de Lapso Producciones ilustrado por Azahar Giner, que encierra<strong> una historia musical<\/strong> que llenar\u00e1 la librer\u00eda de alegr\u00eda y diversi\u00f3n \u00a1No te lo pierdas!<\/p>\n<p><!--more--><\/p>\n<p>Ven a Rayuela a disfrutar de una singular presentaci\u00f3n liderada por Mart\u00edn, el protagonista de esta historia, y en la que <strong>participar\u00e1n haciendo de las suyas los mism\u00edsimos <a href=\"https:\/\/lapsoproducciones.com\/clasicos-excentricos\/\">Cl\u00e1sicos Exc\u00e9ntricos<\/a><\/strong>, con sus instrumentos no convencionales. \u00a1La m\u00fasica cl\u00e1sica no es nada aburrida!<\/p>\n<p><strong><span style=\"color: #ff6600;\"><a style=\"color: #ff6600;\" href=\"https:\/\/www.rayuelainfancia.com\/musica\/1005574-ad-libitum.html\">Ad Libitum<\/a><\/span><\/strong> es un libro ilustrado recomendado<strong> para personas de todas las edades <\/strong>amantes (o no) de la m\u00fasica, que saben silbar en cualquier tonalidad o que siempre dan la nota discordante.<\/p>\n<p><img loading=\"lazy\" class=\"wp-image-5269 aligncenter\" src=\"http:\/\/www.rayuelainfancia.com\/blog\/wp-content\/uploads\/2023\/11\/cartel-A4-redes.png\" alt=\"\" width=\"503\" height=\"712\" srcset=\"https:\/\/www.rayuelainfancia.com\/blog\/wp-content\/uploads\/2023\/11\/cartel-A4-redes.png 1414w, https:\/\/www.rayuelainfancia.com\/blog\/wp-content\/uploads\/2023\/11\/cartel-A4-redes-212x300.png 212w, https:\/\/www.rayuelainfancia.com\/blog\/wp-content\/uploads\/2023\/11\/cartel-A4-redes-724x1024.png 724w, https:\/\/www.rayuelainfancia.com\/blog\/wp-content\/uploads\/2023\/11\/cartel-A4-redes-768x1086.png 768w, https:\/\/www.rayuelainfancia.com\/blog\/wp-content\/uploads\/2023\/11\/cartel-A4-redes-1086x1536.png 1086w\" sizes=\"(max-width: 503px) 100vw, 503px\" \/><\/p>\n<p>&nbsp;<\/p>\n<p>Estos singulares personajes ofrecen <strong>un punto de vista diferente y divertido de la m\u00fasica cl\u00e1sica, <\/strong>reinterpretando obras universales de grandes compositores con <strong>instrumentos no convencionales<\/strong>. Con ellos, la m\u00fasica cl\u00e1sica se convierte en algo emocionante y entretenido.<\/p>\n<p>Este libro es una aut\u00e9ntica joya de <strong>contenido did\u00e1ctico<\/strong>, dise\u00f1ado especialmente para ni\u00f1os y ni\u00f1as. La historia se narra de manera amena y divertida a trav\u00e9s de las encantadoras ilustraciones de <a href=\"https:\/\/azaharginer.es\/\">Azahar Giner<\/a> y un texto f\u00e1cil de leer.<\/p>\n<p>Pero eso no es todo, \u00a1hay mucho m\u00e1s por descubrir!\u00a0 En sus p\u00e1ginas, encontrar\u00e1s varios <strong>c\u00f3digos QR que puedes escanear.<\/strong> \u00bfA d\u00f3nde te llevar\u00e1n? A <strong>v\u00eddeos y otros recursos fascinantes<\/strong> que complementan la lectura, sumergi\u00e9ndote a\u00fan m\u00e1s en el mundo de la m\u00fasica y sus rarezas.<\/p>\n<p><strong>\u00a1Te esperamos!<\/strong><\/p>\n","protected":false},"excerpt":{"rendered":"<p>El s\u00e1bado 9 de Diciembre a las 18:00h. en Rayuela, disfrutaremos de la presentaci\u00f3n de \u00abAd Libitum\u00bb, un libro de Lapso Producciones ilustrado por Azahar Giner, que encierra una historia musical que llenar\u00e1 la librer\u00eda de alegr\u00eda y diversi\u00f3n \u00a1No te lo pierdas!<\/p>\n","protected":false},"author":6,"featured_media":5271,"comment_status":"open","ping_status":"open","sticky":false,"template":"","format":"standard","meta":[],"categories":[18,21],"tags":[71,200,199,201,28,50,46,198],"yoast_head":"<!-- This site is optimized with the Yoast SEO plugin v18.5.1 - https:\/\/yoast.com\/wordpress\/plugins\/seo\/ -->\n<title>PRESENTACI\u00d3N &quot;AD LIBITUM&quot; &#8902; Blog de Rayuelainfancia<\/title>\n<meta name=\"description\" content=\"El s\u00e1bado 9 de Diciembre a las 18:00h. en Rayuela, disfrutaremos de la presentaci\u00f3n de &quot;Ad Libitum&quot; \u00a1No te lo pierdas!\" \/>\n<meta name=\"robots\" content=\"index, follow, max-snippet:-1, max-image-preview:large, max-video-preview:-1\" \/>\n<link rel=\"canonical\" href=\"https:\/\/www.rayuelainfancia.com\/blog\/presentacion-ad-libitum\/\" \/>\n<meta property=\"og:locale\" content=\"es_ES\" \/>\n<meta property=\"og:type\" content=\"article\" \/>\n<meta property=\"og:title\" content=\"PRESENTACI\u00d3N &quot;AD LIBITUM&quot; &#8902; Blog de Rayuelainfancia\" \/>\n<meta property=\"og:description\" content=\"El s\u00e1bado 9 de Diciembre a las 18:00h. en Rayuela, disfrutaremos de la presentaci\u00f3n de &quot;Ad Libitum&quot; \u00a1No te lo pierdas!\" \/>\n<meta property=\"og:url\" content=\"https:\/\/www.rayuelainfancia.com\/blog\/presentacion-ad-libitum\/\" \/>\n<meta property=\"og:site_name\" content=\"Blog de Rayuelainfancia\" \/>\n<meta property=\"article:publisher\" content=\"https:\/\/www.facebook.com\/pages\/Librer\u00eda-Rayuela\/251861686361\" \/>\n<meta property=\"article:published_time\" content=\"2023-11-28T22:14:40+00:00\" \/>\n<meta property=\"article:modified_time\" content=\"2023-12-11T19:11:11+00:00\" \/>\n<meta property=\"og:image\" content=\"http:\/\/www.rayuelainfancia.com\/blog\/wp-content\/uploads\/2023\/11\/BLOG-AD-LIBITUM.png\" \/>\n\t<meta property=\"og:image:width\" content=\"750\" \/>\n\t<meta property=\"og:image:height\" content=\"410\" \/>\n\t<meta property=\"og:image:type\" content=\"image\/png\" \/>\n<meta name=\"twitter:card\" content=\"summary\" \/>\n<meta name=\"twitter:creator\" content=\"@Rayuelainfancia\" \/>\n<meta name=\"twitter:site\" content=\"@Rayuelainfancia\" \/>\n<meta name=\"twitter:label1\" content=\"Written by\" \/>\n\t<meta name=\"twitter:data1\" content=\"Rayuelainfancia\" \/>\n\t<meta name=\"twitter:label2\" content=\"Est. reading time\" \/>\n\t<meta name=\"twitter:data2\" content=\"1 minuto\" \/>\n<script type=\"application\/ld+json\" class=\"yoast-schema-graph\">{\"@context\":\"https:\/\/schema.org\",\"@graph\":[{\"@type\":\"Organization\",\"@id\":\"https:\/\/www.rayuelainfancia.com\/blog\/#organization\",\"name\":\"Rayuelainfancia\",\"url\":\"https:\/\/www.rayuelainfancia.com\/blog\/\",\"sameAs\":[\"https:\/\/www.facebook.com\/pages\/Librer\u00eda-Rayuela\/251861686361\",\"https:\/\/www.youtube.com\/channel\/UCddVaoDjpTp-DexyEVoyazQ\",\"https:\/\/twitter.com\/Rayuelainfancia\"],\"logo\":{\"@type\":\"ImageObject\",\"@id\":\"https:\/\/www.rayuelainfancia.com\/blog\/#logo\",\"inLanguage\":\"es\",\"url\":\"https:\/\/www.rayuelainfancia.com\/blog\/wp-content\/uploads\/2018\/06\/logo-rayuelainfancia-color-corporativo.png\",\"contentUrl\":\"https:\/\/www.rayuelainfancia.com\/blog\/wp-content\/uploads\/2018\/06\/logo-rayuelainfancia-color-corporativo.png\",\"width\":1200,\"height\":680,\"caption\":\"Rayuelainfancia\"},\"image\":{\"@id\":\"https:\/\/www.rayuelainfancia.com\/blog\/#logo\"}},{\"@type\":\"WebSite\",\"@id\":\"https:\/\/www.rayuelainfancia.com\/blog\/#website\",\"url\":\"https:\/\/www.rayuelainfancia.com\/blog\/\",\"name\":\"Blog de Rayuelainfancia\",\"description\":\"Libros infantiles y juegos educaticos respestuosos con la infancia\",\"publisher\":{\"@id\":\"https:\/\/www.rayuelainfancia.com\/blog\/#organization\"},\"potentialAction\":[{\"@type\":\"SearchAction\",\"target\":{\"@type\":\"EntryPoint\",\"urlTemplate\":\"https:\/\/www.rayuelainfancia.com\/blog\/?s={search_term_string}\"},\"query-input\":\"required name=search_term_string\"}],\"inLanguage\":\"es\"},{\"@type\":\"ImageObject\",\"@id\":\"https:\/\/www.rayuelainfancia.com\/blog\/presentacion-ad-libitum\/#primaryimage\",\"inLanguage\":\"es\",\"url\":\"https:\/\/www.rayuelainfancia.com\/blog\/wp-content\/uploads\/2023\/11\/BLOG-AD-LIBITUM.png\",\"contentUrl\":\"https:\/\/www.rayuelainfancia.com\/blog\/wp-content\/uploads\/2023\/11\/BLOG-AD-LIBITUM.png\",\"width\":750,\"height\":410},{\"@type\":\"WebPage\",\"@id\":\"https:\/\/www.rayuelainfancia.com\/blog\/presentacion-ad-libitum\/#webpage\",\"url\":\"https:\/\/www.rayuelainfancia.com\/blog\/presentacion-ad-libitum\/\",\"name\":\"PRESENTACI\u00d3N \\\"AD LIBITUM\\\" &#8902; Blog de Rayuelainfancia\",\"isPartOf\":{\"@id\":\"https:\/\/www.rayuelainfancia.com\/blog\/#website\"},\"primaryImageOfPage\":{\"@id\":\"https:\/\/www.rayuelainfancia.com\/blog\/presentacion-ad-libitum\/#primaryimage\"},\"datePublished\":\"2023-11-28T22:14:40+00:00\",\"dateModified\":\"2023-12-11T19:11:11+00:00\",\"description\":\"El s\u00e1bado 9 de Diciembre a las 18:00h. en Rayuela, disfrutaremos de la presentaci\u00f3n de \\\"Ad Libitum\\\" \u00a1No te lo pierdas!\",\"breadcrumb\":{\"@id\":\"https:\/\/www.rayuelainfancia.com\/blog\/presentacion-ad-libitum\/#breadcrumb\"},\"inLanguage\":\"es\",\"potentialAction\":[{\"@type\":\"ReadAction\",\"target\":[\"https:\/\/www.rayuelainfancia.com\/blog\/presentacion-ad-libitum\/\"]}]},{\"@type\":\"BreadcrumbList\",\"@id\":\"https:\/\/www.rayuelainfancia.com\/blog\/presentacion-ad-libitum\/#breadcrumb\",\"itemListElement\":[{\"@type\":\"ListItem\",\"position\":1,\"name\":\"Portada\",\"item\":\"https:\/\/www.rayuelainfancia.com\/blog\/\"},{\"@type\":\"ListItem\",\"position\":2,\"name\":\"PRESENTACI\u00d3N \u00abAD LIBITUM\u00bb\"}]},{\"@type\":\"Article\",\"@id\":\"https:\/\/www.rayuelainfancia.com\/blog\/presentacion-ad-libitum\/#article\",\"isPartOf\":{\"@id\":\"https:\/\/www.rayuelainfancia.com\/blog\/presentacion-ad-libitum\/#webpage\"},\"author\":{\"@id\":\"https:\/\/www.rayuelainfancia.com\/blog\/#\/schema\/person\/c1aff250c5154e35f53f26d0eba10c45\"},\"headline\":\"PRESENTACI\u00d3N \u00abAD LIBITUM\u00bb\",\"datePublished\":\"2023-11-28T22:14:40+00:00\",\"dateModified\":\"2023-12-11T19:11:11+00:00\",\"mainEntityOfPage\":{\"@id\":\"https:\/\/www.rayuelainfancia.com\/blog\/presentacion-ad-libitum\/#webpage\"},\"wordCount\":281,\"commentCount\":0,\"publisher\":{\"@id\":\"https:\/\/www.rayuelainfancia.com\/blog\/#organization\"},\"image\":{\"@id\":\"https:\/\/www.rayuelainfancia.com\/blog\/presentacion-ad-libitum\/#primaryimage\"},\"thumbnailUrl\":\"https:\/\/www.rayuelainfancia.com\/blog\/wp-content\/uploads\/2023\/11\/BLOG-AD-LIBITUM.png\",\"keywords\":[\"actividades para ni\u00f1os\",\"ad libitum\",\"cl\u00e1sicos exc\u00e9ntricos\",\"instrumentos\",\"libros\",\"lij\",\"m\u00fasica\",\"m\u00fasica cl\u00e1sica\"],\"articleSection\":[\"Actividades Cuentacuentos\",\"Literatura Infantil\"],\"inLanguage\":\"es\",\"potentialAction\":[{\"@type\":\"CommentAction\",\"name\":\"Comment\",\"target\":[\"https:\/\/www.rayuelainfancia.com\/blog\/presentacion-ad-libitum\/#respond\"]}]},{\"@type\":\"Person\",\"@id\":\"https:\/\/www.rayuelainfancia.com\/blog\/#\/schema\/person\/c1aff250c5154e35f53f26d0eba10c45\",\"name\":\"Rayuelainfancia\",\"image\":{\"@type\":\"ImageObject\",\"@id\":\"https:\/\/www.rayuelainfancia.com\/blog\/#personlogo\",\"inLanguage\":\"es\",\"url\":\"https:\/\/secure.gravatar.com\/avatar\/8bf03e7a4bb13ca5c7d0dc6acde2bfd1?s=96&d=mm&r=g\",\"contentUrl\":\"https:\/\/secure.gravatar.com\/avatar\/8bf03e7a4bb13ca5c7d0dc6acde2bfd1?s=96&d=mm&r=g\",\"caption\":\"Rayuelainfancia\"}}]}<\/script>\n<!-- \/ Yoast SEO plugin. -->","yoast_head_json":{"title":"PRESENTACI\u00d3N \"AD LIBITUM\" &#8902; Blog de Rayuelainfancia","description":"El s\u00e1bado 9 de Diciembre a las 18:00h. en Rayuela, disfrutaremos de la presentaci\u00f3n de \"Ad Libitum\" \u00a1No te lo pierdas!","robots":{"index":"index","follow":"follow","max-snippet":"max-snippet:-1","max-image-preview":"max-image-preview:large","max-video-preview":"max-video-preview:-1"},"canonical":"https:\/\/www.rayuelainfancia.com\/blog\/presentacion-ad-libitum\/","og_locale":"es_ES","og_type":"article","og_title":"PRESENTACI\u00d3N \"AD LIBITUM\" &#8902; Blog de Rayuelainfancia","og_description":"El s\u00e1bado 9 de Diciembre a las 18:00h. en Rayuela, disfrutaremos de la presentaci\u00f3n de \"Ad Libitum\" \u00a1No te lo pierdas!","og_url":"https:\/\/www.rayuelainfancia.com\/blog\/presentacion-ad-libitum\/","og_site_name":"Blog de Rayuelainfancia","article_publisher":"https:\/\/www.facebook.com\/pages\/Librer\u00eda-Rayuela\/251861686361","article_published_time":"2023-11-28T22:14:40+00:00","article_modified_time":"2023-12-11T19:11:11+00:00","og_image":[{"width":750,"height":410,"url":"http:\/\/www.rayuelainfancia.com\/blog\/wp-content\/uploads\/2023\/11\/BLOG-AD-LIBITUM.png","type":"image\/png"}],"twitter_card":"summary","twitter_creator":"@Rayuelainfancia","twitter_site":"@Rayuelainfancia","twitter_misc":{"Written by":"Rayuelainfancia","Est. reading time":"1 minuto"},"schema":{"@context":"https:\/\/schema.org","@graph":[{"@type":"Organization","@id":"https:\/\/www.rayuelainfancia.com\/blog\/#organization","name":"Rayuelainfancia","url":"https:\/\/www.rayuelainfancia.com\/blog\/","sameAs":["https:\/\/www.facebook.com\/pages\/Librer\u00eda-Rayuela\/251861686361","https:\/\/www.youtube.com\/channel\/UCddVaoDjpTp-DexyEVoyazQ","https:\/\/twitter.com\/Rayuelainfancia"],"logo":{"@type":"ImageObject","@id":"https:\/\/www.rayuelainfancia.com\/blog\/#logo","inLanguage":"es","url":"https:\/\/www.rayuelainfancia.com\/blog\/wp-content\/uploads\/2018\/06\/logo-rayuelainfancia-color-corporativo.png","contentUrl":"https:\/\/www.rayuelainfancia.com\/blog\/wp-content\/uploads\/2018\/06\/logo-rayuelainfancia-color-corporativo.png","width":1200,"height":680,"caption":"Rayuelainfancia"},"image":{"@id":"https:\/\/www.rayuelainfancia.com\/blog\/#logo"}},{"@type":"WebSite","@id":"https:\/\/www.rayuelainfancia.com\/blog\/#website","url":"https:\/\/www.rayuelainfancia.com\/blog\/","name":"Blog de Rayuelainfancia","description":"Libros infantiles y juegos educaticos respestuosos con la infancia","publisher":{"@id":"https:\/\/www.rayuelainfancia.com\/blog\/#organization"},"potentialAction":[{"@type":"SearchAction","target":{"@type":"EntryPoint","urlTemplate":"https:\/\/www.rayuelainfancia.com\/blog\/?s={search_term_string}"},"query-input":"required name=search_term_string"}],"inLanguage":"es"},{"@type":"ImageObject","@id":"https:\/\/www.rayuelainfancia.com\/blog\/presentacion-ad-libitum\/#primaryimage","inLanguage":"es","url":"https:\/\/www.rayuelainfancia.com\/blog\/wp-content\/uploads\/2023\/11\/BLOG-AD-LIBITUM.png","contentUrl":"https:\/\/www.rayuelainfancia.com\/blog\/wp-content\/uploads\/2023\/11\/BLOG-AD-LIBITUM.png","width":750,"height":410},{"@type":"WebPage","@id":"https:\/\/www.rayuelainfancia.com\/blog\/presentacion-ad-libitum\/#webpage","url":"https:\/\/www.rayuelainfancia.com\/blog\/presentacion-ad-libitum\/","name":"PRESENTACI\u00d3N \"AD LIBITUM\" &#8902; Blog de Rayuelainfancia","isPartOf":{"@id":"https:\/\/www.rayuelainfancia.com\/blog\/#website"},"primaryImageOfPage":{"@id":"https:\/\/www.rayuelainfancia.com\/blog\/presentacion-ad-libitum\/#primaryimage"},"datePublished":"2023-11-28T22:14:40+00:00","dateModified":"2023-12-11T19:11:11+00:00","description":"El s\u00e1bado 9 de Diciembre a las 18:00h. en Rayuela, disfrutaremos de la presentaci\u00f3n de \"Ad Libitum\" \u00a1No te lo pierdas!","breadcrumb":{"@id":"https:\/\/www.rayuelainfancia.com\/blog\/presentacion-ad-libitum\/#breadcrumb"},"inLanguage":"es","potentialAction":[{"@type":"ReadAction","target":["https:\/\/www.rayuelainfancia.com\/blog\/presentacion-ad-libitum\/"]}]},{"@type":"BreadcrumbList","@id":"https:\/\/www.rayuelainfancia.com\/blog\/presentacion-ad-libitum\/#breadcrumb","itemListElement":[{"@type":"ListItem","position":1,"name":"Portada","item":"https:\/\/www.rayuelainfancia.com\/blog\/"},{"@type":"ListItem","position":2,"name":"PRESENTACI\u00d3N \u00abAD LIBITUM\u00bb"}]},{"@type":"Article","@id":"https:\/\/www.rayuelainfancia.com\/blog\/presentacion-ad-libitum\/#article","isPartOf":{"@id":"https:\/\/www.rayuelainfancia.com\/blog\/presentacion-ad-libitum\/#webpage"},"author":{"@id":"https:\/\/www.rayuelainfancia.com\/blog\/#\/schema\/person\/c1aff250c5154e35f53f26d0eba10c45"},"headline":"PRESENTACI\u00d3N \u00abAD LIBITUM\u00bb","datePublished":"2023-11-28T22:14:40+00:00","dateModified":"2023-12-11T19:11:11+00:00","mainEntityOfPage":{"@id":"https:\/\/www.rayuelainfancia.com\/blog\/presentacion-ad-libitum\/#webpage"},"wordCount":281,"commentCount":0,"publisher":{"@id":"https:\/\/www.rayuelainfancia.com\/blog\/#organization"},"image":{"@id":"https:\/\/www.rayuelainfancia.com\/blog\/presentacion-ad-libitum\/#primaryimage"},"thumbnailUrl":"https:\/\/www.rayuelainfancia.com\/blog\/wp-content\/uploads\/2023\/11\/BLOG-AD-LIBITUM.png","keywords":["actividades para ni\u00f1os","ad libitum","cl\u00e1sicos exc\u00e9ntricos","instrumentos","libros","lij","m\u00fasica","m\u00fasica cl\u00e1sica"],"articleSection":["Actividades Cuentacuentos","Literatura Infantil"],"inLanguage":"es","potentialAction":[{"@type":"CommentAction","name":"Comment","target":["https:\/\/www.rayuelainfancia.com\/blog\/presentacion-ad-libitum\/#respond"]}]},{"@type":"Person","@id":"https:\/\/www.rayuelainfancia.com\/blog\/#\/schema\/person\/c1aff250c5154e35f53f26d0eba10c45","name":"Rayuelainfancia","image":{"@type":"ImageObject","@id":"https:\/\/www.rayuelainfancia.com\/blog\/#personlogo","inLanguage":"es","url":"https:\/\/secure.gravatar.com\/avatar\/8bf03e7a4bb13ca5c7d0dc6acde2bfd1?s=96&d=mm&r=g","contentUrl":"https:\/\/secure.gravatar.com\/avatar\/8bf03e7a4bb13ca5c7d0dc6acde2bfd1?s=96&d=mm&r=g","caption":"Rayuelainfancia"}}]}},"_links":{"self":[{"href":"https:\/\/www.rayuelainfancia.com\/blog\/wp-json\/wp\/v2\/posts\/5268"}],"collection":[{"href":"https:\/\/www.rayuelainfancia.com\/blog\/wp-json\/wp\/v2\/posts"}],"about":[{"href":"https:\/\/www.rayuelainfancia.com\/blog\/wp-json\/wp\/v2\/types\/post"}],"author":[{"embeddable":true,"href":"https:\/\/www.rayuelainfancia.com\/blog\/wp-json\/wp\/v2\/users\/6"}],"replies":[{"embeddable":true,"href":"https:\/\/www.rayuelainfancia.com\/blog\/wp-json\/wp\/v2\/comments?post=5268"}],"version-history":[{"count":2,"href":"https:\/\/www.rayuelainfancia.com\/blog\/wp-json\/wp\/v2\/posts\/5268\/revisions"}],"predecessor-version":[{"id":5272,"href":"https:\/\/www.rayuelainfancia.com\/blog\/wp-json\/wp\/v2\/posts\/5268\/revisions\/5272"}],"wp:featuredmedia":[{"embeddable":true,"href":"https:\/\/www.rayuelainfancia.com\/blog\/wp-json\/wp\/v2\/media\/5271"}],"wp:attachment":[{"href":"https:\/\/www.rayuelainfancia.com\/blog\/wp-json\/wp\/v2\/media?parent=5268"}],"wp:term":[{"taxonomy":"category","embeddable":true,"href":"https:\/\/www.rayuelainfancia.com\/blog\/wp-json\/wp\/v2\/categories?post=5268"},{"taxonomy":"post_tag","embeddable":true,"href":"https:\/\/www.rayuelainfancia.com\/blog\/wp-json\/wp\/v2\/tags?post=5268"}],"curies":[{"name":"wp","href":"https:\/\/api.w.org\/{rel}","templated":true}]}}