 {"id":5262,"date":"2023-11-14T13:35:11","date_gmt":"2023-11-14T12:35:11","guid":{"rendered":"https:\/\/www.rayuelainfancia.com\/blog\/?p=5262"},"modified":"2023-12-11T20:11:16","modified_gmt":"2023-12-11T19:11:16","slug":"nanas-flamencas-en-rayuela-la-arrulladora","status":"publish","type":"post","link":"https:\/\/www.rayuelainfancia.com\/blog\/nanas-flamencas-en-rayuela-la-arrulladora\/","title":{"rendered":"NANAS FLAMENCAS EN RAYUELA: LA ARRULLADORA"},"content":{"rendered":"<p style=\"margin-bottom: 0cm;\">Acomp\u00e1\u00f1anos este <strong>s\u00e1bado 18 de Noviembre a las 18:00h.<\/strong> a la presentaci\u00f3n de <strong>\u00abLa arrulladora\u00bb<\/strong>. Un trabajo muy especial que aprovechamos para presentar este s\u00e1bado en conmemoraci\u00f3n del <strong>D\u00eda Internacional del Flamenco<\/strong>. Juntos <strong>escucharemos<\/strong><b> las m\u00e1s bellas nanas flamencas <\/b>escritas por Ana Alonso e interpretadas por Dari\u00e9n Mart\u00edn.<\/p>\n<p><!--more--><\/p>\n<p style=\"margin-bottom: 0cm;\"><b>La arrulladora<\/b> es una propuesta de<a href=\"https:\/\/silencioeditora.com\/\"><b> Silencio Editora<\/b> <\/a>para \u201cacompa\u00f1ar y sostener el latido que busca el hilo que alumbra las palabras\u201d. Han buscado proponer el reto de la creaci\u00f3n en com\u00fan a profesionales del mundo de la Literatura Infantil y Juvenil y del Flamenco.<\/p>\n<p style=\"margin-bottom: 0cm;\">Por ello, contaremos adem\u00e1s, con la presencia del responsable de la editora,<b> Manuel Garrido <\/b>y el asesor de la colecci\u00f3n,<b> Israel Mart\u00edn.<\/b><\/p>\n<p><img loading=\"lazy\" class=\"alignnone size-full wp-image-5263\" src=\"http:\/\/www.rayuelainfancia.com\/blog\/wp-content\/uploads\/2023\/11\/arruladora-scaled.jpg\" alt=\"\" width=\"2560\" height=\"1768\" srcset=\"https:\/\/www.rayuelainfancia.com\/blog\/wp-content\/uploads\/2023\/11\/arruladora-scaled.jpg 2560w, https:\/\/www.rayuelainfancia.com\/blog\/wp-content\/uploads\/2023\/11\/arruladora-300x207.jpg 300w, https:\/\/www.rayuelainfancia.com\/blog\/wp-content\/uploads\/2023\/11\/arruladora-1024x707.jpg 1024w, https:\/\/www.rayuelainfancia.com\/blog\/wp-content\/uploads\/2023\/11\/arruladora-768x530.jpg 768w, https:\/\/www.rayuelainfancia.com\/blog\/wp-content\/uploads\/2023\/11\/arruladora-1536x1061.jpg 1536w, https:\/\/www.rayuelainfancia.com\/blog\/wp-content\/uploads\/2023\/11\/arruladora-2048x1414.jpg 2048w\" sizes=\"(max-width: 2560px) 100vw, 2560px\" \/><\/p>\n<blockquote>\n<p style=\"margin-bottom: 0cm;\">Tenemos el convencimiento de que \u201cnadie es la misma persona despu\u00e9s de cantar una canci\u00f3n de cuna. En un acto tan \u00edntimo\u2026ni el ni\u00f1o, ni el adulto es el mismo. La voz cantada, susurrada, deja una huella\u201d. En palabras de Mart\u00edn Garzo, \u201c\u00bfNo es una nana el parloteo dulce del amor y del juego?\u201d.<\/p>\n<p><img loading=\"lazy\" class=\"wp-image-5266 aligncenter\" src=\"http:\/\/www.rayuelainfancia.com\/blog\/wp-content\/uploads\/2023\/11\/cartel-redes.png\" alt=\"\" width=\"623\" height=\"882\" srcset=\"https:\/\/www.rayuelainfancia.com\/blog\/wp-content\/uploads\/2023\/11\/cartel-redes.png 1414w, https:\/\/www.rayuelainfancia.com\/blog\/wp-content\/uploads\/2023\/11\/cartel-redes-212x300.png 212w, https:\/\/www.rayuelainfancia.com\/blog\/wp-content\/uploads\/2023\/11\/cartel-redes-724x1024.png 724w, https:\/\/www.rayuelainfancia.com\/blog\/wp-content\/uploads\/2023\/11\/cartel-redes-768x1086.png 768w, https:\/\/www.rayuelainfancia.com\/blog\/wp-content\/uploads\/2023\/11\/cartel-redes-1086x1536.png 1086w\" sizes=\"(max-width: 623px) 100vw, 623px\" \/><\/p><\/blockquote>\n<p style=\"margin-bottom: 0cm;\">Una <strong>actividad para madres, padres, educadores<\/strong> y cualquier otra persona interesada, <strong>incluidos aquellos beb\u00e9s que quieran escuchar<\/strong> una bonita nana, porque \u201cNada de lo que sucede se olvida, incluso si ya no lo recuerdas\u201d (Hayao Miyazaki).<\/p>\n","protected":false},"excerpt":{"rendered":"<p>Acomp\u00e1\u00f1anos este s\u00e1bado 18 de Noviembre a las 18:00h. a la presentaci\u00f3n de \u00abLa arrulladora\u00bb. Un trabajo muy especial que aprovechamos para presentar este s\u00e1bado en conmemoraci\u00f3n del D\u00eda Internacional del Flamenco. Juntos escucharemos las m\u00e1s bellas nanas flamencas escritas por Ana Alonso e interpretadas por Dari\u00e9n Mart\u00edn.<\/p>\n","protected":false},"author":6,"featured_media":5265,"comment_status":"open","ping_status":"open","sticky":false,"template":"","format":"standard","meta":[],"categories":[18,21],"tags":[37,71,195,68,28,45,196,197],"yoast_head":"<!-- This site is optimized with the Yoast SEO plugin v18.5.1 - https:\/\/yoast.com\/wordpress\/plugins\/seo\/ -->\n<title>NANAS FLAMENCAS EN RAYUELA: LA ARRULLADORA &#8902; Blog de Rayuelainfancia<\/title>\n<meta name=\"description\" content=\"Acomp\u00e1\u00f1anos este s\u00e1bado 18 de Noviembre, D\u00eda Internacional del Flamenco, a las 18:00h. a la presentaci\u00f3n de &quot;La arrulladora&quot;.\" \/>\n<meta name=\"robots\" content=\"index, follow, max-snippet:-1, max-image-preview:large, max-video-preview:-1\" \/>\n<link rel=\"canonical\" href=\"https:\/\/www.rayuelainfancia.com\/blog\/nanas-flamencas-en-rayuela-la-arrulladora\/\" \/>\n<meta property=\"og:locale\" content=\"es_ES\" \/>\n<meta property=\"og:type\" content=\"article\" \/>\n<meta property=\"og:title\" content=\"NANAS FLAMENCAS EN RAYUELA: LA ARRULLADORA &#8902; Blog de Rayuelainfancia\" \/>\n<meta property=\"og:description\" content=\"Acomp\u00e1\u00f1anos este s\u00e1bado 18 de Noviembre, D\u00eda Internacional del Flamenco, a las 18:00h. a la presentaci\u00f3n de &quot;La arrulladora&quot;.\" \/>\n<meta property=\"og:url\" content=\"https:\/\/www.rayuelainfancia.com\/blog\/nanas-flamencas-en-rayuela-la-arrulladora\/\" \/>\n<meta property=\"og:site_name\" content=\"Blog de Rayuelainfancia\" \/>\n<meta property=\"article:publisher\" content=\"https:\/\/www.facebook.com\/pages\/Librer\u00eda-Rayuela\/251861686361\" \/>\n<meta property=\"article:published_time\" content=\"2023-11-14T12:35:11+00:00\" \/>\n<meta property=\"article:modified_time\" content=\"2023-12-11T19:11:16+00:00\" \/>\n<meta property=\"og:image\" content=\"http:\/\/www.rayuelainfancia.com\/blog\/wp-content\/uploads\/2023\/11\/blog-arrulladora.png\" \/>\n\t<meta property=\"og:image:width\" content=\"750\" \/>\n\t<meta property=\"og:image:height\" content=\"410\" \/>\n\t<meta property=\"og:image:type\" content=\"image\/png\" \/>\n<meta name=\"twitter:card\" content=\"summary\" \/>\n<meta name=\"twitter:creator\" content=\"@Rayuelainfancia\" \/>\n<meta name=\"twitter:site\" content=\"@Rayuelainfancia\" \/>\n<meta name=\"twitter:label1\" content=\"Written by\" \/>\n\t<meta name=\"twitter:data1\" content=\"Rayuelainfancia\" \/>\n\t<meta name=\"twitter:label2\" content=\"Est. reading time\" \/>\n\t<meta name=\"twitter:data2\" content=\"2 minutos\" \/>\n<script type=\"application\/ld+json\" class=\"yoast-schema-graph\">{\"@context\":\"https:\/\/schema.org\",\"@graph\":[{\"@type\":\"Organization\",\"@id\":\"https:\/\/www.rayuelainfancia.com\/blog\/#organization\",\"name\":\"Rayuelainfancia\",\"url\":\"https:\/\/www.rayuelainfancia.com\/blog\/\",\"sameAs\":[\"https:\/\/www.facebook.com\/pages\/Librer\u00eda-Rayuela\/251861686361\",\"https:\/\/www.youtube.com\/channel\/UCddVaoDjpTp-DexyEVoyazQ\",\"https:\/\/twitter.com\/Rayuelainfancia\"],\"logo\":{\"@type\":\"ImageObject\",\"@id\":\"https:\/\/www.rayuelainfancia.com\/blog\/#logo\",\"inLanguage\":\"es\",\"url\":\"https:\/\/www.rayuelainfancia.com\/blog\/wp-content\/uploads\/2018\/06\/logo-rayuelainfancia-color-corporativo.png\",\"contentUrl\":\"https:\/\/www.rayuelainfancia.com\/blog\/wp-content\/uploads\/2018\/06\/logo-rayuelainfancia-color-corporativo.png\",\"width\":1200,\"height\":680,\"caption\":\"Rayuelainfancia\"},\"image\":{\"@id\":\"https:\/\/www.rayuelainfancia.com\/blog\/#logo\"}},{\"@type\":\"WebSite\",\"@id\":\"https:\/\/www.rayuelainfancia.com\/blog\/#website\",\"url\":\"https:\/\/www.rayuelainfancia.com\/blog\/\",\"name\":\"Blog de Rayuelainfancia\",\"description\":\"Libros infantiles y juegos educaticos respestuosos con la infancia\",\"publisher\":{\"@id\":\"https:\/\/www.rayuelainfancia.com\/blog\/#organization\"},\"potentialAction\":[{\"@type\":\"SearchAction\",\"target\":{\"@type\":\"EntryPoint\",\"urlTemplate\":\"https:\/\/www.rayuelainfancia.com\/blog\/?s={search_term_string}\"},\"query-input\":\"required name=search_term_string\"}],\"inLanguage\":\"es\"},{\"@type\":\"ImageObject\",\"@id\":\"https:\/\/www.rayuelainfancia.com\/blog\/nanas-flamencas-en-rayuela-la-arrulladora\/#primaryimage\",\"inLanguage\":\"es\",\"url\":\"https:\/\/www.rayuelainfancia.com\/blog\/wp-content\/uploads\/2023\/11\/blog-arrulladora.png\",\"contentUrl\":\"https:\/\/www.rayuelainfancia.com\/blog\/wp-content\/uploads\/2023\/11\/blog-arrulladora.png\",\"width\":750,\"height\":410,\"caption\":\"presentacion nanas flamencas en rayuela\"},{\"@type\":\"WebPage\",\"@id\":\"https:\/\/www.rayuelainfancia.com\/blog\/nanas-flamencas-en-rayuela-la-arrulladora\/#webpage\",\"url\":\"https:\/\/www.rayuelainfancia.com\/blog\/nanas-flamencas-en-rayuela-la-arrulladora\/\",\"name\":\"NANAS FLAMENCAS EN RAYUELA: LA ARRULLADORA &#8902; Blog de Rayuelainfancia\",\"isPartOf\":{\"@id\":\"https:\/\/www.rayuelainfancia.com\/blog\/#website\"},\"primaryImageOfPage\":{\"@id\":\"https:\/\/www.rayuelainfancia.com\/blog\/nanas-flamencas-en-rayuela-la-arrulladora\/#primaryimage\"},\"datePublished\":\"2023-11-14T12:35:11+00:00\",\"dateModified\":\"2023-12-11T19:11:16+00:00\",\"description\":\"Acomp\u00e1\u00f1anos este s\u00e1bado 18 de Noviembre, D\u00eda Internacional del Flamenco, a las 18:00h. a la presentaci\u00f3n de \\\"La arrulladora\\\".\",\"breadcrumb\":{\"@id\":\"https:\/\/www.rayuelainfancia.com\/blog\/nanas-flamencas-en-rayuela-la-arrulladora\/#breadcrumb\"},\"inLanguage\":\"es\",\"potentialAction\":[{\"@type\":\"ReadAction\",\"target\":[\"https:\/\/www.rayuelainfancia.com\/blog\/nanas-flamencas-en-rayuela-la-arrulladora\/\"]}]},{\"@type\":\"BreadcrumbList\",\"@id\":\"https:\/\/www.rayuelainfancia.com\/blog\/nanas-flamencas-en-rayuela-la-arrulladora\/#breadcrumb\",\"itemListElement\":[{\"@type\":\"ListItem\",\"position\":1,\"name\":\"Portada\",\"item\":\"https:\/\/www.rayuelainfancia.com\/blog\/\"},{\"@type\":\"ListItem\",\"position\":2,\"name\":\"NANAS FLAMENCAS EN RAYUELA: LA ARRULLADORA\"}]},{\"@type\":\"Article\",\"@id\":\"https:\/\/www.rayuelainfancia.com\/blog\/nanas-flamencas-en-rayuela-la-arrulladora\/#article\",\"isPartOf\":{\"@id\":\"https:\/\/www.rayuelainfancia.com\/blog\/nanas-flamencas-en-rayuela-la-arrulladora\/#webpage\"},\"author\":{\"@id\":\"https:\/\/www.rayuelainfancia.com\/blog\/#\/schema\/person\/c1aff250c5154e35f53f26d0eba10c45\"},\"headline\":\"NANAS FLAMENCAS EN RAYUELA: LA ARRULLADORA\",\"datePublished\":\"2023-11-14T12:35:11+00:00\",\"dateModified\":\"2023-12-11T19:11:16+00:00\",\"mainEntityOfPage\":{\"@id\":\"https:\/\/www.rayuelainfancia.com\/blog\/nanas-flamencas-en-rayuela-la-arrulladora\/#webpage\"},\"wordCount\":231,\"commentCount\":1,\"publisher\":{\"@id\":\"https:\/\/www.rayuelainfancia.com\/blog\/#organization\"},\"image\":{\"@id\":\"https:\/\/www.rayuelainfancia.com\/blog\/nanas-flamencas-en-rayuela-la-arrulladora\/#primaryimage\"},\"thumbnailUrl\":\"https:\/\/www.rayuelainfancia.com\/blog\/wp-content\/uploads\/2023\/11\/blog-arrulladora.png\",\"keywords\":[\"actividades\",\"actividades para ni\u00f1os\",\"flamenco\",\"infancia\",\"libros\",\"nanas\",\"nanas flamencas\",\"silencio editora\"],\"articleSection\":[\"Actividades Cuentacuentos\",\"Literatura Infantil\"],\"inLanguage\":\"es\",\"potentialAction\":[{\"@type\":\"CommentAction\",\"name\":\"Comment\",\"target\":[\"https:\/\/www.rayuelainfancia.com\/blog\/nanas-flamencas-en-rayuela-la-arrulladora\/#respond\"]}]},{\"@type\":\"Person\",\"@id\":\"https:\/\/www.rayuelainfancia.com\/blog\/#\/schema\/person\/c1aff250c5154e35f53f26d0eba10c45\",\"name\":\"Rayuelainfancia\",\"image\":{\"@type\":\"ImageObject\",\"@id\":\"https:\/\/www.rayuelainfancia.com\/blog\/#personlogo\",\"inLanguage\":\"es\",\"url\":\"https:\/\/secure.gravatar.com\/avatar\/8bf03e7a4bb13ca5c7d0dc6acde2bfd1?s=96&d=mm&r=g\",\"contentUrl\":\"https:\/\/secure.gravatar.com\/avatar\/8bf03e7a4bb13ca5c7d0dc6acde2bfd1?s=96&d=mm&r=g\",\"caption\":\"Rayuelainfancia\"}}]}<\/script>\n<!-- \/ Yoast SEO plugin. -->","yoast_head_json":{"title":"NANAS FLAMENCAS EN RAYUELA: LA ARRULLADORA &#8902; Blog de Rayuelainfancia","description":"Acomp\u00e1\u00f1anos este s\u00e1bado 18 de Noviembre, D\u00eda Internacional del Flamenco, a las 18:00h. a la presentaci\u00f3n de \"La arrulladora\".","robots":{"index":"index","follow":"follow","max-snippet":"max-snippet:-1","max-image-preview":"max-image-preview:large","max-video-preview":"max-video-preview:-1"},"canonical":"https:\/\/www.rayuelainfancia.com\/blog\/nanas-flamencas-en-rayuela-la-arrulladora\/","og_locale":"es_ES","og_type":"article","og_title":"NANAS FLAMENCAS EN RAYUELA: LA ARRULLADORA &#8902; Blog de Rayuelainfancia","og_description":"Acomp\u00e1\u00f1anos este s\u00e1bado 18 de Noviembre, D\u00eda Internacional del Flamenco, a las 18:00h. a la presentaci\u00f3n de \"La arrulladora\".","og_url":"https:\/\/www.rayuelainfancia.com\/blog\/nanas-flamencas-en-rayuela-la-arrulladora\/","og_site_name":"Blog de Rayuelainfancia","article_publisher":"https:\/\/www.facebook.com\/pages\/Librer\u00eda-Rayuela\/251861686361","article_published_time":"2023-11-14T12:35:11+00:00","article_modified_time":"2023-12-11T19:11:16+00:00","og_image":[{"width":750,"height":410,"url":"http:\/\/www.rayuelainfancia.com\/blog\/wp-content\/uploads\/2023\/11\/blog-arrulladora.png","type":"image\/png"}],"twitter_card":"summary","twitter_creator":"@Rayuelainfancia","twitter_site":"@Rayuelainfancia","twitter_misc":{"Written by":"Rayuelainfancia","Est. reading time":"2 minutos"},"schema":{"@context":"https:\/\/schema.org","@graph":[{"@type":"Organization","@id":"https:\/\/www.rayuelainfancia.com\/blog\/#organization","name":"Rayuelainfancia","url":"https:\/\/www.rayuelainfancia.com\/blog\/","sameAs":["https:\/\/www.facebook.com\/pages\/Librer\u00eda-Rayuela\/251861686361","https:\/\/www.youtube.com\/channel\/UCddVaoDjpTp-DexyEVoyazQ","https:\/\/twitter.com\/Rayuelainfancia"],"logo":{"@type":"ImageObject","@id":"https:\/\/www.rayuelainfancia.com\/blog\/#logo","inLanguage":"es","url":"https:\/\/www.rayuelainfancia.com\/blog\/wp-content\/uploads\/2018\/06\/logo-rayuelainfancia-color-corporativo.png","contentUrl":"https:\/\/www.rayuelainfancia.com\/blog\/wp-content\/uploads\/2018\/06\/logo-rayuelainfancia-color-corporativo.png","width":1200,"height":680,"caption":"Rayuelainfancia"},"image":{"@id":"https:\/\/www.rayuelainfancia.com\/blog\/#logo"}},{"@type":"WebSite","@id":"https:\/\/www.rayuelainfancia.com\/blog\/#website","url":"https:\/\/www.rayuelainfancia.com\/blog\/","name":"Blog de Rayuelainfancia","description":"Libros infantiles y juegos educaticos respestuosos con la infancia","publisher":{"@id":"https:\/\/www.rayuelainfancia.com\/blog\/#organization"},"potentialAction":[{"@type":"SearchAction","target":{"@type":"EntryPoint","urlTemplate":"https:\/\/www.rayuelainfancia.com\/blog\/?s={search_term_string}"},"query-input":"required name=search_term_string"}],"inLanguage":"es"},{"@type":"ImageObject","@id":"https:\/\/www.rayuelainfancia.com\/blog\/nanas-flamencas-en-rayuela-la-arrulladora\/#primaryimage","inLanguage":"es","url":"https:\/\/www.rayuelainfancia.com\/blog\/wp-content\/uploads\/2023\/11\/blog-arrulladora.png","contentUrl":"https:\/\/www.rayuelainfancia.com\/blog\/wp-content\/uploads\/2023\/11\/blog-arrulladora.png","width":750,"height":410,"caption":"presentacion nanas flamencas en rayuela"},{"@type":"WebPage","@id":"https:\/\/www.rayuelainfancia.com\/blog\/nanas-flamencas-en-rayuela-la-arrulladora\/#webpage","url":"https:\/\/www.rayuelainfancia.com\/blog\/nanas-flamencas-en-rayuela-la-arrulladora\/","name":"NANAS FLAMENCAS EN RAYUELA: LA ARRULLADORA &#8902; Blog de Rayuelainfancia","isPartOf":{"@id":"https:\/\/www.rayuelainfancia.com\/blog\/#website"},"primaryImageOfPage":{"@id":"https:\/\/www.rayuelainfancia.com\/blog\/nanas-flamencas-en-rayuela-la-arrulladora\/#primaryimage"},"datePublished":"2023-11-14T12:35:11+00:00","dateModified":"2023-12-11T19:11:16+00:00","description":"Acomp\u00e1\u00f1anos este s\u00e1bado 18 de Noviembre, D\u00eda Internacional del Flamenco, a las 18:00h. a la presentaci\u00f3n de \"La arrulladora\".","breadcrumb":{"@id":"https:\/\/www.rayuelainfancia.com\/blog\/nanas-flamencas-en-rayuela-la-arrulladora\/#breadcrumb"},"inLanguage":"es","potentialAction":[{"@type":"ReadAction","target":["https:\/\/www.rayuelainfancia.com\/blog\/nanas-flamencas-en-rayuela-la-arrulladora\/"]}]},{"@type":"BreadcrumbList","@id":"https:\/\/www.rayuelainfancia.com\/blog\/nanas-flamencas-en-rayuela-la-arrulladora\/#breadcrumb","itemListElement":[{"@type":"ListItem","position":1,"name":"Portada","item":"https:\/\/www.rayuelainfancia.com\/blog\/"},{"@type":"ListItem","position":2,"name":"NANAS FLAMENCAS EN RAYUELA: LA ARRULLADORA"}]},{"@type":"Article","@id":"https:\/\/www.rayuelainfancia.com\/blog\/nanas-flamencas-en-rayuela-la-arrulladora\/#article","isPartOf":{"@id":"https:\/\/www.rayuelainfancia.com\/blog\/nanas-flamencas-en-rayuela-la-arrulladora\/#webpage"},"author":{"@id":"https:\/\/www.rayuelainfancia.com\/blog\/#\/schema\/person\/c1aff250c5154e35f53f26d0eba10c45"},"headline":"NANAS FLAMENCAS EN RAYUELA: LA ARRULLADORA","datePublished":"2023-11-14T12:35:11+00:00","dateModified":"2023-12-11T19:11:16+00:00","mainEntityOfPage":{"@id":"https:\/\/www.rayuelainfancia.com\/blog\/nanas-flamencas-en-rayuela-la-arrulladora\/#webpage"},"wordCount":231,"commentCount":1,"publisher":{"@id":"https:\/\/www.rayuelainfancia.com\/blog\/#organization"},"image":{"@id":"https:\/\/www.rayuelainfancia.com\/blog\/nanas-flamencas-en-rayuela-la-arrulladora\/#primaryimage"},"thumbnailUrl":"https:\/\/www.rayuelainfancia.com\/blog\/wp-content\/uploads\/2023\/11\/blog-arrulladora.png","keywords":["actividades","actividades para ni\u00f1os","flamenco","infancia","libros","nanas","nanas flamencas","silencio editora"],"articleSection":["Actividades Cuentacuentos","Literatura Infantil"],"inLanguage":"es","potentialAction":[{"@type":"CommentAction","name":"Comment","target":["https:\/\/www.rayuelainfancia.com\/blog\/nanas-flamencas-en-rayuela-la-arrulladora\/#respond"]}]},{"@type":"Person","@id":"https:\/\/www.rayuelainfancia.com\/blog\/#\/schema\/person\/c1aff250c5154e35f53f26d0eba10c45","name":"Rayuelainfancia","image":{"@type":"ImageObject","@id":"https:\/\/www.rayuelainfancia.com\/blog\/#personlogo","inLanguage":"es","url":"https:\/\/secure.gravatar.com\/avatar\/8bf03e7a4bb13ca5c7d0dc6acde2bfd1?s=96&d=mm&r=g","contentUrl":"https:\/\/secure.gravatar.com\/avatar\/8bf03e7a4bb13ca5c7d0dc6acde2bfd1?s=96&d=mm&r=g","caption":"Rayuelainfancia"}}]}},"_links":{"self":[{"href":"https:\/\/www.rayuelainfancia.com\/blog\/wp-json\/wp\/v2\/posts\/5262"}],"collection":[{"href":"https:\/\/www.rayuelainfancia.com\/blog\/wp-json\/wp\/v2\/posts"}],"about":[{"href":"https:\/\/www.rayuelainfancia.com\/blog\/wp-json\/wp\/v2\/types\/post"}],"author":[{"embeddable":true,"href":"https:\/\/www.rayuelainfancia.com\/blog\/wp-json\/wp\/v2\/users\/6"}],"replies":[{"embeddable":true,"href":"https:\/\/www.rayuelainfancia.com\/blog\/wp-json\/wp\/v2\/comments?post=5262"}],"version-history":[{"count":2,"href":"https:\/\/www.rayuelainfancia.com\/blog\/wp-json\/wp\/v2\/posts\/5262\/revisions"}],"predecessor-version":[{"id":5267,"href":"https:\/\/www.rayuelainfancia.com\/blog\/wp-json\/wp\/v2\/posts\/5262\/revisions\/5267"}],"wp:featuredmedia":[{"embeddable":true,"href":"https:\/\/www.rayuelainfancia.com\/blog\/wp-json\/wp\/v2\/media\/5265"}],"wp:attachment":[{"href":"https:\/\/www.rayuelainfancia.com\/blog\/wp-json\/wp\/v2\/media?parent=5262"}],"wp:term":[{"taxonomy":"category","embeddable":true,"href":"https:\/\/www.rayuelainfancia.com\/blog\/wp-json\/wp\/v2\/categories?post=5262"},{"taxonomy":"post_tag","embeddable":true,"href":"https:\/\/www.rayuelainfancia.com\/blog\/wp-json\/wp\/v2\/tags?post=5262"}],"curies":[{"name":"wp","href":"https:\/\/api.w.org\/{rel}","templated":true}]}}