 {"id":5251,"date":"2023-11-14T12:13:26","date_gmt":"2023-11-14T11:13:26","guid":{"rendered":"https:\/\/www.rayuelainfancia.com\/blog\/?p=5251"},"modified":"2023-11-14T12:33:23","modified_gmt":"2023-11-14T11:33:23","slug":"asi-es-la-muerte-resena","status":"publish","type":"post","link":"https:\/\/www.rayuelainfancia.com\/blog\/asi-es-la-muerte-resena\/","title":{"rendered":"\u00bfAS\u00cd ES LA MUERTE? [RESE\u00d1A]"},"content":{"rendered":"<p>\u201c<span style=\"font-size: large;\">\u00bfCu\u00e1ndo te mueres se te quita el pensamiento? \u00bfC\u00f3mo se hacen las l\u00e1pidas? \u00bfPor qu\u00e9 tenemos que morirnos?&#8230; Este libro da respuesta a <strong>preguntas mortales<\/strong> tan interesantes como \u00e9stas, con el <strong>sello de Wonder Ponder<\/strong> y con el t\u00edtulo <strong>\u00ab\u00bfAs\u00ed es la muerte?\u00bb<\/strong><\/span><\/p>\n<p><!--more--><\/p>\n<h2>\u00bfAs\u00ed es la muerte?<\/h2>\n<p><span style=\"font-size: large;\">Tan ocupados nos ha mantenido la Feria del Libro que no hemos podido saborear a gusto esta novedad tan interesante. Esper\u00e1ndonos en la librer\u00eda estaba, \u201cun nuevo Wonder Ponder\u201d, nos lo chivamos por la trastienda, presuponiendo en las voces que esta marca en s\u00ed misma entra\u00f1a para nosotros, <strong>calidad, calidez, profesionalidad, mimo y respeto por la infancia<\/strong>.<\/span><\/p>\n<p><a href=\"https:\/\/www.rayuelainfancia.com\/conocimiento\/992701-asi-es-la-muerte.html\"><img loading=\"lazy\" class=\"wp-image-5253 aligncenter\" src=\"http:\/\/www.rayuelainfancia.com\/blog\/wp-content\/uploads\/2023\/11\/a5ae04ca-e3ea-4af3-bae3-d419ba2832e4.jpg\" alt=\"asi es la muerte libro\" width=\"462\" height=\"616\" srcset=\"https:\/\/www.rayuelainfancia.com\/blog\/wp-content\/uploads\/2023\/11\/a5ae04ca-e3ea-4af3-bae3-d419ba2832e4.jpg 1536w, https:\/\/www.rayuelainfancia.com\/blog\/wp-content\/uploads\/2023\/11\/a5ae04ca-e3ea-4af3-bae3-d419ba2832e4-225x300.jpg 225w, https:\/\/www.rayuelainfancia.com\/blog\/wp-content\/uploads\/2023\/11\/a5ae04ca-e3ea-4af3-bae3-d419ba2832e4-768x1024.jpg 768w, https:\/\/www.rayuelainfancia.com\/blog\/wp-content\/uploads\/2023\/11\/a5ae04ca-e3ea-4af3-bae3-d419ba2832e4-1152x1536.jpg 1152w\" sizes=\"(max-width: 462px) 100vw, 462px\" \/><\/a><\/p>\n<p><span style=\"font-size: large;\">Y despu\u00e9s de leer y releer, de nuevo <strong>vuelven a sorprendernos<\/strong>, ahora con este libro de y sobre la muerte. Eligen un t\u00edtulo fuerte y claro, con la palabra MUERTE en may\u00fasculas. No hay revuelta, va directo al grano. Lo repasas primero un poco al voleo, sin pararte y te encuentras con unas ilustraciones de lo m\u00e1s alegre.<\/span><\/p>\n<h2>Qu\u00e9 podemos encontrar en \u00ab\u00bfAs\u00ed es la muerte?\u00bb<\/h2>\n<p><span style=\"font-size: large;\"><span style=\"color: #ff6600;\"><strong><a style=\"color: #ff6600;\" href=\"https:\/\/www.rayuelainfancia.com\/conocimiento\/992701-asi-es-la-muerte.html\">\u00ab\u00bfAs\u00ed es la muerte?\u00bb<\/a> <\/strong><\/span>es un libro alegre, de colores vivos, para hablar de la muerte. Porque las <strong>ilustraciones de Andrea Antinori son de lo m\u00e1s sugerente y est\u00e1n llenas de humor.<\/strong> Parece que con ellas nos est\u00e1 invitando a entrar, a quitarle hierro al asunto, a naturalizar aquello de lo que no podemos huir ning\u00fan humano, entre otros seres de este mundo.<\/span><\/p>\n<p><a href=\"https:\/\/www.rayuelainfancia.com\/conocimiento\/992701-asi-es-la-muerte.html\"><img loading=\"lazy\" class=\"wp-image-5252 aligncenter\" src=\"http:\/\/www.rayuelainfancia.com\/blog\/wp-content\/uploads\/2023\/11\/26790518-babc-4ed1-b667-b82671e844b4.jpg\" alt=\"\" width=\"542\" height=\"723\" srcset=\"https:\/\/www.rayuelainfancia.com\/blog\/wp-content\/uploads\/2023\/11\/26790518-babc-4ed1-b667-b82671e844b4.jpg 1536w, https:\/\/www.rayuelainfancia.com\/blog\/wp-content\/uploads\/2023\/11\/26790518-babc-4ed1-b667-b82671e844b4-225x300.jpg 225w, https:\/\/www.rayuelainfancia.com\/blog\/wp-content\/uploads\/2023\/11\/26790518-babc-4ed1-b667-b82671e844b4-768x1024.jpg 768w, https:\/\/www.rayuelainfancia.com\/blog\/wp-content\/uploads\/2023\/11\/26790518-babc-4ed1-b667-b82671e844b4-1152x1536.jpg 1152w\" sizes=\"(max-width: 542px) 100vw, 542px\" \/><\/a><\/p>\n<p style=\"text-align: center;\"><span style=\"font-size: large;\"> En una especie de pr\u00f3logo lo cuentan todo, c\u00f3mo han llegado hasta aqu\u00ed, que han tardado 3 a\u00f1os nada m\u00e1s y nada menos en terminar este libro, que es fruto de la <strong>investigaci\u00f3n y recolecci\u00f3n de preguntas e inquietudes<\/strong> que ni\u00f1as y ni\u00f1os tienen sobre este tema, y que les han llovido en cientos desde las bibliotecas, talleres, etc. desde diferentes partes del mundo (Espa\u00f1a, Italia, Finlandia, Alemania, Reino Unido, Estados Unidos, Colombia, M\u00e9xico, Argentina, Ecuador, brasil y Turqu\u00eda).<\/span><\/p>\n<p><a href=\"https:\/\/www.rayuelainfancia.com\/conocimiento\/992701-asi-es-la-muerte.html\"><img loading=\"lazy\" class=\"wp-image-5255 aligncenter\" src=\"http:\/\/www.rayuelainfancia.com\/blog\/wp-content\/uploads\/2023\/11\/c4757de1-f712-4bc7-bb2c-6fc73458ece6.jpg\" alt=\"\" width=\"502\" height=\"670\" srcset=\"https:\/\/www.rayuelainfancia.com\/blog\/wp-content\/uploads\/2023\/11\/c4757de1-f712-4bc7-bb2c-6fc73458ece6.jpg 1536w, https:\/\/www.rayuelainfancia.com\/blog\/wp-content\/uploads\/2023\/11\/c4757de1-f712-4bc7-bb2c-6fc73458ece6-225x300.jpg 225w, https:\/\/www.rayuelainfancia.com\/blog\/wp-content\/uploads\/2023\/11\/c4757de1-f712-4bc7-bb2c-6fc73458ece6-768x1024.jpg 768w, https:\/\/www.rayuelainfancia.com\/blog\/wp-content\/uploads\/2023\/11\/c4757de1-f712-4bc7-bb2c-6fc73458ece6-1152x1536.jpg 1152w\" sizes=\"(max-width: 502px) 100vw, 502px\" \/><\/a><\/p>\n<p><span style=\"font-size: large;\">Y despu\u00e9s, han tenido que clasificarlas, imaginamos que habr\u00eda muchas similares, y seleccionarlas para que la diversidad diera amplitud al tema. Han quedado en \u00ab\u00bfAs\u00ed es la muerte?\u00bb <strong>38 maravillosas preguntas de todo tipo<\/strong>, tan aut\u00e9nticas, tan VIVAS, a las que las autoras <b>Ellen Duthie <\/b>y <b>Anna Juan Cantavella<\/b> han intentado dar respuesta, auxili\u00e1ndose de una revisi\u00f3n experta en Biolog\u00eda e Historia de la Ciencia y en Psicolog\u00eda, en la idea de que estas <strong>respuestas sean claras, pero no categ\u00f3ricas<\/strong> y generen de nuevo, m\u00e1s preguntas.<\/span><\/p>\n<p><a href=\"https:\/\/www.rayuelainfancia.com\/conocimiento\/992701-asi-es-la-muerte.html\"><img loading=\"lazy\" class=\"aligncenter wp-image-5254\" src=\"http:\/\/www.rayuelainfancia.com\/blog\/wp-content\/uploads\/2023\/11\/c29e5384-d2d0-4b4d-aa0d-8080955157d4.jpg\" alt=\"\" width=\"549\" height=\"732\" srcset=\"https:\/\/www.rayuelainfancia.com\/blog\/wp-content\/uploads\/2023\/11\/c29e5384-d2d0-4b4d-aa0d-8080955157d4.jpg 1536w, https:\/\/www.rayuelainfancia.com\/blog\/wp-content\/uploads\/2023\/11\/c29e5384-d2d0-4b4d-aa0d-8080955157d4-225x300.jpg 225w, https:\/\/www.rayuelainfancia.com\/blog\/wp-content\/uploads\/2023\/11\/c29e5384-d2d0-4b4d-aa0d-8080955157d4-768x1024.jpg 768w, https:\/\/www.rayuelainfancia.com\/blog\/wp-content\/uploads\/2023\/11\/c29e5384-d2d0-4b4d-aa0d-8080955157d4-1152x1536.jpg 1152w\" sizes=\"(max-width: 549px) 100vw, 549px\" \/><\/a><\/p>\n<p><span style=\"font-size: large;\"> No se privan de los detalles lindos, por ejemplo, en el lateral de cada carta-respuesta, en modo vertical, casi siempre aparece una se\u00f1al que nos invita a leer otras preguntas relacionadas con la que estamos leyendo y en las guardas del libro aparecen la multitud de preguntas recibidas.<\/span><\/p>\n<p><span style=\"font-size: large;\"> Gracias a la editora <a href=\"https:\/\/www.wonderponderonline.com\/inicio\"><span style=\"color: #ff6600;\"><strong>Wonder Ponder<\/strong> <\/span><\/a>por este hermoso libro del que podemos disfrutar todas y todos,<strong> desde los 5 hasta los 105 a\u00f1os de edad<\/strong>. Gracias por decir la verdad a ni\u00f1as y a ni\u00f1os, gracias por acercar este tema tab\u00fa, por hacerlo f\u00e1cil, divertido e ingenioso.<\/span><\/p>\n<p><span style=\"font-size: large;\">Advertencia: leerlo en soledad, resultar\u00e1 interesante; en compa\u00f1\u00eda, m\u00e1s jugoso. <\/span><span style=\"font-size: large;\">\u00a1Y recuerda\u00a1 <\/span><span style=\"font-size: large;\">En Rayuela, <span style=\"color: #ff6600;\"><a style=\"color: #ff6600;\" href=\"https:\/\/www.rayuelainfancia.com\/conocimiento\/992701-asi-es-la-muerte.html\"><strong>ya tenemos este libro<\/strong><\/a><\/span>, estas respuestas llenas de vida a preguntas sobre la muerte. <\/span><\/p>\n","protected":false},"excerpt":{"rendered":"<p>\u201c\u00bfCu\u00e1ndo te mueres se te quita el pensamiento? \u00bfC\u00f3mo se hacen las l\u00e1pidas? \u00bfPor qu\u00e9 tenemos que morirnos?&#8230; Este libro da respuesta a preguntas mortales tan interesantes como \u00e9stas, con el sello de Wonder Ponder y con el t\u00edtulo \u00ab\u00bfAs\u00ed es la muerte?\u00bb<\/p>\n","protected":false},"author":6,"featured_media":5260,"comment_status":"open","ping_status":"open","sticky":true,"template":"","format":"standard","meta":[],"categories":[21,64],"tags":[125,194,108,28,192,191,193,190,111],"yoast_head":"<!-- This site is optimized with the Yoast SEO plugin v18.5.1 - https:\/\/yoast.com\/wordpress\/plugins\/seo\/ -->\n<title>\u00bfAS\u00cd ES LA MUERTE? [RESE\u00d1A] &#8902; Blog de Rayuelainfancia<\/title>\n<meta name=\"description\" content=\"Este libro da respuesta a preguntas mortales tan interesantes como \u00e9stas, con el sello de Wonder Ponder y con el t\u00edtulo \u00bfAs\u00ed es la muerte?\" \/>\n<meta name=\"robots\" content=\"index, follow, max-snippet:-1, max-image-preview:large, max-video-preview:-1\" \/>\n<link rel=\"canonical\" href=\"https:\/\/www.rayuelainfancia.com\/blog\/asi-es-la-muerte-resena\/\" \/>\n<meta property=\"og:locale\" content=\"es_ES\" \/>\n<meta property=\"og:type\" content=\"article\" \/>\n<meta property=\"og:title\" content=\"\u00bfAS\u00cd ES LA MUERTE? [RESE\u00d1A] &#8902; Blog de Rayuelainfancia\" \/>\n<meta property=\"og:description\" content=\"Este libro da respuesta a preguntas mortales tan interesantes como \u00e9stas, con el sello de Wonder Ponder y con el t\u00edtulo \u00bfAs\u00ed es la muerte?\" \/>\n<meta property=\"og:url\" content=\"https:\/\/www.rayuelainfancia.com\/blog\/asi-es-la-muerte-resena\/\" \/>\n<meta property=\"og:site_name\" content=\"Blog de Rayuelainfancia\" \/>\n<meta property=\"article:publisher\" content=\"https:\/\/www.facebook.com\/pages\/Librer\u00eda-Rayuela\/251861686361\" \/>\n<meta property=\"article:published_time\" content=\"2023-11-14T11:13:26+00:00\" \/>\n<meta property=\"article:modified_time\" content=\"2023-11-14T11:33:23+00:00\" \/>\n<meta property=\"og:image\" content=\"http:\/\/www.rayuelainfancia.com\/blog\/wp-content\/uploads\/2023\/11\/blog-asi-es-la-muerte.png\" \/>\n\t<meta property=\"og:image:width\" content=\"750\" \/>\n\t<meta property=\"og:image:height\" content=\"410\" \/>\n\t<meta property=\"og:image:type\" content=\"image\/png\" \/>\n<meta name=\"twitter:card\" content=\"summary\" \/>\n<meta name=\"twitter:creator\" content=\"@Rayuelainfancia\" \/>\n<meta name=\"twitter:site\" content=\"@Rayuelainfancia\" \/>\n<meta name=\"twitter:label1\" content=\"Written by\" \/>\n\t<meta name=\"twitter:data1\" content=\"Rayuelainfancia\" \/>\n\t<meta name=\"twitter:label2\" content=\"Est. reading time\" \/>\n\t<meta name=\"twitter:data2\" content=\"3 minutos\" \/>\n<script type=\"application\/ld+json\" class=\"yoast-schema-graph\">{\"@context\":\"https:\/\/schema.org\",\"@graph\":[{\"@type\":\"Organization\",\"@id\":\"https:\/\/www.rayuelainfancia.com\/blog\/#organization\",\"name\":\"Rayuelainfancia\",\"url\":\"https:\/\/www.rayuelainfancia.com\/blog\/\",\"sameAs\":[\"https:\/\/www.facebook.com\/pages\/Librer\u00eda-Rayuela\/251861686361\",\"https:\/\/www.youtube.com\/channel\/UCddVaoDjpTp-DexyEVoyazQ\",\"https:\/\/twitter.com\/Rayuelainfancia\"],\"logo\":{\"@type\":\"ImageObject\",\"@id\":\"https:\/\/www.rayuelainfancia.com\/blog\/#logo\",\"inLanguage\":\"es\",\"url\":\"https:\/\/www.rayuelainfancia.com\/blog\/wp-content\/uploads\/2018\/06\/logo-rayuelainfancia-color-corporativo.png\",\"contentUrl\":\"https:\/\/www.rayuelainfancia.com\/blog\/wp-content\/uploads\/2018\/06\/logo-rayuelainfancia-color-corporativo.png\",\"width\":1200,\"height\":680,\"caption\":\"Rayuelainfancia\"},\"image\":{\"@id\":\"https:\/\/www.rayuelainfancia.com\/blog\/#logo\"}},{\"@type\":\"WebSite\",\"@id\":\"https:\/\/www.rayuelainfancia.com\/blog\/#website\",\"url\":\"https:\/\/www.rayuelainfancia.com\/blog\/\",\"name\":\"Blog de Rayuelainfancia\",\"description\":\"Libros infantiles y juegos educaticos respestuosos con la infancia\",\"publisher\":{\"@id\":\"https:\/\/www.rayuelainfancia.com\/blog\/#organization\"},\"potentialAction\":[{\"@type\":\"SearchAction\",\"target\":{\"@type\":\"EntryPoint\",\"urlTemplate\":\"https:\/\/www.rayuelainfancia.com\/blog\/?s={search_term_string}\"},\"query-input\":\"required name=search_term_string\"}],\"inLanguage\":\"es\"},{\"@type\":\"ImageObject\",\"@id\":\"https:\/\/www.rayuelainfancia.com\/blog\/asi-es-la-muerte-resena\/#primaryimage\",\"inLanguage\":\"es\",\"url\":\"https:\/\/www.rayuelainfancia.com\/blog\/wp-content\/uploads\/2023\/11\/blog-asi-es-la-muerte.png\",\"contentUrl\":\"https:\/\/www.rayuelainfancia.com\/blog\/wp-content\/uploads\/2023\/11\/blog-asi-es-la-muerte.png\",\"width\":750,\"height\":410,\"caption\":\"libro sobre la muerte para ni\u00f1os y ni\u00f1as\"},{\"@type\":\"WebPage\",\"@id\":\"https:\/\/www.rayuelainfancia.com\/blog\/asi-es-la-muerte-resena\/#webpage\",\"url\":\"https:\/\/www.rayuelainfancia.com\/blog\/asi-es-la-muerte-resena\/\",\"name\":\"\u00bfAS\u00cd ES LA MUERTE? [RESE\u00d1A] &#8902; Blog de Rayuelainfancia\",\"isPartOf\":{\"@id\":\"https:\/\/www.rayuelainfancia.com\/blog\/#website\"},\"primaryImageOfPage\":{\"@id\":\"https:\/\/www.rayuelainfancia.com\/blog\/asi-es-la-muerte-resena\/#primaryimage\"},\"datePublished\":\"2023-11-14T11:13:26+00:00\",\"dateModified\":\"2023-11-14T11:33:23+00:00\",\"description\":\"Este libro da respuesta a preguntas mortales tan interesantes como \u00e9stas, con el sello de Wonder Ponder y con el t\u00edtulo \u00bfAs\u00ed es la muerte?\",\"breadcrumb\":{\"@id\":\"https:\/\/www.rayuelainfancia.com\/blog\/asi-es-la-muerte-resena\/#breadcrumb\"},\"inLanguage\":\"es\",\"potentialAction\":[{\"@type\":\"ReadAction\",\"target\":[\"https:\/\/www.rayuelainfancia.com\/blog\/asi-es-la-muerte-resena\/\"]}]},{\"@type\":\"BreadcrumbList\",\"@id\":\"https:\/\/www.rayuelainfancia.com\/blog\/asi-es-la-muerte-resena\/#breadcrumb\",\"itemListElement\":[{\"@type\":\"ListItem\",\"position\":1,\"name\":\"Portada\",\"item\":\"https:\/\/www.rayuelainfancia.com\/blog\/\"},{\"@type\":\"ListItem\",\"position\":2,\"name\":\"\u00bfAS\u00cd ES LA MUERTE? [RESE\u00d1A]\"}]},{\"@type\":\"Article\",\"@id\":\"https:\/\/www.rayuelainfancia.com\/blog\/asi-es-la-muerte-resena\/#article\",\"isPartOf\":{\"@id\":\"https:\/\/www.rayuelainfancia.com\/blog\/asi-es-la-muerte-resena\/#webpage\"},\"author\":{\"@id\":\"https:\/\/www.rayuelainfancia.com\/blog\/#\/schema\/person\/c1aff250c5154e35f53f26d0eba10c45\"},\"headline\":\"\u00bfAS\u00cd ES LA MUERTE? [RESE\u00d1A]\",\"datePublished\":\"2023-11-14T11:13:26+00:00\",\"dateModified\":\"2023-11-14T11:33:23+00:00\",\"mainEntityOfPage\":{\"@id\":\"https:\/\/www.rayuelainfancia.com\/blog\/asi-es-la-muerte-resena\/#webpage\"},\"wordCount\":565,\"commentCount\":0,\"publisher\":{\"@id\":\"https:\/\/www.rayuelainfancia.com\/blog\/#organization\"},\"image\":{\"@id\":\"https:\/\/www.rayuelainfancia.com\/blog\/asi-es-la-muerte-resena\/#primaryimage\"},\"thumbnailUrl\":\"https:\/\/www.rayuelainfancia.com\/blog\/wp-content\/uploads\/2023\/11\/blog-asi-es-la-muerte.png\",\"keywords\":[\"divulgacion\",\"ellen duthie\",\"filosof\u00eda\",\"libros\",\"morir\",\"muerte\",\"preguntas filos\u00f3ficas\",\"sobre la muerte\",\"wonder ponder\"],\"articleSection\":[\"Literatura Infantil\",\"Recomendaciones Libros y Juguetes\"],\"inLanguage\":\"es\",\"potentialAction\":[{\"@type\":\"CommentAction\",\"name\":\"Comment\",\"target\":[\"https:\/\/www.rayuelainfancia.com\/blog\/asi-es-la-muerte-resena\/#respond\"]}]},{\"@type\":\"Person\",\"@id\":\"https:\/\/www.rayuelainfancia.com\/blog\/#\/schema\/person\/c1aff250c5154e35f53f26d0eba10c45\",\"name\":\"Rayuelainfancia\",\"image\":{\"@type\":\"ImageObject\",\"@id\":\"https:\/\/www.rayuelainfancia.com\/blog\/#personlogo\",\"inLanguage\":\"es\",\"url\":\"https:\/\/secure.gravatar.com\/avatar\/8bf03e7a4bb13ca5c7d0dc6acde2bfd1?s=96&d=mm&r=g\",\"contentUrl\":\"https:\/\/secure.gravatar.com\/avatar\/8bf03e7a4bb13ca5c7d0dc6acde2bfd1?s=96&d=mm&r=g\",\"caption\":\"Rayuelainfancia\"}}]}<\/script>\n<!-- \/ Yoast SEO plugin. -->","yoast_head_json":{"title":"\u00bfAS\u00cd ES LA MUERTE? [RESE\u00d1A] &#8902; Blog de Rayuelainfancia","description":"Este libro da respuesta a preguntas mortales tan interesantes como \u00e9stas, con el sello de Wonder Ponder y con el t\u00edtulo \u00bfAs\u00ed es la muerte?","robots":{"index":"index","follow":"follow","max-snippet":"max-snippet:-1","max-image-preview":"max-image-preview:large","max-video-preview":"max-video-preview:-1"},"canonical":"https:\/\/www.rayuelainfancia.com\/blog\/asi-es-la-muerte-resena\/","og_locale":"es_ES","og_type":"article","og_title":"\u00bfAS\u00cd ES LA MUERTE? [RESE\u00d1A] &#8902; Blog de Rayuelainfancia","og_description":"Este libro da respuesta a preguntas mortales tan interesantes como \u00e9stas, con el sello de Wonder Ponder y con el t\u00edtulo \u00bfAs\u00ed es la muerte?","og_url":"https:\/\/www.rayuelainfancia.com\/blog\/asi-es-la-muerte-resena\/","og_site_name":"Blog de Rayuelainfancia","article_publisher":"https:\/\/www.facebook.com\/pages\/Librer\u00eda-Rayuela\/251861686361","article_published_time":"2023-11-14T11:13:26+00:00","article_modified_time":"2023-11-14T11:33:23+00:00","og_image":[{"width":750,"height":410,"url":"http:\/\/www.rayuelainfancia.com\/blog\/wp-content\/uploads\/2023\/11\/blog-asi-es-la-muerte.png","type":"image\/png"}],"twitter_card":"summary","twitter_creator":"@Rayuelainfancia","twitter_site":"@Rayuelainfancia","twitter_misc":{"Written by":"Rayuelainfancia","Est. reading time":"3 minutos"},"schema":{"@context":"https:\/\/schema.org","@graph":[{"@type":"Organization","@id":"https:\/\/www.rayuelainfancia.com\/blog\/#organization","name":"Rayuelainfancia","url":"https:\/\/www.rayuelainfancia.com\/blog\/","sameAs":["https:\/\/www.facebook.com\/pages\/Librer\u00eda-Rayuela\/251861686361","https:\/\/www.youtube.com\/channel\/UCddVaoDjpTp-DexyEVoyazQ","https:\/\/twitter.com\/Rayuelainfancia"],"logo":{"@type":"ImageObject","@id":"https:\/\/www.rayuelainfancia.com\/blog\/#logo","inLanguage":"es","url":"https:\/\/www.rayuelainfancia.com\/blog\/wp-content\/uploads\/2018\/06\/logo-rayuelainfancia-color-corporativo.png","contentUrl":"https:\/\/www.rayuelainfancia.com\/blog\/wp-content\/uploads\/2018\/06\/logo-rayuelainfancia-color-corporativo.png","width":1200,"height":680,"caption":"Rayuelainfancia"},"image":{"@id":"https:\/\/www.rayuelainfancia.com\/blog\/#logo"}},{"@type":"WebSite","@id":"https:\/\/www.rayuelainfancia.com\/blog\/#website","url":"https:\/\/www.rayuelainfancia.com\/blog\/","name":"Blog de Rayuelainfancia","description":"Libros infantiles y juegos educaticos respestuosos con la infancia","publisher":{"@id":"https:\/\/www.rayuelainfancia.com\/blog\/#organization"},"potentialAction":[{"@type":"SearchAction","target":{"@type":"EntryPoint","urlTemplate":"https:\/\/www.rayuelainfancia.com\/blog\/?s={search_term_string}"},"query-input":"required name=search_term_string"}],"inLanguage":"es"},{"@type":"ImageObject","@id":"https:\/\/www.rayuelainfancia.com\/blog\/asi-es-la-muerte-resena\/#primaryimage","inLanguage":"es","url":"https:\/\/www.rayuelainfancia.com\/blog\/wp-content\/uploads\/2023\/11\/blog-asi-es-la-muerte.png","contentUrl":"https:\/\/www.rayuelainfancia.com\/blog\/wp-content\/uploads\/2023\/11\/blog-asi-es-la-muerte.png","width":750,"height":410,"caption":"libro sobre la muerte para ni\u00f1os y ni\u00f1as"},{"@type":"WebPage","@id":"https:\/\/www.rayuelainfancia.com\/blog\/asi-es-la-muerte-resena\/#webpage","url":"https:\/\/www.rayuelainfancia.com\/blog\/asi-es-la-muerte-resena\/","name":"\u00bfAS\u00cd ES LA MUERTE? [RESE\u00d1A] &#8902; Blog de Rayuelainfancia","isPartOf":{"@id":"https:\/\/www.rayuelainfancia.com\/blog\/#website"},"primaryImageOfPage":{"@id":"https:\/\/www.rayuelainfancia.com\/blog\/asi-es-la-muerte-resena\/#primaryimage"},"datePublished":"2023-11-14T11:13:26+00:00","dateModified":"2023-11-14T11:33:23+00:00","description":"Este libro da respuesta a preguntas mortales tan interesantes como \u00e9stas, con el sello de Wonder Ponder y con el t\u00edtulo \u00bfAs\u00ed es la muerte?","breadcrumb":{"@id":"https:\/\/www.rayuelainfancia.com\/blog\/asi-es-la-muerte-resena\/#breadcrumb"},"inLanguage":"es","potentialAction":[{"@type":"ReadAction","target":["https:\/\/www.rayuelainfancia.com\/blog\/asi-es-la-muerte-resena\/"]}]},{"@type":"BreadcrumbList","@id":"https:\/\/www.rayuelainfancia.com\/blog\/asi-es-la-muerte-resena\/#breadcrumb","itemListElement":[{"@type":"ListItem","position":1,"name":"Portada","item":"https:\/\/www.rayuelainfancia.com\/blog\/"},{"@type":"ListItem","position":2,"name":"\u00bfAS\u00cd ES LA MUERTE? [RESE\u00d1A]"}]},{"@type":"Article","@id":"https:\/\/www.rayuelainfancia.com\/blog\/asi-es-la-muerte-resena\/#article","isPartOf":{"@id":"https:\/\/www.rayuelainfancia.com\/blog\/asi-es-la-muerte-resena\/#webpage"},"author":{"@id":"https:\/\/www.rayuelainfancia.com\/blog\/#\/schema\/person\/c1aff250c5154e35f53f26d0eba10c45"},"headline":"\u00bfAS\u00cd ES LA MUERTE? [RESE\u00d1A]","datePublished":"2023-11-14T11:13:26+00:00","dateModified":"2023-11-14T11:33:23+00:00","mainEntityOfPage":{"@id":"https:\/\/www.rayuelainfancia.com\/blog\/asi-es-la-muerte-resena\/#webpage"},"wordCount":565,"commentCount":0,"publisher":{"@id":"https:\/\/www.rayuelainfancia.com\/blog\/#organization"},"image":{"@id":"https:\/\/www.rayuelainfancia.com\/blog\/asi-es-la-muerte-resena\/#primaryimage"},"thumbnailUrl":"https:\/\/www.rayuelainfancia.com\/blog\/wp-content\/uploads\/2023\/11\/blog-asi-es-la-muerte.png","keywords":["divulgacion","ellen duthie","filosof\u00eda","libros","morir","muerte","preguntas filos\u00f3ficas","sobre la muerte","wonder ponder"],"articleSection":["Literatura Infantil","Recomendaciones Libros y Juguetes"],"inLanguage":"es","potentialAction":[{"@type":"CommentAction","name":"Comment","target":["https:\/\/www.rayuelainfancia.com\/blog\/asi-es-la-muerte-resena\/#respond"]}]},{"@type":"Person","@id":"https:\/\/www.rayuelainfancia.com\/blog\/#\/schema\/person\/c1aff250c5154e35f53f26d0eba10c45","name":"Rayuelainfancia","image":{"@type":"ImageObject","@id":"https:\/\/www.rayuelainfancia.com\/blog\/#personlogo","inLanguage":"es","url":"https:\/\/secure.gravatar.com\/avatar\/8bf03e7a4bb13ca5c7d0dc6acde2bfd1?s=96&d=mm&r=g","contentUrl":"https:\/\/secure.gravatar.com\/avatar\/8bf03e7a4bb13ca5c7d0dc6acde2bfd1?s=96&d=mm&r=g","caption":"Rayuelainfancia"}}]}},"_links":{"self":[{"href":"https:\/\/www.rayuelainfancia.com\/blog\/wp-json\/wp\/v2\/posts\/5251"}],"collection":[{"href":"https:\/\/www.rayuelainfancia.com\/blog\/wp-json\/wp\/v2\/posts"}],"about":[{"href":"https:\/\/www.rayuelainfancia.com\/blog\/wp-json\/wp\/v2\/types\/post"}],"author":[{"embeddable":true,"href":"https:\/\/www.rayuelainfancia.com\/blog\/wp-json\/wp\/v2\/users\/6"}],"replies":[{"embeddable":true,"href":"https:\/\/www.rayuelainfancia.com\/blog\/wp-json\/wp\/v2\/comments?post=5251"}],"version-history":[{"count":4,"href":"https:\/\/www.rayuelainfancia.com\/blog\/wp-json\/wp\/v2\/posts\/5251\/revisions"}],"predecessor-version":[{"id":5261,"href":"https:\/\/www.rayuelainfancia.com\/blog\/wp-json\/wp\/v2\/posts\/5251\/revisions\/5261"}],"wp:featuredmedia":[{"embeddable":true,"href":"https:\/\/www.rayuelainfancia.com\/blog\/wp-json\/wp\/v2\/media\/5260"}],"wp:attachment":[{"href":"https:\/\/www.rayuelainfancia.com\/blog\/wp-json\/wp\/v2\/media?parent=5251"}],"wp:term":[{"taxonomy":"category","embeddable":true,"href":"https:\/\/www.rayuelainfancia.com\/blog\/wp-json\/wp\/v2\/categories?post=5251"},{"taxonomy":"post_tag","embeddable":true,"href":"https:\/\/www.rayuelainfancia.com\/blog\/wp-json\/wp\/v2\/tags?post=5251"}],"curies":[{"name":"wp","href":"https:\/\/api.w.org\/{rel}","templated":true}]}}