 {"id":5246,"date":"2023-11-06T11:43:45","date_gmt":"2023-11-06T10:43:45","guid":{"rendered":"https:\/\/www.rayuelainfancia.com\/blog\/?p=5246"},"modified":"2023-12-11T20:11:22","modified_gmt":"2023-12-11T19:11:22","slug":"encuentro-con-charo-pita","status":"publish","type":"post","link":"https:\/\/www.rayuelainfancia.com\/blog\/encuentro-con-charo-pita\/","title":{"rendered":"ENCUENTRO CON CHARO PITA"},"content":{"rendered":"<p>Este<strong> jueves 9 de Noviembre a las 19:00h.<\/strong> vente a Rayuela para disfrutar de este encuentro con la <strong>narradora y autora<\/strong> <strong>Charo Pita<\/strong>. Presenta Juan Arjona.<\/p>\n<p><!--more--><\/p>\n<h2>Encuentro con Charo Pita<\/h2>\n<p>Tenemos la oportunidad de contar con la presencia de <b>Charo Pita<\/b>, excelente profesional y gallega para m\u00e1s se\u00f1as. Narradora y escritora de profesi\u00f3n, nos contar\u00e1 la aventura de su nuevo libro <b><i>Del cacao al Chocolate, <\/i><\/b>editado por<span style=\"color: #800080;\"> <a style=\"color: #800080;\" href=\"https:\/\/www.librosdelasmalascompanias.com\/\">Libros de las Malas Compa\u00f1\u00edas<\/a><\/span>.<\/p>\n<p>cartel <img loading=\"lazy\" class=\"alignnone size-full wp-image-5248\" src=\"http:\/\/www.rayuelainfancia.com\/blog\/wp-content\/uploads\/2023\/11\/cartel-charo-pita-png.png\" alt=\"\" width=\"1414\" height=\"2000\" srcset=\"https:\/\/www.rayuelainfancia.com\/blog\/wp-content\/uploads\/2023\/11\/cartel-charo-pita-png.png 1414w, https:\/\/www.rayuelainfancia.com\/blog\/wp-content\/uploads\/2023\/11\/cartel-charo-pita-png-212x300.png 212w, https:\/\/www.rayuelainfancia.com\/blog\/wp-content\/uploads\/2023\/11\/cartel-charo-pita-png-724x1024.png 724w, https:\/\/www.rayuelainfancia.com\/blog\/wp-content\/uploads\/2023\/11\/cartel-charo-pita-png-768x1086.png 768w, https:\/\/www.rayuelainfancia.com\/blog\/wp-content\/uploads\/2023\/11\/cartel-charo-pita-png-1086x1536.png 1086w\" sizes=\"(max-width: 1414px) 100vw, 1414px\" \/><\/p>\n<p><b>Juan Arjona<\/b>, autor y narrador tambi\u00e9n,\u00a0 presentar\u00e1 el acto. Como dice Charo, \u00abEn el cacao se mezclan lo amargo con lo dulce, la bebida con la golosina, <strong>la cultura precolombina con la europea y la african<\/strong>a, el mito y la leyenda con la an\u00e9cdota&#8230; Su viaje a lo largo de los siglos se caracterizar\u00e1 por una constante transformaci\u00f3n que culminar\u00e1 con la aparici\u00f3n del chocolate tal y como lo conocemos ahora. Por tanto,\u00a0 <b><i>Del cacao al chocolate<\/i><\/b> relata los <strong>cambios lentos y complejos<\/strong> que se han ido produciendo a lo largo de la historia. Una aut\u00e9ntica aventura que merece ser contada.\u00bb<\/p>\n<p>Y seguramente, si hay tiempo, le pediremos que <strong>nos cuente otras sugerentes historias suyas<\/strong> dif\u00edciles de olvidar. Acomp\u00e1\u00f1anos este jueves, pasaremos juntos gratos momentos. Aqu\u00ed habr\u00e1 relatos para todas y todos los que est\u00e9is dispuestos a relajarse y escuchar.<\/p>\n<p>No faltes, te esperamos en Rayuela para disfrutar al calor de las buenas historias con esta excelente narradora. \u00a1Te esperamos!<\/p>\n","protected":false},"excerpt":{"rendered":"<p>Este jueves 9 de Noviembre a las 19:00h. vente a Rayuela para disfrutar de este encuentro con la narradora y autora Charo Pita. Presenta Juan Arjona.<\/p>\n","protected":false},"author":6,"featured_media":5249,"comment_status":"open","ping_status":"open","sticky":false,"template":"","format":"standard","meta":[],"categories":[18,21],"tags":[184,183,187,180,188,38,185,189,182,181,104,186],"yoast_head":"<!-- This site is optimized with the Yoast SEO plugin v18.5.1 - https:\/\/yoast.com\/wordpress\/plugins\/seo\/ -->\n<title>ENCUENTRO CON CHARO PITA &#8902; Blog de Rayuelainfancia<\/title>\n<meta name=\"description\" content=\"Este jueves 9 de Noviembre a las 19:00h. vente a Rayuela para disfrutar de este encuentro con la narradora y autora Charo Pita.\" \/>\n<meta name=\"robots\" content=\"index, follow, max-snippet:-1, max-image-preview:large, max-video-preview:-1\" \/>\n<link rel=\"canonical\" href=\"https:\/\/www.rayuelainfancia.com\/blog\/encuentro-con-charo-pita\/\" \/>\n<meta property=\"og:locale\" content=\"es_ES\" \/>\n<meta property=\"og:type\" content=\"article\" \/>\n<meta property=\"og:title\" content=\"ENCUENTRO CON CHARO PITA &#8902; Blog de Rayuelainfancia\" \/>\n<meta property=\"og:description\" content=\"Este jueves 9 de Noviembre a las 19:00h. vente a Rayuela para disfrutar de este encuentro con la narradora y autora Charo Pita.\" \/>\n<meta property=\"og:url\" content=\"https:\/\/www.rayuelainfancia.com\/blog\/encuentro-con-charo-pita\/\" \/>\n<meta property=\"og:site_name\" content=\"Blog de Rayuelainfancia\" \/>\n<meta property=\"article:publisher\" content=\"https:\/\/www.facebook.com\/pages\/Librer\u00eda-Rayuela\/251861686361\" \/>\n<meta property=\"article:published_time\" content=\"2023-11-06T10:43:45+00:00\" \/>\n<meta property=\"article:modified_time\" content=\"2023-12-11T19:11:22+00:00\" \/>\n<meta property=\"og:image\" content=\"http:\/\/www.rayuelainfancia.com\/blog\/wp-content\/uploads\/2023\/11\/charo-pirta-blog.png\" \/>\n\t<meta property=\"og:image:width\" content=\"750\" \/>\n\t<meta property=\"og:image:height\" content=\"410\" \/>\n\t<meta property=\"og:image:type\" content=\"image\/png\" \/>\n<meta name=\"twitter:card\" content=\"summary\" \/>\n<meta name=\"twitter:creator\" content=\"@Rayuelainfancia\" \/>\n<meta name=\"twitter:site\" content=\"@Rayuelainfancia\" \/>\n<meta name=\"twitter:label1\" content=\"Written by\" \/>\n\t<meta name=\"twitter:data1\" content=\"Rayuelainfancia\" \/>\n\t<meta name=\"twitter:label2\" content=\"Est. reading time\" \/>\n\t<meta name=\"twitter:data2\" content=\"1 minuto\" \/>\n<script type=\"application\/ld+json\" class=\"yoast-schema-graph\">{\"@context\":\"https:\/\/schema.org\",\"@graph\":[{\"@type\":\"Organization\",\"@id\":\"https:\/\/www.rayuelainfancia.com\/blog\/#organization\",\"name\":\"Rayuelainfancia\",\"url\":\"https:\/\/www.rayuelainfancia.com\/blog\/\",\"sameAs\":[\"https:\/\/www.facebook.com\/pages\/Librer\u00eda-Rayuela\/251861686361\",\"https:\/\/www.youtube.com\/channel\/UCddVaoDjpTp-DexyEVoyazQ\",\"https:\/\/twitter.com\/Rayuelainfancia\"],\"logo\":{\"@type\":\"ImageObject\",\"@id\":\"https:\/\/www.rayuelainfancia.com\/blog\/#logo\",\"inLanguage\":\"es\",\"url\":\"https:\/\/www.rayuelainfancia.com\/blog\/wp-content\/uploads\/2018\/06\/logo-rayuelainfancia-color-corporativo.png\",\"contentUrl\":\"https:\/\/www.rayuelainfancia.com\/blog\/wp-content\/uploads\/2018\/06\/logo-rayuelainfancia-color-corporativo.png\",\"width\":1200,\"height\":680,\"caption\":\"Rayuelainfancia\"},\"image\":{\"@id\":\"https:\/\/www.rayuelainfancia.com\/blog\/#logo\"}},{\"@type\":\"WebSite\",\"@id\":\"https:\/\/www.rayuelainfancia.com\/blog\/#website\",\"url\":\"https:\/\/www.rayuelainfancia.com\/blog\/\",\"name\":\"Blog de Rayuelainfancia\",\"description\":\"Libros infantiles y juegos educaticos respestuosos con la infancia\",\"publisher\":{\"@id\":\"https:\/\/www.rayuelainfancia.com\/blog\/#organization\"},\"potentialAction\":[{\"@type\":\"SearchAction\",\"target\":{\"@type\":\"EntryPoint\",\"urlTemplate\":\"https:\/\/www.rayuelainfancia.com\/blog\/?s={search_term_string}\"},\"query-input\":\"required name=search_term_string\"}],\"inLanguage\":\"es\"},{\"@type\":\"ImageObject\",\"@id\":\"https:\/\/www.rayuelainfancia.com\/blog\/encuentro-con-charo-pita\/#primaryimage\",\"inLanguage\":\"es\",\"url\":\"https:\/\/www.rayuelainfancia.com\/blog\/wp-content\/uploads\/2023\/11\/charo-pirta-blog.png\",\"contentUrl\":\"https:\/\/www.rayuelainfancia.com\/blog\/wp-content\/uploads\/2023\/11\/charo-pirta-blog.png\",\"width\":750,\"height\":410},{\"@type\":\"WebPage\",\"@id\":\"https:\/\/www.rayuelainfancia.com\/blog\/encuentro-con-charo-pita\/#webpage\",\"url\":\"https:\/\/www.rayuelainfancia.com\/blog\/encuentro-con-charo-pita\/\",\"name\":\"ENCUENTRO CON CHARO PITA &#8902; Blog de Rayuelainfancia\",\"isPartOf\":{\"@id\":\"https:\/\/www.rayuelainfancia.com\/blog\/#website\"},\"primaryImageOfPage\":{\"@id\":\"https:\/\/www.rayuelainfancia.com\/blog\/encuentro-con-charo-pita\/#primaryimage\"},\"datePublished\":\"2023-11-06T10:43:45+00:00\",\"dateModified\":\"2023-12-11T19:11:22+00:00\",\"description\":\"Este jueves 9 de Noviembre a las 19:00h. vente a Rayuela para disfrutar de este encuentro con la narradora y autora Charo Pita.\",\"breadcrumb\":{\"@id\":\"https:\/\/www.rayuelainfancia.com\/blog\/encuentro-con-charo-pita\/#breadcrumb\"},\"inLanguage\":\"es\",\"potentialAction\":[{\"@type\":\"ReadAction\",\"target\":[\"https:\/\/www.rayuelainfancia.com\/blog\/encuentro-con-charo-pita\/\"]}]},{\"@type\":\"BreadcrumbList\",\"@id\":\"https:\/\/www.rayuelainfancia.com\/blog\/encuentro-con-charo-pita\/#breadcrumb\",\"itemListElement\":[{\"@type\":\"ListItem\",\"position\":1,\"name\":\"Portada\",\"item\":\"https:\/\/www.rayuelainfancia.com\/blog\/\"},{\"@type\":\"ListItem\",\"position\":2,\"name\":\"ENCUENTRO CON CHARO PITA\"}]},{\"@type\":\"Article\",\"@id\":\"https:\/\/www.rayuelainfancia.com\/blog\/encuentro-con-charo-pita\/#article\",\"isPartOf\":{\"@id\":\"https:\/\/www.rayuelainfancia.com\/blog\/encuentro-con-charo-pita\/#webpage\"},\"author\":{\"@id\":\"https:\/\/www.rayuelainfancia.com\/blog\/#\/schema\/person\/c1aff250c5154e35f53f26d0eba10c45\"},\"headline\":\"ENCUENTRO CON CHARO PITA\",\"datePublished\":\"2023-11-06T10:43:45+00:00\",\"dateModified\":\"2023-12-11T19:11:22+00:00\",\"mainEntityOfPage\":{\"@id\":\"https:\/\/www.rayuelainfancia.com\/blog\/encuentro-con-charo-pita\/#webpage\"},\"wordCount\":248,\"commentCount\":0,\"publisher\":{\"@id\":\"https:\/\/www.rayuelainfancia.com\/blog\/#organization\"},\"image\":{\"@id\":\"https:\/\/www.rayuelainfancia.com\/blog\/encuentro-con-charo-pita\/#primaryimage\"},\"thumbnailUrl\":\"https:\/\/www.rayuelainfancia.com\/blog\/wp-content\/uploads\/2023\/11\/charo-pirta-blog.png\",\"keywords\":[\"\u00e1frica\",\"am\u00e9rica\",\"cacao\",\"charo pita\",\"chocolate\",\"cuentos\",\"europa\",\"juan arjona\",\"leyendas\",\"mitos\",\"narraci\u00f3n oral\",\"tradici\u00f3n oral\"],\"articleSection\":[\"Actividades Cuentacuentos\",\"Literatura Infantil\"],\"inLanguage\":\"es\",\"potentialAction\":[{\"@type\":\"CommentAction\",\"name\":\"Comment\",\"target\":[\"https:\/\/www.rayuelainfancia.com\/blog\/encuentro-con-charo-pita\/#respond\"]}]},{\"@type\":\"Person\",\"@id\":\"https:\/\/www.rayuelainfancia.com\/blog\/#\/schema\/person\/c1aff250c5154e35f53f26d0eba10c45\",\"name\":\"Rayuelainfancia\",\"image\":{\"@type\":\"ImageObject\",\"@id\":\"https:\/\/www.rayuelainfancia.com\/blog\/#personlogo\",\"inLanguage\":\"es\",\"url\":\"https:\/\/secure.gravatar.com\/avatar\/8bf03e7a4bb13ca5c7d0dc6acde2bfd1?s=96&d=mm&r=g\",\"contentUrl\":\"https:\/\/secure.gravatar.com\/avatar\/8bf03e7a4bb13ca5c7d0dc6acde2bfd1?s=96&d=mm&r=g\",\"caption\":\"Rayuelainfancia\"}}]}<\/script>\n<!-- \/ Yoast SEO plugin. -->","yoast_head_json":{"title":"ENCUENTRO CON CHARO PITA &#8902; Blog de Rayuelainfancia","description":"Este jueves 9 de Noviembre a las 19:00h. vente a Rayuela para disfrutar de este encuentro con la narradora y autora Charo Pita.","robots":{"index":"index","follow":"follow","max-snippet":"max-snippet:-1","max-image-preview":"max-image-preview:large","max-video-preview":"max-video-preview:-1"},"canonical":"https:\/\/www.rayuelainfancia.com\/blog\/encuentro-con-charo-pita\/","og_locale":"es_ES","og_type":"article","og_title":"ENCUENTRO CON CHARO PITA &#8902; Blog de Rayuelainfancia","og_description":"Este jueves 9 de Noviembre a las 19:00h. vente a Rayuela para disfrutar de este encuentro con la narradora y autora Charo Pita.","og_url":"https:\/\/www.rayuelainfancia.com\/blog\/encuentro-con-charo-pita\/","og_site_name":"Blog de Rayuelainfancia","article_publisher":"https:\/\/www.facebook.com\/pages\/Librer\u00eda-Rayuela\/251861686361","article_published_time":"2023-11-06T10:43:45+00:00","article_modified_time":"2023-12-11T19:11:22+00:00","og_image":[{"width":750,"height":410,"url":"http:\/\/www.rayuelainfancia.com\/blog\/wp-content\/uploads\/2023\/11\/charo-pirta-blog.png","type":"image\/png"}],"twitter_card":"summary","twitter_creator":"@Rayuelainfancia","twitter_site":"@Rayuelainfancia","twitter_misc":{"Written by":"Rayuelainfancia","Est. reading time":"1 minuto"},"schema":{"@context":"https:\/\/schema.org","@graph":[{"@type":"Organization","@id":"https:\/\/www.rayuelainfancia.com\/blog\/#organization","name":"Rayuelainfancia","url":"https:\/\/www.rayuelainfancia.com\/blog\/","sameAs":["https:\/\/www.facebook.com\/pages\/Librer\u00eda-Rayuela\/251861686361","https:\/\/www.youtube.com\/channel\/UCddVaoDjpTp-DexyEVoyazQ","https:\/\/twitter.com\/Rayuelainfancia"],"logo":{"@type":"ImageObject","@id":"https:\/\/www.rayuelainfancia.com\/blog\/#logo","inLanguage":"es","url":"https:\/\/www.rayuelainfancia.com\/blog\/wp-content\/uploads\/2018\/06\/logo-rayuelainfancia-color-corporativo.png","contentUrl":"https:\/\/www.rayuelainfancia.com\/blog\/wp-content\/uploads\/2018\/06\/logo-rayuelainfancia-color-corporativo.png","width":1200,"height":680,"caption":"Rayuelainfancia"},"image":{"@id":"https:\/\/www.rayuelainfancia.com\/blog\/#logo"}},{"@type":"WebSite","@id":"https:\/\/www.rayuelainfancia.com\/blog\/#website","url":"https:\/\/www.rayuelainfancia.com\/blog\/","name":"Blog de Rayuelainfancia","description":"Libros infantiles y juegos educaticos respestuosos con la infancia","publisher":{"@id":"https:\/\/www.rayuelainfancia.com\/blog\/#organization"},"potentialAction":[{"@type":"SearchAction","target":{"@type":"EntryPoint","urlTemplate":"https:\/\/www.rayuelainfancia.com\/blog\/?s={search_term_string}"},"query-input":"required name=search_term_string"}],"inLanguage":"es"},{"@type":"ImageObject","@id":"https:\/\/www.rayuelainfancia.com\/blog\/encuentro-con-charo-pita\/#primaryimage","inLanguage":"es","url":"https:\/\/www.rayuelainfancia.com\/blog\/wp-content\/uploads\/2023\/11\/charo-pirta-blog.png","contentUrl":"https:\/\/www.rayuelainfancia.com\/blog\/wp-content\/uploads\/2023\/11\/charo-pirta-blog.png","width":750,"height":410},{"@type":"WebPage","@id":"https:\/\/www.rayuelainfancia.com\/blog\/encuentro-con-charo-pita\/#webpage","url":"https:\/\/www.rayuelainfancia.com\/blog\/encuentro-con-charo-pita\/","name":"ENCUENTRO CON CHARO PITA &#8902; Blog de Rayuelainfancia","isPartOf":{"@id":"https:\/\/www.rayuelainfancia.com\/blog\/#website"},"primaryImageOfPage":{"@id":"https:\/\/www.rayuelainfancia.com\/blog\/encuentro-con-charo-pita\/#primaryimage"},"datePublished":"2023-11-06T10:43:45+00:00","dateModified":"2023-12-11T19:11:22+00:00","description":"Este jueves 9 de Noviembre a las 19:00h. vente a Rayuela para disfrutar de este encuentro con la narradora y autora Charo Pita.","breadcrumb":{"@id":"https:\/\/www.rayuelainfancia.com\/blog\/encuentro-con-charo-pita\/#breadcrumb"},"inLanguage":"es","potentialAction":[{"@type":"ReadAction","target":["https:\/\/www.rayuelainfancia.com\/blog\/encuentro-con-charo-pita\/"]}]},{"@type":"BreadcrumbList","@id":"https:\/\/www.rayuelainfancia.com\/blog\/encuentro-con-charo-pita\/#breadcrumb","itemListElement":[{"@type":"ListItem","position":1,"name":"Portada","item":"https:\/\/www.rayuelainfancia.com\/blog\/"},{"@type":"ListItem","position":2,"name":"ENCUENTRO CON CHARO PITA"}]},{"@type":"Article","@id":"https:\/\/www.rayuelainfancia.com\/blog\/encuentro-con-charo-pita\/#article","isPartOf":{"@id":"https:\/\/www.rayuelainfancia.com\/blog\/encuentro-con-charo-pita\/#webpage"},"author":{"@id":"https:\/\/www.rayuelainfancia.com\/blog\/#\/schema\/person\/c1aff250c5154e35f53f26d0eba10c45"},"headline":"ENCUENTRO CON CHARO PITA","datePublished":"2023-11-06T10:43:45+00:00","dateModified":"2023-12-11T19:11:22+00:00","mainEntityOfPage":{"@id":"https:\/\/www.rayuelainfancia.com\/blog\/encuentro-con-charo-pita\/#webpage"},"wordCount":248,"commentCount":0,"publisher":{"@id":"https:\/\/www.rayuelainfancia.com\/blog\/#organization"},"image":{"@id":"https:\/\/www.rayuelainfancia.com\/blog\/encuentro-con-charo-pita\/#primaryimage"},"thumbnailUrl":"https:\/\/www.rayuelainfancia.com\/blog\/wp-content\/uploads\/2023\/11\/charo-pirta-blog.png","keywords":["\u00e1frica","am\u00e9rica","cacao","charo pita","chocolate","cuentos","europa","juan arjona","leyendas","mitos","narraci\u00f3n oral","tradici\u00f3n oral"],"articleSection":["Actividades Cuentacuentos","Literatura Infantil"],"inLanguage":"es","potentialAction":[{"@type":"CommentAction","name":"Comment","target":["https:\/\/www.rayuelainfancia.com\/blog\/encuentro-con-charo-pita\/#respond"]}]},{"@type":"Person","@id":"https:\/\/www.rayuelainfancia.com\/blog\/#\/schema\/person\/c1aff250c5154e35f53f26d0eba10c45","name":"Rayuelainfancia","image":{"@type":"ImageObject","@id":"https:\/\/www.rayuelainfancia.com\/blog\/#personlogo","inLanguage":"es","url":"https:\/\/secure.gravatar.com\/avatar\/8bf03e7a4bb13ca5c7d0dc6acde2bfd1?s=96&d=mm&r=g","contentUrl":"https:\/\/secure.gravatar.com\/avatar\/8bf03e7a4bb13ca5c7d0dc6acde2bfd1?s=96&d=mm&r=g","caption":"Rayuelainfancia"}}]}},"_links":{"self":[{"href":"https:\/\/www.rayuelainfancia.com\/blog\/wp-json\/wp\/v2\/posts\/5246"}],"collection":[{"href":"https:\/\/www.rayuelainfancia.com\/blog\/wp-json\/wp\/v2\/posts"}],"about":[{"href":"https:\/\/www.rayuelainfancia.com\/blog\/wp-json\/wp\/v2\/types\/post"}],"author":[{"embeddable":true,"href":"https:\/\/www.rayuelainfancia.com\/blog\/wp-json\/wp\/v2\/users\/6"}],"replies":[{"embeddable":true,"href":"https:\/\/www.rayuelainfancia.com\/blog\/wp-json\/wp\/v2\/comments?post=5246"}],"version-history":[{"count":1,"href":"https:\/\/www.rayuelainfancia.com\/blog\/wp-json\/wp\/v2\/posts\/5246\/revisions"}],"predecessor-version":[{"id":5250,"href":"https:\/\/www.rayuelainfancia.com\/blog\/wp-json\/wp\/v2\/posts\/5246\/revisions\/5250"}],"wp:featuredmedia":[{"embeddable":true,"href":"https:\/\/www.rayuelainfancia.com\/blog\/wp-json\/wp\/v2\/media\/5249"}],"wp:attachment":[{"href":"https:\/\/www.rayuelainfancia.com\/blog\/wp-json\/wp\/v2\/media?parent=5246"}],"wp:term":[{"taxonomy":"category","embeddable":true,"href":"https:\/\/www.rayuelainfancia.com\/blog\/wp-json\/wp\/v2\/categories?post=5246"},{"taxonomy":"post_tag","embeddable":true,"href":"https:\/\/www.rayuelainfancia.com\/blog\/wp-json\/wp\/v2\/tags?post=5246"}],"curies":[{"name":"wp","href":"https:\/\/api.w.org\/{rel}","templated":true}]}}