 {"id":5221,"date":"2023-11-02T11:13:33","date_gmt":"2023-11-02T10:13:33","guid":{"rendered":"https:\/\/www.rayuelainfancia.com\/blog\/?p=5221"},"modified":"2024-02-27T12:49:24","modified_gmt":"2024-02-27T11:49:24","slug":"feria-del-libro-2023-segunda-semana","status":"publish","type":"post","link":"https:\/\/www.rayuelainfancia.com\/blog\/feria-del-libro-2023-segunda-semana\/","title":{"rendered":"FERIA DEL LIBRO 2023 (SEGUNDA SEMANA)"},"content":{"rendered":"<p align=\"LEFT\">Seguimos una semana m\u00e1s de <strong>Feria del Libro 2023<\/strong> repleta de propuestas, firmas, actividades y presentaciones. Apunta bien las fechas \u00a1Y no te pierdas nada!<\/p>\n<p align=\"LEFT\"><!--more--><\/p>\n<h2 align=\"LEFT\">Mi\u00e9rcoles 1 de Noviembre<\/h2>\n<p>Arrancamos la semana \u00a1Por todo lo alto! No te pierdas nada y disfruta de este mi\u00e9rcoles festivo de la mejor manera, en la Feria del Libro de Sevilla.<\/p>\n<h3>12:00h. Luisma Escudero<\/h3>\n<p>Para empezar la ma\u00f1ana, vente a las 1<strong>2:ooh. a la caseta 21<\/strong> sonde estar\u00e1 firmando<strong> Luisma Escudero<\/strong>, cient\u00edfico descubridor del escutoides, su libro divulgativo \u00abPap\u00e1, \u00bfC\u00f3mo se enroscan las caracolas?\u00bb junto a su hija margarita.<\/p>\n<p align=\"LEFT\"><img loading=\"lazy\" class=\"alignnone size-full wp-image-5223\" src=\"http:\/\/www.rayuelainfancia.com\/blog\/wp-content\/uploads\/2023\/10\/luisma-escudero.png\" alt=\"\" width=\"2000\" height=\"1600\" srcset=\"https:\/\/www.rayuelainfancia.com\/blog\/wp-content\/uploads\/2023\/10\/luisma-escudero.png 2000w, https:\/\/www.rayuelainfancia.com\/blog\/wp-content\/uploads\/2023\/10\/luisma-escudero-300x240.png 300w, https:\/\/www.rayuelainfancia.com\/blog\/wp-content\/uploads\/2023\/10\/luisma-escudero-1024x819.png 1024w, https:\/\/www.rayuelainfancia.com\/blog\/wp-content\/uploads\/2023\/10\/luisma-escudero-768x614.png 768w, https:\/\/www.rayuelainfancia.com\/blog\/wp-content\/uploads\/2023\/10\/luisma-escudero-1536x1229.png 1536w\" sizes=\"(max-width: 2000px) 100vw, 2000px\" \/><\/p>\n<h3 align=\"LEFT\"><span style=\"color: #000000;\"><span style=\"font-family: Arial, sans-serif;\"><span style=\"font-size: medium;\">12:00 h. Cuentacuentos de Jose Carlos Rom\u00e1n. Espacio UNIA\u00a0<\/span><\/span><\/span><\/h3>\n<p>A las<strong> 12:00h en el Espacio UNIA<\/strong> de la Feria del Libro disfruta de esta <strong>sesi\u00f3n de cuentos con Jose Carlos Rom\u00e1n<\/strong>, autor de numerosos cuentos que disfruta como un ni\u00f1o compartiendo sus historias \u00a1No te lo pierdas!<\/p>\n<p><img loading=\"lazy\" class=\"alignnone size-full wp-image-5224\" src=\"http:\/\/www.rayuelainfancia.com\/blog\/wp-content\/uploads\/2023\/10\/cuentacuentos-jose-carlos.png\" alt=\"\" width=\"2000\" height=\"1600\" srcset=\"https:\/\/www.rayuelainfancia.com\/blog\/wp-content\/uploads\/2023\/10\/cuentacuentos-jose-carlos.png 2000w, https:\/\/www.rayuelainfancia.com\/blog\/wp-content\/uploads\/2023\/10\/cuentacuentos-jose-carlos-300x240.png 300w, https:\/\/www.rayuelainfancia.com\/blog\/wp-content\/uploads\/2023\/10\/cuentacuentos-jose-carlos-1024x819.png 1024w, https:\/\/www.rayuelainfancia.com\/blog\/wp-content\/uploads\/2023\/10\/cuentacuentos-jose-carlos-768x614.png 768w, https:\/\/www.rayuelainfancia.com\/blog\/wp-content\/uploads\/2023\/10\/cuentacuentos-jose-carlos-1536x1229.png 1536w\" sizes=\"(max-width: 2000px) 100vw, 2000px\" \/><\/p>\n<h3 align=\"LEFT\"><span style=\"color: #000000;\"><span style=\"font-family: Arial, sans-serif;\"><span style=\"font-size: medium;\">13:00 h. Firma Jos\u00e9 Carlos Rom\u00e1n<\/span><\/span><\/span><\/h3>\n<p>A partir de las <strong>13:00h<\/strong>., una vez terminada la sesi\u00f3n de cuentos, <strong>Jose Carlos Rom\u00e1n<\/strong> estar\u00e1 firmando su obra en nuestra caseta \u00a1Recuerda, la n\u00famero 21! No dejes de pasarte, pasaremos un raro estupendo en compa\u00f1\u00eda de este autor.<\/p>\n<p><img loading=\"lazy\" class=\"alignnone size-full wp-image-5226\" src=\"http:\/\/www.rayuelainfancia.com\/blog\/wp-content\/uploads\/2023\/10\/jose-carlos-firma.png\" alt=\"\" width=\"2000\" height=\"1600\" srcset=\"https:\/\/www.rayuelainfancia.com\/blog\/wp-content\/uploads\/2023\/10\/jose-carlos-firma.png 2000w, https:\/\/www.rayuelainfancia.com\/blog\/wp-content\/uploads\/2023\/10\/jose-carlos-firma-300x240.png 300w, https:\/\/www.rayuelainfancia.com\/blog\/wp-content\/uploads\/2023\/10\/jose-carlos-firma-1024x819.png 1024w, https:\/\/www.rayuelainfancia.com\/blog\/wp-content\/uploads\/2023\/10\/jose-carlos-firma-768x614.png 768w, https:\/\/www.rayuelainfancia.com\/blog\/wp-content\/uploads\/2023\/10\/jose-carlos-firma-1536x1229.png 1536w\" sizes=\"(max-width: 2000px) 100vw, 2000px\" \/><\/p>\n<h3 align=\"LEFT\"><span style=\"color: #000000;\"><span style=\"font-family: Arial, sans-serif;\"><span style=\"font-size: medium;\">19:00h. Firma Alicia Bulul\u00fa<\/span><\/span><\/span><\/h3>\n<p>Y para terminar el d\u00eda&#8230;. no te pierdas este ratito de encuentro y firma con <strong>Alicia Bulul\u00fa en la Caseta 21<\/strong>. Ser\u00e1 a partir de las <strong>19:00h.<\/strong> y, aunque es m\u00e1s hora de merienda, te invitamos a este <span style=\"color: #008000;\"><a style=\"color: #008000;\" href=\"https:\/\/www.rayuelainfancia.com\/poesia\/936477-diario-desayuno.html\">\u00abDiario desayuno\u00bb<\/a><\/span> que es delicioso. \u00a1Te esperamos!<\/p>\n<p><img loading=\"lazy\" class=\"alignnone size-full wp-image-5228\" src=\"http:\/\/www.rayuelainfancia.com\/blog\/wp-content\/uploads\/2023\/10\/firma-alicia.png\" alt=\"\" width=\"2000\" height=\"1600\" srcset=\"https:\/\/www.rayuelainfancia.com\/blog\/wp-content\/uploads\/2023\/10\/firma-alicia.png 2000w, https:\/\/www.rayuelainfancia.com\/blog\/wp-content\/uploads\/2023\/10\/firma-alicia-300x240.png 300w, https:\/\/www.rayuelainfancia.com\/blog\/wp-content\/uploads\/2023\/10\/firma-alicia-1024x819.png 1024w, https:\/\/www.rayuelainfancia.com\/blog\/wp-content\/uploads\/2023\/10\/firma-alicia-768x614.png 768w, https:\/\/www.rayuelainfancia.com\/blog\/wp-content\/uploads\/2023\/10\/firma-alicia-1536x1229.png 1536w\" sizes=\"(max-width: 2000px) 100vw, 2000px\" \/><\/p>\n<h2 align=\"LEFT\"><span style=\"color: #000000;\"><span style=\"font-family: Arial, sans-serif;\"><span style=\"font-size: medium;\"><b>S\u00e1bado 4 de Noviembre\u00a0<\/b><\/span><\/span><\/span><\/h2>\n<h3 align=\"LEFT\"><span style=\"color: #000000;\"><span style=\"font-family: Arial, sans-serif;\"><span style=\"font-size: medium;\">12.00 h.\u00a0 Firma Jos\u00e9 Morales \u00abLa cena del Le\u00f3n\u00bb<\/span><\/span><\/span><\/h3>\n<p><strong>Jos\u00e9 Morales<\/strong> es el autor de este divertid\u00edsimo cuento con receta incluida. No pierdas la oportunidad de llev\u00e1rtelo firmado en esta Feria del Libro. A partir de las <strong>12:00h<\/strong> este s\u00e1bado en la Caseta 21.<\/p>\n<p><img loading=\"lazy\" class=\"wp-image-5230 aligncenter\" src=\"http:\/\/www.rayuelainfancia.com\/blog\/wp-content\/uploads\/2023\/10\/jose-morales-firma.png\" alt=\"\" width=\"1014\" height=\"811\" srcset=\"https:\/\/www.rayuelainfancia.com\/blog\/wp-content\/uploads\/2023\/10\/jose-morales-firma.png 2000w, https:\/\/www.rayuelainfancia.com\/blog\/wp-content\/uploads\/2023\/10\/jose-morales-firma-300x240.png 300w, https:\/\/www.rayuelainfancia.com\/blog\/wp-content\/uploads\/2023\/10\/jose-morales-firma-1024x819.png 1024w, https:\/\/www.rayuelainfancia.com\/blog\/wp-content\/uploads\/2023\/10\/jose-morales-firma-768x614.png 768w, https:\/\/www.rayuelainfancia.com\/blog\/wp-content\/uploads\/2023\/10\/jose-morales-firma-1536x1229.png 1536w\" sizes=\"(max-width: 1014px) 100vw, 1014px\" \/><\/p>\n<p align=\"LEFT\"><span style=\"color: #000000;\"><span style=\"font-family: Arial, sans-serif;\"><span style=\"font-size: medium;\"><b>12:00 h. Presentaci\u00f3n <i>\u00ab<\/i>Carta de Mam\u00e1\u00bb de Raquel D\u00edaz Reguera<i>.<\/i> Espacio UNIA<\/b><\/span><\/span><\/span><\/p>\n<p align=\"LEFT\">A las 12:00h en el espacio UNIA no te pierdas la presentaci\u00f3n de este emotivo libro de mano de su autora, Raquel D\u00edaz Reguera. \u00abCarta de mam\u00e1\u00bb es uno de sus \u00faltimos libros, lleno de emotividad y muuucho amor de madre.<\/p>\n<p align=\"LEFT\"><img loading=\"lazy\" class=\"alignnone size-full wp-image-5232\" src=\"http:\/\/www.rayuelainfancia.com\/blog\/wp-content\/uploads\/2023\/10\/presentacion-carta-de-mama.png\" alt=\"\" width=\"2000\" height=\"1600\" srcset=\"https:\/\/www.rayuelainfancia.com\/blog\/wp-content\/uploads\/2023\/10\/presentacion-carta-de-mama.png 2000w, https:\/\/www.rayuelainfancia.com\/blog\/wp-content\/uploads\/2023\/10\/presentacion-carta-de-mama-300x240.png 300w, https:\/\/www.rayuelainfancia.com\/blog\/wp-content\/uploads\/2023\/10\/presentacion-carta-de-mama-1024x819.png 1024w, https:\/\/www.rayuelainfancia.com\/blog\/wp-content\/uploads\/2023\/10\/presentacion-carta-de-mama-768x614.png 768w, https:\/\/www.rayuelainfancia.com\/blog\/wp-content\/uploads\/2023\/10\/presentacion-carta-de-mama-1536x1229.png 1536w\" sizes=\"(max-width: 2000px) 100vw, 2000px\" \/><\/p>\n<h3 align=\"LEFT\"><span style=\"color: #000000;\"><span style=\"font-family: Arial, sans-serif;\"><span style=\"font-size: medium;\">13.00 h. Firma Raquel D\u00edaz Reguera<\/span><\/span><\/span><\/h3>\n<p>Un poco m\u00e1s tarde, a partir de las <strong>13:00h.<\/strong> estar\u00e1 firmand<strong>o Raquel D\u00edaz Reguera en la caseta 21<\/strong>. Una oportunidad para conocer a esta autora y llevarte un libro dedicado por ella \u00a1Aprovecha la ocasi\u00f3n!<\/p>\n<p><img loading=\"lazy\" class=\"alignnone size-full wp-image-5234\" src=\"http:\/\/www.rayuelainfancia.com\/blog\/wp-content\/uploads\/2023\/10\/firma-raquel.png\" alt=\"\" width=\"2000\" height=\"1600\" srcset=\"https:\/\/www.rayuelainfancia.com\/blog\/wp-content\/uploads\/2023\/10\/firma-raquel.png 2000w, https:\/\/www.rayuelainfancia.com\/blog\/wp-content\/uploads\/2023\/10\/firma-raquel-300x240.png 300w, https:\/\/www.rayuelainfancia.com\/blog\/wp-content\/uploads\/2023\/10\/firma-raquel-1024x819.png 1024w, https:\/\/www.rayuelainfancia.com\/blog\/wp-content\/uploads\/2023\/10\/firma-raquel-768x614.png 768w, https:\/\/www.rayuelainfancia.com\/blog\/wp-content\/uploads\/2023\/10\/firma-raquel-1536x1229.png 1536w\" sizes=\"(max-width: 2000px) 100vw, 2000px\" \/><\/p>\n<h3 align=\"LEFT\"><span style=\"color: #000000;\"><span style=\"font-family: Arial, sans-serif;\"><span style=\"font-size: medium;\">19.00 h. Firma Juan Arjona de \u00abLibro Libresco\u00bb<\/span><\/span><\/span><\/h3>\n<p>Por la tarde seguimos con firmas de autores cercanos y queridos, en esta ocasi\u00f3n <strong>Juan Arjona<\/strong>, que estar\u00e1 firmando en la<strong> caseta 21<\/strong> su \u00faltimo libro editado por A buen paso <strong>\u00abLibro libresco\u00bb a partir de las 19:00h<\/strong>. \u00a1No te lo pierdas, es s\u00faper divertido!<\/p>\n<p><img loading=\"lazy\" class=\"alignnone size-full wp-image-5236\" src=\"http:\/\/www.rayuelainfancia.com\/blog\/wp-content\/uploads\/2023\/10\/juan-arjona.png\" alt=\"\" width=\"2000\" height=\"1600\" srcset=\"https:\/\/www.rayuelainfancia.com\/blog\/wp-content\/uploads\/2023\/10\/juan-arjona.png 2000w, https:\/\/www.rayuelainfancia.com\/blog\/wp-content\/uploads\/2023\/10\/juan-arjona-300x240.png 300w, https:\/\/www.rayuelainfancia.com\/blog\/wp-content\/uploads\/2023\/10\/juan-arjona-1024x819.png 1024w, https:\/\/www.rayuelainfancia.com\/blog\/wp-content\/uploads\/2023\/10\/juan-arjona-768x614.png 768w, https:\/\/www.rayuelainfancia.com\/blog\/wp-content\/uploads\/2023\/10\/juan-arjona-1536x1229.png 1536w\" sizes=\"(max-width: 2000px) 100vw, 2000px\" \/><\/p>\n<h3 align=\"LEFT\"><span style=\"color: #000000;\"><span style=\"font-family: Arial, sans-serif;\"><span style=\"font-size: medium;\">20.00 h. Firma Pepep\u00e9rez \u00ab<u>35 Con amor\/ 35 Punto y seguido\u00bb<\/u><\/span><\/span><\/span><\/h3>\n<p>Y una hora m\u00e1s tarde, a las 20:00h estar\u00e1 Pepep\u00e9rez firmando su libro <a href=\"https:\/\/www.rayuelainfancia.com\/cuentos-reunidos\/966217-35-con-amor-35-punto-y-seguido.html\">35 con amor\/35 punto y seguido<\/a> que hace un recorrido por su trayectoria como narrador oral.<\/p>\n<p><img loading=\"lazy\" class=\"alignnone size-full wp-image-5239\" src=\"http:\/\/www.rayuelainfancia.com\/blog\/wp-content\/uploads\/2023\/10\/pepeperez.png\" alt=\"\" width=\"2000\" height=\"1600\" srcset=\"https:\/\/www.rayuelainfancia.com\/blog\/wp-content\/uploads\/2023\/10\/pepeperez.png 2000w, https:\/\/www.rayuelainfancia.com\/blog\/wp-content\/uploads\/2023\/10\/pepeperez-300x240.png 300w, https:\/\/www.rayuelainfancia.com\/blog\/wp-content\/uploads\/2023\/10\/pepeperez-1024x819.png 1024w, https:\/\/www.rayuelainfancia.com\/blog\/wp-content\/uploads\/2023\/10\/pepeperez-768x614.png 768w, https:\/\/www.rayuelainfancia.com\/blog\/wp-content\/uploads\/2023\/10\/pepeperez-1536x1229.png 1536w\" sizes=\"(max-width: 2000px) 100vw, 2000px\" \/><\/p>\n<h2><span style=\"color: #000000;\"><span style=\"font-family: Arial, sans-serif;\"><span style=\"font-size: medium;\"><b>Domingo 5 de Noviembre\u00a0<\/b><\/span><\/span><\/span><\/h2>\n<h3 align=\"LEFT\"><span style=\"color: #000000;\"><span style=\"font-family: Arial, sans-serif;\"><span style=\"font-size: medium;\">12.00 h. <\/span><\/span><\/span><span style=\"font-family: Arial, sans-serif;\"><span style=\"font-size: medium;\"><b>ACTIVIDAD Presentaci\u00f3n de Silencio Editora<i>. <\/i>En la Carpa.<\/b><\/span><\/span><\/h3>\n<p>El domingo comenzamos a las 12:00h. con la <strong>presentaci\u00f3n<\/strong> en La carpa de la Feria del Libro de Sevilla de <strong>un proyecto editorial<\/strong> de personas muy queridas y cercanas, de gran sensibilidad y conocimiento de la Literatura Infantil y Juvenil: Silencio Editora. Si te interesa la literatura, la edici\u00f3n y la cultura en general, no te pierdas este encuentro.<\/p>\n<h3 align=\"LEFT\"><span style=\"font-family: Arial, sans-serif;\"><span style=\"font-size: medium;\">13.00 h. <b>ACTIVIDAD Presentaci\u00f3n \u00ab<\/b><b>La cuidadora de Palabras\u00bb con sus autores. <\/b><b>En la Carpa.<\/b><\/span><\/span><\/h3>\n<p>Una hora m\u00e1s tarde, a las 13:00h., tambi\u00e9n en la Carpa, estar\u00e1n <strong>Alejandro Pedregosa y Virginia Ogalla<\/strong> presentando el libro \u00abLa cuidadora de palabras\u00bb. Un libro singular, que nos acerca la sorprendente y desconocida vida de Mar\u00eda Moliner.<\/p>\n<p><img loading=\"lazy\" class=\"alignnone size-full wp-image-5242\" src=\"http:\/\/www.rayuelainfancia.com\/blog\/wp-content\/uploads\/2023\/11\/cuidadora-palabras.jpg\" alt=\"\" width=\"1131\" height=\"1600\" srcset=\"https:\/\/www.rayuelainfancia.com\/blog\/wp-content\/uploads\/2023\/11\/cuidadora-palabras.jpg 1131w, https:\/\/www.rayuelainfancia.com\/blog\/wp-content\/uploads\/2023\/11\/cuidadora-palabras-212x300.jpg 212w, https:\/\/www.rayuelainfancia.com\/blog\/wp-content\/uploads\/2023\/11\/cuidadora-palabras-724x1024.jpg 724w, https:\/\/www.rayuelainfancia.com\/blog\/wp-content\/uploads\/2023\/11\/cuidadora-palabras-768x1086.jpg 768w, https:\/\/www.rayuelainfancia.com\/blog\/wp-content\/uploads\/2023\/11\/cuidadora-palabras-1086x1536.jpg 1086w\" sizes=\"(max-width: 1131px) 100vw, 1131px\" \/><\/p>\n<h3 align=\"LEFT\"><span style=\"color: #000000;\"><span style=\"font-family: Arial, sans-serif;\"><span style=\"font-size: medium;\">14:00 h.<b> Firma de Alejandro Pedregosa<\/b> y <b>Virginia Ogalla<\/b> en Kalandraka<\/span><\/span><\/span><\/h3>\n<p>A partir de las<strong> 14:00h<\/strong>. te esperamos en la<strong> caseta 21<\/strong> donde <strong>Alejandro Pedregosa y Virginia Ogalla<\/strong> estar\u00e1n firmando su libro \u00a1No pierdas esta oportunidad para despedir esta Feria del Libro 2023!<\/p>\n<p><img loading=\"lazy\" class=\"alignnone size-full wp-image-5243\" src=\"http:\/\/www.rayuelainfancia.com\/blog\/wp-content\/uploads\/2023\/11\/alejandro-y-virginia.png\" alt=\"\" width=\"2000\" height=\"1600\" srcset=\"https:\/\/www.rayuelainfancia.com\/blog\/wp-content\/uploads\/2023\/11\/alejandro-y-virginia.png 2000w, https:\/\/www.rayuelainfancia.com\/blog\/wp-content\/uploads\/2023\/11\/alejandro-y-virginia-300x240.png 300w, https:\/\/www.rayuelainfancia.com\/blog\/wp-content\/uploads\/2023\/11\/alejandro-y-virginia-1024x819.png 1024w, https:\/\/www.rayuelainfancia.com\/blog\/wp-content\/uploads\/2023\/11\/alejandro-y-virginia-768x614.png 768w, https:\/\/www.rayuelainfancia.com\/blog\/wp-content\/uploads\/2023\/11\/alejandro-y-virginia-1536x1229.png 1536w\" sizes=\"(max-width: 2000px) 100vw, 2000px\" \/><\/p>\n<p>&nbsp;<\/p>\n","protected":false},"excerpt":{"rendered":"<p>Seguimos una semana m\u00e1s de Feria del Libro 2023 repleta de propuestas, firmas, actividades y presentaciones. Apunta bien las fechas \u00a1Y no te pierdas nada!<\/p>\n","protected":false},"author":6,"featured_media":5245,"comment_status":"open","ping_status":"open","sticky":false,"template":"","format":"standard","meta":[],"categories":[18,21],"tags":[],"yoast_head":"<!-- This site is optimized with the Yoast SEO plugin v18.5.1 - https:\/\/yoast.com\/wordpress\/plugins\/seo\/ -->\n<title>FERIA DEL LIBRO 2023 (SEGUNDA SEMANA) &#8902; Blog de Rayuelainfancia<\/title>\n<meta name=\"description\" content=\"Seguimos una semana m\u00e1s de Feria del Libro 2023 repleta de propuestas, firmas, actividades y presentaciones. \u00a1No te pierdas nada!\" \/>\n<meta name=\"robots\" content=\"index, follow, max-snippet:-1, max-image-preview:large, max-video-preview:-1\" \/>\n<link rel=\"canonical\" href=\"https:\/\/www.rayuelainfancia.com\/blog\/feria-del-libro-2023-segunda-semana\/\" \/>\n<meta property=\"og:locale\" content=\"es_ES\" \/>\n<meta property=\"og:type\" content=\"article\" \/>\n<meta property=\"og:title\" content=\"FERIA DEL LIBRO 2023 (SEGUNDA SEMANA) &#8902; Blog de Rayuelainfancia\" \/>\n<meta property=\"og:description\" content=\"Seguimos una semana m\u00e1s de Feria del Libro 2023 repleta de propuestas, firmas, actividades y presentaciones. \u00a1No te pierdas nada!\" \/>\n<meta property=\"og:url\" content=\"https:\/\/www.rayuelainfancia.com\/blog\/feria-del-libro-2023-segunda-semana\/\" \/>\n<meta property=\"og:site_name\" content=\"Blog de Rayuelainfancia\" \/>\n<meta property=\"article:publisher\" content=\"https:\/\/www.facebook.com\/pages\/Librer\u00eda-Rayuela\/251861686361\" \/>\n<meta property=\"article:published_time\" content=\"2023-11-02T10:13:33+00:00\" \/>\n<meta property=\"article:modified_time\" content=\"2024-02-27T11:49:24+00:00\" \/>\n<meta property=\"og:image\" content=\"http:\/\/www.rayuelainfancia.com\/blog\/wp-content\/uploads\/2023\/11\/firmas-2.png\" \/>\n\t<meta property=\"og:image:width\" content=\"750\" \/>\n\t<meta property=\"og:image:height\" content=\"410\" \/>\n\t<meta property=\"og:image:type\" content=\"image\/png\" \/>\n<meta name=\"twitter:card\" content=\"summary\" \/>\n<meta name=\"twitter:creator\" content=\"@Rayuelainfancia\" \/>\n<meta name=\"twitter:site\" content=\"@Rayuelainfancia\" \/>\n<meta name=\"twitter:label1\" content=\"Written by\" \/>\n\t<meta name=\"twitter:data1\" content=\"Rayuelainfancia\" \/>\n\t<meta name=\"twitter:label2\" content=\"Est. reading time\" \/>\n\t<meta name=\"twitter:data2\" content=\"3 minutos\" \/>\n<script type=\"application\/ld+json\" class=\"yoast-schema-graph\">{\"@context\":\"https:\/\/schema.org\",\"@graph\":[{\"@type\":\"Organization\",\"@id\":\"https:\/\/www.rayuelainfancia.com\/blog\/#organization\",\"name\":\"Rayuelainfancia\",\"url\":\"https:\/\/www.rayuelainfancia.com\/blog\/\",\"sameAs\":[\"https:\/\/www.facebook.com\/pages\/Librer\u00eda-Rayuela\/251861686361\",\"https:\/\/www.youtube.com\/channel\/UCddVaoDjpTp-DexyEVoyazQ\",\"https:\/\/twitter.com\/Rayuelainfancia\"],\"logo\":{\"@type\":\"ImageObject\",\"@id\":\"https:\/\/www.rayuelainfancia.com\/blog\/#logo\",\"inLanguage\":\"es\",\"url\":\"https:\/\/www.rayuelainfancia.com\/blog\/wp-content\/uploads\/2018\/06\/logo-rayuelainfancia-color-corporativo.png\",\"contentUrl\":\"https:\/\/www.rayuelainfancia.com\/blog\/wp-content\/uploads\/2018\/06\/logo-rayuelainfancia-color-corporativo.png\",\"width\":1200,\"height\":680,\"caption\":\"Rayuelainfancia\"},\"image\":{\"@id\":\"https:\/\/www.rayuelainfancia.com\/blog\/#logo\"}},{\"@type\":\"WebSite\",\"@id\":\"https:\/\/www.rayuelainfancia.com\/blog\/#website\",\"url\":\"https:\/\/www.rayuelainfancia.com\/blog\/\",\"name\":\"Blog de Rayuelainfancia\",\"description\":\"Libros infantiles y juegos educaticos respestuosos con la infancia\",\"publisher\":{\"@id\":\"https:\/\/www.rayuelainfancia.com\/blog\/#organization\"},\"potentialAction\":[{\"@type\":\"SearchAction\",\"target\":{\"@type\":\"EntryPoint\",\"urlTemplate\":\"https:\/\/www.rayuelainfancia.com\/blog\/?s={search_term_string}\"},\"query-input\":\"required name=search_term_string\"}],\"inLanguage\":\"es\"},{\"@type\":\"ImageObject\",\"@id\":\"https:\/\/www.rayuelainfancia.com\/blog\/feria-del-libro-2023-segunda-semana\/#primaryimage\",\"inLanguage\":\"es\",\"url\":\"https:\/\/www.rayuelainfancia.com\/blog\/wp-content\/uploads\/2023\/11\/firmas-2.png\",\"contentUrl\":\"https:\/\/www.rayuelainfancia.com\/blog\/wp-content\/uploads\/2023\/11\/firmas-2.png\",\"width\":750,\"height\":410},{\"@type\":\"WebPage\",\"@id\":\"https:\/\/www.rayuelainfancia.com\/blog\/feria-del-libro-2023-segunda-semana\/#webpage\",\"url\":\"https:\/\/www.rayuelainfancia.com\/blog\/feria-del-libro-2023-segunda-semana\/\",\"name\":\"FERIA DEL LIBRO 2023 (SEGUNDA SEMANA) &#8902; Blog de Rayuelainfancia\",\"isPartOf\":{\"@id\":\"https:\/\/www.rayuelainfancia.com\/blog\/#website\"},\"primaryImageOfPage\":{\"@id\":\"https:\/\/www.rayuelainfancia.com\/blog\/feria-del-libro-2023-segunda-semana\/#primaryimage\"},\"datePublished\":\"2023-11-02T10:13:33+00:00\",\"dateModified\":\"2024-02-27T11:49:24+00:00\",\"description\":\"Seguimos una semana m\u00e1s de Feria del Libro 2023 repleta de propuestas, firmas, actividades y presentaciones. \u00a1No te pierdas nada!\",\"breadcrumb\":{\"@id\":\"https:\/\/www.rayuelainfancia.com\/blog\/feria-del-libro-2023-segunda-semana\/#breadcrumb\"},\"inLanguage\":\"es\",\"potentialAction\":[{\"@type\":\"ReadAction\",\"target\":[\"https:\/\/www.rayuelainfancia.com\/blog\/feria-del-libro-2023-segunda-semana\/\"]}]},{\"@type\":\"BreadcrumbList\",\"@id\":\"https:\/\/www.rayuelainfancia.com\/blog\/feria-del-libro-2023-segunda-semana\/#breadcrumb\",\"itemListElement\":[{\"@type\":\"ListItem\",\"position\":1,\"name\":\"Portada\",\"item\":\"https:\/\/www.rayuelainfancia.com\/blog\/\"},{\"@type\":\"ListItem\",\"position\":2,\"name\":\"FERIA DEL LIBRO 2023 (SEGUNDA SEMANA)\"}]},{\"@type\":\"Article\",\"@id\":\"https:\/\/www.rayuelainfancia.com\/blog\/feria-del-libro-2023-segunda-semana\/#article\",\"isPartOf\":{\"@id\":\"https:\/\/www.rayuelainfancia.com\/blog\/feria-del-libro-2023-segunda-semana\/#webpage\"},\"author\":{\"@id\":\"https:\/\/www.rayuelainfancia.com\/blog\/#\/schema\/person\/c1aff250c5154e35f53f26d0eba10c45\"},\"headline\":\"FERIA DEL LIBRO 2023 (SEGUNDA SEMANA)\",\"datePublished\":\"2023-11-02T10:13:33+00:00\",\"dateModified\":\"2024-02-27T11:49:24+00:00\",\"mainEntityOfPage\":{\"@id\":\"https:\/\/www.rayuelainfancia.com\/blog\/feria-del-libro-2023-segunda-semana\/#webpage\"},\"wordCount\":664,\"commentCount\":0,\"publisher\":{\"@id\":\"https:\/\/www.rayuelainfancia.com\/blog\/#organization\"},\"image\":{\"@id\":\"https:\/\/www.rayuelainfancia.com\/blog\/feria-del-libro-2023-segunda-semana\/#primaryimage\"},\"thumbnailUrl\":\"https:\/\/www.rayuelainfancia.com\/blog\/wp-content\/uploads\/2023\/11\/firmas-2.png\",\"articleSection\":[\"Actividades Cuentacuentos\",\"Literatura Infantil\"],\"inLanguage\":\"es\",\"potentialAction\":[{\"@type\":\"CommentAction\",\"name\":\"Comment\",\"target\":[\"https:\/\/www.rayuelainfancia.com\/blog\/feria-del-libro-2023-segunda-semana\/#respond\"]}]},{\"@type\":\"Person\",\"@id\":\"https:\/\/www.rayuelainfancia.com\/blog\/#\/schema\/person\/c1aff250c5154e35f53f26d0eba10c45\",\"name\":\"Rayuelainfancia\",\"image\":{\"@type\":\"ImageObject\",\"@id\":\"https:\/\/www.rayuelainfancia.com\/blog\/#personlogo\",\"inLanguage\":\"es\",\"url\":\"https:\/\/secure.gravatar.com\/avatar\/8bf03e7a4bb13ca5c7d0dc6acde2bfd1?s=96&d=mm&r=g\",\"contentUrl\":\"https:\/\/secure.gravatar.com\/avatar\/8bf03e7a4bb13ca5c7d0dc6acde2bfd1?s=96&d=mm&r=g\",\"caption\":\"Rayuelainfancia\"}}]}<\/script>\n<!-- \/ Yoast SEO plugin. -->","yoast_head_json":{"title":"FERIA DEL LIBRO 2023 (SEGUNDA SEMANA) &#8902; Blog de Rayuelainfancia","description":"Seguimos una semana m\u00e1s de Feria del Libro 2023 repleta de propuestas, firmas, actividades y presentaciones. \u00a1No te pierdas nada!","robots":{"index":"index","follow":"follow","max-snippet":"max-snippet:-1","max-image-preview":"max-image-preview:large","max-video-preview":"max-video-preview:-1"},"canonical":"https:\/\/www.rayuelainfancia.com\/blog\/feria-del-libro-2023-segunda-semana\/","og_locale":"es_ES","og_type":"article","og_title":"FERIA DEL LIBRO 2023 (SEGUNDA SEMANA) &#8902; Blog de Rayuelainfancia","og_description":"Seguimos una semana m\u00e1s de Feria del Libro 2023 repleta de propuestas, firmas, actividades y presentaciones. \u00a1No te pierdas nada!","og_url":"https:\/\/www.rayuelainfancia.com\/blog\/feria-del-libro-2023-segunda-semana\/","og_site_name":"Blog de Rayuelainfancia","article_publisher":"https:\/\/www.facebook.com\/pages\/Librer\u00eda-Rayuela\/251861686361","article_published_time":"2023-11-02T10:13:33+00:00","article_modified_time":"2024-02-27T11:49:24+00:00","og_image":[{"width":750,"height":410,"url":"http:\/\/www.rayuelainfancia.com\/blog\/wp-content\/uploads\/2023\/11\/firmas-2.png","type":"image\/png"}],"twitter_card":"summary","twitter_creator":"@Rayuelainfancia","twitter_site":"@Rayuelainfancia","twitter_misc":{"Written by":"Rayuelainfancia","Est. reading time":"3 minutos"},"schema":{"@context":"https:\/\/schema.org","@graph":[{"@type":"Organization","@id":"https:\/\/www.rayuelainfancia.com\/blog\/#organization","name":"Rayuelainfancia","url":"https:\/\/www.rayuelainfancia.com\/blog\/","sameAs":["https:\/\/www.facebook.com\/pages\/Librer\u00eda-Rayuela\/251861686361","https:\/\/www.youtube.com\/channel\/UCddVaoDjpTp-DexyEVoyazQ","https:\/\/twitter.com\/Rayuelainfancia"],"logo":{"@type":"ImageObject","@id":"https:\/\/www.rayuelainfancia.com\/blog\/#logo","inLanguage":"es","url":"https:\/\/www.rayuelainfancia.com\/blog\/wp-content\/uploads\/2018\/06\/logo-rayuelainfancia-color-corporativo.png","contentUrl":"https:\/\/www.rayuelainfancia.com\/blog\/wp-content\/uploads\/2018\/06\/logo-rayuelainfancia-color-corporativo.png","width":1200,"height":680,"caption":"Rayuelainfancia"},"image":{"@id":"https:\/\/www.rayuelainfancia.com\/blog\/#logo"}},{"@type":"WebSite","@id":"https:\/\/www.rayuelainfancia.com\/blog\/#website","url":"https:\/\/www.rayuelainfancia.com\/blog\/","name":"Blog de Rayuelainfancia","description":"Libros infantiles y juegos educaticos respestuosos con la infancia","publisher":{"@id":"https:\/\/www.rayuelainfancia.com\/blog\/#organization"},"potentialAction":[{"@type":"SearchAction","target":{"@type":"EntryPoint","urlTemplate":"https:\/\/www.rayuelainfancia.com\/blog\/?s={search_term_string}"},"query-input":"required name=search_term_string"}],"inLanguage":"es"},{"@type":"ImageObject","@id":"https:\/\/www.rayuelainfancia.com\/blog\/feria-del-libro-2023-segunda-semana\/#primaryimage","inLanguage":"es","url":"https:\/\/www.rayuelainfancia.com\/blog\/wp-content\/uploads\/2023\/11\/firmas-2.png","contentUrl":"https:\/\/www.rayuelainfancia.com\/blog\/wp-content\/uploads\/2023\/11\/firmas-2.png","width":750,"height":410},{"@type":"WebPage","@id":"https:\/\/www.rayuelainfancia.com\/blog\/feria-del-libro-2023-segunda-semana\/#webpage","url":"https:\/\/www.rayuelainfancia.com\/blog\/feria-del-libro-2023-segunda-semana\/","name":"FERIA DEL LIBRO 2023 (SEGUNDA SEMANA) &#8902; Blog de Rayuelainfancia","isPartOf":{"@id":"https:\/\/www.rayuelainfancia.com\/blog\/#website"},"primaryImageOfPage":{"@id":"https:\/\/www.rayuelainfancia.com\/blog\/feria-del-libro-2023-segunda-semana\/#primaryimage"},"datePublished":"2023-11-02T10:13:33+00:00","dateModified":"2024-02-27T11:49:24+00:00","description":"Seguimos una semana m\u00e1s de Feria del Libro 2023 repleta de propuestas, firmas, actividades y presentaciones. \u00a1No te pierdas nada!","breadcrumb":{"@id":"https:\/\/www.rayuelainfancia.com\/blog\/feria-del-libro-2023-segunda-semana\/#breadcrumb"},"inLanguage":"es","potentialAction":[{"@type":"ReadAction","target":["https:\/\/www.rayuelainfancia.com\/blog\/feria-del-libro-2023-segunda-semana\/"]}]},{"@type":"BreadcrumbList","@id":"https:\/\/www.rayuelainfancia.com\/blog\/feria-del-libro-2023-segunda-semana\/#breadcrumb","itemListElement":[{"@type":"ListItem","position":1,"name":"Portada","item":"https:\/\/www.rayuelainfancia.com\/blog\/"},{"@type":"ListItem","position":2,"name":"FERIA DEL LIBRO 2023 (SEGUNDA SEMANA)"}]},{"@type":"Article","@id":"https:\/\/www.rayuelainfancia.com\/blog\/feria-del-libro-2023-segunda-semana\/#article","isPartOf":{"@id":"https:\/\/www.rayuelainfancia.com\/blog\/feria-del-libro-2023-segunda-semana\/#webpage"},"author":{"@id":"https:\/\/www.rayuelainfancia.com\/blog\/#\/schema\/person\/c1aff250c5154e35f53f26d0eba10c45"},"headline":"FERIA DEL LIBRO 2023 (SEGUNDA SEMANA)","datePublished":"2023-11-02T10:13:33+00:00","dateModified":"2024-02-27T11:49:24+00:00","mainEntityOfPage":{"@id":"https:\/\/www.rayuelainfancia.com\/blog\/feria-del-libro-2023-segunda-semana\/#webpage"},"wordCount":664,"commentCount":0,"publisher":{"@id":"https:\/\/www.rayuelainfancia.com\/blog\/#organization"},"image":{"@id":"https:\/\/www.rayuelainfancia.com\/blog\/feria-del-libro-2023-segunda-semana\/#primaryimage"},"thumbnailUrl":"https:\/\/www.rayuelainfancia.com\/blog\/wp-content\/uploads\/2023\/11\/firmas-2.png","articleSection":["Actividades Cuentacuentos","Literatura Infantil"],"inLanguage":"es","potentialAction":[{"@type":"CommentAction","name":"Comment","target":["https:\/\/www.rayuelainfancia.com\/blog\/feria-del-libro-2023-segunda-semana\/#respond"]}]},{"@type":"Person","@id":"https:\/\/www.rayuelainfancia.com\/blog\/#\/schema\/person\/c1aff250c5154e35f53f26d0eba10c45","name":"Rayuelainfancia","image":{"@type":"ImageObject","@id":"https:\/\/www.rayuelainfancia.com\/blog\/#personlogo","inLanguage":"es","url":"https:\/\/secure.gravatar.com\/avatar\/8bf03e7a4bb13ca5c7d0dc6acde2bfd1?s=96&d=mm&r=g","contentUrl":"https:\/\/secure.gravatar.com\/avatar\/8bf03e7a4bb13ca5c7d0dc6acde2bfd1?s=96&d=mm&r=g","caption":"Rayuelainfancia"}}]}},"_links":{"self":[{"href":"https:\/\/www.rayuelainfancia.com\/blog\/wp-json\/wp\/v2\/posts\/5221"}],"collection":[{"href":"https:\/\/www.rayuelainfancia.com\/blog\/wp-json\/wp\/v2\/posts"}],"about":[{"href":"https:\/\/www.rayuelainfancia.com\/blog\/wp-json\/wp\/v2\/types\/post"}],"author":[{"embeddable":true,"href":"https:\/\/www.rayuelainfancia.com\/blog\/wp-json\/wp\/v2\/users\/6"}],"replies":[{"embeddable":true,"href":"https:\/\/www.rayuelainfancia.com\/blog\/wp-json\/wp\/v2\/comments?post=5221"}],"version-history":[{"count":12,"href":"https:\/\/www.rayuelainfancia.com\/blog\/wp-json\/wp\/v2\/posts\/5221\/revisions"}],"predecessor-version":[{"id":5244,"href":"https:\/\/www.rayuelainfancia.com\/blog\/wp-json\/wp\/v2\/posts\/5221\/revisions\/5244"}],"wp:featuredmedia":[{"embeddable":true,"href":"https:\/\/www.rayuelainfancia.com\/blog\/wp-json\/wp\/v2\/media\/5245"}],"wp:attachment":[{"href":"https:\/\/www.rayuelainfancia.com\/blog\/wp-json\/wp\/v2\/media?parent=5221"}],"wp:term":[{"taxonomy":"category","embeddable":true,"href":"https:\/\/www.rayuelainfancia.com\/blog\/wp-json\/wp\/v2\/categories?post=5221"},{"taxonomy":"post_tag","embeddable":true,"href":"https:\/\/www.rayuelainfancia.com\/blog\/wp-json\/wp\/v2\/tags?post=5221"}],"curies":[{"name":"wp","href":"https:\/\/api.w.org\/{rel}","templated":true}]}}