 {"id":5179,"date":"2023-10-20T12:41:35","date_gmt":"2023-10-20T10:41:35","guid":{"rendered":"https:\/\/www.rayuelainfancia.com\/blog\/?p=5179"},"modified":"2024-02-27T12:49:28","modified_gmt":"2024-02-27T11:49:28","slug":"feria-del-libro-2023-primera-semana","status":"publish","type":"post","link":"https:\/\/www.rayuelainfancia.com\/blog\/feria-del-libro-2023-primera-semana\/","title":{"rendered":"FERIA DEL LIBRO 2023 (PRIMERA SEMANA)"},"content":{"rendered":"<p>\u00a1Ya est\u00e1 aqu\u00ed la semana del libro en Sevilla! <strong>Del 26 de Octubre al 5 de Noviembre<\/strong>, estaremos celebrando la <strong>Feria del Libro 2023<\/strong> y desde Rayuela, un a\u00f1o m\u00e1s, te esperamos en la <span style=\"color: #0000ff;\"><strong>caseta 21<\/strong> <\/span><strong>Rayuela-Kalandraka<\/strong> en la Plaza Nueva.<\/p>\n<p><!--more--><\/p>\n<p>Desde el d\u00eda 26 de Octubre os esperamos en la Feria del Libro 2023. El<span style=\"color: #0000ff;\"><strong> horario<\/strong><\/span> es de Lunes a Viernes de 11:00 a 14:00h. y de 17:00 a 21:00h, S\u00e1bados, domingos y festivos de 11:00 a 14:30h y de 17:00 a 21:00h.<\/p>\n<p>Te contamos en este post <strong>toooooodo lo que puedes encontrar<\/strong> <strong>en nuestra caseta<\/strong> y las firmas y actividades organizadas para esta primera semana \u00a1Te esperamos!<\/p>\n<h2>Viernes 27 de Octubre<\/h2>\n<h3>19:00h. Firma Mar\u00eda M\u00e1rquez. \u00abEsa cosa pegajosa\u00bb<\/h3>\n<p>El <strong>viernes 27 a las 19:00h<\/strong> te esperamos en la caseta 21 para disfrutar de la firma y encuentro con la autora de <span style=\"color: #008000;\"><a style=\"color: #008000;\" href=\"https:\/\/www.rayuelainfancia.com\/album-ilustrado\/969073-esa-cosa-pegajosa.html\">Esa cosa pegajosa<\/a><\/span>, Mar\u00eda M\u00e1rquez, un libro editado por Canica Books muy muy divertido sobre el cuidado del medio ambiente, perfecto <strong>a partir de 4 a\u00f1os<\/strong>.<\/p>\n<p><img loading=\"lazy\" class=\"wp-image-5180 aligncenter\" src=\"http:\/\/www.rayuelainfancia.com\/blog\/wp-content\/uploads\/2023\/10\/maria-marquez.png\" alt=\"\" width=\"843\" height=\"675\" srcset=\"https:\/\/www.rayuelainfancia.com\/blog\/wp-content\/uploads\/2023\/10\/maria-marquez.png 2000w, https:\/\/www.rayuelainfancia.com\/blog\/wp-content\/uploads\/2023\/10\/maria-marquez-300x240.png 300w, https:\/\/www.rayuelainfancia.com\/blog\/wp-content\/uploads\/2023\/10\/maria-marquez-1024x819.png 1024w, https:\/\/www.rayuelainfancia.com\/blog\/wp-content\/uploads\/2023\/10\/maria-marquez-768x614.png 768w, https:\/\/www.rayuelainfancia.com\/blog\/wp-content\/uploads\/2023\/10\/maria-marquez-1536x1229.png 1536w\" sizes=\"(max-width: 843px) 100vw, 843px\" \/><\/p>\n<h3 align=\"LEFT\"><\/h3>\n<h3>20:00h. Firma Santiago Garc\u00eda-Clairac (Trilog\u00eda juvenil \u00abOjos de Drag\u00f3n\u00bb) y Javier Fern\u00e1ndez Jim\u00e9nez (\u00abC\u00f3mo cazar un drag\u00f3n sin salir de casa\u00bb).<\/h3>\n<p>A partir de las 20:ooh disfrutaremos de una doble firma repleta de dragones y fantas\u00eda. En paralelo estar\u00e1n firmando, Santiago Garc\u00eda-Clairac su t<strong>rilog\u00eda juvenil \u00abOjos de drag\u00f3n\u00bb<\/strong>: <span style=\"color: #008000;\"><a style=\"color: #008000;\" href=\"https:\/\/www.rayuelainfancia.com\/lecturas\/8621-ojos-de-dragon-i-libertad.html\">Libertad<\/a><\/span>, <span style=\"color: #008000;\"><a style=\"color: #008000;\" href=\"https:\/\/www.rayuelainfancia.com\/narrativa-juvenil-12\/342738-ojos-de-dragon-ii-maldicion.html\">Maldici\u00f3n<\/a><\/span> y Poder y Javier Fern\u00e1ndez con su libro C\u00f3mo cazar un drag\u00f3n sin salir de casa.<\/p>\n<p><img loading=\"lazy\" class=\"wp-image-5185 aligncenter\" src=\"http:\/\/www.rayuelainfancia.com\/blog\/wp-content\/uploads\/2023\/10\/santiago-garcia-clairac-1.png\" alt=\"\" width=\"878\" height=\"702\" srcset=\"https:\/\/www.rayuelainfancia.com\/blog\/wp-content\/uploads\/2023\/10\/santiago-garcia-clairac-1.png 2000w, https:\/\/www.rayuelainfancia.com\/blog\/wp-content\/uploads\/2023\/10\/santiago-garcia-clairac-1-300x240.png 300w, https:\/\/www.rayuelainfancia.com\/blog\/wp-content\/uploads\/2023\/10\/santiago-garcia-clairac-1-1024x819.png 1024w, https:\/\/www.rayuelainfancia.com\/blog\/wp-content\/uploads\/2023\/10\/santiago-garcia-clairac-1-768x614.png 768w, https:\/\/www.rayuelainfancia.com\/blog\/wp-content\/uploads\/2023\/10\/santiago-garcia-clairac-1-1536x1229.png 1536w\" sizes=\"(max-width: 878px) 100vw, 878px\" \/><\/p>\n<p align=\"LEFT\"><img loading=\"lazy\" class=\"wp-image-5186 aligncenter\" src=\"http:\/\/www.rayuelainfancia.com\/blog\/wp-content\/uploads\/2023\/10\/javier-fernandez-jimenez.png\" alt=\"\" width=\"851\" height=\"681\" srcset=\"https:\/\/www.rayuelainfancia.com\/blog\/wp-content\/uploads\/2023\/10\/javier-fernandez-jimenez.png 2000w, https:\/\/www.rayuelainfancia.com\/blog\/wp-content\/uploads\/2023\/10\/javier-fernandez-jimenez-300x240.png 300w, https:\/\/www.rayuelainfancia.com\/blog\/wp-content\/uploads\/2023\/10\/javier-fernandez-jimenez-1024x819.png 1024w, https:\/\/www.rayuelainfancia.com\/blog\/wp-content\/uploads\/2023\/10\/javier-fernandez-jimenez-768x614.png 768w, https:\/\/www.rayuelainfancia.com\/blog\/wp-content\/uploads\/2023\/10\/javier-fernandez-jimenez-1536x1229.png 1536w\" sizes=\"(max-width: 851px) 100vw, 851px\" \/><\/p>\n<h2>S\u00e1bado 28 de Octubre<\/h2>\n<h3>12:00h. Firma Miguel Cerro su \u00e1lbum ilustrado \u00abDespu\u00e9s de la lluvia\u00bb en Kalandraka<\/h3>\n<p>Empezamos la ma\u00f1ana con la <strong>firma de Miguel Cerro<\/strong> en la caseta 21 Rayuela-Kalandraka. El autor e ilustrador cordob\u00e9s estar\u00e1 firmando su obra <span style=\"color: #008000;\"><a style=\"color: #008000;\" href=\"https:\/\/www.rayuelainfancia.com\/album-ilustrado\/523-despues-de-la-lluvia.html\">Despu\u00e9s de la lluvia<\/a><\/span>, galardonada con el <strong>VIII Premio Internacional Compostela<\/strong> de \u00c1lbum Ilustrado. Puedes conocer un poquito m\u00e1s de este hermoso libro sobre el valor de la solidaridad, el af\u00e1n de superaci\u00f3n y la b\u00fasqueda de la felicidad inmaterial en<span style=\"color: #ff6600;\"> <a style=\"color: #ff6600;\" href=\"https:\/\/kalandraka.tv\/videos\/despues-de-la-lluvia\/\">este enlace<\/a><\/span>.<\/p>\n<p><img loading=\"lazy\" class=\"wp-image-5216 aligncenter\" src=\"http:\/\/www.rayuelainfancia.com\/blog\/wp-content\/uploads\/2023\/10\/miguel-cerro-1.png\" alt=\"\" width=\"826\" height=\"661\" srcset=\"https:\/\/www.rayuelainfancia.com\/blog\/wp-content\/uploads\/2023\/10\/miguel-cerro-1.png 2000w, https:\/\/www.rayuelainfancia.com\/blog\/wp-content\/uploads\/2023\/10\/miguel-cerro-1-300x240.png 300w, https:\/\/www.rayuelainfancia.com\/blog\/wp-content\/uploads\/2023\/10\/miguel-cerro-1-1024x819.png 1024w, https:\/\/www.rayuelainfancia.com\/blog\/wp-content\/uploads\/2023\/10\/miguel-cerro-1-768x614.png 768w, https:\/\/www.rayuelainfancia.com\/blog\/wp-content\/uploads\/2023\/10\/miguel-cerro-1-1536x1229.png 1536w\" sizes=\"(max-width: 826px) 100vw, 826px\" \/><\/p>\n<h3 align=\"LEFT\">13:00h. Firma de Mar Benegas<\/h3>\n<p>Un poquito m\u00e1s tarde, a partir de las <strong>13:ooh.<\/strong>, <strong>Mar Benegas estar\u00e1 firmando<\/strong> y conquistando seguro a peque\u00f1os lectores y lectoras (\u00a1Y no tan peque\u00f1os!) en la la <strong>caseta 21<\/strong>. Puedes echar un vistazo a toooodos los libros de esta autora \u00fanica en <span style=\"color: #ff6600;\"><a style=\"color: #ff6600;\" href=\"http:\/\/www.rayuelainfancia.com\/224-mar-benegas\">este enlace<\/a>.<\/span><\/p>\n<p><img loading=\"lazy\" class=\"wp-image-5194 aligncenter\" src=\"http:\/\/www.rayuelainfancia.com\/blog\/wp-content\/uploads\/2023\/10\/mar-benegas-info.png\" alt=\"\" width=\"785\" height=\"628\" srcset=\"https:\/\/www.rayuelainfancia.com\/blog\/wp-content\/uploads\/2023\/10\/mar-benegas-info.png 2000w, https:\/\/www.rayuelainfancia.com\/blog\/wp-content\/uploads\/2023\/10\/mar-benegas-info-300x240.png 300w, https:\/\/www.rayuelainfancia.com\/blog\/wp-content\/uploads\/2023\/10\/mar-benegas-info-1024x819.png 1024w, https:\/\/www.rayuelainfancia.com\/blog\/wp-content\/uploads\/2023\/10\/mar-benegas-info-768x614.png 768w, https:\/\/www.rayuelainfancia.com\/blog\/wp-content\/uploads\/2023\/10\/mar-benegas-info-1536x1229.png 1536w\" sizes=\"(max-width: 785px) 100vw, 785px\" \/><\/p>\n<p>&nbsp;<\/p>\n<h3 align=\"LEFT\">13:00h. ACTIVIDAD. Coloquio \u00abDescubrir Do\u00f1ana con El Ganso\u00bb. Espacio UNIA<\/h3>\n<p>Tambi\u00e9n a las <strong>13:00, en el Espacio UNIA<\/strong>. Te esperamos en el Espacio UNIA junto a la autora del <span style=\"color: #008000;\"><a style=\"color: #008000;\" href=\"https:\/\/www.rayuelainfancia.com\/conocimiento\/838157-el-ganso.html\">El ganso\u00a0 (Gu\u00eda de Do\u00f1ana para ni\u00f1os y adultos listos)<\/a><\/span>, Rosa Cintas. Un coloquio para <strong>descubrir un poquito de Do\u00f1ana con los peques<\/strong>, y todas las maravillas que encierra y que es tan necesario proteger.<\/p>\n<p><img loading=\"lazy\" class=\"wp-image-5197 aligncenter\" src=\"http:\/\/www.rayuelainfancia.com\/blog\/wp-content\/uploads\/2023\/10\/EL-GANSO-COLOQUIO.png\" alt=\"\" width=\"808\" height=\"646\" srcset=\"https:\/\/www.rayuelainfancia.com\/blog\/wp-content\/uploads\/2023\/10\/EL-GANSO-COLOQUIO.png 2000w, https:\/\/www.rayuelainfancia.com\/blog\/wp-content\/uploads\/2023\/10\/EL-GANSO-COLOQUIO-300x240.png 300w, https:\/\/www.rayuelainfancia.com\/blog\/wp-content\/uploads\/2023\/10\/EL-GANSO-COLOQUIO-1024x819.png 1024w, https:\/\/www.rayuelainfancia.com\/blog\/wp-content\/uploads\/2023\/10\/EL-GANSO-COLOQUIO-768x614.png 768w, https:\/\/www.rayuelainfancia.com\/blog\/wp-content\/uploads\/2023\/10\/EL-GANSO-COLOQUIO-1536x1229.png 1536w\" sizes=\"(max-width: 808px) 100vw, 808px\" \/><\/p>\n<h3 align=\"LEFT\"><\/h3>\n<h3 align=\"LEFT\">14:00H. Firma de Rosa Cintas, \u00abEl ganso. Gu\u00eda de Do\u00f1ana para ni\u00f1os y adultos listos\u00bb<\/h3>\n<p>A partir de las <strong>14:00h.<\/strong>, una vez terminada la actividad, <strong>Rosa Cintas<\/strong>, la autora de esta<span style=\"color: #008000;\"><a style=\"color: #008000;\" href=\"https:\/\/www.rayuelainfancia.com\/conocimiento\/838157-el-ganso.html\"> gu\u00eda de Do\u00f1ana para peques<\/a>,<\/span> estar\u00e1 en la <strong>caseta 21<\/strong> firmando su libro. \u00a1No pierdas la oportunidad de llevarte este libro hermoso y \u00fanico!<\/p>\n<p><img loading=\"lazy\" class=\"wp-image-5201 aligncenter\" src=\"http:\/\/www.rayuelainfancia.com\/blog\/wp-content\/uploads\/2023\/10\/rosa-cintas-1.png\" alt=\"\" width=\"735\" height=\"588\" srcset=\"https:\/\/www.rayuelainfancia.com\/blog\/wp-content\/uploads\/2023\/10\/rosa-cintas-1.png 2000w, https:\/\/www.rayuelainfancia.com\/blog\/wp-content\/uploads\/2023\/10\/rosa-cintas-1-300x240.png 300w, https:\/\/www.rayuelainfancia.com\/blog\/wp-content\/uploads\/2023\/10\/rosa-cintas-1-1024x819.png 1024w, https:\/\/www.rayuelainfancia.com\/blog\/wp-content\/uploads\/2023\/10\/rosa-cintas-1-768x614.png 768w, https:\/\/www.rayuelainfancia.com\/blog\/wp-content\/uploads\/2023\/10\/rosa-cintas-1-1536x1229.png 1536w\" sizes=\"(max-width: 735px) 100vw, 735px\" \/><\/p>\n<h3>18:00h. Firma de Pilar L\u00f3pez G\u00f3mez , autora de \u00abEl fabricante de sue\u00f1os\u00bb<\/h3>\n<p>Ya a por la tarde, <strong>a las 18:00h<\/strong> estar\u00e1 firmando en nuestra caseta la autora de <span style=\"color: #008000;\">El fabricante de sombras<\/span>\u00a0editado por Tramuntana. Un cuento sobre c\u00f3mo mantener nuestros sue\u00f1os bien despiertos para ni\u00f1as y ni\u00f1os <strong>a partir de 5 a\u00f1os<\/strong>.<\/p>\n<p><img loading=\"lazy\" class=\"wp-image-5202 aligncenter\" src=\"http:\/\/www.rayuelainfancia.com\/blog\/wp-content\/uploads\/2023\/10\/pilar-lopez-gomez.png\" alt=\"\" width=\"881\" height=\"704\" srcset=\"https:\/\/www.rayuelainfancia.com\/blog\/wp-content\/uploads\/2023\/10\/pilar-lopez-gomez.png 2000w, https:\/\/www.rayuelainfancia.com\/blog\/wp-content\/uploads\/2023\/10\/pilar-lopez-gomez-300x240.png 300w, https:\/\/www.rayuelainfancia.com\/blog\/wp-content\/uploads\/2023\/10\/pilar-lopez-gomez-1024x819.png 1024w, https:\/\/www.rayuelainfancia.com\/blog\/wp-content\/uploads\/2023\/10\/pilar-lopez-gomez-768x614.png 768w, https:\/\/www.rayuelainfancia.com\/blog\/wp-content\/uploads\/2023\/10\/pilar-lopez-gomez-1536x1229.png 1536w\" sizes=\"(max-width: 881px) 100vw, 881px\" \/><\/p>\n<h3>19:00h. Firma de Antonio Rodr\u00edguez Almod\u00f3var<\/h3>\n<p>A las<strong> 19:00h<\/strong> y sin necesidad de presentaci\u00f3n estar\u00e1 <strong>Rodr\u00edguez Almod\u00f3var<\/strong> en la caseta 21 firmando los <strong>cuentos de la Media Lunita<\/strong> a todos aquellos que lo deseen y tambi\u00e9n un libro muy especial: <span style=\"color: #008000;\"><a style=\"color: #008000;\" href=\"https:\/\/www.rayuelainfancia.com\/clasicos\/34-la-verdadera-historia-de-caperucita.html\">La verdadera historia de Caperucita <\/a><\/span>de Kalandraka. \u00a1No dejes pasar la oportunidad!<\/p>\n<p><img loading=\"lazy\" class=\"wp-image-5204 aligncenter\" src=\"http:\/\/www.rayuelainfancia.com\/blog\/wp-content\/uploads\/2023\/10\/rodriguez-almodovar.png\" alt=\"\" width=\"871\" height=\"697\" srcset=\"https:\/\/www.rayuelainfancia.com\/blog\/wp-content\/uploads\/2023\/10\/rodriguez-almodovar.png 2000w, https:\/\/www.rayuelainfancia.com\/blog\/wp-content\/uploads\/2023\/10\/rodriguez-almodovar-300x240.png 300w, https:\/\/www.rayuelainfancia.com\/blog\/wp-content\/uploads\/2023\/10\/rodriguez-almodovar-1024x819.png 1024w, https:\/\/www.rayuelainfancia.com\/blog\/wp-content\/uploads\/2023\/10\/rodriguez-almodovar-768x614.png 768w, https:\/\/www.rayuelainfancia.com\/blog\/wp-content\/uploads\/2023\/10\/rodriguez-almodovar-1536x1229.png 1536w\" sizes=\"(max-width: 871px) 100vw, 871px\" \/><\/p>\n<h3 align=\"LEFT\">20:00h. Firma de Nanen Garc\u00eda Contreras<\/h3>\n<p>A las <strong>20:00h<\/strong> tendremos el gusto de acompa\u00f1ar a <strong>Nanen Garc\u00eda Contreras<\/strong> en la caseta 21, que estar\u00e1 firmando <span style=\"color: #008000;\"><a style=\"color: #008000;\" href=\"https:\/\/www.rayuelainfancia.com\/album-ilustrado\/856341-calma.html\">Calma<\/a><\/span> un peque\u00f1o libro sobre maternidad, estados de \u00e1nimo y el amor entre madres e hijos y <span style=\"color: #008000;\"><a style=\"color: #008000;\" href=\"https:\/\/www.rayuelainfancia.com\/album-ilustrado\/969051-abandonada-en-la-colina.html\">Abandonada en la colina <\/a><\/span>un \u00e1lbum reci\u00e9n editado ganador del 1er Premio Internacional Recordando a Barbara Fiore. Dos joyitas que no te puedes perder.<\/p>\n<p><img loading=\"lazy\" class=\"wp-image-5206 aligncenter\" src=\"http:\/\/www.rayuelainfancia.com\/blog\/wp-content\/uploads\/2023\/10\/nanen-.png\" alt=\"\" width=\"791\" height=\"633\" srcset=\"https:\/\/www.rayuelainfancia.com\/blog\/wp-content\/uploads\/2023\/10\/nanen-.png 2000w, https:\/\/www.rayuelainfancia.com\/blog\/wp-content\/uploads\/2023\/10\/nanen--300x240.png 300w, https:\/\/www.rayuelainfancia.com\/blog\/wp-content\/uploads\/2023\/10\/nanen--1024x819.png 1024w, https:\/\/www.rayuelainfancia.com\/blog\/wp-content\/uploads\/2023\/10\/nanen--768x614.png 768w, https:\/\/www.rayuelainfancia.com\/blog\/wp-content\/uploads\/2023\/10\/nanen--1536x1229.png 1536w\" sizes=\"(max-width: 791px) 100vw, 791px\" \/><\/p>\n<h2 align=\"LEFT\">Domingo 29 de Octubre<\/h2>\n<h3>12:00h. Firma de Desir\u00e9e Acevedo<\/h3>\n<p>Empezamos el domingo con la <strong>firma de Desir\u00e9e Acevedo<\/strong> en la caseta 21. Desir\u00e9e estar\u00e1 firmando su obra y conquistando peque\u00f1os y grandes corazones lectores con sus l\u00e1pices y colores y con el cari\u00f1o que siempre lo hace \u00a1No te lo pierdas!<\/p>\n<p><img loading=\"lazy\" class=\"wp-image-5208 aligncenter\" src=\"http:\/\/www.rayuelainfancia.com\/blog\/wp-content\/uploads\/2023\/10\/desiree.png\" alt=\"\" width=\"781\" height=\"625\" srcset=\"https:\/\/www.rayuelainfancia.com\/blog\/wp-content\/uploads\/2023\/10\/desiree.png 2000w, https:\/\/www.rayuelainfancia.com\/blog\/wp-content\/uploads\/2023\/10\/desiree-300x240.png 300w, https:\/\/www.rayuelainfancia.com\/blog\/wp-content\/uploads\/2023\/10\/desiree-1024x819.png 1024w, https:\/\/www.rayuelainfancia.com\/blog\/wp-content\/uploads\/2023\/10\/desiree-768x614.png 768w, https:\/\/www.rayuelainfancia.com\/blog\/wp-content\/uploads\/2023\/10\/desiree-1536x1229.png 1536w\" sizes=\"(max-width: 781px) 100vw, 781px\" \/><\/p>\n<h3 align=\"LEFT\">13:00h. Firma de Silvia \u00c1lvarez<\/h3>\n<p>A partir de las <strong>13:00h. ser\u00e1 Silvia \u00c1lvarez<\/strong> quien estar\u00e1 firmando su obra en la caseta 21, seguro que tambi\u00e9n con mucho color y pasi\u00f3n para compartir un poquito sobre su trabajo.<\/p>\n<p><img loading=\"lazy\" class=\"wp-image-5209 aligncenter\" src=\"http:\/\/www.rayuelainfancia.com\/blog\/wp-content\/uploads\/2023\/10\/silvia-alvarez.png\" alt=\"\" width=\"795\" height=\"636\" srcset=\"https:\/\/www.rayuelainfancia.com\/blog\/wp-content\/uploads\/2023\/10\/silvia-alvarez.png 2000w, https:\/\/www.rayuelainfancia.com\/blog\/wp-content\/uploads\/2023\/10\/silvia-alvarez-300x240.png 300w, https:\/\/www.rayuelainfancia.com\/blog\/wp-content\/uploads\/2023\/10\/silvia-alvarez-1024x819.png 1024w, https:\/\/www.rayuelainfancia.com\/blog\/wp-content\/uploads\/2023\/10\/silvia-alvarez-768x614.png 768w, https:\/\/www.rayuelainfancia.com\/blog\/wp-content\/uploads\/2023\/10\/silvia-alvarez-1536x1229.png 1536w\" sizes=\"(max-width: 795px) 100vw, 795px\" \/><\/p>\n<h3 align=\"LEFT\">13:00h. Presentaci\u00f3n de \u00abMigrantes\u00bb con el autor Marcelo Simonetti. Carpa Plaza S.Francisco<\/h3>\n<p>Tambi\u00e9n a partir de las <strong>13:ooh en la Carpa de la Plaza de San Francisco<\/strong>, os invitamos junto a Kalandraka a la presentaci\u00f3n de este \u00e1lbum reci\u00e9n editado: <a href=\"https:\/\/www.rayuelainfancia.com\/album-ilustrado\/967172-los-migrantes.html\"><span style=\"color: #008000;\">Los migrantes<\/span><\/a>. Una actividad dirigida a <strong>ni\u00f1os y ni\u00f1as a partir de 8 a\u00f1os<\/strong> y tambi\u00e9n a adultos interesados en el mundo de la literatura infantil y la edici\u00f3n. Contaremos con la presencia del autor, Marcelo Simonetti.<\/p>\n<p><img loading=\"lazy\" class=\"wp-image-5211 aligncenter\" src=\"http:\/\/www.rayuelainfancia.com\/blog\/wp-content\/uploads\/2023\/10\/LOS-MIGRANTES-FERIA-LIBRO-SEVILLA-202319799-scaled.jpg\" alt=\"\" width=\"611\" height=\"865\" srcset=\"https:\/\/www.rayuelainfancia.com\/blog\/wp-content\/uploads\/2023\/10\/LOS-MIGRANTES-FERIA-LIBRO-SEVILLA-202319799-scaled.jpg 1810w, https:\/\/www.rayuelainfancia.com\/blog\/wp-content\/uploads\/2023\/10\/LOS-MIGRANTES-FERIA-LIBRO-SEVILLA-202319799-212x300.jpg 212w, https:\/\/www.rayuelainfancia.com\/blog\/wp-content\/uploads\/2023\/10\/LOS-MIGRANTES-FERIA-LIBRO-SEVILLA-202319799-724x1024.jpg 724w, https:\/\/www.rayuelainfancia.com\/blog\/wp-content\/uploads\/2023\/10\/LOS-MIGRANTES-FERIA-LIBRO-SEVILLA-202319799-768x1086.jpg 768w, https:\/\/www.rayuelainfancia.com\/blog\/wp-content\/uploads\/2023\/10\/LOS-MIGRANTES-FERIA-LIBRO-SEVILLA-202319799-1086x1536.jpg 1086w, https:\/\/www.rayuelainfancia.com\/blog\/wp-content\/uploads\/2023\/10\/LOS-MIGRANTES-FERIA-LIBRO-SEVILLA-202319799-1448x2048.jpg 1448w\" sizes=\"(max-width: 611px) 100vw, 611px\" \/><\/p>\n<h3 style=\"text-align: left;\" align=\"LEFT\"><span style=\"color: #000000; font-family: Arial, sans-serif; font-size: medium;\">14:00h. Firma de Marcelo Simonetti<\/span><\/h3>\n<p>Tras la presentaci\u00f3n del libro, <strong>a partir de las 14:00h. Marcelo Simonetti<\/strong> estar\u00e1 en la caseta 21 Rayuelainfancia-Kalandraka firmando el libro a todo aquel que lo desee \u00a1Te esperamos!<img loading=\"lazy\" class=\"alignnone wp-image-5213 aligncenter\" src=\"http:\/\/www.rayuelainfancia.com\/blog\/wp-content\/uploads\/2023\/10\/marcelo-simonetti.png\" alt=\"\" width=\"784\" height=\"627\" srcset=\"https:\/\/www.rayuelainfancia.com\/blog\/wp-content\/uploads\/2023\/10\/marcelo-simonetti.png 2000w, https:\/\/www.rayuelainfancia.com\/blog\/wp-content\/uploads\/2023\/10\/marcelo-simonetti-300x240.png 300w, https:\/\/www.rayuelainfancia.com\/blog\/wp-content\/uploads\/2023\/10\/marcelo-simonetti-1024x819.png 1024w, https:\/\/www.rayuelainfancia.com\/blog\/wp-content\/uploads\/2023\/10\/marcelo-simonetti-768x614.png 768w, https:\/\/www.rayuelainfancia.com\/blog\/wp-content\/uploads\/2023\/10\/marcelo-simonetti-1536x1229.png 1536w\" sizes=\"(max-width: 784px) 100vw, 784px\" \/><\/p>\n","protected":false},"excerpt":{"rendered":"<p>\u00a1Ya est\u00e1 aqu\u00ed la semana del libro en Sevilla! Del 26 de Octubre al 5 de Noviembre, estaremos celebrando la Feria del Libro 2023 y desde Rayuela, un a\u00f1o m\u00e1s, te esperamos en la caseta 21 Rayuela-Kalandraka en la Plaza Nueva.<\/p>\n","protected":false},"author":6,"featured_media":5215,"comment_status":"open","ping_status":"open","sticky":false,"template":"","format":"standard","meta":[],"categories":[18,21],"tags":[37,106,105,61,116],"yoast_head":"<!-- This site is optimized with the Yoast SEO plugin v18.5.1 - https:\/\/yoast.com\/wordpress\/plugins\/seo\/ -->\n<title>FERIA DEL LIBRO 2023 (PRIMERA SEMANA) &#8902; Blog de Rayuelainfancia<\/title>\n<meta name=\"description\" content=\"\u00a1Ya est\u00e1 aqu\u00ed la semana del libro en Sevilla! Del 26 de Octubre al 5 de Noviembre, te esperamos en la caseta 21 Rayuela-Kalandraka\" \/>\n<meta name=\"robots\" content=\"index, follow, max-snippet:-1, max-image-preview:large, max-video-preview:-1\" \/>\n<link rel=\"canonical\" href=\"https:\/\/www.rayuelainfancia.com\/blog\/feria-del-libro-2023-primera-semana\/\" \/>\n<meta property=\"og:locale\" content=\"es_ES\" \/>\n<meta property=\"og:type\" content=\"article\" \/>\n<meta property=\"og:title\" content=\"FERIA DEL LIBRO 2023 (PRIMERA SEMANA) &#8902; Blog de Rayuelainfancia\" \/>\n<meta property=\"og:description\" content=\"\u00a1Ya est\u00e1 aqu\u00ed la semana del libro en Sevilla! Del 26 de Octubre al 5 de Noviembre, te esperamos en la caseta 21 Rayuela-Kalandraka\" \/>\n<meta property=\"og:url\" content=\"https:\/\/www.rayuelainfancia.com\/blog\/feria-del-libro-2023-primera-semana\/\" \/>\n<meta property=\"og:site_name\" content=\"Blog de Rayuelainfancia\" \/>\n<meta property=\"article:publisher\" content=\"https:\/\/www.facebook.com\/pages\/Librer\u00eda-Rayuela\/251861686361\" \/>\n<meta property=\"article:published_time\" content=\"2023-10-20T10:41:35+00:00\" \/>\n<meta property=\"article:modified_time\" content=\"2024-02-27T11:49:28+00:00\" \/>\n<meta property=\"og:image\" content=\"http:\/\/www.rayuelainfancia.com\/blog\/wp-content\/uploads\/2023\/10\/blog-primer-finde.png\" \/>\n\t<meta property=\"og:image:width\" content=\"750\" \/>\n\t<meta property=\"og:image:height\" content=\"410\" \/>\n\t<meta property=\"og:image:type\" content=\"image\/png\" \/>\n<meta name=\"twitter:card\" content=\"summary\" \/>\n<meta name=\"twitter:creator\" content=\"@Rayuelainfancia\" \/>\n<meta name=\"twitter:site\" content=\"@Rayuelainfancia\" \/>\n<meta name=\"twitter:label1\" content=\"Written by\" \/>\n\t<meta name=\"twitter:data1\" content=\"Rayuelainfancia\" \/>\n\t<meta name=\"twitter:label2\" content=\"Est. reading time\" \/>\n\t<meta name=\"twitter:data2\" content=\"7 minutos\" \/>\n<script type=\"application\/ld+json\" class=\"yoast-schema-graph\">{\"@context\":\"https:\/\/schema.org\",\"@graph\":[{\"@type\":\"Organization\",\"@id\":\"https:\/\/www.rayuelainfancia.com\/blog\/#organization\",\"name\":\"Rayuelainfancia\",\"url\":\"https:\/\/www.rayuelainfancia.com\/blog\/\",\"sameAs\":[\"https:\/\/www.facebook.com\/pages\/Librer\u00eda-Rayuela\/251861686361\",\"https:\/\/www.youtube.com\/channel\/UCddVaoDjpTp-DexyEVoyazQ\",\"https:\/\/twitter.com\/Rayuelainfancia\"],\"logo\":{\"@type\":\"ImageObject\",\"@id\":\"https:\/\/www.rayuelainfancia.com\/blog\/#logo\",\"inLanguage\":\"es\",\"url\":\"https:\/\/www.rayuelainfancia.com\/blog\/wp-content\/uploads\/2018\/06\/logo-rayuelainfancia-color-corporativo.png\",\"contentUrl\":\"https:\/\/www.rayuelainfancia.com\/blog\/wp-content\/uploads\/2018\/06\/logo-rayuelainfancia-color-corporativo.png\",\"width\":1200,\"height\":680,\"caption\":\"Rayuelainfancia\"},\"image\":{\"@id\":\"https:\/\/www.rayuelainfancia.com\/blog\/#logo\"}},{\"@type\":\"WebSite\",\"@id\":\"https:\/\/www.rayuelainfancia.com\/blog\/#website\",\"url\":\"https:\/\/www.rayuelainfancia.com\/blog\/\",\"name\":\"Blog de Rayuelainfancia\",\"description\":\"Libros infantiles y juegos educaticos respestuosos con la infancia\",\"publisher\":{\"@id\":\"https:\/\/www.rayuelainfancia.com\/blog\/#organization\"},\"potentialAction\":[{\"@type\":\"SearchAction\",\"target\":{\"@type\":\"EntryPoint\",\"urlTemplate\":\"https:\/\/www.rayuelainfancia.com\/blog\/?s={search_term_string}\"},\"query-input\":\"required name=search_term_string\"}],\"inLanguage\":\"es\"},{\"@type\":\"ImageObject\",\"@id\":\"https:\/\/www.rayuelainfancia.com\/blog\/feria-del-libro-2023-primera-semana\/#primaryimage\",\"inLanguage\":\"es\",\"url\":\"https:\/\/www.rayuelainfancia.com\/blog\/wp-content\/uploads\/2023\/10\/blog-primer-finde.png\",\"contentUrl\":\"https:\/\/www.rayuelainfancia.com\/blog\/wp-content\/uploads\/2023\/10\/blog-primer-finde.png\",\"width\":750,\"height\":410},{\"@type\":\"WebPage\",\"@id\":\"https:\/\/www.rayuelainfancia.com\/blog\/feria-del-libro-2023-primera-semana\/#webpage\",\"url\":\"https:\/\/www.rayuelainfancia.com\/blog\/feria-del-libro-2023-primera-semana\/\",\"name\":\"FERIA DEL LIBRO 2023 (PRIMERA SEMANA) &#8902; Blog de Rayuelainfancia\",\"isPartOf\":{\"@id\":\"https:\/\/www.rayuelainfancia.com\/blog\/#website\"},\"primaryImageOfPage\":{\"@id\":\"https:\/\/www.rayuelainfancia.com\/blog\/feria-del-libro-2023-primera-semana\/#primaryimage\"},\"datePublished\":\"2023-10-20T10:41:35+00:00\",\"dateModified\":\"2024-02-27T11:49:28+00:00\",\"description\":\"\u00a1Ya est\u00e1 aqu\u00ed la semana del libro en Sevilla! Del 26 de Octubre al 5 de Noviembre, te esperamos en la caseta 21 Rayuela-Kalandraka\",\"breadcrumb\":{\"@id\":\"https:\/\/www.rayuelainfancia.com\/blog\/feria-del-libro-2023-primera-semana\/#breadcrumb\"},\"inLanguage\":\"es\",\"potentialAction\":[{\"@type\":\"ReadAction\",\"target\":[\"https:\/\/www.rayuelainfancia.com\/blog\/feria-del-libro-2023-primera-semana\/\"]}]},{\"@type\":\"BreadcrumbList\",\"@id\":\"https:\/\/www.rayuelainfancia.com\/blog\/feria-del-libro-2023-primera-semana\/#breadcrumb\",\"itemListElement\":[{\"@type\":\"ListItem\",\"position\":1,\"name\":\"Portada\",\"item\":\"https:\/\/www.rayuelainfancia.com\/blog\/\"},{\"@type\":\"ListItem\",\"position\":2,\"name\":\"FERIA DEL LIBRO 2023 (PRIMERA SEMANA)\"}]},{\"@type\":\"Article\",\"@id\":\"https:\/\/www.rayuelainfancia.com\/blog\/feria-del-libro-2023-primera-semana\/#article\",\"isPartOf\":{\"@id\":\"https:\/\/www.rayuelainfancia.com\/blog\/feria-del-libro-2023-primera-semana\/#webpage\"},\"author\":{\"@id\":\"https:\/\/www.rayuelainfancia.com\/blog\/#\/schema\/person\/c1aff250c5154e35f53f26d0eba10c45\"},\"headline\":\"FERIA DEL LIBRO 2023 (PRIMERA SEMANA)\",\"datePublished\":\"2023-10-20T10:41:35+00:00\",\"dateModified\":\"2024-02-27T11:49:28+00:00\",\"mainEntityOfPage\":{\"@id\":\"https:\/\/www.rayuelainfancia.com\/blog\/feria-del-libro-2023-primera-semana\/#webpage\"},\"wordCount\":922,\"commentCount\":0,\"publisher\":{\"@id\":\"https:\/\/www.rayuelainfancia.com\/blog\/#organization\"},\"image\":{\"@id\":\"https:\/\/www.rayuelainfancia.com\/blog\/feria-del-libro-2023-primera-semana\/#primaryimage\"},\"thumbnailUrl\":\"https:\/\/www.rayuelainfancia.com\/blog\/wp-content\/uploads\/2023\/10\/blog-primer-finde.png\",\"keywords\":[\"actividades\",\"feria del libro de sevilla\",\"firmas\",\"kalandraka\",\"rayuelainfancia\"],\"articleSection\":[\"Actividades Cuentacuentos\",\"Literatura Infantil\"],\"inLanguage\":\"es\",\"potentialAction\":[{\"@type\":\"CommentAction\",\"name\":\"Comment\",\"target\":[\"https:\/\/www.rayuelainfancia.com\/blog\/feria-del-libro-2023-primera-semana\/#respond\"]}]},{\"@type\":\"Person\",\"@id\":\"https:\/\/www.rayuelainfancia.com\/blog\/#\/schema\/person\/c1aff250c5154e35f53f26d0eba10c45\",\"name\":\"Rayuelainfancia\",\"image\":{\"@type\":\"ImageObject\",\"@id\":\"https:\/\/www.rayuelainfancia.com\/blog\/#personlogo\",\"inLanguage\":\"es\",\"url\":\"https:\/\/secure.gravatar.com\/avatar\/8bf03e7a4bb13ca5c7d0dc6acde2bfd1?s=96&d=mm&r=g\",\"contentUrl\":\"https:\/\/secure.gravatar.com\/avatar\/8bf03e7a4bb13ca5c7d0dc6acde2bfd1?s=96&d=mm&r=g\",\"caption\":\"Rayuelainfancia\"}}]}<\/script>\n<!-- \/ Yoast SEO plugin. -->","yoast_head_json":{"title":"FERIA DEL LIBRO 2023 (PRIMERA SEMANA) &#8902; Blog de Rayuelainfancia","description":"\u00a1Ya est\u00e1 aqu\u00ed la semana del libro en Sevilla! Del 26 de Octubre al 5 de Noviembre, te esperamos en la caseta 21 Rayuela-Kalandraka","robots":{"index":"index","follow":"follow","max-snippet":"max-snippet:-1","max-image-preview":"max-image-preview:large","max-video-preview":"max-video-preview:-1"},"canonical":"https:\/\/www.rayuelainfancia.com\/blog\/feria-del-libro-2023-primera-semana\/","og_locale":"es_ES","og_type":"article","og_title":"FERIA DEL LIBRO 2023 (PRIMERA SEMANA) &#8902; Blog de Rayuelainfancia","og_description":"\u00a1Ya est\u00e1 aqu\u00ed la semana del libro en Sevilla! Del 26 de Octubre al 5 de Noviembre, te esperamos en la caseta 21 Rayuela-Kalandraka","og_url":"https:\/\/www.rayuelainfancia.com\/blog\/feria-del-libro-2023-primera-semana\/","og_site_name":"Blog de Rayuelainfancia","article_publisher":"https:\/\/www.facebook.com\/pages\/Librer\u00eda-Rayuela\/251861686361","article_published_time":"2023-10-20T10:41:35+00:00","article_modified_time":"2024-02-27T11:49:28+00:00","og_image":[{"width":750,"height":410,"url":"http:\/\/www.rayuelainfancia.com\/blog\/wp-content\/uploads\/2023\/10\/blog-primer-finde.png","type":"image\/png"}],"twitter_card":"summary","twitter_creator":"@Rayuelainfancia","twitter_site":"@Rayuelainfancia","twitter_misc":{"Written by":"Rayuelainfancia","Est. reading time":"7 minutos"},"schema":{"@context":"https:\/\/schema.org","@graph":[{"@type":"Organization","@id":"https:\/\/www.rayuelainfancia.com\/blog\/#organization","name":"Rayuelainfancia","url":"https:\/\/www.rayuelainfancia.com\/blog\/","sameAs":["https:\/\/www.facebook.com\/pages\/Librer\u00eda-Rayuela\/251861686361","https:\/\/www.youtube.com\/channel\/UCddVaoDjpTp-DexyEVoyazQ","https:\/\/twitter.com\/Rayuelainfancia"],"logo":{"@type":"ImageObject","@id":"https:\/\/www.rayuelainfancia.com\/blog\/#logo","inLanguage":"es","url":"https:\/\/www.rayuelainfancia.com\/blog\/wp-content\/uploads\/2018\/06\/logo-rayuelainfancia-color-corporativo.png","contentUrl":"https:\/\/www.rayuelainfancia.com\/blog\/wp-content\/uploads\/2018\/06\/logo-rayuelainfancia-color-corporativo.png","width":1200,"height":680,"caption":"Rayuelainfancia"},"image":{"@id":"https:\/\/www.rayuelainfancia.com\/blog\/#logo"}},{"@type":"WebSite","@id":"https:\/\/www.rayuelainfancia.com\/blog\/#website","url":"https:\/\/www.rayuelainfancia.com\/blog\/","name":"Blog de Rayuelainfancia","description":"Libros infantiles y juegos educaticos respestuosos con la infancia","publisher":{"@id":"https:\/\/www.rayuelainfancia.com\/blog\/#organization"},"potentialAction":[{"@type":"SearchAction","target":{"@type":"EntryPoint","urlTemplate":"https:\/\/www.rayuelainfancia.com\/blog\/?s={search_term_string}"},"query-input":"required name=search_term_string"}],"inLanguage":"es"},{"@type":"ImageObject","@id":"https:\/\/www.rayuelainfancia.com\/blog\/feria-del-libro-2023-primera-semana\/#primaryimage","inLanguage":"es","url":"https:\/\/www.rayuelainfancia.com\/blog\/wp-content\/uploads\/2023\/10\/blog-primer-finde.png","contentUrl":"https:\/\/www.rayuelainfancia.com\/blog\/wp-content\/uploads\/2023\/10\/blog-primer-finde.png","width":750,"height":410},{"@type":"WebPage","@id":"https:\/\/www.rayuelainfancia.com\/blog\/feria-del-libro-2023-primera-semana\/#webpage","url":"https:\/\/www.rayuelainfancia.com\/blog\/feria-del-libro-2023-primera-semana\/","name":"FERIA DEL LIBRO 2023 (PRIMERA SEMANA) &#8902; Blog de Rayuelainfancia","isPartOf":{"@id":"https:\/\/www.rayuelainfancia.com\/blog\/#website"},"primaryImageOfPage":{"@id":"https:\/\/www.rayuelainfancia.com\/blog\/feria-del-libro-2023-primera-semana\/#primaryimage"},"datePublished":"2023-10-20T10:41:35+00:00","dateModified":"2024-02-27T11:49:28+00:00","description":"\u00a1Ya est\u00e1 aqu\u00ed la semana del libro en Sevilla! Del 26 de Octubre al 5 de Noviembre, te esperamos en la caseta 21 Rayuela-Kalandraka","breadcrumb":{"@id":"https:\/\/www.rayuelainfancia.com\/blog\/feria-del-libro-2023-primera-semana\/#breadcrumb"},"inLanguage":"es","potentialAction":[{"@type":"ReadAction","target":["https:\/\/www.rayuelainfancia.com\/blog\/feria-del-libro-2023-primera-semana\/"]}]},{"@type":"BreadcrumbList","@id":"https:\/\/www.rayuelainfancia.com\/blog\/feria-del-libro-2023-primera-semana\/#breadcrumb","itemListElement":[{"@type":"ListItem","position":1,"name":"Portada","item":"https:\/\/www.rayuelainfancia.com\/blog\/"},{"@type":"ListItem","position":2,"name":"FERIA DEL LIBRO 2023 (PRIMERA SEMANA)"}]},{"@type":"Article","@id":"https:\/\/www.rayuelainfancia.com\/blog\/feria-del-libro-2023-primera-semana\/#article","isPartOf":{"@id":"https:\/\/www.rayuelainfancia.com\/blog\/feria-del-libro-2023-primera-semana\/#webpage"},"author":{"@id":"https:\/\/www.rayuelainfancia.com\/blog\/#\/schema\/person\/c1aff250c5154e35f53f26d0eba10c45"},"headline":"FERIA DEL LIBRO 2023 (PRIMERA SEMANA)","datePublished":"2023-10-20T10:41:35+00:00","dateModified":"2024-02-27T11:49:28+00:00","mainEntityOfPage":{"@id":"https:\/\/www.rayuelainfancia.com\/blog\/feria-del-libro-2023-primera-semana\/#webpage"},"wordCount":922,"commentCount":0,"publisher":{"@id":"https:\/\/www.rayuelainfancia.com\/blog\/#organization"},"image":{"@id":"https:\/\/www.rayuelainfancia.com\/blog\/feria-del-libro-2023-primera-semana\/#primaryimage"},"thumbnailUrl":"https:\/\/www.rayuelainfancia.com\/blog\/wp-content\/uploads\/2023\/10\/blog-primer-finde.png","keywords":["actividades","feria del libro de sevilla","firmas","kalandraka","rayuelainfancia"],"articleSection":["Actividades Cuentacuentos","Literatura Infantil"],"inLanguage":"es","potentialAction":[{"@type":"CommentAction","name":"Comment","target":["https:\/\/www.rayuelainfancia.com\/blog\/feria-del-libro-2023-primera-semana\/#respond"]}]},{"@type":"Person","@id":"https:\/\/www.rayuelainfancia.com\/blog\/#\/schema\/person\/c1aff250c5154e35f53f26d0eba10c45","name":"Rayuelainfancia","image":{"@type":"ImageObject","@id":"https:\/\/www.rayuelainfancia.com\/blog\/#personlogo","inLanguage":"es","url":"https:\/\/secure.gravatar.com\/avatar\/8bf03e7a4bb13ca5c7d0dc6acde2bfd1?s=96&d=mm&r=g","contentUrl":"https:\/\/secure.gravatar.com\/avatar\/8bf03e7a4bb13ca5c7d0dc6acde2bfd1?s=96&d=mm&r=g","caption":"Rayuelainfancia"}}]}},"_links":{"self":[{"href":"https:\/\/www.rayuelainfancia.com\/blog\/wp-json\/wp\/v2\/posts\/5179"}],"collection":[{"href":"https:\/\/www.rayuelainfancia.com\/blog\/wp-json\/wp\/v2\/posts"}],"about":[{"href":"https:\/\/www.rayuelainfancia.com\/blog\/wp-json\/wp\/v2\/types\/post"}],"author":[{"embeddable":true,"href":"https:\/\/www.rayuelainfancia.com\/blog\/wp-json\/wp\/v2\/users\/6"}],"replies":[{"embeddable":true,"href":"https:\/\/www.rayuelainfancia.com\/blog\/wp-json\/wp\/v2\/comments?post=5179"}],"version-history":[{"count":22,"href":"https:\/\/www.rayuelainfancia.com\/blog\/wp-json\/wp\/v2\/posts\/5179\/revisions"}],"predecessor-version":[{"id":5220,"href":"https:\/\/www.rayuelainfancia.com\/blog\/wp-json\/wp\/v2\/posts\/5179\/revisions\/5220"}],"wp:featuredmedia":[{"embeddable":true,"href":"https:\/\/www.rayuelainfancia.com\/blog\/wp-json\/wp\/v2\/media\/5215"}],"wp:attachment":[{"href":"https:\/\/www.rayuelainfancia.com\/blog\/wp-json\/wp\/v2\/media?parent=5179"}],"wp:term":[{"taxonomy":"category","embeddable":true,"href":"https:\/\/www.rayuelainfancia.com\/blog\/wp-json\/wp\/v2\/categories?post=5179"},{"taxonomy":"post_tag","embeddable":true,"href":"https:\/\/www.rayuelainfancia.com\/blog\/wp-json\/wp\/v2\/tags?post=5179"}],"curies":[{"name":"wp","href":"https:\/\/api.w.org\/{rel}","templated":true}]}}