 {"id":5165,"date":"2023-09-25T12:57:35","date_gmt":"2023-09-25T10:57:35","guid":{"rendered":"https:\/\/www.rayuelainfancia.com\/blog\/?p=5165"},"modified":"2024-02-27T12:49:39","modified_gmt":"2024-02-27T11:49:39","slug":"presentacion-de-diario-desayuno","status":"publish","type":"post","link":"https:\/\/www.rayuelainfancia.com\/blog\/presentacion-de-diario-desayuno\/","title":{"rendered":"PRESENTACI\u00d3N DE \u00abDIARIO DESAYUNO\u00bb"},"content":{"rendered":"<p>Este <strong>s\u00e1bado 30 de Septiembre a las 12:00h<\/strong> te invitamos a un desayuno literario delicioso en la presentaci\u00f3n de \u00abDiario desayuno\u00bb, un libro escrito por Alicia Bulul\u00fa e ilustrado por Raquel Catalina.<\/p>\n<p><!--more--><\/p>\n<p><strong><a href=\"https:\/\/www.rayuelainfancia.com\/poesia\/936477-diario-desayuno.html\">\u00abDiario desayuno\u00bb<\/a><\/strong> es un <strong>\u00e1lbum sincero y po\u00e9tico<\/strong>, amable, que cuenta la vida de Violeta, su protagonista, a trav\u00e9s de sus despertares y desayunos diarios.<\/p>\n<blockquote><p>Hay d\u00edas y d\u00edas, contados desde dentro, en palabras intimistas de la propia Violeta, todo lo que le ruge y lo que le abriga, lo que descubre y lo\u00a0que a\u00f1ora.<\/p><\/blockquote>\n<p><a href=\"https:\/\/www.raquelcatalina.com\/\"><strong>Raquel Catalina<\/strong><\/a> ha llenado de matices esta historia, aportando no solo color e <strong>ilustraciones magn\u00edficas<\/strong>, sino que la ha envuelto proporcion\u00e1ndole unidad de lectura y la ha enriquecido con aportaciones, que a priori, no declara el texto. En este encuentro del s\u00e1bado tendremos la oportunidad para preguntar a ambas, autora e ilustradora, sobre su proceso creativo.<\/p>\n<p><a href=\"https:\/\/www.rayuelainfancia.com\/poesia\/936477-diario-desayuno.html\"><img loading=\"lazy\" class=\"alignnone size-full wp-image-5168\" src=\"http:\/\/www.rayuelainfancia.com\/blog\/wp-content\/uploads\/2023\/09\/11Desayuno-mu\u0301sica19675-scaled.jpg\" alt=\"\" width=\"2560\" height=\"1576\" srcset=\"https:\/\/www.rayuelainfancia.com\/blog\/wp-content\/uploads\/2023\/09\/11Desayuno-mu\u0301sica19675-scaled.jpg 2560w, https:\/\/www.rayuelainfancia.com\/blog\/wp-content\/uploads\/2023\/09\/11Desayuno-mu\u0301sica19675-300x185.jpg 300w, https:\/\/www.rayuelainfancia.com\/blog\/wp-content\/uploads\/2023\/09\/11Desayuno-mu\u0301sica19675-1024x630.jpg 1024w, https:\/\/www.rayuelainfancia.com\/blog\/wp-content\/uploads\/2023\/09\/11Desayuno-mu\u0301sica19675-768x473.jpg 768w, https:\/\/www.rayuelainfancia.com\/blog\/wp-content\/uploads\/2023\/09\/11Desayuno-mu\u0301sica19675-1536x945.jpg 1536w, https:\/\/www.rayuelainfancia.com\/blog\/wp-content\/uploads\/2023\/09\/11Desayuno-mu\u0301sica19675-2048x1261.jpg 2048w\" sizes=\"(max-width: 2560px) 100vw, 2560px\" \/><\/a><\/p>\n<p>Una<strong> presentaci\u00f3n muy especial<\/strong> para nosotros por muchas razones. Por su autora, <a href=\"https:\/\/aliciabululu.tumblr.com\/\"><strong>Alicia Bulul\u00fa<\/strong><\/a>, que estrena su primer libro y <strong>que es tan querida en Rayuela<\/strong> desde hace muchos a\u00f1os. La hemos visto crecer, ser madre, evolucionar profesionalmente&#8230; y siempre la hemos sentido cerca.\u00a0Forma parte de esta casa y estamos muy felices de su primera publicaci\u00f3n.<\/p>\n<p>Tambi\u00e9n contaremos con la presencia de la <strong>editora independiente<\/strong> <strong>Arianna Squilloni<\/strong>, caracterizada por su buena labor editorial y como fundadora de <strong><a href=\"https:\/\/www.abuenpaso.com\/\">A buen paso<\/a><\/strong>. Una editora en la que apreciamos una mirada sensible y abierta hacia propuestas llegadas desde nuestro Sur.<\/p>\n<p><a href=\"https:\/\/www.rayuelainfancia.com\/poesia\/936477-diario-desayuno.html\"><img loading=\"lazy\" class=\"alignnone size-full wp-image-5169\" src=\"http:\/\/www.rayuelainfancia.com\/blog\/wp-content\/uploads\/2023\/09\/DiarioDesayuno_Rayuela_0119673.jpg\" alt=\"\" width=\"1080\" height=\"1080\" srcset=\"https:\/\/www.rayuelainfancia.com\/blog\/wp-content\/uploads\/2023\/09\/DiarioDesayuno_Rayuela_0119673.jpg 1080w, https:\/\/www.rayuelainfancia.com\/blog\/wp-content\/uploads\/2023\/09\/DiarioDesayuno_Rayuela_0119673-300x300.jpg 300w, https:\/\/www.rayuelainfancia.com\/blog\/wp-content\/uploads\/2023\/09\/DiarioDesayuno_Rayuela_0119673-1024x1024.jpg 1024w, https:\/\/www.rayuelainfancia.com\/blog\/wp-content\/uploads\/2023\/09\/DiarioDesayuno_Rayuela_0119673-150x150.jpg 150w, https:\/\/www.rayuelainfancia.com\/blog\/wp-content\/uploads\/2023\/09\/DiarioDesayuno_Rayuela_0119673-768x768.jpg 768w, https:\/\/www.rayuelainfancia.com\/blog\/wp-content\/uploads\/2023\/09\/DiarioDesayuno_Rayuela_0119673-60x60.jpg 60w\" sizes=\"(max-width: 1080px) 100vw, 1080px\" \/><\/a><\/p>\n<p><strong>\u00a1No te lo pierdas!<\/strong>, \u00abDiario desayuno\u00bb, una presentaci\u00f3n para todas y todos los que quer\u00e1is acercaros este s\u00e1bado a Rayuela.<\/p>\n<h2>Presentaci\u00f3n Diario Desayuno<\/h2>\n<p><strong>Cu\u00e1ndo:<\/strong> S\u00e1bado 30 de Septiembre a las 12:00h.<\/p>\n<p><strong>D\u00f3nde:<\/strong> Librer\u00eda Rayuela, C\/Jos\u00e9 Luis Luque n\u00ba6<\/p>\n<p><strong>Entrada libre\u00a0<\/strong><\/p>\n<h2><\/h2>\n","protected":false},"excerpt":{"rendered":"<p>Este s\u00e1bado 30 de Septiembre a las 12:00h te invitamos a un desayuno literario delicioso en la presentaci\u00f3n de \u00abDiario desayuno\u00bb, un libro escrito por Alicia Bulul\u00fa e ilustrado por Raquel Catalina.<\/p>\n","protected":false},"author":6,"featured_media":5170,"comment_status":"open","ping_status":"open","sticky":false,"template":"","format":"standard","meta":[],"categories":[18,21],"tags":[83,155,177,28,29,36,80,176,33],"yoast_head":"<!-- This site is optimized with the Yoast SEO plugin v18.5.1 - https:\/\/yoast.com\/wordpress\/plugins\/seo\/ -->\n<title>PRESENTACI\u00d3N DE &quot;DIARIO DESAYUNO&quot; &#8902; Blog de Rayuelainfancia<\/title>\n<meta name=\"description\" content=\"Este s\u00e1bado 30 de Septiembre a las 12:00h te invitamos a la presentaci\u00f3n de &quot;Diario desayuno&quot; escrito por Alicia Bulul\u00fa e ilustrado por Raquel Catalina \u00a1Ven para desayunar con nosotros!\" \/>\n<meta name=\"robots\" content=\"index, follow, max-snippet:-1, max-image-preview:large, max-video-preview:-1\" \/>\n<link rel=\"canonical\" href=\"https:\/\/www.rayuelainfancia.com\/blog\/presentacion-de-diario-desayuno\/\" \/>\n<meta property=\"og:locale\" content=\"es_ES\" \/>\n<meta property=\"og:type\" content=\"article\" \/>\n<meta property=\"og:title\" content=\"PRESENTACI\u00d3N DE &quot;DIARIO DESAYUNO&quot; &#8902; Blog de Rayuelainfancia\" \/>\n<meta property=\"og:description\" content=\"Este s\u00e1bado 30 de Septiembre a las 12:00h te invitamos a la presentaci\u00f3n de &quot;Diario desayuno&quot; escrito por Alicia Bulul\u00fa e ilustrado por Raquel Catalina \u00a1Ven para desayunar con nosotros!\" \/>\n<meta property=\"og:url\" content=\"https:\/\/www.rayuelainfancia.com\/blog\/presentacion-de-diario-desayuno\/\" \/>\n<meta property=\"og:site_name\" content=\"Blog de Rayuelainfancia\" \/>\n<meta property=\"article:publisher\" content=\"https:\/\/www.facebook.com\/pages\/Librer\u00eda-Rayuela\/251861686361\" \/>\n<meta property=\"article:published_time\" content=\"2023-09-25T10:57:35+00:00\" \/>\n<meta property=\"article:modified_time\" content=\"2024-02-27T11:49:39+00:00\" \/>\n<meta property=\"og:image\" content=\"http:\/\/www.rayuelainfancia.com\/blog\/wp-content\/uploads\/2023\/09\/BLOG-1.png\" \/>\n\t<meta property=\"og:image:width\" content=\"750\" \/>\n\t<meta property=\"og:image:height\" content=\"410\" \/>\n\t<meta property=\"og:image:type\" content=\"image\/png\" \/>\n<meta name=\"twitter:card\" content=\"summary\" \/>\n<meta name=\"twitter:creator\" content=\"@Rayuelainfancia\" \/>\n<meta name=\"twitter:site\" content=\"@Rayuelainfancia\" \/>\n<meta name=\"twitter:label1\" content=\"Written by\" \/>\n\t<meta name=\"twitter:data1\" content=\"Rayuelainfancia\" \/>\n\t<meta name=\"twitter:label2\" content=\"Est. reading time\" \/>\n\t<meta name=\"twitter:data2\" content=\"2 minutos\" \/>\n<script type=\"application\/ld+json\" class=\"yoast-schema-graph\">{\"@context\":\"https:\/\/schema.org\",\"@graph\":[{\"@type\":\"Organization\",\"@id\":\"https:\/\/www.rayuelainfancia.com\/blog\/#organization\",\"name\":\"Rayuelainfancia\",\"url\":\"https:\/\/www.rayuelainfancia.com\/blog\/\",\"sameAs\":[\"https:\/\/www.facebook.com\/pages\/Librer\u00eda-Rayuela\/251861686361\",\"https:\/\/www.youtube.com\/channel\/UCddVaoDjpTp-DexyEVoyazQ\",\"https:\/\/twitter.com\/Rayuelainfancia\"],\"logo\":{\"@type\":\"ImageObject\",\"@id\":\"https:\/\/www.rayuelainfancia.com\/blog\/#logo\",\"inLanguage\":\"es\",\"url\":\"https:\/\/www.rayuelainfancia.com\/blog\/wp-content\/uploads\/2018\/06\/logo-rayuelainfancia-color-corporativo.png\",\"contentUrl\":\"https:\/\/www.rayuelainfancia.com\/blog\/wp-content\/uploads\/2018\/06\/logo-rayuelainfancia-color-corporativo.png\",\"width\":1200,\"height\":680,\"caption\":\"Rayuelainfancia\"},\"image\":{\"@id\":\"https:\/\/www.rayuelainfancia.com\/blog\/#logo\"}},{\"@type\":\"WebSite\",\"@id\":\"https:\/\/www.rayuelainfancia.com\/blog\/#website\",\"url\":\"https:\/\/www.rayuelainfancia.com\/blog\/\",\"name\":\"Blog de Rayuelainfancia\",\"description\":\"Libros infantiles y juegos educaticos respestuosos con la infancia\",\"publisher\":{\"@id\":\"https:\/\/www.rayuelainfancia.com\/blog\/#organization\"},\"potentialAction\":[{\"@type\":\"SearchAction\",\"target\":{\"@type\":\"EntryPoint\",\"urlTemplate\":\"https:\/\/www.rayuelainfancia.com\/blog\/?s={search_term_string}\"},\"query-input\":\"required name=search_term_string\"}],\"inLanguage\":\"es\"},{\"@type\":\"ImageObject\",\"@id\":\"https:\/\/www.rayuelainfancia.com\/blog\/presentacion-de-diario-desayuno\/#primaryimage\",\"inLanguage\":\"es\",\"url\":\"https:\/\/www.rayuelainfancia.com\/blog\/wp-content\/uploads\/2023\/09\/BLOG-1.png\",\"contentUrl\":\"https:\/\/www.rayuelainfancia.com\/blog\/wp-content\/uploads\/2023\/09\/BLOG-1.png\",\"width\":750,\"height\":410},{\"@type\":\"WebPage\",\"@id\":\"https:\/\/www.rayuelainfancia.com\/blog\/presentacion-de-diario-desayuno\/#webpage\",\"url\":\"https:\/\/www.rayuelainfancia.com\/blog\/presentacion-de-diario-desayuno\/\",\"name\":\"PRESENTACI\u00d3N DE \\\"DIARIO DESAYUNO\\\" &#8902; Blog de Rayuelainfancia\",\"isPartOf\":{\"@id\":\"https:\/\/www.rayuelainfancia.com\/blog\/#website\"},\"primaryImageOfPage\":{\"@id\":\"https:\/\/www.rayuelainfancia.com\/blog\/presentacion-de-diario-desayuno\/#primaryimage\"},\"datePublished\":\"2023-09-25T10:57:35+00:00\",\"dateModified\":\"2024-02-27T11:49:39+00:00\",\"description\":\"Este s\u00e1bado 30 de Septiembre a las 12:00h te invitamos a la presentaci\u00f3n de \\\"Diario desayuno\\\" escrito por Alicia Bulul\u00fa e ilustrado por Raquel Catalina \u00a1Ven para desayunar con nosotros!\",\"breadcrumb\":{\"@id\":\"https:\/\/www.rayuelainfancia.com\/blog\/presentacion-de-diario-desayuno\/#breadcrumb\"},\"inLanguage\":\"es\",\"potentialAction\":[{\"@type\":\"ReadAction\",\"target\":[\"https:\/\/www.rayuelainfancia.com\/blog\/presentacion-de-diario-desayuno\/\"]}]},{\"@type\":\"BreadcrumbList\",\"@id\":\"https:\/\/www.rayuelainfancia.com\/blog\/presentacion-de-diario-desayuno\/#breadcrumb\",\"itemListElement\":[{\"@type\":\"ListItem\",\"position\":1,\"name\":\"Portada\",\"item\":\"https:\/\/www.rayuelainfancia.com\/blog\/\"},{\"@type\":\"ListItem\",\"position\":2,\"name\":\"PRESENTACI\u00d3N DE \u00abDIARIO DESAYUNO\u00bb\"}]},{\"@type\":\"Article\",\"@id\":\"https:\/\/www.rayuelainfancia.com\/blog\/presentacion-de-diario-desayuno\/#article\",\"isPartOf\":{\"@id\":\"https:\/\/www.rayuelainfancia.com\/blog\/presentacion-de-diario-desayuno\/#webpage\"},\"author\":{\"@id\":\"https:\/\/www.rayuelainfancia.com\/blog\/#\/schema\/person\/c1aff250c5154e35f53f26d0eba10c45\"},\"headline\":\"PRESENTACI\u00d3N DE \u00abDIARIO DESAYUNO\u00bb\",\"datePublished\":\"2023-09-25T10:57:35+00:00\",\"dateModified\":\"2024-02-27T11:49:39+00:00\",\"mainEntityOfPage\":{\"@id\":\"https:\/\/www.rayuelainfancia.com\/blog\/presentacion-de-diario-desayuno\/#webpage\"},\"wordCount\":308,\"commentCount\":0,\"publisher\":{\"@id\":\"https:\/\/www.rayuelainfancia.com\/blog\/#organization\"},\"image\":{\"@id\":\"https:\/\/www.rayuelainfancia.com\/blog\/presentacion-de-diario-desayuno\/#primaryimage\"},\"thumbnailUrl\":\"https:\/\/www.rayuelainfancia.com\/blog\/wp-content\/uploads\/2023\/09\/BLOG-1.png\",\"keywords\":[\"a buen paso\",\"alicia bululu\",\"arianna squilloni\",\"libros\",\"literatura infantil\",\"poesia\",\"PRESENTACI\u00d3N\",\"raquel catalina\",\"sevilla\"],\"articleSection\":[\"Actividades Cuentacuentos\",\"Literatura Infantil\"],\"inLanguage\":\"es\",\"potentialAction\":[{\"@type\":\"CommentAction\",\"name\":\"Comment\",\"target\":[\"https:\/\/www.rayuelainfancia.com\/blog\/presentacion-de-diario-desayuno\/#respond\"]}]},{\"@type\":\"Person\",\"@id\":\"https:\/\/www.rayuelainfancia.com\/blog\/#\/schema\/person\/c1aff250c5154e35f53f26d0eba10c45\",\"name\":\"Rayuelainfancia\",\"image\":{\"@type\":\"ImageObject\",\"@id\":\"https:\/\/www.rayuelainfancia.com\/blog\/#personlogo\",\"inLanguage\":\"es\",\"url\":\"https:\/\/secure.gravatar.com\/avatar\/8bf03e7a4bb13ca5c7d0dc6acde2bfd1?s=96&d=mm&r=g\",\"contentUrl\":\"https:\/\/secure.gravatar.com\/avatar\/8bf03e7a4bb13ca5c7d0dc6acde2bfd1?s=96&d=mm&r=g\",\"caption\":\"Rayuelainfancia\"}}]}<\/script>\n<!-- \/ Yoast SEO plugin. -->","yoast_head_json":{"title":"PRESENTACI\u00d3N DE \"DIARIO DESAYUNO\" &#8902; Blog de Rayuelainfancia","description":"Este s\u00e1bado 30 de Septiembre a las 12:00h te invitamos a la presentaci\u00f3n de \"Diario desayuno\" escrito por Alicia Bulul\u00fa e ilustrado por Raquel Catalina \u00a1Ven para desayunar con nosotros!","robots":{"index":"index","follow":"follow","max-snippet":"max-snippet:-1","max-image-preview":"max-image-preview:large","max-video-preview":"max-video-preview:-1"},"canonical":"https:\/\/www.rayuelainfancia.com\/blog\/presentacion-de-diario-desayuno\/","og_locale":"es_ES","og_type":"article","og_title":"PRESENTACI\u00d3N DE \"DIARIO DESAYUNO\" &#8902; Blog de Rayuelainfancia","og_description":"Este s\u00e1bado 30 de Septiembre a las 12:00h te invitamos a la presentaci\u00f3n de \"Diario desayuno\" escrito por Alicia Bulul\u00fa e ilustrado por Raquel Catalina \u00a1Ven para desayunar con nosotros!","og_url":"https:\/\/www.rayuelainfancia.com\/blog\/presentacion-de-diario-desayuno\/","og_site_name":"Blog de Rayuelainfancia","article_publisher":"https:\/\/www.facebook.com\/pages\/Librer\u00eda-Rayuela\/251861686361","article_published_time":"2023-09-25T10:57:35+00:00","article_modified_time":"2024-02-27T11:49:39+00:00","og_image":[{"width":750,"height":410,"url":"http:\/\/www.rayuelainfancia.com\/blog\/wp-content\/uploads\/2023\/09\/BLOG-1.png","type":"image\/png"}],"twitter_card":"summary","twitter_creator":"@Rayuelainfancia","twitter_site":"@Rayuelainfancia","twitter_misc":{"Written by":"Rayuelainfancia","Est. reading time":"2 minutos"},"schema":{"@context":"https:\/\/schema.org","@graph":[{"@type":"Organization","@id":"https:\/\/www.rayuelainfancia.com\/blog\/#organization","name":"Rayuelainfancia","url":"https:\/\/www.rayuelainfancia.com\/blog\/","sameAs":["https:\/\/www.facebook.com\/pages\/Librer\u00eda-Rayuela\/251861686361","https:\/\/www.youtube.com\/channel\/UCddVaoDjpTp-DexyEVoyazQ","https:\/\/twitter.com\/Rayuelainfancia"],"logo":{"@type":"ImageObject","@id":"https:\/\/www.rayuelainfancia.com\/blog\/#logo","inLanguage":"es","url":"https:\/\/www.rayuelainfancia.com\/blog\/wp-content\/uploads\/2018\/06\/logo-rayuelainfancia-color-corporativo.png","contentUrl":"https:\/\/www.rayuelainfancia.com\/blog\/wp-content\/uploads\/2018\/06\/logo-rayuelainfancia-color-corporativo.png","width":1200,"height":680,"caption":"Rayuelainfancia"},"image":{"@id":"https:\/\/www.rayuelainfancia.com\/blog\/#logo"}},{"@type":"WebSite","@id":"https:\/\/www.rayuelainfancia.com\/blog\/#website","url":"https:\/\/www.rayuelainfancia.com\/blog\/","name":"Blog de Rayuelainfancia","description":"Libros infantiles y juegos educaticos respestuosos con la infancia","publisher":{"@id":"https:\/\/www.rayuelainfancia.com\/blog\/#organization"},"potentialAction":[{"@type":"SearchAction","target":{"@type":"EntryPoint","urlTemplate":"https:\/\/www.rayuelainfancia.com\/blog\/?s={search_term_string}"},"query-input":"required name=search_term_string"}],"inLanguage":"es"},{"@type":"ImageObject","@id":"https:\/\/www.rayuelainfancia.com\/blog\/presentacion-de-diario-desayuno\/#primaryimage","inLanguage":"es","url":"https:\/\/www.rayuelainfancia.com\/blog\/wp-content\/uploads\/2023\/09\/BLOG-1.png","contentUrl":"https:\/\/www.rayuelainfancia.com\/blog\/wp-content\/uploads\/2023\/09\/BLOG-1.png","width":750,"height":410},{"@type":"WebPage","@id":"https:\/\/www.rayuelainfancia.com\/blog\/presentacion-de-diario-desayuno\/#webpage","url":"https:\/\/www.rayuelainfancia.com\/blog\/presentacion-de-diario-desayuno\/","name":"PRESENTACI\u00d3N DE \"DIARIO DESAYUNO\" &#8902; Blog de Rayuelainfancia","isPartOf":{"@id":"https:\/\/www.rayuelainfancia.com\/blog\/#website"},"primaryImageOfPage":{"@id":"https:\/\/www.rayuelainfancia.com\/blog\/presentacion-de-diario-desayuno\/#primaryimage"},"datePublished":"2023-09-25T10:57:35+00:00","dateModified":"2024-02-27T11:49:39+00:00","description":"Este s\u00e1bado 30 de Septiembre a las 12:00h te invitamos a la presentaci\u00f3n de \"Diario desayuno\" escrito por Alicia Bulul\u00fa e ilustrado por Raquel Catalina \u00a1Ven para desayunar con nosotros!","breadcrumb":{"@id":"https:\/\/www.rayuelainfancia.com\/blog\/presentacion-de-diario-desayuno\/#breadcrumb"},"inLanguage":"es","potentialAction":[{"@type":"ReadAction","target":["https:\/\/www.rayuelainfancia.com\/blog\/presentacion-de-diario-desayuno\/"]}]},{"@type":"BreadcrumbList","@id":"https:\/\/www.rayuelainfancia.com\/blog\/presentacion-de-diario-desayuno\/#breadcrumb","itemListElement":[{"@type":"ListItem","position":1,"name":"Portada","item":"https:\/\/www.rayuelainfancia.com\/blog\/"},{"@type":"ListItem","position":2,"name":"PRESENTACI\u00d3N DE \u00abDIARIO DESAYUNO\u00bb"}]},{"@type":"Article","@id":"https:\/\/www.rayuelainfancia.com\/blog\/presentacion-de-diario-desayuno\/#article","isPartOf":{"@id":"https:\/\/www.rayuelainfancia.com\/blog\/presentacion-de-diario-desayuno\/#webpage"},"author":{"@id":"https:\/\/www.rayuelainfancia.com\/blog\/#\/schema\/person\/c1aff250c5154e35f53f26d0eba10c45"},"headline":"PRESENTACI\u00d3N DE \u00abDIARIO DESAYUNO\u00bb","datePublished":"2023-09-25T10:57:35+00:00","dateModified":"2024-02-27T11:49:39+00:00","mainEntityOfPage":{"@id":"https:\/\/www.rayuelainfancia.com\/blog\/presentacion-de-diario-desayuno\/#webpage"},"wordCount":308,"commentCount":0,"publisher":{"@id":"https:\/\/www.rayuelainfancia.com\/blog\/#organization"},"image":{"@id":"https:\/\/www.rayuelainfancia.com\/blog\/presentacion-de-diario-desayuno\/#primaryimage"},"thumbnailUrl":"https:\/\/www.rayuelainfancia.com\/blog\/wp-content\/uploads\/2023\/09\/BLOG-1.png","keywords":["a buen paso","alicia bululu","arianna squilloni","libros","literatura infantil","poesia","PRESENTACI\u00d3N","raquel catalina","sevilla"],"articleSection":["Actividades Cuentacuentos","Literatura Infantil"],"inLanguage":"es","potentialAction":[{"@type":"CommentAction","name":"Comment","target":["https:\/\/www.rayuelainfancia.com\/blog\/presentacion-de-diario-desayuno\/#respond"]}]},{"@type":"Person","@id":"https:\/\/www.rayuelainfancia.com\/blog\/#\/schema\/person\/c1aff250c5154e35f53f26d0eba10c45","name":"Rayuelainfancia","image":{"@type":"ImageObject","@id":"https:\/\/www.rayuelainfancia.com\/blog\/#personlogo","inLanguage":"es","url":"https:\/\/secure.gravatar.com\/avatar\/8bf03e7a4bb13ca5c7d0dc6acde2bfd1?s=96&d=mm&r=g","contentUrl":"https:\/\/secure.gravatar.com\/avatar\/8bf03e7a4bb13ca5c7d0dc6acde2bfd1?s=96&d=mm&r=g","caption":"Rayuelainfancia"}}]}},"_links":{"self":[{"href":"https:\/\/www.rayuelainfancia.com\/blog\/wp-json\/wp\/v2\/posts\/5165"}],"collection":[{"href":"https:\/\/www.rayuelainfancia.com\/blog\/wp-json\/wp\/v2\/posts"}],"about":[{"href":"https:\/\/www.rayuelainfancia.com\/blog\/wp-json\/wp\/v2\/types\/post"}],"author":[{"embeddable":true,"href":"https:\/\/www.rayuelainfancia.com\/blog\/wp-json\/wp\/v2\/users\/6"}],"replies":[{"embeddable":true,"href":"https:\/\/www.rayuelainfancia.com\/blog\/wp-json\/wp\/v2\/comments?post=5165"}],"version-history":[{"count":3,"href":"https:\/\/www.rayuelainfancia.com\/blog\/wp-json\/wp\/v2\/posts\/5165\/revisions"}],"predecessor-version":[{"id":5171,"href":"https:\/\/www.rayuelainfancia.com\/blog\/wp-json\/wp\/v2\/posts\/5165\/revisions\/5171"}],"wp:featuredmedia":[{"embeddable":true,"href":"https:\/\/www.rayuelainfancia.com\/blog\/wp-json\/wp\/v2\/media\/5170"}],"wp:attachment":[{"href":"https:\/\/www.rayuelainfancia.com\/blog\/wp-json\/wp\/v2\/media?parent=5165"}],"wp:term":[{"taxonomy":"category","embeddable":true,"href":"https:\/\/www.rayuelainfancia.com\/blog\/wp-json\/wp\/v2\/categories?post=5165"},{"taxonomy":"post_tag","embeddable":true,"href":"https:\/\/www.rayuelainfancia.com\/blog\/wp-json\/wp\/v2\/tags?post=5165"}],"curies":[{"name":"wp","href":"https:\/\/api.w.org\/{rel}","templated":true}]}}