 {"id":5054,"date":"2023-05-09T07:36:55","date_gmt":"2023-05-09T05:36:55","guid":{"rendered":"https:\/\/www.rayuelainfancia.com\/blog\/?p=5054"},"modified":"2023-06-13T18:31:58","modified_gmt":"2023-06-13T16:31:58","slug":"el-lago-de-los-chanchos-y-otros-cuentos-de-sendak","status":"publish","type":"post","link":"https:\/\/www.rayuelainfancia.com\/blog\/el-lago-de-los-chanchos-y-otros-cuentos-de-sendak\/","title":{"rendered":"EL LAGO DE LOS CHANCHOS Y OTROS CUENTOS DE SENDAK"},"content":{"rendered":"<p>Este <strong>s\u00e1bado 13 de Mayo a las 12:00h.<\/strong> en Rayuela te invitamos junto a la editorial Kalandraka a disfrutar de la presentaci\u00f3n del cuento <strong>\u00abEl lago de los chanchos\u00bb<\/strong> del gran <strong>Maurice Sendak<\/strong> con la narraci\u00f3n de Alicia Bulul\u00fa. <!--more--><\/p>\n<p>Este s\u00e1bado queremos aprovechar la ocasi\u00f3n para hacer un peque\u00f1o homenaje al m\u00edtico maestro del \u00e1lbum ilustrado <a href=\"https:\/\/www.rayuelainfancia.com\/73-maurice-sendak\">Maurice Sendak<\/a>, con motivo del <strong>\u00faltimo libro suyo publicado por <a href=\"https:\/\/kalandraka.com\/el-lago-de-los-chanchos-castellano.html\">Kalandraka<\/a><\/strong> \u00abEl lago de los Chanchos\u00bb, en esa l\u00ednea editorial de recuperaci\u00f3n de cl\u00e1sicos contempor\u00e1neos tan valiosa como reconocida.<\/p>\n<p>&nbsp;<\/p>\n<p><img loading=\"lazy\" class=\"alignnone size-full wp-image-5055\" src=\"http:\/\/www.rayuelainfancia.com\/blog\/wp-content\/uploads\/2023\/05\/el-lago-de-los-chanchos-en-Rayuela-217630-scaled.jpg\" alt=\"\" width=\"1810\" height=\"2560\" srcset=\"https:\/\/www.rayuelainfancia.com\/blog\/wp-content\/uploads\/2023\/05\/el-lago-de-los-chanchos-en-Rayuela-217630-scaled.jpg 1810w, https:\/\/www.rayuelainfancia.com\/blog\/wp-content\/uploads\/2023\/05\/el-lago-de-los-chanchos-en-Rayuela-217630-212x300.jpg 212w, https:\/\/www.rayuelainfancia.com\/blog\/wp-content\/uploads\/2023\/05\/el-lago-de-los-chanchos-en-Rayuela-217630-724x1024.jpg 724w, https:\/\/www.rayuelainfancia.com\/blog\/wp-content\/uploads\/2023\/05\/el-lago-de-los-chanchos-en-Rayuela-217630-768x1086.jpg 768w, https:\/\/www.rayuelainfancia.com\/blog\/wp-content\/uploads\/2023\/05\/el-lago-de-los-chanchos-en-Rayuela-217630-1086x1536.jpg 1086w, https:\/\/www.rayuelainfancia.com\/blog\/wp-content\/uploads\/2023\/05\/el-lago-de-los-chanchos-en-Rayuela-217630-1448x2048.jpg 1448w\" sizes=\"(max-width: 1810px) 100vw, 1810px\" \/><\/p>\n<p>&nbsp;<\/p>\n<p>Todas y todos recordar\u00e9is su libro mundialmente famoso <a href=\"https:\/\/www.rayuelainfancia.com\/album-ilustrado\/401-donde-viven-los-monstruos.html\">\u00abDonde viven los monstruos\u00bb<\/a> y otros menos conocidos pero tan profundos como por ejemplo <a href=\"https:\/\/www.rayuelainfancia.com\/album-ilustrado\/1371-la-cocina-de-noche.html\">\u00abLa cocina de noche\u00bb<\/a>.<\/p>\n<p>Contaremos con la inestimable ayuda de la narradora <b>Alicia Bulul\u00fa<\/b>, que, a trav\u00e9s de esta <strong>sesi\u00f3n de cuentos<\/strong>, har\u00e1 posible una mayor presencia de Sendak en nuestras vidas.<\/p>\n<p>Una actividad\u00a0 destinada a <strong>p\u00fablico familiar<\/strong>, ni\u00f1as y ni\u00f1os <strong>desde los 4 a\u00f1os<\/strong> y por supuesto para cualquier fan de Sendak. La entrada es libre y gratuita.<\/p>\n<p>\u00a1No falt\u00e9is, ser\u00e1 un s\u00e1bado de cuentos inolvidable!<\/p>\n","protected":false},"excerpt":{"rendered":"<p>Este s\u00e1bado 13 de Mayo a las 12:00h. en Rayuela te invitamos junto a la editorial Kalandraka a disfrutar de la presentaci\u00f3n del cuento \u00abEl lago de los chanchos\u00bb del gran Maurice Sendak con la narraci\u00f3n de Alicia Bulul\u00fa.<\/p>\n","protected":false},"author":6,"featured_media":5056,"comment_status":"open","ping_status":"open","sticky":false,"template":"","format":"standard","meta":[],"categories":[18,21],"tags":[155,154,61,29,153,104,80,33],"yoast_head":"<!-- This site is optimized with the Yoast SEO plugin v18.5.1 - https:\/\/yoast.com\/wordpress\/plugins\/seo\/ -->\n<title>EL LAGO DE LOS CHANCHOS Y OTROS CUENTOS DE SENDAK &#8902; Blog de Rayuelainfancia<\/title>\n<meta name=\"description\" content=\"Este s\u00e1bado 13 de Mayo a las 12:00h. te invitamos a la presentaci\u00f3n de &quot;El lago de los chanchos&quot; de Sendak con la narraci\u00f3n de Alicia Bulul\u00fa!\" \/>\n<meta name=\"robots\" content=\"index, follow, max-snippet:-1, max-image-preview:large, max-video-preview:-1\" \/>\n<link rel=\"canonical\" href=\"https:\/\/www.rayuelainfancia.com\/blog\/el-lago-de-los-chanchos-y-otros-cuentos-de-sendak\/\" \/>\n<meta property=\"og:locale\" content=\"es_ES\" \/>\n<meta property=\"og:type\" content=\"article\" \/>\n<meta property=\"og:title\" content=\"EL LAGO DE LOS CHANCHOS Y OTROS CUENTOS DE SENDAK &#8902; Blog de Rayuelainfancia\" \/>\n<meta property=\"og:description\" content=\"Este s\u00e1bado 13 de Mayo a las 12:00h. te invitamos a la presentaci\u00f3n de &quot;El lago de los chanchos&quot; de Sendak con la narraci\u00f3n de Alicia Bulul\u00fa!\" \/>\n<meta property=\"og:url\" content=\"https:\/\/www.rayuelainfancia.com\/blog\/el-lago-de-los-chanchos-y-otros-cuentos-de-sendak\/\" \/>\n<meta property=\"og:site_name\" content=\"Blog de Rayuelainfancia\" \/>\n<meta property=\"article:publisher\" content=\"https:\/\/www.facebook.com\/pages\/Librer\u00eda-Rayuela\/251861686361\" \/>\n<meta property=\"article:published_time\" content=\"2023-05-09T05:36:55+00:00\" \/>\n<meta property=\"article:modified_time\" content=\"2023-06-13T16:31:58+00:00\" \/>\n<meta property=\"og:image\" content=\"http:\/\/www.rayuelainfancia.com\/blog\/wp-content\/uploads\/2023\/05\/banner-blog-sendak.png\" \/>\n\t<meta property=\"og:image:width\" content=\"750\" \/>\n\t<meta property=\"og:image:height\" content=\"410\" \/>\n\t<meta property=\"og:image:type\" content=\"image\/png\" \/>\n<meta name=\"twitter:card\" content=\"summary\" \/>\n<meta name=\"twitter:creator\" content=\"@Rayuelainfancia\" \/>\n<meta name=\"twitter:site\" content=\"@Rayuelainfancia\" \/>\n<meta name=\"twitter:label1\" content=\"Written by\" \/>\n\t<meta name=\"twitter:data1\" content=\"Rayuelainfancia\" \/>\n\t<meta name=\"twitter:label2\" content=\"Est. reading time\" \/>\n\t<meta name=\"twitter:data2\" content=\"1 minuto\" \/>\n<script type=\"application\/ld+json\" class=\"yoast-schema-graph\">{\"@context\":\"https:\/\/schema.org\",\"@graph\":[{\"@type\":\"Organization\",\"@id\":\"https:\/\/www.rayuelainfancia.com\/blog\/#organization\",\"name\":\"Rayuelainfancia\",\"url\":\"https:\/\/www.rayuelainfancia.com\/blog\/\",\"sameAs\":[\"https:\/\/www.facebook.com\/pages\/Librer\u00eda-Rayuela\/251861686361\",\"https:\/\/www.youtube.com\/channel\/UCddVaoDjpTp-DexyEVoyazQ\",\"https:\/\/twitter.com\/Rayuelainfancia\"],\"logo\":{\"@type\":\"ImageObject\",\"@id\":\"https:\/\/www.rayuelainfancia.com\/blog\/#logo\",\"inLanguage\":\"es\",\"url\":\"https:\/\/www.rayuelainfancia.com\/blog\/wp-content\/uploads\/2018\/06\/logo-rayuelainfancia-color-corporativo.png\",\"contentUrl\":\"https:\/\/www.rayuelainfancia.com\/blog\/wp-content\/uploads\/2018\/06\/logo-rayuelainfancia-color-corporativo.png\",\"width\":1200,\"height\":680,\"caption\":\"Rayuelainfancia\"},\"image\":{\"@id\":\"https:\/\/www.rayuelainfancia.com\/blog\/#logo\"}},{\"@type\":\"WebSite\",\"@id\":\"https:\/\/www.rayuelainfancia.com\/blog\/#website\",\"url\":\"https:\/\/www.rayuelainfancia.com\/blog\/\",\"name\":\"Blog de Rayuelainfancia\",\"description\":\"Libros infantiles y juegos educaticos respestuosos con la infancia\",\"publisher\":{\"@id\":\"https:\/\/www.rayuelainfancia.com\/blog\/#organization\"},\"potentialAction\":[{\"@type\":\"SearchAction\",\"target\":{\"@type\":\"EntryPoint\",\"urlTemplate\":\"https:\/\/www.rayuelainfancia.com\/blog\/?s={search_term_string}\"},\"query-input\":\"required name=search_term_string\"}],\"inLanguage\":\"es\"},{\"@type\":\"ImageObject\",\"@id\":\"https:\/\/www.rayuelainfancia.com\/blog\/el-lago-de-los-chanchos-y-otros-cuentos-de-sendak\/#primaryimage\",\"inLanguage\":\"es\",\"url\":\"https:\/\/www.rayuelainfancia.com\/blog\/wp-content\/uploads\/2023\/05\/banner-blog-sendak.png\",\"contentUrl\":\"https:\/\/www.rayuelainfancia.com\/blog\/wp-content\/uploads\/2023\/05\/banner-blog-sendak.png\",\"width\":750,\"height\":410},{\"@type\":\"WebPage\",\"@id\":\"https:\/\/www.rayuelainfancia.com\/blog\/el-lago-de-los-chanchos-y-otros-cuentos-de-sendak\/#webpage\",\"url\":\"https:\/\/www.rayuelainfancia.com\/blog\/el-lago-de-los-chanchos-y-otros-cuentos-de-sendak\/\",\"name\":\"EL LAGO DE LOS CHANCHOS Y OTROS CUENTOS DE SENDAK &#8902; Blog de Rayuelainfancia\",\"isPartOf\":{\"@id\":\"https:\/\/www.rayuelainfancia.com\/blog\/#website\"},\"primaryImageOfPage\":{\"@id\":\"https:\/\/www.rayuelainfancia.com\/blog\/el-lago-de-los-chanchos-y-otros-cuentos-de-sendak\/#primaryimage\"},\"datePublished\":\"2023-05-09T05:36:55+00:00\",\"dateModified\":\"2023-06-13T16:31:58+00:00\",\"description\":\"Este s\u00e1bado 13 de Mayo a las 12:00h. te invitamos a la presentaci\u00f3n de \\\"El lago de los chanchos\\\" de Sendak con la narraci\u00f3n de Alicia Bulul\u00fa!\",\"breadcrumb\":{\"@id\":\"https:\/\/www.rayuelainfancia.com\/blog\/el-lago-de-los-chanchos-y-otros-cuentos-de-sendak\/#breadcrumb\"},\"inLanguage\":\"es\",\"potentialAction\":[{\"@type\":\"ReadAction\",\"target\":[\"https:\/\/www.rayuelainfancia.com\/blog\/el-lago-de-los-chanchos-y-otros-cuentos-de-sendak\/\"]}]},{\"@type\":\"BreadcrumbList\",\"@id\":\"https:\/\/www.rayuelainfancia.com\/blog\/el-lago-de-los-chanchos-y-otros-cuentos-de-sendak\/#breadcrumb\",\"itemListElement\":[{\"@type\":\"ListItem\",\"position\":1,\"name\":\"Portada\",\"item\":\"https:\/\/www.rayuelainfancia.com\/blog\/\"},{\"@type\":\"ListItem\",\"position\":2,\"name\":\"EL LAGO DE LOS CHANCHOS Y OTROS CUENTOS DE SENDAK\"}]},{\"@type\":\"Article\",\"@id\":\"https:\/\/www.rayuelainfancia.com\/blog\/el-lago-de-los-chanchos-y-otros-cuentos-de-sendak\/#article\",\"isPartOf\":{\"@id\":\"https:\/\/www.rayuelainfancia.com\/blog\/el-lago-de-los-chanchos-y-otros-cuentos-de-sendak\/#webpage\"},\"author\":{\"@id\":\"https:\/\/www.rayuelainfancia.com\/blog\/#\/schema\/person\/c1aff250c5154e35f53f26d0eba10c45\"},\"headline\":\"EL LAGO DE LOS CHANCHOS Y OTROS CUENTOS DE SENDAK\",\"datePublished\":\"2023-05-09T05:36:55+00:00\",\"dateModified\":\"2023-06-13T16:31:58+00:00\",\"mainEntityOfPage\":{\"@id\":\"https:\/\/www.rayuelainfancia.com\/blog\/el-lago-de-los-chanchos-y-otros-cuentos-de-sendak\/#webpage\"},\"wordCount\":204,\"commentCount\":0,\"publisher\":{\"@id\":\"https:\/\/www.rayuelainfancia.com\/blog\/#organization\"},\"image\":{\"@id\":\"https:\/\/www.rayuelainfancia.com\/blog\/el-lago-de-los-chanchos-y-otros-cuentos-de-sendak\/#primaryimage\"},\"thumbnailUrl\":\"https:\/\/www.rayuelainfancia.com\/blog\/wp-content\/uploads\/2023\/05\/banner-blog-sendak.png\",\"keywords\":[\"alicia bululu\",\"clasicos contemporaneos\",\"kalandraka\",\"literatura infantil\",\"maurice sendak\",\"narraci\u00f3n oral\",\"PRESENTACI\u00d3N\",\"sevilla\"],\"articleSection\":[\"Actividades Cuentacuentos\",\"Literatura Infantil\"],\"inLanguage\":\"es\",\"potentialAction\":[{\"@type\":\"CommentAction\",\"name\":\"Comment\",\"target\":[\"https:\/\/www.rayuelainfancia.com\/blog\/el-lago-de-los-chanchos-y-otros-cuentos-de-sendak\/#respond\"]}]},{\"@type\":\"Person\",\"@id\":\"https:\/\/www.rayuelainfancia.com\/blog\/#\/schema\/person\/c1aff250c5154e35f53f26d0eba10c45\",\"name\":\"Rayuelainfancia\",\"image\":{\"@type\":\"ImageObject\",\"@id\":\"https:\/\/www.rayuelainfancia.com\/blog\/#personlogo\",\"inLanguage\":\"es\",\"url\":\"https:\/\/secure.gravatar.com\/avatar\/8bf03e7a4bb13ca5c7d0dc6acde2bfd1?s=96&d=mm&r=g\",\"contentUrl\":\"https:\/\/secure.gravatar.com\/avatar\/8bf03e7a4bb13ca5c7d0dc6acde2bfd1?s=96&d=mm&r=g\",\"caption\":\"Rayuelainfancia\"}}]}<\/script>\n<!-- \/ Yoast SEO plugin. -->","yoast_head_json":{"title":"EL LAGO DE LOS CHANCHOS Y OTROS CUENTOS DE SENDAK &#8902; Blog de Rayuelainfancia","description":"Este s\u00e1bado 13 de Mayo a las 12:00h. te invitamos a la presentaci\u00f3n de \"El lago de los chanchos\" de Sendak con la narraci\u00f3n de Alicia Bulul\u00fa!","robots":{"index":"index","follow":"follow","max-snippet":"max-snippet:-1","max-image-preview":"max-image-preview:large","max-video-preview":"max-video-preview:-1"},"canonical":"https:\/\/www.rayuelainfancia.com\/blog\/el-lago-de-los-chanchos-y-otros-cuentos-de-sendak\/","og_locale":"es_ES","og_type":"article","og_title":"EL LAGO DE LOS CHANCHOS Y OTROS CUENTOS DE SENDAK &#8902; Blog de Rayuelainfancia","og_description":"Este s\u00e1bado 13 de Mayo a las 12:00h. te invitamos a la presentaci\u00f3n de \"El lago de los chanchos\" de Sendak con la narraci\u00f3n de Alicia Bulul\u00fa!","og_url":"https:\/\/www.rayuelainfancia.com\/blog\/el-lago-de-los-chanchos-y-otros-cuentos-de-sendak\/","og_site_name":"Blog de Rayuelainfancia","article_publisher":"https:\/\/www.facebook.com\/pages\/Librer\u00eda-Rayuela\/251861686361","article_published_time":"2023-05-09T05:36:55+00:00","article_modified_time":"2023-06-13T16:31:58+00:00","og_image":[{"width":750,"height":410,"url":"http:\/\/www.rayuelainfancia.com\/blog\/wp-content\/uploads\/2023\/05\/banner-blog-sendak.png","type":"image\/png"}],"twitter_card":"summary","twitter_creator":"@Rayuelainfancia","twitter_site":"@Rayuelainfancia","twitter_misc":{"Written by":"Rayuelainfancia","Est. reading time":"1 minuto"},"schema":{"@context":"https:\/\/schema.org","@graph":[{"@type":"Organization","@id":"https:\/\/www.rayuelainfancia.com\/blog\/#organization","name":"Rayuelainfancia","url":"https:\/\/www.rayuelainfancia.com\/blog\/","sameAs":["https:\/\/www.facebook.com\/pages\/Librer\u00eda-Rayuela\/251861686361","https:\/\/www.youtube.com\/channel\/UCddVaoDjpTp-DexyEVoyazQ","https:\/\/twitter.com\/Rayuelainfancia"],"logo":{"@type":"ImageObject","@id":"https:\/\/www.rayuelainfancia.com\/blog\/#logo","inLanguage":"es","url":"https:\/\/www.rayuelainfancia.com\/blog\/wp-content\/uploads\/2018\/06\/logo-rayuelainfancia-color-corporativo.png","contentUrl":"https:\/\/www.rayuelainfancia.com\/blog\/wp-content\/uploads\/2018\/06\/logo-rayuelainfancia-color-corporativo.png","width":1200,"height":680,"caption":"Rayuelainfancia"},"image":{"@id":"https:\/\/www.rayuelainfancia.com\/blog\/#logo"}},{"@type":"WebSite","@id":"https:\/\/www.rayuelainfancia.com\/blog\/#website","url":"https:\/\/www.rayuelainfancia.com\/blog\/","name":"Blog de Rayuelainfancia","description":"Libros infantiles y juegos educaticos respestuosos con la infancia","publisher":{"@id":"https:\/\/www.rayuelainfancia.com\/blog\/#organization"},"potentialAction":[{"@type":"SearchAction","target":{"@type":"EntryPoint","urlTemplate":"https:\/\/www.rayuelainfancia.com\/blog\/?s={search_term_string}"},"query-input":"required name=search_term_string"}],"inLanguage":"es"},{"@type":"ImageObject","@id":"https:\/\/www.rayuelainfancia.com\/blog\/el-lago-de-los-chanchos-y-otros-cuentos-de-sendak\/#primaryimage","inLanguage":"es","url":"https:\/\/www.rayuelainfancia.com\/blog\/wp-content\/uploads\/2023\/05\/banner-blog-sendak.png","contentUrl":"https:\/\/www.rayuelainfancia.com\/blog\/wp-content\/uploads\/2023\/05\/banner-blog-sendak.png","width":750,"height":410},{"@type":"WebPage","@id":"https:\/\/www.rayuelainfancia.com\/blog\/el-lago-de-los-chanchos-y-otros-cuentos-de-sendak\/#webpage","url":"https:\/\/www.rayuelainfancia.com\/blog\/el-lago-de-los-chanchos-y-otros-cuentos-de-sendak\/","name":"EL LAGO DE LOS CHANCHOS Y OTROS CUENTOS DE SENDAK &#8902; Blog de Rayuelainfancia","isPartOf":{"@id":"https:\/\/www.rayuelainfancia.com\/blog\/#website"},"primaryImageOfPage":{"@id":"https:\/\/www.rayuelainfancia.com\/blog\/el-lago-de-los-chanchos-y-otros-cuentos-de-sendak\/#primaryimage"},"datePublished":"2023-05-09T05:36:55+00:00","dateModified":"2023-06-13T16:31:58+00:00","description":"Este s\u00e1bado 13 de Mayo a las 12:00h. te invitamos a la presentaci\u00f3n de \"El lago de los chanchos\" de Sendak con la narraci\u00f3n de Alicia Bulul\u00fa!","breadcrumb":{"@id":"https:\/\/www.rayuelainfancia.com\/blog\/el-lago-de-los-chanchos-y-otros-cuentos-de-sendak\/#breadcrumb"},"inLanguage":"es","potentialAction":[{"@type":"ReadAction","target":["https:\/\/www.rayuelainfancia.com\/blog\/el-lago-de-los-chanchos-y-otros-cuentos-de-sendak\/"]}]},{"@type":"BreadcrumbList","@id":"https:\/\/www.rayuelainfancia.com\/blog\/el-lago-de-los-chanchos-y-otros-cuentos-de-sendak\/#breadcrumb","itemListElement":[{"@type":"ListItem","position":1,"name":"Portada","item":"https:\/\/www.rayuelainfancia.com\/blog\/"},{"@type":"ListItem","position":2,"name":"EL LAGO DE LOS CHANCHOS Y OTROS CUENTOS DE SENDAK"}]},{"@type":"Article","@id":"https:\/\/www.rayuelainfancia.com\/blog\/el-lago-de-los-chanchos-y-otros-cuentos-de-sendak\/#article","isPartOf":{"@id":"https:\/\/www.rayuelainfancia.com\/blog\/el-lago-de-los-chanchos-y-otros-cuentos-de-sendak\/#webpage"},"author":{"@id":"https:\/\/www.rayuelainfancia.com\/blog\/#\/schema\/person\/c1aff250c5154e35f53f26d0eba10c45"},"headline":"EL LAGO DE LOS CHANCHOS Y OTROS CUENTOS DE SENDAK","datePublished":"2023-05-09T05:36:55+00:00","dateModified":"2023-06-13T16:31:58+00:00","mainEntityOfPage":{"@id":"https:\/\/www.rayuelainfancia.com\/blog\/el-lago-de-los-chanchos-y-otros-cuentos-de-sendak\/#webpage"},"wordCount":204,"commentCount":0,"publisher":{"@id":"https:\/\/www.rayuelainfancia.com\/blog\/#organization"},"image":{"@id":"https:\/\/www.rayuelainfancia.com\/blog\/el-lago-de-los-chanchos-y-otros-cuentos-de-sendak\/#primaryimage"},"thumbnailUrl":"https:\/\/www.rayuelainfancia.com\/blog\/wp-content\/uploads\/2023\/05\/banner-blog-sendak.png","keywords":["alicia bululu","clasicos contemporaneos","kalandraka","literatura infantil","maurice sendak","narraci\u00f3n oral","PRESENTACI\u00d3N","sevilla"],"articleSection":["Actividades Cuentacuentos","Literatura Infantil"],"inLanguage":"es","potentialAction":[{"@type":"CommentAction","name":"Comment","target":["https:\/\/www.rayuelainfancia.com\/blog\/el-lago-de-los-chanchos-y-otros-cuentos-de-sendak\/#respond"]}]},{"@type":"Person","@id":"https:\/\/www.rayuelainfancia.com\/blog\/#\/schema\/person\/c1aff250c5154e35f53f26d0eba10c45","name":"Rayuelainfancia","image":{"@type":"ImageObject","@id":"https:\/\/www.rayuelainfancia.com\/blog\/#personlogo","inLanguage":"es","url":"https:\/\/secure.gravatar.com\/avatar\/8bf03e7a4bb13ca5c7d0dc6acde2bfd1?s=96&d=mm&r=g","contentUrl":"https:\/\/secure.gravatar.com\/avatar\/8bf03e7a4bb13ca5c7d0dc6acde2bfd1?s=96&d=mm&r=g","caption":"Rayuelainfancia"}}]}},"_links":{"self":[{"href":"https:\/\/www.rayuelainfancia.com\/blog\/wp-json\/wp\/v2\/posts\/5054"}],"collection":[{"href":"https:\/\/www.rayuelainfancia.com\/blog\/wp-json\/wp\/v2\/posts"}],"about":[{"href":"https:\/\/www.rayuelainfancia.com\/blog\/wp-json\/wp\/v2\/types\/post"}],"author":[{"embeddable":true,"href":"https:\/\/www.rayuelainfancia.com\/blog\/wp-json\/wp\/v2\/users\/6"}],"replies":[{"embeddable":true,"href":"https:\/\/www.rayuelainfancia.com\/blog\/wp-json\/wp\/v2\/comments?post=5054"}],"version-history":[{"count":1,"href":"https:\/\/www.rayuelainfancia.com\/blog\/wp-json\/wp\/v2\/posts\/5054\/revisions"}],"predecessor-version":[{"id":5057,"href":"https:\/\/www.rayuelainfancia.com\/blog\/wp-json\/wp\/v2\/posts\/5054\/revisions\/5057"}],"wp:featuredmedia":[{"embeddable":true,"href":"https:\/\/www.rayuelainfancia.com\/blog\/wp-json\/wp\/v2\/media\/5056"}],"wp:attachment":[{"href":"https:\/\/www.rayuelainfancia.com\/blog\/wp-json\/wp\/v2\/media?parent=5054"}],"wp:term":[{"taxonomy":"category","embeddable":true,"href":"https:\/\/www.rayuelainfancia.com\/blog\/wp-json\/wp\/v2\/categories?post=5054"},{"taxonomy":"post_tag","embeddable":true,"href":"https:\/\/www.rayuelainfancia.com\/blog\/wp-json\/wp\/v2\/tags?post=5054"}],"curies":[{"name":"wp","href":"https:\/\/api.w.org\/{rel}","templated":true}]}}