 {"id":5041,"date":"2023-04-05T19:25:12","date_gmt":"2023-04-05T17:25:12","guid":{"rendered":"https:\/\/www.rayuelainfancia.com\/blog\/?p=5041"},"modified":"2023-06-01T10:59:46","modified_gmt":"2023-06-01T08:59:46","slug":"lara-meana-en-rayuela","status":"publish","type":"post","link":"https:\/\/www.rayuelainfancia.com\/blog\/lara-meana-en-rayuela\/","title":{"rendered":"LARA MEANA EN RAYUELA"},"content":{"rendered":"<p>\u00a1Consigue tu libro firmado por Lara Meana! El <strong>jueves 13 de Abril a las 19:30h.<\/strong> tendremos el gustito de tener con nosotros a <strong>Lara Meana en Rayuela<\/strong>, autora del \u00e1lbum ilustrado editado por Thule, <a href=\"https:\/\/www.rayuelainfancia.com\/album-ilustrado\/791864-maya-y-selou.html\">Maya y Selou. Selou y Maya<\/a>.<!--more--><\/p>\n<h2>Lara Meana en Rayuela<\/h2>\n<p><strong>Lara Meana<\/strong> es autora de este \u00e1lbum ilustrado, <a href=\"https:\/\/www.rayuelainfancia.com\/album-ilustrado\/791864-maya-y-selou.html\">Maya y Selou. Selou y Maya<\/a> adem\u00e1s de librera archiconocida, fundadora de <a href=\"https:\/\/elbosquedelamagacolibri.es\/\">El bosque de la Maga Colibr\u00ed<\/a>.<\/p>\n<p><img loading=\"lazy\" class=\"alignnone wp-image-5044 size-full\" src=\"http:\/\/www.rayuelainfancia.com\/blog\/wp-content\/uploads\/2023\/04\/lara-meana-.png\" alt=\"Lara Meana en Rayuela \" width=\"940\" height=\"788\" srcset=\"https:\/\/www.rayuelainfancia.com\/blog\/wp-content\/uploads\/2023\/04\/lara-meana-.png 940w, https:\/\/www.rayuelainfancia.com\/blog\/wp-content\/uploads\/2023\/04\/lara-meana--300x251.png 300w, https:\/\/www.rayuelainfancia.com\/blog\/wp-content\/uploads\/2023\/04\/lara-meana--768x644.png 768w\" sizes=\"(max-width: 940px) 100vw, 940px\" \/><\/p>\n<p>Es una oportunidad para todas y todos los que quer\u00e1is acercaros a conocerla y si el d\u00eda no os encaja, pod\u00e9is dejar el <a href=\"https:\/\/www.rayuelainfancia.com\/album-ilustrado\/791864-maya-y-selou.html\"><b>libro reservado para firma<\/b><\/a>. Ya nos encargamos en Rayuela de darle tu recado. \u00a1Ah! tambi\u00e9n podemos envi\u00e1rtelo firmado a donde quieras, solo tienes que comprarlo a trav\u00e9s de <a href=\"http:\/\/www.rayuelainfancia.com\">www.rayuelainfancia.com<\/a> pinchando en este enlace de <a href=\"https:\/\/www.rayuelainfancia.com\/album-ilustrado\/791864-maya-y-selou.html\"><strong>aqu\u00ed<\/strong><\/a>.<\/p>\n<p>Os dejamos m\u00e1s informaci\u00f3n sobre \u00abMaya y Selou\u00bb\u00a0 en esta<a href=\"https:\/\/unperiodistaenelbolsillo.com\/maria-pascual-maya-selou\/\"> interesante y extensa rese\u00f1a<\/a> que le hizo un periodista en el bolsillo a su ilustradora, <a href=\"http:\/\/www.mariapascualdelatorre.com\/\">Mar\u00eda Pascual de la Torre<\/a>.<\/p>\n<p>&nbsp;<\/p>\n","protected":false},"excerpt":{"rendered":"<p>\u00a1Consigue tu libro firmado por Lara Meana! El jueves 13 de Abril a las 19:30h. tendremos el gustito de tener con nosotros a Lara Meana en Rayuela, autora del \u00e1lbum ilustrado editado por Thule, Maya y Selou. Selou y Maya.<\/p>\n","protected":false},"author":6,"featured_media":5046,"comment_status":"open","ping_status":"open","sticky":false,"template":"","format":"standard","meta":[],"categories":[18,21],"tags":[37,71,51,30,74,113,68,150,50,70,33,140],"yoast_head":"<!-- This site is optimized with the Yoast SEO plugin v18.5.1 - https:\/\/yoast.com\/wordpress\/plugins\/seo\/ -->\n<title>LARA MEANA EN RAYUELA &#8902; Blog de Rayuelainfancia<\/title>\n<meta name=\"description\" content=\"\u00a1Consigue tu libro firmado! El jueves 13 de Abril a las 19:30h. tendremos el gustito de tener con nosotros a Lara Meana en Rayuela\" \/>\n<meta name=\"robots\" content=\"index, follow, max-snippet:-1, max-image-preview:large, max-video-preview:-1\" \/>\n<link rel=\"canonical\" href=\"https:\/\/www.rayuelainfancia.com\/blog\/lara-meana-en-rayuela\/\" \/>\n<meta property=\"og:locale\" content=\"es_ES\" \/>\n<meta property=\"og:type\" content=\"article\" \/>\n<meta property=\"og:title\" content=\"LARA MEANA EN RAYUELA &#8902; Blog de Rayuelainfancia\" \/>\n<meta property=\"og:description\" content=\"\u00a1Consigue tu libro firmado! El jueves 13 de Abril a las 19:30h. tendremos el gustito de tener con nosotros a Lara Meana en Rayuela\" \/>\n<meta property=\"og:url\" content=\"https:\/\/www.rayuelainfancia.com\/blog\/lara-meana-en-rayuela\/\" \/>\n<meta property=\"og:site_name\" content=\"Blog de Rayuelainfancia\" \/>\n<meta property=\"article:publisher\" content=\"https:\/\/www.facebook.com\/pages\/Librer\u00eda-Rayuela\/251861686361\" \/>\n<meta property=\"article:published_time\" content=\"2023-04-05T17:25:12+00:00\" \/>\n<meta property=\"article:modified_time\" content=\"2023-06-01T08:59:46+00:00\" \/>\n<meta property=\"og:image\" content=\"http:\/\/www.rayuelainfancia.com\/blog\/wp-content\/uploads\/2023\/04\/blog-lara-meana-.png\" \/>\n\t<meta property=\"og:image:width\" content=\"750\" \/>\n\t<meta property=\"og:image:height\" content=\"410\" \/>\n\t<meta property=\"og:image:type\" content=\"image\/png\" \/>\n<meta name=\"twitter:card\" content=\"summary\" \/>\n<meta name=\"twitter:creator\" content=\"@Rayuelainfancia\" \/>\n<meta name=\"twitter:site\" content=\"@Rayuelainfancia\" \/>\n<meta name=\"twitter:label1\" content=\"Written by\" \/>\n\t<meta name=\"twitter:data1\" content=\"Rayuelainfancia\" \/>\n\t<meta name=\"twitter:label2\" content=\"Est. reading time\" \/>\n\t<meta name=\"twitter:data2\" content=\"1 minuto\" \/>\n<script type=\"application\/ld+json\" class=\"yoast-schema-graph\">{\"@context\":\"https:\/\/schema.org\",\"@graph\":[{\"@type\":\"Organization\",\"@id\":\"https:\/\/www.rayuelainfancia.com\/blog\/#organization\",\"name\":\"Rayuelainfancia\",\"url\":\"https:\/\/www.rayuelainfancia.com\/blog\/\",\"sameAs\":[\"https:\/\/www.facebook.com\/pages\/Librer\u00eda-Rayuela\/251861686361\",\"https:\/\/www.youtube.com\/channel\/UCddVaoDjpTp-DexyEVoyazQ\",\"https:\/\/twitter.com\/Rayuelainfancia\"],\"logo\":{\"@type\":\"ImageObject\",\"@id\":\"https:\/\/www.rayuelainfancia.com\/blog\/#logo\",\"inLanguage\":\"es\",\"url\":\"https:\/\/www.rayuelainfancia.com\/blog\/wp-content\/uploads\/2018\/06\/logo-rayuelainfancia-color-corporativo.png\",\"contentUrl\":\"https:\/\/www.rayuelainfancia.com\/blog\/wp-content\/uploads\/2018\/06\/logo-rayuelainfancia-color-corporativo.png\",\"width\":1200,\"height\":680,\"caption\":\"Rayuelainfancia\"},\"image\":{\"@id\":\"https:\/\/www.rayuelainfancia.com\/blog\/#logo\"}},{\"@type\":\"WebSite\",\"@id\":\"https:\/\/www.rayuelainfancia.com\/blog\/#website\",\"url\":\"https:\/\/www.rayuelainfancia.com\/blog\/\",\"name\":\"Blog de Rayuelainfancia\",\"description\":\"Libros infantiles y juegos educaticos respestuosos con la infancia\",\"publisher\":{\"@id\":\"https:\/\/www.rayuelainfancia.com\/blog\/#organization\"},\"potentialAction\":[{\"@type\":\"SearchAction\",\"target\":{\"@type\":\"EntryPoint\",\"urlTemplate\":\"https:\/\/www.rayuelainfancia.com\/blog\/?s={search_term_string}\"},\"query-input\":\"required name=search_term_string\"}],\"inLanguage\":\"es\"},{\"@type\":\"ImageObject\",\"@id\":\"https:\/\/www.rayuelainfancia.com\/blog\/lara-meana-en-rayuela\/#primaryimage\",\"inLanguage\":\"es\",\"url\":\"https:\/\/www.rayuelainfancia.com\/blog\/wp-content\/uploads\/2023\/04\/blog-lara-meana-.png\",\"contentUrl\":\"https:\/\/www.rayuelainfancia.com\/blog\/wp-content\/uploads\/2023\/04\/blog-lara-meana-.png\",\"width\":750,\"height\":410},{\"@type\":\"WebPage\",\"@id\":\"https:\/\/www.rayuelainfancia.com\/blog\/lara-meana-en-rayuela\/#webpage\",\"url\":\"https:\/\/www.rayuelainfancia.com\/blog\/lara-meana-en-rayuela\/\",\"name\":\"LARA MEANA EN RAYUELA &#8902; Blog de Rayuelainfancia\",\"isPartOf\":{\"@id\":\"https:\/\/www.rayuelainfancia.com\/blog\/#website\"},\"primaryImageOfPage\":{\"@id\":\"https:\/\/www.rayuelainfancia.com\/blog\/lara-meana-en-rayuela\/#primaryimage\"},\"datePublished\":\"2023-04-05T17:25:12+00:00\",\"dateModified\":\"2023-06-01T08:59:46+00:00\",\"description\":\"\u00a1Consigue tu libro firmado! El jueves 13 de Abril a las 19:30h. tendremos el gustito de tener con nosotros a Lara Meana en Rayuela\",\"breadcrumb\":{\"@id\":\"https:\/\/www.rayuelainfancia.com\/blog\/lara-meana-en-rayuela\/#breadcrumb\"},\"inLanguage\":\"es\",\"potentialAction\":[{\"@type\":\"ReadAction\",\"target\":[\"https:\/\/www.rayuelainfancia.com\/blog\/lara-meana-en-rayuela\/\"]}]},{\"@type\":\"BreadcrumbList\",\"@id\":\"https:\/\/www.rayuelainfancia.com\/blog\/lara-meana-en-rayuela\/#breadcrumb\",\"itemListElement\":[{\"@type\":\"ListItem\",\"position\":1,\"name\":\"Portada\",\"item\":\"https:\/\/www.rayuelainfancia.com\/blog\/\"},{\"@type\":\"ListItem\",\"position\":2,\"name\":\"LARA MEANA EN RAYUELA\"}]},{\"@type\":\"Article\",\"@id\":\"https:\/\/www.rayuelainfancia.com\/blog\/lara-meana-en-rayuela\/#article\",\"isPartOf\":{\"@id\":\"https:\/\/www.rayuelainfancia.com\/blog\/lara-meana-en-rayuela\/#webpage\"},\"author\":{\"@id\":\"https:\/\/www.rayuelainfancia.com\/blog\/#\/schema\/person\/c1aff250c5154e35f53f26d0eba10c45\"},\"headline\":\"LARA MEANA EN RAYUELA\",\"datePublished\":\"2023-04-05T17:25:12+00:00\",\"dateModified\":\"2023-06-01T08:59:46+00:00\",\"mainEntityOfPage\":{\"@id\":\"https:\/\/www.rayuelainfancia.com\/blog\/lara-meana-en-rayuela\/#webpage\"},\"wordCount\":175,\"commentCount\":0,\"publisher\":{\"@id\":\"https:\/\/www.rayuelainfancia.com\/blog\/#organization\"},\"image\":{\"@id\":\"https:\/\/www.rayuelainfancia.com\/blog\/lara-meana-en-rayuela\/#primaryimage\"},\"thumbnailUrl\":\"https:\/\/www.rayuelainfancia.com\/blog\/wp-content\/uploads\/2023\/04\/blog-lara-meana-.png\",\"keywords\":[\"actividades\",\"actividades para ni\u00f1os\",\"album\",\"\u00e1lbum ilustrado\",\"cultura.\",\"firma\",\"infancia\",\"lara meana\",\"lij\",\"rayuela\",\"sevilla\",\"thule\"],\"articleSection\":[\"Actividades Cuentacuentos\",\"Literatura Infantil\"],\"inLanguage\":\"es\",\"potentialAction\":[{\"@type\":\"CommentAction\",\"name\":\"Comment\",\"target\":[\"https:\/\/www.rayuelainfancia.com\/blog\/lara-meana-en-rayuela\/#respond\"]}]},{\"@type\":\"Person\",\"@id\":\"https:\/\/www.rayuelainfancia.com\/blog\/#\/schema\/person\/c1aff250c5154e35f53f26d0eba10c45\",\"name\":\"Rayuelainfancia\",\"image\":{\"@type\":\"ImageObject\",\"@id\":\"https:\/\/www.rayuelainfancia.com\/blog\/#personlogo\",\"inLanguage\":\"es\",\"url\":\"https:\/\/secure.gravatar.com\/avatar\/8bf03e7a4bb13ca5c7d0dc6acde2bfd1?s=96&d=mm&r=g\",\"contentUrl\":\"https:\/\/secure.gravatar.com\/avatar\/8bf03e7a4bb13ca5c7d0dc6acde2bfd1?s=96&d=mm&r=g\",\"caption\":\"Rayuelainfancia\"}}]}<\/script>\n<!-- \/ Yoast SEO plugin. -->","yoast_head_json":{"title":"LARA MEANA EN RAYUELA &#8902; Blog de Rayuelainfancia","description":"\u00a1Consigue tu libro firmado! El jueves 13 de Abril a las 19:30h. tendremos el gustito de tener con nosotros a Lara Meana en Rayuela","robots":{"index":"index","follow":"follow","max-snippet":"max-snippet:-1","max-image-preview":"max-image-preview:large","max-video-preview":"max-video-preview:-1"},"canonical":"https:\/\/www.rayuelainfancia.com\/blog\/lara-meana-en-rayuela\/","og_locale":"es_ES","og_type":"article","og_title":"LARA MEANA EN RAYUELA &#8902; Blog de Rayuelainfancia","og_description":"\u00a1Consigue tu libro firmado! El jueves 13 de Abril a las 19:30h. tendremos el gustito de tener con nosotros a Lara Meana en Rayuela","og_url":"https:\/\/www.rayuelainfancia.com\/blog\/lara-meana-en-rayuela\/","og_site_name":"Blog de Rayuelainfancia","article_publisher":"https:\/\/www.facebook.com\/pages\/Librer\u00eda-Rayuela\/251861686361","article_published_time":"2023-04-05T17:25:12+00:00","article_modified_time":"2023-06-01T08:59:46+00:00","og_image":[{"width":750,"height":410,"url":"http:\/\/www.rayuelainfancia.com\/blog\/wp-content\/uploads\/2023\/04\/blog-lara-meana-.png","type":"image\/png"}],"twitter_card":"summary","twitter_creator":"@Rayuelainfancia","twitter_site":"@Rayuelainfancia","twitter_misc":{"Written by":"Rayuelainfancia","Est. reading time":"1 minuto"},"schema":{"@context":"https:\/\/schema.org","@graph":[{"@type":"Organization","@id":"https:\/\/www.rayuelainfancia.com\/blog\/#organization","name":"Rayuelainfancia","url":"https:\/\/www.rayuelainfancia.com\/blog\/","sameAs":["https:\/\/www.facebook.com\/pages\/Librer\u00eda-Rayuela\/251861686361","https:\/\/www.youtube.com\/channel\/UCddVaoDjpTp-DexyEVoyazQ","https:\/\/twitter.com\/Rayuelainfancia"],"logo":{"@type":"ImageObject","@id":"https:\/\/www.rayuelainfancia.com\/blog\/#logo","inLanguage":"es","url":"https:\/\/www.rayuelainfancia.com\/blog\/wp-content\/uploads\/2018\/06\/logo-rayuelainfancia-color-corporativo.png","contentUrl":"https:\/\/www.rayuelainfancia.com\/blog\/wp-content\/uploads\/2018\/06\/logo-rayuelainfancia-color-corporativo.png","width":1200,"height":680,"caption":"Rayuelainfancia"},"image":{"@id":"https:\/\/www.rayuelainfancia.com\/blog\/#logo"}},{"@type":"WebSite","@id":"https:\/\/www.rayuelainfancia.com\/blog\/#website","url":"https:\/\/www.rayuelainfancia.com\/blog\/","name":"Blog de Rayuelainfancia","description":"Libros infantiles y juegos educaticos respestuosos con la infancia","publisher":{"@id":"https:\/\/www.rayuelainfancia.com\/blog\/#organization"},"potentialAction":[{"@type":"SearchAction","target":{"@type":"EntryPoint","urlTemplate":"https:\/\/www.rayuelainfancia.com\/blog\/?s={search_term_string}"},"query-input":"required name=search_term_string"}],"inLanguage":"es"},{"@type":"ImageObject","@id":"https:\/\/www.rayuelainfancia.com\/blog\/lara-meana-en-rayuela\/#primaryimage","inLanguage":"es","url":"https:\/\/www.rayuelainfancia.com\/blog\/wp-content\/uploads\/2023\/04\/blog-lara-meana-.png","contentUrl":"https:\/\/www.rayuelainfancia.com\/blog\/wp-content\/uploads\/2023\/04\/blog-lara-meana-.png","width":750,"height":410},{"@type":"WebPage","@id":"https:\/\/www.rayuelainfancia.com\/blog\/lara-meana-en-rayuela\/#webpage","url":"https:\/\/www.rayuelainfancia.com\/blog\/lara-meana-en-rayuela\/","name":"LARA MEANA EN RAYUELA &#8902; Blog de Rayuelainfancia","isPartOf":{"@id":"https:\/\/www.rayuelainfancia.com\/blog\/#website"},"primaryImageOfPage":{"@id":"https:\/\/www.rayuelainfancia.com\/blog\/lara-meana-en-rayuela\/#primaryimage"},"datePublished":"2023-04-05T17:25:12+00:00","dateModified":"2023-06-01T08:59:46+00:00","description":"\u00a1Consigue tu libro firmado! El jueves 13 de Abril a las 19:30h. tendremos el gustito de tener con nosotros a Lara Meana en Rayuela","breadcrumb":{"@id":"https:\/\/www.rayuelainfancia.com\/blog\/lara-meana-en-rayuela\/#breadcrumb"},"inLanguage":"es","potentialAction":[{"@type":"ReadAction","target":["https:\/\/www.rayuelainfancia.com\/blog\/lara-meana-en-rayuela\/"]}]},{"@type":"BreadcrumbList","@id":"https:\/\/www.rayuelainfancia.com\/blog\/lara-meana-en-rayuela\/#breadcrumb","itemListElement":[{"@type":"ListItem","position":1,"name":"Portada","item":"https:\/\/www.rayuelainfancia.com\/blog\/"},{"@type":"ListItem","position":2,"name":"LARA MEANA EN RAYUELA"}]},{"@type":"Article","@id":"https:\/\/www.rayuelainfancia.com\/blog\/lara-meana-en-rayuela\/#article","isPartOf":{"@id":"https:\/\/www.rayuelainfancia.com\/blog\/lara-meana-en-rayuela\/#webpage"},"author":{"@id":"https:\/\/www.rayuelainfancia.com\/blog\/#\/schema\/person\/c1aff250c5154e35f53f26d0eba10c45"},"headline":"LARA MEANA EN RAYUELA","datePublished":"2023-04-05T17:25:12+00:00","dateModified":"2023-06-01T08:59:46+00:00","mainEntityOfPage":{"@id":"https:\/\/www.rayuelainfancia.com\/blog\/lara-meana-en-rayuela\/#webpage"},"wordCount":175,"commentCount":0,"publisher":{"@id":"https:\/\/www.rayuelainfancia.com\/blog\/#organization"},"image":{"@id":"https:\/\/www.rayuelainfancia.com\/blog\/lara-meana-en-rayuela\/#primaryimage"},"thumbnailUrl":"https:\/\/www.rayuelainfancia.com\/blog\/wp-content\/uploads\/2023\/04\/blog-lara-meana-.png","keywords":["actividades","actividades para ni\u00f1os","album","\u00e1lbum ilustrado","cultura.","firma","infancia","lara meana","lij","rayuela","sevilla","thule"],"articleSection":["Actividades Cuentacuentos","Literatura Infantil"],"inLanguage":"es","potentialAction":[{"@type":"CommentAction","name":"Comment","target":["https:\/\/www.rayuelainfancia.com\/blog\/lara-meana-en-rayuela\/#respond"]}]},{"@type":"Person","@id":"https:\/\/www.rayuelainfancia.com\/blog\/#\/schema\/person\/c1aff250c5154e35f53f26d0eba10c45","name":"Rayuelainfancia","image":{"@type":"ImageObject","@id":"https:\/\/www.rayuelainfancia.com\/blog\/#personlogo","inLanguage":"es","url":"https:\/\/secure.gravatar.com\/avatar\/8bf03e7a4bb13ca5c7d0dc6acde2bfd1?s=96&d=mm&r=g","contentUrl":"https:\/\/secure.gravatar.com\/avatar\/8bf03e7a4bb13ca5c7d0dc6acde2bfd1?s=96&d=mm&r=g","caption":"Rayuelainfancia"}}]}},"_links":{"self":[{"href":"https:\/\/www.rayuelainfancia.com\/blog\/wp-json\/wp\/v2\/posts\/5041"}],"collection":[{"href":"https:\/\/www.rayuelainfancia.com\/blog\/wp-json\/wp\/v2\/posts"}],"about":[{"href":"https:\/\/www.rayuelainfancia.com\/blog\/wp-json\/wp\/v2\/types\/post"}],"author":[{"embeddable":true,"href":"https:\/\/www.rayuelainfancia.com\/blog\/wp-json\/wp\/v2\/users\/6"}],"replies":[{"embeddable":true,"href":"https:\/\/www.rayuelainfancia.com\/blog\/wp-json\/wp\/v2\/comments?post=5041"}],"version-history":[{"count":2,"href":"https:\/\/www.rayuelainfancia.com\/blog\/wp-json\/wp\/v2\/posts\/5041\/revisions"}],"predecessor-version":[{"id":5047,"href":"https:\/\/www.rayuelainfancia.com\/blog\/wp-json\/wp\/v2\/posts\/5041\/revisions\/5047"}],"wp:featuredmedia":[{"embeddable":true,"href":"https:\/\/www.rayuelainfancia.com\/blog\/wp-json\/wp\/v2\/media\/5046"}],"wp:attachment":[{"href":"https:\/\/www.rayuelainfancia.com\/blog\/wp-json\/wp\/v2\/media?parent=5041"}],"wp:term":[{"taxonomy":"category","embeddable":true,"href":"https:\/\/www.rayuelainfancia.com\/blog\/wp-json\/wp\/v2\/categories?post=5041"},{"taxonomy":"post_tag","embeddable":true,"href":"https:\/\/www.rayuelainfancia.com\/blog\/wp-json\/wp\/v2\/tags?post=5041"}],"curies":[{"name":"wp","href":"https:\/\/api.w.org\/{rel}","templated":true}]}}