 {"id":4977,"date":"2023-02-20T17:14:56","date_gmt":"2023-02-20T16:14:56","guid":{"rendered":"https:\/\/www.rayuelainfancia.com\/blog\/?p=4977"},"modified":"2023-03-28T20:37:02","modified_gmt":"2023-03-28T18:37:02","slug":"papa-como-se-enroscan-las-caracolas","status":"publish","type":"post","link":"https:\/\/www.rayuelainfancia.com\/blog\/papa-como-se-enroscan-las-caracolas\/","title":{"rendered":"PAP\u00c1, \u00bfC\u00d3MO SE ENROSCAN LAS CARACOLAS?"},"content":{"rendered":"<p>Este <strong>viernes 24 de Febrero a las 18:00h.<\/strong> en Rayuela, te invitamos a la presentaci\u00f3n del libro <em><b>Pap\u00e1, \u00bfc\u00f3mo se enroscan las caracolas? <\/b><\/em>Contaremos con la presencia de su autor, Luisma Escudero, cient\u00edfico que nos llevar\u00e1 de paseo por la ciencia de la mano.<\/p>\n<p><!--more--><\/p>\n<p>Ven a Rayuela y pasa un buen rato con nosotros. La\u00a0 Ciencia ser\u00e1 la protagonista este viernes. Contaremos con <a href=\"https:\/\/kids.jotdown.es\/2020\/08\/27\/luisma-escudero-sin-la-ciencia-todo-seria-diferente-peor\/\"><b>Luisma Escudero<\/b><\/a>, cient\u00edfico, descubridor del escutoide y autor del libro <i><b>Pap\u00e1, \u00bfc\u00f3mo\u00a0se enroscan las caracolas?,<\/b><\/i> editado por Cr\u00edtica e ilustrado por Raquel Gu.<\/p>\n<p>Un libro divulgativo que<strong> acerca la ciencia a ni\u00f1as y a ni\u00f1os<\/strong>. Un delicioso paseo matem\u00e1tico y geom\u00e9trico por la naturaleza que su autor decidi\u00f3 crear para <strong>satisfacer la curiosidad de sus propios hijos<\/strong>. Por ello, Margarita, Ernesto y Luismino le acompa\u00f1ar\u00e1n ese d\u00eda para ayudar a su padre a que la divulgaci\u00f3n sea a\u00fan m\u00e1s cercana.<\/p>\n<p><img loading=\"lazy\" class=\"alignnone size-full wp-image-4979\" src=\"http:\/\/www.rayuelainfancia.com\/blog\/wp-content\/uploads\/2023\/02\/1500x1500_Caracolas17355.jpg\" alt=\"\" width=\"1500\" height=\"1500\" srcset=\"https:\/\/www.rayuelainfancia.com\/blog\/wp-content\/uploads\/2023\/02\/1500x1500_Caracolas17355.jpg 1500w, https:\/\/www.rayuelainfancia.com\/blog\/wp-content\/uploads\/2023\/02\/1500x1500_Caracolas17355-300x300.jpg 300w, https:\/\/www.rayuelainfancia.com\/blog\/wp-content\/uploads\/2023\/02\/1500x1500_Caracolas17355-1024x1024.jpg 1024w, https:\/\/www.rayuelainfancia.com\/blog\/wp-content\/uploads\/2023\/02\/1500x1500_Caracolas17355-150x150.jpg 150w, https:\/\/www.rayuelainfancia.com\/blog\/wp-content\/uploads\/2023\/02\/1500x1500_Caracolas17355-768x768.jpg 768w, https:\/\/www.rayuelainfancia.com\/blog\/wp-content\/uploads\/2023\/02\/1500x1500_Caracolas17355-60x60.jpg 60w\" sizes=\"(max-width: 1500px) 100vw, 1500px\" \/><\/p>\n<p>Un evento dirigido a todas las familias y otros interesados. Entendemos que, no solo, pero gustar\u00e1 m\u00e1s a <strong>ni\u00f1as y a ni\u00f1os desde los 6 a los 106<\/strong> a\u00f1os de edad.<\/p>\n<p>\u00a1No se lo pierdan!<\/p>\n","protected":false},"excerpt":{"rendered":"<p>Este viernes 24 de Febrero a las 18:00h. en Rayuela, te invitamos a la presentaci\u00f3n del libro Pap\u00e1, \u00bfc\u00f3mo se enroscan las caracolas? Contaremos con la presencia de su autor, Luisma Escudero, cient\u00edfico que nos llevar\u00e1 de paseo por la ciencia de la mano.<\/p>\n","protected":false},"author":6,"featured_media":4980,"comment_status":"open","ping_status":"open","sticky":false,"template":"","format":"standard","meta":[],"categories":[18,21],"tags":[129,128,121,130,125,126,124,127,33],"yoast_head":"<!-- This site is optimized with the Yoast SEO plugin v18.5.1 - https:\/\/yoast.com\/wordpress\/plugins\/seo\/ -->\n<title>PAP\u00c1, \u00bfC\u00d3MO SE ENROSCAN LAS CARACOLAS? &#8902; Blog de Rayuelainfancia<\/title>\n<meta name=\"description\" content=\"Este viernes 24 de Febrero a las 18:00h. en Rayuela, te invitamos a la presentaci\u00f3n del libro: Pap\u00e1, c\u00f3mo se enroscan las caracolas? \u00a1Vente!\" \/>\n<meta name=\"robots\" content=\"index, follow, max-snippet:-1, max-image-preview:large, max-video-preview:-1\" \/>\n<link rel=\"canonical\" href=\"https:\/\/www.rayuelainfancia.com\/blog\/papa-como-se-enroscan-las-caracolas\/\" \/>\n<meta property=\"og:locale\" content=\"es_ES\" \/>\n<meta property=\"og:type\" content=\"article\" \/>\n<meta property=\"og:title\" content=\"PAP\u00c1, \u00bfC\u00d3MO SE ENROSCAN LAS CARACOLAS? &#8902; Blog de Rayuelainfancia\" \/>\n<meta property=\"og:description\" content=\"Este viernes 24 de Febrero a las 18:00h. en Rayuela, te invitamos a la presentaci\u00f3n del libro: Pap\u00e1, c\u00f3mo se enroscan las caracolas? \u00a1Vente!\" \/>\n<meta property=\"og:url\" content=\"https:\/\/www.rayuelainfancia.com\/blog\/papa-como-se-enroscan-las-caracolas\/\" \/>\n<meta property=\"og:site_name\" content=\"Blog de Rayuelainfancia\" \/>\n<meta property=\"article:publisher\" content=\"https:\/\/www.facebook.com\/pages\/Librer\u00eda-Rayuela\/251861686361\" \/>\n<meta property=\"article:published_time\" content=\"2023-02-20T16:14:56+00:00\" \/>\n<meta property=\"article:modified_time\" content=\"2023-03-28T18:37:02+00:00\" \/>\n<meta property=\"og:image\" content=\"http:\/\/www.rayuelainfancia.com\/blog\/wp-content\/uploads\/2023\/02\/blog.png\" \/>\n\t<meta property=\"og:image:width\" content=\"750\" \/>\n\t<meta property=\"og:image:height\" content=\"410\" \/>\n\t<meta property=\"og:image:type\" content=\"image\/png\" \/>\n<meta name=\"twitter:card\" content=\"summary\" \/>\n<meta name=\"twitter:creator\" content=\"@Rayuelainfancia\" \/>\n<meta name=\"twitter:site\" content=\"@Rayuelainfancia\" \/>\n<meta name=\"twitter:label1\" content=\"Written by\" \/>\n\t<meta name=\"twitter:data1\" content=\"Rayuelainfancia\" \/>\n\t<meta name=\"twitter:label2\" content=\"Est. reading time\" \/>\n\t<meta name=\"twitter:data2\" content=\"1 minuto\" \/>\n<script type=\"application\/ld+json\" class=\"yoast-schema-graph\">{\"@context\":\"https:\/\/schema.org\",\"@graph\":[{\"@type\":\"Organization\",\"@id\":\"https:\/\/www.rayuelainfancia.com\/blog\/#organization\",\"name\":\"Rayuelainfancia\",\"url\":\"https:\/\/www.rayuelainfancia.com\/blog\/\",\"sameAs\":[\"https:\/\/www.facebook.com\/pages\/Librer\u00eda-Rayuela\/251861686361\",\"https:\/\/www.youtube.com\/channel\/UCddVaoDjpTp-DexyEVoyazQ\",\"https:\/\/twitter.com\/Rayuelainfancia\"],\"logo\":{\"@type\":\"ImageObject\",\"@id\":\"https:\/\/www.rayuelainfancia.com\/blog\/#logo\",\"inLanguage\":\"es\",\"url\":\"https:\/\/www.rayuelainfancia.com\/blog\/wp-content\/uploads\/2018\/06\/logo-rayuelainfancia-color-corporativo.png\",\"contentUrl\":\"https:\/\/www.rayuelainfancia.com\/blog\/wp-content\/uploads\/2018\/06\/logo-rayuelainfancia-color-corporativo.png\",\"width\":1200,\"height\":680,\"caption\":\"Rayuelainfancia\"},\"image\":{\"@id\":\"https:\/\/www.rayuelainfancia.com\/blog\/#logo\"}},{\"@type\":\"WebSite\",\"@id\":\"https:\/\/www.rayuelainfancia.com\/blog\/#website\",\"url\":\"https:\/\/www.rayuelainfancia.com\/blog\/\",\"name\":\"Blog de Rayuelainfancia\",\"description\":\"Libros infantiles y juegos educaticos respestuosos con la infancia\",\"publisher\":{\"@id\":\"https:\/\/www.rayuelainfancia.com\/blog\/#organization\"},\"potentialAction\":[{\"@type\":\"SearchAction\",\"target\":{\"@type\":\"EntryPoint\",\"urlTemplate\":\"https:\/\/www.rayuelainfancia.com\/blog\/?s={search_term_string}\"},\"query-input\":\"required name=search_term_string\"}],\"inLanguage\":\"es\"},{\"@type\":\"ImageObject\",\"@id\":\"https:\/\/www.rayuelainfancia.com\/blog\/papa-como-se-enroscan-las-caracolas\/#primaryimage\",\"inLanguage\":\"es\",\"url\":\"https:\/\/www.rayuelainfancia.com\/blog\/wp-content\/uploads\/2023\/02\/blog.png\",\"contentUrl\":\"https:\/\/www.rayuelainfancia.com\/blog\/wp-content\/uploads\/2023\/02\/blog.png\",\"width\":750,\"height\":410},{\"@type\":\"WebPage\",\"@id\":\"https:\/\/www.rayuelainfancia.com\/blog\/papa-como-se-enroscan-las-caracolas\/#webpage\",\"url\":\"https:\/\/www.rayuelainfancia.com\/blog\/papa-como-se-enroscan-las-caracolas\/\",\"name\":\"PAP\u00c1, \u00bfC\u00d3MO SE ENROSCAN LAS CARACOLAS? &#8902; Blog de Rayuelainfancia\",\"isPartOf\":{\"@id\":\"https:\/\/www.rayuelainfancia.com\/blog\/#website\"},\"primaryImageOfPage\":{\"@id\":\"https:\/\/www.rayuelainfancia.com\/blog\/papa-como-se-enroscan-las-caracolas\/#primaryimage\"},\"datePublished\":\"2023-02-20T16:14:56+00:00\",\"dateModified\":\"2023-03-28T18:37:02+00:00\",\"description\":\"Este viernes 24 de Febrero a las 18:00h. en Rayuela, te invitamos a la presentaci\u00f3n del libro: Pap\u00e1, c\u00f3mo se enroscan las caracolas? \u00a1Vente!\",\"breadcrumb\":{\"@id\":\"https:\/\/www.rayuelainfancia.com\/blog\/papa-como-se-enroscan-las-caracolas\/#breadcrumb\"},\"inLanguage\":\"es\",\"potentialAction\":[{\"@type\":\"ReadAction\",\"target\":[\"https:\/\/www.rayuelainfancia.com\/blog\/papa-como-se-enroscan-las-caracolas\/\"]}]},{\"@type\":\"BreadcrumbList\",\"@id\":\"https:\/\/www.rayuelainfancia.com\/blog\/papa-como-se-enroscan-las-caracolas\/#breadcrumb\",\"itemListElement\":[{\"@type\":\"ListItem\",\"position\":1,\"name\":\"Portada\",\"item\":\"https:\/\/www.rayuelainfancia.com\/blog\/\"},{\"@type\":\"ListItem\",\"position\":2,\"name\":\"PAP\u00c1, \u00bfC\u00d3MO SE ENROSCAN LAS CARACOLAS?\"}]},{\"@type\":\"Article\",\"@id\":\"https:\/\/www.rayuelainfancia.com\/blog\/papa-como-se-enroscan-las-caracolas\/#article\",\"isPartOf\":{\"@id\":\"https:\/\/www.rayuelainfancia.com\/blog\/papa-como-se-enroscan-las-caracolas\/#webpage\"},\"author\":{\"@id\":\"https:\/\/www.rayuelainfancia.com\/blog\/#\/schema\/person\/c1aff250c5154e35f53f26d0eba10c45\"},\"headline\":\"PAP\u00c1, \u00bfC\u00d3MO SE ENROSCAN LAS CARACOLAS?\",\"datePublished\":\"2023-02-20T16:14:56+00:00\",\"dateModified\":\"2023-03-28T18:37:02+00:00\",\"mainEntityOfPage\":{\"@id\":\"https:\/\/www.rayuelainfancia.com\/blog\/papa-como-se-enroscan-las-caracolas\/#webpage\"},\"wordCount\":203,\"commentCount\":0,\"publisher\":{\"@id\":\"https:\/\/www.rayuelainfancia.com\/blog\/#organization\"},\"image\":{\"@id\":\"https:\/\/www.rayuelainfancia.com\/blog\/papa-como-se-enroscan-las-caracolas\/#primaryimage\"},\"thumbnailUrl\":\"https:\/\/www.rayuelainfancia.com\/blog\/wp-content\/uploads\/2023\/02\/blog.png\",\"keywords\":[\"actividades para peques\",\"biologia\",\"ciencia\",\"ciencia para peques\",\"divulgacion\",\"geometria\",\"libro\",\"matematicas\",\"sevilla\"],\"articleSection\":[\"Actividades Cuentacuentos\",\"Literatura Infantil\"],\"inLanguage\":\"es\",\"potentialAction\":[{\"@type\":\"CommentAction\",\"name\":\"Comment\",\"target\":[\"https:\/\/www.rayuelainfancia.com\/blog\/papa-como-se-enroscan-las-caracolas\/#respond\"]}]},{\"@type\":\"Person\",\"@id\":\"https:\/\/www.rayuelainfancia.com\/blog\/#\/schema\/person\/c1aff250c5154e35f53f26d0eba10c45\",\"name\":\"Rayuelainfancia\",\"image\":{\"@type\":\"ImageObject\",\"@id\":\"https:\/\/www.rayuelainfancia.com\/blog\/#personlogo\",\"inLanguage\":\"es\",\"url\":\"https:\/\/secure.gravatar.com\/avatar\/8bf03e7a4bb13ca5c7d0dc6acde2bfd1?s=96&d=mm&r=g\",\"contentUrl\":\"https:\/\/secure.gravatar.com\/avatar\/8bf03e7a4bb13ca5c7d0dc6acde2bfd1?s=96&d=mm&r=g\",\"caption\":\"Rayuelainfancia\"}}]}<\/script>\n<!-- \/ Yoast SEO plugin. -->","yoast_head_json":{"title":"PAP\u00c1, \u00bfC\u00d3MO SE ENROSCAN LAS CARACOLAS? &#8902; Blog de Rayuelainfancia","description":"Este viernes 24 de Febrero a las 18:00h. en Rayuela, te invitamos a la presentaci\u00f3n del libro: Pap\u00e1, c\u00f3mo se enroscan las caracolas? \u00a1Vente!","robots":{"index":"index","follow":"follow","max-snippet":"max-snippet:-1","max-image-preview":"max-image-preview:large","max-video-preview":"max-video-preview:-1"},"canonical":"https:\/\/www.rayuelainfancia.com\/blog\/papa-como-se-enroscan-las-caracolas\/","og_locale":"es_ES","og_type":"article","og_title":"PAP\u00c1, \u00bfC\u00d3MO SE ENROSCAN LAS CARACOLAS? &#8902; Blog de Rayuelainfancia","og_description":"Este viernes 24 de Febrero a las 18:00h. en Rayuela, te invitamos a la presentaci\u00f3n del libro: Pap\u00e1, c\u00f3mo se enroscan las caracolas? \u00a1Vente!","og_url":"https:\/\/www.rayuelainfancia.com\/blog\/papa-como-se-enroscan-las-caracolas\/","og_site_name":"Blog de Rayuelainfancia","article_publisher":"https:\/\/www.facebook.com\/pages\/Librer\u00eda-Rayuela\/251861686361","article_published_time":"2023-02-20T16:14:56+00:00","article_modified_time":"2023-03-28T18:37:02+00:00","og_image":[{"width":750,"height":410,"url":"http:\/\/www.rayuelainfancia.com\/blog\/wp-content\/uploads\/2023\/02\/blog.png","type":"image\/png"}],"twitter_card":"summary","twitter_creator":"@Rayuelainfancia","twitter_site":"@Rayuelainfancia","twitter_misc":{"Written by":"Rayuelainfancia","Est. reading time":"1 minuto"},"schema":{"@context":"https:\/\/schema.org","@graph":[{"@type":"Organization","@id":"https:\/\/www.rayuelainfancia.com\/blog\/#organization","name":"Rayuelainfancia","url":"https:\/\/www.rayuelainfancia.com\/blog\/","sameAs":["https:\/\/www.facebook.com\/pages\/Librer\u00eda-Rayuela\/251861686361","https:\/\/www.youtube.com\/channel\/UCddVaoDjpTp-DexyEVoyazQ","https:\/\/twitter.com\/Rayuelainfancia"],"logo":{"@type":"ImageObject","@id":"https:\/\/www.rayuelainfancia.com\/blog\/#logo","inLanguage":"es","url":"https:\/\/www.rayuelainfancia.com\/blog\/wp-content\/uploads\/2018\/06\/logo-rayuelainfancia-color-corporativo.png","contentUrl":"https:\/\/www.rayuelainfancia.com\/blog\/wp-content\/uploads\/2018\/06\/logo-rayuelainfancia-color-corporativo.png","width":1200,"height":680,"caption":"Rayuelainfancia"},"image":{"@id":"https:\/\/www.rayuelainfancia.com\/blog\/#logo"}},{"@type":"WebSite","@id":"https:\/\/www.rayuelainfancia.com\/blog\/#website","url":"https:\/\/www.rayuelainfancia.com\/blog\/","name":"Blog de Rayuelainfancia","description":"Libros infantiles y juegos educaticos respestuosos con la infancia","publisher":{"@id":"https:\/\/www.rayuelainfancia.com\/blog\/#organization"},"potentialAction":[{"@type":"SearchAction","target":{"@type":"EntryPoint","urlTemplate":"https:\/\/www.rayuelainfancia.com\/blog\/?s={search_term_string}"},"query-input":"required name=search_term_string"}],"inLanguage":"es"},{"@type":"ImageObject","@id":"https:\/\/www.rayuelainfancia.com\/blog\/papa-como-se-enroscan-las-caracolas\/#primaryimage","inLanguage":"es","url":"https:\/\/www.rayuelainfancia.com\/blog\/wp-content\/uploads\/2023\/02\/blog.png","contentUrl":"https:\/\/www.rayuelainfancia.com\/blog\/wp-content\/uploads\/2023\/02\/blog.png","width":750,"height":410},{"@type":"WebPage","@id":"https:\/\/www.rayuelainfancia.com\/blog\/papa-como-se-enroscan-las-caracolas\/#webpage","url":"https:\/\/www.rayuelainfancia.com\/blog\/papa-como-se-enroscan-las-caracolas\/","name":"PAP\u00c1, \u00bfC\u00d3MO SE ENROSCAN LAS CARACOLAS? &#8902; Blog de Rayuelainfancia","isPartOf":{"@id":"https:\/\/www.rayuelainfancia.com\/blog\/#website"},"primaryImageOfPage":{"@id":"https:\/\/www.rayuelainfancia.com\/blog\/papa-como-se-enroscan-las-caracolas\/#primaryimage"},"datePublished":"2023-02-20T16:14:56+00:00","dateModified":"2023-03-28T18:37:02+00:00","description":"Este viernes 24 de Febrero a las 18:00h. en Rayuela, te invitamos a la presentaci\u00f3n del libro: Pap\u00e1, c\u00f3mo se enroscan las caracolas? \u00a1Vente!","breadcrumb":{"@id":"https:\/\/www.rayuelainfancia.com\/blog\/papa-como-se-enroscan-las-caracolas\/#breadcrumb"},"inLanguage":"es","potentialAction":[{"@type":"ReadAction","target":["https:\/\/www.rayuelainfancia.com\/blog\/papa-como-se-enroscan-las-caracolas\/"]}]},{"@type":"BreadcrumbList","@id":"https:\/\/www.rayuelainfancia.com\/blog\/papa-como-se-enroscan-las-caracolas\/#breadcrumb","itemListElement":[{"@type":"ListItem","position":1,"name":"Portada","item":"https:\/\/www.rayuelainfancia.com\/blog\/"},{"@type":"ListItem","position":2,"name":"PAP\u00c1, \u00bfC\u00d3MO SE ENROSCAN LAS CARACOLAS?"}]},{"@type":"Article","@id":"https:\/\/www.rayuelainfancia.com\/blog\/papa-como-se-enroscan-las-caracolas\/#article","isPartOf":{"@id":"https:\/\/www.rayuelainfancia.com\/blog\/papa-como-se-enroscan-las-caracolas\/#webpage"},"author":{"@id":"https:\/\/www.rayuelainfancia.com\/blog\/#\/schema\/person\/c1aff250c5154e35f53f26d0eba10c45"},"headline":"PAP\u00c1, \u00bfC\u00d3MO SE ENROSCAN LAS CARACOLAS?","datePublished":"2023-02-20T16:14:56+00:00","dateModified":"2023-03-28T18:37:02+00:00","mainEntityOfPage":{"@id":"https:\/\/www.rayuelainfancia.com\/blog\/papa-como-se-enroscan-las-caracolas\/#webpage"},"wordCount":203,"commentCount":0,"publisher":{"@id":"https:\/\/www.rayuelainfancia.com\/blog\/#organization"},"image":{"@id":"https:\/\/www.rayuelainfancia.com\/blog\/papa-como-se-enroscan-las-caracolas\/#primaryimage"},"thumbnailUrl":"https:\/\/www.rayuelainfancia.com\/blog\/wp-content\/uploads\/2023\/02\/blog.png","keywords":["actividades para peques","biologia","ciencia","ciencia para peques","divulgacion","geometria","libro","matematicas","sevilla"],"articleSection":["Actividades Cuentacuentos","Literatura Infantil"],"inLanguage":"es","potentialAction":[{"@type":"CommentAction","name":"Comment","target":["https:\/\/www.rayuelainfancia.com\/blog\/papa-como-se-enroscan-las-caracolas\/#respond"]}]},{"@type":"Person","@id":"https:\/\/www.rayuelainfancia.com\/blog\/#\/schema\/person\/c1aff250c5154e35f53f26d0eba10c45","name":"Rayuelainfancia","image":{"@type":"ImageObject","@id":"https:\/\/www.rayuelainfancia.com\/blog\/#personlogo","inLanguage":"es","url":"https:\/\/secure.gravatar.com\/avatar\/8bf03e7a4bb13ca5c7d0dc6acde2bfd1?s=96&d=mm&r=g","contentUrl":"https:\/\/secure.gravatar.com\/avatar\/8bf03e7a4bb13ca5c7d0dc6acde2bfd1?s=96&d=mm&r=g","caption":"Rayuelainfancia"}}]}},"_links":{"self":[{"href":"https:\/\/www.rayuelainfancia.com\/blog\/wp-json\/wp\/v2\/posts\/4977"}],"collection":[{"href":"https:\/\/www.rayuelainfancia.com\/blog\/wp-json\/wp\/v2\/posts"}],"about":[{"href":"https:\/\/www.rayuelainfancia.com\/blog\/wp-json\/wp\/v2\/types\/post"}],"author":[{"embeddable":true,"href":"https:\/\/www.rayuelainfancia.com\/blog\/wp-json\/wp\/v2\/users\/6"}],"replies":[{"embeddable":true,"href":"https:\/\/www.rayuelainfancia.com\/blog\/wp-json\/wp\/v2\/comments?post=4977"}],"version-history":[{"count":2,"href":"https:\/\/www.rayuelainfancia.com\/blog\/wp-json\/wp\/v2\/posts\/4977\/revisions"}],"predecessor-version":[{"id":4981,"href":"https:\/\/www.rayuelainfancia.com\/blog\/wp-json\/wp\/v2\/posts\/4977\/revisions\/4981"}],"wp:featuredmedia":[{"embeddable":true,"href":"https:\/\/www.rayuelainfancia.com\/blog\/wp-json\/wp\/v2\/media\/4980"}],"wp:attachment":[{"href":"https:\/\/www.rayuelainfancia.com\/blog\/wp-json\/wp\/v2\/media?parent=4977"}],"wp:term":[{"taxonomy":"category","embeddable":true,"href":"https:\/\/www.rayuelainfancia.com\/blog\/wp-json\/wp\/v2\/categories?post=4977"},{"taxonomy":"post_tag","embeddable":true,"href":"https:\/\/www.rayuelainfancia.com\/blog\/wp-json\/wp\/v2\/tags?post=4977"}],"curies":[{"name":"wp","href":"https:\/\/api.w.org\/{rel}","templated":true}]}}