 {"id":4937,"date":"2022-12-15T12:01:30","date_gmt":"2022-12-15T11:01:30","guid":{"rendered":"https:\/\/www.rayuelainfancia.com\/blog\/?p=4937"},"modified":"2022-12-16T12:07:01","modified_gmt":"2022-12-16T11:07:01","slug":"premio-libreria-cultural-2022","status":"publish","type":"post","link":"https:\/\/www.rayuelainfancia.com\/blog\/premio-libreria-cultural-2022\/","title":{"rendered":"PREMIO LIBRER\u00cdA CULTURAL 2022"},"content":{"rendered":"<p>Rayuelainfancia ha recibido el <strong>Premio Librer\u00eda Cultural 2022<\/strong>. Un premio nacional que reconoce la labor librera y nuestro recorrido, concedido por Cegal y el Ministerio de Cultura.<!--more--><\/p>\n<p><a href=\"http:\/\/www.rayuelainfancia.com\">Nuestra librer\u00eda<\/a> ha recibido el Premio Librer\u00eda Cultural 2022. Un premio anual que otorga la Confederaci\u00f3n Espa\u00f1ola de Gremios de Librer\u00edas (CEGAL) con el apoyo del Ministerio de Cultura y Deporte.<\/p>\n<p>El jurado ha destacado que \u00abRayuelainfancia ha sido<strong> un referente para todas las librer\u00edas especializadas en infantil<\/strong>. Ha tenido que abrir camino haciendo muchas cosas que ahora se ven normales, pero que cuando empezaron nadie hab\u00eda hecho en su ciudad\u00bb. \u00abLa <strong>actividad cultural<\/strong> de la librer\u00eda galardonada es densa y notoria, <strong>con el ni\u00f1o y el joven en el centro<\/strong> de todas las actividades que desarrollan\u00bb.<\/p>\n<p>&nbsp;<\/p>\n<p><img loading=\"lazy\" class=\"wp-image-4938 aligncenter\" src=\"http:\/\/www.rayuelainfancia.com\/blog\/wp-content\/uploads\/2022\/12\/6993273f-24bb-4f02-9422-0eceddb75770.jpg\" alt=\"\" width=\"556\" height=\"556\" srcset=\"https:\/\/www.rayuelainfancia.com\/blog\/wp-content\/uploads\/2022\/12\/6993273f-24bb-4f02-9422-0eceddb75770.jpg 1024w, https:\/\/www.rayuelainfancia.com\/blog\/wp-content\/uploads\/2022\/12\/6993273f-24bb-4f02-9422-0eceddb75770-300x300.jpg 300w, https:\/\/www.rayuelainfancia.com\/blog\/wp-content\/uploads\/2022\/12\/6993273f-24bb-4f02-9422-0eceddb75770-150x150.jpg 150w, https:\/\/www.rayuelainfancia.com\/blog\/wp-content\/uploads\/2022\/12\/6993273f-24bb-4f02-9422-0eceddb75770-768x768.jpg 768w, https:\/\/www.rayuelainfancia.com\/blog\/wp-content\/uploads\/2022\/12\/6993273f-24bb-4f02-9422-0eceddb75770-60x60.jpg 60w\" sizes=\"(max-width: 556px) 100vw, 556px\" \/><\/p>\n<p>&nbsp;<\/p>\n<p>Sin duda, este especial reconocimiento a nuestro trabajo y a nuestra trayectoria, nos da <strong>nuevas fuerzas para impulsar nuestro proyecto<\/strong>. Sentimos una dulce responsabilidad, no solo por continuar, sino por mantenernos vivos en todos los sentidos. Este Premio nos emociona en primer lugar, porque viene del mundo librero, y eso llena mucho. Y en segundo lugar, porque se ha concedido a una <strong>librer\u00eda especializada en Literatura Infantil y Juvenil,<\/strong> lo que no suele ocurrir con frecuencia.<\/p>\n<p>Despu\u00e9s de 26 a\u00f1os dedicando nuestros esfuerzos a la mediaci\u00f3n lectora, conceder este Premio a una librer\u00eda como la nuestra, supone tambi\u00e9n <strong>poner en valor la literatura y la lectura en la infancia<\/strong>.<\/p>\n<h2>Muchas gracias<\/h2>\n<p>Estamos gratamente <strong>abrumados por la noticia y por las felicitaciones<\/strong> que con cari\u00f1o nos llegan desde todos los rincones del pa\u00eds. Y despu\u00e9s de esto, seguiremos como siempre jugando a la rayuela, partiendo desde abajo, siempre desde abajo, desde la casilla Tierra y emprendiendo el camino hasta el Cielo, esa utop\u00eda necesaria, cambiando la estrategia cuando es necesario. Parando, form\u00e1ndonos, escuchando, intentando mirar m\u00e1s all\u00e1 de nuestras propias narices&#8230;<\/p>\n<blockquote>\n<p style=\"text-align: center;\"><span style=\"color: #339966;\"><strong>Partir del libro que es lo que tenemos,<\/strong><\/span><\/p>\n<p style=\"text-align: center;\"><span style=\"color: #339966;\"><strong>para llegar a la lectura que es lo que nos mueve. <\/strong><\/span><\/p>\n<p style=\"text-align: center;\"><span style=\"color: #339966;\"><strong>De la Tierra al Cielo, <\/strong><\/span><\/p>\n<p style=\"text-align: center;\"><span style=\"color: #339966;\"><strong>del libro a la lectura<\/strong><\/span><\/p>\n<\/blockquote>\n<p>El <strong>equipo Rayuelero al completo<\/strong>, Lola Gallardo y Miguel Escalera, Miguel E.Gallardo, Vannesa Moriana y Laura Guerrero, queremos daros las gracias en may\u00fasculas porque este premio es tambi\u00e9n de todas las lectoras y lectores, grandes y peque\u00f1os, que conf\u00edan en nuestra labor librera.<strong> GRACIAS.<\/strong><\/p>\n<blockquote><p>&nbsp;<\/p><\/blockquote>\n<p><img loading=\"lazy\" class=\"wp-image-4946 aligncenter\" src=\"http:\/\/www.rayuelainfancia.com\/blog\/wp-content\/uploads\/2022\/12\/Muchas-gracias.png\" alt=\"\" width=\"568\" height=\"454\" srcset=\"https:\/\/www.rayuelainfancia.com\/blog\/wp-content\/uploads\/2022\/12\/Muchas-gracias.png 2000w, https:\/\/www.rayuelainfancia.com\/blog\/wp-content\/uploads\/2022\/12\/Muchas-gracias-300x240.png 300w, https:\/\/www.rayuelainfancia.com\/blog\/wp-content\/uploads\/2022\/12\/Muchas-gracias-1024x819.png 1024w, https:\/\/www.rayuelainfancia.com\/blog\/wp-content\/uploads\/2022\/12\/Muchas-gracias-768x614.png 768w, https:\/\/www.rayuelainfancia.com\/blog\/wp-content\/uploads\/2022\/12\/Muchas-gracias-1536x1229.png 1536w\" sizes=\"(max-width: 568px) 100vw, 568px\" \/><\/p>\n<h3>En los medios<\/h3>\n<p>Esta semana salimos en los medios. Compartimos algunos enlaces donde profundizar un poco m\u00e1s sobre <strong>nuestra historia y el significado de este premio<\/strong> tan importante para nosotros:<\/p>\n<p style=\"text-align: center;\"><span style=\"color: #800000;\"><a style=\"color: #800000;\" href=\"https:\/\/www.diariodesevilla.es\/ocio\/premio-libreria-sevillana-Rayuelainfancia-Libreria-Cultural_0_1747025952.html\">La librer\u00eda sevillana Rayuelainfancia, premio librer\u00eda cultural<\/a><\/span><\/p>\n<p style=\"text-align: center;\"><span style=\"color: #800000;\"><a style=\"color: #800000;\" href=\"https:\/\/www.rtve.es\/play\/videos\/noticias-andalucia\/rayuela-premio-libreria-cultural\/6756961\/?locale=ES\">Rayuela, premio librer\u00eda cultural\u00a0<\/a><\/span><\/p>\n<p class=\"site_font title__main_title-3ziG article__title-V0GI color_eta\" style=\"text-align: center;\"><span style=\"color: #800000;\"><a style=\"color: #800000;\" href=\"https:\/\/www.niusdiario.es\/espana\/andalucia\/20221212\/rayuela-infantil-libreria-especializada-ninos-sevilla-premio-cultural-2022_18_08208577.html\">Rayuelainfancia, especializada en ni\u00f1os, premio Librer\u00eda Cultural 2022: \u00abLos distribuidores nos dec\u00edan que era una locura\u00bb<\/a><\/span><\/p>\n<p class=\"title\" style=\"text-align: center;\"><span style=\"color: #800000;\"><a style=\"color: #800000;\" href=\"https:\/\/www.eldiario.es\/andalucia\/lacajanegra\/premio-libreria-cultural-2022-reconoce-trayectoria-sevillana-rayuelainfancia-referente-librerias-especializadas-infantil_1_9785913.html\">El premio Librer\u00eda Cultural 2022 reconoce la trayectoria de la sevillana Rayuelainfancia, \u201cun referente para todas las librer\u00edas infantiles\u201d<\/a><\/span><\/p>\n<p>&nbsp;<\/p>\n<p>&nbsp;<\/p>\n<p>&nbsp;<\/p>\n","protected":false},"excerpt":{"rendered":"<p>Rayuelainfancia ha recibido el Premio Librer\u00eda Cultural 2022. Un premio nacional que reconoce la labor librera y nuestro recorrido, concedido por Cegal y el Ministerio de Cultura.<\/p>\n","protected":false},"author":6,"featured_media":4949,"comment_status":"open","ping_status":"open","sticky":true,"template":"","format":"standard","meta":[],"categories":[21],"tags":[117,115,70,116,33],"yoast_head":"<!-- This site is optimized with the Yoast SEO plugin v18.5.1 - https:\/\/yoast.com\/wordpress\/plugins\/seo\/ -->\n<title>PREMIO LIBRER\u00cdA CULTURAL 2022 &#8902; Blog de Rayuelainfancia<\/title>\n<meta name=\"description\" content=\"Rayuelainfancia ha recibido el Premio Librer\u00eda Cultural 2022. Un premio nacional que reconoce la labor librera y nuestro recorrido\" \/>\n<meta name=\"robots\" content=\"index, follow, max-snippet:-1, max-image-preview:large, max-video-preview:-1\" \/>\n<link rel=\"canonical\" href=\"https:\/\/www.rayuelainfancia.com\/blog\/premio-libreria-cultural-2022\/\" \/>\n<meta property=\"og:locale\" content=\"es_ES\" \/>\n<meta property=\"og:type\" content=\"article\" \/>\n<meta property=\"og:title\" content=\"PREMIO LIBRER\u00cdA CULTURAL 2022 &#8902; Blog de Rayuelainfancia\" \/>\n<meta property=\"og:description\" content=\"Rayuelainfancia ha recibido el Premio Librer\u00eda Cultural 2022. Un premio nacional que reconoce la labor librera y nuestro recorrido\" \/>\n<meta property=\"og:url\" content=\"https:\/\/www.rayuelainfancia.com\/blog\/premio-libreria-cultural-2022\/\" \/>\n<meta property=\"og:site_name\" content=\"Blog de Rayuelainfancia\" \/>\n<meta property=\"article:publisher\" content=\"https:\/\/www.facebook.com\/pages\/Librer\u00eda-Rayuela\/251861686361\" \/>\n<meta property=\"article:published_time\" content=\"2022-12-15T11:01:30+00:00\" \/>\n<meta property=\"article:modified_time\" content=\"2022-12-16T11:07:01+00:00\" \/>\n<meta property=\"og:image\" content=\"http:\/\/www.rayuelainfancia.com\/blog\/wp-content\/uploads\/2022\/12\/banner-blog.png\" \/>\n\t<meta property=\"og:image:width\" content=\"750\" \/>\n\t<meta property=\"og:image:height\" content=\"410\" \/>\n\t<meta property=\"og:image:type\" content=\"image\/png\" \/>\n<meta name=\"twitter:card\" content=\"summary\" \/>\n<meta name=\"twitter:creator\" content=\"@Rayuelainfancia\" \/>\n<meta name=\"twitter:site\" content=\"@Rayuelainfancia\" \/>\n<meta name=\"twitter:label1\" content=\"Written by\" \/>\n\t<meta name=\"twitter:data1\" content=\"Rayuelainfancia\" \/>\n\t<meta name=\"twitter:label2\" content=\"Est. reading time\" \/>\n\t<meta name=\"twitter:data2\" content=\"2 minutos\" \/>\n<script type=\"application\/ld+json\" class=\"yoast-schema-graph\">{\"@context\":\"https:\/\/schema.org\",\"@graph\":[{\"@type\":\"Organization\",\"@id\":\"https:\/\/www.rayuelainfancia.com\/blog\/#organization\",\"name\":\"Rayuelainfancia\",\"url\":\"https:\/\/www.rayuelainfancia.com\/blog\/\",\"sameAs\":[\"https:\/\/www.facebook.com\/pages\/Librer\u00eda-Rayuela\/251861686361\",\"https:\/\/www.youtube.com\/channel\/UCddVaoDjpTp-DexyEVoyazQ\",\"https:\/\/twitter.com\/Rayuelainfancia\"],\"logo\":{\"@type\":\"ImageObject\",\"@id\":\"https:\/\/www.rayuelainfancia.com\/blog\/#logo\",\"inLanguage\":\"es\",\"url\":\"https:\/\/www.rayuelainfancia.com\/blog\/wp-content\/uploads\/2018\/06\/logo-rayuelainfancia-color-corporativo.png\",\"contentUrl\":\"https:\/\/www.rayuelainfancia.com\/blog\/wp-content\/uploads\/2018\/06\/logo-rayuelainfancia-color-corporativo.png\",\"width\":1200,\"height\":680,\"caption\":\"Rayuelainfancia\"},\"image\":{\"@id\":\"https:\/\/www.rayuelainfancia.com\/blog\/#logo\"}},{\"@type\":\"WebSite\",\"@id\":\"https:\/\/www.rayuelainfancia.com\/blog\/#website\",\"url\":\"https:\/\/www.rayuelainfancia.com\/blog\/\",\"name\":\"Blog de Rayuelainfancia\",\"description\":\"Libros infantiles y juegos educaticos respestuosos con la infancia\",\"publisher\":{\"@id\":\"https:\/\/www.rayuelainfancia.com\/blog\/#organization\"},\"potentialAction\":[{\"@type\":\"SearchAction\",\"target\":{\"@type\":\"EntryPoint\",\"urlTemplate\":\"https:\/\/www.rayuelainfancia.com\/blog\/?s={search_term_string}\"},\"query-input\":\"required name=search_term_string\"}],\"inLanguage\":\"es\"},{\"@type\":\"ImageObject\",\"@id\":\"https:\/\/www.rayuelainfancia.com\/blog\/premio-libreria-cultural-2022\/#primaryimage\",\"inLanguage\":\"es\",\"url\":\"https:\/\/www.rayuelainfancia.com\/blog\/wp-content\/uploads\/2022\/12\/banner-blog.png\",\"contentUrl\":\"https:\/\/www.rayuelainfancia.com\/blog\/wp-content\/uploads\/2022\/12\/banner-blog.png\",\"width\":750,\"height\":410},{\"@type\":\"WebPage\",\"@id\":\"https:\/\/www.rayuelainfancia.com\/blog\/premio-libreria-cultural-2022\/#webpage\",\"url\":\"https:\/\/www.rayuelainfancia.com\/blog\/premio-libreria-cultural-2022\/\",\"name\":\"PREMIO LIBRER\u00cdA CULTURAL 2022 &#8902; Blog de Rayuelainfancia\",\"isPartOf\":{\"@id\":\"https:\/\/www.rayuelainfancia.com\/blog\/#website\"},\"primaryImageOfPage\":{\"@id\":\"https:\/\/www.rayuelainfancia.com\/blog\/premio-libreria-cultural-2022\/#primaryimage\"},\"datePublished\":\"2022-12-15T11:01:30+00:00\",\"dateModified\":\"2022-12-16T11:07:01+00:00\",\"description\":\"Rayuelainfancia ha recibido el Premio Librer\u00eda Cultural 2022. Un premio nacional que reconoce la labor librera y nuestro recorrido\",\"breadcrumb\":{\"@id\":\"https:\/\/www.rayuelainfancia.com\/blog\/premio-libreria-cultural-2022\/#breadcrumb\"},\"inLanguage\":\"es\",\"potentialAction\":[{\"@type\":\"ReadAction\",\"target\":[\"https:\/\/www.rayuelainfancia.com\/blog\/premio-libreria-cultural-2022\/\"]}]},{\"@type\":\"BreadcrumbList\",\"@id\":\"https:\/\/www.rayuelainfancia.com\/blog\/premio-libreria-cultural-2022\/#breadcrumb\",\"itemListElement\":[{\"@type\":\"ListItem\",\"position\":1,\"name\":\"Portada\",\"item\":\"https:\/\/www.rayuelainfancia.com\/blog\/\"},{\"@type\":\"ListItem\",\"position\":2,\"name\":\"PREMIO LIBRER\u00cdA CULTURAL 2022\"}]},{\"@type\":\"Article\",\"@id\":\"https:\/\/www.rayuelainfancia.com\/blog\/premio-libreria-cultural-2022\/#article\",\"isPartOf\":{\"@id\":\"https:\/\/www.rayuelainfancia.com\/blog\/premio-libreria-cultural-2022\/#webpage\"},\"author\":{\"@id\":\"https:\/\/www.rayuelainfancia.com\/blog\/#\/schema\/person\/c1aff250c5154e35f53f26d0eba10c45\"},\"headline\":\"PREMIO LIBRER\u00cdA CULTURAL 2022\",\"datePublished\":\"2022-12-15T11:01:30+00:00\",\"dateModified\":\"2022-12-16T11:07:01+00:00\",\"mainEntityOfPage\":{\"@id\":\"https:\/\/www.rayuelainfancia.com\/blog\/premio-libreria-cultural-2022\/#webpage\"},\"wordCount\":494,\"commentCount\":0,\"publisher\":{\"@id\":\"https:\/\/www.rayuelainfancia.com\/blog\/#organization\"},\"image\":{\"@id\":\"https:\/\/www.rayuelainfancia.com\/blog\/premio-libreria-cultural-2022\/#primaryimage\"},\"thumbnailUrl\":\"https:\/\/www.rayuelainfancia.com\/blog\/wp-content\/uploads\/2022\/12\/banner-blog.png\",\"keywords\":[\"cegal\",\"premio librer\u00eda cultural\",\"rayuela\",\"rayuelainfancia\",\"sevilla\"],\"articleSection\":[\"Literatura Infantil\"],\"inLanguage\":\"es\",\"potentialAction\":[{\"@type\":\"CommentAction\",\"name\":\"Comment\",\"target\":[\"https:\/\/www.rayuelainfancia.com\/blog\/premio-libreria-cultural-2022\/#respond\"]}]},{\"@type\":\"Person\",\"@id\":\"https:\/\/www.rayuelainfancia.com\/blog\/#\/schema\/person\/c1aff250c5154e35f53f26d0eba10c45\",\"name\":\"Rayuelainfancia\",\"image\":{\"@type\":\"ImageObject\",\"@id\":\"https:\/\/www.rayuelainfancia.com\/blog\/#personlogo\",\"inLanguage\":\"es\",\"url\":\"https:\/\/secure.gravatar.com\/avatar\/8bf03e7a4bb13ca5c7d0dc6acde2bfd1?s=96&d=mm&r=g\",\"contentUrl\":\"https:\/\/secure.gravatar.com\/avatar\/8bf03e7a4bb13ca5c7d0dc6acde2bfd1?s=96&d=mm&r=g\",\"caption\":\"Rayuelainfancia\"}}]}<\/script>\n<!-- \/ Yoast SEO plugin. -->","yoast_head_json":{"title":"PREMIO LIBRER\u00cdA CULTURAL 2022 &#8902; Blog de Rayuelainfancia","description":"Rayuelainfancia ha recibido el Premio Librer\u00eda Cultural 2022. Un premio nacional que reconoce la labor librera y nuestro recorrido","robots":{"index":"index","follow":"follow","max-snippet":"max-snippet:-1","max-image-preview":"max-image-preview:large","max-video-preview":"max-video-preview:-1"},"canonical":"https:\/\/www.rayuelainfancia.com\/blog\/premio-libreria-cultural-2022\/","og_locale":"es_ES","og_type":"article","og_title":"PREMIO LIBRER\u00cdA CULTURAL 2022 &#8902; Blog de Rayuelainfancia","og_description":"Rayuelainfancia ha recibido el Premio Librer\u00eda Cultural 2022. Un premio nacional que reconoce la labor librera y nuestro recorrido","og_url":"https:\/\/www.rayuelainfancia.com\/blog\/premio-libreria-cultural-2022\/","og_site_name":"Blog de Rayuelainfancia","article_publisher":"https:\/\/www.facebook.com\/pages\/Librer\u00eda-Rayuela\/251861686361","article_published_time":"2022-12-15T11:01:30+00:00","article_modified_time":"2022-12-16T11:07:01+00:00","og_image":[{"width":750,"height":410,"url":"http:\/\/www.rayuelainfancia.com\/blog\/wp-content\/uploads\/2022\/12\/banner-blog.png","type":"image\/png"}],"twitter_card":"summary","twitter_creator":"@Rayuelainfancia","twitter_site":"@Rayuelainfancia","twitter_misc":{"Written by":"Rayuelainfancia","Est. reading time":"2 minutos"},"schema":{"@context":"https:\/\/schema.org","@graph":[{"@type":"Organization","@id":"https:\/\/www.rayuelainfancia.com\/blog\/#organization","name":"Rayuelainfancia","url":"https:\/\/www.rayuelainfancia.com\/blog\/","sameAs":["https:\/\/www.facebook.com\/pages\/Librer\u00eda-Rayuela\/251861686361","https:\/\/www.youtube.com\/channel\/UCddVaoDjpTp-DexyEVoyazQ","https:\/\/twitter.com\/Rayuelainfancia"],"logo":{"@type":"ImageObject","@id":"https:\/\/www.rayuelainfancia.com\/blog\/#logo","inLanguage":"es","url":"https:\/\/www.rayuelainfancia.com\/blog\/wp-content\/uploads\/2018\/06\/logo-rayuelainfancia-color-corporativo.png","contentUrl":"https:\/\/www.rayuelainfancia.com\/blog\/wp-content\/uploads\/2018\/06\/logo-rayuelainfancia-color-corporativo.png","width":1200,"height":680,"caption":"Rayuelainfancia"},"image":{"@id":"https:\/\/www.rayuelainfancia.com\/blog\/#logo"}},{"@type":"WebSite","@id":"https:\/\/www.rayuelainfancia.com\/blog\/#website","url":"https:\/\/www.rayuelainfancia.com\/blog\/","name":"Blog de Rayuelainfancia","description":"Libros infantiles y juegos educaticos respestuosos con la infancia","publisher":{"@id":"https:\/\/www.rayuelainfancia.com\/blog\/#organization"},"potentialAction":[{"@type":"SearchAction","target":{"@type":"EntryPoint","urlTemplate":"https:\/\/www.rayuelainfancia.com\/blog\/?s={search_term_string}"},"query-input":"required name=search_term_string"}],"inLanguage":"es"},{"@type":"ImageObject","@id":"https:\/\/www.rayuelainfancia.com\/blog\/premio-libreria-cultural-2022\/#primaryimage","inLanguage":"es","url":"https:\/\/www.rayuelainfancia.com\/blog\/wp-content\/uploads\/2022\/12\/banner-blog.png","contentUrl":"https:\/\/www.rayuelainfancia.com\/blog\/wp-content\/uploads\/2022\/12\/banner-blog.png","width":750,"height":410},{"@type":"WebPage","@id":"https:\/\/www.rayuelainfancia.com\/blog\/premio-libreria-cultural-2022\/#webpage","url":"https:\/\/www.rayuelainfancia.com\/blog\/premio-libreria-cultural-2022\/","name":"PREMIO LIBRER\u00cdA CULTURAL 2022 &#8902; Blog de Rayuelainfancia","isPartOf":{"@id":"https:\/\/www.rayuelainfancia.com\/blog\/#website"},"primaryImageOfPage":{"@id":"https:\/\/www.rayuelainfancia.com\/blog\/premio-libreria-cultural-2022\/#primaryimage"},"datePublished":"2022-12-15T11:01:30+00:00","dateModified":"2022-12-16T11:07:01+00:00","description":"Rayuelainfancia ha recibido el Premio Librer\u00eda Cultural 2022. Un premio nacional que reconoce la labor librera y nuestro recorrido","breadcrumb":{"@id":"https:\/\/www.rayuelainfancia.com\/blog\/premio-libreria-cultural-2022\/#breadcrumb"},"inLanguage":"es","potentialAction":[{"@type":"ReadAction","target":["https:\/\/www.rayuelainfancia.com\/blog\/premio-libreria-cultural-2022\/"]}]},{"@type":"BreadcrumbList","@id":"https:\/\/www.rayuelainfancia.com\/blog\/premio-libreria-cultural-2022\/#breadcrumb","itemListElement":[{"@type":"ListItem","position":1,"name":"Portada","item":"https:\/\/www.rayuelainfancia.com\/blog\/"},{"@type":"ListItem","position":2,"name":"PREMIO LIBRER\u00cdA CULTURAL 2022"}]},{"@type":"Article","@id":"https:\/\/www.rayuelainfancia.com\/blog\/premio-libreria-cultural-2022\/#article","isPartOf":{"@id":"https:\/\/www.rayuelainfancia.com\/blog\/premio-libreria-cultural-2022\/#webpage"},"author":{"@id":"https:\/\/www.rayuelainfancia.com\/blog\/#\/schema\/person\/c1aff250c5154e35f53f26d0eba10c45"},"headline":"PREMIO LIBRER\u00cdA CULTURAL 2022","datePublished":"2022-12-15T11:01:30+00:00","dateModified":"2022-12-16T11:07:01+00:00","mainEntityOfPage":{"@id":"https:\/\/www.rayuelainfancia.com\/blog\/premio-libreria-cultural-2022\/#webpage"},"wordCount":494,"commentCount":0,"publisher":{"@id":"https:\/\/www.rayuelainfancia.com\/blog\/#organization"},"image":{"@id":"https:\/\/www.rayuelainfancia.com\/blog\/premio-libreria-cultural-2022\/#primaryimage"},"thumbnailUrl":"https:\/\/www.rayuelainfancia.com\/blog\/wp-content\/uploads\/2022\/12\/banner-blog.png","keywords":["cegal","premio librer\u00eda cultural","rayuela","rayuelainfancia","sevilla"],"articleSection":["Literatura Infantil"],"inLanguage":"es","potentialAction":[{"@type":"CommentAction","name":"Comment","target":["https:\/\/www.rayuelainfancia.com\/blog\/premio-libreria-cultural-2022\/#respond"]}]},{"@type":"Person","@id":"https:\/\/www.rayuelainfancia.com\/blog\/#\/schema\/person\/c1aff250c5154e35f53f26d0eba10c45","name":"Rayuelainfancia","image":{"@type":"ImageObject","@id":"https:\/\/www.rayuelainfancia.com\/blog\/#personlogo","inLanguage":"es","url":"https:\/\/secure.gravatar.com\/avatar\/8bf03e7a4bb13ca5c7d0dc6acde2bfd1?s=96&d=mm&r=g","contentUrl":"https:\/\/secure.gravatar.com\/avatar\/8bf03e7a4bb13ca5c7d0dc6acde2bfd1?s=96&d=mm&r=g","caption":"Rayuelainfancia"}}]}},"_links":{"self":[{"href":"https:\/\/www.rayuelainfancia.com\/blog\/wp-json\/wp\/v2\/posts\/4937"}],"collection":[{"href":"https:\/\/www.rayuelainfancia.com\/blog\/wp-json\/wp\/v2\/posts"}],"about":[{"href":"https:\/\/www.rayuelainfancia.com\/blog\/wp-json\/wp\/v2\/types\/post"}],"author":[{"embeddable":true,"href":"https:\/\/www.rayuelainfancia.com\/blog\/wp-json\/wp\/v2\/users\/6"}],"replies":[{"embeddable":true,"href":"https:\/\/www.rayuelainfancia.com\/blog\/wp-json\/wp\/v2\/comments?post=4937"}],"version-history":[{"count":11,"href":"https:\/\/www.rayuelainfancia.com\/blog\/wp-json\/wp\/v2\/posts\/4937\/revisions"}],"predecessor-version":[{"id":4953,"href":"https:\/\/www.rayuelainfancia.com\/blog\/wp-json\/wp\/v2\/posts\/4937\/revisions\/4953"}],"wp:featuredmedia":[{"embeddable":true,"href":"https:\/\/www.rayuelainfancia.com\/blog\/wp-json\/wp\/v2\/media\/4949"}],"wp:attachment":[{"href":"https:\/\/www.rayuelainfancia.com\/blog\/wp-json\/wp\/v2\/media?parent=4937"}],"wp:term":[{"taxonomy":"category","embeddable":true,"href":"https:\/\/www.rayuelainfancia.com\/blog\/wp-json\/wp\/v2\/categories?post=4937"},{"taxonomy":"post_tag","embeddable":true,"href":"https:\/\/www.rayuelainfancia.com\/blog\/wp-json\/wp\/v2\/tags?post=4937"}],"curies":[{"name":"wp","href":"https:\/\/api.w.org\/{rel}","templated":true}]}}